{"id":10031,"date":"2007-10-31T16:48:00","date_gmt":"2007-10-31T16:48:00","guid":{"rendered":"http:\/\/localhost\/thomasvino\/?p=10031"},"modified":"2007-10-31T16:48:00","modified_gmt":"2007-10-31T16:48:00","slug":"tierce-gagnant-trois-gewurztraminer","status":"publish","type":"post","link":"https:\/\/thomasvino.ch\/?p=10031","title":{"rendered":"Tierc\u00e9 gagnant: trois Gewurztraminer"},"content":{"rendered":"<div style=\"text-align: justify;\"><span style=\"font-style: italic;\">Octobre 2007, paru dans <\/span>Cuisine de Saison<br \/><font style=\"font-weight: bold;\" size=\"5\">Bouquet d\u2019\u00e9pices<\/font><br \/>A Neuch\u00e2tel, peut-\u00eatre par nostalgie de la suzerainet\u00e9 prussienne, il a gard\u00e9 ses tr\u00e9mas&nbsp;; dans le Vully, il a perdu ses \u00e9pices et c\u2019est dans le Pays de Vaud qu\u2019on cultive la plus grande surface (12 des 46 hectares) de gewurztraminer en Suisse. <br \/>Trop peu connu, ce blanc aromatique&nbsp;? Aupr\u00e8s des jurys de concours, il a la cote&nbsp;: les trois flacons de cette page ont obtenu des m\u00e9dailles d\u2019or. Celui du Vully fribourgeois, \u00e0 Ljubljana, en Slov\u00e9nie, ce printemps, confirm\u00e9e \u00e0 Expovina, \u00e0 Zurich, le Vaudois, \u00e0 Expovina et le Neuch\u00e2telois, dans sa s\u00e9lection cantonale. Pourtant, on en trouve encore trop peu \u00e0 la carte des restaurants, notamment asiatiques, o\u00f9 le bouquet expansif de rose et de litchi se marie id\u00e9alement \u00e0 des plats d\u00e9licatement \u00e9pic\u00e9s, \u00e0 base de fruits de mer, de volaille ou simplement des sushis\u2026 <br \/>A condition que le vin soit sec&nbsp;! C\u2019est le d\u00e9fi des vins aromatiques&nbsp;: ils promettent davantage au nez qu\u2019en bouche et la tentation est grande de garder un peu de sucre, bon support d\u2019ar\u00f4mes, de l\u2019amigne au viognier. Derri\u00e8re chaque gewurztraminer, il y a donc non seulement une longue histoire, qui remonte au 15\u00e8me si\u00e8cle, au Tyrol du sud \u00e0 cheval entre l\u2019Autriche et l\u2019Italie, en passant par l\u2019Alsace, mais la \u00abpatte\u00bb de chaque vinificateur. Rodrigo Banto, l\u2019\u0153nologue helv\u00e9tico-chilien de la coop\u00e9rative Uvavins, fait vendanger le raisin \u00e0 son pic aromatique, ni trop t\u00f4t (pour une vari\u00e9t\u00e9 pr\u00e9coce), ni trop tard (pour \u00e9viter la surmaturit\u00e9). S\u2019il reste une touche de moelleux dans le vin, cette douceur est compens\u00e9e par l\u2019absence de deuxi\u00e8me fermentation, la malolactique, pour conserver du pep au vin. Dans le Vully fribourgeois, Christian Vessaz fait mac\u00e9rer le raisin \u00e0 froid sur ses peaux, avant une fermentation \u00e0 basse temp\u00e9rature, puis un \u00e9levage en cuve sur lies, afin d\u2019extraire davantage d\u2019ar\u00f4mes, et une seconde fermentation partielle. S\u2019il reste quelques grammes de sucre, tant mieux&nbsp;: le vin d\u00e9veloppe plus de gras, sans perdre son nerf. Enfin, pour Willy Zahnd, caviste au long cours de la Ville de Neuch\u00e2tel, c&#39;est un r\u00eave de quinze ans qui se r\u00e9alise. Son gewurz\u2019, plant\u00e9 \u00e0 Serri\u00e8re, \u00e9tonne les clients depuis deux ans\u2026 Le p\u00e9ch\u00e9 mignon de l\u2019\u0153nologue devient une excellente surprise \u00e0 partager!<br \/>&nbsp;&nbsp;&nbsp;&nbsp;&nbsp;&nbsp;&nbsp;&nbsp;&nbsp; <span style=\"font-weight: bold; font-style: italic;\">&nbsp;&nbsp;&nbsp; &nbsp;&nbsp;&nbsp; Pierre Thomas&nbsp;&nbsp; <\/span>&nbsp;&nbsp;&nbsp; &nbsp;&nbsp;&nbsp; &nbsp;&nbsp;&nbsp; &nbsp;&nbsp;&nbsp;&nbsp;&nbsp;&nbsp;&nbsp;&nbsp;&nbsp;&nbsp;&nbsp;&nbsp;&nbsp;&nbsp;&nbsp;&nbsp;&nbsp;&nbsp;&nbsp;&nbsp;&nbsp;&nbsp;&nbsp; &nbsp;&nbsp;&nbsp; &nbsp;&nbsp;&nbsp; &nbsp;&nbsp;&nbsp;&nbsp;&nbsp;&nbsp;&nbsp;&nbsp;&nbsp; &nbsp;&nbsp;&nbsp; &nbsp;<br \/><span style=\"font-weight: bold;\"><br \/>La C\u00f4te, Gewurztraminer 2005 <\/span><br \/>PRODUCTEUR&nbsp;Caves Cidis SA REGION AOC Vaud CEPAGE gewurztraminer TEMPERATURE DE SERVICE: 13\u00b0 PRIX 15,20 fr. CHEZ Caves Cidis SA, 1131 Tolochenaz (VD), t\u00e9l. 021 804 54 64, <a href=\"http:\/\/www.cidis.ch\/run?iset=1053&amp;refpage=11550&amp;sansframe=tr\">www.cidis.ch<\/a><br \/><span style=\"font-weight: bold;\">Vully, Traminer 2006<\/span><br \/>PRODUCTEUR&nbsp;Cru de l\u2019H\u00f4pital REGION AOC Vully CEPAGE gewurztraminer TEMPERATURE DE SERVICE: 13\u00b0 PRIX&nbsp;18 fr. CHEZ&nbsp;Domaine de la Bourgeoisie de Morat, 1787 M\u00f4tier-Vully (FR), t\u00e9l. 026 673 19 10, <a href=\"http:\/\/www.cru-hopital.ch\/vins.asp\">www.cru-hopital.ch<\/a><br \/><span style=\"font-weight: bold;\">Neuch\u00e2tel, Gew\u00fcrztraminer 2006<\/span><br \/>PRODUCTEUR&nbsp;Caves de la Ville de Neuch\u00e2tel REGION AOC Neuch\u00e2tel CEPAGE gewurztraminer TEMPERATURE DE SERVICE: 13\u00b0 PRIX 18 fr. CHEZ Caves de la Ville, av. Du Peyrou 5, 2000 Neuch\u00e2tel, t\u00e9l. 032 717 76 95, <a href=\"http:\/\/www.cavevillentel.ch\/\">www.cavevillentel.ch<\/a><\/p>\n<\/div>\n","protected":false},"excerpt":{"rendered":"<p>Octobre 2007, paru dans Cuisine de SaisonBouquet d\u2019\u00e9picesA Neuch\u00e2tel, peut-\u00eatre par nostalgie de la suzerainet\u00e9 prussienne, il a gard\u00e9 ses tr\u00e9mas&nbsp;; dans le Vully, il a perdu ses \u00e9pices et c\u2019est dans le Pays de Vaud qu\u2019on cultive la plus grande surface (12 des 46 hectares) de gewurztraminer en Suisse. Trop peu connu, ce blanc [&hellip;]<\/p>\n","protected":false},"author":3,"featured_media":0,"comment_status":"closed","ping_status":"open","sticky":false,"template":"","format":"standard","meta":{"_monsterinsights_skip_tracking":false,"_monsterinsights_sitenote_active":false,"_monsterinsights_sitenote_note":"","_monsterinsights_sitenote_category":0,"jetpack_post_was_ever_published":false,"jetpack_publicize_message":"","jetpack_is_tweetstorm":false,"jetpack_publicize_feature_enabled":true,"jetpack_social_post_already_shared":false,"jetpack_social_options":{"image_generator_settings":{"template":"highway","enabled":false}}},"categories":[29],"tags":[],"jetpack_publicize_connections":[],"yoast_head":"<!-- This site is optimized with the Yoast SEO plugin v20.6 - https:\/\/yoast.com\/wordpress\/plugins\/seo\/ -->\n<title>Tierc\u00e9 gagnant: trois Gewurztraminer - thomasvino<\/title>\n<meta name=\"robots\" content=\"index, follow, max-snippet:-1, max-image-preview:large, max-video-preview:-1\" \/>\n<link rel=\"canonical\" href=\"https:\/\/thomasvino.ch\/?p=10031\" \/>\n<meta property=\"og:locale\" content=\"fr_FR\" \/>\n<meta property=\"og:type\" content=\"article\" \/>\n<meta property=\"og:title\" content=\"Tierc\u00e9 gagnant: trois Gewurztraminer - thomasvino\" \/>\n<meta property=\"og:description\" content=\"Octobre 2007, paru dans Cuisine de SaisonBouquet d\u2019\u00e9picesA Neuch\u00e2tel, peut-\u00eatre par nostalgie de la suzerainet\u00e9 prussienne, il a gard\u00e9 ses tr\u00e9mas&nbsp;; dans le Vully, il a perdu ses \u00e9pices et c\u2019est dans le Pays de Vaud qu\u2019on cultive la plus grande surface (12 des 46 hectares) de gewurztraminer en Suisse. Trop peu connu, ce blanc [&hellip;]\" \/>\n<meta property=\"og:url\" content=\"https:\/\/thomasvino.ch\/?p=10031\" \/>\n<meta property=\"og:site_name\" content=\"thomasvino\" \/>\n<meta property=\"article:published_time\" content=\"2007-10-31T16:48:00+00:00\" \/>\n<meta name=\"author\" content=\"Pierre Thomas\" \/>\n<meta name=\"twitter:label1\" content=\"\u00c9crit par\" \/>\n\t<meta name=\"twitter:data1\" content=\"Pierre Thomas\" \/>\n\t<meta name=\"twitter:label2\" content=\"Dur\u00e9e de lecture estim\u00e9e\" \/>\n\t<meta name=\"twitter:data2\" content=\"3 minutes\" \/>\n<script type=\"application\/ld+json\" class=\"yoast-schema-graph\">{\"@context\":\"https:\/\/schema.org\",\"@graph\":[{\"@type\":\"WebPage\",\"@id\":\"https:\/\/thomasvino.ch\/?p=10031\",\"url\":\"https:\/\/thomasvino.ch\/?p=10031\",\"name\":\"Tierc\u00e9 gagnant: trois Gewurztraminer - thomasvino\",\"isPartOf\":{\"@id\":\"https:\/\/thomasvino.ch\/#website\"},\"datePublished\":\"2007-10-31T16:48:00+00:00\",\"dateModified\":\"2007-10-31T16:48:00+00:00\",\"author\":{\"@id\":\"https:\/\/thomasvino.ch\/#\/schema\/person\/670bf4486fe81152cf1d68bd585e062e\"},\"breadcrumb\":{\"@id\":\"https:\/\/thomasvino.ch\/?p=10031#breadcrumb\"},\"inLanguage\":\"fr-FR\",\"potentialAction\":[{\"@type\":\"ReadAction\",\"target\":[\"https:\/\/thomasvino.ch\/?p=10031\"]}]},{\"@type\":\"BreadcrumbList\",\"@id\":\"https:\/\/thomasvino.ch\/?p=10031#breadcrumb\",\"itemListElement\":[{\"@type\":\"ListItem\",\"position\":1,\"name\":\"Accueil\",\"item\":\"https:\/\/thomasvino.ch\/\"},{\"@type\":\"ListItem\",\"position\":2,\"name\":\"Tierc\u00e9 gagnant: trois Gewurztraminer\"}]},{\"@type\":\"WebSite\",\"@id\":\"https:\/\/thomasvino.ch\/#website\",\"url\":\"https:\/\/thomasvino.ch\/\",\"name\":\"thomasvino\",\"description\":\"Vins &amp; Gastronomie\",\"potentialAction\":[{\"@type\":\"SearchAction\",\"target\":{\"@type\":\"EntryPoint\",\"urlTemplate\":\"https:\/\/thomasvino.ch\/?s={search_term_string}\"},\"query-input\":\"required name=search_term_string\"}],\"inLanguage\":\"fr-FR\"},{\"@type\":\"Person\",\"@id\":\"https:\/\/thomasvino.ch\/#\/schema\/person\/670bf4486fe81152cf1d68bd585e062e\",\"name\":\"Pierre Thomas\",\"image\":{\"@type\":\"ImageObject\",\"inLanguage\":\"fr-FR\",\"@id\":\"https:\/\/thomasvino.ch\/#\/schema\/person\/image\/\",\"url\":\"https:\/\/secure.gravatar.com\/avatar\/91fd5a76647f140e53db987a0dead4d7?s=96&d=mm&r=g\",\"contentUrl\":\"https:\/\/secure.gravatar.com\/avatar\/91fd5a76647f140e53db987a0dead4d7?s=96&d=mm&r=g\",\"caption\":\"Pierre Thomas\"},\"url\":\"https:\/\/thomasvino.ch\/?author=3\"}]}<\/script>\n<!-- \/ Yoast SEO plugin. -->","yoast_head_json":{"title":"Tierc\u00e9 gagnant: trois Gewurztraminer - thomasvino","robots":{"index":"index","follow":"follow","max-snippet":"max-snippet:-1","max-image-preview":"max-image-preview:large","max-video-preview":"max-video-preview:-1"},"canonical":"https:\/\/thomasvino.ch\/?p=10031","og_locale":"fr_FR","og_type":"article","og_title":"Tierc\u00e9 gagnant: trois Gewurztraminer - thomasvino","og_description":"Octobre 2007, paru dans Cuisine de SaisonBouquet d\u2019\u00e9picesA Neuch\u00e2tel, peut-\u00eatre par nostalgie de la suzerainet\u00e9 prussienne, il a gard\u00e9 ses tr\u00e9mas&nbsp;; dans le Vully, il a perdu ses \u00e9pices et c\u2019est dans le Pays de Vaud qu\u2019on cultive la plus grande surface (12 des 46 hectares) de gewurztraminer en Suisse. Trop peu connu, ce blanc [&hellip;]","og_url":"https:\/\/thomasvino.ch\/?p=10031","og_site_name":"thomasvino","article_published_time":"2007-10-31T16:48:00+00:00","author":"Pierre Thomas","twitter_misc":{"\u00c9crit par":"Pierre Thomas","Dur\u00e9e de lecture estim\u00e9e":"3 minutes"},"schema":{"@context":"https:\/\/schema.org","@graph":[{"@type":"WebPage","@id":"https:\/\/thomasvino.ch\/?p=10031","url":"https:\/\/thomasvino.ch\/?p=10031","name":"Tierc\u00e9 gagnant: trois Gewurztraminer - thomasvino","isPartOf":{"@id":"https:\/\/thomasvino.ch\/#website"},"datePublished":"2007-10-31T16:48:00+00:00","dateModified":"2007-10-31T16:48:00+00:00","author":{"@id":"https:\/\/thomasvino.ch\/#\/schema\/person\/670bf4486fe81152cf1d68bd585e062e"},"breadcrumb":{"@id":"https:\/\/thomasvino.ch\/?p=10031#breadcrumb"},"inLanguage":"fr-FR","potentialAction":[{"@type":"ReadAction","target":["https:\/\/thomasvino.ch\/?p=10031"]}]},{"@type":"BreadcrumbList","@id":"https:\/\/thomasvino.ch\/?p=10031#breadcrumb","itemListElement":[{"@type":"ListItem","position":1,"name":"Accueil","item":"https:\/\/thomasvino.ch\/"},{"@type":"ListItem","position":2,"name":"Tierc\u00e9 gagnant: trois Gewurztraminer"}]},{"@type":"WebSite","@id":"https:\/\/thomasvino.ch\/#website","url":"https:\/\/thomasvino.ch\/","name":"thomasvino","description":"Vins &amp; Gastronomie","potentialAction":[{"@type":"SearchAction","target":{"@type":"EntryPoint","urlTemplate":"https:\/\/thomasvino.ch\/?s={search_term_string}"},"query-input":"required name=search_term_string"}],"inLanguage":"fr-FR"},{"@type":"Person","@id":"https:\/\/thomasvino.ch\/#\/schema\/person\/670bf4486fe81152cf1d68bd585e062e","name":"Pierre Thomas","image":{"@type":"ImageObject","inLanguage":"fr-FR","@id":"https:\/\/thomasvino.ch\/#\/schema\/person\/image\/","url":"https:\/\/secure.gravatar.com\/avatar\/91fd5a76647f140e53db987a0dead4d7?s=96&d=mm&r=g","contentUrl":"https:\/\/secure.gravatar.com\/avatar\/91fd5a76647f140e53db987a0dead4d7?s=96&d=mm&r=g","caption":"Pierre Thomas"},"url":"https:\/\/thomasvino.ch\/?author=3"}]}},"jetpack_featured_media_url":"","jetpack_sharing_enabled":true,"jetpack_shortlink":"https:\/\/wp.me\/p3m4tZ-2BN","jetpack_likes_enabled":false,"jetpack-related-posts":[{"id":9431,"url":"https:\/\/thomasvino.ch\/?p=9431","url_meta":{"origin":10031,"position":0},"title":"Toujours plus (et trop!) de concours en Suisse","date":"30 ao\u00fbt 2012","format":false,"excerpt":"Mondial du chasselas, des pinots, du merlot, Grand Prix du Vin suisse L\u2019\u00e9t\u00e9 de tous les concours Mondial du Chasselas, Expovina, Grand Prix du Vin Suisse, en attendant les r\u00e9sultats du Mondial des Pinots et du Merlot. Les concours se multiplient et les m\u00e9dailles pleuvent sur le vignoble suisse. Par\u2026","rel":"","context":"Dans &quot;Tendance&quot;","img":{"alt_text":"","src":"","width":0,"height":0},"classes":[]},{"id":14928,"url":"https:\/\/thomasvino.ch\/?p=14928","url_meta":{"origin":10031,"position":1},"title":"Bonne bouche \u2014 La finesse avant l&rsquo;\u00e9pice","date":"9 mars 2018","format":false,"excerpt":"Rubrique \u00abbonne bouche\u00bb, par Pierre Thomas La M\u00e9moire des Vins suisses est une association qui a pour objectif de tester le potentiel de garde des vins suisses. Dans ce qu\u2019on appelle son \u00abtr\u00e9sor\u00bb, elle conserve plusieurs mill\u00e9simes d\u2019une cinquantaine de vins renomm\u00e9s de tout le pays. Ceux-ci sont r\u00e9guli\u00e8rement d\u00e9gust\u00e9s.\u2026","rel":"","context":"Dans &quot;Bonne bouche \u2014 encore!&quot;","img":{"alt_text":"","src":"https:\/\/i0.wp.com\/thomasvino.ch\/wp-content\/uploads\/2018\/02\/traminer.jpg?resize=350%2C200&ssl=1","width":350,"height":200},"classes":[]},{"id":8738,"url":"https:\/\/thomasvino.ch\/?p=8738","url_meta":{"origin":10031,"position":2},"title":"Vaud \u2014 Le Vully, vignoble charni\u00e8re","date":"19 mai 2008","format":false,"excerpt":"Dossier paru dans le magazine VINUM en allemand et en fran\u00e7ais, printemps 2008.D\u00e9gustation de trois vins et bonnes adresses en fin de texte.Le Vully,vignoble charni\u00e8rePour l\u2019Office du tourisme d\u2019Avenches, c\u2019est un \u00abpetit paradis\u00bb. Pour celui de Morat, au bord du lac homonyme se pr\u00e9lasse la \u00abRiviera fribourgeoise\u00bb. Coup de sonde\u2026","rel":"","context":"Dans &quot;Vins suisses&quot;","img":{"alt_text":"","src":"","width":0,"height":0},"classes":[]},{"id":9449,"url":"https:\/\/thomasvino.ch\/?p=9449","url_meta":{"origin":10031,"position":3},"title":"Le Vully bien servi en 2012","date":"23 septembre 2012","format":false,"excerpt":"Le Vully bien servi (en m\u00e9dailles) en 2012 Le Fribourgeois Jean-Daniel Chervet, \u00abvigneron suisse de l'ann\u00e9e 2012\u00bb? Pourquoi pas? Cela d\u00e9pend du nombre des vins qu'il a pr\u00e9sent\u00e9s et de leur classement au Grand Prix du Vin Suisse. Bien que d\u00e9gust\u00e9s en juin d\u00e9j\u00e0, les vins victorieux et les vignerons\u2026","rel":"","context":"Dans &quot;Actus - News&quot;","img":{"alt_text":"","src":"","width":0,"height":0},"classes":[]},{"id":15248,"url":"https:\/\/thomasvino.ch\/?p=15248","url_meta":{"origin":10031,"position":4},"title":"Vibrant Vully","date":"20 ao\u00fbt 2018","format":false,"excerpt":"On se gargarise volontiers d\u2019\u0153notourisme \u00e0 tout va... Il y en a qui en font comme Monsieur Jourdain, de la prose\u00a0: sans le savoir. Depuis 18 ans, Jean-Claude Hurni, sous le couvert de sa ferme-cave \u00e0 vins, dans le Vully, organise un \u00abfestival\u00bb \u00e0 Chenevi\u00e8res-sur-Sc\u00e8ne. Par Pierre Thomas Dix fois,\u2026","rel":"","context":"Dans &quot;Carte Postale&quot;","img":{"alt_text":"","src":"https:\/\/i0.wp.com\/thomasvino.ch\/wp-content\/uploads\/2018\/08\/IMG_6195-300x225.jpg?resize=350%2C200&ssl=1","width":350,"height":200},"classes":[]},{"id":8877,"url":"https:\/\/thomasvino.ch\/?p=8877","url_meta":{"origin":10031,"position":5},"title":"Vully \u2014 Le dossier sp\u00e9cial du Guillon","date":"19 avril 2009","format":false,"excerpt":"Dossier paru dans Le Guillon, no printemps-\u00e9t\u00e9 2009Les excentriques du VullyPar Pierre ThomasAu Vully, les Fribourgeois ont la faveur de leur canton\u00a0: avec 100 hectares, c\u2019est le plus vaste vignoble du plus petit des producteurs romands. Les Vaudois, eux, ne cultivent que 50 hectares, soit 1,3% des vignes du deuxi\u00e8me\u2026","rel":"","context":"Dans &quot;Vins suisses&quot;","img":{"alt_text":"","src":"","width":0,"height":0},"classes":[]}],"_links":{"self":[{"href":"https:\/\/thomasvino.ch\/index.php?rest_route=\/wp\/v2\/posts\/10031"}],"collection":[{"href":"https:\/\/thomasvino.ch\/index.php?rest_route=\/wp\/v2\/posts"}],"about":[{"href":"https:\/\/thomasvino.ch\/index.php?rest_route=\/wp\/v2\/types\/post"}],"author":[{"embeddable":true,"href":"https:\/\/thomasvino.ch\/index.php?rest_route=\/wp\/v2\/users\/3"}],"replies":[{"embeddable":true,"href":"https:\/\/thomasvino.ch\/index.php?rest_route=%2Fwp%2Fv2%2Fcomments&post=10031"}],"version-history":[{"count":0,"href":"https:\/\/thomasvino.ch\/index.php?rest_route=\/wp\/v2\/posts\/10031\/revisions"}],"wp:attachment":[{"href":"https:\/\/thomasvino.ch\/index.php?rest_route=%2Fwp%2Fv2%2Fmedia&parent=10031"}],"wp:term":[{"taxonomy":"category","embeddable":true,"href":"https:\/\/thomasvino.ch\/index.php?rest_route=%2Fwp%2Fv2%2Fcategories&post=10031"},{"taxonomy":"post_tag","embeddable":true,"href":"https:\/\/thomasvino.ch\/index.php?rest_route=%2Fwp%2Fv2%2Ftags&post=10031"}],"curies":[{"name":"wp","href":"https:\/\/api.w.org\/{rel}","templated":true}]}}