{"id":10134,"date":"2009-06-24T15:42:00","date_gmt":"2009-06-24T14:42:00","guid":{"rendered":"http:\/\/www.thomasvino.ch\/wp\/?p=10134"},"modified":"2013-03-14T23:23:44","modified_gmt":"2013-03-14T22:23:44","slug":"quelques-beaux-vins-2008-vaudois-et-valaisans-2","status":"publish","type":"post","link":"https:\/\/thomasvino.ch\/?p=10134","title":{"rendered":"Quelques beaux vins 2008, vaudois et valaisans"},"content":{"rendered":"<h1>Vins valaisans et vaudois<\/h1>\n<h2>Les meilleures cuv\u00e9es 2008<\/h2>\n<p><strong>Ce printemps, les deux plus grands cantons viticoles, Valais et Vaud, ont organis\u00e9 leurs s\u00e9lections. Si ces concours ne servent plus de pr\u00e9s\u00e9lection au Grand Prix du Vin Suisse (<em>lire en fin de fichier<\/em>), ils permettent de d\u00e9gager quelques tendances.<\/strong><br \/>\nPar Pierre Thomas<\/p>\n<p>Seul le Valais conna\u00eet encore deux sessions de d\u00e9gustation, au printemps et en automne. Organis\u00e9es par l\u2019Interprofession de la vigne et du vin, elles sont un excellent barom\u00e8tre du mill\u00e9sime. Une lente maturation du raisin et des vendanges tardives l\u2019avaient laiss\u00e9 supposer : le mill\u00e9sime 2008 allait \u00eatre remarquable en Valais. Sortis de cave, les vins blancs comme les rouges tiennent leurs promesses. C\u2019est vrai d\u2019abord pour les <span style=\"font-weight: bold; font-style: italic;\">Fendants<\/span>. Le Chasselas a fortement diminu\u00e9 en Valais, ces derni\u00e8res ann\u00e9es, mais le blanc traditionnel reste la fiert\u00e9 des vignerons, comme <span style=\"font-weight: bold;\">Jean-Daniel Favre (La Tornale)<\/span>, \u00e0 Chamoson ou <span style=\"font-weight: bold;\">Andr\u00e9 Fontannaz (La Madeleine)<\/span>, \u00e0 V\u00e9troz, tandis que les grandes caves, <span style=\"font-weight: bold;\">Orsat \u00e0 Martigny (Primus Classicus)<\/span> et <span style=\"font-weight: bold;\">Provins-Valais (Fendant de St-L\u00e9onard, Ma\u00eetre de Chais)<\/span>, ont sign\u00e9 de belles r\u00e9ussites.<\/p>\n<p>Petits vignerons, grandes caves:<\/p>\n<p>beaux vins pour tous !<\/p>\n<p>On oppose parfois le talent des vignerons-encaveurs \u00e0 la qualit\u00e9 \u2014 suppos\u00e9e \u2014 uniforme des grandes caves. Les d\u00e9gustations \u00e0 l\u2019aveugle d\u00e9jouent cet antagonisme. Les uns et les autres peuvent r\u00e9ussir de beaux vins, surtout dans \u00ables sp\u00e9cialit\u00e9s\u00bb. Frisant les 90 points sur 100, les <span style=\"font-weight: bold; font-style: italic;\">Petites Arvines<\/span> du <span style=\"font-weight: bold;\">Ch\u00e2teau Lichten<\/span>, des fr\u00e8res Jean-Bernard et Dominique <span style=\"font-weight: bold;\">Rouvinez<\/span>, et de <span style=\"font-weight: bold;\">Charles Bonvin Fils SA<\/span> sortent du lot : cela tombe bien, puisque les premiers, de Sierre, ont rachet\u00e9 le second, de Sion, en juin. Mais l\u2019ind\u00e9pendance des deux maisons est assur\u00e9e. Pour le m\u00eame c\u00e9page, d\u2019une grande complexit\u00e9 aromatique en 2008, <span style=\"font-weight: bold;\">Diego Mathier, du Nouveau Salquenen<\/span>, signe une belle Arvine de Molignon, Les Pyramides, comme le plus ancien vigneron-encaveur du Valais, la <span style=\"font-weight: bold;\">Cave de la Pleine-Lune, de Christian Crittin<\/span>, \u00e0 Saint-Pierre-de-Clages.<\/p>\n<p>Les concours confirment des habitu\u00e9s de ce genre de joutes, comme le Sierrois <span style=\"font-weight: bold;\">Robert Taramarcaz<\/span> (<span style=\"font-weight: bold;\">Domaine des Muses<\/span>, <span style=\"font-weight: bold; font-style: italic;\">Petite Arvine<\/span> et <span style=\"font-weight: bold; font-style: italic;\">Heida<\/span>, tous les deux de la ligne Tradition), les fr\u00e8res <span style=\"font-weight: bold;\">Antoine et Christophe B\u00e9trisey<\/span>, de Saint-L\u00e9onard (<span style=\"font-weight: bold; font-style: italic;\">Humagne rouge<\/span> Sauvage et <span style=\"font-weight: bold; font-style: italic;\">Cornalin 2007<\/span>) et, subtils \u00e9leveurs de vins blancs en barriques, les <span style=\"font-weight: bold;\">Fr\u00e8res Philippoz<\/span>, \u00e0 Leytron (<span style=\"font-weight: bold; font-style: italic;\">Humagne blanche<\/span> et <span style=\"font-weight: bold; font-style: italic;\">Pa\u00efen<\/span>, tous deux en f\u00fbts de ch\u00eane). Signe que les concours attirent de plus en plus, <span style=\"font-weight: bold;\">Didier Joris<\/span>, de Chamoson, a r\u00e9ussi un r\u00e9sultat en or avec son <span style=\"font-weight: bold; font-style: italic;\">Pa\u00efen, Gentil Blanc<\/span>, vif et puissant.<\/p>\n<p>Des monoc\u00e9pages valaisans, exclusivement<\/p>\n<p>Pour les <span style=\"font-weight: bold; font-style: italic;\">Humagnes rouges<\/span>, on retrouve au plus haut niveau, <span style=\"font-weight: bold;\">Maurice Gay SA<\/span> \u00e0 Chamoson (Les Mazots) et le domaine traditionnel <span style=\"font-weight: bold;\">Defayes &amp; Crettenand<\/span>, \u00e0 Leytron, tandis que les <span style=\"font-weight: bold; font-style: italic;\">Cornalins<\/span> consacrent tant les <span style=\"font-weight: bold;\">fr\u00e8res Rouvinez<\/span>, avec le Montibeux (domaine ex-Orsat, reconverti de Fendant en Cornalin), que <span style=\"font-weight: bold;\">Daniel Magliocco<\/span>, vigneron-encaveur confirm\u00e9 de Chamoson, et <span style=\"font-weight: bold;\">Pierre-Luc Remondeulaz<\/span>, du m\u00eame village \u2014 nouveau pr\u00e9sident du Caveau des vignerons \u2014, en constante progression. Dans les <span style=\"font-weight: bold; font-style: italic;\">Syrahs<\/span>, tant <span style=\"font-weight: bold;\">Robert Gilliard SA<\/span>, \u00e0 Sion (cuv\u00e9e S\u00e9lection), qu\u2019<span style=\"font-weight: bold;\">Orsat<\/span> (Primus Classicus) ou <span style=\"font-weight: bold;\">Fernand Cina SA<\/span>, \u00e0 Salgesch (R\u00e9serve du Caveau) ont sign\u00e9 de beaux vins. Et les <span style=\"font-weight: bold; font-style: italic;\">Amignes de V\u00e9troz<\/span> confirment des vignerons \u00abdu dehors\u00bb, comme <span style=\"font-weight: bold;\">Gilbert Devayes<\/span>, de Leytron, et <span style=\"font-weight: bold;\">Provins-Valais <\/span>(ligne Grand M\u00e9tral). En Valais, l\u2019accent est mis sur les c\u00e9pages purs et embl\u00e9matiques du Vieux-Pays, \u00e0 l\u2019exclusion des c\u00e9pages internationaux ou des assemblages.<\/p>\n<p>Les assemblages vaudois en barriques brillent<\/p>\n<p>Ce sont justement les <span style=\"font-weight: bold; font-style: italic;\">assemblages rouges<\/span> qui brillent dans le canton de Vaud ! Le palmar\u00e8s ne sera d\u00e9voil\u00e9 que le 21 juillet \u00e0 Gstaad, o\u00f9 l\u2019Office des vins vaudois sponsorise l\u2019Open de tennis. Mais on sait d\u00e9j\u00e0 que quelques cuv\u00e9es rouges ont \u00e9t\u00e9 bien not\u00e9es, comme celle Des Druides 2007, du <span style=\"font-weight: bold;\">Domaine Delaharpe<\/span>, \u00e0 Vinzel, ou la Symphonie no 4, de <span style=\"font-weight: bold;\">C\u00e9dric Albiez et P.-A. Meylan<\/span> \u00e0 Mont-sur-Rolle, qui affiche une combinaison rare (\u00e0 La C\u00f4te !) de Syrah, Diolinoir et Merlot, avec du Marselan, tandis que Le Bernardin, d\u2019<span style=\"font-weight: bold;\">Uvavins<\/span>, \u00e0 Tolochenaz ne r\u00e9v\u00e8le pas sa composition. Le chef de cuisine Bernard Ravet, qui concocte cette cuv\u00e9e, en reste au \u00abvin myst\u00e8re\u00bb.<\/p>\n<p>Quelques <span style=\"font-weight: bold; font-style: italic;\">Gamarets<\/span> purs (<span style=\"font-weight: bold;\">Ren\u00e9 Taurrian, \u00e0 Perroy<\/span>) et m\u00eal\u00e9s \u00e0 du <span style=\"font-weight: bold; font-style: italic;\">Garanoir<\/span> (Bertrand de Mestral, marque de <span style=\"font-weight: bold;\">Bourgeois<\/span>, donc d\u2019Uvavins, et Les Gu\u00e9rites, de la <span style=\"font-weight: bold;\">Ville de Morges<\/span>) sont bien class\u00e9s ; tous ces rouges sont du mill\u00e9sime 2007 et ont pass\u00e9 pr\u00e8s d\u2019un an en barriques, un \u00e9levage qui tend \u00e0 se g\u00e9n\u00e9raliser pour les rouges vaudois. C\u2019est vrai aussi pour le <span style=\"font-weight: bold; font-style: italic;\">Pinot noir<\/span>\u2026 et celui de l\u2019<span style=\"font-weight: bold;\">Association vinicole d\u2019Aigle<\/span>, comme le Vin des Crois\u00e9s, de la <span style=\"font-weight: bold;\">Cave de Bonvillars<\/span>, se signalent.<\/p>\n<p>Dans des rayons diff\u00e9rents, mais o\u00f9 les vins vaudois montrent leur diversit\u00e9, le <span style=\"font-weight: bold; font-style: italic;\">mousseux<\/span> Brut Blanc 2005, d\u2019<span style=\"font-weight: bold;\">Henri Cruchon<\/span>, \u00e0 Echichens, \u00abmanipul\u00e9\u00bb par Daniel Marendaz \u00e0 Mathod, est remarquable, comme la <span style=\"font-weight: bold; font-style: italic;\">vendange tardive<\/span> Elixir de <span style=\"font-weight: bold;\">Hammel SA<\/span>, \u00e0 Rolle, et trois vins blancs de 2008 surprenants, le <span style=\"font-weight: bold; font-style: italic;\">Sauvignon blanc<\/span> de <span style=\"font-weight: bold;\">Cidis<\/span> (Uvavins) \u00e0 Tolochenaz, le rare <span style=\"font-weight: bold; font-style: italic;\">Chenin<\/span>, de <span style=\"font-weight: bold;\">Philippe Bovet<\/span> \u00e0 Givrins et l\u2019<span style=\"font-weight: bold; font-style: italic;\">Auxerrois<\/span> de <span style=\"font-weight: bold;\">Jean-Luc Rochat<\/span>, \u00e0 Etoy.<\/p>\n<p>Des chasselas de toute provenance<\/p>\n<p>Mais c\u2019est \u00e9videmment dans le <span style=\"font-weight: bold; font-style: italic;\">Chasselas<\/span> que les vins vaudois se distinguent : les Vaudois en cultivent d\u00e9sormais deux fois et demi plus que les Valaisans (2360 ha contre 1070 ha). Toutes les r\u00e9gions sont bien repr\u00e9sent\u00e9es, avec deux <span style=\"font-weight: bold; font-style: italic;\">F\u00e9chys<\/span> des <span style=\"font-weight: bold;\">fr\u00e8res Kursner<\/span> (En Vanel et Cru du Brez), deux repr\u00e9sentants de l\u2019<span style=\"font-weight: bold;\">Union vinicole de Cully<\/span> (Epesses Le Replan et Villette Cuv\u00e9e des Helv\u00e8tes), vinifi\u00e9s encore par Franco Bianco, qui a rejoint d\u00e9sormais Patrick Fonjallaz, \u00e0 Epesses, trois <span style=\"font-weight: bold; font-style: italic;\">D\u00e9zaleys<\/span>, La Gruyre (2008), de<span style=\"font-weight: bold;\"> Hegg et fils<\/span>, \u00e0 Epesses, le Clos des Abbayes (2007) de la <span style=\"font-weight: bold;\">Ville de Lausanne<\/span> et le magnifique Chenalettaz (2007) de <span style=\"font-weight: bold;\">Jean-Fran\u00e7ois Chevalley<\/span>, \u00e0 Cully. Pour le Chablais, l\u2019<span style=\"font-weight: bold;\">Association vinicole d\u2019Aigle<\/span> joue plac\u00e9e avec son Merveille des Roches 2008, celle d\u2019<span style=\"font-weight: bold;\">Yvorne,<\/span> avec une cuv\u00e9e Vieilles Vignes (2007) de la <span style=\"font-weight: bold; font-style: italic;\">collection Vigne d\u2019Or<\/span>, supervis\u00e9e par Philippe Corthay, et <span style=\"font-weight: bold;\">Obrist<\/span>, \u00e0 Yvorne aussi, avec le Clos du Rocher 2008.<\/p>\n<p>Des confirmations davantage que des r\u00e9v\u00e9lations, mais la d\u00e9monstration que les valeurs demeurent s\u00fbres dans le vignoble vaudois, malgr\u00e9 le chamboulement des AOC, d\u00e9cid\u00e9 par le Conseil d\u2019Etat en juin, mais qui prendra effet aux vendanges 2009 et m\u00eame au-del\u00e0 pour les premiers grands crus, renvoy\u00e9s \u00e0 2010, au plus t\u00f4t.<\/p>\n<p>R\u00e9sultats complets<\/p>\n<p><a style=\"font-weight: bold;\" href=\"http:\/\/www.lesvinsduvalais.ch\/fr\/index.php\">www.lesvinsduvalais.ch <\/a><\/p>\n<p>et <a style=\"font-weight: bold;\" href=\"http:\/\/www.ovv.ch\/f\/degustations\/\">www.ovv.ch<\/a><\/p>\n<p>&nbsp;<\/p>\n<p>GPVS : parti de z\u00e9ro<\/p>\n<p>Fin juin s\u2019est d\u00e9roul\u00e9 \u00e0 Sierre le quatri\u00e8me <span style=\"font-weight: bold;\">Grand Prix du Vin Suisse (GPVS)<\/span>. Il a succ\u00e9d\u00e9 au Concours national, dont les s\u00e9lections cantonales servaient de qualifications. Depuis quatre ans, les producteurs doivent s\u2019inscrire directement pour le GPVS. Pour 2009, l\u2019augmentation des \u00e9chantillons soumis aux jur\u00e9s de Sierre a augment\u00e9 de 20%, soit 2130 vins de 471 producteurs provenant de toute la Suisse. Les vins rouges (986) sont un peu plus nombreux que les blancs (869), traduisant ainsi la mutation du vignoble helv\u00e9tique. Onze cat\u00e9gories sont en jeu, dont une pour chasselas (344 vins) et une pour le pinot noir (319 vins). VINEA \u00e0 Sierre et le magazine <span style=\"font-style: italic;\">Vinum<\/span>, coorganisateurs du concours, tiennent les r\u00e9sultats secrets jusqu\u2019au 23 octobre, date du Gala du Vin Suisse, \u00e0 Berne. Les 66 vins finalistes seront d\u00e9voil\u00e9s avant la proclamation de ce palmar\u00e8s, mais pas les trois meilleurs vins de chaquecat\u00e9gorie.<\/p>\n<p><a style=\"font-weight: bold;\" href=\"http:\/\/www.grandprixduvinsuisse.ch\/index_fr.html\">www.grandprixduvinsuisse.ch<\/a><\/p>\n<p>\u00a9thomasvino.com<\/p>\n","protected":false},"excerpt":{"rendered":"<p>Vins valaisans et vaudois Les meilleures cuv\u00e9es 2008 Ce printemps, les deux plus grands cantons viticoles, Valais et Vaud, ont organis\u00e9 leurs s\u00e9lections. Si ces concours ne servent plus de pr\u00e9s\u00e9lection au Grand Prix du Vin Suisse (lire en fin de fichier), ils permettent de d\u00e9gager quelques tendances. Par Pierre Thomas Seul le Valais conna\u00eet [&hellip;]<\/p>\n","protected":false},"author":3,"featured_media":0,"comment_status":"open","ping_status":"open","sticky":false,"template":"","format":"standard","meta":{"_monsterinsights_skip_tracking":false,"_monsterinsights_sitenote_active":false,"_monsterinsights_sitenote_note":"","_monsterinsights_sitenote_category":0,"jetpack_post_was_ever_published":false,"jetpack_publicize_message":"","jetpack_is_tweetstorm":false,"jetpack_publicize_feature_enabled":true,"jetpack_social_post_already_shared":false,"jetpack_social_options":{"image_generator_settings":{"template":"highway","enabled":false}}},"categories":[3],"tags":[],"jetpack_publicize_connections":[],"yoast_head":"<!-- This site is optimized with the Yoast SEO plugin v20.6 - https:\/\/yoast.com\/wordpress\/plugins\/seo\/ -->\n<title>Quelques beaux vins 2008, vaudois et valaisans - thomasvino<\/title>\n<meta name=\"robots\" content=\"index, follow, max-snippet:-1, max-image-preview:large, max-video-preview:-1\" \/>\n<link rel=\"canonical\" href=\"https:\/\/thomasvino.ch\/?p=10134\" \/>\n<meta property=\"og:locale\" content=\"fr_FR\" \/>\n<meta property=\"og:type\" content=\"article\" \/>\n<meta property=\"og:title\" content=\"Quelques beaux vins 2008, vaudois et valaisans - thomasvino\" \/>\n<meta property=\"og:description\" content=\"Vins valaisans et vaudois Les meilleures cuv\u00e9es 2008 Ce printemps, les deux plus grands cantons viticoles, Valais et Vaud, ont organis\u00e9 leurs s\u00e9lections. Si ces concours ne servent plus de pr\u00e9s\u00e9lection au Grand Prix du Vin Suisse (lire en fin de fichier), ils permettent de d\u00e9gager quelques tendances. Par Pierre Thomas Seul le Valais conna\u00eet [&hellip;]\" \/>\n<meta property=\"og:url\" content=\"https:\/\/thomasvino.ch\/?p=10134\" \/>\n<meta property=\"og:site_name\" content=\"thomasvino\" \/>\n<meta property=\"article:published_time\" content=\"2009-06-24T14:42:00+00:00\" \/>\n<meta property=\"article:modified_time\" content=\"2013-03-14T22:23:44+00:00\" \/>\n<meta name=\"author\" content=\"Pierre Thomas\" \/>\n<meta name=\"twitter:label1\" content=\"\u00c9crit par\" \/>\n\t<meta name=\"twitter:data1\" content=\"Pierre Thomas\" \/>\n\t<meta name=\"twitter:label2\" content=\"Dur\u00e9e de lecture estim\u00e9e\" \/>\n\t<meta name=\"twitter:data2\" content=\"6 minutes\" \/>\n<script type=\"application\/ld+json\" class=\"yoast-schema-graph\">{\"@context\":\"https:\/\/schema.org\",\"@graph\":[{\"@type\":\"WebPage\",\"@id\":\"https:\/\/thomasvino.ch\/?p=10134\",\"url\":\"https:\/\/thomasvino.ch\/?p=10134\",\"name\":\"Quelques beaux vins 2008, vaudois et valaisans - thomasvino\",\"isPartOf\":{\"@id\":\"https:\/\/thomasvino.ch\/#website\"},\"datePublished\":\"2009-06-24T14:42:00+00:00\",\"dateModified\":\"2013-03-14T22:23:44+00:00\",\"author\":{\"@id\":\"https:\/\/thomasvino.ch\/#\/schema\/person\/670bf4486fe81152cf1d68bd585e062e\"},\"breadcrumb\":{\"@id\":\"https:\/\/thomasvino.ch\/?p=10134#breadcrumb\"},\"inLanguage\":\"fr-FR\",\"potentialAction\":[{\"@type\":\"ReadAction\",\"target\":[\"https:\/\/thomasvino.ch\/?p=10134\"]}]},{\"@type\":\"BreadcrumbList\",\"@id\":\"https:\/\/thomasvino.ch\/?p=10134#breadcrumb\",\"itemListElement\":[{\"@type\":\"ListItem\",\"position\":1,\"name\":\"Accueil\",\"item\":\"https:\/\/thomasvino.ch\/\"},{\"@type\":\"ListItem\",\"position\":2,\"name\":\"Quelques beaux vins 2008, vaudois et valaisans\"}]},{\"@type\":\"WebSite\",\"@id\":\"https:\/\/thomasvino.ch\/#website\",\"url\":\"https:\/\/thomasvino.ch\/\",\"name\":\"thomasvino\",\"description\":\"Vins &amp; Gastronomie\",\"potentialAction\":[{\"@type\":\"SearchAction\",\"target\":{\"@type\":\"EntryPoint\",\"urlTemplate\":\"https:\/\/thomasvino.ch\/?s={search_term_string}\"},\"query-input\":\"required name=search_term_string\"}],\"inLanguage\":\"fr-FR\"},{\"@type\":\"Person\",\"@id\":\"https:\/\/thomasvino.ch\/#\/schema\/person\/670bf4486fe81152cf1d68bd585e062e\",\"name\":\"Pierre Thomas\",\"image\":{\"@type\":\"ImageObject\",\"inLanguage\":\"fr-FR\",\"@id\":\"https:\/\/thomasvino.ch\/#\/schema\/person\/image\/\",\"url\":\"https:\/\/secure.gravatar.com\/avatar\/91fd5a76647f140e53db987a0dead4d7?s=96&d=mm&r=g\",\"contentUrl\":\"https:\/\/secure.gravatar.com\/avatar\/91fd5a76647f140e53db987a0dead4d7?s=96&d=mm&r=g\",\"caption\":\"Pierre Thomas\"},\"url\":\"https:\/\/thomasvino.ch\/?author=3\"}]}<\/script>\n<!-- \/ Yoast SEO plugin. -->","yoast_head_json":{"title":"Quelques beaux vins 2008, vaudois et valaisans - thomasvino","robots":{"index":"index","follow":"follow","max-snippet":"max-snippet:-1","max-image-preview":"max-image-preview:large","max-video-preview":"max-video-preview:-1"},"canonical":"https:\/\/thomasvino.ch\/?p=10134","og_locale":"fr_FR","og_type":"article","og_title":"Quelques beaux vins 2008, vaudois et valaisans - thomasvino","og_description":"Vins valaisans et vaudois Les meilleures cuv\u00e9es 2008 Ce printemps, les deux plus grands cantons viticoles, Valais et Vaud, ont organis\u00e9 leurs s\u00e9lections. Si ces concours ne servent plus de pr\u00e9s\u00e9lection au Grand Prix du Vin Suisse (lire en fin de fichier), ils permettent de d\u00e9gager quelques tendances. Par Pierre Thomas Seul le Valais conna\u00eet [&hellip;]","og_url":"https:\/\/thomasvino.ch\/?p=10134","og_site_name":"thomasvino","article_published_time":"2009-06-24T14:42:00+00:00","article_modified_time":"2013-03-14T22:23:44+00:00","author":"Pierre Thomas","twitter_misc":{"\u00c9crit par":"Pierre Thomas","Dur\u00e9e de lecture estim\u00e9e":"6 minutes"},"schema":{"@context":"https:\/\/schema.org","@graph":[{"@type":"WebPage","@id":"https:\/\/thomasvino.ch\/?p=10134","url":"https:\/\/thomasvino.ch\/?p=10134","name":"Quelques beaux vins 2008, vaudois et valaisans - thomasvino","isPartOf":{"@id":"https:\/\/thomasvino.ch\/#website"},"datePublished":"2009-06-24T14:42:00+00:00","dateModified":"2013-03-14T22:23:44+00:00","author":{"@id":"https:\/\/thomasvino.ch\/#\/schema\/person\/670bf4486fe81152cf1d68bd585e062e"},"breadcrumb":{"@id":"https:\/\/thomasvino.ch\/?p=10134#breadcrumb"},"inLanguage":"fr-FR","potentialAction":[{"@type":"ReadAction","target":["https:\/\/thomasvino.ch\/?p=10134"]}]},{"@type":"BreadcrumbList","@id":"https:\/\/thomasvino.ch\/?p=10134#breadcrumb","itemListElement":[{"@type":"ListItem","position":1,"name":"Accueil","item":"https:\/\/thomasvino.ch\/"},{"@type":"ListItem","position":2,"name":"Quelques beaux vins 2008, vaudois et valaisans"}]},{"@type":"WebSite","@id":"https:\/\/thomasvino.ch\/#website","url":"https:\/\/thomasvino.ch\/","name":"thomasvino","description":"Vins &amp; Gastronomie","potentialAction":[{"@type":"SearchAction","target":{"@type":"EntryPoint","urlTemplate":"https:\/\/thomasvino.ch\/?s={search_term_string}"},"query-input":"required name=search_term_string"}],"inLanguage":"fr-FR"},{"@type":"Person","@id":"https:\/\/thomasvino.ch\/#\/schema\/person\/670bf4486fe81152cf1d68bd585e062e","name":"Pierre Thomas","image":{"@type":"ImageObject","inLanguage":"fr-FR","@id":"https:\/\/thomasvino.ch\/#\/schema\/person\/image\/","url":"https:\/\/secure.gravatar.com\/avatar\/91fd5a76647f140e53db987a0dead4d7?s=96&d=mm&r=g","contentUrl":"https:\/\/secure.gravatar.com\/avatar\/91fd5a76647f140e53db987a0dead4d7?s=96&d=mm&r=g","caption":"Pierre Thomas"},"url":"https:\/\/thomasvino.ch\/?author=3"}]}},"jetpack_featured_media_url":"","jetpack_sharing_enabled":true,"jetpack_shortlink":"https:\/\/wp.me\/p3m4tZ-2Ds","jetpack_likes_enabled":false,"jetpack-related-posts":[{"id":8923,"url":"https:\/\/thomasvino.ch\/?p=8923","url_meta":{"origin":10134,"position":0},"title":"Quelques beaux vins 2008, vaudois et valaisans","date":"29 juillet 2009","format":false,"excerpt":"Vins valaisans et vaudois Les meilleures cuv\u00e9es 2008 Ce printemps, les deux plus grands cantons viticoles, Valais et Vaud, ont organis\u00e9 leurs s\u00e9lections. Si ces concours ne servent plus de pr\u00e9s\u00e9lection au Grand Prix du Vin Suisse (lire en fin de fichier), ils permettent de d\u00e9gager quelques tendances. Par Pierre\u2026","rel":"","context":"Dans &quot;Vins suisses&quot;","img":{"alt_text":"","src":"","width":0,"height":0},"classes":[]},{"id":10017,"url":"https:\/\/thomasvino.ch\/?p=10017","url_meta":{"origin":10134,"position":1},"title":"Vins du Valais: raid sur Ouchy","date":"29 septembre 2007","format":false,"excerpt":"Remise des \u00ab\u00e9toiles du mill\u00e9sime\u00bbRaid valaisan sur OuchyMercredi 26 septembre 2007, sous les lustres du Beau-Rivage Palace \u00e0 Lausanne-Ouchy, l\u2019Interprofession de la vigne et du vin du Valais (IVV), a proclam\u00e9 le palmar\u00e8s des \u00ab\u00e9toiles du mill\u00e9sime\u00bb. Dix huit vins ont \u00e9t\u00e9 d\u00e9sign\u00e9s \u00abcoups de c\u0153ur\u00bb, dans six cat\u00e9gories.Volontiers provocateur,\u2026","rel":"","context":"Dans &quot;Actus - News&quot;","img":{"alt_text":"","src":"","width":0,"height":0},"classes":[]},{"id":8761,"url":"https:\/\/thomasvino.ch\/?p=8761","url_meta":{"origin":10134,"position":2},"title":"L\u00e9gislation \u2014 Le Valais seul \u00e0 vouloir prot\u00e9ger ses vins","date":"10 juillet 2008","format":false,"excerpt":"Nouvelle l\u00e9gislation sur les vins suissesLe Valais seul contre tousQu\u2019on \u00e9crive \u00abPetite Arvine\u00bb et que le consommateur comprenne \u00abvin valaisan AOC\u00bb para\u00eet un combat perdu \u00e0 Berne. Les Valaisans auraient bien voulu que le consommateur fasse spontan\u00e9ment l'amalgame, mais le l\u00e9gislateur et les autres cantons refusent de r\u00e9server des noms\u2026","rel":"","context":"Dans &quot;Vins suisses&quot;","img":{"alt_text":"","src":"","width":0,"height":0},"classes":[]},{"id":8998,"url":"https:\/\/thomasvino.ch\/?p=8998","url_meta":{"origin":10134,"position":3},"title":"Chasselas: le match Vaud-Valais, toujours!","date":"24 f\u00e9vrier 2010","format":false,"excerpt":"Apr\u00e8s les vendanges 2009 Chasselas\u00a0: le match Vaud-Valais Chasselas Grand Cru\u00a0ou Fendant labellis\u00e9? Valaisans et Vaudois sont toujours tr\u00e8s actifs sur le march\u00e9 du vin blanc indig\u00e8ne et d\u00e9veloppent des strat\u00e9gies de qualit\u00e9 diff\u00e9rentes. Par Pierre Thomas Le mill\u00e9sime 2009 ravive la concurrence entre les deux plus gros cantons producteurs\u2026","rel":"","context":"Dans &quot;Vins suisses&quot;","img":{"alt_text":"","src":"","width":0,"height":0},"classes":[]},{"id":9425,"url":"https:\/\/thomasvino.ch\/?p=9425","url_meta":{"origin":10134,"position":4},"title":"Les nomin\u00e9s du GPVS 2012: le bal masqu\u00e9 des r\u00e9cidivistes","date":"22 ao\u00fbt 2012","format":false,"excerpt":"Les 72 nomin\u00e9s du GPVS 2012 Les vins valaisans en force D\u00e9gust\u00e9s \u00e0 fin juin, \u00e0 Sierre, les quelque 3'000 vins soumis au Grand Prix du Vin Suisse (GPVS) ont \u00e9t\u00e9 r\u00e9compens\u00e9s par 31,3% de m\u00e9dailles, 255 d'or et 675 d'argent. Les cat\u00e9gories envers lesquelles les jur\u00e9s ont \u00e9t\u00e9 les\u2026","rel":"","context":"Dans &quot;Tendance&quot;","img":{"alt_text":"","src":"","width":0,"height":0},"classes":[]},{"id":15835,"url":"https:\/\/thomasvino.ch\/?p=15835","url_meta":{"origin":10134,"position":5},"title":"Portes ouvertes en Valais\u00a0: les caves sont pleines","date":"29 mai 2019","format":false,"excerpt":"L\u2019ann\u00e9e 2018\u00a0? Grand mill\u00e9sime en qualit\u00e9 et en\u2026 quantit\u00e9. Le Valais ouvre(demain!) jeudi, vendredi et samedi du week-end de l\u2019Ascension, ses caves. Et elles sont pleines. A l\u2019image des Vaudois, les Valaisans devraient d\u00e9cider d\u00e9but juin de baisser les quotas autour d\u2019un kilo au m\u00e8tre carr\u00e9 en moyenne des divers\u2026","rel":"","context":"Dans &quot;Actus - News&quot;","img":{"alt_text":"","src":"https:\/\/i0.wp.com\/thomasvino.ch\/wp-content\/uploads\/2019\/05\/vs_gianlucacolla_vinsduvs-1-300x200.jpg?resize=350%2C200&ssl=1","width":350,"height":200},"classes":[]}],"_links":{"self":[{"href":"https:\/\/thomasvino.ch\/index.php?rest_route=\/wp\/v2\/posts\/10134"}],"collection":[{"href":"https:\/\/thomasvino.ch\/index.php?rest_route=\/wp\/v2\/posts"}],"about":[{"href":"https:\/\/thomasvino.ch\/index.php?rest_route=\/wp\/v2\/types\/post"}],"author":[{"embeddable":true,"href":"https:\/\/thomasvino.ch\/index.php?rest_route=\/wp\/v2\/users\/3"}],"replies":[{"embeddable":true,"href":"https:\/\/thomasvino.ch\/index.php?rest_route=%2Fwp%2Fv2%2Fcomments&post=10134"}],"version-history":[{"count":0,"href":"https:\/\/thomasvino.ch\/index.php?rest_route=\/wp\/v2\/posts\/10134\/revisions"}],"wp:attachment":[{"href":"https:\/\/thomasvino.ch\/index.php?rest_route=%2Fwp%2Fv2%2Fmedia&parent=10134"}],"wp:term":[{"taxonomy":"category","embeddable":true,"href":"https:\/\/thomasvino.ch\/index.php?rest_route=%2Fwp%2Fv2%2Fcategories&post=10134"},{"taxonomy":"post_tag","embeddable":true,"href":"https:\/\/thomasvino.ch\/index.php?rest_route=%2Fwp%2Fv2%2Ftags&post=10134"}],"curies":[{"name":"wp","href":"https:\/\/api.w.org\/{rel}","templated":true}]}}