{"id":10398,"date":"2013-04-04T09:25:52","date_gmt":"2013-04-04T08:25:52","guid":{"rendered":"http:\/\/www.thomasvino.ch\/wp\/?p=10398"},"modified":"2013-10-12T11:02:46","modified_gmt":"2013-10-12T10:02:46","slug":"le-climat-enjeu-vitivinicole-majeur","status":"publish","type":"post","link":"https:\/\/thomasvino.ch\/?p=10398","title":{"rendered":"Le climat, enjeu vitivinicole majeur"},"content":{"rendered":"<p>L&rsquo;<a title=\"Climat et plan\u00e8te vin\" href=\"http:\/\/www.romandie.com\/news\/n\/_Le_changement_climatique_va_redessiner_la_carte_mondiale_des_vins62040420130620.asp\">agence AFP<\/a> fait le point sur les enjeux des modifications du climat sur la plan\u00e8te. Et le <a title=\"Sud-Ouest et le r\u00e9chauffement climatique\" href=\"http:\/\/www.sudouest.fr\/2013\/04\/10\/climat-les-vignobles-de-bordeaux-et-de-la-vallee-du-rhone-menaces-des-2050-1020970-713.php\">quotidien Sud-Ouest<\/a> (Bordeaux) approfondit ce dossier chaud!<\/p>\n","protected":false},"excerpt":{"rendered":"<p>L&rsquo;agence AFP fait le point sur les enjeux des modifications du climat sur la plan\u00e8te. Et le quotidien Sud-Ouest (Bordeaux) approfondit ce dossier chaud!<\/p>\n","protected":false},"author":3,"featured_media":0,"comment_status":"closed","ping_status":"open","sticky":false,"template":"","format":"standard","meta":{"_monsterinsights_skip_tracking":false,"_monsterinsights_sitenote_active":false,"_monsterinsights_sitenote_note":"","_monsterinsights_sitenote_category":0,"jetpack_post_was_ever_published":false,"jetpack_publicize_message":"","jetpack_is_tweetstorm":false,"jetpack_publicize_feature_enabled":true,"jetpack_social_post_already_shared":false,"jetpack_social_options":{"image_generator_settings":{"template":"highway","enabled":false}}},"categories":[33],"tags":[],"jetpack_publicize_connections":[],"yoast_head":"<!-- This site is optimized with the Yoast SEO plugin v20.6 - https:\/\/yoast.com\/wordpress\/plugins\/seo\/ -->\n<title>Le climat, enjeu vitivinicole majeur - thomasvino<\/title>\n<meta name=\"robots\" content=\"index, follow, max-snippet:-1, max-image-preview:large, max-video-preview:-1\" \/>\n<link rel=\"canonical\" href=\"https:\/\/thomasvino.ch\/?p=10398\" \/>\n<meta property=\"og:locale\" content=\"fr_FR\" \/>\n<meta property=\"og:type\" content=\"article\" \/>\n<meta property=\"og:title\" content=\"Le climat, enjeu vitivinicole majeur - thomasvino\" \/>\n<meta property=\"og:description\" content=\"L&rsquo;agence AFP fait le point sur les enjeux des modifications du climat sur la plan\u00e8te. Et le quotidien Sud-Ouest (Bordeaux) approfondit ce dossier chaud!\" \/>\n<meta property=\"og:url\" content=\"https:\/\/thomasvino.ch\/?p=10398\" \/>\n<meta property=\"og:site_name\" content=\"thomasvino\" \/>\n<meta property=\"article:published_time\" content=\"2013-04-04T08:25:52+00:00\" \/>\n<meta property=\"article:modified_time\" content=\"2013-10-12T10:02:46+00:00\" \/>\n<meta name=\"author\" content=\"Pierre Thomas\" \/>\n<meta name=\"twitter:label1\" content=\"\u00c9crit par\" \/>\n\t<meta name=\"twitter:data1\" content=\"Pierre Thomas\" \/>\n<script type=\"application\/ld+json\" class=\"yoast-schema-graph\">{\"@context\":\"https:\/\/schema.org\",\"@graph\":[{\"@type\":\"WebPage\",\"@id\":\"https:\/\/thomasvino.ch\/?p=10398\",\"url\":\"https:\/\/thomasvino.ch\/?p=10398\",\"name\":\"Le climat, enjeu vitivinicole majeur - thomasvino\",\"isPartOf\":{\"@id\":\"https:\/\/thomasvino.ch\/#website\"},\"datePublished\":\"2013-04-04T08:25:52+00:00\",\"dateModified\":\"2013-10-12T10:02:46+00:00\",\"author\":{\"@id\":\"https:\/\/thomasvino.ch\/#\/schema\/person\/670bf4486fe81152cf1d68bd585e062e\"},\"breadcrumb\":{\"@id\":\"https:\/\/thomasvino.ch\/?p=10398#breadcrumb\"},\"inLanguage\":\"fr-FR\",\"potentialAction\":[{\"@type\":\"ReadAction\",\"target\":[\"https:\/\/thomasvino.ch\/?p=10398\"]}]},{\"@type\":\"BreadcrumbList\",\"@id\":\"https:\/\/thomasvino.ch\/?p=10398#breadcrumb\",\"itemListElement\":[{\"@type\":\"ListItem\",\"position\":1,\"name\":\"Accueil\",\"item\":\"https:\/\/thomasvino.ch\/\"},{\"@type\":\"ListItem\",\"position\":2,\"name\":\"Le climat, enjeu vitivinicole majeur\"}]},{\"@type\":\"WebSite\",\"@id\":\"https:\/\/thomasvino.ch\/#website\",\"url\":\"https:\/\/thomasvino.ch\/\",\"name\":\"thomasvino\",\"description\":\"Vins &amp; Gastronomie\",\"potentialAction\":[{\"@type\":\"SearchAction\",\"target\":{\"@type\":\"EntryPoint\",\"urlTemplate\":\"https:\/\/thomasvino.ch\/?s={search_term_string}\"},\"query-input\":\"required name=search_term_string\"}],\"inLanguage\":\"fr-FR\"},{\"@type\":\"Person\",\"@id\":\"https:\/\/thomasvino.ch\/#\/schema\/person\/670bf4486fe81152cf1d68bd585e062e\",\"name\":\"Pierre Thomas\",\"image\":{\"@type\":\"ImageObject\",\"inLanguage\":\"fr-FR\",\"@id\":\"https:\/\/thomasvino.ch\/#\/schema\/person\/image\/\",\"url\":\"https:\/\/secure.gravatar.com\/avatar\/91fd5a76647f140e53db987a0dead4d7?s=96&d=mm&r=g\",\"contentUrl\":\"https:\/\/secure.gravatar.com\/avatar\/91fd5a76647f140e53db987a0dead4d7?s=96&d=mm&r=g\",\"caption\":\"Pierre Thomas\"},\"url\":\"https:\/\/thomasvino.ch\/?author=3\"}]}<\/script>\n<!-- \/ Yoast SEO plugin. -->","yoast_head_json":{"title":"Le climat, enjeu vitivinicole majeur - thomasvino","robots":{"index":"index","follow":"follow","max-snippet":"max-snippet:-1","max-image-preview":"max-image-preview:large","max-video-preview":"max-video-preview:-1"},"canonical":"https:\/\/thomasvino.ch\/?p=10398","og_locale":"fr_FR","og_type":"article","og_title":"Le climat, enjeu vitivinicole majeur - thomasvino","og_description":"L&rsquo;agence AFP fait le point sur les enjeux des modifications du climat sur la plan\u00e8te. Et le quotidien Sud-Ouest (Bordeaux) approfondit ce dossier chaud!","og_url":"https:\/\/thomasvino.ch\/?p=10398","og_site_name":"thomasvino","article_published_time":"2013-04-04T08:25:52+00:00","article_modified_time":"2013-10-12T10:02:46+00:00","author":"Pierre Thomas","twitter_misc":{"\u00c9crit par":"Pierre Thomas"},"schema":{"@context":"https:\/\/schema.org","@graph":[{"@type":"WebPage","@id":"https:\/\/thomasvino.ch\/?p=10398","url":"https:\/\/thomasvino.ch\/?p=10398","name":"Le climat, enjeu vitivinicole majeur - thomasvino","isPartOf":{"@id":"https:\/\/thomasvino.ch\/#website"},"datePublished":"2013-04-04T08:25:52+00:00","dateModified":"2013-10-12T10:02:46+00:00","author":{"@id":"https:\/\/thomasvino.ch\/#\/schema\/person\/670bf4486fe81152cf1d68bd585e062e"},"breadcrumb":{"@id":"https:\/\/thomasvino.ch\/?p=10398#breadcrumb"},"inLanguage":"fr-FR","potentialAction":[{"@type":"ReadAction","target":["https:\/\/thomasvino.ch\/?p=10398"]}]},{"@type":"BreadcrumbList","@id":"https:\/\/thomasvino.ch\/?p=10398#breadcrumb","itemListElement":[{"@type":"ListItem","position":1,"name":"Accueil","item":"https:\/\/thomasvino.ch\/"},{"@type":"ListItem","position":2,"name":"Le climat, enjeu vitivinicole majeur"}]},{"@type":"WebSite","@id":"https:\/\/thomasvino.ch\/#website","url":"https:\/\/thomasvino.ch\/","name":"thomasvino","description":"Vins &amp; Gastronomie","potentialAction":[{"@type":"SearchAction","target":{"@type":"EntryPoint","urlTemplate":"https:\/\/thomasvino.ch\/?s={search_term_string}"},"query-input":"required name=search_term_string"}],"inLanguage":"fr-FR"},{"@type":"Person","@id":"https:\/\/thomasvino.ch\/#\/schema\/person\/670bf4486fe81152cf1d68bd585e062e","name":"Pierre Thomas","image":{"@type":"ImageObject","inLanguage":"fr-FR","@id":"https:\/\/thomasvino.ch\/#\/schema\/person\/image\/","url":"https:\/\/secure.gravatar.com\/avatar\/91fd5a76647f140e53db987a0dead4d7?s=96&d=mm&r=g","contentUrl":"https:\/\/secure.gravatar.com\/avatar\/91fd5a76647f140e53db987a0dead4d7?s=96&d=mm&r=g","caption":"Pierre Thomas"},"url":"https:\/\/thomasvino.ch\/?author=3"}]}},"jetpack_featured_media_url":"","jetpack_sharing_enabled":true,"jetpack_shortlink":"https:\/\/wp.me\/p3m4tZ-2HI","jetpack_likes_enabled":false,"jetpack-related-posts":[{"id":8803,"url":"https:\/\/thomasvino.ch\/?p=8803","url_meta":{"origin":10398,"position":0},"title":"400 ans de Qu\u00e9bec, mais 30 ans de vignes!","date":"15 octobre 2008","format":false,"excerpt":"Vins du Qu\u00e9bec: une histoire r\u00e9centePour f\u00eater dignement les 400 ans de la ville de Qu\u00e9bec, le vignoble Bourg Royal (int\u00e9ressant site Internet), de Charlesbourg, vient de mettre sur le march\u00e9 une cuv\u00e9e Qu\u00e9bec 400. Ces vignes ont \u00e9t\u00e9 plant\u00e9es seulement il y a une trentaine d'ann\u00e9es, par Gilles Rondeau,\u2026","rel":"","context":"Dans &quot;Actus - News&quot;","img":{"alt_text":"","src":"","width":0,"height":0},"classes":[]},{"id":9184,"url":"https:\/\/thomasvino.ch\/?p=9184","url_meta":{"origin":10398,"position":1},"title":"Des vignes sensibles au climat","date":"31 mai 2011","format":false,"excerpt":"Climat\u00a0: se pr\u00e9parer au changement A fin mai 2011, au moment o\u00f9 Berne publie ses lignes directrices de la \u00abStrat\u00e9gie Climat\u00bb pour l\u2019agriculture, on s\u2019inqui\u00e8te, tant en Afrique du Sud qu\u2019au Canada, du changement des conditions climatiques\u2026 Berne, dans la foul\u00e9e de sa Politique agricole 2014-2017, ajoute un volet climatique.\u2026","rel":"","context":"Dans &quot;Tendance&quot;","img":{"alt_text":"","src":"","width":0,"height":0},"classes":[]},{"id":17095,"url":"https:\/\/thomasvino.ch\/?p=17095","url_meta":{"origin":10398,"position":2},"title":"L\u2019AOC Champagne d\u00e9bout\u00e9e!","date":"21 janvier 2021","format":false,"excerpt":"L'id\u00e9e d'introduire une AOC Champagne dans la l\u00e9gislation viticole vaudoise a \u00e9t\u00e9 d\u00e9bout\u00e9e par la Cour constitutionnelle cantonale, en avril 2021. Une telle proposition, retenue par le Gouvernement est contraire aux accords bilat\u00e9raux, qui assurent aux champagnes fran\u00e7ais \"une protection exclusive\". Un recours peut \u00eatre interjet\u00e9 au Tribunal f\u00e9d\u00e9ral. La\u2026","rel":"","context":"Dans &quot;Actus - News&quot;","img":{"alt_text":"","src":"","width":0,"height":0},"classes":[]},{"id":11966,"url":"https:\/\/thomasvino.ch\/?p=11966","url_meta":{"origin":10398,"position":3},"title":"En Valais, les secteurs d&rsquo;enc\u00e9pagement remplacent les zones","date":"9 mai 2014","format":false,"excerpt":"Longtemps, le vignoble valaisan a \u00e9t\u00e9 class\u00e9 en trois zones, la premi\u00e8re \u00e9tant la meilleure (et aussi la seule o\u00f9 le johannisberg pouvait \u00eatre plant\u00e9). Depuis l'automne dernier (2013), ces zones ont \u00e9t\u00e9 abrog\u00e9es et remplac\u00e9es par des secteurs d'enc\u00e9pagement. Les 69 communes viticoles du Valais sont tenues de les\u2026","rel":"","context":"Dans &quot;Vins suisses&quot;","img":{"alt_text":"","src":"","width":0,"height":0},"classes":[]},{"id":9126,"url":"https:\/\/thomasvino.ch\/?p=9126","url_meta":{"origin":10398,"position":4},"title":"Vaud \u2014 Terroirs et c\u00e9pages: l&rsquo;\u00e9tude enfin r\u00e9v\u00e9l\u00e9e","date":"14 janvier 2011","format":false,"excerpt":"O\u00f9 planter le bon c\u00e9page\u00a0? Les Vaudois y voient plus clair Il a fallu dix ans pour que l\u2019\u00e9tude des terroirs vaudois livre des conclusions aux vignerons vaudois sur quel c\u00e9page planter. Jeudi 13 janvier 2011, un coin du voile a \u00e9t\u00e9 lev\u00e9 sur cette avanc\u00e9e. Vignerons et \u0153nologues \u00e9taient\u2026","rel":"","context":"Dans &quot;Vins suisses&quot;","img":{"alt_text":"","src":"","width":0,"height":0},"classes":[]},{"id":8984,"url":"https:\/\/thomasvino.ch\/?p=8984","url_meta":{"origin":10398,"position":5},"title":"Vin et climat: un go\u00fbt de r\u00e9chauff\u00e9","date":"27 d\u00e9cembre 2009","format":false,"excerpt":"Vin et climat Un go\u00fbt de r\u00e9chauff\u00e9 Parce que le climat entre dans la notion de terroir, la vigne est aux premi\u00e8res loges du r\u00e9chauffement plan\u00e9taire. Depuis vingt ans, la hausse de la temp\u00e9rature moyenne influence le go\u00fbt du vin. Jusqu\u2019o\u00f9\u00a0? Par Pierre Thomas Nombre de vignerons sont heureux. Le\u2026","rel":"","context":"Dans &quot;Tendance&quot;","img":{"alt_text":"","src":"","width":0,"height":0},"classes":[]}],"_links":{"self":[{"href":"https:\/\/thomasvino.ch\/index.php?rest_route=\/wp\/v2\/posts\/10398"}],"collection":[{"href":"https:\/\/thomasvino.ch\/index.php?rest_route=\/wp\/v2\/posts"}],"about":[{"href":"https:\/\/thomasvino.ch\/index.php?rest_route=\/wp\/v2\/types\/post"}],"author":[{"embeddable":true,"href":"https:\/\/thomasvino.ch\/index.php?rest_route=\/wp\/v2\/users\/3"}],"replies":[{"embeddable":true,"href":"https:\/\/thomasvino.ch\/index.php?rest_route=%2Fwp%2Fv2%2Fcomments&post=10398"}],"version-history":[{"count":0,"href":"https:\/\/thomasvino.ch\/index.php?rest_route=\/wp\/v2\/posts\/10398\/revisions"}],"wp:attachment":[{"href":"https:\/\/thomasvino.ch\/index.php?rest_route=%2Fwp%2Fv2%2Fmedia&parent=10398"}],"wp:term":[{"taxonomy":"category","embeddable":true,"href":"https:\/\/thomasvino.ch\/index.php?rest_route=%2Fwp%2Fv2%2Fcategories&post=10398"},{"taxonomy":"post_tag","embeddable":true,"href":"https:\/\/thomasvino.ch\/index.php?rest_route=%2Fwp%2Fv2%2Ftags&post=10398"}],"curies":[{"name":"wp","href":"https:\/\/api.w.org\/{rel}","templated":true}]}}