{"id":10474,"date":"2013-04-10T20:31:45","date_gmt":"2013-04-10T19:31:45","guid":{"rendered":"http:\/\/www.thomasvino.ch\/wp\/?p=10474"},"modified":"2013-10-12T11:02:45","modified_gmt":"2013-10-12T10:02:45","slug":"vins-suisses-sous-les-tropiques","status":"publish","type":"post","link":"https:\/\/thomasvino.ch\/?p=10474","title":{"rendered":"Vins suisses sous les tropiques"},"content":{"rendered":"<p><b>A l\u2019occasion de la Semaine de la Francophonie, Pr\u00e9sence suisse a propos\u00e9, pour la premi\u00e8re fois, des activit\u00e9s sortant des chemins culturels habituels. Pierre Thomas, s\u2019est envol\u00e9 pour Accra, capitale du Ghana, du 18 au 22 mars 2013, pour pr\u00e9senter une s\u00e9lection de vins suisses. Reportage.<\/b><\/p>\n<p><i>De retour d\u2019Accra, Pierre Thomas<\/i><\/p>\n<p>Cette ann\u00e9e, Berne avait ouvert le jeu. D\u2019habitude, des artistes, \u00e9crivains, musiciens, chanteurs, cin\u00e9astes, sont propos\u00e9s au quatre coins du monde. Car la Francophonie, et son organisation internationale, \u00e7a n\u2019est pas seulement les nations parlant le fran\u00e7ais, mais aussi tous les pays amis, soit 57 membres (et 20 observateurs).<\/p>\n<h2><b>Du blanc suisse pour l\u2019Afrique<\/b><\/h2>\n<p>La Suisse participe largement au mouvement. Et les ambassades re\u00e7oivent un programme pour la Semaine de la Francophonie, en mars, dans lequel elles font leurs emplettes. Qui allait choisir les vins suisses? On pouvait r\u00eaver de Moscou, de P\u00e9kin, de Washington\u2026 Quand le t\u00e9l\u00e9phone a sonn\u00e9, l\u2019automne pass\u00e9, et que la charg\u00e9e d\u2019affaires de l\u2019ambassade, <strong>Claudia Fontana Tobiassen<\/strong>, m\u2019a propos\u00e9 Accra, il m\u2019a fallu quelques secondes \u2014 de silence interloqu\u00e9 \u2014 pour placer cette ville de quatre millions d\u2019habitants sur \u00abma\u00bb plan\u00e8te virtuelle. Avant de r\u00e9pondre <em>\u00aboui\u00bb<\/em>.<\/p>\n<div id=\"attachment_10478\" style=\"width: 310px\" class=\"wp-caption aligncenter\"><a href=\"https:\/\/i0.wp.com\/www.thomasvino.ch\/wp\/wp-content\/uploads\/2013\/04\/lib_accra7_osu.jpg\"><img aria-describedby=\"caption-attachment-10478\" data-attachment-id=\"10478\" data-permalink=\"https:\/\/thomasvino.ch\/?attachment_id=10478\" data-orig-file=\"https:\/\/i0.wp.com\/thomasvino.ch\/wp-content\/uploads\/2013\/04\/lib_accra7_osu.jpg?fit=3264%2C2448&amp;ssl=1\" data-orig-size=\"3264,2448\" data-comments-opened=\"1\" data-image-meta=\"{&quot;aperture&quot;:&quot;2.4&quot;,&quot;credit&quot;:&quot;&quot;,&quot;camera&quot;:&quot;iPhone 4S&quot;,&quot;caption&quot;:&quot;&quot;,&quot;created_timestamp&quot;:&quot;1363869443&quot;,&quot;copyright&quot;:&quot;&quot;,&quot;focal_length&quot;:&quot;4.28&quot;,&quot;iso&quot;:&quot;50&quot;,&quot;shutter_speed&quot;:&quot;0.00059808612440191&quot;,&quot;title&quot;:&quot;&quot;}\" data-image-title=\"lib_accra7_osu\" data-image-description=\"\" data-image-caption=\"&lt;p&gt;Gros 4 x 4 et vendeurs de rue \u00e0 Osu (ex-Oxford Street), quartier branch\u00e9 d&amp;rsquo;Accra&lt;\/p&gt;\n\" data-medium-file=\"https:\/\/i0.wp.com\/thomasvino.ch\/wp-content\/uploads\/2013\/04\/lib_accra7_osu.jpg?fit=300%2C225&amp;ssl=1\" data-large-file=\"https:\/\/i0.wp.com\/thomasvino.ch\/wp-content\/uploads\/2013\/04\/lib_accra7_osu.jpg?fit=1024%2C768&amp;ssl=1\" loading=\"lazy\" class=\"size-medium wp-image-10478\" alt=\"Gros 4 x 4 et vendeurs de rue \u00e0 Osu (ex-Oxford Street), quartier branch\u00e9 d'Accra\" src=\"https:\/\/i0.wp.com\/www.thomasvino.ch\/wp\/wp-content\/uploads\/2013\/04\/lib_accra7_osu-300x225.jpg?resize=300%2C225\" width=\"300\" height=\"225\" srcset=\"https:\/\/i0.wp.com\/thomasvino.ch\/wp-content\/uploads\/2013\/04\/lib_accra7_osu.jpg?resize=300%2C225&amp;ssl=1 300w, https:\/\/i0.wp.com\/thomasvino.ch\/wp-content\/uploads\/2013\/04\/lib_accra7_osu.jpg?resize=1024%2C768&amp;ssl=1 1024w, https:\/\/i0.wp.com\/thomasvino.ch\/wp-content\/uploads\/2013\/04\/lib_accra7_osu.jpg?w=2000&amp;ssl=1 2000w, https:\/\/i0.wp.com\/thomasvino.ch\/wp-content\/uploads\/2013\/04\/lib_accra7_osu.jpg?w=3000&amp;ssl=1 3000w\" sizes=\"(max-width: 300px) 100vw, 300px\" data-recalc-dims=\"1\" \/><\/a><p id=\"caption-attachment-10478\" class=\"wp-caption-text\">Gros 4 x 4 et vendeurs de rue \u00e0 Osu (ex-Oxford Street), quartier branch\u00e9 d&rsquo;Accra<\/p><\/div>\n<p>Pour une premi\u00e8re, ce serait une premi\u00e8re: aborder un pays anglophone de l\u2019Afrique de l\u2019Ouest, connu pour \u00eatre un grand consommateur de bi\u00e8re Guiness (et de bi\u00e8re locale, la Club, brass\u00e9e pour la premi\u00e8re fois par des Helv\u00e8tes dans les ann\u00e9es 1930), avec des vins suisses, voil\u00e0 qui prenait l\u2019air de \u00abTintin au Congo\u00bb, m\u00e2tin\u00e9 d\u2019<em>Un Anglais sous les tropiques<\/em>, le chef-d\u2019\u0153uvre jubilatoire de <strong>William Boyd<\/strong>, n\u00e9 \u00e0 Accra et aujourd\u2019hui \u00e9crivain combl\u00e9, install\u00e9 dans le P\u00e9rigord, au Ch\u00e2teau Pecachart, o\u00f9 il produit un tr\u00e8s bon\u2026 vin rouge.<\/p>\n<p>Trois rendez-vous \u00e9taient pr\u00e9vus dans le milieu diplomatique. A chaque fois, avec d\u2019autres vins. Les ambassades suisses peuvent en commander par le biais de la Soci\u00e9t\u00e9 des exportateurs des vins suisses (SWEA), qui se charge de les acheminer. Le catalogue repr\u00e9sente bien la diversit\u00e9 vitivinicole helv\u00e9tique et les prix sont attractifs. Group\u00e9s, les vins sont achemin\u00e9s comme marchandise diplomatique. D\u00e9but mars, une douzaine de colis \u00e9taient sur place\u2026 Stock\u00e9s dans de bonnes conditions, \u00e0 16 degr\u00e9s, dans la cave priv\u00e9e de l\u2019ambassadeur, <strong>Andrea Semadeni<\/strong>.<\/p>\n<h2><b>Le vin, trait d\u2019union francophone<\/b><\/h2>\n<p>Que ce Grison, italophone du Val Bregaglia, soit fils de n\u00e9gociant en vins \u00e0 cheval entre l\u2019Italie et la Suisse, n\u2019\u00e9tait pas \u00e9tranger \u00e0 mon invitation ghan\u00e9enne. L\u2019ambassadeur se r\u00e9jouit du reste que les vignerons suisses se frottent aux dures r\u00e9alit\u00e9s du march\u00e9 international. Et c\u2019est fou ce que le vin peut \u00eatre un d\u00e9nominateur commun de la Francophonie: une des employ\u00e9es de l\u2019ambassade de Suisse est ni\u00e8ce de vigneron vaudois, la responsable des projets du Seco au Ghana, cousine de vigneron valaisan, le directeur de l\u2019Alliance fran\u00e7aise, d\u2019une famille de viticulteurs d\u2019Aix-en-Provence, l\u2019ambassadeur de France, bordelais, son \u00e9pouse, bourguignonne et champenoise, l\u2019ambassadrice d\u2019Italie, toscane. Et une architecte valaisanne, en charge de gros chantiers dans Accra en plein d\u00e9veloppement, cousine du pr\u00e9sident de Swiss Wine Promotion!<\/p>\n<div id=\"attachment_10476\" style=\"width: 310px\" class=\"wp-caption aligncenter\"><a href=\"https:\/\/i0.wp.com\/www.thomasvino.ch\/wp\/wp-content\/uploads\/2013\/04\/lib_accra1_alliancefr_dp.jpg\"><img aria-describedby=\"caption-attachment-10476\" data-attachment-id=\"10476\" data-permalink=\"https:\/\/thomasvino.ch\/?attachment_id=10476\" data-orig-file=\"https:\/\/i0.wp.com\/thomasvino.ch\/wp-content\/uploads\/2013\/04\/lib_accra1_alliancefr_dp.jpg?fit=4928%2C3264&amp;ssl=1\" data-orig-size=\"4928,3264\" data-comments-opened=\"1\" data-image-meta=\"{&quot;aperture&quot;:&quot;3.5&quot;,&quot;credit&quot;:&quot;&quot;,&quot;camera&quot;:&quot;NIKON D7000&quot;,&quot;caption&quot;:&quot;&quot;,&quot;created_timestamp&quot;:&quot;1363722489&quot;,&quot;copyright&quot;:&quot;&quot;,&quot;focal_length&quot;:&quot;18&quot;,&quot;iso&quot;:&quot;800&quot;,&quot;shutter_speed&quot;:&quot;0.016666666666667&quot;,&quot;title&quot;:&quot;&quot;}\" data-image-title=\"lib_accra1_alliancefr_dp\" data-image-description=\"\" data-image-caption=\"&lt;p&gt;D\u00e9gustation sous le couvert de l&amp;rsquo;Alliance fran\u00e7aise d&amp;rsquo;Accra.&lt;\/p&gt;\n\" data-medium-file=\"https:\/\/i0.wp.com\/thomasvino.ch\/wp-content\/uploads\/2013\/04\/lib_accra1_alliancefr_dp.jpg?fit=300%2C198&amp;ssl=1\" data-large-file=\"https:\/\/i0.wp.com\/thomasvino.ch\/wp-content\/uploads\/2013\/04\/lib_accra1_alliancefr_dp.jpg?fit=1024%2C678&amp;ssl=1\" loading=\"lazy\" class=\" wp-image-10476   \" alt=\"D\u00e9gustation sous le couvert de l'Alliance fran\u00e7aise d'Accra.\" src=\"https:\/\/i0.wp.com\/www.thomasvino.ch\/wp\/wp-content\/uploads\/2013\/04\/lib_accra1_alliancefr_dp-300x198.jpg?resize=300%2C198\" width=\"300\" height=\"198\" srcset=\"https:\/\/i0.wp.com\/thomasvino.ch\/wp-content\/uploads\/2013\/04\/lib_accra1_alliancefr_dp.jpg?resize=300%2C198&amp;ssl=1 300w, https:\/\/i0.wp.com\/thomasvino.ch\/wp-content\/uploads\/2013\/04\/lib_accra1_alliancefr_dp.jpg?resize=1024%2C678&amp;ssl=1 1024w, https:\/\/i0.wp.com\/thomasvino.ch\/wp-content\/uploads\/2013\/04\/lib_accra1_alliancefr_dp.jpg?resize=207%2C136&amp;ssl=1 207w, https:\/\/i0.wp.com\/thomasvino.ch\/wp-content\/uploads\/2013\/04\/lib_accra1_alliancefr_dp.jpg?resize=430%2C283&amp;ssl=1 430w, https:\/\/i0.wp.com\/thomasvino.ch\/wp-content\/uploads\/2013\/04\/lib_accra1_alliancefr_dp.jpg?w=2000&amp;ssl=1 2000w, https:\/\/i0.wp.com\/thomasvino.ch\/wp-content\/uploads\/2013\/04\/lib_accra1_alliancefr_dp.jpg?w=3000&amp;ssl=1 3000w\" sizes=\"(max-width: 300px) 100vw, 300px\" data-recalc-dims=\"1\" \/><\/a><p id=\"caption-attachment-10476\" class=\"wp-caption-text\">D\u00e9gustation sous le couvert de l&rsquo;Alliance fran\u00e7aise d&rsquo;Accra.<\/p><\/div>\n<p>Tous ont \u00e9t\u00e9 charm\u00e9s par les vins suisses, authentique d\u00e9couverte comment\u00e9e en fran\u00e7ais. Le chasselas, par le biais d\u2019un 1er Grand Cru vaudois (2011), le <strong>Ch\u00e2teau de Ch\u00e2tagner\u00e9az<\/strong>, a surpris par ses caract\u00e8res floraux. Sous ces latitudes, il a \u00e9t\u00e9 per\u00e7u comme l\u00e9ger et carbonique. Et il a fallu ruser pour le servir bien frais, en ap\u00e9ritif d\u2019une soir\u00e9e sous un couvert de l\u2019Alliance fran\u00e7aise, par 30\u00b0 (et 80% d\u2019humidit\u00e9), et dans des verres ne sentant ni le carton moisi, ni l\u2019eau chlor\u00e9e. Mais si une cinquantaine de participant(e)s \u00e9taient attendu(e)s, ils furent le double \u00e0 se presser sous l\u2019auvent\u00a0et les d\u00e9cibels montaient \u00e0 mesure que les verres descendaient! L\u2019\u0153il-de-perdrix neuch\u00e2telois du <strong>Ch\u00e2teau d\u2019Auvernier<\/strong>, lui aussi servi frais, a agr\u00e9ablement surpris. En rouge, l\u2019assemblage L\u2019Esprit de Gen\u00e8ve 2010 de la <strong>Cave de Gen\u00e8ve<\/strong>, a remport\u00e9, ce soir-l\u00e0, la majorit\u00e9 des suffrages. Le lendemain, au d\u00eener convi\u00e9 par l\u2019ambassadeur de Suisse, le riche et rond Rouge d\u2019Enfer 2009, sign\u00e9 <strong>Madeleine Gay<\/strong>, de <strong>Provins-Valais<\/strong>, a fait un tabac. Quant au fendant Les Terrasses 2011 de <strong>Gilles Besse<\/strong>, le pr\u00e9sident de Swiss Wine Promotion, il accompagnait une raclette servie dans les jardins de l\u2019ambassade de France, sous les cocotiers \u2014 succ\u00e8s encore!<\/p>\n<h2><b>Une exportation forc\u00e9ment limit\u00e9e<\/b><\/h2>\n<p>A chaque fois, la question revenait: mais o\u00f9 peut-on acheter ces vins? Car l\u2019Afrique, comme l\u2019Am\u00e9rique il y a 20 ans ou la Chine aujourd\u2019hui, marque son int\u00e9r\u00eat pour le vin, signe de statut social et de raffinement en soci\u00e9t\u00e9. Au centre d\u2019Accra, dans le quartier branch\u00e9 d\u2019Osu, capharna\u00fcm de petits marchands ambulants, de banques et de magasins climatis\u00e9s, on a d\u00e9nich\u00e9 deux commerces de vins, c\u00f4te \u00e0 c\u00f4te. En attendant l\u2019ouverture projet\u00e9e d\u2019un bar \u00e0 vins, avec boutique, et p\u00e2tisserie \u00ab\u00e0 la fran\u00e7aise\u00bb. Dans ces locaux, simples et fonctionnels, les bouteilles sont align\u00e9es, en crescendo de prix, de 10 cedis, la monnaie locale (soit 6 francs suisses), jusqu\u2019\u00e0 90 cedis (50 francs suisses). Les premiers prix sont import\u00e9s d\u2019Afrique du Sud et d\u2019Argentine, en milieu de gamme, de France, puis dans le haut de gamme, de Toscane, de Bordeaux et du Liban. A noter la pr\u00e9sence de plusieurs domaines du groupe bernois Hess (qui poss\u00e8de des domaines en Afrique du Sud, en Australie, en Californie et en Argentine). Mais aucun vin suisse visible.<\/p>\n<p>Rien de surprenant \u00e0 cela: interrog\u00e9 il y a dix jours, apr\u00e8s une d\u00e9gustation en lever de rideau de la foire ProWein, \u00e0 D\u00fcsseldorf, <strong>Gilles Besse<\/strong> nous a confirm\u00e9 que la Suisse, qui n\u2019exporte qu\u20191% de sa production, ne saurait viser d\u2019autre cr\u00e9neau que le haut de gamme: <em>\u00abNous n\u2019avons pas les volumes pour viser un march\u00e9 de masse et nos prix nous situent dans le milieu et le haut de gamme, voil\u00e0 pourquoi nous organisons des d\u00e9gustations o\u00f9 les sommeliers sont les premiers invit\u00e9s.\u00bb<\/em> Faire savoir que les vins suisses existent, reste, envers et contre tout, un bon d\u00e9but\u2026<\/p>\n<h1><b>Cuchaule diplomatique<\/b><\/h1>\n<div id=\"attachment_10479\" style=\"width: 310px\" class=\"wp-caption aligncenter\"><a href=\"https:\/\/i0.wp.com\/www.thomasvino.ch\/wp\/wp-content\/uploads\/2013\/04\/lib_delicatessen.jpg\"><img aria-describedby=\"caption-attachment-10479\" data-attachment-id=\"10479\" data-permalink=\"https:\/\/thomasvino.ch\/?attachment_id=10479\" data-orig-file=\"https:\/\/i0.wp.com\/thomasvino.ch\/wp-content\/uploads\/2013\/04\/lib_delicatessen.jpg?fit=5184%2C3456&amp;ssl=1\" data-orig-size=\"5184,3456\" data-comments-opened=\"1\" data-image-meta=\"{&quot;aperture&quot;:&quot;2.2&quot;,&quot;credit&quot;:&quot;&quot;,&quot;camera&quot;:&quot;Canon EOS 600D&quot;,&quot;caption&quot;:&quot;&quot;,&quot;created_timestamp&quot;:&quot;1343479230&quot;,&quot;copyright&quot;:&quot;&quot;,&quot;focal_length&quot;:&quot;50&quot;,&quot;iso&quot;:&quot;200&quot;,&quot;shutter_speed&quot;:&quot;0.016666666666667&quot;,&quot;title&quot;:&quot;&quot;}\" data-image-title=\"lib_delicatessen\" data-image-description=\"\" data-image-caption=\"&lt;p&gt;Nicolas Bideau en plein exercice de Delicatessen (et sa nappe), avec Claudine Esseiva (Femmes lib\u00e9rales-radicales) et la conseill\u00e8re nationale Christa Markwalder&lt;\/p&gt;\n\" data-medium-file=\"https:\/\/i0.wp.com\/thomasvino.ch\/wp-content\/uploads\/2013\/04\/lib_delicatessen.jpg?fit=300%2C200&amp;ssl=1\" data-large-file=\"https:\/\/i0.wp.com\/thomasvino.ch\/wp-content\/uploads\/2013\/04\/lib_delicatessen.jpg?fit=1024%2C682&amp;ssl=1\" loading=\"lazy\" class=\"size-medium wp-image-10479\" alt=\"Nicolas Bideau en plein exercice de Delicatessen (et sa nappe), avec Claudine Esseiva (Femmes lib\u00e9rales-radicales) et la conseill\u00e8re nationale Christa Markwalder\" src=\"https:\/\/i0.wp.com\/www.thomasvino.ch\/wp\/wp-content\/uploads\/2013\/04\/lib_delicatessen-300x200.jpg?resize=300%2C200\" width=\"300\" height=\"200\" srcset=\"https:\/\/i0.wp.com\/thomasvino.ch\/wp-content\/uploads\/2013\/04\/lib_delicatessen.jpg?resize=300%2C200&amp;ssl=1 300w, https:\/\/i0.wp.com\/thomasvino.ch\/wp-content\/uploads\/2013\/04\/lib_delicatessen.jpg?resize=1024%2C682&amp;ssl=1 1024w, https:\/\/i0.wp.com\/thomasvino.ch\/wp-content\/uploads\/2013\/04\/lib_delicatessen.jpg?resize=140%2C94&amp;ssl=1 140w, https:\/\/i0.wp.com\/thomasvino.ch\/wp-content\/uploads\/2013\/04\/lib_delicatessen.jpg?w=2000&amp;ssl=1 2000w, https:\/\/i0.wp.com\/thomasvino.ch\/wp-content\/uploads\/2013\/04\/lib_delicatessen.jpg?w=3000&amp;ssl=1 3000w\" sizes=\"(max-width: 300px) 100vw, 300px\" data-recalc-dims=\"1\" \/><\/a><p id=\"caption-attachment-10479\" class=\"wp-caption-text\">Nicolas Bideau en plein exercice de Delicatessen (et sa nappe), avec Claudine Esseiva (Femmes lib\u00e9rales-radicales) et la conseill\u00e8re nationale Christa Markwalder<\/p><\/div>\n<p>Dirig\u00e9 par <strong>Nicolas Bideau<\/strong>, et rattach\u00e9 au D\u00e9partement f\u00e9d\u00e9ral des affaires \u00e9trang\u00e8res, Pr\u00e9sence suisse propose toute l\u2019ann\u00e9e un projet li\u00e9 aux produits suisses. Apr\u00e8s la motion, \u00e0 Berne, en novembre 2010, du conseiller national <strong>Christophe Darbellay<\/strong> (pr\u00e9sident du PDC suisse, mais aussi du n\u00e9gociant en vins s\u00e9dunois <strong>Gilliard SA<\/strong>), pour que les ambassades favorisent les appellations d\u2019origine suisses, en solide comme en liquide, Pr\u00e9sence suisse a mis au point un \u00abset\u00bb de d\u00e9gustation <em>\u00abDelicatessen\u00bb<\/em>, pr\u00e9sent\u00e9 aux Jeux Olympiques de Londres, l\u2019\u00e9t\u00e9 dernier. Le concept, \u0153uvre d\u2019une \u00e9quipe cr\u00e9ative conduite par <strong>Anne-Sophie Cosandey<\/strong>, aujourd\u2019hui \u00e0 l\u2019Auberge des Quatre-Vents, \u00e0 Fribourg, est mis \u00e0 disposition des diplomates, pour de petits groupes. Sur une vaste nappe, et dans un rituel pr\u00e9cis, on dispose une s\u00e9rie d\u2019alliances, soit un produit typique assorti \u00e0 son vin. Huit paires sont propos\u00e9es, comme celle du Completer, rare vin blanc des Grisons, avec un saucisson \u00e0 la menthe d\u2019un charcutier de Villeneuve (VD)\u00a0; le plus rare (encore) Himbertscha, blanc haut-valaisan, avec du fromage de ch\u00e8vre de Grimisuat (VS)\u00a0; le pinot noir T\u00e9nor, du domaine <strong>La Confrary<\/strong>, \u00e0 Chardonne (VD), avec du lard sec aux herbes, et le passerill\u00e9 de la m\u00eame cave, avec une tourte aux noix des Grisons. Outre du pain de seigle, la cuchaule de la <strong>boulangerie Saudan<\/strong>, \u00e0 Fribourg, et des pralin\u00e9s \u00e0 la double cr\u00e8me de la Gruy\u00e8re, du chocolatier fribourgeois <strong>Villars<\/strong>, figurent dans cette illustration du paysage gastronomique suisse. De nouvelles versions sont en cours de d\u00e9veloppement ce printemps. <b><i>(pts)<\/i><\/b><\/p>\n<h2><b>Le Ghana et la Suisse<\/b><\/h2>\n<p>Quelque 400 Suisses vivent au Ghana, soit davantage qu\u2019en C\u00f4te d\u2019Ivoire voisine. La Suisse est un des plus gros clients du Ghana pour ses deux principales mati\u00e8res premi\u00e8res, le cacao (exportations totales: 1,8 milliard de francs) et, surtout, l\u2019or (4 millards de francs). L\u2019ambassade de Suisse d\u2019Accra dessert aussi deux pays francophones, \u00e0 l\u2019Est, le B\u00e9nin et le Togo, o\u00f9 r\u00e9sident, dans chacun, une centaine de Suisses. Outre les services relevant des affaires \u00e9trang\u00e8res, le Seco pilote, depuis dix ans, divers projets avec la Banque centrale, les imp\u00f4ts, les fournisseurs d\u2019\u00e9lectricit\u00e9. Le Ghana et ses 25,5 millions d\u2019habitants passe pour un pays (relativement) riche de l\u2019Afrique de l\u2019Ouest, avec un PIB de 1609 dollars par habitant (2012) et un taux de croissance de 8,2% (C\u00f4te-d\u2019Ivoire, 1039 dollars, 8,1%\u00a0; B\u00e9nin, 806 dollars, 3,5%\u00a0Togo, 575 dollars, 5%). D\u00e8s 2007, du p\u00e9trole a \u00e9t\u00e9 extrait, export\u00e9, faute de raffinage sur place. A Accra, la Suisse collabore avec le Centre International <strong>Kofi Annan<\/strong> de formation au maintien de la paix (KAIPTC): l\u2019ancien secr\u00e9taire g\u00e9n\u00e9ral des Nations-Unies est le Ghan\u00e9en le plus c\u00e9l\u00e8bre sur la sc\u00e8ne internationale. <b><i>(pts)<\/i><\/b><\/p>\n<p>Reportage paru dans le quotidien fribourgeois <em>La Libert\u00e9<\/em>, le 10 avril 2013; <a href=\"http:\/\/www.thomasvino.ch\/wp\/wp-content\/uploads\/2013\/04\/lib_accra0413.pdf\">PDF de la page parue ici<\/a>.<\/p>\n","protected":false},"excerpt":{"rendered":"<p>A l\u2019occasion de la Semaine de la Francophonie, Pr\u00e9sence suisse a propos\u00e9, pour la premi\u00e8re fois, des activit\u00e9s sortant des chemins culturels habituels. Pierre Thomas, s\u2019est envol\u00e9 pour Accra, capitale du Ghana, du 18 au 22 mars 2013, pour pr\u00e9senter une s\u00e9lection de vins suisses. Reportage. De retour d\u2019Accra, Pierre Thomas Cette ann\u00e9e, Berne avait [&hellip;]<\/p>\n","protected":false},"author":3,"featured_media":0,"comment_status":"closed","ping_status":"open","sticky":false,"template":"","format":"standard","meta":{"_monsterinsights_skip_tracking":false,"_monsterinsights_sitenote_active":false,"_monsterinsights_sitenote_note":"","_monsterinsights_sitenote_category":0,"jetpack_post_was_ever_published":false,"jetpack_publicize_message":"","jetpack_is_tweetstorm":false,"jetpack_publicize_feature_enabled":true,"jetpack_social_post_already_shared":false,"jetpack_social_options":{"image_generator_settings":{"template":"highway","enabled":false}}},"categories":[27,26],"tags":[],"jetpack_publicize_connections":[],"yoast_head":"<!-- This site is optimized with the Yoast SEO plugin v20.6 - https:\/\/yoast.com\/wordpress\/plugins\/seo\/ -->\n<title>Vins suisses sous les tropiques - thomasvino<\/title>\n<meta name=\"robots\" content=\"index, follow, max-snippet:-1, max-image-preview:large, max-video-preview:-1\" \/>\n<link rel=\"canonical\" href=\"https:\/\/thomasvino.ch\/?p=10474\" \/>\n<meta property=\"og:locale\" content=\"fr_FR\" \/>\n<meta property=\"og:type\" content=\"article\" \/>\n<meta property=\"og:title\" content=\"Vins suisses sous les tropiques - thomasvino\" \/>\n<meta property=\"og:description\" content=\"A l\u2019occasion de la Semaine de la Francophonie, Pr\u00e9sence suisse a propos\u00e9, pour la premi\u00e8re fois, des activit\u00e9s sortant des chemins culturels habituels. Pierre Thomas, s\u2019est envol\u00e9 pour Accra, capitale du Ghana, du 18 au 22 mars 2013, pour pr\u00e9senter une s\u00e9lection de vins suisses. Reportage. De retour d\u2019Accra, Pierre Thomas Cette ann\u00e9e, Berne avait [&hellip;]\" \/>\n<meta property=\"og:url\" content=\"https:\/\/thomasvino.ch\/?p=10474\" \/>\n<meta property=\"og:site_name\" content=\"thomasvino\" \/>\n<meta property=\"article:published_time\" content=\"2013-04-10T19:31:45+00:00\" \/>\n<meta property=\"article:modified_time\" content=\"2013-10-12T10:02:45+00:00\" \/>\n<meta property=\"og:image\" content=\"http:\/\/www.thomasvino.ch\/wp\/wp-content\/uploads\/2013\/04\/lib_accra7_osu-300x225.jpg\" \/>\n<meta name=\"author\" content=\"Pierre Thomas\" \/>\n<meta name=\"twitter:label1\" content=\"\u00c9crit par\" \/>\n\t<meta name=\"twitter:data1\" content=\"Pierre Thomas\" \/>\n\t<meta name=\"twitter:label2\" content=\"Dur\u00e9e de lecture estim\u00e9e\" \/>\n\t<meta name=\"twitter:data2\" content=\"8 minutes\" \/>\n<script type=\"application\/ld+json\" class=\"yoast-schema-graph\">{\"@context\":\"https:\/\/schema.org\",\"@graph\":[{\"@type\":\"WebPage\",\"@id\":\"https:\/\/thomasvino.ch\/?p=10474\",\"url\":\"https:\/\/thomasvino.ch\/?p=10474\",\"name\":\"Vins suisses sous les tropiques - thomasvino\",\"isPartOf\":{\"@id\":\"https:\/\/thomasvino.ch\/#website\"},\"datePublished\":\"2013-04-10T19:31:45+00:00\",\"dateModified\":\"2013-10-12T10:02:45+00:00\",\"author\":{\"@id\":\"https:\/\/thomasvino.ch\/#\/schema\/person\/670bf4486fe81152cf1d68bd585e062e\"},\"breadcrumb\":{\"@id\":\"https:\/\/thomasvino.ch\/?p=10474#breadcrumb\"},\"inLanguage\":\"fr-FR\",\"potentialAction\":[{\"@type\":\"ReadAction\",\"target\":[\"https:\/\/thomasvino.ch\/?p=10474\"]}]},{\"@type\":\"BreadcrumbList\",\"@id\":\"https:\/\/thomasvino.ch\/?p=10474#breadcrumb\",\"itemListElement\":[{\"@type\":\"ListItem\",\"position\":1,\"name\":\"Accueil\",\"item\":\"https:\/\/thomasvino.ch\/\"},{\"@type\":\"ListItem\",\"position\":2,\"name\":\"Vins suisses sous les tropiques\"}]},{\"@type\":\"WebSite\",\"@id\":\"https:\/\/thomasvino.ch\/#website\",\"url\":\"https:\/\/thomasvino.ch\/\",\"name\":\"thomasvino\",\"description\":\"Vins &amp; Gastronomie\",\"potentialAction\":[{\"@type\":\"SearchAction\",\"target\":{\"@type\":\"EntryPoint\",\"urlTemplate\":\"https:\/\/thomasvino.ch\/?s={search_term_string}\"},\"query-input\":\"required name=search_term_string\"}],\"inLanguage\":\"fr-FR\"},{\"@type\":\"Person\",\"@id\":\"https:\/\/thomasvino.ch\/#\/schema\/person\/670bf4486fe81152cf1d68bd585e062e\",\"name\":\"Pierre Thomas\",\"image\":{\"@type\":\"ImageObject\",\"inLanguage\":\"fr-FR\",\"@id\":\"https:\/\/thomasvino.ch\/#\/schema\/person\/image\/\",\"url\":\"https:\/\/secure.gravatar.com\/avatar\/91fd5a76647f140e53db987a0dead4d7?s=96&d=mm&r=g\",\"contentUrl\":\"https:\/\/secure.gravatar.com\/avatar\/91fd5a76647f140e53db987a0dead4d7?s=96&d=mm&r=g\",\"caption\":\"Pierre Thomas\"},\"url\":\"https:\/\/thomasvino.ch\/?author=3\"}]}<\/script>\n<!-- \/ Yoast SEO plugin. -->","yoast_head_json":{"title":"Vins suisses sous les tropiques - thomasvino","robots":{"index":"index","follow":"follow","max-snippet":"max-snippet:-1","max-image-preview":"max-image-preview:large","max-video-preview":"max-video-preview:-1"},"canonical":"https:\/\/thomasvino.ch\/?p=10474","og_locale":"fr_FR","og_type":"article","og_title":"Vins suisses sous les tropiques - thomasvino","og_description":"A l\u2019occasion de la Semaine de la Francophonie, Pr\u00e9sence suisse a propos\u00e9, pour la premi\u00e8re fois, des activit\u00e9s sortant des chemins culturels habituels. Pierre Thomas, s\u2019est envol\u00e9 pour Accra, capitale du Ghana, du 18 au 22 mars 2013, pour pr\u00e9senter une s\u00e9lection de vins suisses. Reportage. De retour d\u2019Accra, Pierre Thomas Cette ann\u00e9e, Berne avait [&hellip;]","og_url":"https:\/\/thomasvino.ch\/?p=10474","og_site_name":"thomasvino","article_published_time":"2013-04-10T19:31:45+00:00","article_modified_time":"2013-10-12T10:02:45+00:00","og_image":[{"url":"http:\/\/www.thomasvino.ch\/wp\/wp-content\/uploads\/2013\/04\/lib_accra7_osu-300x225.jpg"}],"author":"Pierre Thomas","twitter_misc":{"\u00c9crit par":"Pierre Thomas","Dur\u00e9e de lecture estim\u00e9e":"8 minutes"},"schema":{"@context":"https:\/\/schema.org","@graph":[{"@type":"WebPage","@id":"https:\/\/thomasvino.ch\/?p=10474","url":"https:\/\/thomasvino.ch\/?p=10474","name":"Vins suisses sous les tropiques - thomasvino","isPartOf":{"@id":"https:\/\/thomasvino.ch\/#website"},"datePublished":"2013-04-10T19:31:45+00:00","dateModified":"2013-10-12T10:02:45+00:00","author":{"@id":"https:\/\/thomasvino.ch\/#\/schema\/person\/670bf4486fe81152cf1d68bd585e062e"},"breadcrumb":{"@id":"https:\/\/thomasvino.ch\/?p=10474#breadcrumb"},"inLanguage":"fr-FR","potentialAction":[{"@type":"ReadAction","target":["https:\/\/thomasvino.ch\/?p=10474"]}]},{"@type":"BreadcrumbList","@id":"https:\/\/thomasvino.ch\/?p=10474#breadcrumb","itemListElement":[{"@type":"ListItem","position":1,"name":"Accueil","item":"https:\/\/thomasvino.ch\/"},{"@type":"ListItem","position":2,"name":"Vins suisses sous les tropiques"}]},{"@type":"WebSite","@id":"https:\/\/thomasvino.ch\/#website","url":"https:\/\/thomasvino.ch\/","name":"thomasvino","description":"Vins &amp; Gastronomie","potentialAction":[{"@type":"SearchAction","target":{"@type":"EntryPoint","urlTemplate":"https:\/\/thomasvino.ch\/?s={search_term_string}"},"query-input":"required name=search_term_string"}],"inLanguage":"fr-FR"},{"@type":"Person","@id":"https:\/\/thomasvino.ch\/#\/schema\/person\/670bf4486fe81152cf1d68bd585e062e","name":"Pierre Thomas","image":{"@type":"ImageObject","inLanguage":"fr-FR","@id":"https:\/\/thomasvino.ch\/#\/schema\/person\/image\/","url":"https:\/\/secure.gravatar.com\/avatar\/91fd5a76647f140e53db987a0dead4d7?s=96&d=mm&r=g","contentUrl":"https:\/\/secure.gravatar.com\/avatar\/91fd5a76647f140e53db987a0dead4d7?s=96&d=mm&r=g","caption":"Pierre Thomas"},"url":"https:\/\/thomasvino.ch\/?author=3"}]}},"jetpack_featured_media_url":"","jetpack_sharing_enabled":true,"jetpack_shortlink":"https:\/\/wp.me\/p3m4tZ-2IW","jetpack_likes_enabled":false,"jetpack-related-posts":[{"id":9238,"url":"https:\/\/thomasvino.ch\/?p=9238","url_meta":{"origin":10474,"position":0},"title":"Qui est Pierre Thomas ?","date":"13 janvier 2005","format":false,"excerpt":"Pierre Thomas journaliste, \u00e9crivain du vin et d\u00e9gustateur Collaborations r\u00e9guli\u00e8res... \u2014\u00a0 \u00e0 Tout Compte Fait (mensuel de consommation, rubrique vin), \u00e0 La Libert\u00e9, quotidien fribourgeois (une fois par mois), \u00e0 H\u00f4tellerie & Gastronomie Hebdo (hebdo du personnel horeca suisse), Vins et Vignobles, Montr\u00e9al (Qu\u00e9bec\/Canada); ...et \u00e9pisodiques \u2014 au coup par\u2026","rel":"","context":"Dans &quot;R\u00e9cemment d\u00e9gust\u00e9&quot;","img":{"alt_text":"jean-nic_meo121109.jpg","src":"img\/jean-nic_meo121109.jpg","width":350,"height":200},"classes":[]},{"id":12027,"url":"https:\/\/thomasvino.ch\/?p=12027","url_meta":{"origin":10474,"position":1},"title":"Un but convoit\u00e9  faire boire plus de vin aux Br\u00e9siliens","date":"13 juin 2014","format":false,"excerpt":"Le Br\u00e9sil partage avec la Chine, l\u2019Inde et la Russie \u2014 quatre des BRICs, auxquels s\u2019ajoutent l\u2019Afrique du Sud \u2014 l\u2019espoir d\u2019un march\u00e9 du vin en forte croissance. La Coupe du Monde de football, d\u00e8s cette semaine, puis les Jeux olympiques \u00e0 Rio de Janeiro, en 2016, sont deux occasions\u2026","rel":"","context":"Dans &quot;Tendance&quot;","img":{"alt_text":"","src":"https:\/\/i0.wp.com\/www.thomasvino.ch\/wp-content\/uploads\/2014\/04\/bres_Dilma_Russeff_President_of_Brazil-300x200.jpg?resize=350%2C200","width":350,"height":200},"classes":[]},{"id":9439,"url":"https:\/\/thomasvino.ch\/?p=9439","url_meta":{"origin":10474,"position":2},"title":"D\u00e9bat \u00e0 VINEA : comment relancer le vin suisse?","date":"6 septembre 2012","format":false,"excerpt":"D\u00e9bat sans r\u00e9ponse \u00e0 VINEA 2012 Comment relancer le vin suisse ? Le premier jour de VINEA\u00a0 2012 \u00e0 Sierre, vendredi 31 ao\u00fbt, des acteurs du monde vitivinicole helv\u00e9tique se sont demand\u00e9 comment mieux vendre les vins suisses. D\u00e8s 2013 devrait se tenir une \u00abSemaine du vin suisse\u00bb dans les\u2026","rel":"","context":"Dans &quot;Tendance&quot;","img":{"alt_text":"site_osonsvinsch.jpg","src":"img\/site_osonsvinsch.jpg","width":350,"height":200},"classes":[]},{"id":17649,"url":"https:\/\/thomasvino.ch\/?p=17649","url_meta":{"origin":10474,"position":3},"title":"Aide aux vins suisses\u00a0: \u00e7a bouge \u00e0 Berne","date":"23 f\u00e9vrier 2022","format":false,"excerpt":"Relayant les services du Parlement, l\u2019ATS annonce que le 23 f\u00e9vrier, la commission de l'\u00e9conomie et des redevances du Conseil national a adopt\u00e9 une motion visant \u00e0 augmenter de 2,8 \u00e0 9 millions par ann\u00e9e les moyens financiers destin\u00e9s \u00e0 la promotion des vins suisses. Par Pierre Thomas Elle a\u2026","rel":"","context":"Dans &quot;Actus - News&quot;","img":{"alt_text":"","src":"","width":0,"height":0},"classes":[]},{"id":10769,"url":"https:\/\/thomasvino.ch\/?p=10769","url_meta":{"origin":10474,"position":4},"title":"Selon un sondage, l&rsquo;image des vins suisses s&rsquo;est am\u00e9lior\u00e9e","date":"30 mai 2013","format":false,"excerpt":"Que faut-il croire? Les chiffres d\u2019une consommation qui faiblit? L\u2019argument d\u2019un \u00abtourisme d\u2019achat\u00bb de proximit\u00e9 de 20 \u00e0 30 millions de litres, accentu\u00e9 par le \u00abfranc fort\u00bb, qui fausse la statistique de la consommaton 2012, en baisse de 12 millions de litres (8 \u00e0 charge des vins suisses)? Ou alors\u2026","rel":"","context":"Dans &quot;Vins suisses&quot;","img":{"alt_text":"","src":"","width":0,"height":0},"classes":[]},{"id":9422,"url":"https:\/\/thomasvino.ch\/?p=9422","url_meta":{"origin":10474,"position":5},"title":"Vins suisses: \u00e0 Zurich plut\u00f4t qu&rsquo;\u00e0 Sierre?","date":"17 ao\u00fbt 2012","format":false,"excerpt":"Mieux vaut-il aller \u00e0 Zurich, le lundi 27 ao\u00fbt 2012, ou \u00e0 Sierre, le vendredi 31 ao\u00fbt et le samedi 1er septembre pour rencontrer des vignerons de toute la Suisse et d\u00e9guster leurs vins\u00a0? La comp\u00e9tition entre M\u00e9moire & Friends, \u00e0 Zurich, et VINEA, \u00e0 Sierre, est plus ouverte que\u2026","rel":"","context":"Dans &quot;Tendance&quot;","img":{"alt_text":"","src":"","width":0,"height":0},"classes":[]}],"_links":{"self":[{"href":"https:\/\/thomasvino.ch\/index.php?rest_route=\/wp\/v2\/posts\/10474"}],"collection":[{"href":"https:\/\/thomasvino.ch\/index.php?rest_route=\/wp\/v2\/posts"}],"about":[{"href":"https:\/\/thomasvino.ch\/index.php?rest_route=\/wp\/v2\/types\/post"}],"author":[{"embeddable":true,"href":"https:\/\/thomasvino.ch\/index.php?rest_route=\/wp\/v2\/users\/3"}],"replies":[{"embeddable":true,"href":"https:\/\/thomasvino.ch\/index.php?rest_route=%2Fwp%2Fv2%2Fcomments&post=10474"}],"version-history":[{"count":0,"href":"https:\/\/thomasvino.ch\/index.php?rest_route=\/wp\/v2\/posts\/10474\/revisions"}],"wp:attachment":[{"href":"https:\/\/thomasvino.ch\/index.php?rest_route=%2Fwp%2Fv2%2Fmedia&parent=10474"}],"wp:term":[{"taxonomy":"category","embeddable":true,"href":"https:\/\/thomasvino.ch\/index.php?rest_route=%2Fwp%2Fv2%2Fcategories&post=10474"},{"taxonomy":"post_tag","embeddable":true,"href":"https:\/\/thomasvino.ch\/index.php?rest_route=%2Fwp%2Fv2%2Ftags&post=10474"}],"curies":[{"name":"wp","href":"https:\/\/api.w.org\/{rel}","templated":true}]}}