{"id":10712,"date":"2013-05-14T09:43:14","date_gmt":"2013-05-14T08:43:14","guid":{"rendered":"http:\/\/www.thomasvino.ch\/?p=10712"},"modified":"2013-10-12T11:02:44","modified_gmt":"2013-10-12T10:02:44","slug":"311-caves-ouvertes-vaudoises-samedi-et-dimanche-de-pentecote","status":"publish","type":"post","link":"https:\/\/thomasvino.ch\/?p=10712","title":{"rendered":"311 caves ouvertes vaudoises, samedi et dimanche de Pentec\u00f4te"},"content":{"rendered":"<p style=\"text-align: justify;\">Elles sont sept de plus que l\u2019an pass\u00e9, les caves \u00e0 s\u2019ouvrir \u00e0 la Pentec\u00f4te (attention\u00a0: samedi 18 et dimanche 19 mai 2013). Elles sont r\u00e9parties dans les 8 AOC du canton\u2026 Tiens, huit\u00a0? Vous coryiez qu\u2019il n\u2019y en avait que six depuis 2009, La C\u00f4te, Lavaux, Chablais, C\u00f4tes-de-l\u2019Orbe, Bonvillars et Vully\u00a0? Eh bien, \u00e0 Lavaux, le <strong><a title=\"D\u00e9zaley et Calamin\" href=\"http:\/\/www.thomasvino.ch\/2013\/04\/dezaley-et-calamin\/\">D\u00e9zaley et le Calamin ont retrouv\u00e9 leur appellation de plein droit <\/a><\/strong>depuis cette ann\u00e9e.<\/p>\n<p style=\"text-align: justify;\">L\u2019op\u00e9ration vaudoise s&rsquo;\u00e9tend de 10 h. \u00e0 19 h. les deux jours. Un passeport \u00e0 15 francs donne droit \u00e0 un verre souvenir \u00e0 des d\u00e9gustations libres, ainsi qu\u2019\u00e0 la gratuit\u00e9 des transports publics depuis les gares principales (Yverdon, Morges, Nyon, Gland, Rolle, Cully, Grandvaux, Montreux, Pal\u00e9zieux, Lutry, Aigle, Bex, Villeneuve). Les CFF ont \u00e9mis une offre combin\u00e9e avec 20% de rabais, Des h\u00f4tels et des restaurants proposent des arrangements, tandis qu\u2019il est possible d\u2019emporter un carton de trois bouteilles en souvenir. Sur Facebook, un concours est organis\u00e9.<\/p>\n<p><strong><a href=\"http:\/\/www.cavesouvertes.ch\">www.cavesouvertes.ch<\/a><\/strong><\/p>\n","protected":false},"excerpt":{"rendered":"<p>Elles sont sept de plus que l\u2019an pass\u00e9, les caves \u00e0 s\u2019ouvrir \u00e0 la Pentec\u00f4te (attention\u00a0: samedi 18 et dimanche 19 mai 2013). Elles sont r\u00e9parties dans les 8 AOC du canton\u2026 Tiens, huit\u00a0? Vous coryiez qu\u2019il n\u2019y en avait que six depuis 2009, La C\u00f4te, Lavaux, Chablais, C\u00f4tes-de-l\u2019Orbe, Bonvillars et Vully\u00a0? Eh bien, \u00e0 [&hellip;]<\/p>\n","protected":false},"author":3,"featured_media":0,"comment_status":"closed","ping_status":"open","sticky":false,"template":"","format":"standard","meta":{"_monsterinsights_skip_tracking":false,"_monsterinsights_sitenote_active":false,"_monsterinsights_sitenote_note":"","_monsterinsights_sitenote_category":0,"jetpack_post_was_ever_published":false,"jetpack_publicize_message":"311 caves ouvertes vaudoises, samedi et dimanche de Pentec\u00f4te","jetpack_is_tweetstorm":false,"jetpack_publicize_feature_enabled":true,"jetpack_social_post_already_shared":true,"jetpack_social_options":{"image_generator_settings":{"template":"highway","enabled":false}}},"categories":[15],"tags":[],"jetpack_publicize_connections":[],"yoast_head":"<!-- This site is optimized with the Yoast SEO plugin v20.6 - https:\/\/yoast.com\/wordpress\/plugins\/seo\/ -->\n<title>311 caves ouvertes vaudoises, samedi et dimanche de Pentec\u00f4te - thomasvino<\/title>\n<meta name=\"robots\" content=\"index, follow, max-snippet:-1, max-image-preview:large, max-video-preview:-1\" \/>\n<link rel=\"canonical\" href=\"https:\/\/thomasvino.ch\/?p=10712\" \/>\n<meta property=\"og:locale\" content=\"fr_FR\" \/>\n<meta property=\"og:type\" content=\"article\" \/>\n<meta property=\"og:title\" content=\"311 caves ouvertes vaudoises, samedi et dimanche de Pentec\u00f4te - thomasvino\" \/>\n<meta property=\"og:description\" content=\"Elles sont sept de plus que l\u2019an pass\u00e9, les caves \u00e0 s\u2019ouvrir \u00e0 la Pentec\u00f4te (attention\u00a0: samedi 18 et dimanche 19 mai 2013). Elles sont r\u00e9parties dans les 8 AOC du canton\u2026 Tiens, huit\u00a0? Vous coryiez qu\u2019il n\u2019y en avait que six depuis 2009, La C\u00f4te, Lavaux, Chablais, C\u00f4tes-de-l\u2019Orbe, Bonvillars et Vully\u00a0? Eh bien, \u00e0 [&hellip;]\" \/>\n<meta property=\"og:url\" content=\"https:\/\/thomasvino.ch\/?p=10712\" \/>\n<meta property=\"og:site_name\" content=\"thomasvino\" \/>\n<meta property=\"article:published_time\" content=\"2013-05-14T08:43:14+00:00\" \/>\n<meta property=\"article:modified_time\" content=\"2013-10-12T10:02:44+00:00\" \/>\n<meta name=\"author\" content=\"Pierre Thomas\" \/>\n<meta name=\"twitter:label1\" content=\"\u00c9crit par\" \/>\n\t<meta name=\"twitter:data1\" content=\"Pierre Thomas\" \/>\n\t<meta name=\"twitter:label2\" content=\"Dur\u00e9e de lecture estim\u00e9e\" \/>\n\t<meta name=\"twitter:data2\" content=\"1 minute\" \/>\n<script type=\"application\/ld+json\" class=\"yoast-schema-graph\">{\"@context\":\"https:\/\/schema.org\",\"@graph\":[{\"@type\":\"WebPage\",\"@id\":\"https:\/\/thomasvino.ch\/?p=10712\",\"url\":\"https:\/\/thomasvino.ch\/?p=10712\",\"name\":\"311 caves ouvertes vaudoises, samedi et dimanche de Pentec\u00f4te - thomasvino\",\"isPartOf\":{\"@id\":\"https:\/\/thomasvino.ch\/#website\"},\"datePublished\":\"2013-05-14T08:43:14+00:00\",\"dateModified\":\"2013-10-12T10:02:44+00:00\",\"author\":{\"@id\":\"https:\/\/thomasvino.ch\/#\/schema\/person\/670bf4486fe81152cf1d68bd585e062e\"},\"breadcrumb\":{\"@id\":\"https:\/\/thomasvino.ch\/?p=10712#breadcrumb\"},\"inLanguage\":\"fr-FR\",\"potentialAction\":[{\"@type\":\"ReadAction\",\"target\":[\"https:\/\/thomasvino.ch\/?p=10712\"]}]},{\"@type\":\"BreadcrumbList\",\"@id\":\"https:\/\/thomasvino.ch\/?p=10712#breadcrumb\",\"itemListElement\":[{\"@type\":\"ListItem\",\"position\":1,\"name\":\"Accueil\",\"item\":\"https:\/\/thomasvino.ch\/\"},{\"@type\":\"ListItem\",\"position\":2,\"name\":\"311 caves ouvertes vaudoises, samedi et dimanche de Pentec\u00f4te\"}]},{\"@type\":\"WebSite\",\"@id\":\"https:\/\/thomasvino.ch\/#website\",\"url\":\"https:\/\/thomasvino.ch\/\",\"name\":\"thomasvino\",\"description\":\"Vins &amp; Gastronomie\",\"potentialAction\":[{\"@type\":\"SearchAction\",\"target\":{\"@type\":\"EntryPoint\",\"urlTemplate\":\"https:\/\/thomasvino.ch\/?s={search_term_string}\"},\"query-input\":\"required name=search_term_string\"}],\"inLanguage\":\"fr-FR\"},{\"@type\":\"Person\",\"@id\":\"https:\/\/thomasvino.ch\/#\/schema\/person\/670bf4486fe81152cf1d68bd585e062e\",\"name\":\"Pierre Thomas\",\"image\":{\"@type\":\"ImageObject\",\"inLanguage\":\"fr-FR\",\"@id\":\"https:\/\/thomasvino.ch\/#\/schema\/person\/image\/\",\"url\":\"https:\/\/secure.gravatar.com\/avatar\/91fd5a76647f140e53db987a0dead4d7?s=96&d=mm&r=g\",\"contentUrl\":\"https:\/\/secure.gravatar.com\/avatar\/91fd5a76647f140e53db987a0dead4d7?s=96&d=mm&r=g\",\"caption\":\"Pierre Thomas\"},\"url\":\"https:\/\/thomasvino.ch\/?author=3\"}]}<\/script>\n<!-- \/ Yoast SEO plugin. -->","yoast_head_json":{"title":"311 caves ouvertes vaudoises, samedi et dimanche de Pentec\u00f4te - thomasvino","robots":{"index":"index","follow":"follow","max-snippet":"max-snippet:-1","max-image-preview":"max-image-preview:large","max-video-preview":"max-video-preview:-1"},"canonical":"https:\/\/thomasvino.ch\/?p=10712","og_locale":"fr_FR","og_type":"article","og_title":"311 caves ouvertes vaudoises, samedi et dimanche de Pentec\u00f4te - thomasvino","og_description":"Elles sont sept de plus que l\u2019an pass\u00e9, les caves \u00e0 s\u2019ouvrir \u00e0 la Pentec\u00f4te (attention\u00a0: samedi 18 et dimanche 19 mai 2013). Elles sont r\u00e9parties dans les 8 AOC du canton\u2026 Tiens, huit\u00a0? Vous coryiez qu\u2019il n\u2019y en avait que six depuis 2009, La C\u00f4te, Lavaux, Chablais, C\u00f4tes-de-l\u2019Orbe, Bonvillars et Vully\u00a0? Eh bien, \u00e0 [&hellip;]","og_url":"https:\/\/thomasvino.ch\/?p=10712","og_site_name":"thomasvino","article_published_time":"2013-05-14T08:43:14+00:00","article_modified_time":"2013-10-12T10:02:44+00:00","author":"Pierre Thomas","twitter_misc":{"\u00c9crit par":"Pierre Thomas","Dur\u00e9e de lecture estim\u00e9e":"1 minute"},"schema":{"@context":"https:\/\/schema.org","@graph":[{"@type":"WebPage","@id":"https:\/\/thomasvino.ch\/?p=10712","url":"https:\/\/thomasvino.ch\/?p=10712","name":"311 caves ouvertes vaudoises, samedi et dimanche de Pentec\u00f4te - thomasvino","isPartOf":{"@id":"https:\/\/thomasvino.ch\/#website"},"datePublished":"2013-05-14T08:43:14+00:00","dateModified":"2013-10-12T10:02:44+00:00","author":{"@id":"https:\/\/thomasvino.ch\/#\/schema\/person\/670bf4486fe81152cf1d68bd585e062e"},"breadcrumb":{"@id":"https:\/\/thomasvino.ch\/?p=10712#breadcrumb"},"inLanguage":"fr-FR","potentialAction":[{"@type":"ReadAction","target":["https:\/\/thomasvino.ch\/?p=10712"]}]},{"@type":"BreadcrumbList","@id":"https:\/\/thomasvino.ch\/?p=10712#breadcrumb","itemListElement":[{"@type":"ListItem","position":1,"name":"Accueil","item":"https:\/\/thomasvino.ch\/"},{"@type":"ListItem","position":2,"name":"311 caves ouvertes vaudoises, samedi et dimanche de Pentec\u00f4te"}]},{"@type":"WebSite","@id":"https:\/\/thomasvino.ch\/#website","url":"https:\/\/thomasvino.ch\/","name":"thomasvino","description":"Vins &amp; Gastronomie","potentialAction":[{"@type":"SearchAction","target":{"@type":"EntryPoint","urlTemplate":"https:\/\/thomasvino.ch\/?s={search_term_string}"},"query-input":"required name=search_term_string"}],"inLanguage":"fr-FR"},{"@type":"Person","@id":"https:\/\/thomasvino.ch\/#\/schema\/person\/670bf4486fe81152cf1d68bd585e062e","name":"Pierre Thomas","image":{"@type":"ImageObject","inLanguage":"fr-FR","@id":"https:\/\/thomasvino.ch\/#\/schema\/person\/image\/","url":"https:\/\/secure.gravatar.com\/avatar\/91fd5a76647f140e53db987a0dead4d7?s=96&d=mm&r=g","contentUrl":"https:\/\/secure.gravatar.com\/avatar\/91fd5a76647f140e53db987a0dead4d7?s=96&d=mm&r=g","caption":"Pierre Thomas"},"url":"https:\/\/thomasvino.ch\/?author=3"}]}},"jetpack_featured_media_url":"","jetpack_sharing_enabled":true,"jetpack_shortlink":"https:\/\/wp.me\/p3m4tZ-2MM","jetpack_likes_enabled":false,"jetpack-related-posts":[{"id":9364,"url":"https:\/\/thomasvino.ch\/?p=9364","url_meta":{"origin":10712,"position":0},"title":"Les vins de Lutry s\u2019approprient Lavaux","date":"30 avril 2012","format":false,"excerpt":"Petite coop\u00e9rative centenaire, l\u2019Association viticole de Lutry devient \u00abTerres de Lavaux Lutry\u00bb, avec un logo dessin\u00e9 par Oscar Ribes. Une pi\u00e8ce \u00e0 verser au dossier de Lavaux, cinq ans apr\u00e8s le classement au Patrimoine mondial de l\u2019UNESCO. Par Pierre Thomas Avec ses 55 propri\u00e9taires pour 13 hectares de vignes, la\u2026","rel":"","context":"Dans &quot;Vins suisses&quot;","img":{"alt_text":"site_jecestoppey3_vitilutry.jpg","src":"img\/site_jecestoppey3_vitilutry.jpg","width":350,"height":200},"classes":[]},{"id":13486,"url":"https:\/\/thomasvino.ch\/?p=13486","url_meta":{"origin":10712,"position":1},"title":"Joli mai, mois des caves\u2026 ouvertes","date":"11 avril 2016","format":false,"excerpt":"Les marques sont d\u00e9sormais prises\u00a0: les caves ouvertes suisses ont lieu aux m\u00eames dates rep\u00e8res chaque ann\u00e9e. Les deux principaux cantons se sont r\u00e9serv\u00e9s les \u00ablongs week-ends\u00bb, l\u2019Ascension pour le Valais et la Pentec\u00f4te pour les Vaudois. Rappel des dates exactes. Neuch\u00e2tel ouvre le bal le vendredi 29 et le\u2026","rel":"","context":"Dans &quot;Actus - News&quot;","img":{"alt_text":"","src":"","width":0,"height":0},"classes":[]},{"id":15724,"url":"https:\/\/thomasvino.ch\/?p=15724","url_meta":{"origin":10712,"position":2},"title":"Caves ouvertes suisses 2019: du 1er mai au 9 juin!","date":"16 avril 2019","format":false,"excerpt":"Les six r\u00e9gions viticoles suisses organisent leurs op\u00e9rations \u00abcaves ouvertes\u00bb du mardi 1er mai, en Suisse al\u00e9manique, au dimanche 9 juin 2019, chez les Vaudois, qui ferment cette (longue) marche.\u00a0 En Suisse al\u00e9manique, les caveaux ouvrent d\u00e9j\u00e0 le 1er mai, jusqu'au 5 mai. Mieux vaut v\u00e9rifier sur le site d\u00e9di\u00e9\u2026","rel":"","context":"Dans &quot;Actus - News&quot;","img":{"alt_text":"","src":"","width":0,"height":0},"classes":[]},{"id":17706,"url":"https:\/\/thomasvino.ch\/?p=17706","url_meta":{"origin":10712,"position":3},"title":"Le retour des caves ouvertes","date":"11 avril 2022","format":false,"excerpt":"Apr\u00e8s deux ann\u00e9es perturb\u00e9es, avec des formules vari\u00e9es, adapt\u00e9es \u00e0 la pand\u00e9mie, les caves ouvertes reviennent en mai et en juin 2022 dans toute la Suisse, selon un calendrier d\u00e9sormais rod\u00e9. La Suisse al\u00e9manique ouvre les feux le samedi 30 avril et le dimanche 1er mai. Neuch\u00e2tel suit le vendredi\u2026","rel":"","context":"Dans &quot;Actus - News&quot;","img":{"alt_text":"","src":"","width":0,"height":0},"classes":[]},{"id":14968,"url":"https:\/\/thomasvino.ch\/?p=14968","url_meta":{"origin":10712,"position":4},"title":"Vins suisses: avril et mai d&rsquo;enfer!","date":"26 mars 2018","format":false,"excerpt":"Amateurs de vins suisses, si vous ne savez pas quoi faire ces deux prochains mois, vous \u00eates servis. En avril et en mai, les d\u00e9gustations se multiplient. Tentative d\u2019en faire le tour\u2026 en les annon\u00e7ant. Divinum \u00e0 MorgesSur l\u2019arc l\u00e9manique, \u00e0 port\u00e9e de Gen\u00e8ve et de Lausanne, les deux salons\u2026","rel":"","context":"Dans &quot;Actus - News&quot;","img":{"alt_text":"","src":"","width":0,"height":0},"classes":[]},{"id":12710,"url":"https:\/\/thomasvino.ch\/?p=12710","url_meta":{"origin":10712,"position":5},"title":"Mai 2015: le tour de Suisse des vins!","date":"27 avril 2015","format":false,"excerpt":"Le hasard du calendrier fait que le (long) mois de mai concentre, cette ann\u00e9e, toutes les dates des \u00abcaves ouvertes\u00bb de Suisse 2015. Apr\u00e8s Neuch\u00e2tel, le lac de Bienne du vendredi 1er au 2 mai, et la Suisse al\u00e9manique, jusqu\u2019au dimanche 3 mai. Le vendredi 8 mai et le samedi\u2026","rel":"","context":"Dans &quot;Actus - News&quot;","img":{"alt_text":"","src":"","width":0,"height":0},"classes":[]}],"_links":{"self":[{"href":"https:\/\/thomasvino.ch\/index.php?rest_route=\/wp\/v2\/posts\/10712"}],"collection":[{"href":"https:\/\/thomasvino.ch\/index.php?rest_route=\/wp\/v2\/posts"}],"about":[{"href":"https:\/\/thomasvino.ch\/index.php?rest_route=\/wp\/v2\/types\/post"}],"author":[{"embeddable":true,"href":"https:\/\/thomasvino.ch\/index.php?rest_route=\/wp\/v2\/users\/3"}],"replies":[{"embeddable":true,"href":"https:\/\/thomasvino.ch\/index.php?rest_route=%2Fwp%2Fv2%2Fcomments&post=10712"}],"version-history":[{"count":0,"href":"https:\/\/thomasvino.ch\/index.php?rest_route=\/wp\/v2\/posts\/10712\/revisions"}],"wp:attachment":[{"href":"https:\/\/thomasvino.ch\/index.php?rest_route=%2Fwp%2Fv2%2Fmedia&parent=10712"}],"wp:term":[{"taxonomy":"category","embeddable":true,"href":"https:\/\/thomasvino.ch\/index.php?rest_route=%2Fwp%2Fv2%2Fcategories&post=10712"},{"taxonomy":"post_tag","embeddable":true,"href":"https:\/\/thomasvino.ch\/index.php?rest_route=%2Fwp%2Fv2%2Ftags&post=10712"}],"curies":[{"name":"wp","href":"https:\/\/api.w.org\/{rel}","templated":true}]}}