{"id":10725,"date":"2013-05-15T17:39:46","date_gmt":"2013-05-15T16:39:46","guid":{"rendered":"http:\/\/www.thomasvino.ch\/?p=10725"},"modified":"2013-10-12T11:02:44","modified_gmt":"2013-10-12T10:02:44","slug":"vins-de-lausanne-la-ville-sadresse-a-ses-citoyens","status":"publish","type":"post","link":"https:\/\/thomasvino.ch\/?p=10725","title":{"rendered":"\u00abVins de Lausanne\u00bb:  la ville s\u2019adresse \u00e0 ses citoyens"},"content":{"rendered":"<p><strong>La ville de Lausanne, plus gros propri\u00e9taire public de vigne de Suisse, propose une seconde gamme. Ces 25 \u00abvins de Lausanne\u00bb ont \u00e9t\u00e9 pr\u00e9sent\u00e9s lundi 13 mai 2013, dans l\u2019ex-pr\u00e9fecture de la place de La Louve.<\/strong><\/p>\n<p><em>Par Pierre Thomas<\/em><\/p>\n<p>Les deux jeunes femmes \u00e0 la t\u00eate des vignobles de la Ville de Lausanne, la politique <strong>Florence Germond<\/strong>, \u00abministre\u00bb des Finances, et la responsable technique <strong>Tania Munoz<\/strong>, \u0153nologue, ont expliqu\u00e9 que ces flacons <em>\u00abrelook\u00e9s\u00bb<\/em> sont destin\u00e9s \u00e0 se r\u00e9approprier une client\u00e8le locale, jeune et citadine. Ces grands crus, dont les \u00e9tiquettes, \u00e0 la suite d\u2019un concours sur invitation, ont \u00e9t\u00e9 dessin\u00e9es par le graphiste <strong>Antoine Javet<\/strong>, <strong><a title=\"Vully 2012: le temps de la rel\u00e8ve dans les caves\" href=\"http:\/\/www.thomasvino.ch\/?p=9507\">fils et fr\u00e8re de vignerons du Vully<\/a><\/strong>, s\u2019inscrivent \u00e0 c\u00f4t\u00e9 de la gamme traditionnelle. Les modes de vente diff\u00e9rent: la majorit\u00e9 des vins blancs et des assemblages rouges (entre 180&rsquo;000 litres et 150&rsquo;000 litres, en 2011 et 2012) continueront \u00e0 \u00eatre mis\u00e9s aux ench\u00e8res publiques, d\u00e9but d\u00e9cembre, tandis que ces 25 \u00abnouveaux\u00bb vins sont vendus sur place, dans les domaines.<\/p>\n<p><a href=\"https:\/\/i0.wp.com\/www.thomasvino.ch\/wp-content\/uploads\/2013\/05\/vins-bouteille-vdl-512px.jpg\"><img data-attachment-id=\"10726\" data-permalink=\"https:\/\/thomasvino.ch\/?attachment_id=10726\" data-orig-file=\"https:\/\/i0.wp.com\/thomasvino.ch\/wp-content\/uploads\/2013\/05\/vins-bouteille-vdl-512px.jpg?fit=512%2C227&amp;ssl=1\" data-orig-size=\"512,227\" data-comments-opened=\"1\" data-image-meta=\"{&quot;aperture&quot;:&quot;0&quot;,&quot;credit&quot;:&quot;&quot;,&quot;camera&quot;:&quot;&quot;,&quot;caption&quot;:&quot;&quot;,&quot;created_timestamp&quot;:&quot;0&quot;,&quot;copyright&quot;:&quot;&quot;,&quot;focal_length&quot;:&quot;0&quot;,&quot;iso&quot;:&quot;0&quot;,&quot;shutter_speed&quot;:&quot;0&quot;,&quot;title&quot;:&quot;&quot;}\" data-image-title=\"vins-bouteille-vdl-512px\" data-image-description=\"\" data-image-caption=\"\" data-medium-file=\"https:\/\/i0.wp.com\/thomasvino.ch\/wp-content\/uploads\/2013\/05\/vins-bouteille-vdl-512px.jpg?fit=300%2C133&amp;ssl=1\" data-large-file=\"https:\/\/i0.wp.com\/thomasvino.ch\/wp-content\/uploads\/2013\/05\/vins-bouteille-vdl-512px.jpg?fit=512%2C227&amp;ssl=1\" loading=\"lazy\" class=\"aligncenter size-medium wp-image-10726\" alt=\"vins-bouteille-vdl-512px\" src=\"https:\/\/i0.wp.com\/www.thomasvino.ch\/wp-content\/uploads\/2013\/05\/vins-bouteille-vdl-512px-300x133.jpg?resize=300%2C133\" width=\"300\" height=\"133\" srcset=\"https:\/\/i0.wp.com\/thomasvino.ch\/wp-content\/uploads\/2013\/05\/vins-bouteille-vdl-512px.jpg?resize=300%2C133&amp;ssl=1 300w, https:\/\/i0.wp.com\/thomasvino.ch\/wp-content\/uploads\/2013\/05\/vins-bouteille-vdl-512px.jpg?w=512&amp;ssl=1 512w\" sizes=\"(max-width: 300px) 100vw, 300px\" data-recalc-dims=\"1\" \/><\/a><\/p>\n<h2><b>Tous grands crus<\/b><\/h2>\n<p>La gamme a \u00e9t\u00e9 baptis\u00e9e de sept noms de fantaisie, r\u00e9pondant chacun \u00e0 une couleur d\u2019\u00e9tiquette. Par exemple, le gris rime avec la brume, l\u2019orange avec le solstice, le brun avec la nuit. On y trouve pas moins de huit cuv\u00e9es de chasselas, dont deux 1ers Grands Crus du seul Domaine du Burignon, \u00e0 Saint-Saphorin. En blanc, un pinot gris, un viognier et un chardonnay barriques sont du voyage, comme deux ros\u00e9s, l\u2019un de pinot noir, l\u2019autre de saign\u00e9e. Quatre rouges \u00absimples\u00bb, sous le nom d\u2019\u00abaurore\u00bb, avec un garanoir, un gamaret-garanoir, un gamay et un pinot noir, et six rouges plus complexes, sous le nom oppos\u00e9 de \u00abcr\u00e9puscule\u00bb, un gamay vieilles vignes, un pinot noir barrique, un gamaret barrique et un de long \u00e9levage (24 mois sous bois), deux merlots barrique et une syrah-diolinoir. Un effervescent, \u00e9labor\u00e9 en m\u00e9thode \u00abtraditionnelle\u00bb \u00e0 Gen\u00e8ve par <strong>Xavier Chevalley<\/strong>, assemblage de pinots noir et gris, l\u00e9g\u00e9rement teint\u00e9 de rose, compl\u00e8te l\u2019assortiment. Tous ces vins sont grands crus, puisque provenant d\u2019un seul domaine. Le Ch\u00e2teau Rochefort \u00e0 Allaman, reconverti en bio depuis peu, et le Burignon, \u00e0 Saint-Saphorin, m\u00e8nent la danse, avec huit vins, devant l\u2019Abbaye de Mont(sur-Rolle), avec quatre, et les D\u00e9zaleys, Clos des Abbayes, trois, et Clos des Moines, deux.<\/p>\n<h2><b>Lanc\u00e9s \u00e0 Pentec\u00f4te 2013<\/b><\/h2>\n<p>Au total, pour ce \u00abcoup d\u2019essai\u00bb r\u00e9parti sur les mill\u00e9simes 2011 et 2012, un peu plus de 20&rsquo;000 bouteilles devraient \u00eatre commercialis\u00e9es. Les prix publics s\u2019\u00e9chelonnent entre 11,50 francs (chasselas La Plantaz, Abbaye de Mont) et 30 francs (gamaret 24 mois, Ch\u00e2teau Rochefort), en bouteille de 75 cl, avec un prix m\u00e9dian de 19,35 fr. (qui ne tient pas compte des volumes \u00e0 disposition). Les Vins de Lausanne seront partenaires du Festival de la Cit\u00e9, du 9 au 14 juillet, o\u00f9 pr\u00e8s de 10&rsquo;000 bouteilles devraient \u00eatre \u00e9coul\u00e9es. Apr\u00e8s le lancement public dans les domaines lors des Caves ouvertes vaudoises de Pentec\u00f4te (ce samedi et ce dimanche, 18 et 19 mai), la nouvelle gamme fera l\u2019objet d\u2019une campagne de promotion, cet automne, o\u00f9 Lausanne reconduira son r\u00f4le de \u00abville du go\u00fbt\u00bb durant la semaine homoynme (du 12 au 22 septembre).<\/p>\n<p><em>Paru dans H\u00f4tellerie &amp; Gastronomie Hebdo du 16 mai 2013.<\/em><\/p>\n<p><em>Liens Internet:<\/em><\/p>\n<p>Site de Lausanne Ville du Go\u00fbt, avec un <strong><a title=\"Vins de Lausanne, d\u00e9gustation\" href=\"http:\/\/www.lausanne.ch\/lausanne-en-bref\/des-atouts\/lausanne-ville-du-gout\/vins-a-deguster.html\" target=\"_blank\">commentaire de 12 vins<\/a><\/strong>, par <strong>Pierre Thomas.<\/strong><\/p>\n<p>Les vins de Lausanne, <strong><a title=\"Vins de Lausanne, pr\u00e9sentation\" href=\"http:\/\/www.lausanne.ch\/ville-de-nature\/domaines\/vins-de-la-ville\/nouvelle-gamme\/un-nouveau-visage-pour-les-vins-de-lausanne.html\" target=\"_blank\">communiqu\u00e9 de presse officiel<\/a><\/strong>.<\/p>\n<p>Lausanne, Ville du Go\u00fbt 2013, <strong><a title=\"Lausanne Ville du Go\u00fbt sur Facebook\" href=\"https:\/\/www.facebook.com\/LausanneVilleDuGout?ref=stream&amp;hc_location=stream\" target=\"_blank\">le programme \u00e0 suivre<\/a><\/strong> sur Facebook.<\/p>\n","protected":false},"excerpt":{"rendered":"<p>La ville de Lausanne, plus gros propri\u00e9taire public de vigne de Suisse, propose une seconde gamme. Ces 25 \u00abvins de Lausanne\u00bb ont \u00e9t\u00e9 pr\u00e9sent\u00e9s lundi 13 mai 2013, dans l\u2019ex-pr\u00e9fecture de la place de La Louve. Par Pierre Thomas Les deux jeunes femmes \u00e0 la t\u00eate des vignobles de la Ville de Lausanne, la politique [&hellip;]<\/p>\n","protected":false},"author":3,"featured_media":0,"comment_status":"closed","ping_status":"open","sticky":false,"template":"","format":"standard","meta":{"_monsterinsights_skip_tracking":false,"_monsterinsights_sitenote_active":false,"_monsterinsights_sitenote_note":"","_monsterinsights_sitenote_category":0,"jetpack_post_was_ever_published":false,"jetpack_publicize_message":"","jetpack_is_tweetstorm":false,"jetpack_publicize_feature_enabled":true,"jetpack_social_post_already_shared":true,"jetpack_social_options":{"image_generator_settings":{"template":"highway","enabled":false}}},"categories":[29],"tags":[],"jetpack_publicize_connections":[],"yoast_head":"<!-- This site is optimized with the Yoast SEO plugin v20.6 - https:\/\/yoast.com\/wordpress\/plugins\/seo\/ -->\n<title>\u00abVins de Lausanne\u00bb: la ville s\u2019adresse \u00e0 ses citoyens - thomasvino<\/title>\n<meta name=\"robots\" content=\"index, follow, max-snippet:-1, max-image-preview:large, max-video-preview:-1\" \/>\n<link rel=\"canonical\" href=\"https:\/\/thomasvino.ch\/?p=10725\" \/>\n<meta property=\"og:locale\" content=\"fr_FR\" \/>\n<meta property=\"og:type\" content=\"article\" \/>\n<meta property=\"og:title\" content=\"\u00abVins de Lausanne\u00bb: la ville s\u2019adresse \u00e0 ses citoyens - thomasvino\" \/>\n<meta property=\"og:description\" content=\"La ville de Lausanne, plus gros propri\u00e9taire public de vigne de Suisse, propose une seconde gamme. Ces 25 \u00abvins de Lausanne\u00bb ont \u00e9t\u00e9 pr\u00e9sent\u00e9s lundi 13 mai 2013, dans l\u2019ex-pr\u00e9fecture de la place de La Louve. Par Pierre Thomas Les deux jeunes femmes \u00e0 la t\u00eate des vignobles de la Ville de Lausanne, la politique [&hellip;]\" \/>\n<meta property=\"og:url\" content=\"https:\/\/thomasvino.ch\/?p=10725\" \/>\n<meta property=\"og:site_name\" content=\"thomasvino\" \/>\n<meta property=\"article:published_time\" content=\"2013-05-15T16:39:46+00:00\" \/>\n<meta property=\"article:modified_time\" content=\"2013-10-12T10:02:44+00:00\" \/>\n<meta property=\"og:image\" content=\"http:\/\/www.thomasvino.ch\/wp-content\/uploads\/2013\/05\/vins-bouteille-vdl-512px-300x133.jpg\" \/>\n<meta name=\"author\" content=\"Pierre Thomas\" \/>\n<meta name=\"twitter:label1\" content=\"\u00c9crit par\" \/>\n\t<meta name=\"twitter:data1\" content=\"Pierre Thomas\" \/>\n\t<meta name=\"twitter:label2\" content=\"Dur\u00e9e de lecture estim\u00e9e\" \/>\n\t<meta name=\"twitter:data2\" content=\"3 minutes\" \/>\n<script type=\"application\/ld+json\" class=\"yoast-schema-graph\">{\"@context\":\"https:\/\/schema.org\",\"@graph\":[{\"@type\":\"WebPage\",\"@id\":\"https:\/\/thomasvino.ch\/?p=10725\",\"url\":\"https:\/\/thomasvino.ch\/?p=10725\",\"name\":\"\u00abVins de Lausanne\u00bb: la ville s\u2019adresse \u00e0 ses citoyens - thomasvino\",\"isPartOf\":{\"@id\":\"https:\/\/thomasvino.ch\/#website\"},\"datePublished\":\"2013-05-15T16:39:46+00:00\",\"dateModified\":\"2013-10-12T10:02:44+00:00\",\"author\":{\"@id\":\"https:\/\/thomasvino.ch\/#\/schema\/person\/670bf4486fe81152cf1d68bd585e062e\"},\"breadcrumb\":{\"@id\":\"https:\/\/thomasvino.ch\/?p=10725#breadcrumb\"},\"inLanguage\":\"fr-FR\",\"potentialAction\":[{\"@type\":\"ReadAction\",\"target\":[\"https:\/\/thomasvino.ch\/?p=10725\"]}]},{\"@type\":\"BreadcrumbList\",\"@id\":\"https:\/\/thomasvino.ch\/?p=10725#breadcrumb\",\"itemListElement\":[{\"@type\":\"ListItem\",\"position\":1,\"name\":\"Accueil\",\"item\":\"https:\/\/thomasvino.ch\/\"},{\"@type\":\"ListItem\",\"position\":2,\"name\":\"\u00abVins de Lausanne\u00bb: la ville s\u2019adresse \u00e0 ses citoyens\"}]},{\"@type\":\"WebSite\",\"@id\":\"https:\/\/thomasvino.ch\/#website\",\"url\":\"https:\/\/thomasvino.ch\/\",\"name\":\"thomasvino\",\"description\":\"Vins &amp; Gastronomie\",\"potentialAction\":[{\"@type\":\"SearchAction\",\"target\":{\"@type\":\"EntryPoint\",\"urlTemplate\":\"https:\/\/thomasvino.ch\/?s={search_term_string}\"},\"query-input\":\"required name=search_term_string\"}],\"inLanguage\":\"fr-FR\"},{\"@type\":\"Person\",\"@id\":\"https:\/\/thomasvino.ch\/#\/schema\/person\/670bf4486fe81152cf1d68bd585e062e\",\"name\":\"Pierre Thomas\",\"image\":{\"@type\":\"ImageObject\",\"inLanguage\":\"fr-FR\",\"@id\":\"https:\/\/thomasvino.ch\/#\/schema\/person\/image\/\",\"url\":\"https:\/\/secure.gravatar.com\/avatar\/91fd5a76647f140e53db987a0dead4d7?s=96&d=mm&r=g\",\"contentUrl\":\"https:\/\/secure.gravatar.com\/avatar\/91fd5a76647f140e53db987a0dead4d7?s=96&d=mm&r=g\",\"caption\":\"Pierre Thomas\"},\"url\":\"https:\/\/thomasvino.ch\/?author=3\"}]}<\/script>\n<!-- \/ Yoast SEO plugin. -->","yoast_head_json":{"title":"\u00abVins de Lausanne\u00bb: la ville s\u2019adresse \u00e0 ses citoyens - thomasvino","robots":{"index":"index","follow":"follow","max-snippet":"max-snippet:-1","max-image-preview":"max-image-preview:large","max-video-preview":"max-video-preview:-1"},"canonical":"https:\/\/thomasvino.ch\/?p=10725","og_locale":"fr_FR","og_type":"article","og_title":"\u00abVins de Lausanne\u00bb: la ville s\u2019adresse \u00e0 ses citoyens - thomasvino","og_description":"La ville de Lausanne, plus gros propri\u00e9taire public de vigne de Suisse, propose une seconde gamme. Ces 25 \u00abvins de Lausanne\u00bb ont \u00e9t\u00e9 pr\u00e9sent\u00e9s lundi 13 mai 2013, dans l\u2019ex-pr\u00e9fecture de la place de La Louve. Par Pierre Thomas Les deux jeunes femmes \u00e0 la t\u00eate des vignobles de la Ville de Lausanne, la politique [&hellip;]","og_url":"https:\/\/thomasvino.ch\/?p=10725","og_site_name":"thomasvino","article_published_time":"2013-05-15T16:39:46+00:00","article_modified_time":"2013-10-12T10:02:44+00:00","og_image":[{"url":"http:\/\/www.thomasvino.ch\/wp-content\/uploads\/2013\/05\/vins-bouteille-vdl-512px-300x133.jpg"}],"author":"Pierre Thomas","twitter_misc":{"\u00c9crit par":"Pierre Thomas","Dur\u00e9e de lecture estim\u00e9e":"3 minutes"},"schema":{"@context":"https:\/\/schema.org","@graph":[{"@type":"WebPage","@id":"https:\/\/thomasvino.ch\/?p=10725","url":"https:\/\/thomasvino.ch\/?p=10725","name":"\u00abVins de Lausanne\u00bb: la ville s\u2019adresse \u00e0 ses citoyens - thomasvino","isPartOf":{"@id":"https:\/\/thomasvino.ch\/#website"},"datePublished":"2013-05-15T16:39:46+00:00","dateModified":"2013-10-12T10:02:44+00:00","author":{"@id":"https:\/\/thomasvino.ch\/#\/schema\/person\/670bf4486fe81152cf1d68bd585e062e"},"breadcrumb":{"@id":"https:\/\/thomasvino.ch\/?p=10725#breadcrumb"},"inLanguage":"fr-FR","potentialAction":[{"@type":"ReadAction","target":["https:\/\/thomasvino.ch\/?p=10725"]}]},{"@type":"BreadcrumbList","@id":"https:\/\/thomasvino.ch\/?p=10725#breadcrumb","itemListElement":[{"@type":"ListItem","position":1,"name":"Accueil","item":"https:\/\/thomasvino.ch\/"},{"@type":"ListItem","position":2,"name":"\u00abVins de Lausanne\u00bb: la ville s\u2019adresse \u00e0 ses citoyens"}]},{"@type":"WebSite","@id":"https:\/\/thomasvino.ch\/#website","url":"https:\/\/thomasvino.ch\/","name":"thomasvino","description":"Vins &amp; Gastronomie","potentialAction":[{"@type":"SearchAction","target":{"@type":"EntryPoint","urlTemplate":"https:\/\/thomasvino.ch\/?s={search_term_string}"},"query-input":"required name=search_term_string"}],"inLanguage":"fr-FR"},{"@type":"Person","@id":"https:\/\/thomasvino.ch\/#\/schema\/person\/670bf4486fe81152cf1d68bd585e062e","name":"Pierre Thomas","image":{"@type":"ImageObject","inLanguage":"fr-FR","@id":"https:\/\/thomasvino.ch\/#\/schema\/person\/image\/","url":"https:\/\/secure.gravatar.com\/avatar\/91fd5a76647f140e53db987a0dead4d7?s=96&d=mm&r=g","contentUrl":"https:\/\/secure.gravatar.com\/avatar\/91fd5a76647f140e53db987a0dead4d7?s=96&d=mm&r=g","caption":"Pierre Thomas"},"url":"https:\/\/thomasvino.ch\/?author=3"}]}},"jetpack_featured_media_url":"","jetpack_sharing_enabled":true,"jetpack_shortlink":"https:\/\/wp.me\/p3m4tZ-2MZ","jetpack_likes_enabled":false,"jetpack-related-posts":[{"id":9528,"url":"https:\/\/thomasvino.ch\/?p=9528","url_meta":{"origin":10725,"position":0},"title":"Vins de la Ville de Lausanne: 2\u00e8me gamme en vue","date":"7 f\u00e9vrier 2013","format":false,"excerpt":"Le deuxi\u00e8me samedi de d\u00e9cembre (soit le 8.12.2012), la traditionnelle vente aux ench\u00e8res des vins de la Ville de Lausanne, 210\u00e8me de rang, a permis au chef-lieu vaudois d\u2019engranger plus de 1,5 million de francs, en vendant \u00e0 l\u2019encan 150'000 litres de vins, durant pr\u00e8s de sept heures de temps!\u2026","rel":"","context":"Dans &quot;Vins suisses&quot;","img":{"alt_text":"","src":"https:\/\/i0.wp.com\/www.thomasvino.ch\/wp-content\/uploads\/2013\/02\/vins_ville_laus_neoetiq-272x300.jpg?resize=350%2C200","width":350,"height":200},"classes":[]},{"id":14009,"url":"https:\/\/thomasvino.ch\/?p=14009","url_meta":{"origin":10725,"position":1},"title":"214\u00e8me mise des vins de la Ville de Lausanne  De rares magnums enflamment la salle","date":"10 d\u00e9cembre 2016","format":false,"excerpt":"Six lots de trois magnums 2016, en pots vaudois de 140 cl, des deux clos du D\u00e9zaley appartenant \u00e0 la Ville de Lausanne, Les Abbayes et Les Moines, vendus en primeur, ont enflamm\u00e9 la salle du Conseil communal de l\u2019H\u00f4tel de Ville de Lausanne, hier, samedi 10 d\u00e9cembre. Trois lots\u2026","rel":"","context":"Dans &quot;Actus - News&quot;","img":{"alt_text":"","src":"https:\/\/i0.wp.com\/www.thomasvino.ch\/wp-content\/uploads\/2016\/12\/IMG_4622-300x261.jpg?resize=350%2C200","width":350,"height":200},"classes":[]},{"id":9697,"url":"https:\/\/thomasvino.ch\/?p=9697","url_meta":{"origin":10725,"position":2},"title":"Vaud \u2014 Le rare D\u00e9zaley 2005 sauve la mise des vins de la Ville de Lausanne","date":"11 d\u00e9cembre 2005","format":false,"excerpt":"Vente des vins de la Ville de Lausanne 2005 Le rare D\u00e9zaley sauve la mise Le 10 d\u00e9cembre, pour la premi\u00e8re fois depuis 202 ans, la vente aux ench\u00e8res de la Ville de Lausanne a eu lieu un samedi matin et non le deuxi\u00e8me jeudi de d\u00e9cembre. \u00abC\u2019est bon pour\u2026","rel":"","context":"Dans &quot;Vins suisses&quot;","img":{"alt_text":"","src":"","width":0,"height":0},"classes":[]},{"id":14705,"url":"https:\/\/thomasvino.ch\/?p=14705","url_meta":{"origin":10725,"position":3},"title":"Les vins de Lausanne misent sur l\u2019Histoire","date":"15 novembre 2017","format":false,"excerpt":"Le samedi 9 d\u00e9cembre, \u00e0 l\u2019H\u00f4tel-de-Ville, place de la Palud, aura lieu la 215\u00e8me mise des vins de la Ville de Lausanne. Les vins mis\u00e9s par le public porteront d\u2019anciennes \u00e9tiquettes \u00abcollector\u00bb. Cette mise a \u00e9t\u00e9 inscrite depuis 2014 au Patrimoine culturel immat\u00e9riel vaudois et est consid\u00e9r\u00e9e comme la plus\u2026","rel":"","context":"Dans &quot;Actus - News&quot;","img":{"alt_text":"","src":"","width":0,"height":0},"classes":[]},{"id":11566,"url":"https:\/\/thomasvino.ch\/?p=11566","url_meta":{"origin":10725,"position":4},"title":"Mise des vins de la Ville de Lausanne  Quantit\u00e9 \u00e0 la baisse = prix \u00e0 la hausse !","date":"14 d\u00e9cembre 2013","format":false,"excerpt":"La Ville de Lausanne, plus gros propri\u00e9taire viticole public de Suisse, a pu le v\u00e9rifier, ce samedi 14 d\u00e9cembre\u00a0: une quantit\u00e9 mise en vente publique aux ench\u00e8res \u00e0 la baisse d\u00e9bouche sur des prix \u00e0 la hausse. Pour ce mill\u00e9sime 2013, les ventes ont fris\u00e9 1,4 million de francs pour\u2026","rel":"","context":"Dans &quot;Actus - News&quot;","img":{"alt_text":"","src":"https:\/\/i0.wp.com\/www.thomasvino.ch\/wp-content\/uploads\/2013\/12\/site_mise2013vdl-300x225.jpg?resize=350%2C200","width":350,"height":200},"classes":[]},{"id":9113,"url":"https:\/\/thomasvino.ch\/?p=9113","url_meta":{"origin":10725,"position":5},"title":"Grands Crus lausannois \u00e0 petits prix","date":"20 d\u00e9cembre 2010","format":false,"excerpt":"Vins de la Ville de Lausanne Les Grands Crus de Lavaux ne d\u00e9collent pas Le samedi 11 d\u00e9cembre 2010, la Ville de Lausanne a vendu pour la 208\u00e8me fois ses vins aux ench\u00e8res publiques. Plusieurs vins de domaines, surtout de La C\u00f4te, ont enti\u00e8rement vendus par ce biais, tandis que\u2026","rel":"","context":"Dans &quot;Actus - News&quot;","img":{"alt_text":"","src":"","width":0,"height":0},"classes":[]}],"_links":{"self":[{"href":"https:\/\/thomasvino.ch\/index.php?rest_route=\/wp\/v2\/posts\/10725"}],"collection":[{"href":"https:\/\/thomasvino.ch\/index.php?rest_route=\/wp\/v2\/posts"}],"about":[{"href":"https:\/\/thomasvino.ch\/index.php?rest_route=\/wp\/v2\/types\/post"}],"author":[{"embeddable":true,"href":"https:\/\/thomasvino.ch\/index.php?rest_route=\/wp\/v2\/users\/3"}],"replies":[{"embeddable":true,"href":"https:\/\/thomasvino.ch\/index.php?rest_route=%2Fwp%2Fv2%2Fcomments&post=10725"}],"version-history":[{"count":0,"href":"https:\/\/thomasvino.ch\/index.php?rest_route=\/wp\/v2\/posts\/10725\/revisions"}],"wp:attachment":[{"href":"https:\/\/thomasvino.ch\/index.php?rest_route=%2Fwp%2Fv2%2Fmedia&parent=10725"}],"wp:term":[{"taxonomy":"category","embeddable":true,"href":"https:\/\/thomasvino.ch\/index.php?rest_route=%2Fwp%2Fv2%2Fcategories&post=10725"},{"taxonomy":"post_tag","embeddable":true,"href":"https:\/\/thomasvino.ch\/index.php?rest_route=%2Fwp%2Fv2%2Ftags&post=10725"}],"curies":[{"name":"wp","href":"https:\/\/api.w.org\/{rel}","templated":true}]}}