{"id":10745,"date":"2013-05-16T07:56:18","date_gmt":"2013-05-16T06:56:18","guid":{"rendered":"http:\/\/www.thomasvino.ch\/?p=10745"},"modified":"2013-10-12T11:02:44","modified_gmt":"2013-10-12T10:02:44","slug":"dream-team-au-cmb","status":"publish","type":"post","link":"https:\/\/thomasvino.ch\/?p=10745","title":{"rendered":"Les liquoreux valaisans en force au CMB 2013"},"content":{"rendered":"<p><strong>La seule m\u00e9daille \u00abgrand or\u00bb d\u00e9croch\u00e9e par un vin suisse au 20\u00e8me Concours Mondial de Bruxelles, jug\u00e9 \u00e0 Bratislava, va \u00e0 l\u2019Ermitage Tourbillon 2009, vin liquoreux de prestige de Provins-Valais. Sur les 14 autres m\u00e9dailles d\u2019or, 4 reviennent \u00e0 des liquoreux valaisans, 3 \u00e0 des assemblages blancs et 2 \u00e0 des merlots. Revue de d\u00e9tail.<\/strong><br \/>\nCe concours a r\u00e9uni plus de 8&rsquo;000 vins. Trois pays, la France (2\u2019488), l\u2019Espagne (1\u2019664) et l\u2019Italie (1\u2019052) en ont pr\u00e9sent\u00e9 plus de 1&rsquo;000. Le Portugal suit avec 852 vins, le Chili avec 383 et la Slovaquie, pays si\u00e8ge du concours cette ann\u00e9e, 214. La Suisse se classe au 8\u00e8me rang, avec 179 \u00e9chantillons, juste derri\u00e8re l\u2019Afrique du Sud, avec 184 vins.<br \/>\nAu niveau des m\u00e9dailles d\u2019or, les quatre liquoreux sont le Domaine Tourbillon 2008 de <strong>Provins-Valais<\/strong>, le Johannisberg Saint-Martin 2010 du <strong>Domaine du Mont-d\u2019Or<\/strong>, Les Grains Nobles 2011, des <strong>Domaines Rouvinez<\/strong>, et le Tulum 2011, de <strong>Jean-Louis Mathieu<\/strong>, tous Valaisans, comme la Petite Arvine 2012 Patrimoine des <strong>Vins des Chevaliers<\/strong>, \u00e0 Salquenen, de l\u2019Heida 2011 R\u00e9serve des administrateurs, de la<strong> Cave Saint-Pierre<\/strong>, le D\u00e9fi blanc 2011 Les Titans de <strong>Provins<\/strong> et le Merlot 2008 Les Titans \u2014 <strong><a title=\"Vins valaisans hauts de gamme: \u00e9levage ou terroir?\" href=\"http:\/\/www.thomasvino.ch\/?p=10581\">fameux vins \u00e9lev\u00e9s en altitude<\/a>\u00a0!<\/strong> \u2014 et l\u2019assemblage rouge Antar\u00e8s 2011, de <strong>Robert Gilliard SA<\/strong>.<br \/>\nLes Vaudois d\u00e9crochent de l\u2019or avec l\u2019assemblage blanc Varietas 2011 des <strong>Artisans Vignerons d\u2019Yvorne<\/strong>, la R\u00e9serve Blanche\u00a0 2011, du <strong>Ch\u00e2teau de Gl\u00e9rolle<\/strong>s, le Doral Expression 2012, des<strong> Caves Cidis<\/strong> et un seul rouge, le Merlot 2011 du <strong>Ch\u00e2teau de Vufflens<\/strong>. Le seul vin neuch\u00e2telois distingu\u00e9 est aussi un blanc, un Chardonnay 2012 du <strong>Domaine de Montmollin<\/strong>, \u00e0 Auvernier. 30 m\u00e9dailles d\u2019argent compl\u00e8tent le palmar\u00e8s, o\u00f9 on retrouve plusieurs producteurs qui se sont par\u00e9s d\u2019or.<br \/>\nAucun vin suisse n\u2019a remport\u00e9 le challenge de sa cat\u00e9gorie, o\u00f9, par exemple, c\u2019est un Icewine de l\u2019Ontario (Canada), un Riesling 2008 de <strong>Peller Estate<\/strong>, qui s\u2019impose en liquoreux, alors qu\u2019en blanc, c\u2019est un Verdejo 2012 <strong>Circe<\/strong>, de la Rueda, qui l\u2019emporte et pour les rouges, un Douro, <strong>Duvalley Reserva 2010<\/strong>.<br \/>\n<strong><a title=\"Palmar\u00e8s CMB 2013\" href=\"http:\/\/www.concoursmondial.com\/resultats.html\" target=\"_blank\">Palmar\u00e8s d\u00e9taill\u00e9.<\/a><\/strong><\/p>\n<h2><strong><\/strong>Photo souvenir<\/h2>\n<p>Le Concours Mondial de Bruxelles (CMB), 20\u00e8me \u00e9dition, s&rsquo;est jou\u00e9 du 10 au 12 mai \u00e0 Bratislava. On y \u00e9tait, comme pour une quinzaine (quand on aime, on ne compte plus&#8230;) des vingt derni\u00e8res comp\u00e9titions, et comme \u00abpr\u00e9sident\u00bb, ou plut\u00f4t secr\u00e9taire d&rsquo;un jury, puisque l&rsquo;informatique impersonnelle n&rsquo;y a pas (encore) remplac\u00e9 le stylo et le papier.<\/p>\n<p><a href=\"https:\/\/i0.wp.com\/www.thomasvino.ch\/wp-content\/uploads\/2013\/05\/cmb_jury48.jpg\"><img data-attachment-id=\"10746\" data-permalink=\"https:\/\/thomasvino.ch\/?attachment_id=10746\" data-orig-file=\"https:\/\/i0.wp.com\/thomasvino.ch\/wp-content\/uploads\/2013\/05\/cmb_jury48.jpg?fit=1024%2C682&amp;ssl=1\" data-orig-size=\"1024,682\" data-comments-opened=\"1\" data-image-meta=\"{&quot;aperture&quot;:&quot;0&quot;,&quot;credit&quot;:&quot;&quot;,&quot;camera&quot;:&quot;&quot;,&quot;caption&quot;:&quot;&quot;,&quot;created_timestamp&quot;:&quot;0&quot;,&quot;copyright&quot;:&quot;&quot;,&quot;focal_length&quot;:&quot;0&quot;,&quot;iso&quot;:&quot;0&quot;,&quot;shutter_speed&quot;:&quot;0&quot;,&quot;title&quot;:&quot;&quot;}\" data-image-title=\"cmb_jury48\" data-image-description=\"\" data-image-caption=\"\" data-medium-file=\"https:\/\/i0.wp.com\/thomasvino.ch\/wp-content\/uploads\/2013\/05\/cmb_jury48.jpg?fit=300%2C199&amp;ssl=1\" data-large-file=\"https:\/\/i0.wp.com\/thomasvino.ch\/wp-content\/uploads\/2013\/05\/cmb_jury48.jpg?fit=1024%2C682&amp;ssl=1\" loading=\"lazy\" class=\"aligncenter size-medium wp-image-10746\" alt=\"cmb_jury48\" src=\"https:\/\/i0.wp.com\/www.thomasvino.ch\/wp-content\/uploads\/2013\/05\/cmb_jury48-300x199.jpg?resize=300%2C199\" width=\"300\" height=\"199\" srcset=\"https:\/\/i0.wp.com\/thomasvino.ch\/wp-content\/uploads\/2013\/05\/cmb_jury48.jpg?resize=300%2C199&amp;ssl=1 300w, https:\/\/i0.wp.com\/thomasvino.ch\/wp-content\/uploads\/2013\/05\/cmb_jury48.jpg?resize=207%2C136&amp;ssl=1 207w, https:\/\/i0.wp.com\/thomasvino.ch\/wp-content\/uploads\/2013\/05\/cmb_jury48.jpg?resize=140%2C94&amp;ssl=1 140w, https:\/\/i0.wp.com\/thomasvino.ch\/wp-content\/uploads\/2013\/05\/cmb_jury48.jpg?w=1024&amp;ssl=1 1024w\" sizes=\"(max-width: 300px) 100vw, 300px\" data-recalc-dims=\"1\" \/><\/a><\/p>\n<p>Sur le papier, et<strong> sur la photo, ce jury 48 \u00e9tait un v\u00e9ritable \u00abdream team\u00bb<\/strong> (mieux vaut savoir un peu d&rsquo;anglais pour \u00e9changer avec les jur\u00e9s de toutes origines), de g. \u00e0 dr., le Bourguignon Jacky Rigaux, professeur retrait\u00e9 de Dijon, r\u00e9f\u00e9rence de sa r\u00e9gion, psychanalyste pass\u00e9 \u00e0 l&rsquo;analyse des terroirs, Susana Esteban, Galicienne rencontr\u00e9e \u00e0 la Quinta do Crasto et aujourd&rsquo;hui oenologue-conseil pour plusieurs domaines de l&rsquo;Alentejo (Portugal), Igor Mancel, pr\u00e9sident de l&rsquo;Union des \u0153nologues slovaques, Pierre Thomas, Taner Og\u00fctoglu, directeur de Wines of Turkey et Jakub Sebesta, directeur g\u00e9n\u00e9ral de l&rsquo;autorit\u00e9 d&rsquo;inspection de l&rsquo;agriculture et des produits naturels tch\u00e8que, \u00e0 Brno.<\/p>\n<p>Qui dit que le CMB fait la part belle qu&rsquo;aux journalistes et aux sommeliers? Quel concours peut se vanter de r\u00e9unir pareille brochette de d\u00e9gustateurs en un seul jury? Et les vins, direz-vous? Eh bien, plus le concours se d\u00e9veloppe (8200 vins appr\u00e9ci\u00e9s par 305 jur\u00e9s), plus le socle de la pyramide s&rsquo;\u00e9largit, m\u00eame si un tiers des vins re\u00e7oivent une m\u00e9daille: palmar\u00e8s d\u00e8s vendredi 17 mai 2013. Le vingti\u00e8me anniversaire, lui, se f\u00eatera \u00e0 domicile: <strong>retour donc \u00e0 Bruxelles, du 9 au 11 mai 2014 !<\/strong><br \/>\n<em>\u00a9thomasvino.ch<\/em><\/p>\n<p>&nbsp;<\/p>\n","protected":false},"excerpt":{"rendered":"<p>La seule m\u00e9daille \u00abgrand or\u00bb d\u00e9croch\u00e9e par un vin suisse au 20\u00e8me Concours Mondial de Bruxelles, jug\u00e9 \u00e0 Bratislava, va \u00e0 l\u2019Ermitage Tourbillon 2009, vin liquoreux de prestige de Provins-Valais. Sur les 14 autres m\u00e9dailles d\u2019or, 4 reviennent \u00e0 des liquoreux valaisans, 3 \u00e0 des assemblages blancs et 2 \u00e0 des merlots. Revue de d\u00e9tail. [&hellip;]<\/p>\n","protected":false},"author":3,"featured_media":0,"comment_status":"closed","ping_status":"open","sticky":false,"template":"","format":"standard","meta":{"_monsterinsights_skip_tracking":false,"_monsterinsights_sitenote_active":false,"_monsterinsights_sitenote_note":"","_monsterinsights_sitenote_category":0,"jetpack_post_was_ever_published":false,"jetpack_publicize_message":"Dream team au CMB","jetpack_is_tweetstorm":false,"jetpack_publicize_feature_enabled":true,"jetpack_social_post_already_shared":true,"jetpack_social_options":{"image_generator_settings":{"template":"highway","enabled":false}}},"categories":[3],"tags":[],"jetpack_publicize_connections":[],"yoast_head":"<!-- This site is optimized with the Yoast SEO plugin v20.6 - https:\/\/yoast.com\/wordpress\/plugins\/seo\/ -->\n<title>Les liquoreux valaisans en force au CMB 2013 - thomasvino<\/title>\n<meta name=\"robots\" content=\"index, follow, max-snippet:-1, max-image-preview:large, max-video-preview:-1\" \/>\n<link rel=\"canonical\" href=\"https:\/\/thomasvino.ch\/?p=10745\" \/>\n<meta property=\"og:locale\" content=\"fr_FR\" \/>\n<meta property=\"og:type\" content=\"article\" \/>\n<meta property=\"og:title\" content=\"Les liquoreux valaisans en force au CMB 2013 - thomasvino\" \/>\n<meta property=\"og:description\" content=\"La seule m\u00e9daille \u00abgrand or\u00bb d\u00e9croch\u00e9e par un vin suisse au 20\u00e8me Concours Mondial de Bruxelles, jug\u00e9 \u00e0 Bratislava, va \u00e0 l\u2019Ermitage Tourbillon 2009, vin liquoreux de prestige de Provins-Valais. Sur les 14 autres m\u00e9dailles d\u2019or, 4 reviennent \u00e0 des liquoreux valaisans, 3 \u00e0 des assemblages blancs et 2 \u00e0 des merlots. Revue de d\u00e9tail. [&hellip;]\" \/>\n<meta property=\"og:url\" content=\"https:\/\/thomasvino.ch\/?p=10745\" \/>\n<meta property=\"og:site_name\" content=\"thomasvino\" \/>\n<meta property=\"article:published_time\" content=\"2013-05-16T06:56:18+00:00\" \/>\n<meta property=\"article:modified_time\" content=\"2013-10-12T10:02:44+00:00\" \/>\n<meta property=\"og:image\" content=\"http:\/\/www.thomasvino.ch\/wp-content\/uploads\/2013\/05\/cmb_jury48-300x199.jpg\" \/>\n<meta name=\"author\" content=\"Pierre Thomas\" \/>\n<meta name=\"twitter:label1\" content=\"\u00c9crit par\" \/>\n\t<meta name=\"twitter:data1\" content=\"Pierre Thomas\" \/>\n\t<meta name=\"twitter:label2\" content=\"Dur\u00e9e de lecture estim\u00e9e\" \/>\n\t<meta name=\"twitter:data2\" content=\"3 minutes\" \/>\n<script type=\"application\/ld+json\" class=\"yoast-schema-graph\">{\"@context\":\"https:\/\/schema.org\",\"@graph\":[{\"@type\":\"WebPage\",\"@id\":\"https:\/\/thomasvino.ch\/?p=10745\",\"url\":\"https:\/\/thomasvino.ch\/?p=10745\",\"name\":\"Les liquoreux valaisans en force au CMB 2013 - thomasvino\",\"isPartOf\":{\"@id\":\"https:\/\/thomasvino.ch\/#website\"},\"datePublished\":\"2013-05-16T06:56:18+00:00\",\"dateModified\":\"2013-10-12T10:02:44+00:00\",\"author\":{\"@id\":\"https:\/\/thomasvino.ch\/#\/schema\/person\/670bf4486fe81152cf1d68bd585e062e\"},\"breadcrumb\":{\"@id\":\"https:\/\/thomasvino.ch\/?p=10745#breadcrumb\"},\"inLanguage\":\"fr-FR\",\"potentialAction\":[{\"@type\":\"ReadAction\",\"target\":[\"https:\/\/thomasvino.ch\/?p=10745\"]}]},{\"@type\":\"BreadcrumbList\",\"@id\":\"https:\/\/thomasvino.ch\/?p=10745#breadcrumb\",\"itemListElement\":[{\"@type\":\"ListItem\",\"position\":1,\"name\":\"Accueil\",\"item\":\"https:\/\/thomasvino.ch\/\"},{\"@type\":\"ListItem\",\"position\":2,\"name\":\"Les liquoreux valaisans en force au CMB 2013\"}]},{\"@type\":\"WebSite\",\"@id\":\"https:\/\/thomasvino.ch\/#website\",\"url\":\"https:\/\/thomasvino.ch\/\",\"name\":\"thomasvino\",\"description\":\"Vins &amp; Gastronomie\",\"potentialAction\":[{\"@type\":\"SearchAction\",\"target\":{\"@type\":\"EntryPoint\",\"urlTemplate\":\"https:\/\/thomasvino.ch\/?s={search_term_string}\"},\"query-input\":\"required name=search_term_string\"}],\"inLanguage\":\"fr-FR\"},{\"@type\":\"Person\",\"@id\":\"https:\/\/thomasvino.ch\/#\/schema\/person\/670bf4486fe81152cf1d68bd585e062e\",\"name\":\"Pierre Thomas\",\"image\":{\"@type\":\"ImageObject\",\"inLanguage\":\"fr-FR\",\"@id\":\"https:\/\/thomasvino.ch\/#\/schema\/person\/image\/\",\"url\":\"https:\/\/secure.gravatar.com\/avatar\/91fd5a76647f140e53db987a0dead4d7?s=96&d=mm&r=g\",\"contentUrl\":\"https:\/\/secure.gravatar.com\/avatar\/91fd5a76647f140e53db987a0dead4d7?s=96&d=mm&r=g\",\"caption\":\"Pierre Thomas\"},\"url\":\"https:\/\/thomasvino.ch\/?author=3\"}]}<\/script>\n<!-- \/ Yoast SEO plugin. -->","yoast_head_json":{"title":"Les liquoreux valaisans en force au CMB 2013 - thomasvino","robots":{"index":"index","follow":"follow","max-snippet":"max-snippet:-1","max-image-preview":"max-image-preview:large","max-video-preview":"max-video-preview:-1"},"canonical":"https:\/\/thomasvino.ch\/?p=10745","og_locale":"fr_FR","og_type":"article","og_title":"Les liquoreux valaisans en force au CMB 2013 - thomasvino","og_description":"La seule m\u00e9daille \u00abgrand or\u00bb d\u00e9croch\u00e9e par un vin suisse au 20\u00e8me Concours Mondial de Bruxelles, jug\u00e9 \u00e0 Bratislava, va \u00e0 l\u2019Ermitage Tourbillon 2009, vin liquoreux de prestige de Provins-Valais. Sur les 14 autres m\u00e9dailles d\u2019or, 4 reviennent \u00e0 des liquoreux valaisans, 3 \u00e0 des assemblages blancs et 2 \u00e0 des merlots. Revue de d\u00e9tail. [&hellip;]","og_url":"https:\/\/thomasvino.ch\/?p=10745","og_site_name":"thomasvino","article_published_time":"2013-05-16T06:56:18+00:00","article_modified_time":"2013-10-12T10:02:44+00:00","og_image":[{"url":"http:\/\/www.thomasvino.ch\/wp-content\/uploads\/2013\/05\/cmb_jury48-300x199.jpg"}],"author":"Pierre Thomas","twitter_misc":{"\u00c9crit par":"Pierre Thomas","Dur\u00e9e de lecture estim\u00e9e":"3 minutes"},"schema":{"@context":"https:\/\/schema.org","@graph":[{"@type":"WebPage","@id":"https:\/\/thomasvino.ch\/?p=10745","url":"https:\/\/thomasvino.ch\/?p=10745","name":"Les liquoreux valaisans en force au CMB 2013 - thomasvino","isPartOf":{"@id":"https:\/\/thomasvino.ch\/#website"},"datePublished":"2013-05-16T06:56:18+00:00","dateModified":"2013-10-12T10:02:44+00:00","author":{"@id":"https:\/\/thomasvino.ch\/#\/schema\/person\/670bf4486fe81152cf1d68bd585e062e"},"breadcrumb":{"@id":"https:\/\/thomasvino.ch\/?p=10745#breadcrumb"},"inLanguage":"fr-FR","potentialAction":[{"@type":"ReadAction","target":["https:\/\/thomasvino.ch\/?p=10745"]}]},{"@type":"BreadcrumbList","@id":"https:\/\/thomasvino.ch\/?p=10745#breadcrumb","itemListElement":[{"@type":"ListItem","position":1,"name":"Accueil","item":"https:\/\/thomasvino.ch\/"},{"@type":"ListItem","position":2,"name":"Les liquoreux valaisans en force au CMB 2013"}]},{"@type":"WebSite","@id":"https:\/\/thomasvino.ch\/#website","url":"https:\/\/thomasvino.ch\/","name":"thomasvino","description":"Vins &amp; Gastronomie","potentialAction":[{"@type":"SearchAction","target":{"@type":"EntryPoint","urlTemplate":"https:\/\/thomasvino.ch\/?s={search_term_string}"},"query-input":"required name=search_term_string"}],"inLanguage":"fr-FR"},{"@type":"Person","@id":"https:\/\/thomasvino.ch\/#\/schema\/person\/670bf4486fe81152cf1d68bd585e062e","name":"Pierre Thomas","image":{"@type":"ImageObject","inLanguage":"fr-FR","@id":"https:\/\/thomasvino.ch\/#\/schema\/person\/image\/","url":"https:\/\/secure.gravatar.com\/avatar\/91fd5a76647f140e53db987a0dead4d7?s=96&d=mm&r=g","contentUrl":"https:\/\/secure.gravatar.com\/avatar\/91fd5a76647f140e53db987a0dead4d7?s=96&d=mm&r=g","caption":"Pierre Thomas"},"url":"https:\/\/thomasvino.ch\/?author=3"}]}},"jetpack_featured_media_url":"","jetpack_sharing_enabled":true,"jetpack_shortlink":"https:\/\/wp.me\/p3m4tZ-2Nj","jetpack_likes_enabled":false,"jetpack-related-posts":[{"id":17356,"url":"https:\/\/thomasvino.ch\/?p=17356","url_meta":{"origin":10745,"position":0},"title":"Concours internationaux 2021:  surprenants r\u00e9sultats suisses!","date":"16 juin 2021","format":false,"excerpt":"Aucune m\u00e9daille d\u2019or suisse \u00e0 Syrah du Monde \u00e0 Tain-l\u2019Hermitage, du jamais vu en 15 \u00e9ditions, et que des vins valaisans m\u00e9daill\u00e9s aux Vinalies internationales de Paris, \u00e0... Reims. Dont 12 m\u00e9dailles d\u2019or uniquement pour des blancs secs ou liquoreux. Curieux palmar\u00e8s, \u00e0 la veille du Concours mondial de Bruxelles,\u2026","rel":"","context":"Dans &quot;Actus - News&quot;","img":{"alt_text":"","src":"","width":0,"height":0},"classes":[]},{"id":14219,"url":"https:\/\/thomasvino.ch\/?p=14219","url_meta":{"origin":10745,"position":1},"title":"Vinalies de Paris\u00a0: Tourbillon, champion des liquoreux","date":"20 mars 2017","format":false,"excerpt":"Les Vinalies internationales de Paris ont souri aux vins suisses\u00a0: 32 m\u00e9dailles d\u2019or, en majorit\u00e9 valaisannes, et en minorit\u00e9 vaudoises. Seuls des vins des deux plus grands cantons sont prim\u00e9s. La marsanne du Domaine Tourbillon 2012, de Provins-Valais a \u00e9t\u00e9 jug\u00e9e meilleur vin liquoreux du concours. Les assemblages rouges, sur\u2026","rel":"","context":"Dans &quot;Actus - News&quot;","img":{"alt_text":"","src":"","width":0,"height":0},"classes":[]},{"id":10790,"url":"https:\/\/thomasvino.ch\/?p=10790","url_meta":{"origin":10745,"position":2},"title":"De l&rsquo;or \u00absuisse\u00bb \u00e0 Bordeaux, Qu\u00e9bec et Ampuis","date":"6 juin 2013","format":false,"excerpt":"On le sait, les concours se multiplient tous azimuts. Peu pris\u00e9 des Romands, les Citadelles, \u00e0 Bordeaux, ont souri \u00e0 Provins-Valais, qui a d\u00e9croch\u00e9 trois m\u00e9dailles d\u2019or, avec le Rouge d\u2019Enfer R\u00e9serve (\u00e9levage prolong\u00e9) 2008, l\u2019assemblage Apologia 2011 et le liquoreux souvent distingu\u00e9, Domaine de Tourbillon 2008. Joli exploit du\u2026","rel":"","context":"Dans &quot;Actus - News&quot;","img":{"alt_text":"","src":"","width":0,"height":0},"classes":[]},{"id":9373,"url":"https:\/\/thomasvino.ch\/?p=9373","url_meta":{"origin":10745,"position":3},"title":"Concours mondial 2012: la Suisse fait le plein de m\u00e9dailles","date":"14 mai 2012","format":false,"excerpt":"Concours Mondial de Bruxelles 2012 La Suisse fait le plein de 65 m\u00e9dailles Jug\u00e9 du 4 au 6 mai, \u00e0 Guimaraes, au nord du Portugal, la capitale europ\u00e9enne de la culture 2012, le 19\u00e8me Concours Mondial de Bruxelles a battu des records: pr\u00e8s de 8'400 vins (et une minorit\u00e9 de\u2026","rel":"","context":"Dans &quot;Tendance&quot;","img":{"alt_text":"cmb2012.jpg","src":"img\/cmb2012.jpg","width":350,"height":200},"classes":[]},{"id":9747,"url":"https:\/\/thomasvino.ch\/?p=9747","url_meta":{"origin":10745,"position":4},"title":"ns suisses \u2014 Au Concours mondial de Bruxelles: 20 m\u00e9dailles d&rsquo;or suisses","date":"29 avril 2006","format":false,"excerpt":"Vins suisses \u2014 Au 13\u00e8me Concours mondial de Bruxelles Vingt m\u00e9dailles d\u2019or pour la Suisse Sur plus de 5'000 vins pr\u00e9sent\u00e9s au jury du treizi\u00e8me Concours mondial de Bruxelles, qui s\u2019est tenu pour la premi\u00e8re fois de son histoire \u00e0 Lisbonne, quelque 190 provenaient de la Suisse. Ces vins se\u2026","rel":"","context":"Dans &quot;Actus - News&quot;","img":{"alt_text":"","src":"","width":0,"height":0},"classes":[]},{"id":9172,"url":"https:\/\/thomasvino.ch\/?p=9172","url_meta":{"origin":10745,"position":5},"title":"Petite Arvine et Syrah en format mondial","date":"17 mai 2011","format":false,"excerpt":"Concours mondiaux 2011 Petite Arvine et Syrah en vedette Dans deux concours internationaux, l\u2019un g\u00e9n\u00e9raliste (le Concours Mondial de Bruxelles), l\u2019autre de c\u00e9page (Syrah du Monde), des vins valaisans se sont distingu\u00e9s au plus haut niveau. Au premier, jug\u00e9 \u00e0 Luxembourg, une grande m\u00e9daille d\u2019or pour la Petite Arvine 2010\u2026","rel":"","context":"Dans &quot;Actus - News&quot;","img":{"alt_text":"","src":"","width":0,"height":0},"classes":[]}],"_links":{"self":[{"href":"https:\/\/thomasvino.ch\/index.php?rest_route=\/wp\/v2\/posts\/10745"}],"collection":[{"href":"https:\/\/thomasvino.ch\/index.php?rest_route=\/wp\/v2\/posts"}],"about":[{"href":"https:\/\/thomasvino.ch\/index.php?rest_route=\/wp\/v2\/types\/post"}],"author":[{"embeddable":true,"href":"https:\/\/thomasvino.ch\/index.php?rest_route=\/wp\/v2\/users\/3"}],"replies":[{"embeddable":true,"href":"https:\/\/thomasvino.ch\/index.php?rest_route=%2Fwp%2Fv2%2Fcomments&post=10745"}],"version-history":[{"count":0,"href":"https:\/\/thomasvino.ch\/index.php?rest_route=\/wp\/v2\/posts\/10745\/revisions"}],"wp:attachment":[{"href":"https:\/\/thomasvino.ch\/index.php?rest_route=%2Fwp%2Fv2%2Fmedia&parent=10745"}],"wp:term":[{"taxonomy":"category","embeddable":true,"href":"https:\/\/thomasvino.ch\/index.php?rest_route=%2Fwp%2Fv2%2Fcategories&post=10745"},{"taxonomy":"post_tag","embeddable":true,"href":"https:\/\/thomasvino.ch\/index.php?rest_route=%2Fwp%2Fv2%2Ftags&post=10745"}],"curies":[{"name":"wp","href":"https:\/\/api.w.org\/{rel}","templated":true}]}}