{"id":11450,"date":"2013-11-03T15:56:56","date_gmt":"2013-11-03T14:56:56","guid":{"rendered":"http:\/\/www.thomasvino.ch\/?p=11450"},"modified":"2013-11-03T15:56:56","modified_gmt":"2013-11-03T14:56:56","slug":"festivins-du-cote-de-fribourg","status":"publish","type":"post","link":"https:\/\/thomasvino.ch\/?p=11450","title":{"rendered":"Festivins&#8230; du c\u00f4t\u00e9 de Fribourg"},"content":{"rendered":"<p>Aucun m\u00e9rite \u00e0 souligner les innombrables op\u00e9rations \u00abcaves ouvertes\u00bb: les sites des offices de promotion des cantons romands font \u00e7a tr\u00e8s bien! Hors de cet univers rhodanien et l\u00e9manique, on signale, dans le <strong>Grand Fribourg, les 16 et 17 novembre 2013 (samedi de 10h30 \u00e0 21h00 et dimanche de 10h30 \u00e0 18h00) Festivins, dans la salle polyvalente de Givisiez<\/strong>.<\/p>\n<p>Cette ann\u00e9e, <strong>l&rsquo;accent est mis sur les pinots noirs des Grisons, avec quatre encaveurs, Thomas Marugg, de Fl\u00e4sch, Hanspeter Lampert (Weingut Heidelberg), de Maienfeld, Georg Schlegel, de Jenins, et les fr\u00e8res J\u00fcrg et Ueli Liesch, de Malans<\/strong>. On sait que les Grisons ambitionnent d&rsquo;\u00eatre une sorte de <em>\u00abBourgogne alpine\u00bb<\/em>: lire ici <strong><a title=\"Vinotiv : les douze joyaux des Grisons\" href=\"http:\/\/www.thomasvino.ch\/?p=11115\">notre interview crois\u00e9e<\/a><\/strong> de la pr\u00e9sidente sortante et du futur pr\u00e9sident du mouvement Vinotiv. Avec 410 ha de vignoble, dont 80% de pinot noir, les Grisons pointent au 10\u00e8me rang des cantons viticoles.<\/p>\n<p>Cette ann\u00e9e, 27 autres artisans-vignerons de 10 cantons (AG, BE, FR, GE, NE, SH, TI, VS, VD, et GR donc) qui pr\u00e9sentent leurs vins dans la manifestation fribourgeoise. On notera la pr\u00e9sence des Fribourgeois du Vully, du <strong>Ch\u00e2teau de Praz<\/strong>, la famille <strong>Simonet<\/strong> (Le Petit Ch\u00e2teau), le <strong>Domaine Chervet<\/strong>, <strong>Adrien Kl\u00f6tzli<\/strong>, Douanne (BE), trois domaine genevois, dont <strong>Louis Serex<\/strong> (Les Valli\u00e8res), un Neuch\u00e2telois, <strong>Olivier Lavanchy<\/strong>, un Schaffhousois, <strong>Thomas Stamm<\/strong>, deux Tessinois, dix Valaisans, dont <strong>Alexandre Del\u00e9traz<\/strong>, <em>espoir GaultMillau 2013<\/em>, de la Cave des Amandiers \u00e0 Saillon, <strong>Dominique Passaquay, Claude Fournier et Fils<\/strong>, de la Cave des Deux Rives \u00e0 Brignon-Nendaz, <strong>Maurice et Xavier Giroud<\/strong>, de la Cave de la Siseranche, \u00e0 Chamoson, et une forte \u00e9quipe de jeunes encaveurs vaudois, <strong>Guy Cousin<\/strong> \u00e0 Concise, <strong>Philippe Bovet<\/strong>, \u00e0 Givrins, <strong>St\u00e9phane Schmidt<\/strong>, \u00e0 Lavigny, <strong>Benjamin Morel<\/strong>, \u00e0 Valeyres-sous-Rances, <strong>Vincent Graenicher<\/strong>, \u00e0 Tartegnin, l\u2019<strong>Abbaye de Salaz<\/strong>, \u00e0 Ollon et <strong>Laurent Berthet<\/strong>, \u00e0 Cully.<\/p>\n<p>Festivins est une manifestation organis\u00e9e par les Tire-bouchons, une confr\u00e9rie compos\u00e9e d\u2019une trentaine de jeunes amateurs de bons vins, b\u00e9n\u00e9voles, qui essaient de faire d\u00e9couvrir chaque ann\u00e9e \u00e0 un public toujours plus large des vins suisses de qualit\u00e9. La cuv\u00e9e pr\u00e9c\u00e9dente avait accueilli plus de 1&rsquo;200 visiteurs. Leur site vient d&rsquo;\u00eatre relook\u00e9 <strong><a title=\"Festivins Givisiez-Fribourg\" href=\"http:\/\/www.festivins.ch\">www.festivins.ch<\/a><\/strong>.<\/p>\n<p>Le visiteur ach\u00e8te un verre au prix de Fr. 12.\u2013, qu\u2019il peut conserver, avec lequel il peut d\u00e9guster l\u2019ensemble des vins pr\u00e9sent\u00e9s. De la restauration, notamment grisonne, sera propos\u00e9e \u00e0 la salle paroissiale juste \u00e0 c\u00f4t\u00e9. Les enfants seront accueillis dans une ambiance Heidi&#8230; dont les histoires sont n\u00e9es \u00e0 Maienfeld, rebaptis\u00e9 Heidiland.<\/p>\n<p><em>\u00a9thomasvino.ch<\/em><\/p>\n<p>&nbsp;<\/p>\n<p>&nbsp;<\/p>\n","protected":false},"excerpt":{"rendered":"<p>Aucun m\u00e9rite \u00e0 souligner les innombrables op\u00e9rations \u00abcaves ouvertes\u00bb: les sites des offices de promotion des cantons romands font \u00e7a tr\u00e8s bien! Hors de cet univers rhodanien et l\u00e9manique, on signale, dans le Grand Fribourg, les 16 et 17 novembre 2013 (samedi de 10h30 \u00e0 21h00 et dimanche de 10h30 \u00e0 18h00) Festivins, dans la [&hellip;]<\/p>\n","protected":false},"author":3,"featured_media":0,"comment_status":"closed","ping_status":"open","sticky":false,"template":"","format":"standard","meta":{"_monsterinsights_skip_tracking":false,"_monsterinsights_sitenote_active":false,"_monsterinsights_sitenote_note":"","_monsterinsights_sitenote_category":0,"jetpack_post_was_ever_published":false,"jetpack_publicize_message":"","jetpack_is_tweetstorm":false,"jetpack_publicize_feature_enabled":true,"jetpack_social_post_already_shared":true,"jetpack_social_options":{"image_generator_settings":{"template":"highway","enabled":false}}},"categories":[15],"tags":[291,292,166,73],"jetpack_publicize_connections":[],"yoast_head":"<!-- This site is optimized with the Yoast SEO plugin v20.6 - https:\/\/yoast.com\/wordpress\/plugins\/seo\/ -->\n<title>Festivins... du c\u00f4t\u00e9 de Fribourg - thomasvino<\/title>\n<meta name=\"robots\" content=\"index, follow, max-snippet:-1, max-image-preview:large, max-video-preview:-1\" \/>\n<link rel=\"canonical\" href=\"https:\/\/thomasvino.ch\/?p=11450\" \/>\n<meta property=\"og:locale\" content=\"fr_FR\" \/>\n<meta property=\"og:type\" content=\"article\" \/>\n<meta property=\"og:title\" content=\"Festivins... du c\u00f4t\u00e9 de Fribourg - thomasvino\" \/>\n<meta property=\"og:description\" content=\"Aucun m\u00e9rite \u00e0 souligner les innombrables op\u00e9rations \u00abcaves ouvertes\u00bb: les sites des offices de promotion des cantons romands font \u00e7a tr\u00e8s bien! Hors de cet univers rhodanien et l\u00e9manique, on signale, dans le Grand Fribourg, les 16 et 17 novembre 2013 (samedi de 10h30 \u00e0 21h00 et dimanche de 10h30 \u00e0 18h00) Festivins, dans la [&hellip;]\" \/>\n<meta property=\"og:url\" content=\"https:\/\/thomasvino.ch\/?p=11450\" \/>\n<meta property=\"og:site_name\" content=\"thomasvino\" \/>\n<meta property=\"article:published_time\" content=\"2013-11-03T14:56:56+00:00\" \/>\n<meta name=\"author\" content=\"Pierre Thomas\" \/>\n<meta name=\"twitter:label1\" content=\"\u00c9crit par\" \/>\n\t<meta name=\"twitter:data1\" content=\"Pierre Thomas\" \/>\n\t<meta name=\"twitter:label2\" content=\"Dur\u00e9e de lecture estim\u00e9e\" \/>\n\t<meta name=\"twitter:data2\" content=\"2 minutes\" \/>\n<script type=\"application\/ld+json\" class=\"yoast-schema-graph\">{\"@context\":\"https:\/\/schema.org\",\"@graph\":[{\"@type\":\"WebPage\",\"@id\":\"https:\/\/thomasvino.ch\/?p=11450\",\"url\":\"https:\/\/thomasvino.ch\/?p=11450\",\"name\":\"Festivins... du c\u00f4t\u00e9 de Fribourg - thomasvino\",\"isPartOf\":{\"@id\":\"https:\/\/thomasvino.ch\/#website\"},\"datePublished\":\"2013-11-03T14:56:56+00:00\",\"dateModified\":\"2013-11-03T14:56:56+00:00\",\"author\":{\"@id\":\"https:\/\/thomasvino.ch\/#\/schema\/person\/670bf4486fe81152cf1d68bd585e062e\"},\"breadcrumb\":{\"@id\":\"https:\/\/thomasvino.ch\/?p=11450#breadcrumb\"},\"inLanguage\":\"fr-FR\",\"potentialAction\":[{\"@type\":\"ReadAction\",\"target\":[\"https:\/\/thomasvino.ch\/?p=11450\"]}]},{\"@type\":\"BreadcrumbList\",\"@id\":\"https:\/\/thomasvino.ch\/?p=11450#breadcrumb\",\"itemListElement\":[{\"@type\":\"ListItem\",\"position\":1,\"name\":\"Accueil\",\"item\":\"https:\/\/thomasvino.ch\/\"},{\"@type\":\"ListItem\",\"position\":2,\"name\":\"Festivins&#8230; du c\u00f4t\u00e9 de Fribourg\"}]},{\"@type\":\"WebSite\",\"@id\":\"https:\/\/thomasvino.ch\/#website\",\"url\":\"https:\/\/thomasvino.ch\/\",\"name\":\"thomasvino\",\"description\":\"Vins &amp; Gastronomie\",\"potentialAction\":[{\"@type\":\"SearchAction\",\"target\":{\"@type\":\"EntryPoint\",\"urlTemplate\":\"https:\/\/thomasvino.ch\/?s={search_term_string}\"},\"query-input\":\"required name=search_term_string\"}],\"inLanguage\":\"fr-FR\"},{\"@type\":\"Person\",\"@id\":\"https:\/\/thomasvino.ch\/#\/schema\/person\/670bf4486fe81152cf1d68bd585e062e\",\"name\":\"Pierre Thomas\",\"image\":{\"@type\":\"ImageObject\",\"inLanguage\":\"fr-FR\",\"@id\":\"https:\/\/thomasvino.ch\/#\/schema\/person\/image\/\",\"url\":\"https:\/\/secure.gravatar.com\/avatar\/91fd5a76647f140e53db987a0dead4d7?s=96&d=mm&r=g\",\"contentUrl\":\"https:\/\/secure.gravatar.com\/avatar\/91fd5a76647f140e53db987a0dead4d7?s=96&d=mm&r=g\",\"caption\":\"Pierre Thomas\"},\"url\":\"https:\/\/thomasvino.ch\/?author=3\"}]}<\/script>\n<!-- \/ Yoast SEO plugin. -->","yoast_head_json":{"title":"Festivins... du c\u00f4t\u00e9 de Fribourg - thomasvino","robots":{"index":"index","follow":"follow","max-snippet":"max-snippet:-1","max-image-preview":"max-image-preview:large","max-video-preview":"max-video-preview:-1"},"canonical":"https:\/\/thomasvino.ch\/?p=11450","og_locale":"fr_FR","og_type":"article","og_title":"Festivins... du c\u00f4t\u00e9 de Fribourg - thomasvino","og_description":"Aucun m\u00e9rite \u00e0 souligner les innombrables op\u00e9rations \u00abcaves ouvertes\u00bb: les sites des offices de promotion des cantons romands font \u00e7a tr\u00e8s bien! Hors de cet univers rhodanien et l\u00e9manique, on signale, dans le Grand Fribourg, les 16 et 17 novembre 2013 (samedi de 10h30 \u00e0 21h00 et dimanche de 10h30 \u00e0 18h00) Festivins, dans la [&hellip;]","og_url":"https:\/\/thomasvino.ch\/?p=11450","og_site_name":"thomasvino","article_published_time":"2013-11-03T14:56:56+00:00","author":"Pierre Thomas","twitter_misc":{"\u00c9crit par":"Pierre Thomas","Dur\u00e9e de lecture estim\u00e9e":"2 minutes"},"schema":{"@context":"https:\/\/schema.org","@graph":[{"@type":"WebPage","@id":"https:\/\/thomasvino.ch\/?p=11450","url":"https:\/\/thomasvino.ch\/?p=11450","name":"Festivins... du c\u00f4t\u00e9 de Fribourg - thomasvino","isPartOf":{"@id":"https:\/\/thomasvino.ch\/#website"},"datePublished":"2013-11-03T14:56:56+00:00","dateModified":"2013-11-03T14:56:56+00:00","author":{"@id":"https:\/\/thomasvino.ch\/#\/schema\/person\/670bf4486fe81152cf1d68bd585e062e"},"breadcrumb":{"@id":"https:\/\/thomasvino.ch\/?p=11450#breadcrumb"},"inLanguage":"fr-FR","potentialAction":[{"@type":"ReadAction","target":["https:\/\/thomasvino.ch\/?p=11450"]}]},{"@type":"BreadcrumbList","@id":"https:\/\/thomasvino.ch\/?p=11450#breadcrumb","itemListElement":[{"@type":"ListItem","position":1,"name":"Accueil","item":"https:\/\/thomasvino.ch\/"},{"@type":"ListItem","position":2,"name":"Festivins&#8230; du c\u00f4t\u00e9 de Fribourg"}]},{"@type":"WebSite","@id":"https:\/\/thomasvino.ch\/#website","url":"https:\/\/thomasvino.ch\/","name":"thomasvino","description":"Vins &amp; Gastronomie","potentialAction":[{"@type":"SearchAction","target":{"@type":"EntryPoint","urlTemplate":"https:\/\/thomasvino.ch\/?s={search_term_string}"},"query-input":"required name=search_term_string"}],"inLanguage":"fr-FR"},{"@type":"Person","@id":"https:\/\/thomasvino.ch\/#\/schema\/person\/670bf4486fe81152cf1d68bd585e062e","name":"Pierre Thomas","image":{"@type":"ImageObject","inLanguage":"fr-FR","@id":"https:\/\/thomasvino.ch\/#\/schema\/person\/image\/","url":"https:\/\/secure.gravatar.com\/avatar\/91fd5a76647f140e53db987a0dead4d7?s=96&d=mm&r=g","contentUrl":"https:\/\/secure.gravatar.com\/avatar\/91fd5a76647f140e53db987a0dead4d7?s=96&d=mm&r=g","caption":"Pierre Thomas"},"url":"https:\/\/thomasvino.ch\/?author=3"}]}},"jetpack_featured_media_url":"","jetpack_sharing_enabled":true,"jetpack_shortlink":"https:\/\/wp.me\/p3m4tZ-2YG","jetpack_likes_enabled":false,"jetpack-related-posts":[{"id":14618,"url":"https:\/\/thomasvino.ch\/?p=14618","url_meta":{"origin":11450,"position":0},"title":"Festivins Belfaux\u00a0: les jeunes d\u2019abord\u00a0!","date":"21 septembre 2017","format":false,"excerpt":"Les 18 et 19 novembre, \u00e0 la salle paroissiale de Belfaux, pr\u00e8s de Fribourg, aura lieu la 18\u00e8me \u00e9dition du salon Festivins. Fond\u00e9 par la confr\u00e9rie des Tire-Bouchons, cette manifgestation, qui rencontre chaque ann\u00e9e un joli succ\u00e8s, accueillera non pas des vignerons de toute la Suisse, en nombre en fonction\u2026","rel":"","context":"Dans &quot;Actus - News&quot;","img":{"alt_text":"","src":"","width":0,"height":0},"classes":[]},{"id":9490,"url":"https:\/\/thomasvino.ch\/?p=9490","url_meta":{"origin":11450,"position":1},"title":"Ce week-end \u00e0 Givisiez (FR), Festivins!","date":"16 novembre 2012","format":false,"excerpt":"Un salon du vin \u00e0 c\u00f4t\u00e9... de Fribourg Il n'est (juste) pas trop tard d\u2019annoncer, dans la banlieue de Fribourg, \u00e0 Givisiez, la 13\u00e8me\u00a0 expo-vente-d\u00e9gustation Festivins, ce week-end, 17 et 18 novembre. Parmi les exposants \u2014 on ne peut pas tous les citer! \u2014, un trio du Vully, le Domaine\u2026","rel":"","context":"Dans &quot;Actus - News&quot;","img":{"alt_text":"","src":"","width":0,"height":0},"classes":[]},{"id":12918,"url":"https:\/\/thomasvino.ch\/?p=12918","url_meta":{"origin":11450,"position":2},"title":"Agenda: les d\u00e9gustations \u00e0 venir (automne 2015)","date":"31 juillet 2015","format":false,"excerpt":"A Sierre, VINEA, vins valaisans and more A Sierre, le vendredi 4 septembre (16 h - 20 h) et le samedi 5 septembre (11 h - 19 h), se tiendra Vinea, qui promet des d\u00e9gustations aupr\u00e8s de 150 producteurs (et groupes de producteurs), avec des animations, de la restauration. Acc\u00e8s\u2026","rel":"","context":"Dans &quot;Actus - News&quot;","img":{"alt_text":"","src":"https:\/\/i0.wp.com\/www.thomasvino.ch\/wp-content\/uploads\/2015\/07\/site_lavauxpassion_crois14-300x200.jpg?resize=350%2C200","width":350,"height":200},"classes":[]},{"id":16737,"url":"https:\/\/thomasvino.ch\/?p=16737","url_meta":{"origin":11450,"position":3},"title":"800 bonnes raisons de boire des vins suisses!","date":"17 juillet 2020","format":false,"excerpt":"Swiss Wine Promotion est satisfait du succ\u00e8s remport\u00e9 par sa promotion Swiss Wine Summer. Plus de 800 \u00e9tablissements, 453 en Suisse al\u00e9manique, 343 en Suisse romande et 16 en Suisse italienne, font la promotion des vins suisses, de la cabane de montagne, \u00e0 la buvette du lac ou au restaurant,\u2026","rel":"","context":"Dans &quot;Actus - News&quot;","img":{"alt_text":"","src":"https:\/\/i0.wp.com\/thomasvino.ch\/wp-content\/uploads\/2020\/07\/Linpasse-Bar-\u00c3\u0096-Vin_morges-300x225.jpg?resize=350%2C200&ssl=1","width":350,"height":200},"classes":[]},{"id":9371,"url":"https:\/\/thomasvino.ch\/?p=9371","url_meta":{"origin":11450,"position":4},"title":"Philippe Bovet \u00e0 l&rsquo;unisson des Valaisans","date":"10 mai 2012","format":false,"excerpt":"Philippe Bovet, le plus Valaisan des Vaudois? Cette ann\u00e9e, Philippe Bovet, jeune vigneron parfois iconoclaste, toujours fonceur (lire son portrait) f\u00eate les 10 ans de sa cave. Les 17, 18, 19 et 20 mai, \u00e0 l\u2019Ascension, il l\u2019ouvre tout grand, avant les caves ouvertes vaudoises de la Pentec\u00f4te. Est-ce parce\u2026","rel":"","context":"Dans &quot;Actus - News&quot;","img":{"alt_text":"","src":"","width":0,"height":0},"classes":[]},{"id":16614,"url":"https:\/\/thomasvino.ch\/?p=16614","url_meta":{"origin":11450,"position":5},"title":"Les chiffres de l\u2019agriculture suisse\u00a0: le bio progresse","date":"11 mai 2020","format":false,"excerpt":"Il suffit d\u2019un communiqu\u00e9 de presse de l\u2019Office f\u00e9d\u00e9ral de la statistique, \u00e0 Neuch\u00e2tel, pour s\u2019int\u00e9resser \u00e0 l\u2019agriculture. Des chiffres simples \u00e0 retenir\u00a0: en 2019, l\u2019agriculture suisse exploitait 1 million d\u2019hectares, cultiv\u00e9s par 150'000 personnes, dans 50'000 exploitations. Fait significatif\u00a0: le bio est en progression par rapport \u00e0 l\u2019agriculture (et\u2026","rel":"","context":"Dans &quot;Tendance&quot;","img":{"alt_text":"","src":"","width":0,"height":0},"classes":[]}],"_links":{"self":[{"href":"https:\/\/thomasvino.ch\/index.php?rest_route=\/wp\/v2\/posts\/11450"}],"collection":[{"href":"https:\/\/thomasvino.ch\/index.php?rest_route=\/wp\/v2\/posts"}],"about":[{"href":"https:\/\/thomasvino.ch\/index.php?rest_route=\/wp\/v2\/types\/post"}],"author":[{"embeddable":true,"href":"https:\/\/thomasvino.ch\/index.php?rest_route=\/wp\/v2\/users\/3"}],"replies":[{"embeddable":true,"href":"https:\/\/thomasvino.ch\/index.php?rest_route=%2Fwp%2Fv2%2Fcomments&post=11450"}],"version-history":[{"count":0,"href":"https:\/\/thomasvino.ch\/index.php?rest_route=\/wp\/v2\/posts\/11450\/revisions"}],"wp:attachment":[{"href":"https:\/\/thomasvino.ch\/index.php?rest_route=%2Fwp%2Fv2%2Fmedia&parent=11450"}],"wp:term":[{"taxonomy":"category","embeddable":true,"href":"https:\/\/thomasvino.ch\/index.php?rest_route=%2Fwp%2Fv2%2Fcategories&post=11450"},{"taxonomy":"post_tag","embeddable":true,"href":"https:\/\/thomasvino.ch\/index.php?rest_route=%2Fwp%2Fv2%2Ftags&post=11450"}],"curies":[{"name":"wp","href":"https:\/\/api.w.org\/{rel}","templated":true}]}}