{"id":11776,"date":"2014-02-25T15:28:11","date_gmt":"2014-02-25T14:28:11","guid":{"rendered":"http:\/\/www.thomasvino.ch\/?p=11776"},"modified":"2014-02-25T15:28:11","modified_gmt":"2014-02-25T14:28:11","slug":"divorce-a-litalienne-pour-un-nectar","status":"publish","type":"post","link":"https:\/\/thomasvino.ch\/?p=11776","title":{"rendered":"Divorce \u00e0 l\u2019italienne pour un nectar"},"content":{"rendered":"<p><b>En vingt ans, l\u2019amarone, vin rouge riche de V\u00e9rone, est devenu un \u00e9tincelant succ\u00e8s commercial. Pourtant, le syndicat des producteurs et douze grandes maisons se d\u00e9chirent.<\/b><\/p>\n<p><i>Pierre Thomas, de retour de V\u00e9rone<\/i><\/p>\n<p>Les querelles familiales, V\u00e9rone, la cit\u00e9 du nord de l\u2019Italie lov\u00e9e dans un m\u00e9andre de l\u2019Adige, en a fait son miel. La rivalit\u00e9 sanglante des Montaigu et des Capulet est le th\u00e8me du drame de Rom\u00e9o et Juliette. Les producteurs d\u2019amarone rejouent la pi\u00e8ce, quatre cents apr\u00e8s Shakespeare, qui s\u2019\u00e9tait inspir\u00e9 de contes italiens.<\/p>\n<p>L\u2019amarone, qui vient d\u2019acc\u00e9der, avec le mill\u00e9sime 2010, \u00e0 la cat\u00e9gorie des meilleurs vins italiens de \u00abd\u00e9nomination d\u2019origine contr\u00f4l\u00e9e et garantie\u00bb (DOCG) est, depuis les ann\u00e9es 1990, une \u00absuccess story\u00bb. La Valpolicella, l\u2019arri\u00e8re-pays de V\u00e9rone, r\u00e9partie en vall\u00e9es sous les monts Lessini, avait depuis le milieu du 19<sup>\u00e8me<\/sup> si\u00e8cle, pour sp\u00e9cialit\u00e9 un vin doux rouge, le \u00abrecioto\u00bb, tir\u00e9 de raisins s\u00e8ch\u00e9s en grappes suspendues \u00e0 des fils ou pos\u00e9s sur des bambous dans des caissettes de bois. Cette op\u00e9ration, qui r\u00e9duit en 120 jours de 40% le poids des grappes, par dessication naturelle, et renforce d\u2019autant le sucre et les ar\u00f4mes, se nomme le passerillage (\u00abappassimento\u00bb en italien).<\/p>\n<h3><b>Une \u00abamertume\u00bb \u00e0 succ\u00e8s<\/b><\/h3>\n<p>Elle est la cl\u00e9 de la richesse de l\u2019amarone, de naissance aussi fortuite que r\u00e9cente. En 1938, \u00e0 la cave coop\u00e9rative de Negrar, une cuve destin\u00e9e \u00e0 devenir du \u00abrecioto\u00bb fermenta plus rapidement que pr\u00e9vu, donnant un vin \u00abamer\u00bb, selon le ma\u00eetre de chais. Ou mieux, \u00abamarone\u00bb (le diminutif d\u2019\u00abamaro\u00bb\u2026) s\u2019exclama le patron de la coop\u00e9rative. D\u00e8s cette \u00e9poque, les producteurs propos\u00e8rent en parall\u00e8le du rouge doux et du plus sec. Le premier devint clairement recioto et le second amarone\u00a0en 1991. Mais c\u2019est surtout ces derni\u00e8res ann\u00e9es que l\u2019\u00e9laboration et la vente de l\u2019amarone a explos\u00e9. Les viticulteurs ont agrandi notablement leur vignoble, de 5&rsquo;000 \u00e0 7&rsquo;500 hectares en 15 ans. La production de l\u2019amarone a \u00e9t\u00e9 multipli\u00e9e par cinq, passant de 2,4 millions de bouteilles en 1999 \u00e0 13,5 millions ces derniers mill\u00e9simes.<\/p>\n<p>Contr\u00f4l\u00e9 par les coop\u00e9ratives, et rassemblant aussi de petits encaveurs qui se sont mis \u00e0 \u00abfaire de la bouteille\u00bb, le Consorzio pr\u00e9sente ses vins en janvier. L\u2019amarone doit \u00eatre \u00e9lev\u00e9, pour une part en f\u00fbts, durant trois ans\u00a0: les 25 et 26 janvier 2014, on faisait d\u00e9guster le vin issu de la vendange 2010. Sauf que si on prend le d\u00e9cret au pied de la lettre, le 2011 peut d\u00e9j\u00e0 \u00eatre mis sur le march\u00e9, tandis que les maisons dissidentes proposent pour la plupart encore du 2009. C\u2019est une des divergences du mouvement Le Famiglie dell\u2019Amarone d\u2019Arte, form\u00e9, il y a cinq ans, de 12 producteurs, dont Allegrini, Masi, Speri, Tedeschi, Tommasi et Zenato.<\/p>\n<h3><b>Trop de vin trop bon march\u00e9<\/b><\/h3>\n<p>Ces frondeurs ont sauv\u00e9 de la faillite un des restaurants les plus fameux de V\u00e9rone, la Bottega del Vino, au d\u00e9cor n\u00e9o-gothique de 1890. Leur discours para\u00eet identique \u00e0 celui du Consorzio, quand ils r\u00e9clament un retour \u00e0 de grands vins de \u00abterroir\u00bb et de micro-climats, sur la base d\u2019une carte topographique pr\u00e9cise. Pourtant, les dissidents exigent l\u2019abandon des vignes d\u2019amarone en plaine, soit une amputation du vignoble de 25% au moins, comme pour le Barolo. Ils critiquent aussi la proportion entre l\u2019amarone et le \u00abripasso\u00bb, son sous-produit, obtenu en refermentant sur le marc de l\u2019amarone ou du recioto, du valpolicella sec. Cette tr\u00e8s vieille recette rappelle la\u00a0\u00ablora\u00bb, le vin des esclaves de l\u2019Antiquit\u00e9, et, en moins flatteur, la \u00abpiquette\u00bb fran\u00e7aise. Moins riche en alcool et en sucre r\u00e9siduel, et donc, finalement, plus \u00e9quilibr\u00e9, et meilleur march\u00e9, cet \u00abamarone bis\u00bb canibalise le march\u00e9 du \u00abgrand vin\u00bb\u00a0: les dissidents voudraient le limiter \u00e0 la production d\u2019une bouteille de \u00abripasso\u00bb pour une bouteille d\u2019\u00abamarone\u00bb. On en est au double\u2026<\/p>\n<p>Et puis, Le Famiglie, d\u00e9noncent les prix cass\u00e9s des amarone de supermarch\u00e9, notamment vendus en Suisse, troisi\u00e8me march\u00e9 pour ces douze encaveurs, derri\u00e8re le Canada et les pays scandinaves. En ch\u0153ur, ils revendiquent que l\u2019amarone reste \u00abrare et cher\u00bb. Chacune des 250&rsquo;000 bouteilles exp\u00e9di\u00e9es en Suisse en 2013 leur a rapport\u00e9 pr\u00e8s de 16 euros, net, d\u00e9part cave, soit plus de 19 francs suisses la bouteille. Dirigeants du Consorzio et dissidents ne se parlent plus. Montaigu et Capulet ont de solides descendants.<\/p>\n<h3><b>Cinq amarones au prix crescendo<\/b><\/h3>\n<p><b>Tedeschi 2009<\/b><\/p>\n<p>Maison traditionnelle qui a plusieurs monocrus\u00a0; la version de base, sous une nouvelle \u00e9tiquette, offre un nez floral, frais, avec du gras, des tanins fermes, et des ar\u00f4mes typ\u00e9s de cerise noire. <i>(36 fr., <strong><a title=\"Amarone Tedeschi\" href=\"http:\/\/www.caratello.ch\/fr\/sortiment\/detail.php?artnr=00227079\">www.caratello.ch<\/a><\/strong>)<\/i><\/p>\n<p><b>Cesari 2010<\/b><\/p>\n<p>Nez bois\u00e9, attaque souple, sur le biscuit, la confiture, les fruits noirs; un peu aust\u00e8re et encore marqu\u00e9 par le bois, qui le s\u00e8che en finale. <i>(41 fr. le 2008, <\/i><i><strong><a title=\"Amarone Cesari\" href=\"http:\/\/www.alfavin.ch\/fr\/vins-d-italie\/307-amarone-cesari-2008.html\">www.alfavin.ch<\/a><\/strong>)<\/i><\/p>\n<p><b>Speri 2009<\/b><\/p>\n<p>Cette maison a transform\u00e9 un vignoble de 20 ha d\u2019un seul tenant, Monte Urbano, pour produire un seul amarone, de belle facture classique, \u00e9quilibr\u00e9 et \u00e9l\u00e9gant. <i>(48 fr., <strong><a title=\"Amarone Speri\" href=\"http:\/\/www.fischer-weine.ch\/shop\/detail.asp?art_id=38340097&amp;l_id=14&amp;r_id=198\">www.fischer-weine.ch<\/a><\/strong>)<\/i><\/p>\n<p><b>Zenato 2009<\/b><\/p>\n<p>Nez de cerise confite, puissant, avec du gras, et une certaine sucrosit\u00e9, qui enveloppe les tanins\u00a0: le favori de plusieurs sommeliers romands. <i>(59 fr., <strong><a title=\"Amarone Zenato\" href=\"http:\/\/www.vinievini.ch\/shop\/fr\/azienda\/321-amarone-della-valpolicella-2009-doc-75cl.html\">www.vinievini.ch<\/a><\/strong>)<\/i><\/p>\n<p><b>Allegrini 2009 <\/b><\/p>\n<p>Un des r\u00e9novateurs de la Valpolicella, qui \u00e9l\u00e8ve son seul amarone en barriques neuves\u00a0: nez fruit\u00e9, notes de cassis, de fum\u00e9, du gras, et un bon soutien acide\u00a0; moderne et bien fait. <i>(75 fr., <strong><a title=\"Amarone Allegrini\" href=\"http:\/\/www.cavesa.ch\/achat\/amarone-allegrini,2009,8511,0,1.html\">www.cavesa.ch<\/a><\/strong>)<\/i><\/p>\n<p><em>Paru dans <\/em>L&rsquo;Hebdo<em> du 20 f\u00e9vrier 2014. <\/em><\/p>\n<p><em>Lire aussi l&rsquo;article sur le m\u00eame th\u00e8me paru le m\u00eame jour dans <\/em><strong><a title=\"L\u2019Amarone divise ses g\u00e9niteurs\" href=\"http:\/\/www.thomasvino.ch\/?p=11754\">H\u00f4tellerie &amp; Gastronomie Hebdo.<\/a><\/strong><\/p>\n<p><em>\u00a9thomasvino.ch<\/em><\/p>\n","protected":false},"excerpt":{"rendered":"<p>En vingt ans, l\u2019amarone, vin rouge riche de V\u00e9rone, est devenu un \u00e9tincelant succ\u00e8s commercial. Pourtant, le syndicat des producteurs et douze grandes maisons se d\u00e9chirent. Pierre Thomas, de retour de V\u00e9rone Les querelles familiales, V\u00e9rone, la cit\u00e9 du nord de l\u2019Italie lov\u00e9e dans un m\u00e9andre de l\u2019Adige, en a fait son miel. La rivalit\u00e9 [&hellip;]<\/p>\n","protected":false},"author":3,"featured_media":0,"comment_status":"closed","ping_status":"open","sticky":false,"template":"","format":"standard","meta":{"_monsterinsights_skip_tracking":false,"_monsterinsights_sitenote_active":false,"_monsterinsights_sitenote_note":"","_monsterinsights_sitenote_category":0,"jetpack_post_was_ever_published":false,"jetpack_publicize_message":"","jetpack_is_tweetstorm":false,"jetpack_publicize_feature_enabled":true,"jetpack_social_post_already_shared":true,"jetpack_social_options":{"image_generator_settings":{"template":"highway","enabled":false}}},"categories":[10],"tags":[],"jetpack_publicize_connections":[],"yoast_head":"<!-- This site is optimized with the Yoast SEO plugin v20.6 - https:\/\/yoast.com\/wordpress\/plugins\/seo\/ -->\n<title>Divorce \u00e0 l\u2019italienne pour un nectar - thomasvino<\/title>\n<meta name=\"robots\" content=\"index, follow, max-snippet:-1, max-image-preview:large, max-video-preview:-1\" \/>\n<link rel=\"canonical\" href=\"https:\/\/thomasvino.ch\/?p=11776\" \/>\n<meta property=\"og:locale\" content=\"fr_FR\" \/>\n<meta property=\"og:type\" content=\"article\" \/>\n<meta property=\"og:title\" content=\"Divorce \u00e0 l\u2019italienne pour un nectar - thomasvino\" \/>\n<meta property=\"og:description\" content=\"En vingt ans, l\u2019amarone, vin rouge riche de V\u00e9rone, est devenu un \u00e9tincelant succ\u00e8s commercial. Pourtant, le syndicat des producteurs et douze grandes maisons se d\u00e9chirent. Pierre Thomas, de retour de V\u00e9rone Les querelles familiales, V\u00e9rone, la cit\u00e9 du nord de l\u2019Italie lov\u00e9e dans un m\u00e9andre de l\u2019Adige, en a fait son miel. La rivalit\u00e9 [&hellip;]\" \/>\n<meta property=\"og:url\" content=\"https:\/\/thomasvino.ch\/?p=11776\" \/>\n<meta property=\"og:site_name\" content=\"thomasvino\" \/>\n<meta property=\"article:published_time\" content=\"2014-02-25T14:28:11+00:00\" \/>\n<meta name=\"author\" content=\"Pierre Thomas\" \/>\n<meta name=\"twitter:label1\" content=\"\u00c9crit par\" \/>\n\t<meta name=\"twitter:data1\" content=\"Pierre Thomas\" \/>\n\t<meta name=\"twitter:label2\" content=\"Dur\u00e9e de lecture estim\u00e9e\" \/>\n\t<meta name=\"twitter:data2\" content=\"5 minutes\" \/>\n<script type=\"application\/ld+json\" class=\"yoast-schema-graph\">{\"@context\":\"https:\/\/schema.org\",\"@graph\":[{\"@type\":\"WebPage\",\"@id\":\"https:\/\/thomasvino.ch\/?p=11776\",\"url\":\"https:\/\/thomasvino.ch\/?p=11776\",\"name\":\"Divorce \u00e0 l\u2019italienne pour un nectar - thomasvino\",\"isPartOf\":{\"@id\":\"https:\/\/thomasvino.ch\/#website\"},\"datePublished\":\"2014-02-25T14:28:11+00:00\",\"dateModified\":\"2014-02-25T14:28:11+00:00\",\"author\":{\"@id\":\"https:\/\/thomasvino.ch\/#\/schema\/person\/670bf4486fe81152cf1d68bd585e062e\"},\"breadcrumb\":{\"@id\":\"https:\/\/thomasvino.ch\/?p=11776#breadcrumb\"},\"inLanguage\":\"fr-FR\",\"potentialAction\":[{\"@type\":\"ReadAction\",\"target\":[\"https:\/\/thomasvino.ch\/?p=11776\"]}]},{\"@type\":\"BreadcrumbList\",\"@id\":\"https:\/\/thomasvino.ch\/?p=11776#breadcrumb\",\"itemListElement\":[{\"@type\":\"ListItem\",\"position\":1,\"name\":\"Accueil\",\"item\":\"https:\/\/thomasvino.ch\/\"},{\"@type\":\"ListItem\",\"position\":2,\"name\":\"Divorce \u00e0 l\u2019italienne pour un nectar\"}]},{\"@type\":\"WebSite\",\"@id\":\"https:\/\/thomasvino.ch\/#website\",\"url\":\"https:\/\/thomasvino.ch\/\",\"name\":\"thomasvino\",\"description\":\"Vins &amp; Gastronomie\",\"potentialAction\":[{\"@type\":\"SearchAction\",\"target\":{\"@type\":\"EntryPoint\",\"urlTemplate\":\"https:\/\/thomasvino.ch\/?s={search_term_string}\"},\"query-input\":\"required name=search_term_string\"}],\"inLanguage\":\"fr-FR\"},{\"@type\":\"Person\",\"@id\":\"https:\/\/thomasvino.ch\/#\/schema\/person\/670bf4486fe81152cf1d68bd585e062e\",\"name\":\"Pierre Thomas\",\"image\":{\"@type\":\"ImageObject\",\"inLanguage\":\"fr-FR\",\"@id\":\"https:\/\/thomasvino.ch\/#\/schema\/person\/image\/\",\"url\":\"https:\/\/secure.gravatar.com\/avatar\/91fd5a76647f140e53db987a0dead4d7?s=96&d=mm&r=g\",\"contentUrl\":\"https:\/\/secure.gravatar.com\/avatar\/91fd5a76647f140e53db987a0dead4d7?s=96&d=mm&r=g\",\"caption\":\"Pierre Thomas\"},\"url\":\"https:\/\/thomasvino.ch\/?author=3\"}]}<\/script>\n<!-- \/ Yoast SEO plugin. -->","yoast_head_json":{"title":"Divorce \u00e0 l\u2019italienne pour un nectar - thomasvino","robots":{"index":"index","follow":"follow","max-snippet":"max-snippet:-1","max-image-preview":"max-image-preview:large","max-video-preview":"max-video-preview:-1"},"canonical":"https:\/\/thomasvino.ch\/?p=11776","og_locale":"fr_FR","og_type":"article","og_title":"Divorce \u00e0 l\u2019italienne pour un nectar - thomasvino","og_description":"En vingt ans, l\u2019amarone, vin rouge riche de V\u00e9rone, est devenu un \u00e9tincelant succ\u00e8s commercial. Pourtant, le syndicat des producteurs et douze grandes maisons se d\u00e9chirent. Pierre Thomas, de retour de V\u00e9rone Les querelles familiales, V\u00e9rone, la cit\u00e9 du nord de l\u2019Italie lov\u00e9e dans un m\u00e9andre de l\u2019Adige, en a fait son miel. La rivalit\u00e9 [&hellip;]","og_url":"https:\/\/thomasvino.ch\/?p=11776","og_site_name":"thomasvino","article_published_time":"2014-02-25T14:28:11+00:00","author":"Pierre Thomas","twitter_misc":{"\u00c9crit par":"Pierre Thomas","Dur\u00e9e de lecture estim\u00e9e":"5 minutes"},"schema":{"@context":"https:\/\/schema.org","@graph":[{"@type":"WebPage","@id":"https:\/\/thomasvino.ch\/?p=11776","url":"https:\/\/thomasvino.ch\/?p=11776","name":"Divorce \u00e0 l\u2019italienne pour un nectar - thomasvino","isPartOf":{"@id":"https:\/\/thomasvino.ch\/#website"},"datePublished":"2014-02-25T14:28:11+00:00","dateModified":"2014-02-25T14:28:11+00:00","author":{"@id":"https:\/\/thomasvino.ch\/#\/schema\/person\/670bf4486fe81152cf1d68bd585e062e"},"breadcrumb":{"@id":"https:\/\/thomasvino.ch\/?p=11776#breadcrumb"},"inLanguage":"fr-FR","potentialAction":[{"@type":"ReadAction","target":["https:\/\/thomasvino.ch\/?p=11776"]}]},{"@type":"BreadcrumbList","@id":"https:\/\/thomasvino.ch\/?p=11776#breadcrumb","itemListElement":[{"@type":"ListItem","position":1,"name":"Accueil","item":"https:\/\/thomasvino.ch\/"},{"@type":"ListItem","position":2,"name":"Divorce \u00e0 l\u2019italienne pour un nectar"}]},{"@type":"WebSite","@id":"https:\/\/thomasvino.ch\/#website","url":"https:\/\/thomasvino.ch\/","name":"thomasvino","description":"Vins &amp; Gastronomie","potentialAction":[{"@type":"SearchAction","target":{"@type":"EntryPoint","urlTemplate":"https:\/\/thomasvino.ch\/?s={search_term_string}"},"query-input":"required name=search_term_string"}],"inLanguage":"fr-FR"},{"@type":"Person","@id":"https:\/\/thomasvino.ch\/#\/schema\/person\/670bf4486fe81152cf1d68bd585e062e","name":"Pierre Thomas","image":{"@type":"ImageObject","inLanguage":"fr-FR","@id":"https:\/\/thomasvino.ch\/#\/schema\/person\/image\/","url":"https:\/\/secure.gravatar.com\/avatar\/91fd5a76647f140e53db987a0dead4d7?s=96&d=mm&r=g","contentUrl":"https:\/\/secure.gravatar.com\/avatar\/91fd5a76647f140e53db987a0dead4d7?s=96&d=mm&r=g","caption":"Pierre Thomas"},"url":"https:\/\/thomasvino.ch\/?author=3"}]}},"jetpack_featured_media_url":"","jetpack_sharing_enabled":true,"jetpack_shortlink":"https:\/\/wp.me\/p3m4tZ-33W","jetpack_likes_enabled":false,"jetpack-related-posts":[{"id":12527,"url":"https:\/\/thomasvino.ch\/?p=12527","url_meta":{"origin":11776,"position":0},"title":"A V\u00e9rone, l\u2019Amarone 2011","date":"26 janvier 2015","format":false,"excerpt":"Cette fin de semaine, le samedi 31 janvier 2015, de 16 h. \u00e0 19 h. et le dimanche, de 10 h. \u00e0 18 h., le Palazzo della Gran Guardia, \u00e0 l\u2019oppos\u00e9 des ar\u00e8nes, sur la place principale de la Rome du Nord, on pourra d\u00e9guster le dernier mill\u00e9sime d\u2019amarone mis\u2026","rel":"","context":"Dans &quot;Vins italiens&quot;","img":{"alt_text":"","src":"","width":0,"height":0},"classes":[]},{"id":11754,"url":"https:\/\/thomasvino.ch\/?p=11754","url_meta":{"origin":11776,"position":1},"title":"L\u2019Amarone divise ses g\u00e9niteurs","date":"25 f\u00e9vrier 2014","format":false,"excerpt":"L\u2019amarone ne serait-il qu\u2019une recette commerciale qui a r\u00e9ussi prodigieusement ces quinze derni\u00e8res ann\u00e9es\u00a0? Les producteurs de ce grand vin rouge italien veulent se r\u00e9approprier la notion de \u00abvin de terroir\u00bb. Mais ils sont divis\u00e9s sur les moyens \u00e0 mettre en \u0153uvre. Par Pierre Thomas, de retour de V\u00e9rone Entre\u2026","rel":"","context":"Dans &quot;Vins italiens&quot;","img":{"alt_text":"","src":"https:\/\/i0.wp.com\/www.thomasvino.ch\/wp-content\/uploads\/2014\/02\/amaro_vignes1-300x200.jpg?resize=350%2C200","width":350,"height":200},"classes":[]},{"id":12199,"url":"https:\/\/thomasvino.ch\/?p=12199","url_meta":{"origin":11776,"position":2},"title":"A V\u00e9rone, au c\u0153ur de l\u2019Amarone","date":"8 septembre 2014","format":false,"excerpt":"V\u00e9rone, la ville de Rom\u00e9o et Juliette, rayonne au printemps. Avec Vinitaly, d\u00e9but avril, elle est la capitale du vin. Adoss\u00e9e aux monts Lessina, elle se r\u00e9v\u00e8le l\u2019\u00e9t\u00e9, quand les ar\u00e8nes romaines r\u00e9sonnent des airs d\u2019op\u00e9ra. Go\u00fbts et musique\u00a0! \u00abV\u00e9rone poss\u00e8de deux \u00e2mes, elle est rigide et enjou\u00e9e, conservatrice et\u2026","rel":"","context":"Dans &quot;Tendance&quot;","img":{"alt_text":"","src":"https:\/\/i0.wp.com\/www.thomasvino.ch\/wp-content\/uploads\/2014\/09\/hg5_amarone_Villa-Cariola-Scorcio-300x225.jpg?resize=350%2C200","width":350,"height":200},"classes":[]},{"id":18174,"url":"https:\/\/thomasvino.ch\/?p=18174","url_meta":{"origin":11776,"position":3},"title":"La paix par et pour l\u2019amarone!","date":"18 mai 2023","format":false,"excerpt":"Enfin\u00a0! Les deux groupes de producteurs qui se disputaient l\u2019utilisation du mot \u00abAmarone\u00bb, le \u00abconsortium de tutelle des vins de la Valpolicella\u00bb et l\u2019association priv\u00e9e des \u00abfamilles historiques (Famiglie Storiche)\u00bb ont d\u00e9cid\u00e9 d\u2019enterrer la hache de guerre, selon un communiqu\u00e9 sign\u00e9 par les pr\u00e9sidents des deux entit\u00e9s, Christian Marchesi et\u2026","rel":"","context":"Dans &quot;Actualit\u00e9s&quot;","img":{"alt_text":"","src":"https:\/\/i0.wp.com\/thomasvino.ch\/wp-content\/uploads\/2023\/05\/Amarone_Christian-Marchesini-e-Pierangelo-Tommasi-300x200.jpg?resize=350%2C200&ssl=1","width":350,"height":200},"classes":[]},{"id":10423,"url":"https:\/\/thomasvino.ch\/?p=10423","url_meta":{"origin":11776,"position":4},"title":"Quo vadis, Amarone?","date":"9 avril 2013","format":false,"excerpt":"La Suisse a doubl\u00e9 ses achats d\u2019Amarone en sept ans (2003-2011), passant d\u2019une valeur d\u2019importation de 25 \u00e0 50 millions de francs par an. Mais que cachent les \u00e9tiquettes, un rien folkloriques, de ce vin rouge capiteux, riche en alcool et en sucre, tr\u00e8s \u00e0 la mode, chez les Nordiques\u2026","rel":"","context":"Dans &quot;Vins du monde&quot;","img":{"alt_text":"","src":"","width":0,"height":0},"classes":[]},{"id":14159,"url":"https:\/\/thomasvino.ch\/?p=14159","url_meta":{"origin":11776,"position":5},"title":"Amarone et Ripasso: comment \u00e9viter la confusion des genres?","date":"24 f\u00e9vrier 2017","format":false,"excerpt":"La Suisse est le deuxi\u00e8me march\u00e9 d\u2019exportation de l\u2019Amarone (11%), derri\u00e8re l\u2019Allemagne (18%) et \u00e0 \u00e9galit\u00e9 avec les Etats-Unis. Mais la Suisse absorbe aussi beaucoup de Ripasso. Un vin de second choix qui pourrait faire de l\u2019ombre \u00e0 son grand fr\u00e8re. Explications. Par Pierre Thomas Juste avant la pr\u00e9sentation du\u2026","rel":"","context":"Dans &quot;Vins italiens&quot;","img":{"alt_text":"","src":"https:\/\/i0.wp.com\/thomasvino.ch\/wp-content\/uploads\/2017\/02\/site_valpo_draying-300x200.jpg?resize=350%2C200&ssl=1","width":350,"height":200},"classes":[]}],"_links":{"self":[{"href":"https:\/\/thomasvino.ch\/index.php?rest_route=\/wp\/v2\/posts\/11776"}],"collection":[{"href":"https:\/\/thomasvino.ch\/index.php?rest_route=\/wp\/v2\/posts"}],"about":[{"href":"https:\/\/thomasvino.ch\/index.php?rest_route=\/wp\/v2\/types\/post"}],"author":[{"embeddable":true,"href":"https:\/\/thomasvino.ch\/index.php?rest_route=\/wp\/v2\/users\/3"}],"replies":[{"embeddable":true,"href":"https:\/\/thomasvino.ch\/index.php?rest_route=%2Fwp%2Fv2%2Fcomments&post=11776"}],"version-history":[{"count":0,"href":"https:\/\/thomasvino.ch\/index.php?rest_route=\/wp\/v2\/posts\/11776\/revisions"}],"wp:attachment":[{"href":"https:\/\/thomasvino.ch\/index.php?rest_route=%2Fwp%2Fv2%2Fmedia&parent=11776"}],"wp:term":[{"taxonomy":"category","embeddable":true,"href":"https:\/\/thomasvino.ch\/index.php?rest_route=%2Fwp%2Fv2%2Fcategories&post=11776"},{"taxonomy":"post_tag","embeddable":true,"href":"https:\/\/thomasvino.ch\/index.php?rest_route=%2Fwp%2Fv2%2Ftags&post=11776"}],"curies":[{"name":"wp","href":"https:\/\/api.w.org\/{rel}","templated":true}]}}