{"id":11805,"date":"2014-03-03T09:33:04","date_gmt":"2014-03-03T08:33:04","guid":{"rendered":"http:\/\/www.thomasvino.ch\/?p=11805"},"modified":"2014-03-03T09:35:45","modified_gmt":"2014-03-03T08:35:45","slug":"concours-et-salon-strasbourg-capitale-des-blancs-en-avril","status":"publish","type":"post","link":"https:\/\/thomasvino.ch\/?p=11805","title":{"rendered":"Concours et salon <br\/ > Strasbourg, capitale des blancs en avril"},"content":{"rendered":"<p><strong>Les 12 et 13 avril, au Palais des Congr\u00e8s de Strasbourg, se tiendront les Grands Concours du Monde, r\u00e9serv\u00e9s aux vins blancs. Un cinqui\u00e8me c\u00e9page,\u00a0<strong>le pinot blanc,<\/strong> s\u2019ajoute cette ann\u00e9e aux quatre premiers. Le riesling en est \u00e0 sa dix-septi\u00e8me participation, le pinot gris, \u00e0 sa neuvi\u00e8me, le gewurztraminer \u00e0 sa septi\u00e8me et le sylvaner \u00e0 sa deuxi\u00e8me. Les organisateurs alsaciens se r\u00e9jouissent d\u2019accueillir des \u00e9chantillons suisses\u2026 \u00e0 exp\u00e9dier jusqu\u2019au 7 mars.<\/strong><\/p>\n<p>En ajoutant le pinot blanc, Strasbourg fait, \u00e9videmment, concurrence aux Valaisans de Vin\u00e9a, qui ont \u00e9largi leur Mondial du Pinot \u00e0 tous les d\u00e9riv\u00e9s de ce grand c\u00e9page. Les jur\u00e9s strasbourgeois d\u00e9gusteront le samedi et le dimanche. A 16 h. 30 ce jour-l\u00e0, 13 avril, les troph\u00e9es r\u00e9compensant les meilleurs vins blancs de ces cat\u00e9gories seront remis, durant le Salon des vins blancs. Celui-ci se d\u00e9roulera le samedi 12 avril de 15 h. \u00e0 22 h. et le dimanche 13 de 11 h. \u00e0 18 h. C\u2019est \u00e9videmment l\u2019occasion de belles rencontres autour <strong><a title=\"L\u2019Alsace en pleine effervescence\" href=\"http:\/\/www.thomasvino.ch\/?p=10481\">des vins d\u2019Alsace, comme l\u2019an pass\u00e9.<\/a><\/strong><\/p>\n<p><em>Toutes les infos sur <strong><a title=\"Concours vins blancs, Strasbourg\" href=\"http:\/\/www.portail-vins-du-monde.com\/index_fr.php\">www.portail-vins-du-monde.com<\/a><\/strong><\/em><\/p>\n","protected":false},"excerpt":{"rendered":"<p>Les 12 et 13 avril, au Palais des Congr\u00e8s de Strasbourg, se tiendront les Grands Concours du Monde, r\u00e9serv\u00e9s aux vins blancs. Un cinqui\u00e8me c\u00e9page,\u00a0le pinot blanc, s\u2019ajoute cette ann\u00e9e aux quatre premiers. Le riesling en est \u00e0 sa dix-septi\u00e8me participation, le pinot gris, \u00e0 sa neuvi\u00e8me, le gewurztraminer \u00e0 sa septi\u00e8me et le sylvaner [&hellip;]<\/p>\n","protected":false},"author":3,"featured_media":0,"comment_status":"closed","ping_status":"open","sticky":false,"template":"","format":"standard","meta":{"_monsterinsights_skip_tracking":false,"_monsterinsights_sitenote_active":false,"_monsterinsights_sitenote_note":"","_monsterinsights_sitenote_category":0,"jetpack_post_was_ever_published":false,"jetpack_publicize_message":"","jetpack_is_tweetstorm":false,"jetpack_publicize_feature_enabled":true,"jetpack_social_post_already_shared":true,"jetpack_social_options":{"image_generator_settings":{"template":"highway","enabled":false}}},"categories":[15],"tags":[465,464,468,466,463,462,467],"jetpack_publicize_connections":[],"yoast_head":"<!-- This site is optimized with the Yoast SEO plugin v20.6 - https:\/\/yoast.com\/wordpress\/plugins\/seo\/ -->\n<title>Concours et salon  Strasbourg, capitale des blancs en avril - thomasvino<\/title>\n<meta name=\"robots\" content=\"index, follow, max-snippet:-1, max-image-preview:large, max-video-preview:-1\" \/>\n<link rel=\"canonical\" href=\"https:\/\/thomasvino.ch\/?p=11805\" \/>\n<meta property=\"og:locale\" content=\"fr_FR\" \/>\n<meta property=\"og:type\" content=\"article\" \/>\n<meta property=\"og:title\" content=\"Concours et salon  Strasbourg, capitale des blancs en avril - thomasvino\" \/>\n<meta property=\"og:description\" content=\"Les 12 et 13 avril, au Palais des Congr\u00e8s de Strasbourg, se tiendront les Grands Concours du Monde, r\u00e9serv\u00e9s aux vins blancs. Un cinqui\u00e8me c\u00e9page,\u00a0le pinot blanc, s\u2019ajoute cette ann\u00e9e aux quatre premiers. Le riesling en est \u00e0 sa dix-septi\u00e8me participation, le pinot gris, \u00e0 sa neuvi\u00e8me, le gewurztraminer \u00e0 sa septi\u00e8me et le sylvaner [&hellip;]\" \/>\n<meta property=\"og:url\" content=\"https:\/\/thomasvino.ch\/?p=11805\" \/>\n<meta property=\"og:site_name\" content=\"thomasvino\" \/>\n<meta property=\"article:published_time\" content=\"2014-03-03T08:33:04+00:00\" \/>\n<meta property=\"article:modified_time\" content=\"2014-03-03T08:35:45+00:00\" \/>\n<meta name=\"author\" content=\"Pierre Thomas\" \/>\n<meta name=\"twitter:label1\" content=\"\u00c9crit par\" \/>\n\t<meta name=\"twitter:data1\" content=\"Pierre Thomas\" \/>\n\t<meta name=\"twitter:label2\" content=\"Dur\u00e9e de lecture estim\u00e9e\" \/>\n\t<meta name=\"twitter:data2\" content=\"1 minute\" \/>\n<script type=\"application\/ld+json\" class=\"yoast-schema-graph\">{\"@context\":\"https:\/\/schema.org\",\"@graph\":[{\"@type\":\"WebPage\",\"@id\":\"https:\/\/thomasvino.ch\/?p=11805\",\"url\":\"https:\/\/thomasvino.ch\/?p=11805\",\"name\":\"Concours et salon Strasbourg, capitale des blancs en avril - thomasvino\",\"isPartOf\":{\"@id\":\"https:\/\/thomasvino.ch\/#website\"},\"datePublished\":\"2014-03-03T08:33:04+00:00\",\"dateModified\":\"2014-03-03T08:35:45+00:00\",\"author\":{\"@id\":\"https:\/\/thomasvino.ch\/#\/schema\/person\/670bf4486fe81152cf1d68bd585e062e\"},\"breadcrumb\":{\"@id\":\"https:\/\/thomasvino.ch\/?p=11805#breadcrumb\"},\"inLanguage\":\"fr-FR\",\"potentialAction\":[{\"@type\":\"ReadAction\",\"target\":[\"https:\/\/thomasvino.ch\/?p=11805\"]}]},{\"@type\":\"BreadcrumbList\",\"@id\":\"https:\/\/thomasvino.ch\/?p=11805#breadcrumb\",\"itemListElement\":[{\"@type\":\"ListItem\",\"position\":1,\"name\":\"Accueil\",\"item\":\"https:\/\/thomasvino.ch\/\"},{\"@type\":\"ListItem\",\"position\":2,\"name\":\"Concours et salon Strasbourg, capitale des blancs en avril\"}]},{\"@type\":\"WebSite\",\"@id\":\"https:\/\/thomasvino.ch\/#website\",\"url\":\"https:\/\/thomasvino.ch\/\",\"name\":\"thomasvino\",\"description\":\"Vins &amp; Gastronomie\",\"potentialAction\":[{\"@type\":\"SearchAction\",\"target\":{\"@type\":\"EntryPoint\",\"urlTemplate\":\"https:\/\/thomasvino.ch\/?s={search_term_string}\"},\"query-input\":\"required name=search_term_string\"}],\"inLanguage\":\"fr-FR\"},{\"@type\":\"Person\",\"@id\":\"https:\/\/thomasvino.ch\/#\/schema\/person\/670bf4486fe81152cf1d68bd585e062e\",\"name\":\"Pierre Thomas\",\"image\":{\"@type\":\"ImageObject\",\"inLanguage\":\"fr-FR\",\"@id\":\"https:\/\/thomasvino.ch\/#\/schema\/person\/image\/\",\"url\":\"https:\/\/secure.gravatar.com\/avatar\/91fd5a76647f140e53db987a0dead4d7?s=96&d=mm&r=g\",\"contentUrl\":\"https:\/\/secure.gravatar.com\/avatar\/91fd5a76647f140e53db987a0dead4d7?s=96&d=mm&r=g\",\"caption\":\"Pierre Thomas\"},\"url\":\"https:\/\/thomasvino.ch\/?author=3\"}]}<\/script>\n<!-- \/ Yoast SEO plugin. -->","yoast_head_json":{"title":"Concours et salon  Strasbourg, capitale des blancs en avril - thomasvino","robots":{"index":"index","follow":"follow","max-snippet":"max-snippet:-1","max-image-preview":"max-image-preview:large","max-video-preview":"max-video-preview:-1"},"canonical":"https:\/\/thomasvino.ch\/?p=11805","og_locale":"fr_FR","og_type":"article","og_title":"Concours et salon  Strasbourg, capitale des blancs en avril - thomasvino","og_description":"Les 12 et 13 avril, au Palais des Congr\u00e8s de Strasbourg, se tiendront les Grands Concours du Monde, r\u00e9serv\u00e9s aux vins blancs. Un cinqui\u00e8me c\u00e9page,\u00a0le pinot blanc, s\u2019ajoute cette ann\u00e9e aux quatre premiers. Le riesling en est \u00e0 sa dix-septi\u00e8me participation, le pinot gris, \u00e0 sa neuvi\u00e8me, le gewurztraminer \u00e0 sa septi\u00e8me et le sylvaner [&hellip;]","og_url":"https:\/\/thomasvino.ch\/?p=11805","og_site_name":"thomasvino","article_published_time":"2014-03-03T08:33:04+00:00","article_modified_time":"2014-03-03T08:35:45+00:00","author":"Pierre Thomas","twitter_misc":{"\u00c9crit par":"Pierre Thomas","Dur\u00e9e de lecture estim\u00e9e":"1 minute"},"schema":{"@context":"https:\/\/schema.org","@graph":[{"@type":"WebPage","@id":"https:\/\/thomasvino.ch\/?p=11805","url":"https:\/\/thomasvino.ch\/?p=11805","name":"Concours et salon Strasbourg, capitale des blancs en avril - thomasvino","isPartOf":{"@id":"https:\/\/thomasvino.ch\/#website"},"datePublished":"2014-03-03T08:33:04+00:00","dateModified":"2014-03-03T08:35:45+00:00","author":{"@id":"https:\/\/thomasvino.ch\/#\/schema\/person\/670bf4486fe81152cf1d68bd585e062e"},"breadcrumb":{"@id":"https:\/\/thomasvino.ch\/?p=11805#breadcrumb"},"inLanguage":"fr-FR","potentialAction":[{"@type":"ReadAction","target":["https:\/\/thomasvino.ch\/?p=11805"]}]},{"@type":"BreadcrumbList","@id":"https:\/\/thomasvino.ch\/?p=11805#breadcrumb","itemListElement":[{"@type":"ListItem","position":1,"name":"Accueil","item":"https:\/\/thomasvino.ch\/"},{"@type":"ListItem","position":2,"name":"Concours et salon Strasbourg, capitale des blancs en avril"}]},{"@type":"WebSite","@id":"https:\/\/thomasvino.ch\/#website","url":"https:\/\/thomasvino.ch\/","name":"thomasvino","description":"Vins &amp; Gastronomie","potentialAction":[{"@type":"SearchAction","target":{"@type":"EntryPoint","urlTemplate":"https:\/\/thomasvino.ch\/?s={search_term_string}"},"query-input":"required name=search_term_string"}],"inLanguage":"fr-FR"},{"@type":"Person","@id":"https:\/\/thomasvino.ch\/#\/schema\/person\/670bf4486fe81152cf1d68bd585e062e","name":"Pierre Thomas","image":{"@type":"ImageObject","inLanguage":"fr-FR","@id":"https:\/\/thomasvino.ch\/#\/schema\/person\/image\/","url":"https:\/\/secure.gravatar.com\/avatar\/91fd5a76647f140e53db987a0dead4d7?s=96&d=mm&r=g","contentUrl":"https:\/\/secure.gravatar.com\/avatar\/91fd5a76647f140e53db987a0dead4d7?s=96&d=mm&r=g","caption":"Pierre Thomas"},"url":"https:\/\/thomasvino.ch\/?author=3"}]}},"jetpack_featured_media_url":"","jetpack_sharing_enabled":true,"jetpack_shortlink":"https:\/\/wp.me\/p3m4tZ-34p","jetpack_likes_enabled":false,"jetpack-related-posts":[{"id":12682,"url":"https:\/\/thomasvino.ch\/?p=12682","url_meta":{"origin":11805,"position":0},"title":"Vins blancs  Strasbourg capitale mondiale","date":"1 avril 2015","format":false,"excerpt":"Dimanche 12 et lundi 13 avril se d\u00e9rouleront les Grands Concours du Monde, organis\u00e9s \u00e0 Strasbourg. Les c\u00e9pages cultiv\u00e9s en Alsace sont en lice, sylvaner, pinot blanc, riesling, pinot gris et gewurztraminer. Il n\u2019y manque que le chasselas, si cher \u00e0 la Suisse, et qui a d\u00e9j\u00e0 son propre concours\u2026","rel":"","context":"Dans &quot;Actus - News&quot;","img":{"alt_text":"","src":"","width":0,"height":0},"classes":[]},{"id":16366,"url":"https:\/\/thomasvino.ch\/?p=16366","url_meta":{"origin":11805,"position":1},"title":"Strasbourg\u00a0: un concours qui voit tout blanc\u00a0!","date":"12 f\u00e9vrier 2020","format":false,"excerpt":"La m\u00e9tropole alsacienne se replace dans le calendrier des concours internationaux, plus tard, quasi au d\u00e9but de l\u2019\u00e9t\u00e9, le dimanche 14 et le lundi 15 juin. Et sous le nom de \u00abLe Mondial des vins blancs, Strasbourg\u00bb, entend s\u2019\u00e9largir \u00e0 tous les c\u00e9pages blancs\u2026 apr\u00e8s une vingtaine d\u2019ann\u00e9es o\u00f9 il\u2026","rel":"","context":"Dans &quot;Actus - News&quot;","img":{"alt_text":"","src":"","width":0,"height":0},"classes":[]},{"id":9534,"url":"https:\/\/thomasvino.ch\/?p=9534","url_meta":{"origin":11805,"position":2},"title":"Strasbourg, capitale mondiales des vins blancs","date":"14 f\u00e9vrier 2013","format":false,"excerpt":"Strasbourg, capitale des vins blancs Un concours d\u00e9di\u00e9 au sylvaner Voil\u00e0 qui devrait int\u00e9resser les Valaisans et leur Johannisberg\u00a0: pour la premi\u00e8re fois, cette ann\u00e9e, Strasbourg organise un concours qui lui est d\u00e9di\u00e9. En parall\u00e8le de Riesling du Monde (16\u00e8me \u00e9dition), Pinot Gris du Monde (8\u00e8me \u00e9dition) et Gewurztraminer (6\u00e8me\u2026","rel":"","context":"Dans &quot;Actus - News&quot;","img":{"alt_text":"","src":"","width":0,"height":0},"classes":[]},{"id":9333,"url":"https:\/\/thomasvino.ch\/?p=9333","url_meta":{"origin":11805,"position":3},"title":"Riesling, pinots gris et gewurz&rsquo; en concours \u00e0 Strasbourg","date":"29 f\u00e9vrier 2012","format":false,"excerpt":"Concours de c\u00e9pages Riesling, pinot gris et gewurz' \u00e0 Strasbourg C\u2019est le dernier moment (jusqu\u2019au 9 mars 2012), pour inscrire des vins aux trois \u00abGrands Concours du Monde\u00bb, \u00e0 Strasbourg. La comp\u00e9tition est r\u00e9serv\u00e9e aux rieslings, aux pinots gris et aux gewurztraminer, c\u00e9pages embl\u00e9matiques de l'Alsace, de la vall\u00e9e du\u2026","rel":"","context":"Dans &quot;Actus - News&quot;","img":{"alt_text":"","src":"","width":0,"height":0},"classes":[]},{"id":9164,"url":"https:\/\/thomasvino.ch\/?p=9164","url_meta":{"origin":11805,"position":4},"title":"De l&rsquo;or pour une malvoisie valaisanne","date":"15 avril 2011","format":false,"excerpt":"Grands Concours du Monde Des m\u00e9dailles pour un riesling et deux pinots gris suisses Le Domaine du Mont-d\u2019Or (VS) et la Cave du Ch\u00e2teau d\u2019Auvernier (NE) ont d\u00e9croch\u00e9 des m\u00e9dailles, une d\u2019or et deux d\u2019argent, aux Grands Concours du Monde \u00e0 Strasbourg (riesling, pinot gris et gewurztraminer). Suivant la tendance\u2026","rel":"","context":"Dans &quot;Actus - News&quot;","img":{"alt_text":"","src":"","width":0,"height":0},"classes":[]},{"id":9114,"url":"https:\/\/thomasvino.ch\/?p=9114","url_meta":{"origin":11805,"position":5},"title":"Strasbourg capitale des c\u00e9pages rh\u00e9nans","date":"20 d\u00e9cembre 2010","format":false,"excerpt":"Strasbourg, trois concours sous l\u2019\u00e9gide de l\u2019OIV Riesling, Pinot gris et Gewurztraminer du Monde Organis\u00e9s \u00e0 Strasbourg, les \u00abgrands concours du monde\u00bb ont l\u2019ambition de contribuer \u00e0 la promotion des c\u00e9pages Riesling, Pinot gris et Gewurztraminer. Tr\u00e8s pr\u00e9sents en Alsace et en Allemagne, ils font l\u2019objet d\u2019une d\u00e9gustation par des\u2026","rel":"","context":"Dans &quot;Actus - News&quot;","img":{"alt_text":"","src":"","width":0,"height":0},"classes":[]}],"_links":{"self":[{"href":"https:\/\/thomasvino.ch\/index.php?rest_route=\/wp\/v2\/posts\/11805"}],"collection":[{"href":"https:\/\/thomasvino.ch\/index.php?rest_route=\/wp\/v2\/posts"}],"about":[{"href":"https:\/\/thomasvino.ch\/index.php?rest_route=\/wp\/v2\/types\/post"}],"author":[{"embeddable":true,"href":"https:\/\/thomasvino.ch\/index.php?rest_route=\/wp\/v2\/users\/3"}],"replies":[{"embeddable":true,"href":"https:\/\/thomasvino.ch\/index.php?rest_route=%2Fwp%2Fv2%2Fcomments&post=11805"}],"version-history":[{"count":0,"href":"https:\/\/thomasvino.ch\/index.php?rest_route=\/wp\/v2\/posts\/11805\/revisions"}],"wp:attachment":[{"href":"https:\/\/thomasvino.ch\/index.php?rest_route=%2Fwp%2Fv2%2Fmedia&parent=11805"}],"wp:term":[{"taxonomy":"category","embeddable":true,"href":"https:\/\/thomasvino.ch\/index.php?rest_route=%2Fwp%2Fv2%2Fcategories&post=11805"},{"taxonomy":"post_tag","embeddable":true,"href":"https:\/\/thomasvino.ch\/index.php?rest_route=%2Fwp%2Fv2%2Ftags&post=11805"}],"curies":[{"name":"wp","href":"https:\/\/api.w.org\/{rel}","templated":true}]}}