{"id":11884,"date":"2014-04-10T14:34:42","date_gmt":"2014-04-10T13:34:42","guid":{"rendered":"http:\/\/www.thomasvino.ch\/?p=11884"},"modified":"2014-04-10T14:35:19","modified_gmt":"2014-04-10T13:35:19","slug":"bordeaux-co-vinobusiness-as-usual","status":"publish","type":"post","link":"https:\/\/thomasvino.ch\/?p=11884","title":{"rendered":"Bordeaux &#038; Co <br\/ > VinoBusiness\u2026 as usual"},"content":{"rendered":"<p>C\u2019est le livre du moment \u00e0 lire\u00a0: <em>VinoBusiness<\/em>, d\u2019<strong>Isabelle Saporta<\/strong>, \u00e9dit\u00e9 par Albin Michel. 250 pages \u00e9crites en gros caract\u00e8res, faciles \u00e0 lire, en 25 courts chapitres, o\u00f9 l\u2019auteur enfonce le clou. Sur quatre grands axes du business du vin: le monde de Bordeaux, centr\u00e9 sur le <strong><a title=\"1ers Grands Crus Class\u00e9s et Grands Crus Class\u00e9s de Saint-Emilion, 2012\" href=\"http:\/\/www.thomasvino.ch\/?p=9442\">classement des crus de Saint-Emilion<\/a><\/strong>, l\u2019influence des <strong><a title=\"Un Chinois ach\u00e8te un Grand Cru Class\u00e9\" href=\"http:\/\/www.thomasvino.ch\/?p=9502\">Chinois en France<\/a><\/strong> et chez eux, l\u2019extension de l\u2019aire d\u2019appellation Champagne, avec la promesse de d\u00e9classement de certaines vignes, enlis\u00e9e depuis dix ans, et, finalement, les r\u00e9sidus de produits chimiques contenus dans le vin, pass\u00e9s sous un silence de plomb.<\/p>\n<p>Commen\u00e7ons par cette fin-l\u00e0. Va-t-on vendre, bient\u00f4t, le vin sur ordonnance m\u00e9dicale ou comme un m\u00e9dicament, avec un prospectus mentionnant les substances qu\u2019il contient et les contre-indications \u00e9ventuelles\u00a0? Dans sa \u00abconclusion\u00bb, <strong>Isabelle Saporta<\/strong> \u00e9crit\u00a0: <em>\u00abComment est-il possible qu\u2019en ces temps si friands d\u2019\u00e9cologie et si prompts \u00e0 d\u00e9noncer les risques, le vin puisse jouir d\u2019une pareille impunit\u00e9 en mati\u00e8re de pesticides, le faisan ainsi \u00e9chapper aux r\u00e8gles qui r\u00e9gissent tous les autres mets\u00a0? (r\u00e9d.\u00a0: on aurait \u00e9crit aliments\u2026) Ce divin breuvage sortirait pourtant grandi d\u2019afficher la couleur des produits phytosanitaires et \u0153nologiques utilis\u00e9s pour sa fabrication. Qui sait\u00a0? Peut-\u00eatre que de se soumettre \u00e0 un \u00e9tiquetage pr\u00e9cis, \u00e0 un peu plus de transparence, couperait \u00e0 nos vignerons l\u2019envie d\u2019en user\u00a0?\u00bb<\/em><\/p>\n<p><strong>Les milieux vitivinicoles du monde entier (suisses compris\u00a0!) se sont toujours battus pour ne pas devoir pr\u00e9ciser comment le vin est fait, avec quels produits.<\/strong> Curieusement, dat\u00e9 de mars 2014 (impression), ce br\u00fblot reprend une des th\u00e8ses \u00e9mises par\u2026 <strong>Bob Parker<\/strong>. Comme dans le film <em>Mondovino<\/em>, le gourou am\u00e9ricain, qui a <strong><a title=\"Parker passe sous contr\u00f4le de Singapour\" href=\"http:\/\/www.thomasvino.ch\/?p=9511\">vendu son <em>Wine Advocate<\/em> \u00e0 des Chinois de Singapour<\/a><\/strong>, para\u00eet comme un des grands artisans du bordeaux, produit de luxe moderne, avec sa connection avec <strong>Michel Rolland<\/strong>, autre \u00abvictime\u00bb de <em>Mondovino,<\/em> et qui a <strong><a title=\"Michel Rolland r\u00e8gle ses comptes\" href=\"http:\/\/www.thomasvino.ch\/?p=9368\">contre-attaqu\u00e9 dans un livre<\/a><\/strong>.<\/p>\n<p>Mais, curieusement, la journaliste fran\u00e7aise et le critique am\u00e9ricain, qui s\u2019est toujours dit disciple de l\u2019avocat consum\u00e9riste, et candidat r\u00e9cidiviste \u00e0 la pr\u00e9sidence am\u00e9ricain, <strong>Ralf Nader<\/strong>, paraissent d\u2019accord sur un point. Dans ses 15 \u00abpr\u00e9dictions\u00bb pour 2014, balanc\u00e9es sur son compte twitter il y a quelques mois, l\u2019oracle \u00e9tatsunien, faisait figurer en point 10\u00a0: <em>\u00abLe gouvernement va finalement exiger des \u00e9tiquettes de vins qu\u2019elles r\u00e9v\u00e8lent l\u2019apport calorique et les ingr\u00e9dients.\u00bb<\/em> En point 15, il donnait aussi une explication au \u00abd\u00e9samour\u00bb \u00e0 l\u2019\u00e9gard du champagne, produit fran\u00e7ais de luxe\u00a0: <em>\u00abLes ventes croissantes de Prosecco italien et de Cava espagnol \u00e9rodent une partie du profit et du glamour de la Champagne.\u00bb<\/em> Hormis la bataille que se livrent les grands groupes de Champagne, LVMH comme Vranken (Pommery), voil\u00e0 une explication du peu d\u2019empressement d\u2019agrandir l\u2019aire d\u2019appellation, apr\u00e8s les envol\u00e9es commerciales mill\u00e9naristes au tournant de l\u2019an 2000.<\/p>\n<p>La m\u00e9thode de travail d\u2019<strong>Isabelle Saporta<\/strong> pour <em>VinoBusiness<\/em> n\u2019est gu\u00e8re diff\u00e9rente de celle de <strong>Jonathan Nossiter<\/strong> pour <em>Mondovino<\/em>\u00a0: r\u00e9ussir \u00e0 amadouer les acteurs du milieu, pour qu\u2019ils fassent des confidences, et \u00abmonter\u00bb le document final en citant largement les acteurs, souvent \u00e0 contre-emploi.<\/p>\n<p>Ceux qui ne le savent pas encore apprendront comment les d\u00e9gustations des primeurs sont <em>\u00abune v\u00e9ritable mascarade\u00bb<\/em>, \u00e0 laquelle, en avril 2014, quelque 5&rsquo;000 acteurs, journalistes et n\u00e9gociants, ont particip\u00e9 gaiement. Et comment Bob Parker fait le beau temps, davantage que la pluie, dans le Bordelais, dans le sillage de son ami le <em>\u00abflying winemaker\u00bb<\/em> <strong>Michel Rolland<\/strong> \u2014 en 2014, <strong>Bob Parker<\/strong>, tout occup\u00e9 \u00e0 faire le tour du monde en d\u00eener de prestige, se fera envoyer des \u00e9chantillons de primeurs 2013 chez lui en mai, dit-on\u2026 Comment aussi, les \u00e9pisodes judiciaires rocambolesques autour des <strong><a title=\"En attendant qu\u2019Ang\u00e9lus et Pavie valent Ausone et Cheval-Blanc\" href=\"http:\/\/www.thomasvino.ch\/?p=9441\">nouveaux classements des crus de Saint-Emilion<\/a><\/strong>, ont fait des heureux, comme <strong>Hubert de Bo\u00fcard<\/strong> (Ang\u00e9lus) et <strong>G\u00e9rard Perse<\/strong> (Pavie, <strong><a title=\"Bordeaux \u2014 Les confidences de G\u00e9rard Perse (Ch\u00e2teau Pavie)\" href=\"http:\/\/www.thomasvino.ch\/?p=8736\">lire ses confidences<\/a><\/strong>), et quelques malheureux. Comment, dans le sillage de Parker, le Dr Alain Raynaud attire des clients <strong><a title=\"Assemblages rouges suisses Mono, bi ou multi, telle est la question !\" href=\"http:\/\/www.thomasvino.ch\/?p=11749\">jusqu&rsquo;en Suisse.<\/a><\/strong><\/p>\n<p><em>Last, but not least<\/em>, le bordeaux produit de luxe entra\u00eene une plus-value d\u00e9mentielle des domaines et du foncier, que seuls peuvent se payer des milliardaires de l\u2019industrie, comme <strong>Bernard Arnault<\/strong> (Cheval-Blanc, Yquem), <strong>Fran\u00e7ois Pinault<\/strong> (Latour) ou des institutionnels\u2026 et quelques nouveaux riches chinois. Dans ce \u00abstar system\u00bb, le Chti autodidacte, <strong>St\u00e9phane Derenoncourt<\/strong>, qui revendique de faire du vin comme on fait la cuisine, et Pascal Ch\u00e2tonnet, <strong><a title=\"Bouchons: le li\u00e8ge \u00e0 de beaux jours devant lui\" href=\"http:\/\/www.thomasvino.ch\/?p=8760\">\u00e0 la t\u00eate d\u2019un laboratoire d\u2019analyses<\/a><\/strong>, s\u2019en tirent un peu mieux que <strong>Hubert de Bo\u00fcard<\/strong>, <strong>Michel Rolland<\/strong>, <strong>Jean-Paul Thunevin<\/strong> ou le critique <strong>Jean-Michel Quarin<\/strong> qui tente de se poser en <strong><a title=\"Les gourous se poussent du goulot\" href=\"http:\/\/www.thomasvino.ch\/?p=9544\"><em>\u00abanti-Parker\u00bb<\/em> depuis quinze ans<\/a>.<\/strong><\/p>\n<p>Ce voyage critique dans le pays de cocagne des grands crus, o\u00f9 l\u2019Institut des appellations d\u2019origine (INAO) est clou\u00e9 au pilori, vaut le d\u00e9tour et se lit comme un polar. Jusque dans l&rsquo;omert\u00e0 dans laquelle se drape le milieu du vin&#8230; h\u00e9las sous<strong> <a title=\"Vins suisses : les sept questions qui f\u00e2chent\" href=\"http:\/\/www.thomasvino.ch\/?p=11681\">toute latitude et \u00e0 toute \u00e9chelle, m\u00eame modeste<\/a><\/strong>.<\/p>\n<p><em>Pierre Thomas<\/em><\/p>\n<p><em>Vino Business, Isabelle Saporta, Albin Michel, 254 pages, mars 2014, 19 euros.<\/em><\/p>\n","protected":false},"excerpt":{"rendered":"<p>C\u2019est le livre du moment \u00e0 lire\u00a0: VinoBusiness, d\u2019Isabelle Saporta, \u00e9dit\u00e9 par Albin Michel. 250 pages \u00e9crites en gros caract\u00e8res, faciles \u00e0 lire, en 25 courts chapitres, o\u00f9 l\u2019auteur enfonce le clou. Sur quatre grands axes du business du vin: le monde de Bordeaux, centr\u00e9 sur le classement des crus de Saint-Emilion, l\u2019influence des Chinois [&hellip;]<\/p>\n","protected":false},"author":3,"featured_media":0,"comment_status":"closed","ping_status":"open","sticky":false,"template":"","format":"standard","meta":{"_monsterinsights_skip_tracking":false,"_monsterinsights_sitenote_active":false,"_monsterinsights_sitenote_note":"","_monsterinsights_sitenote_category":0,"jetpack_post_was_ever_published":false,"jetpack_publicize_message":"","jetpack_is_tweetstorm":false,"jetpack_publicize_feature_enabled":true,"jetpack_social_post_already_shared":true,"jetpack_social_options":{"image_generator_settings":{"template":"highway","enabled":false}}},"categories":[29],"tags":[534,254,353,532,536,533,535,537],"jetpack_publicize_connections":[],"yoast_head":"<!-- This site is optimized with the Yoast SEO plugin v20.6 - https:\/\/yoast.com\/wordpress\/plugins\/seo\/ -->\n<title>Bordeaux &amp; Co  VinoBusiness\u2026 as usual - thomasvino<\/title>\n<meta name=\"robots\" content=\"index, follow, max-snippet:-1, max-image-preview:large, max-video-preview:-1\" \/>\n<link rel=\"canonical\" href=\"https:\/\/thomasvino.ch\/?p=11884\" \/>\n<meta property=\"og:locale\" content=\"fr_FR\" \/>\n<meta property=\"og:type\" content=\"article\" \/>\n<meta property=\"og:title\" content=\"Bordeaux &amp; Co  VinoBusiness\u2026 as usual - thomasvino\" \/>\n<meta property=\"og:description\" content=\"C\u2019est le livre du moment \u00e0 lire\u00a0: VinoBusiness, d\u2019Isabelle Saporta, \u00e9dit\u00e9 par Albin Michel. 250 pages \u00e9crites en gros caract\u00e8res, faciles \u00e0 lire, en 25 courts chapitres, o\u00f9 l\u2019auteur enfonce le clou. Sur quatre grands axes du business du vin: le monde de Bordeaux, centr\u00e9 sur le classement des crus de Saint-Emilion, l\u2019influence des Chinois [&hellip;]\" \/>\n<meta property=\"og:url\" content=\"https:\/\/thomasvino.ch\/?p=11884\" \/>\n<meta property=\"og:site_name\" content=\"thomasvino\" \/>\n<meta property=\"article:published_time\" content=\"2014-04-10T13:34:42+00:00\" \/>\n<meta property=\"article:modified_time\" content=\"2014-04-10T13:35:19+00:00\" \/>\n<meta name=\"author\" content=\"Pierre Thomas\" \/>\n<meta name=\"twitter:label1\" content=\"\u00c9crit par\" \/>\n\t<meta name=\"twitter:data1\" content=\"Pierre Thomas\" \/>\n\t<meta name=\"twitter:label2\" content=\"Dur\u00e9e de lecture estim\u00e9e\" \/>\n\t<meta name=\"twitter:data2\" content=\"4 minutes\" \/>\n<script type=\"application\/ld+json\" class=\"yoast-schema-graph\">{\"@context\":\"https:\/\/schema.org\",\"@graph\":[{\"@type\":\"WebPage\",\"@id\":\"https:\/\/thomasvino.ch\/?p=11884\",\"url\":\"https:\/\/thomasvino.ch\/?p=11884\",\"name\":\"Bordeaux & Co VinoBusiness\u2026 as usual - thomasvino\",\"isPartOf\":{\"@id\":\"https:\/\/thomasvino.ch\/#website\"},\"datePublished\":\"2014-04-10T13:34:42+00:00\",\"dateModified\":\"2014-04-10T13:35:19+00:00\",\"author\":{\"@id\":\"https:\/\/thomasvino.ch\/#\/schema\/person\/670bf4486fe81152cf1d68bd585e062e\"},\"breadcrumb\":{\"@id\":\"https:\/\/thomasvino.ch\/?p=11884#breadcrumb\"},\"inLanguage\":\"fr-FR\",\"potentialAction\":[{\"@type\":\"ReadAction\",\"target\":[\"https:\/\/thomasvino.ch\/?p=11884\"]}]},{\"@type\":\"BreadcrumbList\",\"@id\":\"https:\/\/thomasvino.ch\/?p=11884#breadcrumb\",\"itemListElement\":[{\"@type\":\"ListItem\",\"position\":1,\"name\":\"Accueil\",\"item\":\"https:\/\/thomasvino.ch\/\"},{\"@type\":\"ListItem\",\"position\":2,\"name\":\"Bordeaux &#038; Co VinoBusiness\u2026 as usual\"}]},{\"@type\":\"WebSite\",\"@id\":\"https:\/\/thomasvino.ch\/#website\",\"url\":\"https:\/\/thomasvino.ch\/\",\"name\":\"thomasvino\",\"description\":\"Vins &amp; Gastronomie\",\"potentialAction\":[{\"@type\":\"SearchAction\",\"target\":{\"@type\":\"EntryPoint\",\"urlTemplate\":\"https:\/\/thomasvino.ch\/?s={search_term_string}\"},\"query-input\":\"required name=search_term_string\"}],\"inLanguage\":\"fr-FR\"},{\"@type\":\"Person\",\"@id\":\"https:\/\/thomasvino.ch\/#\/schema\/person\/670bf4486fe81152cf1d68bd585e062e\",\"name\":\"Pierre Thomas\",\"image\":{\"@type\":\"ImageObject\",\"inLanguage\":\"fr-FR\",\"@id\":\"https:\/\/thomasvino.ch\/#\/schema\/person\/image\/\",\"url\":\"https:\/\/secure.gravatar.com\/avatar\/91fd5a76647f140e53db987a0dead4d7?s=96&d=mm&r=g\",\"contentUrl\":\"https:\/\/secure.gravatar.com\/avatar\/91fd5a76647f140e53db987a0dead4d7?s=96&d=mm&r=g\",\"caption\":\"Pierre Thomas\"},\"url\":\"https:\/\/thomasvino.ch\/?author=3\"}]}<\/script>\n<!-- \/ Yoast SEO plugin. -->","yoast_head_json":{"title":"Bordeaux & Co  VinoBusiness\u2026 as usual - thomasvino","robots":{"index":"index","follow":"follow","max-snippet":"max-snippet:-1","max-image-preview":"max-image-preview:large","max-video-preview":"max-video-preview:-1"},"canonical":"https:\/\/thomasvino.ch\/?p=11884","og_locale":"fr_FR","og_type":"article","og_title":"Bordeaux & Co  VinoBusiness\u2026 as usual - thomasvino","og_description":"C\u2019est le livre du moment \u00e0 lire\u00a0: VinoBusiness, d\u2019Isabelle Saporta, \u00e9dit\u00e9 par Albin Michel. 250 pages \u00e9crites en gros caract\u00e8res, faciles \u00e0 lire, en 25 courts chapitres, o\u00f9 l\u2019auteur enfonce le clou. Sur quatre grands axes du business du vin: le monde de Bordeaux, centr\u00e9 sur le classement des crus de Saint-Emilion, l\u2019influence des Chinois [&hellip;]","og_url":"https:\/\/thomasvino.ch\/?p=11884","og_site_name":"thomasvino","article_published_time":"2014-04-10T13:34:42+00:00","article_modified_time":"2014-04-10T13:35:19+00:00","author":"Pierre Thomas","twitter_misc":{"\u00c9crit par":"Pierre Thomas","Dur\u00e9e de lecture estim\u00e9e":"4 minutes"},"schema":{"@context":"https:\/\/schema.org","@graph":[{"@type":"WebPage","@id":"https:\/\/thomasvino.ch\/?p=11884","url":"https:\/\/thomasvino.ch\/?p=11884","name":"Bordeaux & Co VinoBusiness\u2026 as usual - thomasvino","isPartOf":{"@id":"https:\/\/thomasvino.ch\/#website"},"datePublished":"2014-04-10T13:34:42+00:00","dateModified":"2014-04-10T13:35:19+00:00","author":{"@id":"https:\/\/thomasvino.ch\/#\/schema\/person\/670bf4486fe81152cf1d68bd585e062e"},"breadcrumb":{"@id":"https:\/\/thomasvino.ch\/?p=11884#breadcrumb"},"inLanguage":"fr-FR","potentialAction":[{"@type":"ReadAction","target":["https:\/\/thomasvino.ch\/?p=11884"]}]},{"@type":"BreadcrumbList","@id":"https:\/\/thomasvino.ch\/?p=11884#breadcrumb","itemListElement":[{"@type":"ListItem","position":1,"name":"Accueil","item":"https:\/\/thomasvino.ch\/"},{"@type":"ListItem","position":2,"name":"Bordeaux &#038; Co VinoBusiness\u2026 as usual"}]},{"@type":"WebSite","@id":"https:\/\/thomasvino.ch\/#website","url":"https:\/\/thomasvino.ch\/","name":"thomasvino","description":"Vins &amp; Gastronomie","potentialAction":[{"@type":"SearchAction","target":{"@type":"EntryPoint","urlTemplate":"https:\/\/thomasvino.ch\/?s={search_term_string}"},"query-input":"required name=search_term_string"}],"inLanguage":"fr-FR"},{"@type":"Person","@id":"https:\/\/thomasvino.ch\/#\/schema\/person\/670bf4486fe81152cf1d68bd585e062e","name":"Pierre Thomas","image":{"@type":"ImageObject","inLanguage":"fr-FR","@id":"https:\/\/thomasvino.ch\/#\/schema\/person\/image\/","url":"https:\/\/secure.gravatar.com\/avatar\/91fd5a76647f140e53db987a0dead4d7?s=96&d=mm&r=g","contentUrl":"https:\/\/secure.gravatar.com\/avatar\/91fd5a76647f140e53db987a0dead4d7?s=96&d=mm&r=g","caption":"Pierre Thomas"},"url":"https:\/\/thomasvino.ch\/?author=3"}]}},"jetpack_featured_media_url":"","jetpack_sharing_enabled":true,"jetpack_shortlink":"https:\/\/wp.me\/p3m4tZ-35G","jetpack_likes_enabled":false,"jetpack-related-posts":[{"id":12211,"url":"https:\/\/thomasvino.ch\/?p=12211","url_meta":{"origin":11884,"position":0},"title":"Vino business \u00e0 la TV et en ic\u00f4ne","date":"8 septembre 2014","format":false,"excerpt":"Apr\u00e8s le livre, Isabelle Saporta diffuse un reportage TV sur les moeurs affairistes des Bordelais, \u00e0 voir sur France 3 le 15 septembre 2014, \u00e0 20 h. 45. Sur le site du Point, Jacques Dupont \u00e9met quelques b\u00e9mols sur la mani\u00e8re, qui ressemble \u00e0 celle de Mondovino, de Jonathan Nossiter.\u2026","rel":"","context":"Dans &quot;Lu sur Internet&quot;","img":{"alt_text":"","src":"","width":0,"height":0},"classes":[]},{"id":8708,"url":"https:\/\/thomasvino.ch\/?p=8708","url_meta":{"origin":11884,"position":1},"title":"Bordeaux \u2014 L&rsquo;enseignement universel de Bruno Prats","date":"26 janvier 2008","format":false,"excerpt":"Les vins de Bruno PratsLes le\u00e7ons universelles de BordeauxCopropri\u00e9taire, jusqu\u2019en 1998, du prestigieux Ch\u00e2teau Cos d\u2019Estournel, Bruno Prats, 63 ans, domicili\u00e9 pr\u00e8s de Morges, rayonne dans le monde entier pour produire des vins inspir\u00e9s\u2026 de Bordeaux. Pierre ThomasIl pourrait, avec son \u00e9pouse et son chien, passer une tranquille retraite sur\u2026","rel":"","context":"Dans &quot;Vins fran\u00e7ais&quot;","img":{"alt_text":"","src":"","width":0,"height":0},"classes":[]},{"id":8951,"url":"https:\/\/thomasvino.ch\/?p=8951","url_meta":{"origin":11884,"position":2},"title":"2009 d&rsquo;anthologie \u00e0 Bordeaux et en Champagne","date":"9 octobre 2009","format":false,"excerpt":"Bordeaux et Champagne Un 2009 d\u2019anthologie Il faudrait remonter \u00e0 1949, \u00e0 Bordeaux, pour retrouver un mois de septembre aussi somptueux que le 2009. Ce matin (9 octobre), plusieurs sites Internet relaient une d\u00e9p\u00eache AFP qui vante les m\u00e9rites du dernier mill\u00e9sime rentr\u00e9 dans les chais. Le professeur d\u2019\u0153nologie Denis\u2026","rel":"","context":"Dans &quot;Actus - News&quot;","img":{"alt_text":"","src":"","width":0,"height":0},"classes":[]},{"id":13874,"url":"https:\/\/thomasvino.ch\/?p=13874","url_meta":{"origin":11884,"position":3},"title":"Il publie un livre: Paolo Basso, l\u2019\u00abantiterroiriste\u00bb","date":"22 octobre 2016","format":false,"excerpt":"Le \u00abmeilleur sommelier du monde 2013\u00bb vient de publier, avec la complicit\u00e9 du journaliste Pierre-Emmanuel Buss, un livre de souvenirs, d\u2019astuces et de coups de c\u0153ur. O\u00f9 ce natif du nord de l\u2019Italie explique qu\u2019il a toujours aim\u00e9 s\u2019exprimer en fran\u00e7ais. Par Pierre Thomas Il suffit de voir la ligne\u2026","rel":"","context":"Dans &quot;Tendance&quot;","img":{"alt_text":"","src":"","width":0,"height":0},"classes":[]},{"id":9967,"url":"https:\/\/thomasvino.ch\/?p=9967","url_meta":{"origin":11884,"position":4},"title":"Christian Seely: \u00abBordeaux sera toujours Bordeaux\u00bb","date":"8 mai 2007","format":false,"excerpt":"Christian Seely, directeur g\u00e9n\u00e9ral d\u2019AXA-Mill\u00e9simes\u00abBordeaux sera toujours Bordeaux\u00bbPour la quatorzi\u00e8me fois depuis 1981, Vinexpo \u00e0 Bordeaux, du 17 au 21 juin 2007, sera La Mecque du vin. De passage \u00e0 Lausanne, Christian Seely nous a dit pourquoi \u00abBordeaux sera toujours Bordeaux\u00bb. M\u00eame pour un Anglais.Ce manager de 46 ans, a\u2026","rel":"","context":"Dans &quot;Vins fran\u00e7ais&quot;","img":{"alt_text":"","src":"","width":0,"height":0},"classes":[]},{"id":13742,"url":"https:\/\/thomasvino.ch\/?p=13742","url_meta":{"origin":11884,"position":5},"title":"La Cit\u00e9 du Vin \u00e0 Bordeaux  A donf, l\u2019interactivit\u00e9","date":"24 juillet 2016","format":false,"excerpt":"Inaugur\u00e9e en grande pompe le 1er juin 2016, la Cit\u00e9 du Vin de Bordeaux a tenu ses objectifs pour son premier mois\u00a0: 40'000 visiteurs\u00a0! Ce parcours initiatique et panoramique autour des nectars du monde tient ses promesses. Visite (non) guid\u00e9e. Par Pierre Thomas (texte et photos) Comme tout le monde,\u2026","rel":"","context":"Dans &quot;Tendance&quot;","img":{"alt_text":"","src":"https:\/\/i0.wp.com\/www.thomasvino.ch\/wp-content\/uploads\/2016\/07\/site_bateau_cite\u00cc\u0081_du_vin-300x225.jpg?resize=350%2C200","width":350,"height":200},"classes":[]}],"_links":{"self":[{"href":"https:\/\/thomasvino.ch\/index.php?rest_route=\/wp\/v2\/posts\/11884"}],"collection":[{"href":"https:\/\/thomasvino.ch\/index.php?rest_route=\/wp\/v2\/posts"}],"about":[{"href":"https:\/\/thomasvino.ch\/index.php?rest_route=\/wp\/v2\/types\/post"}],"author":[{"embeddable":true,"href":"https:\/\/thomasvino.ch\/index.php?rest_route=\/wp\/v2\/users\/3"}],"replies":[{"embeddable":true,"href":"https:\/\/thomasvino.ch\/index.php?rest_route=%2Fwp%2Fv2%2Fcomments&post=11884"}],"version-history":[{"count":0,"href":"https:\/\/thomasvino.ch\/index.php?rest_route=\/wp\/v2\/posts\/11884\/revisions"}],"wp:attachment":[{"href":"https:\/\/thomasvino.ch\/index.php?rest_route=%2Fwp%2Fv2%2Fmedia&parent=11884"}],"wp:term":[{"taxonomy":"category","embeddable":true,"href":"https:\/\/thomasvino.ch\/index.php?rest_route=%2Fwp%2Fv2%2Fcategories&post=11884"},{"taxonomy":"post_tag","embeddable":true,"href":"https:\/\/thomasvino.ch\/index.php?rest_route=%2Fwp%2Fv2%2Ftags&post=11884"}],"curies":[{"name":"wp","href":"https:\/\/api.w.org\/{rel}","templated":true}]}}