{"id":12027,"date":"2014-06-13T08:26:33","date_gmt":"2014-06-13T07:26:33","guid":{"rendered":"http:\/\/www.thomasvino.ch\/?p=12027"},"modified":"2016-11-29T15:55:59","modified_gmt":"2016-11-29T14:55:59","slug":"un-but-convoite-faire-boire-plus-de-vin-aux-bresiliens","status":"publish","type":"post","link":"https:\/\/thomasvino.ch\/?p=12027","title":{"rendered":"Un but convoit\u00e9 <br\/ > faire boire plus de vin aux Br\u00e9siliens"},"content":{"rendered":"<p><strong>Le Br\u00e9sil partage avec la Chine, l\u2019Inde et la Russie \u2014 quatre des BRICs, auxquels s\u2019ajoutent l\u2019Afrique du Sud \u2014 l\u2019espoir d\u2019un march\u00e9 du vin en forte croissance. La Coupe du Monde de football, d\u00e8s cette semaine, puis les Jeux olympiques \u00e0 Rio de Janeiro, en 2016, sont deux occasions r\u00eav\u00e9es pour viser des consommateurs encore timides.<\/strong><\/p>\n<p><em>Par Pierre Thomas, de retour de Brasilia, textes et photos \u00a9<br \/>\n<\/em><\/p>\n<p>Les 205 millions de Br\u00e9siliens, dont une \u00abclasse moyenne\u00bb en forte croissance, attirent les convoitises. L\u2019ex-royaume install\u00e9 par les Portugais a l\u2019habitude de consommer de l\u2019alcool\u00a0: pr\u00e8s de 65 litres de bi\u00e8re par t\u00eate et la \u00abcacha\u00e7a\u00bb locale, tir\u00e9e de la canne \u00e0 sucre. Cet alcool blanc est servi en cocktail rafra\u00eechissant, connu sous nos latitudes aussi, la \u00abcaipirinha\u00bb, mais aussi \u00e0 table, pour dig\u00e9rer ce plat national, rituel de fin de semaine qu\u2019est la \u00abfeijoada\u00bb, une pot\u00e9e de haricots noirs et de diverses viandes de porc.<\/p>\n<h3><strong>Vins br\u00e9siliens\u00a0: priorit\u00e9 \u00e0 l\u2019export<\/strong><\/h3>\n<p>Dans une Am\u00e9rique latine port\u00e9e sur le vin \u2014 le Chili et l\u2019Argentine en sont de grands producteurs et exportateurs \u2014, le Br\u00e9sil y a \u00e9chapp\u00e9. Pourtant, une industrie vitivinicole locale existe, qui produit tant des vins mousseux, reconnus dans le monde, que des vins rouges de bonne facture. Logiquement, c\u2019est un jeune producteur local, qui vient de f\u00eater ses dix ans d\u2019existence, <strong>Lidio Carraro<\/strong>, install\u00e9 dans la biennomm\u00e9e Vale dos Vinhedos, au sud, \u00e0 deux heures de voiture de Porto Alegre, qui s\u2019est offert la licence des <em>\u00abvins officiels de la Coupe du Monde de football\u00bb<\/em>. Avec un blanc, un ros\u00e9 et un rouge, ce domaine a profit\u00e9 de se profiler \u00e0 l\u2019exportation, notamment en France et en Belgique, mais, selon nos informations, sans succ\u00e8s en Suisse. Pour l\u2019occasion, sa jeune \u0153nologue d\u2019origine italienne, <strong>Monica Rossetti<\/strong>, a concoct\u00e9, dans la ligne Faces, un assemblage rouge \u00e0 base de\u2026 onze c\u00e9pages\u00a0!<\/p>\n<div id=\"attachment_11875\" style=\"width: 310px\" class=\"wp-caption aligncenter\"><a href=\"https:\/\/i0.wp.com\/www.thomasvino.ch\/wp-content\/uploads\/2014\/04\/bres_Dilma_Russeff_President_of_Brazil.jpg\"><img aria-describedby=\"caption-attachment-11875\" data-attachment-id=\"11875\" data-permalink=\"https:\/\/thomasvino.ch\/?attachment_id=11875\" data-orig-file=\"https:\/\/i0.wp.com\/thomasvino.ch\/wp-content\/uploads\/2014\/04\/bres_Dilma_Russeff_President_of_Brazil.jpg?fit=640%2C427&amp;ssl=1\" data-orig-size=\"640,427\" data-comments-opened=\"0\" data-image-meta=\"{&quot;aperture&quot;:&quot;0&quot;,&quot;credit&quot;:&quot;&quot;,&quot;camera&quot;:&quot;&quot;,&quot;caption&quot;:&quot;&quot;,&quot;created_timestamp&quot;:&quot;0&quot;,&quot;copyright&quot;:&quot;&quot;,&quot;focal_length&quot;:&quot;0&quot;,&quot;iso&quot;:&quot;0&quot;,&quot;shutter_speed&quot;:&quot;0&quot;,&quot;title&quot;:&quot;&quot;,&quot;orientation&quot;:&quot;0&quot;}\" data-image-title=\"bres_Dilma_Russeff_President_of_Brazil\" data-image-description=\"\" data-image-caption=\"&lt;p&gt;La pr\u00e9sidente du Br\u00e9sil, Dilma Russeff, re\u00e7oit les trois vins officiels de la Coupe du Monde de football des mains de l&amp;rsquo;oenologue Monica Rossetti&lt;\/p&gt;\n\" data-medium-file=\"https:\/\/i0.wp.com\/thomasvino.ch\/wp-content\/uploads\/2014\/04\/bres_Dilma_Russeff_President_of_Brazil.jpg?fit=300%2C200&amp;ssl=1\" data-large-file=\"https:\/\/i0.wp.com\/thomasvino.ch\/wp-content\/uploads\/2014\/04\/bres_Dilma_Russeff_President_of_Brazil.jpg?fit=640%2C427&amp;ssl=1\" loading=\"lazy\" class=\"size-medium wp-image-11875\" src=\"https:\/\/i0.wp.com\/www.thomasvino.ch\/wp-content\/uploads\/2014\/04\/bres_Dilma_Russeff_President_of_Brazil-300x200.jpg?resize=300%2C200\" alt=\"La pr\u00e9sidente du Br\u00e9sil, Dilma Russeff, re\u00e7oit les trois vins officiels de la Coupe du Monde de football des mains de l'oenologue Monica Rossetti\" width=\"300\" height=\"200\" srcset=\"https:\/\/i0.wp.com\/thomasvino.ch\/wp-content\/uploads\/2014\/04\/bres_Dilma_Russeff_President_of_Brazil.jpg?resize=300%2C200&amp;ssl=1 300w, https:\/\/i0.wp.com\/thomasvino.ch\/wp-content\/uploads\/2014\/04\/bres_Dilma_Russeff_President_of_Brazil.jpg?resize=140%2C94&amp;ssl=1 140w, https:\/\/i0.wp.com\/thomasvino.ch\/wp-content\/uploads\/2014\/04\/bres_Dilma_Russeff_President_of_Brazil.jpg?w=640&amp;ssl=1 640w\" sizes=\"(max-width: 300px) 100vw, 300px\" data-recalc-dims=\"1\" \/><\/a><p id=\"caption-attachment-11875\" class=\"wp-caption-text\">La pr\u00e9sidente du Br\u00e9sil, Dilma Russeff, re\u00e7oit les trois vins officiels de la Coupe du Monde de football des mains de l&rsquo;oenologue Monica Rossetti<\/p><\/div>\n<p>Cette d\u00e9bauche d\u2019\u00e9nergie montre que, vu du Br\u00e9sil, le succ\u00e8s des vins locaux devrait se jouer\u2026 \u00e0 l\u2019export. En 2012, les exportateurs, dont le principal est Miolo, mais aussi la coop\u00e9rative Aurora ou le g\u00e9ant Salton, ont obtenu des pouvoirs publics une aide importante \u00e0 l\u2019exportation, faute d\u2019avoir pu n\u00e9gocier des mesures protectionnistes aux fronti\u00e8res. Une strat\u00e9gie offensive qui devrait faire r\u00eaver les vignerons suisses\u00a0!<\/p>\n<h3><strong>Des boutiques de vins confidentielles<\/strong><\/h3>\n<p>Lors d\u2019un r\u00e9cent voyage au Br\u00e9sil, en mars \u2014 \u00e0 Brasilia, pour pr\u00e9senter une s\u00e9lection de vins suisses dans une \u00e9cole h\u00f4teli\u00e8re, puis \u00e0 la r\u00e9sidence de l\u2019ambassadeur de Suisse, lors de la Semaine de la Francophonie \u2014, j\u2019ai pu appr\u00e9hender le march\u00e9 du vin br\u00e9silien. La ligne des vins de <strong>Lidio Carraro<\/strong> est certes pr\u00e9sente dans la capitale, ville surgie de nulle part en 1960, sous la conduite du grand architecte <strong>Oscar Niemeyer<\/strong>, mais principalement dans des restaurants. C\u2019est dans ce secteur Horeca que 30% des vins sont consomm\u00e9s. Dans les grandes villes, comme Sao Paulo (18 millions d\u2019habitants) et Rio de Janeiro (13 millions) se d\u00e9veloppe une certaine culture du bar \u00e0 vins.<\/p>\n<p>Au bord du lac artificiel, v\u00e9ritable poumon de Brasilia (2,5 millions d\u2019habitants), un des meilleurs restaurants tenait une belle vitrine (climatis\u00e9e\u00a0!) de vins, nationaux et internationaux. Avec une \u00abmoqueca\u00bb, sorte de bouillabaisse de Salvador de Bahia, j\u2019y ai bu un excellent assemblage de chenin et de viognier de la cave Santa Maria, un vin blanc vif et frais, \u00e9labor\u00e9 dans la vall\u00e9e de San Francisco, dans la r\u00e9gion tropicale du Pernambouc.<\/p>\n<p><a href=\"https:\/\/i0.wp.com\/www.thomasvino.ch\/wp-content\/uploads\/2014\/06\/br_boutiquevinsport.jpg\"><img data-attachment-id=\"12029\" data-permalink=\"https:\/\/thomasvino.ch\/?attachment_id=12029\" data-orig-file=\"https:\/\/i0.wp.com\/thomasvino.ch\/wp-content\/uploads\/2014\/06\/br_boutiquevinsport.jpg?fit=2588%2C1941&amp;ssl=1\" data-orig-size=\"2588,1941\" data-comments-opened=\"0\" data-image-meta=\"{&quot;aperture&quot;:&quot;2.4&quot;,&quot;credit&quot;:&quot;&quot;,&quot;camera&quot;:&quot;iPhone 4S&quot;,&quot;caption&quot;:&quot;&quot;,&quot;created_timestamp&quot;:&quot;1395411367&quot;,&quot;copyright&quot;:&quot;&quot;,&quot;focal_length&quot;:&quot;4.28&quot;,&quot;iso&quot;:&quot;400&quot;,&quot;shutter_speed&quot;:&quot;0.066666666666667&quot;,&quot;title&quot;:&quot;&quot;,&quot;orientation&quot;:&quot;1&quot;}\" data-image-title=\"br_boutiquevinsport\" data-image-description=\"\" data-image-caption=\"\" data-medium-file=\"https:\/\/i0.wp.com\/thomasvino.ch\/wp-content\/uploads\/2014\/06\/br_boutiquevinsport.jpg?fit=300%2C225&amp;ssl=1\" data-large-file=\"https:\/\/i0.wp.com\/thomasvino.ch\/wp-content\/uploads\/2014\/06\/br_boutiquevinsport.jpg?fit=1024%2C768&amp;ssl=1\" loading=\"lazy\" class=\"aligncenter size-medium wp-image-12029\" src=\"https:\/\/i0.wp.com\/www.thomasvino.ch\/wp-content\/uploads\/2014\/06\/br_boutiquevinsport-300x225.jpg?resize=300%2C225\" alt=\"br_boutiquevinsport\" width=\"300\" height=\"225\" srcset=\"https:\/\/i0.wp.com\/thomasvino.ch\/wp-content\/uploads\/2014\/06\/br_boutiquevinsport.jpg?resize=300%2C225&amp;ssl=1 300w, https:\/\/i0.wp.com\/thomasvino.ch\/wp-content\/uploads\/2014\/06\/br_boutiquevinsport.jpg?resize=768%2C576&amp;ssl=1 768w, https:\/\/i0.wp.com\/thomasvino.ch\/wp-content\/uploads\/2014\/06\/br_boutiquevinsport.jpg?resize=1024%2C768&amp;ssl=1 1024w, https:\/\/i0.wp.com\/thomasvino.ch\/wp-content\/uploads\/2014\/06\/br_boutiquevinsport.jpg?w=2000&amp;ssl=1 2000w\" sizes=\"(max-width: 300px) 100vw, 300px\" data-recalc-dims=\"1\" \/><\/a><\/p>\n<p>A Brasilia, j\u2019ai visit\u00e9 deux points de vente, l\u2019une proche d\u2019un centre commercial, o\u00f9 des vins italiens et fran\u00e7ais, plut\u00f4t de bas de gamme, voisinaient avec les meilleurs crus portugais, eux de haut de gamme. Que j\u2019ai retrouv\u00e9s, pr\u00e8s de mon h\u00f4tel, dans un quartier d\u2019affaires de la capitale, o\u00f9 une boutique <em>(photo ci-dessus)<\/em> \u00e9tait consacr\u00e9e aux vins de la <strong>famille Roquette<\/strong> (Quinta do Crasto, dans le Douro, Esporao, dans l\u2019Alentejo), propri\u00e9taire de la banque Espirito Santo, pr\u00e9sente \u00e0 Lausanne. Dans une grande ville comme Salvador de Bahia, o\u00f9 le stade local est sponsoris\u00e9 par le producteur de bi\u00e8re locale Itaipava, comme le montrent d\u2019immense affiches sur les infrastructures, le dernier des chics, comme dans ce restaurant sur le front de mer, fr\u00e9quent\u00e9 par les \u00abhappys fiews\u00bb locaux, est de pouvoir pr\u00e9senter une carte des vins bien fournie\u2026 sans la moindre r\u00e9f\u00e9rence br\u00e9silienne!<\/p>\n<div id=\"attachment_12031\" style=\"width: 310px\" class=\"wp-caption aligncenter\"><a href=\"https:\/\/i0.wp.com\/www.thomasvino.ch\/wp-content\/uploads\/2014\/06\/br_stadesalvbahia.jpg\"><img aria-describedby=\"caption-attachment-12031\" data-attachment-id=\"12031\" data-permalink=\"https:\/\/thomasvino.ch\/?attachment_id=12031\" data-orig-file=\"https:\/\/i0.wp.com\/thomasvino.ch\/wp-content\/uploads\/2014\/06\/br_stadesalvbahia.jpg?fit=3256%2C2070&amp;ssl=1\" data-orig-size=\"3256,2070\" data-comments-opened=\"0\" data-image-meta=\"{&quot;aperture&quot;:&quot;2.4&quot;,&quot;credit&quot;:&quot;&quot;,&quot;camera&quot;:&quot;iPhone 4S&quot;,&quot;caption&quot;:&quot;&quot;,&quot;created_timestamp&quot;:&quot;1395661080&quot;,&quot;copyright&quot;:&quot;&quot;,&quot;focal_length&quot;:&quot;4.28&quot;,&quot;iso&quot;:&quot;50&quot;,&quot;shutter_speed&quot;:&quot;0.00037993920972644&quot;,&quot;title&quot;:&quot;&quot;,&quot;orientation&quot;:&quot;0&quot;}\" data-image-title=\"br_stadesalvbahia\" data-image-description=\"\" data-image-caption=\"&lt;p&gt;Le Stade de Salvador de Bahia pay\u00e9 par une brasserie locale.&lt;\/p&gt;\n\" data-medium-file=\"https:\/\/i0.wp.com\/thomasvino.ch\/wp-content\/uploads\/2014\/06\/br_stadesalvbahia.jpg?fit=300%2C191&amp;ssl=1\" data-large-file=\"https:\/\/i0.wp.com\/thomasvino.ch\/wp-content\/uploads\/2014\/06\/br_stadesalvbahia.jpg?fit=1024%2C651&amp;ssl=1\" loading=\"lazy\" class=\"size-medium wp-image-12031\" src=\"https:\/\/i0.wp.com\/www.thomasvino.ch\/wp-content\/uploads\/2014\/06\/br_stadesalvbahia-300x190.jpg?resize=300%2C190\" alt=\"Le Stade de Salvador de Bahia pay\u00e9 par une brasserie locale.\" width=\"300\" height=\"190\" data-recalc-dims=\"1\" \/><\/a><p id=\"caption-attachment-12031\" class=\"wp-caption-text\">Le stade de Salvador de Bahia pay\u00e9 par une brasserie locale.<\/p><\/div>\n<h3><strong>Un march\u00e9 en pleine croissance<\/strong><\/h3>\n<p>Au contraire des Chinois, volontiers chauvins dans leurs choix de vins, les Br\u00e9siliens de la classe moyenne pr\u00e9f\u00e8rent boire \u00ab\u00e9tranger\u00bb, exhibant ainsi un signe ext\u00e9rieur de culture et d\u2019aisance mat\u00e9rielle. La proximit\u00e9 de deux gros exportateurs, l\u2019un du Mercosur, l\u2019Argentine, l\u2019autre apte \u00e0 fournir une large palette de vins, du moins cher au plus cher, le Chili, fait que ces deux pays repr\u00e9sentent 60 % des vins import\u00e9s vendus au Br\u00e9sil. Ces bouteilles se retrouvent au supermarch\u00e9, o\u00f9 deux tiers des vins sont achet\u00e9s.<\/p>\n<p>Dans la perspective de la Coupe du Monde et des Jeux olympiques, et de l\u2019affluence de touristes qui pourraient s\u2019attendre \u00e0 pouvoir boire du vin sur place, le cabinet canadien Global Wine &amp; Spirits a publi\u00e9, il y a quelques mois, une \u00e9tude du march\u00e9 du vin br\u00e9silien. Jusqu\u2019ici, le Br\u00e9sil importe 75 millions de litres de vins\u00a0: c\u2019est deux fois moins que la Suisse\u00a0! La consommation par t\u00eate n\u2019atteint juste pas 2 litres de vin par habitant et par ann\u00e9e.<\/p>\n<p>Pourtant, l\u2019Institut br\u00e9silien du vin (IBRAVIN) pr\u00e9voit que, dans les 15 prochaines ann\u00e9es, ce chiffre sera port\u00e9 \u00e0 9 litres\u2026 \u00e0 multiplier par 205 millions d\u2019habitants. Ca n\u2019est pas la Chine, certes, mais on sait qu\u2019elle consommera d\u2019abord des vins locaux, tandis que le march\u00e9 br\u00e9silien para\u00eet plus ouvert. Jusqu\u2019ici, les formalit\u00e9s administratives et les taxes sont dissuasives. Seuls les vins \u00ablatinos\u00bb \u00e9chappent un peu \u00e0 ces deux chicanes. Mais, paradoxalement, m\u00eame pas les vins indig\u00e8nes, tax\u00e9s \u00e0 hauteur de 60% du prix pay\u00e9\u2014 une bouteille de vin de moyen de gamme co\u00fbte autour de 25 \u00e0 30 francs suisses.<\/p>\n<h3><strong>Un climat peu favorable \u00e0 la vigne<\/strong><\/h3>\n<p>Le climat du Br\u00e9sil, le plus vaste pays d\u2019Am\u00e9rique du Sud, chaud et humide, n\u2019est pas le plus favorable \u00e0 la culture du meilleur raisin. Certes, il s\u2019apparente \u00e0 son voisin du sud, l\u2019Uruguay, qui produit de magnifiques tannat. Une partie des vignobles br\u00e9siliens ont \u00ab\u00e9migr\u00e9\u00bb \u00e0 sa fronti\u00e8re, entre l\u2019Alto Uruguai et la r\u00e9gion de Campahna, pour \u00e9chapper aux conditions climatiques pluvieuses de la Serra gaucha.<\/p>\n<div id=\"attachment_10678\" style=\"width: 310px\" class=\"wp-caption aligncenter\"><a href=\"https:\/\/i0.wp.com\/www.thomasvino.ch\/wp-content\/uploads\/2010\/11\/bres_terr.jpg\"><img aria-describedby=\"caption-attachment-10678\" data-attachment-id=\"10678\" data-permalink=\"https:\/\/thomasvino.ch\/?attachment_id=10678\" data-orig-file=\"https:\/\/i0.wp.com\/thomasvino.ch\/wp-content\/uploads\/2010\/11\/bres_terr.jpg?fit=640%2C425&amp;ssl=1\" data-orig-size=\"640,425\" data-comments-opened=\"1\" data-image-meta=\"{&quot;aperture&quot;:&quot;4.9&quot;,&quot;credit&quot;:&quot;&quot;,&quot;camera&quot;:&quot;DMC-LX1&quot;,&quot;caption&quot;:&quot;&quot;,&quot;created_timestamp&quot;:&quot;1284151497&quot;,&quot;copyright&quot;:&quot;&quot;,&quot;focal_length&quot;:&quot;14.4&quot;,&quot;iso&quot;:&quot;80&quot;,&quot;shutter_speed&quot;:&quot;0.0025&quot;,&quot;title&quot;:&quot;&quot;}\" data-image-title=\"bres_terr\" data-image-description=\"\" data-image-caption=\"&lt;p&gt;Vignoble de montagne en terrasse comme dans la vall\u00e9e du Douro (Portugal).&lt;\/p&gt;\n\" data-medium-file=\"https:\/\/i0.wp.com\/thomasvino.ch\/wp-content\/uploads\/2010\/11\/bres_terr.jpg?fit=300%2C199&amp;ssl=1\" data-large-file=\"https:\/\/i0.wp.com\/thomasvino.ch\/wp-content\/uploads\/2010\/11\/bres_terr.jpg?fit=640%2C425&amp;ssl=1\" loading=\"lazy\" class=\"size-medium wp-image-10678\" src=\"https:\/\/i0.wp.com\/www.thomasvino.ch\/wp-content\/uploads\/2010\/11\/bres_terr-300x199.jpg?resize=300%2C199\" alt=\"Vignoble de montagne en terrasse comme dans la vall\u00e9e du Douro (Portugal).\" width=\"300\" height=\"199\" srcset=\"https:\/\/i0.wp.com\/thomasvino.ch\/wp-content\/uploads\/2010\/11\/bres_terr.jpg?resize=300%2C199&amp;ssl=1 300w, https:\/\/i0.wp.com\/thomasvino.ch\/wp-content\/uploads\/2010\/11\/bres_terr.jpg?resize=207%2C136&amp;ssl=1 207w, https:\/\/i0.wp.com\/thomasvino.ch\/wp-content\/uploads\/2010\/11\/bres_terr.jpg?resize=140%2C94&amp;ssl=1 140w, https:\/\/i0.wp.com\/thomasvino.ch\/wp-content\/uploads\/2010\/11\/bres_terr.jpg?w=640&amp;ssl=1 640w\" sizes=\"(max-width: 300px) 100vw, 300px\" data-recalc-dims=\"1\" \/><\/a><p id=\"caption-attachment-10678\" class=\"wp-caption-text\">Vignoble de montagne en terrasse comme dans la vall\u00e9e du Douro (Portugal).<\/p><\/div>\n<p>Les 80% des 87&rsquo;000 hectares de vigne du Br\u00e9sil se trouvent dans cette partie sud du pays, dans l\u2019\u00e9tat du Rio Grande do Sul, et cette surface \u2014 presque six fois le vignoble suisse\u00a0! \u2014 comprend autant des raisins de table que des hybrides peu qualitatifs, des raisins de cuve pour des mousseux et une large palette de c\u00e9pages rouges, comme le merlot, le cabernet franc, le cabernet sauvignon, le sangiovese ou le tempranillo. Au total, la production des \u00abvins fins\u00bb du Br\u00e9sil se monte \u00e0 20 millions de litres par ann\u00e9e, soit un cinqui\u00e8me de la production suisse.<\/p>\n<p>Comment expliquer le d\u00e9sint\u00e9r\u00eat, pour ne pas dire le m\u00e9pris, des Br\u00e9siliens pour leurs vins indig\u00e8nes\u00a0? La cl\u00e9 se trouve dans les livres d\u2019histoire. \u00abD\u00e9couvert\u00bb en 1500 par <strong>Pedro Alvares Cabral<\/strong>, qui accoste \u00e0 Porto Seguro, sur la c\u00f4te atlantique \u2014 l\u00e0 o\u00f9 l\u2019\u00e9quipe de Suisse de football vient d\u2019\u00e9tablir son camp \u2014, le Br\u00e9sil voit pousser ses premi\u00e8res vignes dans la r\u00e9gion de Sao Paulo en 1532. Mais sans avenir. Car comme l\u2019explique le journaliste suisse <strong>Jean-Jacques Fontaine<\/strong> dans un livre qui vient de para\u00eetre (\u00abL\u2019invention du Br\u00e9sil\u00bb, 260 pages, L\u2019Harmattan), <em>\u00abentre le Portugal et sa colonie, les choses \u00e9taient claires\u00a0: le Br\u00e9sil fournissait le sucre, exclusivement destin\u00e9 au march\u00e9 lusitanien, mais pas question d\u2019y installer des manufactures, d\u2019y cultiver la vigne ou d\u2019y extraire du sel, des monopoles que la m\u00e9tropole se r\u00e9servait dans le commerce avec ses territoires d\u2019outre-mer.\u00bb<\/em><\/p>\n<p>Presque deux si\u00e8cles apr\u00e8s l\u2019ind\u00e9pendance (1822), l\u2019ex-colonie portugaise s\u2019est hiss\u00e9e au sixi\u00e8me (ou septi\u00e8me) rang des \u00e9conomies plan\u00e9taires. Mais pas encore pour le vin, ni dans sa production, ni dans sa consommation.<\/p>\n<p>&nbsp;<\/p>\n<div id=\"attachment_11877\" style=\"width: 210px\" class=\"wp-caption aligncenter\"><a href=\"https:\/\/i0.wp.com\/www.thomasvino.ch\/wp-content\/uploads\/2014\/04\/bres_FACES_-_red_withe_and_rose.jpg\"><img aria-describedby=\"caption-attachment-11877\" data-attachment-id=\"11877\" data-permalink=\"https:\/\/thomasvino.ch\/?attachment_id=11877\" data-orig-file=\"https:\/\/i0.wp.com\/thomasvino.ch\/wp-content\/uploads\/2014\/04\/bres_FACES_-_red_withe_and_rose.jpg?fit=428%2C640&amp;ssl=1\" data-orig-size=\"428,640\" data-comments-opened=\"0\" data-image-meta=\"{&quot;aperture&quot;:&quot;0&quot;,&quot;credit&quot;:&quot;&quot;,&quot;camera&quot;:&quot;&quot;,&quot;caption&quot;:&quot;&quot;,&quot;created_timestamp&quot;:&quot;0&quot;,&quot;copyright&quot;:&quot;&quot;,&quot;focal_length&quot;:&quot;0&quot;,&quot;iso&quot;:&quot;0&quot;,&quot;shutter_speed&quot;:&quot;0&quot;,&quot;title&quot;:&quot;&quot;,&quot;orientation&quot;:&quot;0&quot;}\" data-image-title=\"bres_FACES_-_red_withe_and_rose\" data-image-description=\"\" data-image-caption=\"&lt;p&gt;Les trois vins blanc, ros\u00e9 et rouge, de Lidio Carraro pour la Coupe du monde de foot.&lt;\/p&gt;\n\" data-medium-file=\"https:\/\/i0.wp.com\/thomasvino.ch\/wp-content\/uploads\/2014\/04\/bres_FACES_-_red_withe_and_rose.jpg?fit=201%2C300&amp;ssl=1\" data-large-file=\"https:\/\/i0.wp.com\/thomasvino.ch\/wp-content\/uploads\/2014\/04\/bres_FACES_-_red_withe_and_rose.jpg?fit=428%2C640&amp;ssl=1\" loading=\"lazy\" class=\"size-medium wp-image-11877\" src=\"https:\/\/i0.wp.com\/www.thomasvino.ch\/wp-content\/uploads\/2014\/04\/bres_FACES_-_red_withe_and_rose-200x300.jpg?resize=200%2C300\" alt=\"Les trois vins blanc, ros\u00e9 et rouge, de Lidio Carraro pour la Coupe du monde de foot.\" width=\"200\" height=\"300\" data-recalc-dims=\"1\" \/><\/a><p id=\"caption-attachment-11877\" class=\"wp-caption-text\">Les trois vins blanc, ros\u00e9 et rouge, de Lidio Carraro pour la Coupe du monde de foot.<\/p><\/div>\n<p><em>\u00a0<\/em><\/p>\n<h2><strong>Des r\u00e9gions viticoles extr\u00eames<\/strong><\/h2>\n<p>Hormis l\u2019exception des vins mousseux, souvent \u00e9labor\u00e9s en cuve close, comme en Italie du nord, les Br\u00e9siliens pr\u00e9f\u00e8rent les vins rouges structur\u00e9s, \u00e9lev\u00e9s en f\u00fbts de ch\u00eane, qui se marient bien avec de la viande grill\u00e9e (le carrousel de viande servie \u00e0 gogo, le \u00abrodizio\u00bb). Avec l\u2019appui de l\u2019\u00ab\u0153nologue volant\u00bb bordelais <strong>Michel Rolland<\/strong>, tr\u00e8s impliqu\u00e9 en Argentine, et d\u00e9sormais du Toscan <strong>Roberto Cipresso<\/strong>, install\u00e9 \u00e0 Montalcino, Miolo, qui revendique le titre de plus gros exportateur, et dont la maison m\u00e8re est install\u00e9e au c\u0153ur de la Vale dos Vinhedos, \u00e9labore des cuv\u00e9es rouges toujours plus int\u00e9ressantes. Elle est aussi pr\u00e9sente dans ce nouvel eldorado qu\u2019est la vall\u00e9e de Sao Francisco, au nord-est de Salvador de Bahia, o\u00f9 500 hectares de vignes y ont \u00e9t\u00e9 plant\u00e9s ces 30 derni\u00e8res ann\u00e9es. Dans cette viticulture des extr\u00eames, le contr\u00f4le de la croissance de la plante s\u2019exerce par le goutte-\u00e0-goutte, seul capable de faire pousser des ceps dans une r\u00e9gion d\u00e9sertique.<\/p>\n<p>Le Br\u00e9sil ne craint pas les extr\u00eames\u00a0: au sud, non loin de la station baln\u00e9aire hupp\u00e9e de Fioranopolis, presque 200 hectares de vignoble sont cultiv\u00e9s jusqu\u2019\u00e0 1&rsquo;300 m\u00e8tres d\u2019altitude, dans les environs de la ville de San Joachim. Un Portugais, sous le charme des gorges du Rio Lavatodo (\u00ablave tout\u00bb), a entrepris d\u2019y tailler au bulldozer des terrasses ressemblant aux\u00a0\u00abpatamares\u00bb de la Vall\u00e9e du Douro. Les producteurs de ces \u00abvins de montagne\u00bb ont m\u00eame un label pour distinguer leurs crus\u00a0: un cristal\u2026 de neige\u00a0!<\/p>\n<h2><strong>A Rio, on trinquera vaudois\u00a0!<\/strong><\/h2>\n<p>La semaine prochaine, <strong>Pierre Keller<\/strong>, pr\u00e9sident de l\u2019Office des vins vaudois, et son collaborateur <strong>Benjamin Gehrig<\/strong>, feront un voyage-\u00e9clair \u00e0 Rio de Janeiro, o\u00f9 \u00abPr\u00e9sence suisse\u00bb a install\u00e9 sa\u00a0\u00abmaison\u00bb. Il y a deux mois, <strong>Pierre Keller<\/strong> a fait exp\u00e9dier mille bouteilles de vins vaudois, du rouge, le Vin des Crois\u00e9s, pinot noir 2011, de la <strong>Cave des viticulteurs de Bonvillars<\/strong>, et du blanc, du chasselas La Rionde, Saint-Saphorin, 2012, et du viognier 2012, du Ch\u00e2teau du Ch\u00e2telard, tous deux fournis par <strong>Patrick Fonjallaz<\/strong>, \u00e0 Epesses. Ces trois vins seront servis \u00e0 des invit\u00e9s de la Conf\u00e9d\u00e9ration, le 18 juin, puis, le lendemain, dans l\u2019h\u00f4tel qu\u2019a r\u00e9quisitionn\u00e9 pour la dur\u00e9e de la Coupe du monde de football, Jean-Claude Biver, \u00e0 Copacabana, pour la marque de montres Hublot, lors d\u2019une soir\u00e9e de gala.<\/p>\n<div id=\"attachment_12030\" style=\"width: 310px\" class=\"wp-caption aligncenter\"><a href=\"https:\/\/i0.wp.com\/www.thomasvino.ch\/wp-content\/uploads\/2014\/06\/br_ecolehoteliere.jpg\"><img aria-describedby=\"caption-attachment-12030\" data-attachment-id=\"12030\" data-permalink=\"https:\/\/thomasvino.ch\/?attachment_id=12030\" data-orig-file=\"https:\/\/i0.wp.com\/thomasvino.ch\/wp-content\/uploads\/2014\/06\/br_ecolehoteliere.jpg?fit=2726%2C1645&amp;ssl=1\" data-orig-size=\"2726,1645\" data-comments-opened=\"0\" data-image-meta=\"{&quot;aperture&quot;:&quot;2.4&quot;,&quot;credit&quot;:&quot;&quot;,&quot;camera&quot;:&quot;iPhone 4S&quot;,&quot;caption&quot;:&quot;&quot;,&quot;created_timestamp&quot;:&quot;1395333654&quot;,&quot;copyright&quot;:&quot;&quot;,&quot;focal_length&quot;:&quot;4.28&quot;,&quot;iso&quot;:&quot;200&quot;,&quot;shutter_speed&quot;:&quot;0.05&quot;,&quot;title&quot;:&quot;&quot;,&quot;orientation&quot;:&quot;0&quot;}\" data-image-title=\"br_ecolehoteliere\" data-image-description=\"\" data-image-caption=\"&lt;p&gt;Souvenir de la d\u00e9gustation donn\u00e9e dans une \u00e9cole h\u00f4teli\u00e8re de Brasilia, durant la Semaine de la Francophonie en mars 2014.&lt;\/p&gt;\n\" data-medium-file=\"https:\/\/i0.wp.com\/thomasvino.ch\/wp-content\/uploads\/2014\/06\/br_ecolehoteliere.jpg?fit=300%2C181&amp;ssl=1\" data-large-file=\"https:\/\/i0.wp.com\/thomasvino.ch\/wp-content\/uploads\/2014\/06\/br_ecolehoteliere.jpg?fit=1024%2C618&amp;ssl=1\" loading=\"lazy\" class=\"size-medium wp-image-12030\" src=\"https:\/\/i0.wp.com\/www.thomasvino.ch\/wp-content\/uploads\/2014\/06\/br_ecolehoteliere-300x181.jpg?resize=300%2C181\" alt=\"Souvenir de la d\u00e9gustation donn\u00e9e dans une \u00e9cole h\u00f4teli\u00e8re de Brasilia, durant la Semaine de la Francophonie en mars 2014.\" width=\"300\" height=\"181\" srcset=\"https:\/\/i0.wp.com\/thomasvino.ch\/wp-content\/uploads\/2014\/06\/br_ecolehoteliere.jpg?resize=300%2C181&amp;ssl=1 300w, https:\/\/i0.wp.com\/thomasvino.ch\/wp-content\/uploads\/2014\/06\/br_ecolehoteliere.jpg?resize=768%2C463&amp;ssl=1 768w, https:\/\/i0.wp.com\/thomasvino.ch\/wp-content\/uploads\/2014\/06\/br_ecolehoteliere.jpg?resize=1024%2C618&amp;ssl=1 1024w, https:\/\/i0.wp.com\/thomasvino.ch\/wp-content\/uploads\/2014\/06\/br_ecolehoteliere.jpg?w=2000&amp;ssl=1 2000w\" sizes=\"(max-width: 300px) 100vw, 300px\" data-recalc-dims=\"1\" \/><\/a><p id=\"caption-attachment-12030\" class=\"wp-caption-text\">Photo-souvenir de la d\u00e9gustation donn\u00e9e dans une \u00e9cole h\u00f4teli\u00e8re de Brasilia, durant la Semaine de la Francophonie en mars 2014.<\/p><\/div>\n<p><em>Paru dans <\/em>H\u00f4tellerie &amp; Gastronomie Hebdo<em> du 12 juin 2014.<\/em><\/p>\n","protected":false},"excerpt":{"rendered":"<p>Le Br\u00e9sil partage avec la Chine, l\u2019Inde et la Russie \u2014 quatre des BRICs, auxquels s\u2019ajoutent l\u2019Afrique du Sud \u2014 l\u2019espoir d\u2019un march\u00e9 du vin en forte croissance. La Coupe du Monde de football, d\u00e8s cette semaine, puis les Jeux olympiques \u00e0 Rio de Janeiro, en 2016, sont deux occasions r\u00eav\u00e9es pour viser des consommateurs [&hellip;]<\/p>\n","protected":false},"author":3,"featured_media":0,"comment_status":"closed","ping_status":"open","sticky":false,"template":"","format":"standard","meta":{"_monsterinsights_skip_tracking":false,"_monsterinsights_sitenote_active":false,"_monsterinsights_sitenote_note":"","_monsterinsights_sitenote_category":0,"jetpack_post_was_ever_published":false,"jetpack_publicize_message":"","jetpack_is_tweetstorm":false,"jetpack_publicize_feature_enabled":true,"jetpack_social_post_already_shared":true,"jetpack_social_options":{"image_generator_settings":{"template":"highway","enabled":false}}},"categories":[29],"tags":[619,616,608,617,525,621,160,618,620],"jetpack_publicize_connections":[],"yoast_head":"<!-- This site is optimized with the Yoast SEO plugin v20.6 - https:\/\/yoast.com\/wordpress\/plugins\/seo\/ -->\n<title>Un but convoit\u00e9  faire boire plus de vin aux Br\u00e9siliens - thomasvino<\/title>\n<meta name=\"robots\" content=\"index, follow, max-snippet:-1, max-image-preview:large, max-video-preview:-1\" \/>\n<link rel=\"canonical\" href=\"https:\/\/thomasvino.ch\/?p=12027\" \/>\n<meta property=\"og:locale\" content=\"fr_FR\" \/>\n<meta property=\"og:type\" content=\"article\" \/>\n<meta property=\"og:title\" content=\"Un but convoit\u00e9  faire boire plus de vin aux Br\u00e9siliens - thomasvino\" \/>\n<meta property=\"og:description\" content=\"Le Br\u00e9sil partage avec la Chine, l\u2019Inde et la Russie \u2014 quatre des BRICs, auxquels s\u2019ajoutent l\u2019Afrique du Sud \u2014 l\u2019espoir d\u2019un march\u00e9 du vin en forte croissance. La Coupe du Monde de football, d\u00e8s cette semaine, puis les Jeux olympiques \u00e0 Rio de Janeiro, en 2016, sont deux occasions r\u00eav\u00e9es pour viser des consommateurs [&hellip;]\" \/>\n<meta property=\"og:url\" content=\"https:\/\/thomasvino.ch\/?p=12027\" \/>\n<meta property=\"og:site_name\" content=\"thomasvino\" \/>\n<meta property=\"article:published_time\" content=\"2014-06-13T07:26:33+00:00\" \/>\n<meta property=\"article:modified_time\" content=\"2016-11-29T14:55:59+00:00\" \/>\n<meta property=\"og:image\" content=\"http:\/\/www.thomasvino.ch\/wp-content\/uploads\/2014\/04\/bres_Dilma_Russeff_President_of_Brazil-300x200.jpg\" \/>\n<meta name=\"author\" content=\"Pierre Thomas\" \/>\n<meta name=\"twitter:label1\" content=\"\u00c9crit par\" \/>\n\t<meta name=\"twitter:data1\" content=\"Pierre Thomas\" \/>\n\t<meta name=\"twitter:label2\" content=\"Dur\u00e9e de lecture estim\u00e9e\" \/>\n\t<meta name=\"twitter:data2\" content=\"10 minutes\" \/>\n<script type=\"application\/ld+json\" class=\"yoast-schema-graph\">{\"@context\":\"https:\/\/schema.org\",\"@graph\":[{\"@type\":\"WebPage\",\"@id\":\"https:\/\/thomasvino.ch\/?p=12027\",\"url\":\"https:\/\/thomasvino.ch\/?p=12027\",\"name\":\"Un but convoit\u00e9 faire boire plus de vin aux Br\u00e9siliens - thomasvino\",\"isPartOf\":{\"@id\":\"https:\/\/thomasvino.ch\/#website\"},\"datePublished\":\"2014-06-13T07:26:33+00:00\",\"dateModified\":\"2016-11-29T14:55:59+00:00\",\"author\":{\"@id\":\"https:\/\/thomasvino.ch\/#\/schema\/person\/670bf4486fe81152cf1d68bd585e062e\"},\"breadcrumb\":{\"@id\":\"https:\/\/thomasvino.ch\/?p=12027#breadcrumb\"},\"inLanguage\":\"fr-FR\",\"potentialAction\":[{\"@type\":\"ReadAction\",\"target\":[\"https:\/\/thomasvino.ch\/?p=12027\"]}]},{\"@type\":\"BreadcrumbList\",\"@id\":\"https:\/\/thomasvino.ch\/?p=12027#breadcrumb\",\"itemListElement\":[{\"@type\":\"ListItem\",\"position\":1,\"name\":\"Accueil\",\"item\":\"https:\/\/thomasvino.ch\/\"},{\"@type\":\"ListItem\",\"position\":2,\"name\":\"Un but convoit\u00e9 faire boire plus de vin aux Br\u00e9siliens\"}]},{\"@type\":\"WebSite\",\"@id\":\"https:\/\/thomasvino.ch\/#website\",\"url\":\"https:\/\/thomasvino.ch\/\",\"name\":\"thomasvino\",\"description\":\"Vins &amp; Gastronomie\",\"potentialAction\":[{\"@type\":\"SearchAction\",\"target\":{\"@type\":\"EntryPoint\",\"urlTemplate\":\"https:\/\/thomasvino.ch\/?s={search_term_string}\"},\"query-input\":\"required name=search_term_string\"}],\"inLanguage\":\"fr-FR\"},{\"@type\":\"Person\",\"@id\":\"https:\/\/thomasvino.ch\/#\/schema\/person\/670bf4486fe81152cf1d68bd585e062e\",\"name\":\"Pierre Thomas\",\"image\":{\"@type\":\"ImageObject\",\"inLanguage\":\"fr-FR\",\"@id\":\"https:\/\/thomasvino.ch\/#\/schema\/person\/image\/\",\"url\":\"https:\/\/secure.gravatar.com\/avatar\/91fd5a76647f140e53db987a0dead4d7?s=96&d=mm&r=g\",\"contentUrl\":\"https:\/\/secure.gravatar.com\/avatar\/91fd5a76647f140e53db987a0dead4d7?s=96&d=mm&r=g\",\"caption\":\"Pierre Thomas\"},\"url\":\"https:\/\/thomasvino.ch\/?author=3\"}]}<\/script>\n<!-- \/ Yoast SEO plugin. -->","yoast_head_json":{"title":"Un but convoit\u00e9  faire boire plus de vin aux Br\u00e9siliens - thomasvino","robots":{"index":"index","follow":"follow","max-snippet":"max-snippet:-1","max-image-preview":"max-image-preview:large","max-video-preview":"max-video-preview:-1"},"canonical":"https:\/\/thomasvino.ch\/?p=12027","og_locale":"fr_FR","og_type":"article","og_title":"Un but convoit\u00e9  faire boire plus de vin aux Br\u00e9siliens - thomasvino","og_description":"Le Br\u00e9sil partage avec la Chine, l\u2019Inde et la Russie \u2014 quatre des BRICs, auxquels s\u2019ajoutent l\u2019Afrique du Sud \u2014 l\u2019espoir d\u2019un march\u00e9 du vin en forte croissance. La Coupe du Monde de football, d\u00e8s cette semaine, puis les Jeux olympiques \u00e0 Rio de Janeiro, en 2016, sont deux occasions r\u00eav\u00e9es pour viser des consommateurs [&hellip;]","og_url":"https:\/\/thomasvino.ch\/?p=12027","og_site_name":"thomasvino","article_published_time":"2014-06-13T07:26:33+00:00","article_modified_time":"2016-11-29T14:55:59+00:00","og_image":[{"url":"http:\/\/www.thomasvino.ch\/wp-content\/uploads\/2014\/04\/bres_Dilma_Russeff_President_of_Brazil-300x200.jpg"}],"author":"Pierre Thomas","twitter_misc":{"\u00c9crit par":"Pierre Thomas","Dur\u00e9e de lecture estim\u00e9e":"10 minutes"},"schema":{"@context":"https:\/\/schema.org","@graph":[{"@type":"WebPage","@id":"https:\/\/thomasvino.ch\/?p=12027","url":"https:\/\/thomasvino.ch\/?p=12027","name":"Un but convoit\u00e9 faire boire plus de vin aux Br\u00e9siliens - thomasvino","isPartOf":{"@id":"https:\/\/thomasvino.ch\/#website"},"datePublished":"2014-06-13T07:26:33+00:00","dateModified":"2016-11-29T14:55:59+00:00","author":{"@id":"https:\/\/thomasvino.ch\/#\/schema\/person\/670bf4486fe81152cf1d68bd585e062e"},"breadcrumb":{"@id":"https:\/\/thomasvino.ch\/?p=12027#breadcrumb"},"inLanguage":"fr-FR","potentialAction":[{"@type":"ReadAction","target":["https:\/\/thomasvino.ch\/?p=12027"]}]},{"@type":"BreadcrumbList","@id":"https:\/\/thomasvino.ch\/?p=12027#breadcrumb","itemListElement":[{"@type":"ListItem","position":1,"name":"Accueil","item":"https:\/\/thomasvino.ch\/"},{"@type":"ListItem","position":2,"name":"Un but convoit\u00e9 faire boire plus de vin aux Br\u00e9siliens"}]},{"@type":"WebSite","@id":"https:\/\/thomasvino.ch\/#website","url":"https:\/\/thomasvino.ch\/","name":"thomasvino","description":"Vins &amp; Gastronomie","potentialAction":[{"@type":"SearchAction","target":{"@type":"EntryPoint","urlTemplate":"https:\/\/thomasvino.ch\/?s={search_term_string}"},"query-input":"required name=search_term_string"}],"inLanguage":"fr-FR"},{"@type":"Person","@id":"https:\/\/thomasvino.ch\/#\/schema\/person\/670bf4486fe81152cf1d68bd585e062e","name":"Pierre Thomas","image":{"@type":"ImageObject","inLanguage":"fr-FR","@id":"https:\/\/thomasvino.ch\/#\/schema\/person\/image\/","url":"https:\/\/secure.gravatar.com\/avatar\/91fd5a76647f140e53db987a0dead4d7?s=96&d=mm&r=g","contentUrl":"https:\/\/secure.gravatar.com\/avatar\/91fd5a76647f140e53db987a0dead4d7?s=96&d=mm&r=g","caption":"Pierre Thomas"},"url":"https:\/\/thomasvino.ch\/?author=3"}]}},"jetpack_featured_media_url":"","jetpack_sharing_enabled":true,"jetpack_shortlink":"https:\/\/wp.me\/p3m4tZ-37Z","jetpack_likes_enabled":false,"jetpack-related-posts":[{"id":11873,"url":"https:\/\/thomasvino.ch\/?p=11873","url_meta":{"origin":12027,"position":0},"title":"Vins : le paradoxe br\u00e9silien","date":"10 avril 2014","format":false,"excerpt":"Les Br\u00e9siliens consomment plus de bi\u00e8re que les Suisses, et de la \u00abcaipirinha\u00bb, \u00e0 base de \u00abcacha\u00e7a\u00bb (une sorte de rhum blanc). Mais ils produisent aussi des vins\u2026 qu\u2019ils s\u2019efforcent d\u2019exporter, tandis qu\u2019ils pr\u00e9f\u00e8rent les nectars \u00e9trangers. D\u00e9codage d\u2019un paradoxe. Par Pierre Thomas Comme dans les autres pays BRICS, la\u2026","rel":"","context":"Dans &quot;Vins du Nouveau Monde&quot;","img":{"alt_text":"","src":"https:\/\/i0.wp.com\/www.thomasvino.ch\/wp-content\/uploads\/2014\/04\/bres_Dilma_Russeff_President_of_Brazil-300x200.jpg?resize=350%2C200","width":350,"height":200},"classes":[]},{"id":9098,"url":"https:\/\/thomasvino.ch\/?p=9098","url_meta":{"origin":12027,"position":1},"title":"Le Br\u00e9sil entre le nouveau et l&rsquo;ancien mondes","date":"28 novembre 2010","format":false,"excerpt":"Quel pays est le troisi\u00e8me producteur de vins d\u2019Am\u00e9rique du Sud\u00a0? Ne cherchez pas. Derri\u00e8re l\u2019Argentine et le Chili, c\u2019est le Br\u00e9sil. Reportage dans des r\u00e9gions o\u00f9 on ne s\u2019attend pas \u00e0 trouver des vignes. Pierre Thomas, de retour de la Serra Gaucha Au Br\u00e9sil, la vigne a une histoire\u2026","rel":"","context":"Dans &quot;Vins du Nouveau Monde&quot;","img":{"alt_text":"","src":"","width":0,"height":0},"classes":[]},{"id":9522,"url":"https:\/\/thomasvino.ch\/?p=9522","url_meta":{"origin":12027,"position":2},"title":"D&rsquo;ici 2016, le monde boira plus et mieux!","date":"16 janvier 2013","format":false,"excerpt":"D'ici 2016, le monde boira plus et mieux! C\u2019est la bonne nouvelle du jour (15 janvier 2013), reprise par tous les m\u00e9dias. Gr\u00e2ce \u00e0 la Chine (bient\u00f4t deuxi\u00e8mes plus gros consommateurs de vins au monde) et aux Etats-Unis (leader de cette consommation, en valeur et en volume!), le monde du\u2026","rel":"","context":"Dans &quot;Actus - News&quot;","img":{"alt_text":"","src":"","width":0,"height":0},"classes":[]},{"id":8815,"url":"https:\/\/thomasvino.ch\/?p=8815","url_meta":{"origin":12027,"position":3},"title":"Vaud &#8211; Le palmar\u00e8s du GPVS 08 vu de Lausanne&#8230;","date":"7 novembre 2008","format":false,"excerpt":"Grand Prix du Vin Suisse 2008Le Satyre sauve la face des VaudoisVendredi 7 novembre, \u00e0 l\u2019occasion d\u2019une \u00abnuit des vins suisses\u00bb \u00e0 Sihlcity, \u00e0 Zurich, le palmar\u00e8s du concours national a \u00e9t\u00e9 d\u00e9voil\u00e9. Sur onze champions de cat\u00e9gorie, un seul vin vaudois, le gamay Le Satyre 2007, des Graff p\u00e8re\u2026","rel":"","context":"Dans &quot;Vins suisses&quot;","img":{"alt_text":"","src":"","width":0,"height":0},"classes":[]},{"id":8988,"url":"https:\/\/thomasvino.ch\/?p=8988","url_meta":{"origin":12027,"position":4},"title":"Une Acad\u00e9mie pour des vins \u00ab\u00e9thiques\u00bb","date":"31 d\u00e9cembre 2009","format":false,"excerpt":"Pour une \u00e9thique du vin Oui, l\u2019Acad\u00e9mie du vin existe\u00a0! Depuis bient\u00f4t 40 ans, l\u2019Acad\u00e9mie internationale du vin si\u00e8ge \u00e0 Gen\u00e8ve, chaque fin d\u2019ann\u00e9e. Pour la premi\u00e8re fois, elle est sortie non pas du palace qui l\u2019accueille (tant\u00f4t l\u2019ex-H\u00f4tel du Rh\u00f4ne, tant\u00f4t l\u2019Intercontinental), mais de sa r\u00e9serve. Par Pierre Thomas\u2026","rel":"","context":"Dans &quot;Tendance&quot;","img":{"alt_text":"","src":"img\/brunoprats.jpg","width":350,"height":200},"classes":[]},{"id":9209,"url":"https:\/\/thomasvino.ch\/?p=9209","url_meta":{"origin":12027,"position":5},"title":"Les statistiques 2010 de la plan\u00e8te vin","date":"11 juillet 2011","format":false,"excerpt":"Statistiques 2010 du vin Quand la Chine s\u2019\u00e9veille... A l\u2019occasion de sa neuvi\u00e8me assembl\u00e9e, \u00e0 Porto, en juin, l\u2019Organisation internationale de la vigne et du vin (OIV), a publi\u00e9 les derniers chiffres sur le monde du vin. Quelques constatations, en vrac\u2026 Les Suisses restent les quatri\u00e8mes plus gros consommateurs de\u2026","rel":"","context":"Dans &quot;Actus - News&quot;","img":{"alt_text":"","src":"","width":0,"height":0},"classes":[]}],"_links":{"self":[{"href":"https:\/\/thomasvino.ch\/index.php?rest_route=\/wp\/v2\/posts\/12027"}],"collection":[{"href":"https:\/\/thomasvino.ch\/index.php?rest_route=\/wp\/v2\/posts"}],"about":[{"href":"https:\/\/thomasvino.ch\/index.php?rest_route=\/wp\/v2\/types\/post"}],"author":[{"embeddable":true,"href":"https:\/\/thomasvino.ch\/index.php?rest_route=\/wp\/v2\/users\/3"}],"replies":[{"embeddable":true,"href":"https:\/\/thomasvino.ch\/index.php?rest_route=%2Fwp%2Fv2%2Fcomments&post=12027"}],"version-history":[{"count":0,"href":"https:\/\/thomasvino.ch\/index.php?rest_route=\/wp\/v2\/posts\/12027\/revisions"}],"wp:attachment":[{"href":"https:\/\/thomasvino.ch\/index.php?rest_route=%2Fwp%2Fv2%2Fmedia&parent=12027"}],"wp:term":[{"taxonomy":"category","embeddable":true,"href":"https:\/\/thomasvino.ch\/index.php?rest_route=%2Fwp%2Fv2%2Fcategories&post=12027"},{"taxonomy":"post_tag","embeddable":true,"href":"https:\/\/thomasvino.ch\/index.php?rest_route=%2Fwp%2Fv2%2Ftags&post=12027"}],"curies":[{"name":"wp","href":"https:\/\/api.w.org\/{rel}","templated":true}]}}