{"id":12057,"date":"2014-06-26T09:29:46","date_gmt":"2014-06-26T08:29:46","guid":{"rendered":"http:\/\/www.thomasvino.ch\/?p=12057"},"modified":"2014-06-26T09:29:46","modified_gmt":"2014-06-26T08:29:46","slug":"le-prosecco-au-dela-du-cupli","status":"publish","type":"post","link":"https:\/\/thomasvino.ch\/?p=12057","title":{"rendered":"Le prosecco au-del\u00e0 du \u00abc\u00fcpli\u00bb"},"content":{"rendered":"<p><strong>L\u2019an pass\u00e9, la Suisse est devenue le principal client de la DOCG Conegliano-Valdobbiadene Prosecco Superiore, en valeur, et, en volume, figure juste derri\u00e8re l\u2019Allemagne. Comme les Italiens avant eux, les Germains appr\u00e9cient ce vin p\u00e9tillant, d\u00e9complex\u00e9, le plus souvent l\u00e9g\u00e8rement doux et anecdotique \u00e0 l\u2019heure de l\u2019ap\u00e9ro. Ces qualit\u00e9s simples et directes en ont fait une \u00absuccess story\u00bb \u00e9conomique et commerciale. On est all\u00e9 voir sur place ce qui se cache derri\u00e8re le \u00abc\u00fcpli\u00bb de Prosecco si populaire outre-Sarine. Reportage.<\/strong><\/p>\n<div id=\"attachment_12060\" style=\"width: 310px\" class=\"wp-caption aligncenter\"><a href=\"https:\/\/i0.wp.com\/www.thomasvino.ch\/wp-content\/uploads\/2014\/06\/prosec_vignetogiardino_pts.jpg\"><img aria-describedby=\"caption-attachment-12060\" data-attachment-id=\"12060\" data-permalink=\"https:\/\/thomasvino.ch\/?attachment_id=12060\" data-orig-file=\"https:\/\/i0.wp.com\/thomasvino.ch\/wp-content\/uploads\/2014\/06\/prosec_vignetogiardino_pts.jpg?fit=3264%2C2448&amp;ssl=1\" data-orig-size=\"3264,2448\" data-comments-opened=\"0\" data-image-meta=\"{&quot;aperture&quot;:&quot;2.4&quot;,&quot;credit&quot;:&quot;&quot;,&quot;camera&quot;:&quot;iPhone 4S&quot;,&quot;caption&quot;:&quot;&quot;,&quot;created_timestamp&quot;:&quot;1400588677&quot;,&quot;copyright&quot;:&quot;&quot;,&quot;focal_length&quot;:&quot;4.28&quot;,&quot;iso&quot;:&quot;50&quot;,&quot;shutter_speed&quot;:&quot;0.00063411540900444&quot;,&quot;title&quot;:&quot;&quot;,&quot;orientation&quot;:&quot;1&quot;}\" data-image-title=\"prosec_vignetogiardino_pts\" data-image-description=\"\" data-image-caption=\"&lt;p&gt;La vigne Giardino des fr\u00e8res Adami.&lt;\/p&gt;\n\" data-medium-file=\"https:\/\/i0.wp.com\/thomasvino.ch\/wp-content\/uploads\/2014\/06\/prosec_vignetogiardino_pts.jpg?fit=300%2C225&amp;ssl=1\" data-large-file=\"https:\/\/i0.wp.com\/thomasvino.ch\/wp-content\/uploads\/2014\/06\/prosec_vignetogiardino_pts.jpg?fit=1024%2C768&amp;ssl=1\" loading=\"lazy\" class=\"size-medium wp-image-12060\" src=\"https:\/\/i0.wp.com\/www.thomasvino.ch\/wp-content\/uploads\/2014\/06\/prosec_vignetogiardino_pts-300x225.jpg?resize=300%2C225\" alt=\"La vigne Giardino des fr\u00e8res Adami.\" width=\"300\" height=\"225\" srcset=\"https:\/\/i0.wp.com\/thomasvino.ch\/wp-content\/uploads\/2014\/06\/prosec_vignetogiardino_pts.jpg?resize=300%2C225&amp;ssl=1 300w, https:\/\/i0.wp.com\/thomasvino.ch\/wp-content\/uploads\/2014\/06\/prosec_vignetogiardino_pts.jpg?resize=768%2C576&amp;ssl=1 768w, https:\/\/i0.wp.com\/thomasvino.ch\/wp-content\/uploads\/2014\/06\/prosec_vignetogiardino_pts.jpg?resize=1024%2C768&amp;ssl=1 1024w, https:\/\/i0.wp.com\/thomasvino.ch\/wp-content\/uploads\/2014\/06\/prosec_vignetogiardino_pts.jpg?w=2000&amp;ssl=1 2000w, https:\/\/i0.wp.com\/thomasvino.ch\/wp-content\/uploads\/2014\/06\/prosec_vignetogiardino_pts.jpg?w=3000&amp;ssl=1 3000w\" sizes=\"(max-width: 300px) 100vw, 300px\" data-recalc-dims=\"1\" \/><\/a><p id=\"caption-attachment-12060\" class=\"wp-caption-text\">La vigne Giardino des fr\u00e8res Adami.<\/p><\/div>\n<p><em>Pierre Thomas, de retour de Conegliano<\/em><\/p>\n<p>Qui a \u00e9crit que les vins (qui rendent) heureux n\u2019ont pas d\u2019histoire\u00a0? Celle du prosecco commence vraiment \u00e0 la fin du 19<sup>\u00e8me<\/sup> si\u00e8cle, en 1876, quand fut fond\u00e9e \u00e0 Conegliano la premi\u00e8re \u00e9cole d\u2019\u0153nologie d\u2019Italie. Comme en Champagne, dans la r\u00e9gion du Prosecco, on n\u2019a pas invent\u00e9 grand\u2019chose.<\/p>\n<p>On sait que les Anglais revendiquent la prise de mousse bien avant le moine b\u00e9n\u00e9dictin <strong>Pierre P\u00e9rignon<\/strong>. Du c\u00f4t\u00e9 de Tr\u00e9vise, au nord de l\u2019Italie, on faisait du vin <em>\u00abfrizzante\u00bb<\/em> comme Monsieur Jourdain de la prose chez Moli\u00e8re\u00a0: sans le savoir. Naturellement, le mo\u00fbt quand il fermente produit du gaz carbonique en grande quantit\u00e9. Les Champenois (ou les Anglais, <em>\u00abso what\u00bb<\/em>\u00a0?) ont constat\u00e9 qu\u2019en laissant le vin reposer, puis en ajoutant du sucre et en le laissant refermenter en bouteille, on pouvait obtenir des bulles stables dans le temps, \u00e0 condition de refermer le flacon avec un bouchon solide.<\/p>\n<p>Les Italiens pratiquaient de m\u00eame au 19<sup>\u00e8me<\/sup> si\u00e8cle dans de grands contenants. En bois d\u2019abord, avec d\u2019in\u00e9vitables fuites de gaz, et donc perte de mousse. En cuves en acier ensuite, appel\u00e9s <em>\u00abautoclaves\u00bb<\/em>, notamment pour le moscato d\u2019Asti. Et c\u2019est un ing\u00e9nieur fran\u00e7ais, \u00e0 Montpellier, qui, en 1911, breveta cette \u00abcuve close\u00bb qui porte d\u00e9sormais son nom, la <em>\u00abm\u00e9thode Charmat\u00bb<\/em>.<\/p>\n<div id=\"attachment_12058\" style=\"width: 310px\" class=\"wp-caption aligncenter\"><a href=\"https:\/\/i0.wp.com\/www.thomasvino.ch\/wp-content\/uploads\/2014\/06\/prosec_bortoli_pts.jpg\"><img aria-describedby=\"caption-attachment-12058\" data-attachment-id=\"12058\" data-permalink=\"https:\/\/thomasvino.ch\/?attachment_id=12058\" data-orig-file=\"https:\/\/i0.wp.com\/thomasvino.ch\/wp-content\/uploads\/2014\/06\/prosec_bortoli_pts.jpg?fit=3264%2C2448&amp;ssl=1\" data-orig-size=\"3264,2448\" data-comments-opened=\"0\" data-image-meta=\"{&quot;aperture&quot;:&quot;2.4&quot;,&quot;credit&quot;:&quot;&quot;,&quot;camera&quot;:&quot;iPhone 4S&quot;,&quot;caption&quot;:&quot;&quot;,&quot;created_timestamp&quot;:&quot;1400599563&quot;,&quot;copyright&quot;:&quot;&quot;,&quot;focal_length&quot;:&quot;4.28&quot;,&quot;iso&quot;:&quot;64&quot;,&quot;shutter_speed&quot;:&quot;0.05&quot;,&quot;title&quot;:&quot;&quot;,&quot;orientation&quot;:&quot;1&quot;}\" data-image-title=\"prosec_bortoli_pts\" data-image-description=\"\" data-image-caption=\"&lt;p&gt;Luigi D&amp;rsquo;Ama, chez Bortoli, devant un autoclave o\u00f9 fermente du mo\u00fbt de prosecco.&lt;\/p&gt;\n\" data-medium-file=\"https:\/\/i0.wp.com\/thomasvino.ch\/wp-content\/uploads\/2014\/06\/prosec_bortoli_pts.jpg?fit=300%2C225&amp;ssl=1\" data-large-file=\"https:\/\/i0.wp.com\/thomasvino.ch\/wp-content\/uploads\/2014\/06\/prosec_bortoli_pts.jpg?fit=1024%2C768&amp;ssl=1\" loading=\"lazy\" class=\"size-medium wp-image-12058\" src=\"https:\/\/i0.wp.com\/www.thomasvino.ch\/wp-content\/uploads\/2014\/06\/prosec_bortoli_pts-300x225.jpg?resize=300%2C225\" alt=\"Luigi D'Ama, chez Bortoli, devant un autoclave o\u00f9 fermente du mo\u00fbt de prosecco.\" width=\"300\" height=\"225\" srcset=\"https:\/\/i0.wp.com\/thomasvino.ch\/wp-content\/uploads\/2014\/06\/prosec_bortoli_pts.jpg?resize=300%2C225&amp;ssl=1 300w, https:\/\/i0.wp.com\/thomasvino.ch\/wp-content\/uploads\/2014\/06\/prosec_bortoli_pts.jpg?resize=768%2C576&amp;ssl=1 768w, https:\/\/i0.wp.com\/thomasvino.ch\/wp-content\/uploads\/2014\/06\/prosec_bortoli_pts.jpg?resize=1024%2C768&amp;ssl=1 1024w, https:\/\/i0.wp.com\/thomasvino.ch\/wp-content\/uploads\/2014\/06\/prosec_bortoli_pts.jpg?w=2000&amp;ssl=1 2000w, https:\/\/i0.wp.com\/thomasvino.ch\/wp-content\/uploads\/2014\/06\/prosec_bortoli_pts.jpg?w=3000&amp;ssl=1 3000w\" sizes=\"(max-width: 300px) 100vw, 300px\" data-recalc-dims=\"1\" \/><\/a><p id=\"caption-attachment-12058\" class=\"wp-caption-text\">Daniele D&rsquo;Ama, chez Bortoli, devant un autoclave o\u00f9 fermente du mo\u00fbt de prosecco.<\/p><\/div>\n<h3><strong>A partir d\u2019un raisin\u2026 d\u00e9baptis\u00e9<\/strong><\/h3>\n<p>Aujourd\u2019hui, dit-on \u00e0 l\u2019Ecole d\u2019\u0153nologie de Conegliano, qui forme une vingtaine de professionnels par an jusqu\u2019au \u00abmaster\u00bb, la grande chance du Nord de l\u2019Italie et, singuli\u00e8rement, de la r\u00e9gion comprise entre les deux villes de Valdobbiadene et de Conegliano, entre le fleuve Piave et les contreforts des Dolomites, c\u2019est la monoculture du glera.<\/p>\n<p>Glera, kesako\u00a0? Le raisin, bien s\u00fbr, de la vari\u00e9t\u00e9 glera. Longtemps, il a \u00e9t\u00e9 appel\u00e9 prosecco, un mot qui m\u00e9langeait l\u2019identit\u00e9 du raisin, la r\u00e9gion g\u00e9ographique o\u00f9 il est produit \u2014 dans tout le nord de l\u2019Italie, de la V\u00e9n\u00e9tie \u00e0 la V\u00e9n\u00e9tie-Giulia et au Frioul, en DOC \u2014 et qualifiait son r\u00e9sultat p\u00e9tillant. En 2009, les acteurs du c\u0153ur de la r\u00e9gion de production ont d\u00e9cid\u00e9 de mettre un peu d\u2019ordre dans ce m\u00e9li-m\u00e9lo. Ils ont d\u00e9limit\u00e9 la DOCG Conegliano Valdobbiadene Prosecco Superiore, aujourd\u2019hui 7&rsquo;000 hectares, soit pr\u00e8s de la moiti\u00e9 de la surface viticole suisse. Comme le droit international ne permet pas de prot\u00e9ger un nom de c\u00e9page en l\u2019associant \u00e0 un lieu de production (m\u00eame si les Valaisans veulent y d\u00e9roger avec la \u00abpetite arvine\u00bb et laisser l\u2019arvine au reste du monde\u2026), on a d\u00fb rebaptiser le raisin glera pour maintenir prosecco comme appellation prot\u00e9g\u00e9e.<\/p>\n<h3><strong>Un paysage pr\u00eat pour l\u2019UNESCO<\/strong><\/h3>\n<p>Il a fallu aussi fixer des limites \u00e0 ce haut du panie\u00bb du prosecco\u00a0: ce sont les collines du relief tourment\u00e9 des pieds des Dolomites. Des monts calcaires, \u00e9clatant d\u2019une myriade de nuances vertes au printemps. La vigne y est plant\u00e9e depuis des si\u00e8cles, sur les meilleures expositions, entrem\u00eal\u00e9e de bosquets et de prairies. Un paysage insoup\u00e7onn\u00e9 qui a pouss\u00e9 le consorzio de tutelle de la DOCG \u00e0 prendre la t\u00eate d\u2019un mouvement pour inscrire la r\u00e9gion du prosecco au patrimoine mondial de l\u2019UNESCO. Comme Lavaux, d\u00e9j\u00e0 ou comme le Pi\u00e9mont, dont les Langhe, le Roero et le Monferrato viennent d\u2019\u00eatre inscrits le 20 juin 2014, \u00e0 Doha. Ou comme la\u2026 Champagne, pr\u00e9vue pour l\u2019an prochain (2015).<\/p>\n<p><a href=\"https:\/\/i0.wp.com\/www.thomasvino.ch\/wp-content\/uploads\/2014\/06\/prosec_vigneneo_pts.jpg\"><img data-attachment-id=\"12059\" data-permalink=\"https:\/\/thomasvino.ch\/?attachment_id=12059\" data-orig-file=\"https:\/\/i0.wp.com\/thomasvino.ch\/wp-content\/uploads\/2014\/06\/prosec_vigneneo_pts.jpg?fit=2066%2C1501&amp;ssl=1\" data-orig-size=\"2066,1501\" data-comments-opened=\"0\" data-image-meta=\"{&quot;aperture&quot;:&quot;2.4&quot;,&quot;credit&quot;:&quot;&quot;,&quot;camera&quot;:&quot;iPhone 4S&quot;,&quot;caption&quot;:&quot;&quot;,&quot;created_timestamp&quot;:&quot;1400336624&quot;,&quot;copyright&quot;:&quot;&quot;,&quot;focal_length&quot;:&quot;4.28&quot;,&quot;iso&quot;:&quot;50&quot;,&quot;shutter_speed&quot;:&quot;0.00068823124569855&quot;,&quot;title&quot;:&quot;&quot;,&quot;orientation&quot;:&quot;1&quot;}\" data-image-title=\"prosec_vigneneo_pts\" data-image-description=\"\" data-image-caption=\"\" data-medium-file=\"https:\/\/i0.wp.com\/thomasvino.ch\/wp-content\/uploads\/2014\/06\/prosec_vigneneo_pts.jpg?fit=300%2C218&amp;ssl=1\" data-large-file=\"https:\/\/i0.wp.com\/thomasvino.ch\/wp-content\/uploads\/2014\/06\/prosec_vigneneo_pts.jpg?fit=1024%2C744&amp;ssl=1\" loading=\"lazy\" class=\"aligncenter size-medium wp-image-12059\" src=\"https:\/\/i0.wp.com\/www.thomasvino.ch\/wp-content\/uploads\/2014\/06\/prosec_vigneneo_pts-300x217.jpg?resize=300%2C217\" alt=\"prosec_vigneneo_pts\" width=\"300\" height=\"217\" data-recalc-dims=\"1\" \/><\/a><\/p>\n<p>Depuis la reconnaissance de la DOCG en 2009, les producteurs construisent leur pyramide, brique par brique. Le socle, c\u2019est une DOC sur 556 communes. La DOC Tr\u00e9vise est restreinte \u00e0 95 communes de la province. Au-dessus, la DOCG recouvre 15 communes, dans lesquelles on peut faire des vins avec nom de lieu-dit, le Rive (une quarantaine). Enfin, sur 107 hectares seulement, un authentique cru, Cartizze, qui, curieusement, est souvent parmi le plus sucr\u00e9 des proseccos <em>(lire ci-dessous)<\/em>.<\/p>\n<p>Chaque cave \u00e9labore en g\u00e9n\u00e9ral des vins correspondant \u00e0 chaque \u00e9tage de cette pyramide qualitative. La DOCG est d\u00e9limit\u00e9e entre les collines, o\u00f9 tous les travaux viticoles se font \u00e0 la main, jusqu\u2019\u00e0 la vendange, et la plaine, class\u00e9e DOC. Mais, fait exceptionnel, on peut d\u00e9classer la part de raisin excendaire de la DOCG en DOC (et non toute la r\u00e9colte). Certains producteurs pr\u00e9f\u00e9reraient un <em>\u00abplafond limite de classement\u00bb<\/em> en fonction des mill\u00e9simes ou la constitution de \u00abvins de r\u00e9serve\u00bb, comme en Champagne. <em>\u00abNous voulons \u00e9tablir une r\u00e9glementation proche de la Champagne, aussi pour savoir qui fait quoi\u00bb<\/em>, confirme <strong>Elvira Bortolomiol<\/strong>, vice-pr\u00e9sidente du consorzio et de la cave familiale homonyme, tenue par quatre s\u0153urs. Car aujourd\u2019hui, avec 6&rsquo;000 livreurs de raisin et 3&rsquo;000 \u00e9tiquettes, mais seulement 180 embouteilleurs, on s\u2019y perd\u2026<\/p>\n<h3><strong>Un raisin adapt\u00e9 mais difficile<\/strong><\/h3>\n<p>Le glera n\u2019est pas un raisin facile non plus. Il est certes adapt\u00e9 au climat, qui joue sur l\u2019\u00e9change des vents marins de la lagune de Venise et les courants alpins des Dolomites, \u00e9vacuant le brouillard d\u2019automne, et aux sols, diff\u00e9rents entre Valdobbiadene et Conegliano, qui justifient le d\u00e9coupage en Rive. Cultiv\u00e9 en semi-pergola sur des surfaces laiss\u00e9es en friches d\u2019herbes hautes, \u00e0 3&rsquo;000 pieds l\u2019hectare seulement, il produit de grosses grappes l\u00e2ches aux baies plut\u00f4t petites et \u00e0 la peau \u00e9paisse. Le changement climatique joue son r\u00f4le, avec une anticipation des vendanges \u00e0 la mi-ao\u00fbt les ann\u00e9es les plus chaudes, au lieu de fin septembre. Comme en Suisse, 2013 a \u00e9chapp\u00e9 \u00e0 ce r\u00e9chauffement, avec des vendanges en automne, et un bon r\u00e9sultat qualitatif. Le risque de pluies diluviennes en automne s\u2019accro\u00eet\u2026<\/p>\n<div id=\"attachment_12061\" style=\"width: 210px\" class=\"wp-caption aligncenter\"><a href=\"https:\/\/i0.wp.com\/www.thomasvino.ch\/wp-content\/uploads\/2014\/06\/prosec_adami_grappe.jpg\"><img aria-describedby=\"caption-attachment-12061\" data-attachment-id=\"12061\" data-permalink=\"https:\/\/thomasvino.ch\/?attachment_id=12061\" data-orig-file=\"https:\/\/i0.wp.com\/thomasvino.ch\/wp-content\/uploads\/2014\/06\/prosec_adami_grappe.jpg?fit=797%2C1192&amp;ssl=1\" data-orig-size=\"797,1192\" data-comments-opened=\"0\" data-image-meta=\"{&quot;aperture&quot;:&quot;0&quot;,&quot;credit&quot;:&quot;&quot;,&quot;camera&quot;:&quot;&quot;,&quot;caption&quot;:&quot;&quot;,&quot;created_timestamp&quot;:&quot;1251730910&quot;,&quot;copyright&quot;:&quot;&quot;,&quot;focal_length&quot;:&quot;0&quot;,&quot;iso&quot;:&quot;0&quot;,&quot;shutter_speed&quot;:&quot;0&quot;,&quot;title&quot;:&quot;&quot;,&quot;orientation&quot;:&quot;1&quot;}\" data-image-title=\"prosec_adami_grappe\" data-image-description=\"\" data-image-caption=\"&lt;p&gt;Le glera produit de grosses grappes, \u00e0 baies plut\u00f4t petites et juteuses. &lt;\/p&gt;\n\" data-medium-file=\"https:\/\/i0.wp.com\/thomasvino.ch\/wp-content\/uploads\/2014\/06\/prosec_adami_grappe.jpg?fit=201%2C300&amp;ssl=1\" data-large-file=\"https:\/\/i0.wp.com\/thomasvino.ch\/wp-content\/uploads\/2014\/06\/prosec_adami_grappe.jpg?fit=685%2C1024&amp;ssl=1\" loading=\"lazy\" class=\"size-medium wp-image-12061\" src=\"https:\/\/i0.wp.com\/www.thomasvino.ch\/wp-content\/uploads\/2014\/06\/prosec_adami_grappe-200x300.jpg?resize=200%2C300\" alt=\"Le glera produit de grosses grappes, \u00e0 baies plut\u00f4t petites et juteuses. \" width=\"200\" height=\"300\" data-recalc-dims=\"1\" \/><\/a><p id=\"caption-attachment-12061\" class=\"wp-caption-text\">Le glera produit de grosses grappes, \u00e0 baies plut\u00f4t petites et juteuses.<\/p><\/div>\n<p>En cave aussi, le glera doit \u00eatre dompt\u00e9\u00a0: il affiche un caract\u00e8re l\u00e9g\u00e8rement aromatique, avec une forte acidit\u00e9 et de l\u2019amertume, d\u2019o\u00f9 la n\u00e9cessit\u00e9 de laisser une part de sucre r\u00e9siduel <em>(lire l\u2019encadr\u00e9)<\/em>. Il n\u00e9cessite un certain doigt\u00e9 au moment de la fermentation alcoolique\u00a0: <em>\u00abQuand le prosecco n\u2019est pas fruit\u00e9, il n\u2019est pas bon. Mais il ne doit pas, non plus, se r\u00e9sumer \u00e0 des ar\u00f4mes de banane ou de pomme verte\u00bb<\/em>, explique <strong>Franco Adami<\/strong>, un des fers de lance du prosecco de haute qualit\u00e9.<\/p>\n<p>D\u2019autres \u00e9laborateurs, comme Bortolotti, font refermenter une partie de vin de base avec du mo\u00fbt frais, pour obtenir davantage d\u2019ar\u00f4mes. <em>\u00abNous devons appliquer une autre viticulture pour une autre \u0153nologie\u00bb<\/em>, d\u00e9cr\u00e8te <strong>Daniele D\u2019Ama<\/strong>, le futur jeune patron de cette entreprise familiale, adepte de la vinification s\u00e9par\u00e9e de chaque parcelle et donc des Rive. Plut\u00f4t que la Champagne, c\u2019est Chablis qui l\u2019inspire et, dans des proseccos de cinq ans et plus, il dit retrouver les ar\u00f4mes du chardonnay en cours de vieillissement.<\/p>\n<h3><strong>Un vin en circuit court<\/strong><\/h3>\n<p>Elabor\u00e9 en circuit court \u2014 g\u00e9n\u00e9ralement 60 jours, gr\u00e2ce \u00e0 la prise de mousse rapide dans des cuves closes de 8\u2019000 \u00e0 25&rsquo;000 litres \u2014, le prosecco est destin\u00e9 \u00e0 \u00eatre consomm\u00e9 dans l\u2019ann\u00e9e. Chez Carp\u00e8n\u00e8-Malvotti, fond\u00e9e en 1868 d\u00e9j\u00e0, avant l\u2019\u00e9cole d\u2019\u0153nologie, et un des plus grands producteurs de la DOCG, avec plus de 5 millions de cols par an, la mise en bouteille se fait quasi chaque jour. L\u2019\u0153nologue <strong>Giorgio Panciera<\/strong> est fier d\u2019expliquer les rouages de la cha\u00eene d\u2019embouteillage ultra-moderne, o\u00f9 le froid et la protection contre l\u2019oxyg\u00e8ne jouent un r\u00f4le d\u00e9terminant pour le maintien de la fra\u00eecheur du vin.<\/p>\n<p>Ce vin produit partiellement industriellement contraste avec les tentatives de certains producteurs de s\u2019\u00e9carter du courant dominant. Il suffit de faire un tour \u00e0 l\u2019exposition-d\u00e9gustation de Vino in Villa, le troisi\u00e8me week-end de mai, au spectaculaire ch\u00e2teau de San Salvatore, dominant la plaine. Cette ann\u00e9e, Bellenda y proposait une \u00abm\u00e9thode classique\u00bb, ferment\u00e9e en bouteilles, comme en Champagne, non dos\u00e9e et mill\u00e9sim\u00e9e (2011). Case Bianche, un tr\u00e8s agr\u00e9able frizzante (mousse plus l\u00e9g\u00e8re) <em>\u00absur lies\u00bb<\/em>, Antico 2012, referment\u00e9 lui aussi en bouteilles. Bisol, qui vient de signer ce printemps un partenariat avec Ferrari, le r\u00e9put\u00e9 producteur de <em>\u00abspumante\u00bb<\/em> en m\u00e9thode traditionnelle du Trentin, propose un Cartizze, non dos\u00e9 et referment\u00e9 en bouteilles. Les Sorelle Bronca, un \u00abfrizzante\u00bb referment\u00e9 en bouteille, appel\u00e9 avec ironie <em>\u00abDifetto perfetto\u00bb<\/em> (comprenez \u00abratage parfait\u00bb\u2026). Perlage ne produit que des vins certifi\u00e9s <em>\u00abbio\u00bb<\/em>. L\u2019Ecole d\u2019\u0153nologie propose son Celebre, un vin <em>\u00abtranquille\u00bb<\/em> (sans bulle) \u00e0 base de glera, de verdiso et de perera, les trois c\u00e9pages classiques de la r\u00e9gion, dont les deux derniers sont devenus des raret\u00e9s. Et tous, une g\u00e9n\u00e9ralisation du mill\u00e9sime sur les \u00e9tiquettes. Non pas comme rep\u00e8re pour laisser vieillir le vin, comme en Champagne, mais pour s\u2019assurer de sa fra\u00eecheur\u00a0d\u00fbment certifi\u00e9e!<\/p>\n<p><em>Pierre Thomas, de retour de Conegliano<\/em><\/p>\n<h3><strong>Le prosecco devant le champagne<\/strong><\/h3>\n<p>C\u2019est historique\u00a0: en quantit\u00e9 de bouteilles vendues en 2013, le prosecco a d\u00e9pass\u00e9 le champagne. Plus de 330 millions de flacons contre \u00abseulement\u00bb 305 millions pour la vedette fran\u00e7aisse. Les deux effervescents sont export\u00e9s \u00e0 hauteur de 45%.<\/p>\n<p>Le prosecco DOCG progresse aussi en Suisse, de 6%, pour 6 millions de bouteilles, alors que le champagne a recul\u00e9 de 4%, \u00e0 5,13 millions, sur un total de 15 millions de bouteilles de mousseux import\u00e9es en Suisse en 2013. En valeur, c\u2019est une autre histoire\u2026<\/p>\n<p>En prix public en Italie, il faut compter 7 \u00e0 9 francs pour un prosecco DOC, 9 \u00e0 12 francs pour un DOCG, 15 \u00e0 18 francs pour un Rive et autour de 30 francs pour un Cartizze. La DOCG Conegliano Valdobiadene Prosecco Superiore repr\u00e9sente 20% en volume du prosecco commercialis\u00e9.<\/p>\n<p>Le prosecco se boit \u00e0 l\u2019ap\u00e9ritif, en cocktail (le fameux spritz qui a surtout relanc\u00e9 la vente de\u2026 l\u2019Aperol), \u00e0 table avec des entr\u00e9es, des poissons (on constate une timide \u00e9mergence du ros\u00e9\u00a0!), et, pour le Cartizze, soit \u00e0 l\u2019ap\u00e9ritif, soit au dessert (avec un panetone).<\/p>\n<h3><strong>L\u00e9g\u00e8rement doux et non dos\u00e9<\/strong><\/h3>\n<p>L\u2019impression de sucrosit\u00e9 plus ou moins collante laiss\u00e9e par un prosecco n\u2019est pas due, comme en Champagne, au \u00abdosage\u00bb ou \u00e0 la \u00abliqueur d\u2019exp\u00e9dition\u00bb, encore moins au \u00abmo\u00fbt concentr\u00e9 rectifi\u00e9\u00bb ajout\u00e9 \u00e0 l\u2019embouteillage (interdit en DOCG), mais au sucre laiss\u00e9 par la seconde fermentation pour la prise de mousse. Crescendo, le \u00abbrut\u00bb en contient de 0 \u00e0 12 grammes par litre (g\/l), et le plus souvent autour de 8 g\/l.. L\u2019\u00abextra-dry\u00bb, de 12 \u00e0 17 g\/l, est le pr\u00e9f\u00e9r\u00e9 des Suisses al\u00e9maniques, des Allemands\u2026 mais aussi des Italiens\u00a0! Quant au \u00abdry\u00bb, il va de 17 \u00e0 32 g\/l. La majorit\u00e9 du seul cru reconnu (107 ha) est \u00e9labor\u00e9 dans ce type, comme effervescent de dessert, et le sucre y joue son r\u00f4le de support d\u2019ar\u00f4mes. Chez Follador, on confirme que\u00a0<em>\u00ables consommateurs aiment moins le sucre. Le brut est tendance\u00a0!\u00bb<\/em>, surtout chez les amateurs de vins.<\/p>\n<p><em>Paru dans <\/em>H\u00f4tellerie &amp; Gastronomie Hebdo<em> du 26 juin 2014.<\/em><\/p>\n<p>\u00a9thomasvino.ch<\/p>\n","protected":false},"excerpt":{"rendered":"<p>L\u2019an pass\u00e9, la Suisse est devenue le principal client de la DOCG Conegliano-Valdobbiadene Prosecco Superiore, en valeur, et, en volume, figure juste derri\u00e8re l\u2019Allemagne. Comme les Italiens avant eux, les Germains appr\u00e9cient ce vin p\u00e9tillant, d\u00e9complex\u00e9, le plus souvent l\u00e9g\u00e8rement doux et anecdotique \u00e0 l\u2019heure de l\u2019ap\u00e9ro. Ces qualit\u00e9s simples et directes en ont fait [&hellip;]<\/p>\n","protected":false},"author":3,"featured_media":0,"comment_status":"closed","ping_status":"open","sticky":false,"template":"","format":"standard","meta":{"_monsterinsights_skip_tracking":false,"_monsterinsights_sitenote_active":false,"_monsterinsights_sitenote_note":"","_monsterinsights_sitenote_category":0,"jetpack_post_was_ever_published":false,"jetpack_publicize_message":"","jetpack_is_tweetstorm":false,"jetpack_publicize_feature_enabled":true,"jetpack_social_post_already_shared":true,"jetpack_social_options":{"image_generator_settings":{"template":"highway","enabled":false}}},"categories":[29],"tags":[644,353,643,645,600],"jetpack_publicize_connections":[],"yoast_head":"<!-- This site is optimized with the Yoast SEO plugin v20.6 - https:\/\/yoast.com\/wordpress\/plugins\/seo\/ -->\n<title>Le prosecco au-del\u00e0 du \u00abc\u00fcpli\u00bb - thomasvino<\/title>\n<meta name=\"robots\" content=\"index, follow, max-snippet:-1, max-image-preview:large, max-video-preview:-1\" \/>\n<link rel=\"canonical\" href=\"https:\/\/thomasvino.ch\/?p=12057\" \/>\n<meta property=\"og:locale\" content=\"fr_FR\" \/>\n<meta property=\"og:type\" content=\"article\" \/>\n<meta property=\"og:title\" content=\"Le prosecco au-del\u00e0 du \u00abc\u00fcpli\u00bb - thomasvino\" \/>\n<meta property=\"og:description\" content=\"L\u2019an pass\u00e9, la Suisse est devenue le principal client de la DOCG Conegliano-Valdobbiadene Prosecco Superiore, en valeur, et, en volume, figure juste derri\u00e8re l\u2019Allemagne. Comme les Italiens avant eux, les Germains appr\u00e9cient ce vin p\u00e9tillant, d\u00e9complex\u00e9, le plus souvent l\u00e9g\u00e8rement doux et anecdotique \u00e0 l\u2019heure de l\u2019ap\u00e9ro. Ces qualit\u00e9s simples et directes en ont fait [&hellip;]\" \/>\n<meta property=\"og:url\" content=\"https:\/\/thomasvino.ch\/?p=12057\" \/>\n<meta property=\"og:site_name\" content=\"thomasvino\" \/>\n<meta property=\"article:published_time\" content=\"2014-06-26T08:29:46+00:00\" \/>\n<meta property=\"og:image\" content=\"http:\/\/www.thomasvino.ch\/wp-content\/uploads\/2014\/06\/prosec_vignetogiardino_pts-300x225.jpg\" \/>\n<meta name=\"author\" content=\"Pierre Thomas\" \/>\n<meta name=\"twitter:label1\" content=\"\u00c9crit par\" \/>\n\t<meta name=\"twitter:data1\" content=\"Pierre Thomas\" \/>\n\t<meta name=\"twitter:label2\" content=\"Dur\u00e9e de lecture estim\u00e9e\" \/>\n\t<meta name=\"twitter:data2\" content=\"10 minutes\" \/>\n<script type=\"application\/ld+json\" class=\"yoast-schema-graph\">{\"@context\":\"https:\/\/schema.org\",\"@graph\":[{\"@type\":\"WebPage\",\"@id\":\"https:\/\/thomasvino.ch\/?p=12057\",\"url\":\"https:\/\/thomasvino.ch\/?p=12057\",\"name\":\"Le prosecco au-del\u00e0 du \u00abc\u00fcpli\u00bb - thomasvino\",\"isPartOf\":{\"@id\":\"https:\/\/thomasvino.ch\/#website\"},\"datePublished\":\"2014-06-26T08:29:46+00:00\",\"dateModified\":\"2014-06-26T08:29:46+00:00\",\"author\":{\"@id\":\"https:\/\/thomasvino.ch\/#\/schema\/person\/670bf4486fe81152cf1d68bd585e062e\"},\"breadcrumb\":{\"@id\":\"https:\/\/thomasvino.ch\/?p=12057#breadcrumb\"},\"inLanguage\":\"fr-FR\",\"potentialAction\":[{\"@type\":\"ReadAction\",\"target\":[\"https:\/\/thomasvino.ch\/?p=12057\"]}]},{\"@type\":\"BreadcrumbList\",\"@id\":\"https:\/\/thomasvino.ch\/?p=12057#breadcrumb\",\"itemListElement\":[{\"@type\":\"ListItem\",\"position\":1,\"name\":\"Accueil\",\"item\":\"https:\/\/thomasvino.ch\/\"},{\"@type\":\"ListItem\",\"position\":2,\"name\":\"Le prosecco au-del\u00e0 du \u00abc\u00fcpli\u00bb\"}]},{\"@type\":\"WebSite\",\"@id\":\"https:\/\/thomasvino.ch\/#website\",\"url\":\"https:\/\/thomasvino.ch\/\",\"name\":\"thomasvino\",\"description\":\"Vins &amp; Gastronomie\",\"potentialAction\":[{\"@type\":\"SearchAction\",\"target\":{\"@type\":\"EntryPoint\",\"urlTemplate\":\"https:\/\/thomasvino.ch\/?s={search_term_string}\"},\"query-input\":\"required name=search_term_string\"}],\"inLanguage\":\"fr-FR\"},{\"@type\":\"Person\",\"@id\":\"https:\/\/thomasvino.ch\/#\/schema\/person\/670bf4486fe81152cf1d68bd585e062e\",\"name\":\"Pierre Thomas\",\"image\":{\"@type\":\"ImageObject\",\"inLanguage\":\"fr-FR\",\"@id\":\"https:\/\/thomasvino.ch\/#\/schema\/person\/image\/\",\"url\":\"https:\/\/secure.gravatar.com\/avatar\/91fd5a76647f140e53db987a0dead4d7?s=96&d=mm&r=g\",\"contentUrl\":\"https:\/\/secure.gravatar.com\/avatar\/91fd5a76647f140e53db987a0dead4d7?s=96&d=mm&r=g\",\"caption\":\"Pierre Thomas\"},\"url\":\"https:\/\/thomasvino.ch\/?author=3\"}]}<\/script>\n<!-- \/ Yoast SEO plugin. -->","yoast_head_json":{"title":"Le prosecco au-del\u00e0 du \u00abc\u00fcpli\u00bb - thomasvino","robots":{"index":"index","follow":"follow","max-snippet":"max-snippet:-1","max-image-preview":"max-image-preview:large","max-video-preview":"max-video-preview:-1"},"canonical":"https:\/\/thomasvino.ch\/?p=12057","og_locale":"fr_FR","og_type":"article","og_title":"Le prosecco au-del\u00e0 du \u00abc\u00fcpli\u00bb - thomasvino","og_description":"L\u2019an pass\u00e9, la Suisse est devenue le principal client de la DOCG Conegliano-Valdobbiadene Prosecco Superiore, en valeur, et, en volume, figure juste derri\u00e8re l\u2019Allemagne. Comme les Italiens avant eux, les Germains appr\u00e9cient ce vin p\u00e9tillant, d\u00e9complex\u00e9, le plus souvent l\u00e9g\u00e8rement doux et anecdotique \u00e0 l\u2019heure de l\u2019ap\u00e9ro. Ces qualit\u00e9s simples et directes en ont fait [&hellip;]","og_url":"https:\/\/thomasvino.ch\/?p=12057","og_site_name":"thomasvino","article_published_time":"2014-06-26T08:29:46+00:00","og_image":[{"url":"http:\/\/www.thomasvino.ch\/wp-content\/uploads\/2014\/06\/prosec_vignetogiardino_pts-300x225.jpg"}],"author":"Pierre Thomas","twitter_misc":{"\u00c9crit par":"Pierre Thomas","Dur\u00e9e de lecture estim\u00e9e":"10 minutes"},"schema":{"@context":"https:\/\/schema.org","@graph":[{"@type":"WebPage","@id":"https:\/\/thomasvino.ch\/?p=12057","url":"https:\/\/thomasvino.ch\/?p=12057","name":"Le prosecco au-del\u00e0 du \u00abc\u00fcpli\u00bb - thomasvino","isPartOf":{"@id":"https:\/\/thomasvino.ch\/#website"},"datePublished":"2014-06-26T08:29:46+00:00","dateModified":"2014-06-26T08:29:46+00:00","author":{"@id":"https:\/\/thomasvino.ch\/#\/schema\/person\/670bf4486fe81152cf1d68bd585e062e"},"breadcrumb":{"@id":"https:\/\/thomasvino.ch\/?p=12057#breadcrumb"},"inLanguage":"fr-FR","potentialAction":[{"@type":"ReadAction","target":["https:\/\/thomasvino.ch\/?p=12057"]}]},{"@type":"BreadcrumbList","@id":"https:\/\/thomasvino.ch\/?p=12057#breadcrumb","itemListElement":[{"@type":"ListItem","position":1,"name":"Accueil","item":"https:\/\/thomasvino.ch\/"},{"@type":"ListItem","position":2,"name":"Le prosecco au-del\u00e0 du \u00abc\u00fcpli\u00bb"}]},{"@type":"WebSite","@id":"https:\/\/thomasvino.ch\/#website","url":"https:\/\/thomasvino.ch\/","name":"thomasvino","description":"Vins &amp; Gastronomie","potentialAction":[{"@type":"SearchAction","target":{"@type":"EntryPoint","urlTemplate":"https:\/\/thomasvino.ch\/?s={search_term_string}"},"query-input":"required name=search_term_string"}],"inLanguage":"fr-FR"},{"@type":"Person","@id":"https:\/\/thomasvino.ch\/#\/schema\/person\/670bf4486fe81152cf1d68bd585e062e","name":"Pierre Thomas","image":{"@type":"ImageObject","inLanguage":"fr-FR","@id":"https:\/\/thomasvino.ch\/#\/schema\/person\/image\/","url":"https:\/\/secure.gravatar.com\/avatar\/91fd5a76647f140e53db987a0dead4d7?s=96&d=mm&r=g","contentUrl":"https:\/\/secure.gravatar.com\/avatar\/91fd5a76647f140e53db987a0dead4d7?s=96&d=mm&r=g","caption":"Pierre Thomas"},"url":"https:\/\/thomasvino.ch\/?author=3"}]}},"jetpack_featured_media_url":"","jetpack_sharing_enabled":true,"jetpack_shortlink":"https:\/\/wp.me\/p3m4tZ-38t","jetpack_likes_enabled":false,"jetpack-related-posts":[{"id":11972,"url":"https:\/\/thomasvino.ch\/?p=11972","url_meta":{"origin":12057,"position":0},"title":"Le Prosecco se d\u00e9couvre sur place","date":"9 mai 2014","format":false,"excerpt":"La r\u00e9gion du Prosecco, en V\u00e9n\u00e9tie, au nord de la ville de Tr\u00e9vise, est candidate \u00e0 l\u2019inscription au Patrimoine mondial de l\u2019UNESCO (comme Lavaux est d\u00e9j\u00e0 inscrit\u2026). Dimanche 18 mai, de 10 h. \u00e0 22 h., quelque 300 \u00e9tiquettes de ce vin effervescent italien, qui a permis \u00e0 la V\u00e9n\u00e9tie\u2026","rel":"","context":"Dans &quot;Actus - News&quot;","img":{"alt_text":"","src":"","width":0,"height":0},"classes":[]},{"id":11929,"url":"https:\/\/thomasvino.ch\/?p=11929","url_meta":{"origin":12057,"position":1},"title":"La V\u00e9n\u00e9tie, principale r\u00e9gion viticole d\u2019Italie gr\u00e2ce au Prosecco","date":"28 avril 2014","format":false,"excerpt":"Selon le site Internet winenews.it, qui relaie les statistiques de l\u2019Union italienne des vins, la V\u00e9n\u00e9tie (Veneto) occupe, pour la vendange 2013, la place de plus grande r\u00e9gion d\u2019Italie pour l\u2019embouteillage de vins, et se classe premi\u00e8re tant pour les DOP que les IGP, avec une part d\u2019un peu plus\u2026","rel":"","context":"Dans &quot;Actus - News&quot;","img":{"alt_text":"","src":"","width":0,"height":0},"classes":[]},{"id":9692,"url":"https:\/\/thomasvino.ch\/?p=9692","url_meta":{"origin":12057,"position":2},"title":"Des mousseux \u00e0 sabler!","date":"27 novembre 2005","format":false,"excerpt":"D\u00e9gustation, \u00abTout Compte Fait\u00bb, novembre 2005 Des mousseux \u00e0 sabler La vente de Champagne a diminu\u00e9, ces derni\u00e8res ann\u00e9es en Suisse. Les vins effervescents les remplacent avantageusement. Plus de fra\u00eecheur, moins d\u2019alcool\u00a0: Clairette-de-Die et autre Prosecco valent bien qu\u2019on les sable. Par Pierre Thomas Sabler ou sabrer\u00a0? Le fran\u00e7ais conna\u00eet\u2026","rel":"","context":"Dans &quot;Conso&quot;","img":{"alt_text":"","src":"","width":0,"height":0},"classes":[]},{"id":15732,"url":"https:\/\/thomasvino.ch\/?p=15732","url_meta":{"origin":12057,"position":3},"title":"La Cave de La C\u00f4te, \u00abcave suisse de l&rsquo;ann\u00e9e\u00bb 2019!","date":"17 avril 2019","format":false,"excerpt":"Non seulement les jeux \u00e9taient faits depuis la mi-ao\u00fbt, mais les r\u00e9sultats du Grand Prix du Vin Suisse 2019 ont \u00e9t\u00e9 proclam\u00e9s le jeudi 24 octobre \u00e0 Berne. Le titre le plus convoit\u00e9, celui de la \u00abcave suisse de l'ann\u00e9e\u00bb revient \u00e0 la Cave de La C\u00f4te, \u00e0 Tolochenaz (VD):\u2026","rel":"","context":"Dans &quot;Edito&quot;","img":{"alt_text":"","src":"","width":0,"height":0},"classes":[]},{"id":16071,"url":"https:\/\/thomasvino.ch\/?p=16071","url_meta":{"origin":12057,"position":4},"title":"L&rsquo;orvieto veut surfer sur la vague du prosecco","date":"17 septembre 2019","format":false,"excerpt":"L\u2019Italie exporte toujours plus de vins effervescents. Avec 460 millions de bouteilles (75% \u00e0 l\u2019exportation), le prosecco, \u00e9labor\u00e9 en cuve close dans le nord du pays, a d\u00e9pass\u00e9 le champagne. Mais ce succ\u00e8s plan\u00e9taire fait de l\u2019ombre aux vins blancs secs transalpins. Que ce soit \u00e0 Soave (pr\u00e8s de V\u00e9rone),\u2026","rel":"","context":"Dans &quot;Vins italiens&quot;","img":{"alt_text":"","src":"https:\/\/i0.wp.com\/thomasvino.ch\/wp-content\/uploads\/2019\/09\/orv_vignes_soir_res-300x210.jpg?resize=350%2C200&ssl=1","width":350,"height":200},"classes":[]},{"id":18496,"url":"https:\/\/thomasvino.ch\/?p=18496","url_meta":{"origin":12057,"position":5},"title":"L\u2019erbaluce tenu dans l\u2019ombre","date":"16 septembre 2024","format":false,"excerpt":"Apr\u00e8s le timorasso, le Pi\u00e9mont se red\u00e9couvre un autre vin blanc sec, l\u2019erbaluce. Mais en-dehors de la \u00abd\u00e9nomination d\u2019origine prot\u00e9g\u00e9e\u00bb (DOP) Erbaluce di Caluso, son nom ne peut \u00eatre \u00e9voqu\u00e9. Une \u00abcuriosit\u00e9\u00bb dont les Italiens sont champions. Par Pierre Thomas A Ghemme, au nord de Novare, les fr\u00e8res Rovelotti l\u2019appellent\u2026","rel":"","context":"Dans &quot;Vins italiens&quot;","img":{"alt_text":"","src":"https:\/\/i0.wp.com\/thomasvino.ch\/wp-content\/uploads\/2024\/09\/IMG_8661-225x300.jpeg?resize=350%2C200&ssl=1","width":350,"height":200},"classes":[]}],"_links":{"self":[{"href":"https:\/\/thomasvino.ch\/index.php?rest_route=\/wp\/v2\/posts\/12057"}],"collection":[{"href":"https:\/\/thomasvino.ch\/index.php?rest_route=\/wp\/v2\/posts"}],"about":[{"href":"https:\/\/thomasvino.ch\/index.php?rest_route=\/wp\/v2\/types\/post"}],"author":[{"embeddable":true,"href":"https:\/\/thomasvino.ch\/index.php?rest_route=\/wp\/v2\/users\/3"}],"replies":[{"embeddable":true,"href":"https:\/\/thomasvino.ch\/index.php?rest_route=%2Fwp%2Fv2%2Fcomments&post=12057"}],"version-history":[{"count":0,"href":"https:\/\/thomasvino.ch\/index.php?rest_route=\/wp\/v2\/posts\/12057\/revisions"}],"wp:attachment":[{"href":"https:\/\/thomasvino.ch\/index.php?rest_route=%2Fwp%2Fv2%2Fmedia&parent=12057"}],"wp:term":[{"taxonomy":"category","embeddable":true,"href":"https:\/\/thomasvino.ch\/index.php?rest_route=%2Fwp%2Fv2%2Fcategories&post=12057"},{"taxonomy":"post_tag","embeddable":true,"href":"https:\/\/thomasvino.ch\/index.php?rest_route=%2Fwp%2Fv2%2Ftags&post=12057"}],"curies":[{"name":"wp","href":"https:\/\/api.w.org\/{rel}","templated":true}]}}