{"id":12063,"date":"2014-06-25T14:08:46","date_gmt":"2014-06-25T13:08:46","guid":{"rendered":"http:\/\/www.thomasvino.ch\/?p=12063"},"modified":"2014-09-13T20:58:14","modified_gmt":"2014-09-13T19:58:14","slug":"le-storytelling-du-vin-a-lassaut-du-valais","status":"publish","type":"post","link":"https:\/\/thomasvino.ch\/?p=12063","title":{"rendered":"Le \u00abstorytelling\u00bb du vin \u00e0 l\u2019assaut du Valais"},"content":{"rendered":"<p><strong>Raconter des histoires, comme un \u00abconte de faits\u00bb. C\u2019est la d\u00e9finition du \u00abstorytelling\u00bb, qui part \u00e0 l\u2019assaut du Valais ces temps-ci. Comme si \u00abdes histoires\u00bb, il n\u2019y en avait pas assez, dans le monde du vin\u2026 <\/strong><\/p>\n<p><em>Par Pierre Thomas<\/em><\/p>\n<p>Ce lundi, les journalistes ont rebondi sur la prose envoy\u00e9e par un aimable \u00abcommunicateur\u00bb\u00a0: <em>\u00abCh\u00e2teau Constellation\u00a0: le d\u00e9but d\u2019une histoire\u00bb<\/em>. Quatre jours auparavant, la coop\u00e9rative Provins, qui refuse, pour des questions d\u2019image, d\u2019appara\u00eetre comme la g\u00e9nitrice d\u2019<strong><a title=\"Avec Electus, Provins vise une \u00abautre dimension\u00bb\" href=\"http:\/\/www.thomasvino.ch\/?p=12039\">Electus, la locomotive des vins rouges valaisans<\/a><\/strong>, annon\u00e7ait que le si\u00e8ge de sa cuv\u00e9e d\u2019exception sera le Castel d\u2019Uvrier, r\u00e9nov\u00e9 pour l\u2019occasion. Il s\u2019agit d\u00e9sormais de passer <em>\u00abde l\u2019industriel \u00e0 l\u2019\u00e9motionnel\u00bb<\/em>.<\/p>\n<h3><strong>Une succession peu cr\u00e9dible<\/strong><\/h3>\n<p>Aucun journaliste n\u2019a \u00e9t\u00e9 convaincu par les arguments avanc\u00e9s \u00e0 Sion, lundi. <em>\u00abLa soci\u00e9t\u00e9 qui succ\u00e8de \u00e0 Giroud Vins veut tourner la page sur les affaires. Mais l\u2019entreprise reste la propri\u00e9t\u00e9 du vigneron enge\u00f4l\u00e9\u00bb<\/em> (remis en libert\u00e9 le 25 juin, \u00e0 Gen\u00e8ve), attaque d\u2019embl\u00e9e <em>24 Heures<\/em>. L\u2019\u00e9ditorialiste du <em>Matin<\/em> ne croit pas une seconde que l\u2019ancien patron, qui reste propri\u00e9taire des quelque 60 hectares de vigne et des immeubles lou\u00e9s \u00e0 la nouvelle raison sociale, renoncera \u00e0 la moindre parcelle de son pouvoir. Du reste, son p\u00e8re demeure chef de culture des vignes.<\/p>\n<p>Dans <em>Le Temps<\/em>, le directeur et pr\u00e9sident (PDG) de Ch\u00e2teau Constellation SA, <strong>Charles-Albert Fumeaux<\/strong>, affirme qu\u2019il ne sait pas <em>\u00abqui sont les autres propri\u00e9taires\u00bb<\/em> de la soci\u00e9t\u00e9, qui succ\u00e8de \u00e0 Wine Universe SA. La journaliste <strong>Marie Parvex<\/strong>, qui suit de pr\u00e8s le dossier pour <em>Le Temps<\/em>, souligne que les nouveaux responsables <em>\u00abne communiquent pas plus sur les chiffres que ne le faisait Dominique Giroud. Ils promettent de d\u00e9marcher de nouveaux clients dans le monde entier sans pr\u00e9ciser les budgets \u00e0 disposition, ni les quantit\u00e9s destin\u00e9es \u00e0 l\u2019export.\u00bb<\/em><\/p>\n<p>Le PDG tout neuf affirme\u00a0: <em>\u00abUn jour, on dira que la page D. Giroud est tourn\u00e9e\u00bb.<\/em> Et n\u2019exclut pas la vente de l\u2019entit\u00e9 vitivinicole, qui fait partie de la holding Torcularia, qu\u2019administre l\u2019ancien candidat au Conseil f\u00e9d\u00e9ral <strong>Peter Hess<\/strong>. Car, dit-il \u00e0 <em>24 Heures<\/em>, <em>\u00abil y a de l\u2019int\u00e9r\u00eat pour reprendre ses biens immobiliers. Il n\u2019y aura jamais de faillite de Ch\u00e2teau Constellation.\u00bb<\/em><\/p>\n<h3><strong>Le myst\u00e8re Constellation<\/strong><\/h3>\n<p>Pourquoi, du reste, ce terme venu\u2026 d\u2019ailleurs (et pas du ciel) ? Constellation n\u2019est rien d\u2019autre que le nom du plus grand acteur du monde du vin, fond\u00e9 en 1945, sous le nom exact de <em><strong>Constellation brands<\/strong><\/em>, qui est propri\u00e9taire ou distribue des marques aussi connue que la bi\u00e8re Corona, mais aussi les vins Mondavi, Clos du Bois et Franciscan Estate, r\u00e9put\u00e9es aux Etats-Unis, ou l\u2019italien Ruffino. Un empire qui a r\u00e9alis\u00e9 en 2013 plus de 3,1 milliards de dollars de ventes, pour un cash flow de 500 millions de dollars.<\/p>\n<p>Mais Constellation est un mot commun, d\u00e9pos\u00e9 par exemple par <em><strong>Omega<\/strong><\/em>, pour un de ses mod\u00e8les. Au registre suisse des marques, Constellation tout court a \u00e9t\u00e9 enregistr\u00e9 le 13 avril 2010, pour des <em>\u00abboissons alcooliques (\u00e0 l\u2019exception des bi\u00e8res), vins\u00bb<\/em>. Ce mot a servi d\u2019\u00e9tiquette \u00e0 un assemblage \u00e0 c\u00e9pages mi-valaisans et mi-bordelais de Giroud Vins. Le pr\u00e9curseur d\u2019Electus, m\u00eame si Provins s\u2019en d\u00e9fend, vendu autour de 100 francs le flacon (contre 190 fr. pour Electus). Ch\u00e2teau Constellation et son logo ont \u00e9t\u00e9 enregistr\u00e9s le 9 avril 2014. Les deux d\u00e9p\u00f4ts de marque n\u2019ont fait l\u2019objet <em>\u00abd\u2019aucune opposition\u00bb<\/em>. Chez Constellation Brands, on ne semble pas conna\u00eetre ces marques helv\u00e9tiques. Et on nous renvoie, par courriel, une d\u00e9p\u00eache de l\u2019AFP, en anglais, signalant que les autorit\u00e9s locales se sont oppos\u00e9es \u00e0 Ch\u00e2teau Constellation SA.<\/p>\n<h3><strong>Un ch\u00e2teau mystificateur<\/strong><\/h3>\n<p>Voil\u00e0 une autre pierre d\u2019achoppement. Pourquoi avoir choisi un nom de ch\u00e2teau pour une cave viticole\u00a0? <em>\u00abC\u2019est clair que \u00e7a n\u2019a pas du tout le m\u00eame impact \u00e0 la vente que le nom cave\u00bb<\/em>, admet, dans <em>24 Heures<\/em>, le nouveau pdg. Le dossier serait au niveau du Tribunal f\u00e9d\u00e9ral, \u00e0 l\u2019instar d\u2019un autre valaisan, le Ch\u00e2teau de Munoz.<\/p>\n<p>Un sp\u00e9cialiste, le biennomm\u00e9 <strong>Olivier Marcq<\/strong> (!) expliquait, dans <em>Droit Magazine<\/em>, en 2007 d\u00e9j\u00e0, qu\u2019il y a <em>\u00abune ind\u00e9pendance entre, d\u2019une part, la l\u00e9gitimit\u00e9 \u00e0 utiliser le terme ch\u00e2teau en raison des r\u00e8gles issues du droit rural et des activit\u00e9s vitivinicoles, d\u2019autre part, la facult\u00e9 \u00e0 pouvoir d\u00e9signer \u00e0 titre de marque un vin avec le terme ch\u00e2teau, au regard du droit des marques et des dispositions du code de la propri\u00e9t\u00e9 intellectuelle.\u00bb <\/em>Selon un communiqu\u00e9 du 5 septembre 2014, \u00e9mis par le responsable des relations publiques du Ch\u00e2teau Constellation, le Tribunal f\u00e9d\u00e9ral a autoris\u00e9 l&rsquo;utilisation de ce nom et la mention sur les \u00e9tiquettes de \u00abCh\u00e2teau Constellation SA, 1950 Sion\u00bb sans y voir une confusion pour le consommateur.<em><br \/>\n<\/em><\/p>\n<div id=\"attachment_12216\" style=\"width: 310px\" class=\"wp-caption aligncenter\"><a href=\"https:\/\/i0.wp.com\/www.thomasvino.ch\/wp-content\/uploads\/2014\/06\/Constellation.jpg\"><img aria-describedby=\"caption-attachment-12216\" data-attachment-id=\"12216\" data-permalink=\"https:\/\/thomasvino.ch\/?attachment_id=12216\" data-orig-file=\"https:\/\/i0.wp.com\/thomasvino.ch\/wp-content\/uploads\/2014\/06\/Constellation.jpg?fit=971%2C441&amp;ssl=1\" data-orig-size=\"971,441\" data-comments-opened=\"0\" data-image-meta=\"{&quot;aperture&quot;:&quot;5.6&quot;,&quot;credit&quot;:&quot;&quot;,&quot;camera&quot;:&quot;Canon EOS M&quot;,&quot;caption&quot;:&quot;&quot;,&quot;created_timestamp&quot;:&quot;1410534725&quot;,&quot;copyright&quot;:&quot;&quot;,&quot;focal_length&quot;:&quot;55&quot;,&quot;iso&quot;:&quot;400&quot;,&quot;shutter_speed&quot;:&quot;0.00125&quot;,&quot;title&quot;:&quot;&quot;,&quot;orientation&quot;:&quot;1&quot;}\" data-image-title=\"Constellation\" data-image-description=\"\" data-image-caption=\"&lt;p&gt;Giroud Vins a \u00e9t\u00e9 remplac\u00e9 par Ch\u00e2teau Constellation sur la cave ultramoderne de Sion (\u00a9Paul Vetter, www.valaisduvin.com)&lt;\/p&gt;\n\" data-medium-file=\"https:\/\/i0.wp.com\/thomasvino.ch\/wp-content\/uploads\/2014\/06\/Constellation.jpg?fit=300%2C136&amp;ssl=1\" data-large-file=\"https:\/\/i0.wp.com\/thomasvino.ch\/wp-content\/uploads\/2014\/06\/Constellation.jpg?fit=971%2C441&amp;ssl=1\" loading=\"lazy\" class=\"size-medium wp-image-12216\" src=\"https:\/\/i0.wp.com\/www.thomasvino.ch\/wp-content\/uploads\/2014\/06\/Constellation-300x136.jpg?resize=300%2C136\" alt=\"Giroud Vins a \u00e9t\u00e9 remplac\u00e9 par Ch\u00e2teau Constellation sur la cave ultramoderne de Sion (\u00a9Paul Vetter, www.valaisduvin.com)\" width=\"300\" height=\"136\" srcset=\"https:\/\/i0.wp.com\/thomasvino.ch\/wp-content\/uploads\/2014\/06\/Constellation.jpg?resize=300%2C136&amp;ssl=1 300w, https:\/\/i0.wp.com\/thomasvino.ch\/wp-content\/uploads\/2014\/06\/Constellation.jpg?resize=768%2C349&amp;ssl=1 768w, https:\/\/i0.wp.com\/thomasvino.ch\/wp-content\/uploads\/2014\/06\/Constellation.jpg?w=971&amp;ssl=1 971w\" sizes=\"(max-width: 300px) 100vw, 300px\" data-recalc-dims=\"1\" \/><\/a><p id=\"caption-attachment-12216\" class=\"wp-caption-text\">Giroud Vins a \u00e9t\u00e9 remplac\u00e9 par Ch\u00e2teau Constellation sur la cave ultramoderne de Sion <em>(photo<\/em> <em>tir\u00e9e du site <a title=\"Ch\u00e2teau Constellation\" href=\"http:\/\/valaisduvin.com\/2014\/09\/12\/giroud-la-tour-de-passe-passe-du-chateau\/\">www.valaisduvin.com<\/a>)<\/em><\/p><\/div>\n<p>En septembre 2012, des producteurs am\u00e9ricains, qui avaient obtenu de pouvoir apposer la mention \u00abch\u00e2teau\u00bb sur leurs bouteilles export\u00e9es en Europe entre 2006 et 2009, ont voulu faire ancrer cette pratique dans le droit communautaire. Ils se sont heurt\u00e9s \u00e0 un <strong><a title=\"Les Am\u00e9ricains veulent leurs ch\u00e2teaux, panique \u00e0 Bordeaux!\" href=\"http:\/\/www.thomasvino.ch\/?p=9456\">veto de la France<\/a><\/strong>, mais, selon une d\u00e9p\u00eache d\u2019agence d&rsquo;alors, <em>\u00abParis est n\u00e9anmoins isol\u00e9\u00bb<\/em>. L\u2019affaire a toutes les chances de revenir sur le devant de la sc\u00e8ne avec le trait\u00e9 de libre \u00e9change entre l\u2019Union europ\u00e9enne et les Etats-Unis.<\/p>\n<h3><strong>AOP stricte contre marque<\/strong><\/h3>\n<p>Quelle nuance entre un ch\u00e2teau fran\u00e7ais (et par extension valaisan ou vaudois) et am\u00e9ricain\u00a0? Le premier exige que le vin soit produit exclusivement \u00e0 partir de raisins r\u00e9colt\u00e9s dans les vignobles de l\u2019exploitation nomm\u00e9e ch\u00e2teau (et, en droit fran\u00e7ais, plus strict encore, et reconnu par l\u2019Union europ\u00e9enne depuis 1981, que la vinification soit enti\u00e8rement effectu\u00e9e dans cette exploitation). Le vin du ch\u00e2teau am\u00e9ricain peut, lui, \u00eatre \u00e9labor\u00e9 avec des raisins de divers fournisseurs.<\/p>\n<p>Le premier est donc une mention relevant des \u00abappellations d\u2019origine prot\u00e9g\u00e9es\u00bb, le second, une marque, qui a int\u00e9r\u00eat \u00e0 \u00eatre d\u00e9pos\u00e9e pour ne pas \u00eatre copi\u00e9e\u2026 Mais nombre d\u2019observateurs, en France, avaient fait valoir que les ch\u00e2teaux, notamment bordelais, ont, depuis longtemps, adopt\u00e9 une attitude commerciale de marque sur le march\u00e9 international. On se souvient aussi du d\u00e9sarroi de <strong>Bruno Prats<\/strong>, ex-propri\u00e9taire du Ch\u00e2teau Cos d\u2019Estournel, grand d\u00e9fenseur de la <em>\u00abmise en bouteille au ch\u00e2teau\u00bb<\/em>, \u00e0 la pr\u00e9sentation de Clos, Domaines et Ch\u00e2teaux, il y a dix ans au Ch\u00e2teau de Vufflens (VD), quand il avait appris que cette association, pilot\u00e9e par le groupe Schenk, n\u2019exigeait pas ce gage d\u2019authenticit\u00e9. Son texte, vantant les m\u00e9rites de la \u00abmise en bouteille au ch\u00e2teau\u00bb avait m\u00eame \u00e9t\u00e9 retir\u00e9 du dossier de presse\u00a0!<\/p>\n<h3><strong>\u00d4 dingos, \u00f4 ch\u00e2teaux\u00a0!<\/strong><\/h3>\n<p>Bref, le consommateur devrait retenir que le mot <em>\u00abch\u00e2teau\u00bb<\/em> est d\u00e9finitivement galvaud\u00e9, que la justice tranche <em>\u00abhic et nunc\u00bb<\/em> ou demain en fonction d\u2019accords internationaux plus souples. Il suffit de d\u00e9guster les vins pour se convaincre qu&rsquo;il y a de bons et de moins bons vins, qu&rsquo;ils viennent de caves ou de ch\u00e2teaux!<\/p>\n<p>Et d\u2019autres menaces p\u00e8sent sur l\u2019univers virtuel du vin, avec l\u2019arriv\u00e9e des suffixes .<em>vin<\/em> ou <em>.wine<\/em>, contre lesquels les Fran\u00e7ais s\u2019\u00e9l\u00e8vent d\u00e9sormais. L\u2019\u00e9ditorialiste \u00e9conomique <strong>Fran\u00e7ois Lenglet<\/strong> explique\u00a0: <em>\u00ab Trois soci\u00e9t\u00e9s grossistes vendront ces nouveaux noms de domaine. Or aucun d\u2019eux n\u2019a l\u2019intention de respecter les appellations contr\u00f4l\u00e9es. Du coup, rien n\u2019emp\u00eachera un producteur de mousseux \u00e9tranger d\u2019acheter le domaine <\/em>champagne.vin<em>. Ainsi, il pourra tirer profit de la notori\u00e9t\u00e9 mondiale du champagne de fa\u00e7on abusive. Avec ces nouveaux noms de domaines, toutes les fraudes et tous les abus sont possibles aux d\u00e9triments des consommateurs et des producteurs authentiques.\u00bb<\/em><\/p>\n<p>Qui d\u00e9posera le nom <em>\u00abchateau-constellation.vin\u00bb<\/em> (apr\u00e8s .ch, d\u00e9j\u00e0 en ligne)\u00a0? Les futurs acqu\u00e9reurs de l\u2019ex-Giroud Vins? Pourquoi pas des Chinois, pour qui toute vigne est digne d&rsquo;un ch\u00e2teau, et dont le Valaisan se disait si proche qu\u2019il servait \u00e0 qui voulait le r\u00e9percuter le m\u00eame discours d\u2019un exportateur confiant, sans le moindre chiffre de succ\u00e8s \u00e0 la cl\u00e9?<\/p>\n<p>On peut r\u00eaver aux contes de\u2026 f\u00e9e, non\u00a0?<\/p>\n<p><em>\u00a9thomasvino.ch<\/em><\/p>\n","protected":false},"excerpt":{"rendered":"<p>Raconter des histoires, comme un \u00abconte de faits\u00bb. C\u2019est la d\u00e9finition du \u00abstorytelling\u00bb, qui part \u00e0 l\u2019assaut du Valais ces temps-ci. Comme si \u00abdes histoires\u00bb, il n\u2019y en avait pas assez, dans le monde du vin\u2026 Par Pierre Thomas Ce lundi, les journalistes ont rebondi sur la prose envoy\u00e9e par un aimable \u00abcommunicateur\u00bb\u00a0: \u00abCh\u00e2teau Constellation\u00a0: [&hellip;]<\/p>\n","protected":false},"author":3,"featured_media":0,"comment_status":"closed","ping_status":"open","sticky":false,"template":"","format":"standard","meta":{"_monsterinsights_skip_tracking":false,"_monsterinsights_sitenote_active":false,"_monsterinsights_sitenote_note":"","_monsterinsights_sitenote_category":0,"jetpack_post_was_ever_published":false,"jetpack_publicize_message":"","jetpack_is_tweetstorm":false,"jetpack_publicize_feature_enabled":true,"jetpack_social_post_already_shared":true,"jetpack_social_options":{"image_generator_settings":{"template":"highway","enabled":false}}},"categories":[3],"tags":[398,646,399,625,451,278],"jetpack_publicize_connections":[],"yoast_head":"<!-- This site is optimized with the Yoast SEO plugin v20.6 - https:\/\/yoast.com\/wordpress\/plugins\/seo\/ -->\n<title>Le \u00abstorytelling\u00bb du vin \u00e0 l\u2019assaut du Valais - thomasvino<\/title>\n<meta name=\"robots\" content=\"index, follow, max-snippet:-1, max-image-preview:large, max-video-preview:-1\" \/>\n<link rel=\"canonical\" href=\"https:\/\/thomasvino.ch\/?p=12063\" \/>\n<meta property=\"og:locale\" content=\"fr_FR\" \/>\n<meta property=\"og:type\" content=\"article\" \/>\n<meta property=\"og:title\" content=\"Le \u00abstorytelling\u00bb du vin \u00e0 l\u2019assaut du Valais - thomasvino\" \/>\n<meta property=\"og:description\" content=\"Raconter des histoires, comme un \u00abconte de faits\u00bb. C\u2019est la d\u00e9finition du \u00abstorytelling\u00bb, qui part \u00e0 l\u2019assaut du Valais ces temps-ci. Comme si \u00abdes histoires\u00bb, il n\u2019y en avait pas assez, dans le monde du vin\u2026 Par Pierre Thomas Ce lundi, les journalistes ont rebondi sur la prose envoy\u00e9e par un aimable \u00abcommunicateur\u00bb\u00a0: \u00abCh\u00e2teau Constellation\u00a0: [&hellip;]\" \/>\n<meta property=\"og:url\" content=\"https:\/\/thomasvino.ch\/?p=12063\" \/>\n<meta property=\"og:site_name\" content=\"thomasvino\" \/>\n<meta property=\"article:published_time\" content=\"2014-06-25T13:08:46+00:00\" \/>\n<meta property=\"article:modified_time\" content=\"2014-09-13T19:58:14+00:00\" \/>\n<meta property=\"og:image\" content=\"http:\/\/www.thomasvino.ch\/wp-content\/uploads\/2014\/06\/Constellation-300x136.jpg\" \/>\n<meta name=\"author\" content=\"Pierre Thomas\" \/>\n<meta name=\"twitter:label1\" content=\"\u00c9crit par\" \/>\n\t<meta name=\"twitter:data1\" content=\"Pierre Thomas\" \/>\n\t<meta name=\"twitter:label2\" content=\"Dur\u00e9e de lecture estim\u00e9e\" \/>\n\t<meta name=\"twitter:data2\" content=\"7 minutes\" \/>\n<script type=\"application\/ld+json\" class=\"yoast-schema-graph\">{\"@context\":\"https:\/\/schema.org\",\"@graph\":[{\"@type\":\"WebPage\",\"@id\":\"https:\/\/thomasvino.ch\/?p=12063\",\"url\":\"https:\/\/thomasvino.ch\/?p=12063\",\"name\":\"Le \u00abstorytelling\u00bb du vin \u00e0 l\u2019assaut du Valais - thomasvino\",\"isPartOf\":{\"@id\":\"https:\/\/thomasvino.ch\/#website\"},\"datePublished\":\"2014-06-25T13:08:46+00:00\",\"dateModified\":\"2014-09-13T19:58:14+00:00\",\"author\":{\"@id\":\"https:\/\/thomasvino.ch\/#\/schema\/person\/670bf4486fe81152cf1d68bd585e062e\"},\"breadcrumb\":{\"@id\":\"https:\/\/thomasvino.ch\/?p=12063#breadcrumb\"},\"inLanguage\":\"fr-FR\",\"potentialAction\":[{\"@type\":\"ReadAction\",\"target\":[\"https:\/\/thomasvino.ch\/?p=12063\"]}]},{\"@type\":\"BreadcrumbList\",\"@id\":\"https:\/\/thomasvino.ch\/?p=12063#breadcrumb\",\"itemListElement\":[{\"@type\":\"ListItem\",\"position\":1,\"name\":\"Accueil\",\"item\":\"https:\/\/thomasvino.ch\/\"},{\"@type\":\"ListItem\",\"position\":2,\"name\":\"Le \u00abstorytelling\u00bb du vin \u00e0 l\u2019assaut du Valais\"}]},{\"@type\":\"WebSite\",\"@id\":\"https:\/\/thomasvino.ch\/#website\",\"url\":\"https:\/\/thomasvino.ch\/\",\"name\":\"thomasvino\",\"description\":\"Vins &amp; Gastronomie\",\"potentialAction\":[{\"@type\":\"SearchAction\",\"target\":{\"@type\":\"EntryPoint\",\"urlTemplate\":\"https:\/\/thomasvino.ch\/?s={search_term_string}\"},\"query-input\":\"required name=search_term_string\"}],\"inLanguage\":\"fr-FR\"},{\"@type\":\"Person\",\"@id\":\"https:\/\/thomasvino.ch\/#\/schema\/person\/670bf4486fe81152cf1d68bd585e062e\",\"name\":\"Pierre Thomas\",\"image\":{\"@type\":\"ImageObject\",\"inLanguage\":\"fr-FR\",\"@id\":\"https:\/\/thomasvino.ch\/#\/schema\/person\/image\/\",\"url\":\"https:\/\/secure.gravatar.com\/avatar\/91fd5a76647f140e53db987a0dead4d7?s=96&d=mm&r=g\",\"contentUrl\":\"https:\/\/secure.gravatar.com\/avatar\/91fd5a76647f140e53db987a0dead4d7?s=96&d=mm&r=g\",\"caption\":\"Pierre Thomas\"},\"url\":\"https:\/\/thomasvino.ch\/?author=3\"}]}<\/script>\n<!-- \/ Yoast SEO plugin. -->","yoast_head_json":{"title":"Le \u00abstorytelling\u00bb du vin \u00e0 l\u2019assaut du Valais - thomasvino","robots":{"index":"index","follow":"follow","max-snippet":"max-snippet:-1","max-image-preview":"max-image-preview:large","max-video-preview":"max-video-preview:-1"},"canonical":"https:\/\/thomasvino.ch\/?p=12063","og_locale":"fr_FR","og_type":"article","og_title":"Le \u00abstorytelling\u00bb du vin \u00e0 l\u2019assaut du Valais - thomasvino","og_description":"Raconter des histoires, comme un \u00abconte de faits\u00bb. C\u2019est la d\u00e9finition du \u00abstorytelling\u00bb, qui part \u00e0 l\u2019assaut du Valais ces temps-ci. Comme si \u00abdes histoires\u00bb, il n\u2019y en avait pas assez, dans le monde du vin\u2026 Par Pierre Thomas Ce lundi, les journalistes ont rebondi sur la prose envoy\u00e9e par un aimable \u00abcommunicateur\u00bb\u00a0: \u00abCh\u00e2teau Constellation\u00a0: [&hellip;]","og_url":"https:\/\/thomasvino.ch\/?p=12063","og_site_name":"thomasvino","article_published_time":"2014-06-25T13:08:46+00:00","article_modified_time":"2014-09-13T19:58:14+00:00","og_image":[{"url":"http:\/\/www.thomasvino.ch\/wp-content\/uploads\/2014\/06\/Constellation-300x136.jpg"}],"author":"Pierre Thomas","twitter_misc":{"\u00c9crit par":"Pierre Thomas","Dur\u00e9e de lecture estim\u00e9e":"7 minutes"},"schema":{"@context":"https:\/\/schema.org","@graph":[{"@type":"WebPage","@id":"https:\/\/thomasvino.ch\/?p=12063","url":"https:\/\/thomasvino.ch\/?p=12063","name":"Le \u00abstorytelling\u00bb du vin \u00e0 l\u2019assaut du Valais - thomasvino","isPartOf":{"@id":"https:\/\/thomasvino.ch\/#website"},"datePublished":"2014-06-25T13:08:46+00:00","dateModified":"2014-09-13T19:58:14+00:00","author":{"@id":"https:\/\/thomasvino.ch\/#\/schema\/person\/670bf4486fe81152cf1d68bd585e062e"},"breadcrumb":{"@id":"https:\/\/thomasvino.ch\/?p=12063#breadcrumb"},"inLanguage":"fr-FR","potentialAction":[{"@type":"ReadAction","target":["https:\/\/thomasvino.ch\/?p=12063"]}]},{"@type":"BreadcrumbList","@id":"https:\/\/thomasvino.ch\/?p=12063#breadcrumb","itemListElement":[{"@type":"ListItem","position":1,"name":"Accueil","item":"https:\/\/thomasvino.ch\/"},{"@type":"ListItem","position":2,"name":"Le \u00abstorytelling\u00bb du vin \u00e0 l\u2019assaut du Valais"}]},{"@type":"WebSite","@id":"https:\/\/thomasvino.ch\/#website","url":"https:\/\/thomasvino.ch\/","name":"thomasvino","description":"Vins &amp; Gastronomie","potentialAction":[{"@type":"SearchAction","target":{"@type":"EntryPoint","urlTemplate":"https:\/\/thomasvino.ch\/?s={search_term_string}"},"query-input":"required name=search_term_string"}],"inLanguage":"fr-FR"},{"@type":"Person","@id":"https:\/\/thomasvino.ch\/#\/schema\/person\/670bf4486fe81152cf1d68bd585e062e","name":"Pierre Thomas","image":{"@type":"ImageObject","inLanguage":"fr-FR","@id":"https:\/\/thomasvino.ch\/#\/schema\/person\/image\/","url":"https:\/\/secure.gravatar.com\/avatar\/91fd5a76647f140e53db987a0dead4d7?s=96&d=mm&r=g","contentUrl":"https:\/\/secure.gravatar.com\/avatar\/91fd5a76647f140e53db987a0dead4d7?s=96&d=mm&r=g","caption":"Pierre Thomas"},"url":"https:\/\/thomasvino.ch\/?author=3"}]}},"jetpack_featured_media_url":"","jetpack_sharing_enabled":true,"jetpack_shortlink":"https:\/\/wp.me\/p3m4tZ-38z","jetpack_likes_enabled":false,"jetpack-related-posts":[{"id":11913,"url":"https:\/\/thomasvino.ch\/?p=11913","url_meta":{"origin":12063,"position":0},"title":"D\u00e9crypter le Valais du vin de bas en haut","date":"25 avril 2014","format":false,"excerpt":"L\u2019Interprofession de la vigne et du vin du Valais (IVVs) a donn\u00e9, en mars, mandat au consultant Yvan Aymon de dresser l\u2019\u00e9tat des lieux de la vitiviniculture valaisanne. Il rendra compte des premiers \u00e9l\u00e9ments en novembre \u00e0 l\u2019assembl\u00e9e de l\u2019IVVs, avant un rapport final attendu pour le printemps 2015. Rencontre\u2026","rel":"","context":"Dans &quot;Vins suisses&quot;","img":{"alt_text":"","src":"","width":0,"height":0},"classes":[]},{"id":9005,"url":"https:\/\/thomasvino.ch\/?p=9005","url_meta":{"origin":12063,"position":1},"title":"Ombres et lumi\u00e8res des Concours de vins","date":"8 mars 2010","format":false,"excerpt":"Apr\u00e8s les Vinalies (valaisannes) de Paris Ombres et lumi\u00e8res des concours Par un communiqu\u00e9, VINEA annonce que le comit\u00e9 sierrois, emmen\u00e9 par son duo de choc, Fran\u00e7ois Murisier, nouveau pr\u00e9sident, et sa directrice fra\u00eechement promue, Elisabeth Pasquier, est all\u00e9 r\u00e9galer le jury des Vinalies internationales de Paris, mi-f\u00e9vrier, d\u2019une raclette\u2026","rel":"","context":"Dans &quot;Tendance&quot;","img":{"alt_text":"","src":"","width":0,"height":0},"classes":[]},{"id":10006,"url":"https:\/\/thomasvino.ch\/?p=10006","url_meta":{"origin":12063,"position":2},"title":"Valais \u2014 Une cuv\u00e9e unique pour les 10 ans de la Charte Grain Noble","date":"30 ao\u00fbt 2007","format":false,"excerpt":"Dix ans de Grain NobleUne cuv\u00e9e d\u2019exceptionLa Charte Grain Noble ConfidenCiel f\u00eate ses dix ans avec une cuv\u00e9e unique de vins liquoreux 2005 d\u2019une vingtaine de vignerons valaisans.Pierre ThomasLa Charte Grain Noble, c\u2019est l\u2019engagement des vignerons \u00e0 \u00e9laborer dans des r\u00e8gles strictes de grands vins liquoreux. Ils \u00e9taient cinq au\u2026","rel":"","context":"Dans &quot;Vins suisses&quot;","img":{"alt_text":"","src":"","width":0,"height":0},"classes":[]},{"id":9296,"url":"https:\/\/thomasvino.ch\/?p=9296","url_meta":{"origin":12063,"position":3},"title":"Les enjeux \u00e9conomiques du vin suisse en 2011","date":"15 d\u00e9cembre 2011","format":false,"excerpt":"Prix du raisin r\u00e9ellement pay\u00e9 Provins-Valais calme le jeu En Valais, le prix de base du solde de la vendange 2010 a fait des vagues, apr\u00e8s les vendanges 2011, puisque le cycle de paiement par acomptes court sur une ann\u00e9e. Provins-Valais, qui repr\u00e9sente un quart de la vendange valaisanne, calme\u2026","rel":"","context":"Dans &quot;Tendance&quot;","img":{"alt_text":"","src":"","width":0,"height":0},"classes":[]},{"id":9159,"url":"https:\/\/thomasvino.ch\/?p=9159","url_meta":{"origin":12063,"position":4},"title":"A chacun son flacon!","date":"31 mars 2011","format":false,"excerpt":"Vaud et Valais, multiplication des contenants A chaque (grand) cru sa bouteille\u00a0! En attendant Provins-Valais la semaine prochaine, c\u2019est Clos, Domaines & Ch\u00e2teaux qui lance sa bouteille. R\u00e9serv\u00e9e \u00e0 des chasselas vaudois. Pierre Thomas Propri\u00e9taire du Ch\u00e2teau de Mont (sur Rolle), la famille Naef, a fait b\u00e9n\u00e9ficier l\u2019ensemble des 21\u2026","rel":"","context":"Dans &quot;Tendance&quot;","img":{"alt_text":"bout_cdc.jpg","src":"img\/bout_cdc.jpg","width":350,"height":200},"classes":[]},{"id":10745,"url":"https:\/\/thomasvino.ch\/?p=10745","url_meta":{"origin":12063,"position":5},"title":"Les liquoreux valaisans en force au CMB 2013","date":"16 mai 2013","format":false,"excerpt":"La seule m\u00e9daille \u00abgrand or\u00bb d\u00e9croch\u00e9e par un vin suisse au 20\u00e8me Concours Mondial de Bruxelles, jug\u00e9 \u00e0 Bratislava, va \u00e0 l\u2019Ermitage Tourbillon 2009, vin liquoreux de prestige de Provins-Valais. Sur les 14 autres m\u00e9dailles d\u2019or, 4 reviennent \u00e0 des liquoreux valaisans, 3 \u00e0 des assemblages blancs et 2 \u00e0\u2026","rel":"","context":"Dans &quot;Vins suisses&quot;","img":{"alt_text":"","src":"","width":0,"height":0},"classes":[]}],"_links":{"self":[{"href":"https:\/\/thomasvino.ch\/index.php?rest_route=\/wp\/v2\/posts\/12063"}],"collection":[{"href":"https:\/\/thomasvino.ch\/index.php?rest_route=\/wp\/v2\/posts"}],"about":[{"href":"https:\/\/thomasvino.ch\/index.php?rest_route=\/wp\/v2\/types\/post"}],"author":[{"embeddable":true,"href":"https:\/\/thomasvino.ch\/index.php?rest_route=\/wp\/v2\/users\/3"}],"replies":[{"embeddable":true,"href":"https:\/\/thomasvino.ch\/index.php?rest_route=%2Fwp%2Fv2%2Fcomments&post=12063"}],"version-history":[{"count":0,"href":"https:\/\/thomasvino.ch\/index.php?rest_route=\/wp\/v2\/posts\/12063\/revisions"}],"wp:attachment":[{"href":"https:\/\/thomasvino.ch\/index.php?rest_route=%2Fwp%2Fv2%2Fmedia&parent=12063"}],"wp:term":[{"taxonomy":"category","embeddable":true,"href":"https:\/\/thomasvino.ch\/index.php?rest_route=%2Fwp%2Fv2%2Fcategories&post=12063"},{"taxonomy":"post_tag","embeddable":true,"href":"https:\/\/thomasvino.ch\/index.php?rest_route=%2Fwp%2Fv2%2Ftags&post=12063"}],"curies":[{"name":"wp","href":"https:\/\/api.w.org\/{rel}","templated":true}]}}