{"id":12130,"date":"2014-07-22T09:21:32","date_gmt":"2014-07-22T08:21:32","guid":{"rendered":"http:\/\/www.thomasvino.ch\/?p=12130"},"modified":"2014-07-22T09:21:32","modified_gmt":"2014-07-22T08:21:32","slug":"des-chiffres-tires-de-sites-italiens-paris-sur-le-futur","status":"publish","type":"post","link":"https:\/\/thomasvino.ch\/?p=12130","title":{"rendered":"Des chiffres tir\u00e9s de sites italiens <br\/ > Paris sur le futur"},"content":{"rendered":"<p><strong>Les Italiens sont toujours \u00e0 l\u2019aff\u00fbt des nouvelles du vin\u2026 mondialis\u00e9. Deux classements donc, le premier, sur <a href=\"http:\/\/www.civiltadelbere.com\">www.civiltadelbere.com<\/a>, des 14 c\u00e9pages vedettes de demain et o\u00f9 le futurologue n\u2019est autre que le g\u00e9n\u00e9ticien valaisan Jos\u00e9 Vouillamoz \u2014 le chasselas n\u2019y figure pas. Et les 10 entreprises vitivinicoles les plus grandes du monde \u2014 le groupe Schenk n\u2019y est pas non plus\u2026<\/strong><\/p>\n<p>Quels c\u00e9pages seront les cabernets et les chardonnays du futur\u00a0?<strong> Jos\u00e9 Vouillamoz<\/strong>, co-auteur de l&rsquo;encyclop\u00e9die de r\u00e9f\u00e9rence des c\u00e9pages <em>Wine Grapes<\/em>, s\u2019est risqu\u00e9 au pronostic, en citant en g\u00e9n\u00e9ral une paire de c\u00e9pages par pays. Au Portugal, le rouge Alfrocheiro, d\u00e9j\u00e0 bien connu, dans la r\u00e9gion du Douro, et le blanc Rabingato, bien moins r\u00e9put\u00e9 celui-l\u00e0, dans la vall\u00e9e du Douro. En Espagne, les deux versions du Maturana, blanc et rouge, qui diversifient d\u00e9j\u00e0 l\u2019enc\u00e9pagement de la Rioja. Plus rares, le Sumoll blanc de la r\u00e9gion du P\u00e9n\u00e9d\u00e8s et l\u2019Escursac, localis\u00e9 sur l\u2019\u00eele de Majorque. En France, la Counoise se met \u00e0 rayonner en Californie et \u00e0 Washington et pas seulement \u00e0 Ch\u00e2teauneuf-du-Pape. Un blanc de Savoie, la Verdesse, poss\u00e8derait un bon potentiel aromatique\u2026 En Italie, \u00e0 c\u00f4t\u00e9 du Lagrein, tr\u00e8s en vogue dans le Haut-Adige, c\u2019est un autre rouge, le Nieddera, venu de Sardaigne, qui devrait s\u2019imposer.<\/p>\n<p>En Gr\u00e8ce, qui avait le Portugal, collectionne les c\u00e9pages autochtones en Europe, le blanc Kydonitsa donne de bons r\u00e9sultats dans le P\u00e9loponn\u00e8se, tandis que le rouge Mavrotragano, originaire de Santorin, change de l\u2019Assyritiki blanc, typique de cette \u00eele volcanique et vent\u00e9e\u2026 En Turquie, deux blancs se signalent, le Vasilaki, de l\u2019\u00eele de Bozcaada, et l\u2019Emir, du centre du pays, aux vertus m\u00e9tatphoriques, puisque le pouvoir en place a serr\u00e9 la vis des producteurs et vendeurs de vins, croulant sous les taxes locales, et rench\u00e9rissant du coup des boissons destin\u00e9es d\u2019abord aux touristes, qui sont aussi la principale source de devises de la Turquie\u00a0! Enfin, l\u2019Arm\u00e9nie, parmi les pays proches de la mer noire, comme le pr\u00e9disait l\u2019\u0153nologue volant Michel Rolland, qui y a pris pied, rec\u00e8le des tr\u00e9sors insoup\u00e7onn\u00e9s, comme l\u2019Areni, un rouge de qualit\u00e9 extradordinaire qui pourrait donc bien \u00eatre le successeur du cabernet sauvignon\u2026 Mais c\u2019est aussi l\u2019occasion, pour le site Internet italien, de souligner qu\u2019il faut <em>\u00abd\u00e9fendre la production de vari\u00e9t\u00e9s rares et peu connues, qui repr\u00e9sentent une source in\u00e9puisable de la biodiversit\u00e9\u00bb<\/em>. Un discours tr\u00e8s en vogue en Italie \u2014 mais en Valais aussi, m\u00eame si aucun c\u00e9page suisse (ou vald\u00f4tain) n\u2019est mentionn\u00e9 par le site italien\u2026<\/p>\n<h3>Le palmar\u00e8s du vin mondialis\u00e9<\/h3>\n<p>Pas d\u2019europ\u00e9en, pas d\u2019italien et encore moins de suisse, dans le hit-parade des dix entreprises vitivinicoles les plus importantes du monde, selon la revue anglaise <em>The Drink Business<\/em>, relay\u00e9 par la productrice de Brunello di Montalcino, <strong>Donatella Cinelli Colombini<\/strong>, tr\u00e8s active sur Facebook.<\/p>\n<p>On trouve les Am\u00e9ricains aux avant-postes, la <strong>famille Gallo<\/strong>, 2<sup>\u00e8me <\/sup>du monde, devant <strong>Robert Mondavi<\/strong>, 3<sup>\u00e8me<\/sup>, qui appartient au groupe Constellation Brands (rien \u00e0 voir avec une cave valaisanne \u00e9mergente, donc\u2026), puis une autre entit\u00e9 de <strong>Gallo, Barefoot<\/strong>, 5<sup>\u00e8me<\/sup>, <strong>Sutter Home<\/strong>, 7<sup>\u00e8me<\/sup>, (du nom du fameux g\u00e9n\u00e9ral suisse de la ru\u00e9e vers l\u2019or, immortalis\u00e9e par <strong>Blaise Cendrars<\/strong>), <strong>Beringer<\/strong>, 8<sup>\u00e8me<\/sup>, (que Nestl\u00e9 a revenu, apr\u00e8s en avoir \u00e9t\u00e9 propri\u00e9taire des ann\u00e9es 1970 au milieu des ann\u00e9es 1990).<\/p>\n<p>Entre-deux, des entreprises australiennes, <strong>Hardy\u2019s<\/strong>, Accolade Wines, 4<sup>\u00e8me<\/sup>, <strong>Yellowtrail<\/strong>, Casella, 6<sup>\u00e8me<\/sup>, <strong>Jacob\u2019s Creek<\/strong>, 9<sup>\u00e8me<\/sup>, du groupe Pernod-Ricard, et <strong>Lindeman\u2019s<\/strong>, 10<sup>\u00e8me<\/sup>. Pas le fran\u00e7ais <strong>LVMH<\/strong>, par exemple, ni de groupes chinois (<strong>Changyu<\/strong>) \u2026 sans doute parce que l\u2019exportation \u00e9tait un des crit\u00e8res choisis.<\/p>\n<p>Et il manque un rang\u00a0: le premier, occup\u00e9 par <strong>Concha y Toro<\/strong>, le groupe chilien, qui exploite 10&rsquo;389 hectares de vigne (deux tiers du vignoble suisse, un comme si de Gen\u00e8ve \u00e0 Visperterminen, une seule entreprise cultivait et vinifiait !), troisi\u00e8me plus grande surface cultiv\u00e9e par une seule entreprise au monde et deuxi\u00e8me volume produit derrri\u00e8re <strong>Gallo<\/strong>, avec presque un milllion de bouteilles par jour (356).<\/p>\n<p><em>\u00a9thomasvino.ch<\/em><\/p>\n","protected":false},"excerpt":{"rendered":"<p>Les Italiens sont toujours \u00e0 l\u2019aff\u00fbt des nouvelles du vin\u2026 mondialis\u00e9. Deux classements donc, le premier, sur www.civiltadelbere.com, des 14 c\u00e9pages vedettes de demain et o\u00f9 le futurologue n\u2019est autre que le g\u00e9n\u00e9ticien valaisan Jos\u00e9 Vouillamoz \u2014 le chasselas n\u2019y figure pas. Et les 10 entreprises vitivinicoles les plus grandes du monde \u2014 le groupe [&hellip;]<\/p>\n","protected":false},"author":3,"featured_media":0,"comment_status":"closed","ping_status":"open","sticky":false,"template":"","format":"standard","meta":{"_monsterinsights_skip_tracking":false,"_monsterinsights_sitenote_active":false,"_monsterinsights_sitenote_note":"","_monsterinsights_sitenote_category":0,"jetpack_post_was_ever_published":false,"jetpack_publicize_message":"","jetpack_is_tweetstorm":false,"jetpack_publicize_feature_enabled":true,"jetpack_social_post_already_shared":true,"jetpack_social_options":{"image_generator_settings":{"template":"highway","enabled":false}}},"categories":[33],"tags":[665,663,666,664,283],"jetpack_publicize_connections":[],"yoast_head":"<!-- This site is optimized with the Yoast SEO plugin v20.6 - https:\/\/yoast.com\/wordpress\/plugins\/seo\/ -->\n<title>Des chiffres tir\u00e9s de sites italiens  Paris sur le futur - thomasvino<\/title>\n<meta name=\"robots\" content=\"index, follow, max-snippet:-1, max-image-preview:large, max-video-preview:-1\" \/>\n<link rel=\"canonical\" href=\"https:\/\/thomasvino.ch\/?p=12130\" \/>\n<meta property=\"og:locale\" content=\"fr_FR\" \/>\n<meta property=\"og:type\" content=\"article\" \/>\n<meta property=\"og:title\" content=\"Des chiffres tir\u00e9s de sites italiens  Paris sur le futur - thomasvino\" \/>\n<meta property=\"og:description\" content=\"Les Italiens sont toujours \u00e0 l\u2019aff\u00fbt des nouvelles du vin\u2026 mondialis\u00e9. Deux classements donc, le premier, sur www.civiltadelbere.com, des 14 c\u00e9pages vedettes de demain et o\u00f9 le futurologue n\u2019est autre que le g\u00e9n\u00e9ticien valaisan Jos\u00e9 Vouillamoz \u2014 le chasselas n\u2019y figure pas. Et les 10 entreprises vitivinicoles les plus grandes du monde \u2014 le groupe [&hellip;]\" \/>\n<meta property=\"og:url\" content=\"https:\/\/thomasvino.ch\/?p=12130\" \/>\n<meta property=\"og:site_name\" content=\"thomasvino\" \/>\n<meta property=\"article:published_time\" content=\"2014-07-22T08:21:32+00:00\" \/>\n<meta name=\"author\" content=\"Pierre Thomas\" \/>\n<meta name=\"twitter:label1\" content=\"\u00c9crit par\" \/>\n\t<meta name=\"twitter:data1\" content=\"Pierre Thomas\" \/>\n\t<meta name=\"twitter:label2\" content=\"Dur\u00e9e de lecture estim\u00e9e\" \/>\n\t<meta name=\"twitter:data2\" content=\"4 minutes\" \/>\n<script type=\"application\/ld+json\" class=\"yoast-schema-graph\">{\"@context\":\"https:\/\/schema.org\",\"@graph\":[{\"@type\":\"WebPage\",\"@id\":\"https:\/\/thomasvino.ch\/?p=12130\",\"url\":\"https:\/\/thomasvino.ch\/?p=12130\",\"name\":\"Des chiffres tir\u00e9s de sites italiens Paris sur le futur - thomasvino\",\"isPartOf\":{\"@id\":\"https:\/\/thomasvino.ch\/#website\"},\"datePublished\":\"2014-07-22T08:21:32+00:00\",\"dateModified\":\"2014-07-22T08:21:32+00:00\",\"author\":{\"@id\":\"https:\/\/thomasvino.ch\/#\/schema\/person\/670bf4486fe81152cf1d68bd585e062e\"},\"breadcrumb\":{\"@id\":\"https:\/\/thomasvino.ch\/?p=12130#breadcrumb\"},\"inLanguage\":\"fr-FR\",\"potentialAction\":[{\"@type\":\"ReadAction\",\"target\":[\"https:\/\/thomasvino.ch\/?p=12130\"]}]},{\"@type\":\"BreadcrumbList\",\"@id\":\"https:\/\/thomasvino.ch\/?p=12130#breadcrumb\",\"itemListElement\":[{\"@type\":\"ListItem\",\"position\":1,\"name\":\"Accueil\",\"item\":\"https:\/\/thomasvino.ch\/\"},{\"@type\":\"ListItem\",\"position\":2,\"name\":\"Des chiffres tir\u00e9s de sites italiens Paris sur le futur\"}]},{\"@type\":\"WebSite\",\"@id\":\"https:\/\/thomasvino.ch\/#website\",\"url\":\"https:\/\/thomasvino.ch\/\",\"name\":\"thomasvino\",\"description\":\"Vins &amp; Gastronomie\",\"potentialAction\":[{\"@type\":\"SearchAction\",\"target\":{\"@type\":\"EntryPoint\",\"urlTemplate\":\"https:\/\/thomasvino.ch\/?s={search_term_string}\"},\"query-input\":\"required name=search_term_string\"}],\"inLanguage\":\"fr-FR\"},{\"@type\":\"Person\",\"@id\":\"https:\/\/thomasvino.ch\/#\/schema\/person\/670bf4486fe81152cf1d68bd585e062e\",\"name\":\"Pierre Thomas\",\"image\":{\"@type\":\"ImageObject\",\"inLanguage\":\"fr-FR\",\"@id\":\"https:\/\/thomasvino.ch\/#\/schema\/person\/image\/\",\"url\":\"https:\/\/secure.gravatar.com\/avatar\/91fd5a76647f140e53db987a0dead4d7?s=96&d=mm&r=g\",\"contentUrl\":\"https:\/\/secure.gravatar.com\/avatar\/91fd5a76647f140e53db987a0dead4d7?s=96&d=mm&r=g\",\"caption\":\"Pierre Thomas\"},\"url\":\"https:\/\/thomasvino.ch\/?author=3\"}]}<\/script>\n<!-- \/ Yoast SEO plugin. -->","yoast_head_json":{"title":"Des chiffres tir\u00e9s de sites italiens  Paris sur le futur - thomasvino","robots":{"index":"index","follow":"follow","max-snippet":"max-snippet:-1","max-image-preview":"max-image-preview:large","max-video-preview":"max-video-preview:-1"},"canonical":"https:\/\/thomasvino.ch\/?p=12130","og_locale":"fr_FR","og_type":"article","og_title":"Des chiffres tir\u00e9s de sites italiens  Paris sur le futur - thomasvino","og_description":"Les Italiens sont toujours \u00e0 l\u2019aff\u00fbt des nouvelles du vin\u2026 mondialis\u00e9. Deux classements donc, le premier, sur www.civiltadelbere.com, des 14 c\u00e9pages vedettes de demain et o\u00f9 le futurologue n\u2019est autre que le g\u00e9n\u00e9ticien valaisan Jos\u00e9 Vouillamoz \u2014 le chasselas n\u2019y figure pas. Et les 10 entreprises vitivinicoles les plus grandes du monde \u2014 le groupe [&hellip;]","og_url":"https:\/\/thomasvino.ch\/?p=12130","og_site_name":"thomasvino","article_published_time":"2014-07-22T08:21:32+00:00","author":"Pierre Thomas","twitter_misc":{"\u00c9crit par":"Pierre Thomas","Dur\u00e9e de lecture estim\u00e9e":"4 minutes"},"schema":{"@context":"https:\/\/schema.org","@graph":[{"@type":"WebPage","@id":"https:\/\/thomasvino.ch\/?p=12130","url":"https:\/\/thomasvino.ch\/?p=12130","name":"Des chiffres tir\u00e9s de sites italiens Paris sur le futur - thomasvino","isPartOf":{"@id":"https:\/\/thomasvino.ch\/#website"},"datePublished":"2014-07-22T08:21:32+00:00","dateModified":"2014-07-22T08:21:32+00:00","author":{"@id":"https:\/\/thomasvino.ch\/#\/schema\/person\/670bf4486fe81152cf1d68bd585e062e"},"breadcrumb":{"@id":"https:\/\/thomasvino.ch\/?p=12130#breadcrumb"},"inLanguage":"fr-FR","potentialAction":[{"@type":"ReadAction","target":["https:\/\/thomasvino.ch\/?p=12130"]}]},{"@type":"BreadcrumbList","@id":"https:\/\/thomasvino.ch\/?p=12130#breadcrumb","itemListElement":[{"@type":"ListItem","position":1,"name":"Accueil","item":"https:\/\/thomasvino.ch\/"},{"@type":"ListItem","position":2,"name":"Des chiffres tir\u00e9s de sites italiens Paris sur le futur"}]},{"@type":"WebSite","@id":"https:\/\/thomasvino.ch\/#website","url":"https:\/\/thomasvino.ch\/","name":"thomasvino","description":"Vins &amp; Gastronomie","potentialAction":[{"@type":"SearchAction","target":{"@type":"EntryPoint","urlTemplate":"https:\/\/thomasvino.ch\/?s={search_term_string}"},"query-input":"required name=search_term_string"}],"inLanguage":"fr-FR"},{"@type":"Person","@id":"https:\/\/thomasvino.ch\/#\/schema\/person\/670bf4486fe81152cf1d68bd585e062e","name":"Pierre Thomas","image":{"@type":"ImageObject","inLanguage":"fr-FR","@id":"https:\/\/thomasvino.ch\/#\/schema\/person\/image\/","url":"https:\/\/secure.gravatar.com\/avatar\/91fd5a76647f140e53db987a0dead4d7?s=96&d=mm&r=g","contentUrl":"https:\/\/secure.gravatar.com\/avatar\/91fd5a76647f140e53db987a0dead4d7?s=96&d=mm&r=g","caption":"Pierre Thomas"},"url":"https:\/\/thomasvino.ch\/?author=3"}]}},"jetpack_featured_media_url":"","jetpack_sharing_enabled":true,"jetpack_shortlink":"https:\/\/wp.me\/p3m4tZ-39E","jetpack_likes_enabled":false,"jetpack-related-posts":[{"id":14723,"url":"https:\/\/thomasvino.ch\/?p=14723","url_meta":{"origin":12130,"position":0},"title":"\u00abC\u00e9pages suisses\u00bb de Jos\u00e9 Vouillamoz \u2014 Apr\u00e8s la \u00abbible\u00bb, le br\u00e9viaire helv\u00e9tique","date":"6 d\u00e9cembre 2017","format":false,"excerpt":"En 2012 paraissait, en anglais, Wine Grapes, cosign\u00e9 par Jancis Robinson et Julia Harding, toutes deux \u00abmaster of wine\u00bb, et par Jos\u00e9 Vouillamoz. Un ouvrage de r\u00e9f\u00e9rence, bas\u00e9 sur l\u2019ADN et son usage pour l\u2019identification des vari\u00e9t\u00e9s de raisin et leur paternit\u00e9. Aujourd\u2019hui, le g\u00e9n\u00e9ticien de la vigne valaisan publie\u2026","rel":"","context":"Dans &quot;Vins suisses&quot;","img":{"alt_text":"","src":"","width":0,"height":0},"classes":[]},{"id":9298,"url":"https:\/\/thomasvino.ch\/?p=9298","url_meta":{"origin":12130,"position":1},"title":"Un pav\u00e9 dans la mare des c\u00e9pages valaisans","date":"15 d\u00e9cembre 2011","format":false,"excerpt":"\u00abLe\u00bb livre paru en 2011 Un pav\u00e9 dans la mare des c\u00e9pages La voil\u00e0 \u2014 enfin \u2014 la \u00abbible\u00bb des c\u00e9pages valaisans et vald\u00f4tains, souvent parents. Les deux biologistes Jos\u00e9 Vouillamoz et Giulio Moriondo ont pr\u00e9sent\u00e9 l\u2019ouvrage d\u00e9but d\u00e9cembre au Sensorama du Ch\u00e2teau de Villa, \u00e0 Sierre. Le Vald\u00f4tain Giulio\u2026","rel":"","context":"Dans &quot;Tendance&quot;","img":{"alt_text":"site_vouilmorion.jpg","src":"img\/site_vouilmorion.jpg","width":350,"height":200},"classes":[]},{"id":18620,"url":"https:\/\/thomasvino.ch\/?p=18620","url_meta":{"origin":12130,"position":2},"title":"France et Suisse : c\u00e9pages \u00e0 la page","date":"23 ao\u00fbt 2025","format":false,"excerpt":"Le Dr Jos\u00e9 Vouillamoz, docteur en sciences de l\u2019Universit\u00e9 de Lausanne et non en m\u00e9decine, est une personnalit\u00e9 reconnue dans le paysage viticole mondial. Son passage \u00e0 l\u2019Universit\u00e9 de Davis, en Californie, aupr\u00e8s de Caroline Meredith, surnomm\u00e9e \u00abDr DNA\u00bb a \u00e9t\u00e9 un coup de ma\u00eetre. Car il y a un\u2026","rel":"","context":"Dans &quot;Tendance&quot;","img":{"alt_text":"","src":"https:\/\/i0.wp.com\/thomasvino.ch\/wp-content\/uploads\/2025\/08\/IMG_6735-273x300.jpeg?resize=350%2C200&ssl=1","width":350,"height":200},"classes":[]},{"id":8718,"url":"https:\/\/thomasvino.ch\/?p=8718","url_meta":{"origin":12130,"position":3},"title":"Mais d&rsquo;o\u00f9 vient le chasselas?","date":"1 mars 2008","format":false,"excerpt":"C\u00e9pages suisses \u00abred\u00e9couverts\u00bbUne \u00e9tude en fin de parcoursLe biologiste Jos\u00e9 Vouillamoz a rejoint, au d\u00e9but de l\u2019ann\u00e9e, le Centre des Foug\u00e8res (Valais), o\u00f9 il est responsable des recherches sur les plantes aromatiques et m\u00e9dicinales. A temps partiel, il termine son \u00e9tude des c\u00e9pages suisses, \u00e0 l\u2019Universit\u00e9 de Neuch\u00e2tel. Le chercheur\u2026","rel":"","context":"Dans &quot;Actus - News&quot;","img":{"alt_text":"","src":"","width":0,"height":0},"classes":[]},{"id":9324,"url":"https:\/\/thomasvino.ch\/?p=9324","url_meta":{"origin":12130,"position":4},"title":"Quand l&rsquo;ADN des c\u00e9pages bouscule l&rsquo;Histoire","date":"11 f\u00e9vrier 2012","format":false,"excerpt":"Quand l\u2019ADN des c\u00e9pages bouscule l\u2019Histoire Deux biologistes, le Valaisan Jos\u00e9 Vouillamoz (\u00e0 dr., sur la photo PTs) et le Vald\u00f4tain Giulio Moriondo, publient le r\u00e9sultat de leurs recherches sur l\u2019origine des c\u00e9pages de leurs deux r\u00e9gions viticoles respectives. Un travail exemplaire. Depuis dix ans, Jos\u00e9 Vouillamoz bouscule les id\u00e9es\u2026","rel":"","context":"Dans &quot;Vins suisses&quot;","img":{"alt_text":"vouillamozmorion.jpg","src":"img\/vouillamozmorion.jpg","width":350,"height":200},"classes":[]},{"id":9525,"url":"https:\/\/thomasvino.ch\/?p=9525","url_meta":{"origin":12130,"position":5},"title":"Les 700 ans de 3 c\u00e9pages survivants","date":"2 f\u00e9vrier 2013","format":false,"excerpt":"Dimanche 20 janvier 2013, au Mus\u00e9e de la vigne et du vin et au Ch\u00e2teau de Sierre, on a c\u00e9l\u00e9br\u00e9 les 700 ans, jour pour jour, d\u2019un document fondamental. Pour la premi\u00e8re fois, il certifie l\u2019existence de trois c\u00e9pages valaisans. Par Pierre Thomas L\u2019\u00e9v\u00e9nement se voulait \u00e0 la fois historique\u2026","rel":"","context":"Dans &quot;Vins suisses&quot;","img":{"alt_text":"manus_1313.jpg","src":"img\/manus_1313.jpg","width":350,"height":200},"classes":[]}],"_links":{"self":[{"href":"https:\/\/thomasvino.ch\/index.php?rest_route=\/wp\/v2\/posts\/12130"}],"collection":[{"href":"https:\/\/thomasvino.ch\/index.php?rest_route=\/wp\/v2\/posts"}],"about":[{"href":"https:\/\/thomasvino.ch\/index.php?rest_route=\/wp\/v2\/types\/post"}],"author":[{"embeddable":true,"href":"https:\/\/thomasvino.ch\/index.php?rest_route=\/wp\/v2\/users\/3"}],"replies":[{"embeddable":true,"href":"https:\/\/thomasvino.ch\/index.php?rest_route=%2Fwp%2Fv2%2Fcomments&post=12130"}],"version-history":[{"count":0,"href":"https:\/\/thomasvino.ch\/index.php?rest_route=\/wp\/v2\/posts\/12130\/revisions"}],"wp:attachment":[{"href":"https:\/\/thomasvino.ch\/index.php?rest_route=%2Fwp%2Fv2%2Fmedia&parent=12130"}],"wp:term":[{"taxonomy":"category","embeddable":true,"href":"https:\/\/thomasvino.ch\/index.php?rest_route=%2Fwp%2Fv2%2Fcategories&post=12130"},{"taxonomy":"post_tag","embeddable":true,"href":"https:\/\/thomasvino.ch\/index.php?rest_route=%2Fwp%2Fv2%2Ftags&post=12130"}],"curies":[{"name":"wp","href":"https:\/\/api.w.org\/{rel}","templated":true}]}}