{"id":12137,"date":"2014-08-04T10:53:38","date_gmt":"2014-08-04T09:53:38","guid":{"rendered":"http:\/\/www.thomasvino.ch\/?p=12137"},"modified":"2014-08-04T10:56:38","modified_gmt":"2014-08-04T09:56:38","slug":"fabrique-des-le-22-aout-2014-le-retour-du-mont-dor","status":"publish","type":"post","link":"https:\/\/thomasvino.ch\/?p=12137","title":{"rendered":"Fabriqu\u00e9 d\u00e8s le 22 ao\u00fbt 2014 <br\/ > Le retour du Mont-d\u2019Or"},"content":{"rendered":"<p><strong>Une des caract\u00e9ristiques du vacherin Mont-d\u2019or suisse, c\u2019est qu\u2019il est fabriqu\u00e9 en saison, uniquement d\u00e8s la fin de l\u2019\u00e9t\u00e9.<\/strong> Cette ann\u00e9e, d\u00e8s le vendredi 22 ao\u00fbt 2014, avec une mise en march\u00e9 un mois plus tard, d\u00e8s le 19 septembre. Aux Charbonni\u00e8res, le 27 septembre, se d\u00e9roulera la F\u00eate du Vacherin Mont-d\u2019or. Durant la derni\u00e8re campagne, les ventes ont fris\u00e9 les 600 tonnes. Cette ann\u00e9e, ce fromage typique de saison sera revaloris\u00e9 \u00e0 hauteur de 55 centimes de plus par kilo \u00e0 la sortie des caves d\u2019affinage. <strong><a href=\"http:\/\/www.thomasvino.ch\/?p=11050\">Retour ici sur un fromage franco-suisse <\/a><\/strong>qui se fabrique dans des conditions diff\u00e9rentes des deux c\u00f4t\u00e9s du sommet que se partagent France et Suisse, le Mont-d\u2019Or.<\/p>\n<p><em>\u00a9thomasvino.ch<\/em><\/p>\n","protected":false},"excerpt":{"rendered":"<p>Une des caract\u00e9ristiques du vacherin Mont-d\u2019or suisse, c\u2019est qu\u2019il est fabriqu\u00e9 en saison, uniquement d\u00e8s la fin de l\u2019\u00e9t\u00e9. Cette ann\u00e9e, d\u00e8s le vendredi 22 ao\u00fbt 2014, avec une mise en march\u00e9 un mois plus tard, d\u00e8s le 19 septembre. Aux Charbonni\u00e8res, le 27 septembre, se d\u00e9roulera la F\u00eate du Vacherin Mont-d\u2019or. Durant la derni\u00e8re [&hellip;]<\/p>\n","protected":false},"author":3,"featured_media":0,"comment_status":"closed","ping_status":"open","sticky":false,"template":"","format":"standard","meta":{"_monsterinsights_skip_tracking":false,"_monsterinsights_sitenote_active":false,"_monsterinsights_sitenote_note":"","_monsterinsights_sitenote_category":0,"jetpack_post_was_ever_published":false,"jetpack_publicize_message":"","jetpack_is_tweetstorm":false,"jetpack_publicize_feature_enabled":true,"jetpack_social_post_already_shared":true,"jetpack_social_options":{"image_generator_settings":{"template":"highway","enabled":false}}},"categories":[15],"tags":[],"jetpack_publicize_connections":[],"yoast_head":"<!-- This site is optimized with the Yoast SEO plugin v20.6 - https:\/\/yoast.com\/wordpress\/plugins\/seo\/ -->\n<title>Fabriqu\u00e9 d\u00e8s le 22 ao\u00fbt 2014  Le retour du Mont-d\u2019Or - thomasvino<\/title>\n<meta name=\"robots\" content=\"index, follow, max-snippet:-1, max-image-preview:large, max-video-preview:-1\" \/>\n<link rel=\"canonical\" href=\"https:\/\/thomasvino.ch\/?p=12137\" \/>\n<meta property=\"og:locale\" content=\"fr_FR\" \/>\n<meta property=\"og:type\" content=\"article\" \/>\n<meta property=\"og:title\" content=\"Fabriqu\u00e9 d\u00e8s le 22 ao\u00fbt 2014  Le retour du Mont-d\u2019Or - thomasvino\" \/>\n<meta property=\"og:description\" content=\"Une des caract\u00e9ristiques du vacherin Mont-d\u2019or suisse, c\u2019est qu\u2019il est fabriqu\u00e9 en saison, uniquement d\u00e8s la fin de l\u2019\u00e9t\u00e9. Cette ann\u00e9e, d\u00e8s le vendredi 22 ao\u00fbt 2014, avec une mise en march\u00e9 un mois plus tard, d\u00e8s le 19 septembre. Aux Charbonni\u00e8res, le 27 septembre, se d\u00e9roulera la F\u00eate du Vacherin Mont-d\u2019or. Durant la derni\u00e8re [&hellip;]\" \/>\n<meta property=\"og:url\" content=\"https:\/\/thomasvino.ch\/?p=12137\" \/>\n<meta property=\"og:site_name\" content=\"thomasvino\" \/>\n<meta property=\"article:published_time\" content=\"2014-08-04T09:53:38+00:00\" \/>\n<meta property=\"article:modified_time\" content=\"2014-08-04T09:56:38+00:00\" \/>\n<meta name=\"author\" content=\"Pierre Thomas\" \/>\n<meta name=\"twitter:label1\" content=\"\u00c9crit par\" \/>\n\t<meta name=\"twitter:data1\" content=\"Pierre Thomas\" \/>\n\t<meta name=\"twitter:label2\" content=\"Dur\u00e9e de lecture estim\u00e9e\" \/>\n\t<meta name=\"twitter:data2\" content=\"1 minute\" \/>\n<script type=\"application\/ld+json\" class=\"yoast-schema-graph\">{\"@context\":\"https:\/\/schema.org\",\"@graph\":[{\"@type\":\"WebPage\",\"@id\":\"https:\/\/thomasvino.ch\/?p=12137\",\"url\":\"https:\/\/thomasvino.ch\/?p=12137\",\"name\":\"Fabriqu\u00e9 d\u00e8s le 22 ao\u00fbt 2014 Le retour du Mont-d\u2019Or - thomasvino\",\"isPartOf\":{\"@id\":\"https:\/\/thomasvino.ch\/#website\"},\"datePublished\":\"2014-08-04T09:53:38+00:00\",\"dateModified\":\"2014-08-04T09:56:38+00:00\",\"author\":{\"@id\":\"https:\/\/thomasvino.ch\/#\/schema\/person\/670bf4486fe81152cf1d68bd585e062e\"},\"breadcrumb\":{\"@id\":\"https:\/\/thomasvino.ch\/?p=12137#breadcrumb\"},\"inLanguage\":\"fr-FR\",\"potentialAction\":[{\"@type\":\"ReadAction\",\"target\":[\"https:\/\/thomasvino.ch\/?p=12137\"]}]},{\"@type\":\"BreadcrumbList\",\"@id\":\"https:\/\/thomasvino.ch\/?p=12137#breadcrumb\",\"itemListElement\":[{\"@type\":\"ListItem\",\"position\":1,\"name\":\"Accueil\",\"item\":\"https:\/\/thomasvino.ch\/\"},{\"@type\":\"ListItem\",\"position\":2,\"name\":\"Fabriqu\u00e9 d\u00e8s le 22 ao\u00fbt 2014 Le retour du Mont-d\u2019Or\"}]},{\"@type\":\"WebSite\",\"@id\":\"https:\/\/thomasvino.ch\/#website\",\"url\":\"https:\/\/thomasvino.ch\/\",\"name\":\"thomasvino\",\"description\":\"Vins &amp; Gastronomie\",\"potentialAction\":[{\"@type\":\"SearchAction\",\"target\":{\"@type\":\"EntryPoint\",\"urlTemplate\":\"https:\/\/thomasvino.ch\/?s={search_term_string}\"},\"query-input\":\"required name=search_term_string\"}],\"inLanguage\":\"fr-FR\"},{\"@type\":\"Person\",\"@id\":\"https:\/\/thomasvino.ch\/#\/schema\/person\/670bf4486fe81152cf1d68bd585e062e\",\"name\":\"Pierre Thomas\",\"image\":{\"@type\":\"ImageObject\",\"inLanguage\":\"fr-FR\",\"@id\":\"https:\/\/thomasvino.ch\/#\/schema\/person\/image\/\",\"url\":\"https:\/\/secure.gravatar.com\/avatar\/91fd5a76647f140e53db987a0dead4d7?s=96&d=mm&r=g\",\"contentUrl\":\"https:\/\/secure.gravatar.com\/avatar\/91fd5a76647f140e53db987a0dead4d7?s=96&d=mm&r=g\",\"caption\":\"Pierre Thomas\"},\"url\":\"https:\/\/thomasvino.ch\/?author=3\"}]}<\/script>\n<!-- \/ Yoast SEO plugin. -->","yoast_head_json":{"title":"Fabriqu\u00e9 d\u00e8s le 22 ao\u00fbt 2014  Le retour du Mont-d\u2019Or - thomasvino","robots":{"index":"index","follow":"follow","max-snippet":"max-snippet:-1","max-image-preview":"max-image-preview:large","max-video-preview":"max-video-preview:-1"},"canonical":"https:\/\/thomasvino.ch\/?p=12137","og_locale":"fr_FR","og_type":"article","og_title":"Fabriqu\u00e9 d\u00e8s le 22 ao\u00fbt 2014  Le retour du Mont-d\u2019Or - thomasvino","og_description":"Une des caract\u00e9ristiques du vacherin Mont-d\u2019or suisse, c\u2019est qu\u2019il est fabriqu\u00e9 en saison, uniquement d\u00e8s la fin de l\u2019\u00e9t\u00e9. Cette ann\u00e9e, d\u00e8s le vendredi 22 ao\u00fbt 2014, avec une mise en march\u00e9 un mois plus tard, d\u00e8s le 19 septembre. Aux Charbonni\u00e8res, le 27 septembre, se d\u00e9roulera la F\u00eate du Vacherin Mont-d\u2019or. Durant la derni\u00e8re [&hellip;]","og_url":"https:\/\/thomasvino.ch\/?p=12137","og_site_name":"thomasvino","article_published_time":"2014-08-04T09:53:38+00:00","article_modified_time":"2014-08-04T09:56:38+00:00","author":"Pierre Thomas","twitter_misc":{"\u00c9crit par":"Pierre Thomas","Dur\u00e9e de lecture estim\u00e9e":"1 minute"},"schema":{"@context":"https:\/\/schema.org","@graph":[{"@type":"WebPage","@id":"https:\/\/thomasvino.ch\/?p=12137","url":"https:\/\/thomasvino.ch\/?p=12137","name":"Fabriqu\u00e9 d\u00e8s le 22 ao\u00fbt 2014 Le retour du Mont-d\u2019Or - thomasvino","isPartOf":{"@id":"https:\/\/thomasvino.ch\/#website"},"datePublished":"2014-08-04T09:53:38+00:00","dateModified":"2014-08-04T09:56:38+00:00","author":{"@id":"https:\/\/thomasvino.ch\/#\/schema\/person\/670bf4486fe81152cf1d68bd585e062e"},"breadcrumb":{"@id":"https:\/\/thomasvino.ch\/?p=12137#breadcrumb"},"inLanguage":"fr-FR","potentialAction":[{"@type":"ReadAction","target":["https:\/\/thomasvino.ch\/?p=12137"]}]},{"@type":"BreadcrumbList","@id":"https:\/\/thomasvino.ch\/?p=12137#breadcrumb","itemListElement":[{"@type":"ListItem","position":1,"name":"Accueil","item":"https:\/\/thomasvino.ch\/"},{"@type":"ListItem","position":2,"name":"Fabriqu\u00e9 d\u00e8s le 22 ao\u00fbt 2014 Le retour du Mont-d\u2019Or"}]},{"@type":"WebSite","@id":"https:\/\/thomasvino.ch\/#website","url":"https:\/\/thomasvino.ch\/","name":"thomasvino","description":"Vins &amp; Gastronomie","potentialAction":[{"@type":"SearchAction","target":{"@type":"EntryPoint","urlTemplate":"https:\/\/thomasvino.ch\/?s={search_term_string}"},"query-input":"required name=search_term_string"}],"inLanguage":"fr-FR"},{"@type":"Person","@id":"https:\/\/thomasvino.ch\/#\/schema\/person\/670bf4486fe81152cf1d68bd585e062e","name":"Pierre Thomas","image":{"@type":"ImageObject","inLanguage":"fr-FR","@id":"https:\/\/thomasvino.ch\/#\/schema\/person\/image\/","url":"https:\/\/secure.gravatar.com\/avatar\/91fd5a76647f140e53db987a0dead4d7?s=96&d=mm&r=g","contentUrl":"https:\/\/secure.gravatar.com\/avatar\/91fd5a76647f140e53db987a0dead4d7?s=96&d=mm&r=g","caption":"Pierre Thomas"},"url":"https:\/\/thomasvino.ch\/?author=3"}]}},"jetpack_featured_media_url":"","jetpack_sharing_enabled":true,"jetpack_shortlink":"https:\/\/wp.me\/p3m4tZ-39L","jetpack_likes_enabled":false,"jetpack-related-posts":[{"id":11050,"url":"https:\/\/thomasvino.ch\/?p=11050","url_meta":{"origin":12137,"position":0},"title":"Le Mont-d\u2019Or toujours aussi franco-suisse?","date":"12 septembre 2013","format":false,"excerpt":"Vendredi 13 septembre 2013, c\u2019est le retour du vacherin Mont-d\u2019Or en direct du Jura vaudois. Sa consommation stagne du c\u00f4t\u00e9 suisse et explose du c\u00f4t\u00e9 fran\u00e7ais. Pourquoi\u00a0? Tentative d\u2019explication. Pierre Thomas Rappelez-vous. C\u2019\u00e9tait il y a 25 ans. Le Grand Conseil vaudois votait un plan de relance du Mont-d\u2019Or. Le\u2026","rel":"","context":"Dans &quot;Conso&quot;","img":{"alt_text":"","src":"https:\/\/i0.wp.com\/www.thomasvino.ch\/wp-content\/uploads\/2013\/08\/VMO_EMBOTAGE_10cm-201x300.jpg?resize=350%2C200","width":350,"height":200},"classes":[]},{"id":9486,"url":"https:\/\/thomasvino.ch\/?p=9486","url_meta":{"origin":12137,"position":1},"title":"Mont-d&rsquo;Or et Lauriers d&rsquo;Or font cause commune","date":"12 novembre 2012","format":false,"excerpt":"Fromages et vins \u00abd\u2019or\u00bb Les fian\u00e7ailles du Mont et des Lauriers Lundi 12 novembre, ils se sont fianc\u00e9s, pour le meilleur, \u00e0 Marcelin-sur-Morges, le Vacherin Mont-d\u2019Or et les Lauriers d\u2019Or Terravin. Soit le rapprochement d\u2019un fleuron du terroir jurassien vaudois et des fines gouttes, blanches ou rouges, du vignoble vaudois.\u2026","rel":"","context":"Dans &quot;Actus - News&quot;","img":{"alt_text":"montdor_terravin.jpg","src":"img\/montdor_terravin.jpg","width":350,"height":200},"classes":[]},{"id":11168,"url":"https:\/\/thomasvino.ch\/?p=11168","url_meta":{"origin":12137,"position":2},"title":"AOC-IGP fran\u00e7aises et suisses:  des dossiers sulfureux","date":"19 septembre 2013","format":false,"excerpt":"Le nouveau groupement de d\u00e9fense des appellations d\u2019origine et des indications g\u00e9ographiques oriGIn France, fond\u00e9 le 17 septembre 2013, a port\u00e9 \u00e0 sa pr\u00e9sidence Claude Vermot Desroches, pr\u00e9sident du Comit\u00e9 interprofessionnel du Gruy\u00e8re de Comt\u00e9. Un dossier d\u2019IGP (Gruy\u00e8re de France IGP) qui reste un peu sur l\u2019estomac des Suisses,\u2026","rel":"","context":"Dans &quot;Tendance&quot;","img":{"alt_text":"","src":"","width":0,"height":0},"classes":[]},{"id":17580,"url":"https:\/\/thomasvino.ch\/?p=17580","url_meta":{"origin":12137,"position":3},"title":"Le  Clos du Ch\u00e2telard 2020, vin 2022 du Conseil d\u2019Etat vaudois","date":"22 novembre 2021","format":false,"excerpt":"C\u2019est le Clos du Ch\u00e2telard 2020, perch\u00e9 au-dessus de Villeneuve, 1er Grand Cru en AOC Chablais, qui a \u00e9t\u00e9 d\u00e9sign\u00e9 par le Conseil d\u2019Etat, d\u00e9but novembre, comme \u00abvin officiel 2022\u00bb de l'Etat de Vaud. Il sera accompagn\u00e9 d\u2019un gruy\u00e8re AOP du Jura vaudois, de Vincent Tyrode, \u00e0 L\u2019Auberson. Les sept\u2026","rel":"","context":"Dans &quot;Actus - News&quot;","img":{"alt_text":"","src":"","width":0,"height":0},"classes":[]},{"id":17356,"url":"https:\/\/thomasvino.ch\/?p=17356","url_meta":{"origin":12137,"position":4},"title":"Concours internationaux 2021:  surprenants r\u00e9sultats suisses!","date":"16 juin 2021","format":false,"excerpt":"Aucune m\u00e9daille d\u2019or suisse \u00e0 Syrah du Monde \u00e0 Tain-l\u2019Hermitage, du jamais vu en 15 \u00e9ditions, et que des vins valaisans m\u00e9daill\u00e9s aux Vinalies internationales de Paris, \u00e0... Reims. Dont 12 m\u00e9dailles d\u2019or uniquement pour des blancs secs ou liquoreux. Curieux palmar\u00e8s, \u00e0 la veille du Concours mondial de Bruxelles,\u2026","rel":"","context":"Dans &quot;Actus - News&quot;","img":{"alt_text":"","src":"","width":0,"height":0},"classes":[]},{"id":9782,"url":"https:\/\/thomasvino.ch\/?p=9782","url_meta":{"origin":12137,"position":5},"title":"A comme AOC (produits suisses&#8230;)","date":"26 juin 2006","format":false,"excerpt":"Retour du march\u00e9 du Matin du samedi 17 septembre 2005 Les AOC mettent le paquet C\u2019est la nouveaut\u00e9 de la cinqui\u00e8me Semaine du Go\u00fbt, qui se d\u00e9roule dans toute la Suisse jusqu\u2019au 25 septembre (2005). Les AOC et IGP proposent un \u00abpanier garni\u00bb, envoy\u00e9 par la poste. D\u2019accord, la Semaine\u2026","rel":"","context":"Dans &quot;Retour du march\u00e9&quot;","img":{"alt_text":"","src":"","width":0,"height":0},"classes":[]}],"_links":{"self":[{"href":"https:\/\/thomasvino.ch\/index.php?rest_route=\/wp\/v2\/posts\/12137"}],"collection":[{"href":"https:\/\/thomasvino.ch\/index.php?rest_route=\/wp\/v2\/posts"}],"about":[{"href":"https:\/\/thomasvino.ch\/index.php?rest_route=\/wp\/v2\/types\/post"}],"author":[{"embeddable":true,"href":"https:\/\/thomasvino.ch\/index.php?rest_route=\/wp\/v2\/users\/3"}],"replies":[{"embeddable":true,"href":"https:\/\/thomasvino.ch\/index.php?rest_route=%2Fwp%2Fv2%2Fcomments&post=12137"}],"version-history":[{"count":0,"href":"https:\/\/thomasvino.ch\/index.php?rest_route=\/wp\/v2\/posts\/12137\/revisions"}],"wp:attachment":[{"href":"https:\/\/thomasvino.ch\/index.php?rest_route=%2Fwp%2Fv2%2Fmedia&parent=12137"}],"wp:term":[{"taxonomy":"category","embeddable":true,"href":"https:\/\/thomasvino.ch\/index.php?rest_route=%2Fwp%2Fv2%2Fcategories&post=12137"},{"taxonomy":"post_tag","embeddable":true,"href":"https:\/\/thomasvino.ch\/index.php?rest_route=%2Fwp%2Fv2%2Ftags&post=12137"}],"curies":[{"name":"wp","href":"https:\/\/api.w.org\/{rel}","templated":true}]}}