{"id":12164,"date":"2014-08-21T14:30:50","date_gmt":"2014-08-21T13:30:50","guid":{"rendered":"http:\/\/www.thomasvino.ch\/?p=12164"},"modified":"2014-08-21T14:30:50","modified_gmt":"2014-08-21T13:30:50","slug":"le-valais-vitivinicole-se-donne-a-voir","status":"publish","type":"post","link":"https:\/\/thomasvino.ch\/?p=12164","title":{"rendered":"Le Valais vitivinicole se donne \u00e0 voir"},"content":{"rendered":"<p><strong>Fin ao\u00fbt, deux expositions s\u2019ouvrent dans les Coteaux de Sierre. L\u2019une le 27 ao\u00fbt, sur le cornalin, au Ch\u00e2teau de Vaas, non loin de Montana-Crans, l\u2019autre le 29 ao\u00fbt, sur \u00abEtre vigneron en Valais\u00bb, au Mus\u00e9e de la vigne et du vin de Sierre, juste \u00e0 c\u00f4t\u00e9 du Ch\u00e2teau de Villa. Les deux m\u00e9ritent l\u2019\u00e9tiquette de projets d\u2019anthropologie vitivinicole. A Vaas, l&rsquo;inauguration de l&rsquo;expostion permanente pr\u00e9c\u00e8de la 9\u00e8me \u00e9dition du Temps du Cornalin, le samedi 20 septembre, autour de l&rsquo;\u00e9glise de Flanthey.<br \/>\n<\/strong><\/p>\n<p><em>Par Pierre Thomas<\/em><\/p>\n<p>L\u2019amp\u00e9lologue \u2014 savant de la vigne \u2014 et g\u00e9n\u00e9ticien \u2014 son titre de doctorat \u2014 <strong>Jos\u00e9 Vouillamoz<\/strong>, d\u00e9fenseur du retour au nom de <em>\u00abrouge du pays\u00bb<\/em>, pour le cornalin, figure parmi les scientifiques qui ont mont\u00e9 une exposition permanente dans la Maison des Cornalins, d\u00e9j\u00e0 ouverte par une \u0153noth\u00e8que et un carnotzet l\u2019an pass\u00e9, avec le g\u00e9ographe et professeur honoraire de l\u2019universit\u00e9 de Gen\u00e8ve <strong>Antoine Bailly<\/strong>, coordinateur, et <strong>Giulio Moriondo<\/strong>, sp\u00e9cialiste des c\u00e9pages rares de la vall\u00e9e d\u2019Aoste, et les vignerons-encaveurs locaux, <strong>Nicolas Bagnoud<\/strong> et <strong>Charly Emery<\/strong>.<\/p>\n<div id=\"attachment_12165\" style=\"width: 310px\" class=\"wp-caption aligncenter\"><a href=\"https:\/\/i0.wp.com\/www.thomasvino.ch\/wp-content\/uploads\/2014\/08\/site_vaas.jpg\"><img aria-describedby=\"caption-attachment-12165\" data-attachment-id=\"12165\" data-permalink=\"https:\/\/thomasvino.ch\/?attachment_id=12165\" data-orig-file=\"https:\/\/i0.wp.com\/thomasvino.ch\/wp-content\/uploads\/2014\/08\/site_vaas.jpg?fit=1200%2C800&amp;ssl=1\" data-orig-size=\"1200,800\" data-comments-opened=\"0\" data-image-meta=\"{&quot;aperture&quot;:&quot;14&quot;,&quot;credit&quot;:&quot;&quot;,&quot;camera&quot;:&quot;Canon EOS 5D Mark II&quot;,&quot;caption&quot;:&quot;&quot;,&quot;created_timestamp&quot;:&quot;1333267236&quot;,&quot;copyright&quot;:&quot;&quot;,&quot;focal_length&quot;:&quot;24&quot;,&quot;iso&quot;:&quot;100&quot;,&quot;shutter_speed&quot;:&quot;0.008&quot;,&quot;title&quot;:&quot;&quot;,&quot;orientation&quot;:&quot;1&quot;}\" data-image-title=\"site_vaas\" data-image-description=\"\" data-image-caption=\"&lt;p&gt;Le Ch\u00e2teau de Vaas, restaur\u00e9 et devenu d\u00e8s 2013, la Maison des Cornalins&lt;\/p&gt;\n\" data-medium-file=\"https:\/\/i0.wp.com\/thomasvino.ch\/wp-content\/uploads\/2014\/08\/site_vaas.jpg?fit=300%2C200&amp;ssl=1\" data-large-file=\"https:\/\/i0.wp.com\/thomasvino.ch\/wp-content\/uploads\/2014\/08\/site_vaas.jpg?fit=1024%2C683&amp;ssl=1\" loading=\"lazy\" class=\"size-medium wp-image-12165\" src=\"https:\/\/i0.wp.com\/www.thomasvino.ch\/wp-content\/uploads\/2014\/08\/site_vaas-300x200.jpg?resize=300%2C200\" alt=\"Le Ch\u00e2teau de Vaas, restaur\u00e9 et devenu d\u00e8s 2013, la Maison des Cornalins \" width=\"300\" height=\"200\" srcset=\"https:\/\/i0.wp.com\/thomasvino.ch\/wp-content\/uploads\/2014\/08\/site_vaas.jpg?resize=300%2C200&amp;ssl=1 300w, https:\/\/i0.wp.com\/thomasvino.ch\/wp-content\/uploads\/2014\/08\/site_vaas.jpg?resize=768%2C512&amp;ssl=1 768w, https:\/\/i0.wp.com\/thomasvino.ch\/wp-content\/uploads\/2014\/08\/site_vaas.jpg?resize=1024%2C683&amp;ssl=1 1024w, https:\/\/i0.wp.com\/thomasvino.ch\/wp-content\/uploads\/2014\/08\/site_vaas.jpg?resize=140%2C94&amp;ssl=1 140w, https:\/\/i0.wp.com\/thomasvino.ch\/wp-content\/uploads\/2014\/08\/site_vaas.jpg?w=1200&amp;ssl=1 1200w\" sizes=\"(max-width: 300px) 100vw, 300px\" data-recalc-dims=\"1\" \/><\/a><p id=\"caption-attachment-12165\" class=\"wp-caption-text\">Le Ch\u00e2teau de Vaas, restaur\u00e9 et devenu d\u00e8s 2013, la Maison des Cornalins.<\/p><\/div>\n<h3>Le neyrum de 1313<\/h3>\n<p>Ce fameux <em>\u00abrouge du pays\u00bb<\/em> n\u2019a pris le nom de cornalin qu\u2019\u00e0 la suite d\u2019un concours, en 1972, en Valais. Le c\u00e9page a d\u00e9j\u00e0 \u00e9t\u00e9 identifi\u00e9 en 1313 dans le fameux <strong><a title=\"Les 700 ans de 3 c\u00e9pages survivants\" href=\"http:\/\/www.thomasvino.ch\/?p=9525\">Registre d\u2019Anniviers<\/a><\/strong> sous le nom de <em>\u00abneyrum\u00bb<\/em>. Mais, des recherches amp\u00e9lographiques selon la technique de l\u2019ADN, ont d\u00e9montr\u00e9 qu\u2019il est indubitablement originaire de la Vall\u00e9e d\u2019Aoste (o\u00f9 le nom local de cornalin d\u00e9signe, lui, l\u2019humagne rouge valaisan). Les initiateurs de ce projet, r\u00e9unis dans l\u2019association Ch\u00e2teau de Vaas, fond\u00e9e en octobre 2008, pr\u00e9cisent qu\u2019\u00abil ne s\u2019agit pas d\u2019un nouveau mus\u00e9e de la vigne et du vin, mais d\u2019une maison vivante, contribuant au tourisme doux, associant d\u00e9gustations de produits locaux et d\u00e9couverte d\u2019un c\u00e9page m\u00e9connu. Tous les \u00e9tages y contribuent\u00bb de mani\u00e8re moderne avec des panneaux, des photos, des moniteurs TV, \u00e0 destination autant de l\u2019amateur \u00e9clair\u00e9 que du n\u00e9ophyte.<\/p>\n<h3><strong>Le vigneron se rebiffe<\/strong><\/h3>\n<p>Un peu plus bas, \u00e0 Sierre, le Mus\u00e9e de la vigne et du vin, dirig\u00e9 par <strong>Anne-Dominique Zufferey<\/strong>, est \u00e0 mille lieues d\u2019une collection fig\u00e9e dans le temps\u2026 Chaque ann\u00e9e, sur le th\u00e8me de sa sp\u00e9cialisation, on y pr\u00e9sente une exposition temporaire, appuy\u00e9e par une publication. Du 30 ao\u00fbt au 30 novembre 2014, on y apprendra <em>\u00abde visu\u00bb<\/em> ce que veut dire <em>\u00ab\u00eatre vigneron en Valais\u00bb<\/em> aujourd\u2019hui. Ce th\u00e8me s\u2019est impos\u00e9 autour de la d\u00e9signation, par le Grand Prix du Vin Suisse, d\u2019un <em>\u00abvigneron de l\u2019ann\u00e9e\u00bb<\/em>. En sept \u00e9ditions sous cette formule, un seul, le Schaffhousois<strong> Stefan Gysel<\/strong>, r\u00e9pondait \u00e0 la d\u00e9finition, les autres, <strong>Diego Mathier Nouveau Salquenen<\/strong> et <strong>Provins-Valais<\/strong>, chacun deux fois, et les Tessinois <strong>Meinrad Perler-Agriloro<\/strong> et <strong>Tamborini<\/strong>, \u00e9tant plus importants, entre coop\u00e9rative et n\u00e9gociants, qu\u2019un vigneron-encaveur. Depuis cette ann\u00e9e, le titre national s\u2019est modifi\u00e9 en <em>\u00abcave de l\u2019ann\u00e9e\u00bb<\/em>, et sera attribu\u00e9 \u00e0 Berne le 21 octobre, lors d\u2019un gala, selon des modalit\u00e9s qui devraient ne pas d\u00e9favoriser un \u00abpetit\u00bb qui n\u2019aligne pas une pl\u00e9\u00efade de vins dans l\u2019espoir de d\u00e9crocher le titre\u2026<\/p>\n<p>Une anthropologue, <strong>M\u00e9lanie Hugon-Duc<\/strong>, collaboratrice \u00e0 temps partiel du Mus\u00e9e valaisan depuis 2011, s\u2019est donc int\u00e9ress\u00e9e de pr\u00e8s \u00e0 ce que les acteurs valaisans eux-m\u00eames entendent par le mot de vigneron. Vingt personnes, de l\u2019ouvrier vigneron, <strong>Haki Kabashi<\/strong> et <strong>Daniel de Matos<\/strong>, au consultant, ex-directeur de Provins, <strong>Jean-Marc Amez-Droz<\/strong>, en passant par le jeune chef de culture de Provins, <strong>Samuel Panchard<\/strong>, et des encaveurs, comme <strong>Olivier Mounir<\/strong>, de Salgesch, ou <strong>Josef-Marie Chanton<\/strong>, de Vi\u00e8ge, et des vignerons, comme <strong>Marc-Henri Cottagnoud<\/strong>, \u00e0 V\u00e9troz, ou encore des vignerons-encaveurs, comme <strong>Marie-Th\u00e9r\u00e8se Chappaz<\/strong> et <strong>Didier Joris<\/strong>, et de jeunes \u0153nologues, telles <strong>Sarah Besse<\/strong> et <strong>Madeleine Mercier<\/strong>.<\/p>\n<p>Une galerie de portraits mise en lumi\u00e8re dans un livre de 128 pages, illustr\u00e9 par les portraits de <strong>Bertrand Rey<\/strong>, un photographe aux images toujours originales, et les paysages viticoles de <strong>Jean Marguelisch<\/strong> (co\u00e9dition du Mus\u00e9e et Infolio).<\/p>\n<h3><strong>Un m\u00e9tier r\u00e9cent qui se professionnalise<\/strong><\/h3>\n<p>Pour le Mus\u00e9e, c\u2019est aussi l\u2019occasion de rappeler quelques chiffres. <strong>En Valais, plus d\u2019une famille sur trois est concern\u00e9e par la viticulture. Quelque 22&rsquo;000 propri\u00e9taires se partagent les 80&rsquo;000 parcelles qui forment le plus grand vignoble de Suisse, avec un peu moins de 5&rsquo;000 hectares.<\/strong> Il y a cinq ans, le rapport sur l\u2019\u00e9tat des lieux et les perspectives de la vitiviniculture valaisanne affirmait que 12&rsquo;500 exploitations comptent moins d\u2019un hectare, pour 800 de plus d\u2019un hectare. N\u00e9anmoins, les 70% du vignoble sont travaill\u00e9s par des professionnels, le \u00abvigneron du samedi\u00bb tendant \u00e0 dispara\u00eetre, parce que la vigne \u00ab\u00e7a e\u00fbt pay\u00e9, mais \u00e7a ne paye plus\u00bb\u2026<\/p>\n<p><strong>Le m\u00e9tier de viticulteur en Valais est r\u00e9cent\u00a0: jusque dans les ann\u00e9es 50, le Valaisan \u00e9tait poly-agriculteur<\/strong>. Selon le rapport de 2009, ils \u00e9taient encore <strong>23% dans ce cas, pour 29% de viticulteurs, donc une l\u00e9g\u00e8re majorit\u00e9 (52%) de livreurs de raisin, pour 16% de n\u00e9gociants et 33% de vignerons-encaveurs<\/strong>. <em>\u00abDe plus en plus exigeant et de moins en moins rentable, le travail de la vigne est d\u00e9laiss\u00e9 par les amateurs. Les vignerons du samedi vieillissent et ne trouvent plus de rel\u00e8ve au sein de leur famille. De nombreux particuliers ne travaillent pas les vignes h\u00e9rit\u00e9es\u00bb<\/em>, constate le travail anthropologique. Et, dit l\u2019ouvrier vigneron v\u00e9trozien <strong>Daniel de Matos<\/strong>\u00a0: <em>\u00abAujourd\u2019hui, dans le monde de la vigne, tout le monde se plaint\u00a0: les caves, nous, tous\u00a0! Quand on nous paie le kilo de raisin moins cher que le d\u00e9ci au bistrot, c\u2019est qu\u2019il y a un probl\u00e8me.\u00bb<\/em> Et le dossier de presse de proph\u00e9tiser\u00a0: \u00abLa revalorisation du vigneron, en tant que premier acteur de la cha\u00eene du vin, semble in\u00e9luctable.\u00bb Plus facile \u00e0 \u00e9crire qu\u2019\u00e0 r\u00e9aliser, quand 70% des vins se vendent, en Suisse en supermarch\u00e9 et que l\u2019acheteur (et non le fournisseur) dicte ses prix.<\/p>\n<h2><strong>Et voici (re)venu Le Temps du Cornalin\u00a0!<\/strong><\/h2>\n<p><strong>Samedi 20 septembre, de 10 h 30 \u00e0 21 h., autour de l\u2019\u00e9glise de Flanthey, se tiendra la d\u00e9gustation publique du Temps du Cornalin. Cette neuvi\u00e8me \u00e9dition r\u00e9unira douze vignerons-encaveurs du lieu, r\u00e9unis dans une association fond\u00e9e en 1996 (qui commercialise la moiti\u00e9 des vins du lieu).<\/strong><\/p>\n<p>Les h\u00f4tes invit\u00e9s cette ann\u00e9e sont des voisins, cinq vignerons-encaveurs d\u2019Ollon, Valais, \u00e0 ne pas confondre avec ceux du Chablais vaudois\u00a0! Les uns et les autres feront d\u00e9couvrir leurs cornalins, mais pas que\u2026 Pour <strong>Corinne Clavien<\/strong>, \u0153nologue cantonale valaisanne, le mill\u00e9sime 2013, qui <em>\u00abrestera dans les m\u00e9moires comme une ann\u00e9e tardive avec de tr\u00e8s faibles rendements, offrant au cornalin de la concentration, du fruit et de la fra\u00eecheur\u00bb<\/em>, trois qualit\u00e9s reconnues au <em>\u00abrouge du pays\u00bb<\/em>.<\/p>\n<p>En 1952, le cornalin faillit dispara\u00eetre\u00a0: il n\u2019\u00e9tait plus cultiv\u00e9 officiellement que sur les communes de Granges et Lens, o\u00f9 il donna respectivement 5&rsquo;000 et 4&rsquo;500 litres de vins. A Flanthey, on en trouve aujourd\u2019hui un peu plus de 2 ha, pour 128 ha en Valais (loin derri\u00e8re le pinot noir, 1597 ha, le gamay, 623 ha, mais moins loin de la syrah, 160 ha et de l\u2019humagne rouge, 135 ha, et devant le gamaret et le merlot, 104 et 102 ha). Rappel\u00a0: il y a 25 ans, en 1991, le cornalin ne repr\u00e9sentait plus aue 14 ha, r\u00e9partis en neuf parcelles et 69 treilles\u2026<\/p>\n<p>La visite-d\u00e9gustation est conditionn\u00e9e par l\u2019achat d\u2019un verre \u00e0 20 francs. Le gibier sera doublement \u00e0 l\u2019honneur\u00a0: d\u2019abord, pour un des premiers repas qui lui est d\u00e9di\u00e9, ensuite par une exposition au centre scolaire du village sur <em>\u00abLes ravages du gibier\u00bb<\/em>, qui s\u2019attaque \u00e0 l\u2019agriculture et \u00e0 la viticulture. Sinon, raclette et musique&#8230;<\/p>\n<p><em>Sur le net\u00a0:<\/em><\/p>\n<p><strong><a title=\"Maison des Cornalins\" href=\"http:\/\/www.chateaudevaas.ch\/wp\/\">www.chateaudevaas.ch<\/a><\/strong><\/p>\n<p><strong><a title=\"Mus\u00e9e de la vigne et du vin du Valais\" href=\"http:\/\/www.museevalaisanduvin.ch\/index.html\">www.museevalaisanduvin.ch<\/a><\/strong><\/p>\n<p><strong><a title=\"Le Temps du Cornalin, Flanthey\" href=\"http:\/\/www.letempsducornalin.ch\/\">www.letempsducornalin.ch<\/a><\/strong><\/p>\n<p><em>Paru dans H\u00f4tellerie &amp; Gastronomie Hebdo du 21 ao\u00fbt 2014.<\/em><\/p>\n<p><em>\u00a9thomasvino.ch<\/em><\/p>\n<p>&nbsp;<\/p>\n","protected":false},"excerpt":{"rendered":"<p>Fin ao\u00fbt, deux expositions s\u2019ouvrent dans les Coteaux de Sierre. L\u2019une le 27 ao\u00fbt, sur le cornalin, au Ch\u00e2teau de Vaas, non loin de Montana-Crans, l\u2019autre le 29 ao\u00fbt, sur \u00abEtre vigneron en Valais\u00bb, au Mus\u00e9e de la vigne et du vin de Sierre, juste \u00e0 c\u00f4t\u00e9 du Ch\u00e2teau de Villa. Les deux m\u00e9ritent l\u2019\u00e9tiquette [&hellip;]<\/p>\n","protected":false},"author":3,"featured_media":0,"comment_status":"closed","ping_status":"open","sticky":false,"template":"","format":"standard","meta":{"_monsterinsights_skip_tracking":false,"_monsterinsights_sitenote_active":false,"_monsterinsights_sitenote_note":"","_monsterinsights_sitenote_category":0,"jetpack_post_was_ever_published":false,"jetpack_publicize_message":"","jetpack_is_tweetstorm":false,"jetpack_publicize_feature_enabled":true,"jetpack_social_post_already_shared":true,"jetpack_social_options":{"image_generator_settings":{"template":"highway","enabled":false}}},"categories":[29],"tags":[702,704,246,705,706,703,611],"jetpack_publicize_connections":[],"yoast_head":"<!-- This site is optimized with the Yoast SEO plugin v20.6 - https:\/\/yoast.com\/wordpress\/plugins\/seo\/ -->\n<title>Le Valais vitivinicole se donne \u00e0 voir - thomasvino<\/title>\n<meta name=\"robots\" content=\"index, follow, max-snippet:-1, max-image-preview:large, max-video-preview:-1\" \/>\n<link rel=\"canonical\" href=\"https:\/\/thomasvino.ch\/?p=12164\" \/>\n<meta property=\"og:locale\" content=\"fr_FR\" \/>\n<meta property=\"og:type\" content=\"article\" \/>\n<meta property=\"og:title\" content=\"Le Valais vitivinicole se donne \u00e0 voir - thomasvino\" \/>\n<meta property=\"og:description\" content=\"Fin ao\u00fbt, deux expositions s\u2019ouvrent dans les Coteaux de Sierre. L\u2019une le 27 ao\u00fbt, sur le cornalin, au Ch\u00e2teau de Vaas, non loin de Montana-Crans, l\u2019autre le 29 ao\u00fbt, sur \u00abEtre vigneron en Valais\u00bb, au Mus\u00e9e de la vigne et du vin de Sierre, juste \u00e0 c\u00f4t\u00e9 du Ch\u00e2teau de Villa. Les deux m\u00e9ritent l\u2019\u00e9tiquette [&hellip;]\" \/>\n<meta property=\"og:url\" content=\"https:\/\/thomasvino.ch\/?p=12164\" \/>\n<meta property=\"og:site_name\" content=\"thomasvino\" \/>\n<meta property=\"article:published_time\" content=\"2014-08-21T13:30:50+00:00\" \/>\n<meta property=\"og:image\" content=\"http:\/\/www.thomasvino.ch\/wp-content\/uploads\/2014\/08\/site_vaas-300x200.jpg\" \/>\n<meta name=\"author\" content=\"Pierre Thomas\" \/>\n<meta name=\"twitter:label1\" content=\"\u00c9crit par\" \/>\n\t<meta name=\"twitter:data1\" content=\"Pierre Thomas\" \/>\n\t<meta name=\"twitter:label2\" content=\"Dur\u00e9e de lecture estim\u00e9e\" \/>\n\t<meta name=\"twitter:data2\" content=\"7 minutes\" \/>\n<script type=\"application\/ld+json\" class=\"yoast-schema-graph\">{\"@context\":\"https:\/\/schema.org\",\"@graph\":[{\"@type\":\"WebPage\",\"@id\":\"https:\/\/thomasvino.ch\/?p=12164\",\"url\":\"https:\/\/thomasvino.ch\/?p=12164\",\"name\":\"Le Valais vitivinicole se donne \u00e0 voir - thomasvino\",\"isPartOf\":{\"@id\":\"https:\/\/thomasvino.ch\/#website\"},\"datePublished\":\"2014-08-21T13:30:50+00:00\",\"dateModified\":\"2014-08-21T13:30:50+00:00\",\"author\":{\"@id\":\"https:\/\/thomasvino.ch\/#\/schema\/person\/670bf4486fe81152cf1d68bd585e062e\"},\"breadcrumb\":{\"@id\":\"https:\/\/thomasvino.ch\/?p=12164#breadcrumb\"},\"inLanguage\":\"fr-FR\",\"potentialAction\":[{\"@type\":\"ReadAction\",\"target\":[\"https:\/\/thomasvino.ch\/?p=12164\"]}]},{\"@type\":\"BreadcrumbList\",\"@id\":\"https:\/\/thomasvino.ch\/?p=12164#breadcrumb\",\"itemListElement\":[{\"@type\":\"ListItem\",\"position\":1,\"name\":\"Accueil\",\"item\":\"https:\/\/thomasvino.ch\/\"},{\"@type\":\"ListItem\",\"position\":2,\"name\":\"Le Valais vitivinicole se donne \u00e0 voir\"}]},{\"@type\":\"WebSite\",\"@id\":\"https:\/\/thomasvino.ch\/#website\",\"url\":\"https:\/\/thomasvino.ch\/\",\"name\":\"thomasvino\",\"description\":\"Vins &amp; Gastronomie\",\"potentialAction\":[{\"@type\":\"SearchAction\",\"target\":{\"@type\":\"EntryPoint\",\"urlTemplate\":\"https:\/\/thomasvino.ch\/?s={search_term_string}\"},\"query-input\":\"required name=search_term_string\"}],\"inLanguage\":\"fr-FR\"},{\"@type\":\"Person\",\"@id\":\"https:\/\/thomasvino.ch\/#\/schema\/person\/670bf4486fe81152cf1d68bd585e062e\",\"name\":\"Pierre Thomas\",\"image\":{\"@type\":\"ImageObject\",\"inLanguage\":\"fr-FR\",\"@id\":\"https:\/\/thomasvino.ch\/#\/schema\/person\/image\/\",\"url\":\"https:\/\/secure.gravatar.com\/avatar\/91fd5a76647f140e53db987a0dead4d7?s=96&d=mm&r=g\",\"contentUrl\":\"https:\/\/secure.gravatar.com\/avatar\/91fd5a76647f140e53db987a0dead4d7?s=96&d=mm&r=g\",\"caption\":\"Pierre Thomas\"},\"url\":\"https:\/\/thomasvino.ch\/?author=3\"}]}<\/script>\n<!-- \/ Yoast SEO plugin. -->","yoast_head_json":{"title":"Le Valais vitivinicole se donne \u00e0 voir - thomasvino","robots":{"index":"index","follow":"follow","max-snippet":"max-snippet:-1","max-image-preview":"max-image-preview:large","max-video-preview":"max-video-preview:-1"},"canonical":"https:\/\/thomasvino.ch\/?p=12164","og_locale":"fr_FR","og_type":"article","og_title":"Le Valais vitivinicole se donne \u00e0 voir - thomasvino","og_description":"Fin ao\u00fbt, deux expositions s\u2019ouvrent dans les Coteaux de Sierre. L\u2019une le 27 ao\u00fbt, sur le cornalin, au Ch\u00e2teau de Vaas, non loin de Montana-Crans, l\u2019autre le 29 ao\u00fbt, sur \u00abEtre vigneron en Valais\u00bb, au Mus\u00e9e de la vigne et du vin de Sierre, juste \u00e0 c\u00f4t\u00e9 du Ch\u00e2teau de Villa. Les deux m\u00e9ritent l\u2019\u00e9tiquette [&hellip;]","og_url":"https:\/\/thomasvino.ch\/?p=12164","og_site_name":"thomasvino","article_published_time":"2014-08-21T13:30:50+00:00","og_image":[{"url":"http:\/\/www.thomasvino.ch\/wp-content\/uploads\/2014\/08\/site_vaas-300x200.jpg"}],"author":"Pierre Thomas","twitter_misc":{"\u00c9crit par":"Pierre Thomas","Dur\u00e9e de lecture estim\u00e9e":"7 minutes"},"schema":{"@context":"https:\/\/schema.org","@graph":[{"@type":"WebPage","@id":"https:\/\/thomasvino.ch\/?p=12164","url":"https:\/\/thomasvino.ch\/?p=12164","name":"Le Valais vitivinicole se donne \u00e0 voir - thomasvino","isPartOf":{"@id":"https:\/\/thomasvino.ch\/#website"},"datePublished":"2014-08-21T13:30:50+00:00","dateModified":"2014-08-21T13:30:50+00:00","author":{"@id":"https:\/\/thomasvino.ch\/#\/schema\/person\/670bf4486fe81152cf1d68bd585e062e"},"breadcrumb":{"@id":"https:\/\/thomasvino.ch\/?p=12164#breadcrumb"},"inLanguage":"fr-FR","potentialAction":[{"@type":"ReadAction","target":["https:\/\/thomasvino.ch\/?p=12164"]}]},{"@type":"BreadcrumbList","@id":"https:\/\/thomasvino.ch\/?p=12164#breadcrumb","itemListElement":[{"@type":"ListItem","position":1,"name":"Accueil","item":"https:\/\/thomasvino.ch\/"},{"@type":"ListItem","position":2,"name":"Le Valais vitivinicole se donne \u00e0 voir"}]},{"@type":"WebSite","@id":"https:\/\/thomasvino.ch\/#website","url":"https:\/\/thomasvino.ch\/","name":"thomasvino","description":"Vins &amp; Gastronomie","potentialAction":[{"@type":"SearchAction","target":{"@type":"EntryPoint","urlTemplate":"https:\/\/thomasvino.ch\/?s={search_term_string}"},"query-input":"required name=search_term_string"}],"inLanguage":"fr-FR"},{"@type":"Person","@id":"https:\/\/thomasvino.ch\/#\/schema\/person\/670bf4486fe81152cf1d68bd585e062e","name":"Pierre Thomas","image":{"@type":"ImageObject","inLanguage":"fr-FR","@id":"https:\/\/thomasvino.ch\/#\/schema\/person\/image\/","url":"https:\/\/secure.gravatar.com\/avatar\/91fd5a76647f140e53db987a0dead4d7?s=96&d=mm&r=g","contentUrl":"https:\/\/secure.gravatar.com\/avatar\/91fd5a76647f140e53db987a0dead4d7?s=96&d=mm&r=g","caption":"Pierre Thomas"},"url":"https:\/\/thomasvino.ch\/?author=3"}]}},"jetpack_featured_media_url":"","jetpack_sharing_enabled":true,"jetpack_shortlink":"https:\/\/wp.me\/p3m4tZ-3ac","jetpack_likes_enabled":false,"jetpack-related-posts":[{"id":9436,"url":"https:\/\/thomasvino.ch\/?p=9436","url_meta":{"origin":12164,"position":0},"title":"Le Temps du Cornalin \u00e0 Flanthey, le 15 septembre","date":"4 septembre 2012","format":false,"excerpt":"C\u00e9page en f\u00eate, samedi 15 septembre Flanthey (VS), autoproclam\u00e9 \u00abcapitale du cornalin\u00bb Alors que l\u2019amp\u00e9lographe valaisan Jos\u00e9 Vouillamoz (www.winegrapes.org) milite activement pour que les Valaisans renomment leur c\u00e9page cornalin \u00abRouge du pays\u00bb, pour \u00e9viter la confusion avec le c\u00e9page homonyme vald\u00f4tain, Flanthey, sur la commune de Lens, f\u00eatera, le samedi\u2026","rel":"","context":"Dans &quot;Actus - News&quot;","img":{"alt_text":"","src":"","width":0,"height":0},"classes":[]},{"id":9525,"url":"https:\/\/thomasvino.ch\/?p=9525","url_meta":{"origin":12164,"position":1},"title":"Les 700 ans de 3 c\u00e9pages survivants","date":"2 f\u00e9vrier 2013","format":false,"excerpt":"Dimanche 20 janvier 2013, au Mus\u00e9e de la vigne et du vin et au Ch\u00e2teau de Sierre, on a c\u00e9l\u00e9br\u00e9 les 700 ans, jour pour jour, d\u2019un document fondamental. Pour la premi\u00e8re fois, il certifie l\u2019existence de trois c\u00e9pages valaisans. Par Pierre Thomas L\u2019\u00e9v\u00e9nement se voulait \u00e0 la fois historique\u2026","rel":"","context":"Dans &quot;Vins suisses&quot;","img":{"alt_text":"manus_1313.jpg","src":"img\/manus_1313.jpg","width":350,"height":200},"classes":[]},{"id":9298,"url":"https:\/\/thomasvino.ch\/?p=9298","url_meta":{"origin":12164,"position":2},"title":"Un pav\u00e9 dans la mare des c\u00e9pages valaisans","date":"15 d\u00e9cembre 2011","format":false,"excerpt":"\u00abLe\u00bb livre paru en 2011 Un pav\u00e9 dans la mare des c\u00e9pages La voil\u00e0 \u2014 enfin \u2014 la \u00abbible\u00bb des c\u00e9pages valaisans et vald\u00f4tains, souvent parents. Les deux biologistes Jos\u00e9 Vouillamoz et Giulio Moriondo ont pr\u00e9sent\u00e9 l\u2019ouvrage d\u00e9but d\u00e9cembre au Sensorama du Ch\u00e2teau de Villa, \u00e0 Sierre. Le Vald\u00f4tain Giulio\u2026","rel":"","context":"Dans &quot;Tendance&quot;","img":{"alt_text":"site_vouilmorion.jpg","src":"img\/site_vouilmorion.jpg","width":350,"height":200},"classes":[]},{"id":9324,"url":"https:\/\/thomasvino.ch\/?p=9324","url_meta":{"origin":12164,"position":3},"title":"Quand l&rsquo;ADN des c\u00e9pages bouscule l&rsquo;Histoire","date":"11 f\u00e9vrier 2012","format":false,"excerpt":"Quand l\u2019ADN des c\u00e9pages bouscule l\u2019Histoire Deux biologistes, le Valaisan Jos\u00e9 Vouillamoz (\u00e0 dr., sur la photo PTs) et le Vald\u00f4tain Giulio Moriondo, publient le r\u00e9sultat de leurs recherches sur l\u2019origine des c\u00e9pages de leurs deux r\u00e9gions viticoles respectives. Un travail exemplaire. Depuis dix ans, Jos\u00e9 Vouillamoz bouscule les id\u00e9es\u2026","rel":"","context":"Dans &quot;Vins suisses&quot;","img":{"alt_text":"vouillamozmorion.jpg","src":"img\/vouillamozmorion.jpg","width":350,"height":200},"classes":[]},{"id":9109,"url":"https:\/\/thomasvino.ch\/?p=9109","url_meta":{"origin":12164,"position":4},"title":"Confirmations au firmament valaisan","date":"14 d\u00e9cembre 2010","format":false,"excerpt":"Etoiles du Valais 2010 Six \u0153nologues brillants et... r\u00e9cidivistes Pas de surprise \u00e0 la nomination des Etoiles du Valais 2010, bas\u00e9e sur la s\u00e9lection des vins valaisans du mill\u00e9sime 2009. Les six oenologues et encaveurs sont des r\u00e9cidivistes notoires, qui ont re\u00e7u leur distinction supr\u00eame \u00e0 B\u00e2le, le 14 d\u00e9cembre.\u2026","rel":"","context":"Dans &quot;Actus - News&quot;","img":{"alt_text":"","src":"","width":0,"height":0},"classes":[]},{"id":8985,"url":"https:\/\/thomasvino.ch\/?p=8985","url_meta":{"origin":12164,"position":5},"title":"Valais \u2014 Les six stars du mill\u00e9sime 2008","date":"31 d\u00e9cembre 2009","format":false,"excerpt":"Etoiles du Valais 2009 Les six stars du mill\u00e9sime 2008 Pour la quatri\u00e8me fois, l\u2019Interprofession de la vigne et du vin du Valais (IVV) a confi\u00e9 \u00e0 un jury d\u2019experts le soin de d\u00e9signer les \u00abstars\u00bb parmi les \u00e9toiles du Valais. Le portrait des six vainqueurs 2009, pour le mill\u00e9sime\u2026","rel":"","context":"Dans &quot;Vins suisses&quot;","img":{"alt_text":"","src":"","width":0,"height":0},"classes":[]}],"_links":{"self":[{"href":"https:\/\/thomasvino.ch\/index.php?rest_route=\/wp\/v2\/posts\/12164"}],"collection":[{"href":"https:\/\/thomasvino.ch\/index.php?rest_route=\/wp\/v2\/posts"}],"about":[{"href":"https:\/\/thomasvino.ch\/index.php?rest_route=\/wp\/v2\/types\/post"}],"author":[{"embeddable":true,"href":"https:\/\/thomasvino.ch\/index.php?rest_route=\/wp\/v2\/users\/3"}],"replies":[{"embeddable":true,"href":"https:\/\/thomasvino.ch\/index.php?rest_route=%2Fwp%2Fv2%2Fcomments&post=12164"}],"version-history":[{"count":0,"href":"https:\/\/thomasvino.ch\/index.php?rest_route=\/wp\/v2\/posts\/12164\/revisions"}],"wp:attachment":[{"href":"https:\/\/thomasvino.ch\/index.php?rest_route=%2Fwp%2Fv2%2Fmedia&parent=12164"}],"wp:term":[{"taxonomy":"category","embeddable":true,"href":"https:\/\/thomasvino.ch\/index.php?rest_route=%2Fwp%2Fv2%2Fcategories&post=12164"},{"taxonomy":"post_tag","embeddable":true,"href":"https:\/\/thomasvino.ch\/index.php?rest_route=%2Fwp%2Fv2%2Ftags&post=12164"}],"curies":[{"name":"wp","href":"https:\/\/api.w.org\/{rel}","templated":true}]}}