{"id":12211,"date":"2014-09-08T10:20:16","date_gmt":"2014-09-08T09:20:16","guid":{"rendered":"http:\/\/www.thomasvino.ch\/?p=12211"},"modified":"2014-09-08T10:21:21","modified_gmt":"2014-09-08T09:21:21","slug":"vino-business-a-la-tv-et-en-icone","status":"publish","type":"post","link":"https:\/\/thomasvino.ch\/?p=12211","title":{"rendered":"Vino business \u00e0 la TV et en ic\u00f4ne"},"content":{"rendered":"<p>Apr\u00e8s le <strong><a title=\"Bordeaux &amp; Co  VinoBusiness\u2026 as usual\" href=\"http:\/\/www.thomasvino.ch\/?p=11884\">livre<\/a><\/strong>, Isabelle Saporta diffuse un reportage TV sur les moeurs affairistes des Bordelais, \u00e0 voir sur France 3 le 15 septembre 2014, \u00e0 20 h. 45. Sur le site du Point, <strong><a title=\"Dupont et Saporta\" href=\"http:\/\/www.lepoint.fr\/vin\/vino-business-le-doc-accusateur-bientot-sur-france-3-08-09-2014-1861174_581.php\">Jacques Dupont \u00e9met quelques b\u00e9mols<\/a><\/strong> sur la mani\u00e8re, qui ressemble \u00e0 celle de Mondovino, de Jonathan Nossiter. A juger sur pi\u00e8ce&#8230;<\/p>\n<p>Au moment o\u00f9 <strong><a title=\"Avec Electus, Provins vise une \u00abautre dimension\u00bb\" href=\"http:\/\/www.thomasvino.ch\/?p=12039\">Provins-Valais compte sur Electus<\/a><\/strong> pour tirer les vins du Valais et suisses, la journaliste anglaisse <strong><a title=\"Jancis Robinson et vins ic\u00f4nes\" href=\"http:\/\/www.ft.com\/cms\/s\/2\/76f1c544-15a7-11e3-950a-00144feabdc0.html#axzz2eOiB0DGp\">Jancis Robinson \u00e9crit tout le mal qu&rsquo;elle pense des ic\u00f4nes autoproclam\u00e9es<\/a><\/strong> dans le monde du vin, une vieille mode californienne pass\u00e9e tr\u00e8s \u00e0 l&rsquo;est&#8230; A lire d&rsquo;urgence! Si on n&rsquo;attire pas les mouches avec du vinaigre, seuls les gogos croient aux ic\u00f4nes!<\/p>\n<p><em>\u00a9thomasvino.ch<\/em><\/p>\n","protected":false},"excerpt":{"rendered":"<p>Apr\u00e8s le livre, Isabelle Saporta diffuse un reportage TV sur les moeurs affairistes des Bordelais, \u00e0 voir sur France 3 le 15 septembre 2014, \u00e0 20 h. 45. Sur le site du Point, Jacques Dupont \u00e9met quelques b\u00e9mols sur la mani\u00e8re, qui ressemble \u00e0 celle de Mondovino, de Jonathan Nossiter. A juger sur pi\u00e8ce&#8230; Au [&hellip;]<\/p>\n","protected":false},"author":3,"featured_media":0,"comment_status":"closed","ping_status":"open","sticky":false,"template":"","format":"standard","meta":{"_monsterinsights_skip_tracking":false,"_monsterinsights_sitenote_active":false,"_monsterinsights_sitenote_note":"","_monsterinsights_sitenote_category":0,"jetpack_post_was_ever_published":false,"jetpack_publicize_message":"","jetpack_is_tweetstorm":false,"jetpack_publicize_feature_enabled":true,"jetpack_social_post_already_shared":true,"jetpack_social_options":{"image_generator_settings":{"template":"highway","enabled":false}}},"categories":[33],"tags":[],"jetpack_publicize_connections":[],"yoast_head":"<!-- This site is optimized with the Yoast SEO plugin v20.6 - https:\/\/yoast.com\/wordpress\/plugins\/seo\/ -->\n<title>Vino business \u00e0 la TV et en ic\u00f4ne - thomasvino<\/title>\n<meta name=\"robots\" content=\"index, follow, max-snippet:-1, max-image-preview:large, max-video-preview:-1\" \/>\n<link rel=\"canonical\" href=\"https:\/\/thomasvino.ch\/?p=12211\" \/>\n<meta property=\"og:locale\" content=\"fr_FR\" \/>\n<meta property=\"og:type\" content=\"article\" \/>\n<meta property=\"og:title\" content=\"Vino business \u00e0 la TV et en ic\u00f4ne - thomasvino\" \/>\n<meta property=\"og:description\" content=\"Apr\u00e8s le livre, Isabelle Saporta diffuse un reportage TV sur les moeurs affairistes des Bordelais, \u00e0 voir sur France 3 le 15 septembre 2014, \u00e0 20 h. 45. Sur le site du Point, Jacques Dupont \u00e9met quelques b\u00e9mols sur la mani\u00e8re, qui ressemble \u00e0 celle de Mondovino, de Jonathan Nossiter. A juger sur pi\u00e8ce&#8230; Au [&hellip;]\" \/>\n<meta property=\"og:url\" content=\"https:\/\/thomasvino.ch\/?p=12211\" \/>\n<meta property=\"og:site_name\" content=\"thomasvino\" \/>\n<meta property=\"article:published_time\" content=\"2014-09-08T09:20:16+00:00\" \/>\n<meta property=\"article:modified_time\" content=\"2014-09-08T09:21:21+00:00\" \/>\n<meta name=\"author\" content=\"Pierre Thomas\" \/>\n<meta name=\"twitter:label1\" content=\"\u00c9crit par\" \/>\n\t<meta name=\"twitter:data1\" content=\"Pierre Thomas\" \/>\n\t<meta name=\"twitter:label2\" content=\"Dur\u00e9e de lecture estim\u00e9e\" \/>\n\t<meta name=\"twitter:data2\" content=\"1 minute\" \/>\n<script type=\"application\/ld+json\" class=\"yoast-schema-graph\">{\"@context\":\"https:\/\/schema.org\",\"@graph\":[{\"@type\":\"WebPage\",\"@id\":\"https:\/\/thomasvino.ch\/?p=12211\",\"url\":\"https:\/\/thomasvino.ch\/?p=12211\",\"name\":\"Vino business \u00e0 la TV et en ic\u00f4ne - thomasvino\",\"isPartOf\":{\"@id\":\"https:\/\/thomasvino.ch\/#website\"},\"datePublished\":\"2014-09-08T09:20:16+00:00\",\"dateModified\":\"2014-09-08T09:21:21+00:00\",\"author\":{\"@id\":\"https:\/\/thomasvino.ch\/#\/schema\/person\/670bf4486fe81152cf1d68bd585e062e\"},\"breadcrumb\":{\"@id\":\"https:\/\/thomasvino.ch\/?p=12211#breadcrumb\"},\"inLanguage\":\"fr-FR\",\"potentialAction\":[{\"@type\":\"ReadAction\",\"target\":[\"https:\/\/thomasvino.ch\/?p=12211\"]}]},{\"@type\":\"BreadcrumbList\",\"@id\":\"https:\/\/thomasvino.ch\/?p=12211#breadcrumb\",\"itemListElement\":[{\"@type\":\"ListItem\",\"position\":1,\"name\":\"Accueil\",\"item\":\"https:\/\/thomasvino.ch\/\"},{\"@type\":\"ListItem\",\"position\":2,\"name\":\"Vino business \u00e0 la TV et en ic\u00f4ne\"}]},{\"@type\":\"WebSite\",\"@id\":\"https:\/\/thomasvino.ch\/#website\",\"url\":\"https:\/\/thomasvino.ch\/\",\"name\":\"thomasvino\",\"description\":\"Vins &amp; Gastronomie\",\"potentialAction\":[{\"@type\":\"SearchAction\",\"target\":{\"@type\":\"EntryPoint\",\"urlTemplate\":\"https:\/\/thomasvino.ch\/?s={search_term_string}\"},\"query-input\":\"required name=search_term_string\"}],\"inLanguage\":\"fr-FR\"},{\"@type\":\"Person\",\"@id\":\"https:\/\/thomasvino.ch\/#\/schema\/person\/670bf4486fe81152cf1d68bd585e062e\",\"name\":\"Pierre Thomas\",\"image\":{\"@type\":\"ImageObject\",\"inLanguage\":\"fr-FR\",\"@id\":\"https:\/\/thomasvino.ch\/#\/schema\/person\/image\/\",\"url\":\"https:\/\/secure.gravatar.com\/avatar\/91fd5a76647f140e53db987a0dead4d7?s=96&d=mm&r=g\",\"contentUrl\":\"https:\/\/secure.gravatar.com\/avatar\/91fd5a76647f140e53db987a0dead4d7?s=96&d=mm&r=g\",\"caption\":\"Pierre Thomas\"},\"url\":\"https:\/\/thomasvino.ch\/?author=3\"}]}<\/script>\n<!-- \/ Yoast SEO plugin. -->","yoast_head_json":{"title":"Vino business \u00e0 la TV et en ic\u00f4ne - thomasvino","robots":{"index":"index","follow":"follow","max-snippet":"max-snippet:-1","max-image-preview":"max-image-preview:large","max-video-preview":"max-video-preview:-1"},"canonical":"https:\/\/thomasvino.ch\/?p=12211","og_locale":"fr_FR","og_type":"article","og_title":"Vino business \u00e0 la TV et en ic\u00f4ne - thomasvino","og_description":"Apr\u00e8s le livre, Isabelle Saporta diffuse un reportage TV sur les moeurs affairistes des Bordelais, \u00e0 voir sur France 3 le 15 septembre 2014, \u00e0 20 h. 45. Sur le site du Point, Jacques Dupont \u00e9met quelques b\u00e9mols sur la mani\u00e8re, qui ressemble \u00e0 celle de Mondovino, de Jonathan Nossiter. A juger sur pi\u00e8ce&#8230; Au [&hellip;]","og_url":"https:\/\/thomasvino.ch\/?p=12211","og_site_name":"thomasvino","article_published_time":"2014-09-08T09:20:16+00:00","article_modified_time":"2014-09-08T09:21:21+00:00","author":"Pierre Thomas","twitter_misc":{"\u00c9crit par":"Pierre Thomas","Dur\u00e9e de lecture estim\u00e9e":"1 minute"},"schema":{"@context":"https:\/\/schema.org","@graph":[{"@type":"WebPage","@id":"https:\/\/thomasvino.ch\/?p=12211","url":"https:\/\/thomasvino.ch\/?p=12211","name":"Vino business \u00e0 la TV et en ic\u00f4ne - thomasvino","isPartOf":{"@id":"https:\/\/thomasvino.ch\/#website"},"datePublished":"2014-09-08T09:20:16+00:00","dateModified":"2014-09-08T09:21:21+00:00","author":{"@id":"https:\/\/thomasvino.ch\/#\/schema\/person\/670bf4486fe81152cf1d68bd585e062e"},"breadcrumb":{"@id":"https:\/\/thomasvino.ch\/?p=12211#breadcrumb"},"inLanguage":"fr-FR","potentialAction":[{"@type":"ReadAction","target":["https:\/\/thomasvino.ch\/?p=12211"]}]},{"@type":"BreadcrumbList","@id":"https:\/\/thomasvino.ch\/?p=12211#breadcrumb","itemListElement":[{"@type":"ListItem","position":1,"name":"Accueil","item":"https:\/\/thomasvino.ch\/"},{"@type":"ListItem","position":2,"name":"Vino business \u00e0 la TV et en ic\u00f4ne"}]},{"@type":"WebSite","@id":"https:\/\/thomasvino.ch\/#website","url":"https:\/\/thomasvino.ch\/","name":"thomasvino","description":"Vins &amp; Gastronomie","potentialAction":[{"@type":"SearchAction","target":{"@type":"EntryPoint","urlTemplate":"https:\/\/thomasvino.ch\/?s={search_term_string}"},"query-input":"required name=search_term_string"}],"inLanguage":"fr-FR"},{"@type":"Person","@id":"https:\/\/thomasvino.ch\/#\/schema\/person\/670bf4486fe81152cf1d68bd585e062e","name":"Pierre Thomas","image":{"@type":"ImageObject","inLanguage":"fr-FR","@id":"https:\/\/thomasvino.ch\/#\/schema\/person\/image\/","url":"https:\/\/secure.gravatar.com\/avatar\/91fd5a76647f140e53db987a0dead4d7?s=96&d=mm&r=g","contentUrl":"https:\/\/secure.gravatar.com\/avatar\/91fd5a76647f140e53db987a0dead4d7?s=96&d=mm&r=g","caption":"Pierre Thomas"},"url":"https:\/\/thomasvino.ch\/?author=3"}]}},"jetpack_featured_media_url":"","jetpack_sharing_enabled":true,"jetpack_shortlink":"https:\/\/wp.me\/p3m4tZ-3aX","jetpack_likes_enabled":false,"jetpack-related-posts":[{"id":13554,"url":"https:\/\/thomasvino.ch\/?p=13554","url_meta":{"origin":12211,"position":0},"title":"Vins du Valais  en attendant les IGP","date":"6 mai 2016","format":false,"excerpt":"La montagne valaisanne aura accouch\u00e9 d\u2019une souris\u00a0: le Conseil d\u2019Etat valaisan a confirm\u00e9 l\u2019interdiction des copeaux et du mo\u00fbt concentr\u00e9 rectifi\u00e9 (MCR) dans les vins AOC du Valais. Il confirme ainsi une d\u00e9cision prise rapidement il y a pr\u00e8s de deux ans. Pas de modification fondamentale du r\u00e8glement AOC, non\u2026","rel":"","context":"Dans &quot;Actus - News&quot;","img":{"alt_text":"","src":"","width":0,"height":0},"classes":[]},{"id":9970,"url":"https:\/\/thomasvino.ch\/?p=9970","url_meta":{"origin":12211,"position":1},"title":"Etoiles d&rsquo;Or du Valais, premier service","date":"31 mai 2007","format":false,"excerpt":"S\u00e9lection des vins du Valais84 \u00e9toiles d'or sur pr\u00e8s de mille vinsPrenant le relais du Label Nobilis, organis\u00e9 \u00e0 l'initiative de Dominique Fornage durant vingt ans, la premi\u00e8re s\u00e9lection des vins du Valais a \u00e9t\u00e9 prise en charge par l'Interprofession de la vigne et du vin du Valais. Pr\u00e8s de\u2026","rel":"","context":"Dans &quot;Actus - News&quot;","img":{"alt_text":"","src":"","width":0,"height":0},"classes":[]},{"id":13377,"url":"https:\/\/thomasvino.ch\/?p=13377","url_meta":{"origin":12211,"position":2},"title":"Vins du Valais : que veut vraiment l\u2019IVV ?","date":"24 f\u00e9vrier 2016","format":false,"excerpt":"L\u2019Etat du Valais et l\u2019Interprofession de la vigne et des vins du Valais (IVV) doivent se mettre d\u2019accord ce printemps sur les points d\u2019une nouvelle ordonnance sur la vigne et le vin (rempla\u00e7ant celle du 17 mars 2004). Les deux parties pourront-elles tomber d\u2019accord\u00a0? Et sur quels chapitres\u00a0? Le point\u2026","rel":"","context":"Dans &quot;Vins suisses&quot;","img":{"alt_text":"","src":"","width":0,"height":0},"classes":[]},{"id":17332,"url":"https:\/\/thomasvino.ch\/?p=17332","url_meta":{"origin":12211,"position":3},"title":"Valais\u00a0: une nouvelle station d\u2019essais viticoles","date":"31 mai 2021","format":false,"excerpt":"Le domaine de l\u2019Etat du Valais, du Grand-Br\u00fbl\u00e9 \u00e0 Leytron, conna\u00eet une extension f\u00e9d\u00e9rale. Il devient un site d\u2019essai pour la viticulture et l\u2019\u0153nologie d\u2019Agroscope, qui va cr\u00e9er deux nouveaux postes scientifiques. La structure a \u00e9t\u00e9 pr\u00e9sent\u00e9e le dernier jour de mai. Une convention a \u00e9t\u00e9 sign\u00e9e entre l\u2019Etat du\u2026","rel":"","context":"Dans &quot;Tendance&quot;","img":{"alt_text":"","src":"","width":0,"height":0},"classes":[]},{"id":9377,"url":"https:\/\/thomasvino.ch\/?p=9377","url_meta":{"origin":12211,"position":4},"title":"Caves ouvertes en Valais","date":"15 mai 2012","format":false,"excerpt":"L'Ascension propice \u00e0 une... ...descente de cave(s) en Valais Les 17, 18 et 19 mai 2012, soit le week-end de l\u2019Ascension, se d\u00e9rouleront les 6\u00e8mes Caves Ouvertes des Vins du Valais, de Cho\u00ebx\/Monthey jusqu\u2019\u00e0 Naters, en passant par Martigny, Fully, Saillon, Leytron, Chamoson, V\u00e9troz, Sion, Sierre et les Coteaux de\u2026","rel":"","context":"Dans &quot;Actus - News&quot;","img":{"alt_text":"","src":"","width":0,"height":0},"classes":[]},{"id":12385,"url":"https:\/\/thomasvino.ch\/?p=12385","url_meta":{"origin":12211,"position":5},"title":"Vitiviniculture valaisanne  Viti 2020  des pistes pour l\u2019avenir","date":"26 novembre 2014","format":false,"excerpt":"Le 2 novembre 2014, le pr\u00e9sident du Conseil d\u2019Etat, Jean-Michel Cina, avait coup\u00e9 l\u2019herbe sous les pieds de l\u2019Interprofession de la vigne et du vin du Valais (IVVS), en rendant public un rapport de l\u2019administration sur les dysfonctionnements de la vitiviniculture valaisanne et des rem\u00e8des \u00e0 soumettre \u00e0 la profession.\u2026","rel":"","context":"Dans &quot;Vins suisses&quot;","img":{"alt_text":"","src":"","width":0,"height":0},"classes":[]}],"_links":{"self":[{"href":"https:\/\/thomasvino.ch\/index.php?rest_route=\/wp\/v2\/posts\/12211"}],"collection":[{"href":"https:\/\/thomasvino.ch\/index.php?rest_route=\/wp\/v2\/posts"}],"about":[{"href":"https:\/\/thomasvino.ch\/index.php?rest_route=\/wp\/v2\/types\/post"}],"author":[{"embeddable":true,"href":"https:\/\/thomasvino.ch\/index.php?rest_route=\/wp\/v2\/users\/3"}],"replies":[{"embeddable":true,"href":"https:\/\/thomasvino.ch\/index.php?rest_route=%2Fwp%2Fv2%2Fcomments&post=12211"}],"version-history":[{"count":0,"href":"https:\/\/thomasvino.ch\/index.php?rest_route=\/wp\/v2\/posts\/12211\/revisions"}],"wp:attachment":[{"href":"https:\/\/thomasvino.ch\/index.php?rest_route=%2Fwp%2Fv2%2Fmedia&parent=12211"}],"wp:term":[{"taxonomy":"category","embeddable":true,"href":"https:\/\/thomasvino.ch\/index.php?rest_route=%2Fwp%2Fv2%2Fcategories&post=12211"},{"taxonomy":"post_tag","embeddable":true,"href":"https:\/\/thomasvino.ch\/index.php?rest_route=%2Fwp%2Fv2%2Ftags&post=12211"}],"curies":[{"name":"wp","href":"https:\/\/api.w.org\/{rel}","templated":true}]}}