{"id":12533,"date":"2015-01-27T22:53:27","date_gmt":"2015-01-27T21:53:27","guid":{"rendered":"http:\/\/www.thomasvino.ch\/?p=12533"},"modified":"2015-01-27T22:53:27","modified_gmt":"2015-01-27T21:53:27","slug":"1ers-grands-crus-vaudois-2013-la-creme-notee-sur-100-points","status":"publish","type":"post","link":"https:\/\/thomasvino.ch\/?p=12533","title":{"rendered":"1ers Grands Crus vaudois 2013 <br\/ > La cr\u00e8me not\u00e9e sur 100 points"},"content":{"rendered":"<p><strong>Les d\u00e9put\u00e9s au Grand Conseil et quelques invit\u00e9s ont eu droit \u00e0 la pr\u00e9sentation officielle des 1ers Grands Crus vaudois du dernier mill\u00e9sime \u00abbu et approuv\u00e9\u00bb par la commission adhoc, mardi 27 janvier 2015, par l\u2019Office des vins vaudois (OVV). On y est all\u00e9 avec notre propre crachoir, histoire de faire le tour des 14 vins, sommet de la pyramide qualitative vaudoise, soit moins de 1% de la production totale, et uniquement du c\u00e9page chasselas.<\/strong><\/p>\n<p><em>Par Pierre Thomas<\/em><\/p>\n<p>Climatiquement, l\u2019ann\u00e9e 2013 fut difficile. La C\u00f4te fut gr\u00eal\u00e9e sur une part importante, de sorte que les domaines <strong>Es Cordeli\u00e8res<\/strong> et le <strong>Ch\u00e2teau La B\u00e2tie<\/strong> ont renonc\u00e9 \u00e0 pr\u00e9senter leur 1<sup>er<\/sup> GC. <strong>Au Fosseau<\/strong> de <strong>Reynald Parmelin<\/strong> n\u2019\u00e9tait pas pr\u00e9sent au Palais de Rumine, ni <strong>Les Rueyres<\/strong>, 1<sup>er<\/sup> GC du Domaine du Burignon, de la <strong>Ville de Lausanne<\/strong> (gr\u00eal\u00e9 et non produit en\u2026 2014), mais les deux nouveaux, le Saint-Saphorin <strong>Chavonchin<\/strong> (ah \u00e7a, \u00e7a doit \u00eatre facile \u00e0 prononcer en japonais\u00a0!) de <strong>Jean-Fran\u00e7ois Neyroud-Fonjallaz<\/strong> et le <strong>Clos de l\u2019Abbaye<\/strong>, de la <strong>Commune d\u2019Yvorne<\/strong>, vinifi\u00e9 par <strong>Fr\u00e9d\u00e9ric Blanc<\/strong>, faisaient leur apparition, avec 12 autres 1ers GC confirm\u00e9s.<\/p>\n<p>Premier constat\u00a0: les diff\u00e9rences des AOC r\u00e9gionales se font clairement sentir, assorties de nuances de style, o\u00f9 le gaz carbonique (CO2) joue le r\u00f4le de dynamiseur, surtout \u00e0 La C\u00f4te. Deuxi\u00e8me constat\u00a0: sans doute en raison du rendement volontairement limit\u00e9, la mati\u00e8re est m\u00fbre et les vins d\u00e9j\u00e0 bien ouverts. Pour le reste, voici notre notation sur 100 points.<\/p>\n<p><strong>93 points<\/strong>, <strong>L\u2019Ovaille 1584, Domaines Hammel, Charles Rolaz<\/strong>. Un nez discret, floral, une belle acidit\u00e9, d\u2019embl\u00e9e, une mati\u00e8re puissante et ample, m\u00fbr, mais \u00e0 l\u2019acidit\u00e9 tranch\u00e9e, le vin le plus tendu de la soir\u00e9e. Elev\u00e9 en \u0153uf (amphore) de b\u00e9ton, est sans doute le seul \u00e0 ne pas avoir fait sa deuxi\u00e8me fermentation, sa malo(lactique).<\/p>\n<p><strong>92 points, L\u2019Ovaille des Fr\u00e8res Deladoey, \u00e0 Yvorne<\/strong>. Un nez frais, avec de l\u00e9g\u00e8res notes fermentaires, puis des ar\u00f4mes de fruits exotiques, de mangue\u00a0; bon volume en bouche, et finale tendre, bien typ\u00e9e du Chablais.<\/p>\n<p><strong>92 points, Chavonchin, Saint-Saphorin, Jean-Fran\u00e7ois Neyroud-Fonjallaz<\/strong>. Nez de tilleul s\u00e9ch\u00e9, de la puissance, du gras, tendre en bouche, mais large\u2026 \u00e0 l\u2019image de son flacon r\u00e9solument ventru. Une belle \u00e9l\u00e9gance et une touche finale de min\u00e9ralit\u00e9.<\/p>\n<p><strong>91 points, Clos de la George, Yvorne, Domaines Hammel, Charles Rolaz<\/strong>. Nez frais, soup\u00e7on d\u2019amylique, ouvert, beau volume, puissant, gras, avec une note d\u2019amertume finale, qui est aussi la marque du mill\u00e9sime.<\/p>\n<p><strong>90 points, La Gueniettaz, D\u00e9zaley, Christophe Chappuis, Rivaz<\/strong>. Beau nez ample, l\u00e9g\u00e8re note bois\u00e9e\u00a0; puissant, gras, attaque souple, long et CO2 bien ma\u00eetris\u00e9.<\/p>\n<p><strong>90 points, Ch\u00e2teau de Mont, famille Naef, Mont-sur-Rolle<\/strong>. Nez de tilleul, notes fermentaires\u00a0; belle fra\u00eecheur\u00a0; bon volume, pointe d\u2019amertume et finale sur le citron vert.<\/p>\n<p><strong>89 points, Ch\u00e2teau de Malessert, hoirie Saugy, Perroy, vinif\u00e9 par Uvavins<\/strong>. Nez discret, du volume, de la puissance, ar\u00f4mes m\u00fbrs, de fruits jaunes, p\u00eache, mangue, qui fait penser au Ch\u00e2teau La B\u00e2tie 2012, \u00e9galement vinifi\u00e9 par Uvavins, mais gr\u00eal\u00e9 et non disponible en 2013. Carbonique un peu trop pr\u00e9sent.<\/p>\n<p><strong>89 points, Ch\u00e2teau Ch\u00e2tagn\u00e9r\u00e9az, Mont-sur-Rolle, Domaines Schenk<\/strong>. Carbonique \u00e0 l\u2019attaque, marque de fabrique de La C\u00f4te, tendre et souple, somme toute classique. R\u00e9colte tardive (fin octobre\u00a0!), vendange r\u00e9duite de 20%, \u00e0 cause de la gr\u00eale, tri s\u00e9v\u00e8re\u00a0: 50&rsquo;000 bouteilles pour le plus vaste des 1ers GC (9 ha).<\/p>\n<p><strong>89 points, Ch\u00e2teau de Chardonne, Obrist (groupe Schenk)<\/strong>. Nez discret, d\u2019herbes s\u00e8ches, citronn\u00e9, carbonique assez marqu\u00e9, bon soutien acide et finale sur le citron vert. Choisi par le Conseil d\u2019Etat vaudois parmi une pr\u00e9s\u00e9lection de 2013.<\/p>\n<p><strong>89 points, Le Clos Blanc, Ch\u00e2teau du Ch\u00e2telard, Villeneuve, Domaines Hammel, Charles Rolaz<\/strong>. Nez d\u2019herbes s\u00e8ches, un peu de levures, citronn\u00e9, plein, gras, m\u00fbr, avec une finale sur les litchis.<\/p>\n<p><strong>88 points, Ch\u00e2teau de Autecour, Mont-sur-Rolle, Domaines Schenk<\/strong>. Nez citronn\u00e9, ouvert, pr\u00e9sence de carbonique, du gras, de la puissance, tendre, mais marqu\u00e9 par une l\u00e9g\u00e8re amertume finale.<\/p>\n<p><strong>88 points, Roches Plates, Saint-Saphorin, Domaine du Burignon, Ville de Lausanne<\/strong>. Jaune plus soutenu que les autres, nez bois\u00e9\u00a0; bonne structure, o\u00f9 on retroue du bois\u00a0; tendre en finale\u00a0; plus \u00e9levage que c\u00e9page\u00a0!<\/p>\n<p><strong>88 points, Clos de l\u2019Abbaye, Commune d\u2019Yvorne<\/strong>. Nez de paille, de fruits m\u00fbrs\u00a0; gras, puissant, tenu par le carbonique\u00a0; souple et un peu court en bouche.<\/p>\n<p><strong>86 points, Domaine de Fischer, F\u00e9chy<\/strong>. Nez d\u2019un l\u00e9ger bois\u00e9, attaque sur la rondeur, gras, un peu rustique et m\u00eame \u00abold style\u00bb, manque de fruit et d\u2019acidit\u00e9.<\/p>\n<p>Dans l\u2019attente des notes de <strong>Stephan Reinhardt<\/strong>, le journaliste allemand, ancien de <em>Vinum<\/em> Allemagne, qui devrait publier tout prochainement ses notes de d\u00e9gustation sur sa s\u00e9lection de chasselas suisses (une centaine d\u00e9gust\u00e9s) sur le site Internet payant <strong>erobertarker.com<\/strong>, la gradation sur 100 points est aussi, par le truchement du syst\u00e8me des fiche des concours internationaux, celle de la S\u00e9lection vaudoise et du Grand Prix du Vin Suisse. A chacun son \u00e9chelle\u00a0! <strong><a title=\"S\u00e9lections 2014\/B: mes vins vaudois et genevois pr\u00e9f\u00e9r\u00e9s\" href=\"http:\/\/www.thomasvino.ch\/?p=12093\">Pourquoi pas la n\u00f4tre\u00a0?<\/a><\/strong> Soyons fou!<\/p>\n<p><strong><a title=\"1ers Grands Crus vaudois\" href=\"http:\/\/www.premiersgrandscrus.ch\/\">www,premiersgrandscrus.ch<\/a><\/strong><\/p>\n<p><em>\u00a9thomasvino.ch<\/em><\/p>\n","protected":false},"excerpt":{"rendered":"<p>Les d\u00e9put\u00e9s au Grand Conseil et quelques invit\u00e9s ont eu droit \u00e0 la pr\u00e9sentation officielle des 1ers Grands Crus vaudois du dernier mill\u00e9sime \u00abbu et approuv\u00e9\u00bb par la commission adhoc, mardi 27 janvier 2015, par l\u2019Office des vins vaudois (OVV). On y est all\u00e9 avec notre propre crachoir, histoire de faire le tour des 14 [&hellip;]<\/p>\n","protected":false},"author":3,"featured_media":0,"comment_status":"closed","ping_status":"open","sticky":false,"template":"","format":"standard","meta":{"_monsterinsights_skip_tracking":false,"_monsterinsights_sitenote_active":false,"_monsterinsights_sitenote_note":"","_monsterinsights_sitenote_category":0,"jetpack_post_was_ever_published":false,"jetpack_publicize_message":"","jetpack_is_tweetstorm":false,"jetpack_publicize_feature_enabled":true,"jetpack_social_post_already_shared":true,"jetpack_social_options":{"image_generator_settings":{"template":"highway","enabled":false}}},"categories":[24],"tags":[919,90],"jetpack_publicize_connections":[],"yoast_head":"<!-- This site is optimized with the Yoast SEO plugin v20.6 - https:\/\/yoast.com\/wordpress\/plugins\/seo\/ -->\n<title>1ers Grands Crus vaudois 2013  La cr\u00e8me not\u00e9e sur 100 points - thomasvino<\/title>\n<meta name=\"description\" content=\"14 des 1ers Grands Crus vaudois, uniquement du chasselas, not\u00e9s sur 100 points par Pierre Thomas.\" \/>\n<meta name=\"robots\" content=\"index, follow, max-snippet:-1, max-image-preview:large, max-video-preview:-1\" \/>\n<link rel=\"canonical\" href=\"https:\/\/thomasvino.ch\/?p=12533\" \/>\n<meta property=\"og:locale\" content=\"fr_FR\" \/>\n<meta property=\"og:type\" content=\"article\" \/>\n<meta property=\"og:title\" content=\"1ers Grands Crus vaudois 2013  La cr\u00e8me not\u00e9e sur 100 points - thomasvino\" \/>\n<meta property=\"og:description\" content=\"14 des 1ers Grands Crus vaudois, uniquement du chasselas, not\u00e9s sur 100 points par Pierre Thomas.\" \/>\n<meta property=\"og:url\" content=\"https:\/\/thomasvino.ch\/?p=12533\" \/>\n<meta property=\"og:site_name\" content=\"thomasvino\" \/>\n<meta property=\"article:published_time\" content=\"2015-01-27T21:53:27+00:00\" \/>\n<meta name=\"author\" content=\"Pierre Thomas\" \/>\n<meta name=\"twitter:label1\" content=\"\u00c9crit par\" \/>\n\t<meta name=\"twitter:data1\" content=\"Pierre Thomas\" \/>\n\t<meta name=\"twitter:label2\" content=\"Dur\u00e9e de lecture estim\u00e9e\" \/>\n\t<meta name=\"twitter:data2\" content=\"4 minutes\" \/>\n<script type=\"application\/ld+json\" class=\"yoast-schema-graph\">{\"@context\":\"https:\/\/schema.org\",\"@graph\":[{\"@type\":\"WebPage\",\"@id\":\"https:\/\/thomasvino.ch\/?p=12533\",\"url\":\"https:\/\/thomasvino.ch\/?p=12533\",\"name\":\"1ers Grands Crus vaudois 2013 La cr\u00e8me not\u00e9e sur 100 points - thomasvino\",\"isPartOf\":{\"@id\":\"https:\/\/thomasvino.ch\/#website\"},\"datePublished\":\"2015-01-27T21:53:27+00:00\",\"dateModified\":\"2015-01-27T21:53:27+00:00\",\"author\":{\"@id\":\"https:\/\/thomasvino.ch\/#\/schema\/person\/670bf4486fe81152cf1d68bd585e062e\"},\"description\":\"14 des 1ers Grands Crus vaudois, uniquement du chasselas, not\u00e9s sur 100 points par Pierre Thomas.\",\"breadcrumb\":{\"@id\":\"https:\/\/thomasvino.ch\/?p=12533#breadcrumb\"},\"inLanguage\":\"fr-FR\",\"potentialAction\":[{\"@type\":\"ReadAction\",\"target\":[\"https:\/\/thomasvino.ch\/?p=12533\"]}]},{\"@type\":\"BreadcrumbList\",\"@id\":\"https:\/\/thomasvino.ch\/?p=12533#breadcrumb\",\"itemListElement\":[{\"@type\":\"ListItem\",\"position\":1,\"name\":\"Accueil\",\"item\":\"https:\/\/thomasvino.ch\/\"},{\"@type\":\"ListItem\",\"position\":2,\"name\":\"1ers Grands Crus vaudois 2013 La cr\u00e8me not\u00e9e sur 100 points\"}]},{\"@type\":\"WebSite\",\"@id\":\"https:\/\/thomasvino.ch\/#website\",\"url\":\"https:\/\/thomasvino.ch\/\",\"name\":\"thomasvino\",\"description\":\"Vins &amp; Gastronomie\",\"potentialAction\":[{\"@type\":\"SearchAction\",\"target\":{\"@type\":\"EntryPoint\",\"urlTemplate\":\"https:\/\/thomasvino.ch\/?s={search_term_string}\"},\"query-input\":\"required name=search_term_string\"}],\"inLanguage\":\"fr-FR\"},{\"@type\":\"Person\",\"@id\":\"https:\/\/thomasvino.ch\/#\/schema\/person\/670bf4486fe81152cf1d68bd585e062e\",\"name\":\"Pierre Thomas\",\"image\":{\"@type\":\"ImageObject\",\"inLanguage\":\"fr-FR\",\"@id\":\"https:\/\/thomasvino.ch\/#\/schema\/person\/image\/\",\"url\":\"https:\/\/secure.gravatar.com\/avatar\/91fd5a76647f140e53db987a0dead4d7?s=96&d=mm&r=g\",\"contentUrl\":\"https:\/\/secure.gravatar.com\/avatar\/91fd5a76647f140e53db987a0dead4d7?s=96&d=mm&r=g\",\"caption\":\"Pierre Thomas\"},\"url\":\"https:\/\/thomasvino.ch\/?author=3\"}]}<\/script>\n<!-- \/ Yoast SEO plugin. -->","yoast_head_json":{"title":"1ers Grands Crus vaudois 2013  La cr\u00e8me not\u00e9e sur 100 points - thomasvino","description":"14 des 1ers Grands Crus vaudois, uniquement du chasselas, not\u00e9s sur 100 points par Pierre Thomas.","robots":{"index":"index","follow":"follow","max-snippet":"max-snippet:-1","max-image-preview":"max-image-preview:large","max-video-preview":"max-video-preview:-1"},"canonical":"https:\/\/thomasvino.ch\/?p=12533","og_locale":"fr_FR","og_type":"article","og_title":"1ers Grands Crus vaudois 2013  La cr\u00e8me not\u00e9e sur 100 points - thomasvino","og_description":"14 des 1ers Grands Crus vaudois, uniquement du chasselas, not\u00e9s sur 100 points par Pierre Thomas.","og_url":"https:\/\/thomasvino.ch\/?p=12533","og_site_name":"thomasvino","article_published_time":"2015-01-27T21:53:27+00:00","author":"Pierre Thomas","twitter_misc":{"\u00c9crit par":"Pierre Thomas","Dur\u00e9e de lecture estim\u00e9e":"4 minutes"},"schema":{"@context":"https:\/\/schema.org","@graph":[{"@type":"WebPage","@id":"https:\/\/thomasvino.ch\/?p=12533","url":"https:\/\/thomasvino.ch\/?p=12533","name":"1ers Grands Crus vaudois 2013 La cr\u00e8me not\u00e9e sur 100 points - thomasvino","isPartOf":{"@id":"https:\/\/thomasvino.ch\/#website"},"datePublished":"2015-01-27T21:53:27+00:00","dateModified":"2015-01-27T21:53:27+00:00","author":{"@id":"https:\/\/thomasvino.ch\/#\/schema\/person\/670bf4486fe81152cf1d68bd585e062e"},"description":"14 des 1ers Grands Crus vaudois, uniquement du chasselas, not\u00e9s sur 100 points par Pierre Thomas.","breadcrumb":{"@id":"https:\/\/thomasvino.ch\/?p=12533#breadcrumb"},"inLanguage":"fr-FR","potentialAction":[{"@type":"ReadAction","target":["https:\/\/thomasvino.ch\/?p=12533"]}]},{"@type":"BreadcrumbList","@id":"https:\/\/thomasvino.ch\/?p=12533#breadcrumb","itemListElement":[{"@type":"ListItem","position":1,"name":"Accueil","item":"https:\/\/thomasvino.ch\/"},{"@type":"ListItem","position":2,"name":"1ers Grands Crus vaudois 2013 La cr\u00e8me not\u00e9e sur 100 points"}]},{"@type":"WebSite","@id":"https:\/\/thomasvino.ch\/#website","url":"https:\/\/thomasvino.ch\/","name":"thomasvino","description":"Vins &amp; Gastronomie","potentialAction":[{"@type":"SearchAction","target":{"@type":"EntryPoint","urlTemplate":"https:\/\/thomasvino.ch\/?s={search_term_string}"},"query-input":"required name=search_term_string"}],"inLanguage":"fr-FR"},{"@type":"Person","@id":"https:\/\/thomasvino.ch\/#\/schema\/person\/670bf4486fe81152cf1d68bd585e062e","name":"Pierre Thomas","image":{"@type":"ImageObject","inLanguage":"fr-FR","@id":"https:\/\/thomasvino.ch\/#\/schema\/person\/image\/","url":"https:\/\/secure.gravatar.com\/avatar\/91fd5a76647f140e53db987a0dead4d7?s=96&d=mm&r=g","contentUrl":"https:\/\/secure.gravatar.com\/avatar\/91fd5a76647f140e53db987a0dead4d7?s=96&d=mm&r=g","caption":"Pierre Thomas"},"url":"https:\/\/thomasvino.ch\/?author=3"}]}},"jetpack_featured_media_url":"","jetpack_sharing_enabled":true,"jetpack_shortlink":"https:\/\/wp.me\/p3m4tZ-3g9","jetpack_likes_enabled":false,"jetpack-related-posts":[{"id":9448,"url":"https:\/\/thomasvino.ch\/?p=9448","url_meta":{"origin":12533,"position":0},"title":"Les 1ers Grands Crus vaudois ne seront que 15 en 2012","date":"20 septembre 2012","format":false,"excerpt":"La coop\u00e9rative Uvavins, par le biais des Caves Cidis, qui en assurent la vinification et la commercialisation, n\u2019avaient pas voulu c\u00e9der \u00e0 la pr\u00e9cipitation printani\u00e8re. Il a donc fallu attendre d\u00e9but septembre pour voir \u00e9merger le 12\u00e8me 1er Grand Cru vaudois, premier mill\u00e9sime, soit le 2011, avec le Ch\u00e2teau de\u2026","rel":"","context":"Dans &quot;Vins suisses&quot;","img":{"alt_text":"Cha770teau-de-Malessert.jpg","src":"img\/Cha770teau-de-Malessert.jpg","width":350,"height":200},"classes":[]},{"id":11738,"url":"https:\/\/thomasvino.ch\/?p=11738","url_meta":{"origin":12533,"position":1},"title":"1ers Grands Crus vaudois 2012  En attendant les rouges\u2026","date":"13 f\u00e9vrier 2014","format":false,"excerpt":"Le titre n\u2019a pas de connotation politique. Pourtant, les 1ers Grands Crus vaudois, mill\u00e9sime 2012, ont \u00e9t\u00e9 pr\u00e9sent\u00e9s au Grand Conseil vaudois, mardi 11 f\u00e9vrier. Ils restent monocolores (blancs), en attendant les rouges pour le mill\u00e9sime 2013\u00a0: trois merlots du Domaine de Crochet, \u00e0 Mont-sur-Rolle, du Domaine du Ch\u00e2telard, \u00e0\u2026","rel":"","context":"Dans &quot;Actus - News&quot;","img":{"alt_text":"","src":"","width":0,"height":0},"classes":[]},{"id":12395,"url":"https:\/\/thomasvino.ch\/?p=12395","url_meta":{"origin":12533,"position":2},"title":"Le Ch\u00e2teau de Chardonne 2013  vin \u00abofficiel\u00bb du Conseil d\u2019Etat vaudois 2015","date":"28 novembre 2014","format":false,"excerpt":"On avait l\u2019impression que \u00ab\u00e7a p\u00e9touillait\u00bb\u2026 mais le Conseil d\u2019Etat vaudois a finalement attendu novembre 2014 pour d\u00e9signer son vin officiel, servi aux r\u00e9ceptions \u00e0 raison de 500 bouteilles. Choisi parmi les 1ers Grands Crus 2013, il s\u2019agit du Ch\u00e2teau de Chardonne, vinifi\u00e9 par Obrist, \u00e0 Vevey. Apr\u00e8s deux vins\u2026","rel":"","context":"Dans &quot;Vins suisses&quot;","img":{"alt_text":"","src":"https:\/\/i0.wp.com\/www.thomasvino.ch\/wp-content\/uploads\/2014\/11\/site_drap_chard-300x271.jpg?resize=350%2C200","width":350,"height":200},"classes":[]},{"id":9539,"url":"https:\/\/thomasvino.ch\/?p=9539","url_meta":{"origin":12533,"position":3},"title":"Le premier D\u00e9zaley 1er Grand Cru","date":"27 f\u00e9vrier 2013","format":false,"excerpt":"Vin vaudois Un D\u00e9zaley \u00abpremier\u00bb 1er Grand Cru On le savait d\u00e9j\u00e0: les \u00abnouveaux\u00bb 1ers Grands Crus vaudois ne seront que 15 en 2012, du moins si les 12 promus de l\u2019an pass\u00e9 repassent avec le mill\u00e9sime 2012. Des trois nouveaux, on connaissait le Ch\u00e2teau de La B\u00e2tie, \u00e0 Vinzel\u2026","rel":"","context":"Dans &quot;Vins suisses&quot;","img":{"alt_text":"","src":"img\/dez_gueniettaz.jpg","width":350,"height":200},"classes":[]},{"id":9380,"url":"https:\/\/thomasvino.ch\/?p=9380","url_meta":{"origin":12533,"position":4},"title":"Les \u00ab1ers GC\u00bb vaudois: verre \u00e0 moiti\u00e9 plein et \u00e0 moiti\u00e9 vide","date":"16 mai 2012","format":false,"excerpt":"Apr\u00e8s 15 ans de t\u00e2tonnements, ils sont 11 \u00e0 la douzaine, les \u00ab1ers Grands Crus vaudois\u00bb.11 chasselas pour l\u2019ann\u00e9e 2011 (15 pour 2012), port\u00e9s sur les fonts baptismaux par le pr\u00e9sident de l\u2019Office des vins vaudois, Pierre Keller, et le pr\u00e9sident (bient\u00f4t sortant) du Gouvernement, Pascal Broulis. L\u2019Etat, a-t-il annonc\u00e9,\u2026","rel":"","context":"Dans &quot;Vins suisses&quot;","img":{"alt_text":"site_chatagnereaz.jpg","src":"img\/site_chatagnereaz.jpg","width":350,"height":200},"classes":[]},{"id":14024,"url":"https:\/\/thomasvino.ch\/?p=14024","url_meta":{"origin":12533,"position":5},"title":"Le vin et le fromage du Gouvernement vaudois et 1ers GC 2015","date":"16 d\u00e9cembre 2016","format":false,"excerpt":"Comme chaque fin d'ann\u00e9e, le Conseil d'Etat vaudois s'est choisi un vin et un fromage. Pour le breuvage, le choix \u00e9tait limit\u00e9 \u00e0 l'un des quatre chasselas 1ers Grands Crus 2015 pr\u00e9-s\u00e9lectionn\u00e9s. L'heureux \u00e9lu\u00a0est le Domaine de Autecour, \u00e0 Mont-sur-Rolle, appartenant \u00e0 la famille Schenk-Bach. Quant au fromage, c'est un\u2026","rel":"","context":"Dans &quot;Actus - News&quot;","img":{"alt_text":"","src":"https:\/\/i0.wp.com\/www.thomasvino.ch\/wp-content\/uploads\/2016\/12\/Philippe-Schenk-a-gauche-et-Michael-Monnier-a-droite-300x200.jpg?resize=350%2C200","width":350,"height":200},"classes":[]}],"_links":{"self":[{"href":"https:\/\/thomasvino.ch\/index.php?rest_route=\/wp\/v2\/posts\/12533"}],"collection":[{"href":"https:\/\/thomasvino.ch\/index.php?rest_route=\/wp\/v2\/posts"}],"about":[{"href":"https:\/\/thomasvino.ch\/index.php?rest_route=\/wp\/v2\/types\/post"}],"author":[{"embeddable":true,"href":"https:\/\/thomasvino.ch\/index.php?rest_route=\/wp\/v2\/users\/3"}],"replies":[{"embeddable":true,"href":"https:\/\/thomasvino.ch\/index.php?rest_route=%2Fwp%2Fv2%2Fcomments&post=12533"}],"version-history":[{"count":0,"href":"https:\/\/thomasvino.ch\/index.php?rest_route=\/wp\/v2\/posts\/12533\/revisions"}],"wp:attachment":[{"href":"https:\/\/thomasvino.ch\/index.php?rest_route=%2Fwp%2Fv2%2Fmedia&parent=12533"}],"wp:term":[{"taxonomy":"category","embeddable":true,"href":"https:\/\/thomasvino.ch\/index.php?rest_route=%2Fwp%2Fv2%2Fcategories&post=12533"},{"taxonomy":"post_tag","embeddable":true,"href":"https:\/\/thomasvino.ch\/index.php?rest_route=%2Fwp%2Fv2%2Ftags&post=12533"}],"curies":[{"name":"wp","href":"https:\/\/api.w.org\/{rel}","templated":true}]}}