{"id":12542,"date":"2015-02-02T17:05:50","date_gmt":"2015-02-02T16:05:50","guid":{"rendered":"http:\/\/www.thomasvino.ch\/?p=12542"},"modified":"2015-02-09T10:09:28","modified_gmt":"2015-02-09T09:09:28","slug":"un-vin-tracable-que-par-le-papier","status":"publish","type":"post","link":"https:\/\/thomasvino.ch\/?p=12542","title":{"rendered":"Un vin \u00abtra\u00e7able\u00bb que par le papier"},"content":{"rendered":"<p><strong>Sur le site du m\u00e9dia fribourgeois Sept.Info, le journaliste libre Christian Humbert a publi\u00e9 le r\u00e9sultat de la querelle juridico-m\u00e9diatique de la r\u00e9cusation du procureur g\u00e9n\u00e9ral du canton de Vaud par l\u2019avocat valaisan de l\u2019encaveur Dominique Giroud. Au souper du FC Sion, l&rsquo;\u00abempereur\u00bb Christian Constantin a fait monter sur sc\u00e8ne l&rsquo;encaveur (<em>photo Keystone, tir\u00e9e de Facebook<\/em>).<br \/>\n<\/strong><\/p>\n<p>Dans une mascarade digne de Carnaval, avec une semaine d\u2019avance, \u00e0 la traditionnelle choucroute du FC Sion, qui a attir\u00e9 plus de 7&rsquo;000 personnes \u00e0 Martigny, le samedi 7 f\u00e9vrier, <strong>Christian Constantin<\/strong>, d\u00e9guis\u00e9 en <strong>Napol\u00e9on<\/strong>, a fait monter sur sc\u00e8ne <strong>Dominique Giroud<\/strong>. Dans sa chronique <em>\u00abLe fond de l\u2019air est frais\u00bb<\/em>, parue le lundi 9 f\u00e9vrier dans <em>24 Heures<\/em>, le journaliste <strong>Philippe Dubath<\/strong> cite l\u2019\u00abempereur\u00bb \u00e0 propos de l\u2019encaveur\u00a0: <em>\u00abIl a soutenu le FC Sion. Et il a mis du bon vin vaudois dans du bon vin valaisan, je ne dis pas que c\u2019est bien, mais ce n\u2019est pas un p\u00e9ch\u00e9 mortel, quand m\u00eame\u00a0!\u00bb Et CC m\u2019a pr\u00e9cis\u00e9\u00a0: \u00abD\u00e9but janvier, tout le monde \u00e9tait Charlie, moi ma libert\u00e9 d\u2019expression, c\u2019est de mettre Giroud sur sc\u00e8ne.\u00bb<\/em>. Comme le dit le ministre <strong>Oskar Freysinger<\/strong>, on nage en pleine <em>\u00abvalaisannerie\u00bb<\/em>\u2026<\/p>\n<p><a href=\"https:\/\/i0.wp.com\/www.thomasvino.ch\/wp-content\/uploads\/2015\/02\/giroud_fcsion.jpg\"><img data-attachment-id=\"12558\" data-permalink=\"https:\/\/thomasvino.ch\/?attachment_id=12558\" data-orig-file=\"https:\/\/i0.wp.com\/thomasvino.ch\/wp-content\/uploads\/2015\/02\/giroud_fcsion.jpg?fit=960%2C720&amp;ssl=1\" data-orig-size=\"960,720\" data-comments-opened=\"0\" data-image-meta=\"{&quot;aperture&quot;:&quot;0&quot;,&quot;credit&quot;:&quot;&quot;,&quot;camera&quot;:&quot;&quot;,&quot;caption&quot;:&quot;&quot;,&quot;created_timestamp&quot;:&quot;1423431664&quot;,&quot;copyright&quot;:&quot;&quot;,&quot;focal_length&quot;:&quot;0&quot;,&quot;iso&quot;:&quot;0&quot;,&quot;shutter_speed&quot;:&quot;0&quot;,&quot;title&quot;:&quot;&quot;,&quot;orientation&quot;:&quot;1&quot;}\" data-image-title=\"giroud_fcsion\" data-image-description=\"\" data-image-caption=\"\" data-medium-file=\"https:\/\/i0.wp.com\/thomasvino.ch\/wp-content\/uploads\/2015\/02\/giroud_fcsion.jpg?fit=300%2C225&amp;ssl=1\" data-large-file=\"https:\/\/i0.wp.com\/thomasvino.ch\/wp-content\/uploads\/2015\/02\/giroud_fcsion.jpg?fit=960%2C720&amp;ssl=1\" loading=\"lazy\" class=\"aligncenter size-medium wp-image-12558\" src=\"https:\/\/i0.wp.com\/www.thomasvino.ch\/wp-content\/uploads\/2015\/02\/giroud_fcsion-300x225.jpg?resize=300%2C225\" alt=\"giroud_fcsion\" width=\"300\" height=\"225\" srcset=\"https:\/\/i0.wp.com\/thomasvino.ch\/wp-content\/uploads\/2015\/02\/giroud_fcsion.jpg?resize=300%2C225&amp;ssl=1 300w, https:\/\/i0.wp.com\/thomasvino.ch\/wp-content\/uploads\/2015\/02\/giroud_fcsion.jpg?resize=768%2C576&amp;ssl=1 768w, https:\/\/i0.wp.com\/thomasvino.ch\/wp-content\/uploads\/2015\/02\/giroud_fcsion.jpg?w=960&amp;ssl=1 960w\" sizes=\"(max-width: 300px) 100vw, 300px\" data-recalc-dims=\"1\" \/><\/a><\/p>\n<p>Reste que le jugement vaudois, cit\u00e9 ci-dessous, le confirme, un metteur en bouteilles qui ach\u00e8te 5&rsquo;000 litres de fendant, 5&rsquo;000 litres de chasselas vaudois et 2&rsquo;000 litres de chasselas neuch\u00e2telois, met tout \u00e7a dans ses cuves, harmonise le vin, et le ressort en bouteilles \u00e9quivalant \u00e0 5&rsquo;000 litres \u00e9tiquet\u00e9s fendant, 5&rsquo;000 litres de chasselas vaudois et 2&rsquo;000 litres de chasselas neuch\u00e2telois, personne ne trouvera \u00e0 y redire, m\u00eame si c\u2019est le m\u00eame vin dans les 20&rsquo;000 flacons mis sur le march\u00e9\u00a0!<\/p>\n<h3>Assemblage-coupage impossible \u00e0 d\u00e9terminer<\/h3>\n<p>L&rsquo;avocat du Valaisan r\u00e9clamait la r\u00e9cusation au pr\u00e9texte que le procureur g\u00e9n\u00e9ral vaudois e\u00fbt d\u00e9voil\u00e9 des \u00e9l\u00e9ments de l\u2019<em>\u00abordonnance de classement\u00bb<\/em> dans l\u2019affaire dite du Saint-Saphorin, au <em>\u00abMatin-Dimanche\u00bb<\/em>. Le 21 janvier 2015, la Cour de droit administratif et public du Tribunal cantonal vaudois a tranch\u00e9 en affirmant que <em>\u00ables diff\u00e9rents griefs soulev\u00e9s par le requ\u00e9rant \u00e0 l\u2019encontre du procureur g\u00e9n\u00e9ral s\u2019av\u00e8rent tous infond\u00e9s\u00bb<\/em>. Les frais de justice de 1&rsquo;000 francs sont \u00e0 la charge de D. Giroud et s\u2019ajoutent au 6&rsquo;000 francs de frais pour l\u2019<em>\u00abordonnance de classement\u00bb<\/em>. Sans compter les honoraires d\u2019avocat et les frais de communication, puisque <strong><a title=\"Giroud Vins  Pas de fendant dans le saint-saph\u2019\" href=\"http:\/\/www.thomasvino.ch\/?p=12406\">l\u2019encaveur avait diffus\u00e9 lui-m\u00eame la d\u00e9cision de classement<\/a><\/strong> et avait d\u00e9clar\u00e9 ne pas vouloir rendre public le texte de l\u2019ordonnance.<\/p>\n<p>Au demeurant, l\u2019<em>\u00abaffaire du Saint-Saphorin\u00bb (<\/em>100&rsquo;000 bouteilles, mill\u00e9sime 2006, vendues \u00e0 Denner) remonte \u00e0 l\u2019ancienne l\u00e9gislation sur les vins vaudois, et du fameux 51% &#8211; 49%. Y a-t-il eu du fendant dans le Saint-Saphorin\u00a0? <em>\u00abC\u2019est par l\u2019examen des documents qui permettent de suivre le vin dans le cheminement parfois long et sinueux qui conduit du terroir \u00e0 la mise en bouteilles, et qui peut passer par plusieurs entit\u00e9s qui vendent, respectivement ach\u00e8tent, que le procureur est arriv\u00e9 \u00e0 la conclusion rappel\u00e9e plus haut\u00bb<\/em> (soit pas de fendant dans ce vin vaudois). Et de pr\u00e9ciser <em>\u00abD. Giroud n\u2019a pas le monopole de tels circuits suivis par du vin.\u00bb<\/em> Peut-on \u00e9tablir la conformit\u00e9 du vin \u00e0 une appellation par une analyse chimique\u00a0? R\u00e9ponse:<em> \u00abSelon les experts contact\u00e9s par le procurer, c\u2019est une id\u00e9e fausse, et la composition chimique r\u00e9sultant d\u2019une telle analyse ne sera pas diff\u00e9rente selon qu\u2019il s\u2019agit de Saint-Saphorin, ou d\u2019une autre appellation, \u00e0 tout le moins lorsqu\u2019il s\u2019agit du m\u00eame c\u00e9page.\u00bb<\/em><\/p>\n<p>On le savait d\u00e9j\u00e0, et ce n\u2019est pas de nature \u00e0 rassurer le consommateur sur les <em>\u00abmanipulations\u00bb<\/em> en <em>\u00abgrande cave\u00bb<\/em>\u2014car les vignerons-encaveurs sont fortement limit\u00e9s dans leurs achats de vins&#8230; \u2014 tant que les papiers \u00e9tablissent les entr\u00e9es et les sorties en rapport, en tenant compte d&rsquo;un \u00e9ventuel droit d&rsquo;assemblage-coupage. Le vin d&rsquo;un seul c\u00e9page, le chasselas en l&rsquo;esp\u00e8ce, n&rsquo;est tra\u00e7able que par les papiers qui l&rsquo;accompagnent.<\/p>\n<p><em>\u00a9thomasvino.ch<\/em><\/p>\n","protected":false},"excerpt":{"rendered":"<p>Sur le site du m\u00e9dia fribourgeois Sept.Info, le journaliste libre Christian Humbert a publi\u00e9 le r\u00e9sultat de la querelle juridico-m\u00e9diatique de la r\u00e9cusation du procureur g\u00e9n\u00e9ral du canton de Vaud par l\u2019avocat valaisan de l\u2019encaveur Dominique Giroud. Au souper du FC Sion, l&rsquo;\u00abempereur\u00bb Christian Constantin a fait monter sur sc\u00e8ne l&rsquo;encaveur (photo Keystone, tir\u00e9e de [&hellip;]<\/p>\n","protected":false},"author":3,"featured_media":0,"comment_status":"closed","ping_status":"open","sticky":false,"template":"","format":"standard","meta":{"_monsterinsights_skip_tracking":false,"_monsterinsights_sitenote_active":false,"_monsterinsights_sitenote_note":"","_monsterinsights_sitenote_category":0,"jetpack_post_was_ever_published":false,"jetpack_publicize_message":"Un vin \u00abtra\u00e7able\u00bb que par le papier","jetpack_is_tweetstorm":false,"jetpack_publicize_feature_enabled":true,"jetpack_social_post_already_shared":true,"jetpack_social_options":{"image_generator_settings":{"template":"highway","enabled":false}}},"categories":[15],"tags":[90,938,399,939,827,98],"jetpack_publicize_connections":[],"yoast_head":"<!-- This site is optimized with the Yoast SEO plugin v20.6 - https:\/\/yoast.com\/wordpress\/plugins\/seo\/ -->\n<title>Un vin \u00abtra\u00e7able\u00bb que par le papier - thomasvino<\/title>\n<meta name=\"description\" content=\"Dans l&#039;affaire Giroud, une d\u00e9cision du Tribunal cantonal vaudois confirme qu&#039;il est impossible de distinguer un chasselas d&#039;une provenance \u00e0 l&#039;autre.\" \/>\n<meta name=\"robots\" content=\"index, follow, max-snippet:-1, max-image-preview:large, max-video-preview:-1\" \/>\n<link rel=\"canonical\" href=\"https:\/\/thomasvino.ch\/?p=12542\" \/>\n<meta property=\"og:locale\" content=\"fr_FR\" \/>\n<meta property=\"og:type\" content=\"article\" \/>\n<meta property=\"og:title\" content=\"Un vin \u00abtra\u00e7able\u00bb que par le papier - thomasvino\" \/>\n<meta property=\"og:description\" content=\"Dans l&#039;affaire Giroud, une d\u00e9cision du Tribunal cantonal vaudois confirme qu&#039;il est impossible de distinguer un chasselas d&#039;une provenance \u00e0 l&#039;autre.\" \/>\n<meta property=\"og:url\" content=\"https:\/\/thomasvino.ch\/?p=12542\" \/>\n<meta property=\"og:site_name\" content=\"thomasvino\" \/>\n<meta property=\"article:published_time\" content=\"2015-02-02T16:05:50+00:00\" \/>\n<meta property=\"article:modified_time\" content=\"2015-02-09T09:09:28+00:00\" \/>\n<meta property=\"og:image\" content=\"http:\/\/www.thomasvino.ch\/wp-content\/uploads\/2015\/02\/giroud_fcsion-300x225.jpg\" \/>\n<meta name=\"author\" content=\"Pierre Thomas\" \/>\n<meta name=\"twitter:label1\" content=\"\u00c9crit par\" \/>\n\t<meta name=\"twitter:data1\" content=\"Pierre Thomas\" \/>\n\t<meta name=\"twitter:label2\" content=\"Dur\u00e9e de lecture estim\u00e9e\" \/>\n\t<meta name=\"twitter:data2\" content=\"4 minutes\" \/>\n<script type=\"application\/ld+json\" class=\"yoast-schema-graph\">{\"@context\":\"https:\/\/schema.org\",\"@graph\":[{\"@type\":\"WebPage\",\"@id\":\"https:\/\/thomasvino.ch\/?p=12542\",\"url\":\"https:\/\/thomasvino.ch\/?p=12542\",\"name\":\"Un vin \u00abtra\u00e7able\u00bb que par le papier - thomasvino\",\"isPartOf\":{\"@id\":\"https:\/\/thomasvino.ch\/#website\"},\"datePublished\":\"2015-02-02T16:05:50+00:00\",\"dateModified\":\"2015-02-09T09:09:28+00:00\",\"author\":{\"@id\":\"https:\/\/thomasvino.ch\/#\/schema\/person\/670bf4486fe81152cf1d68bd585e062e\"},\"description\":\"Dans l'affaire Giroud, une d\u00e9cision du Tribunal cantonal vaudois confirme qu'il est impossible de distinguer un chasselas d'une provenance \u00e0 l'autre.\",\"breadcrumb\":{\"@id\":\"https:\/\/thomasvino.ch\/?p=12542#breadcrumb\"},\"inLanguage\":\"fr-FR\",\"potentialAction\":[{\"@type\":\"ReadAction\",\"target\":[\"https:\/\/thomasvino.ch\/?p=12542\"]}]},{\"@type\":\"BreadcrumbList\",\"@id\":\"https:\/\/thomasvino.ch\/?p=12542#breadcrumb\",\"itemListElement\":[{\"@type\":\"ListItem\",\"position\":1,\"name\":\"Accueil\",\"item\":\"https:\/\/thomasvino.ch\/\"},{\"@type\":\"ListItem\",\"position\":2,\"name\":\"Un vin \u00abtra\u00e7able\u00bb que par le papier\"}]},{\"@type\":\"WebSite\",\"@id\":\"https:\/\/thomasvino.ch\/#website\",\"url\":\"https:\/\/thomasvino.ch\/\",\"name\":\"thomasvino\",\"description\":\"Vins &amp; Gastronomie\",\"potentialAction\":[{\"@type\":\"SearchAction\",\"target\":{\"@type\":\"EntryPoint\",\"urlTemplate\":\"https:\/\/thomasvino.ch\/?s={search_term_string}\"},\"query-input\":\"required name=search_term_string\"}],\"inLanguage\":\"fr-FR\"},{\"@type\":\"Person\",\"@id\":\"https:\/\/thomasvino.ch\/#\/schema\/person\/670bf4486fe81152cf1d68bd585e062e\",\"name\":\"Pierre Thomas\",\"image\":{\"@type\":\"ImageObject\",\"inLanguage\":\"fr-FR\",\"@id\":\"https:\/\/thomasvino.ch\/#\/schema\/person\/image\/\",\"url\":\"https:\/\/secure.gravatar.com\/avatar\/91fd5a76647f140e53db987a0dead4d7?s=96&d=mm&r=g\",\"contentUrl\":\"https:\/\/secure.gravatar.com\/avatar\/91fd5a76647f140e53db987a0dead4d7?s=96&d=mm&r=g\",\"caption\":\"Pierre Thomas\"},\"url\":\"https:\/\/thomasvino.ch\/?author=3\"}]}<\/script>\n<!-- \/ Yoast SEO plugin. -->","yoast_head_json":{"title":"Un vin \u00abtra\u00e7able\u00bb que par le papier - thomasvino","description":"Dans l'affaire Giroud, une d\u00e9cision du Tribunal cantonal vaudois confirme qu'il est impossible de distinguer un chasselas d'une provenance \u00e0 l'autre.","robots":{"index":"index","follow":"follow","max-snippet":"max-snippet:-1","max-image-preview":"max-image-preview:large","max-video-preview":"max-video-preview:-1"},"canonical":"https:\/\/thomasvino.ch\/?p=12542","og_locale":"fr_FR","og_type":"article","og_title":"Un vin \u00abtra\u00e7able\u00bb que par le papier - thomasvino","og_description":"Dans l'affaire Giroud, une d\u00e9cision du Tribunal cantonal vaudois confirme qu'il est impossible de distinguer un chasselas d'une provenance \u00e0 l'autre.","og_url":"https:\/\/thomasvino.ch\/?p=12542","og_site_name":"thomasvino","article_published_time":"2015-02-02T16:05:50+00:00","article_modified_time":"2015-02-09T09:09:28+00:00","og_image":[{"url":"http:\/\/www.thomasvino.ch\/wp-content\/uploads\/2015\/02\/giroud_fcsion-300x225.jpg"}],"author":"Pierre Thomas","twitter_misc":{"\u00c9crit par":"Pierre Thomas","Dur\u00e9e de lecture estim\u00e9e":"4 minutes"},"schema":{"@context":"https:\/\/schema.org","@graph":[{"@type":"WebPage","@id":"https:\/\/thomasvino.ch\/?p=12542","url":"https:\/\/thomasvino.ch\/?p=12542","name":"Un vin \u00abtra\u00e7able\u00bb que par le papier - thomasvino","isPartOf":{"@id":"https:\/\/thomasvino.ch\/#website"},"datePublished":"2015-02-02T16:05:50+00:00","dateModified":"2015-02-09T09:09:28+00:00","author":{"@id":"https:\/\/thomasvino.ch\/#\/schema\/person\/670bf4486fe81152cf1d68bd585e062e"},"description":"Dans l'affaire Giroud, une d\u00e9cision du Tribunal cantonal vaudois confirme qu'il est impossible de distinguer un chasselas d'une provenance \u00e0 l'autre.","breadcrumb":{"@id":"https:\/\/thomasvino.ch\/?p=12542#breadcrumb"},"inLanguage":"fr-FR","potentialAction":[{"@type":"ReadAction","target":["https:\/\/thomasvino.ch\/?p=12542"]}]},{"@type":"BreadcrumbList","@id":"https:\/\/thomasvino.ch\/?p=12542#breadcrumb","itemListElement":[{"@type":"ListItem","position":1,"name":"Accueil","item":"https:\/\/thomasvino.ch\/"},{"@type":"ListItem","position":2,"name":"Un vin \u00abtra\u00e7able\u00bb que par le papier"}]},{"@type":"WebSite","@id":"https:\/\/thomasvino.ch\/#website","url":"https:\/\/thomasvino.ch\/","name":"thomasvino","description":"Vins &amp; Gastronomie","potentialAction":[{"@type":"SearchAction","target":{"@type":"EntryPoint","urlTemplate":"https:\/\/thomasvino.ch\/?s={search_term_string}"},"query-input":"required name=search_term_string"}],"inLanguage":"fr-FR"},{"@type":"Person","@id":"https:\/\/thomasvino.ch\/#\/schema\/person\/670bf4486fe81152cf1d68bd585e062e","name":"Pierre Thomas","image":{"@type":"ImageObject","inLanguage":"fr-FR","@id":"https:\/\/thomasvino.ch\/#\/schema\/person\/image\/","url":"https:\/\/secure.gravatar.com\/avatar\/91fd5a76647f140e53db987a0dead4d7?s=96&d=mm&r=g","contentUrl":"https:\/\/secure.gravatar.com\/avatar\/91fd5a76647f140e53db987a0dead4d7?s=96&d=mm&r=g","caption":"Pierre Thomas"},"url":"https:\/\/thomasvino.ch\/?author=3"}]}},"jetpack_featured_media_url":"","jetpack_sharing_enabled":true,"jetpack_shortlink":"https:\/\/wp.me\/p3m4tZ-3gi","jetpack_likes_enabled":false,"jetpack-related-posts":[{"id":13797,"url":"https:\/\/thomasvino.ch\/?p=13797","url_meta":{"origin":12542,"position":0},"title":"Affaire Giroud: l&rsquo;\u00e9mission \u00abTemps pr\u00e9sent\u00bb \u00e9pingl\u00e9e","date":"25 ao\u00fbt 2016","format":false,"excerpt":"L'Autorit\u00e9 ind\u00e9pendante d'examen des plaintes en mati\u00e8re de radio-t\u00e9l\u00e9vision (AIEP) a accept\u00e9 une plainte de Dominique Giroud contre une \u00e9mission de la RTS. Elle visait l'\u00e9mission \"Temps pr\u00e9sent\" consacr\u00e9e au syst\u00e8me de surveillance du secteur vini-viticole. Le site www.swissinfo.ch donne la d\u00e9p\u00eache de l'ats, dat\u00e9e du 25 ao\u00fbt 2016. Le\u2026","rel":"","context":"Dans &quot;Actus - News&quot;","img":{"alt_text":"","src":"","width":0,"height":0},"classes":[]},{"id":12510,"url":"https:\/\/thomasvino.ch\/?p=12510","url_meta":{"origin":12542,"position":1},"title":"Jeudi 22.1.2015 : \u00abTemps Pr\u00e9sent\u00bb et l\u2019\u00abaffaire Giroud\u00bb","date":"21 janvier 2015","format":false,"excerpt":"Cela fait un peu plus d\u2019un an que l\u2019\u00abaffaire Giroud\u00bb, du nom de l\u2019encaveur valaisan Dominique Giroud, alimente la chronique. D\u2019abord financi\u00e8re et fiscale, elle est devenue politique valaiso-valaisanne, et n\u2019a pas manqu\u00e9 de d\u00e9border sur son \u00abbusiness\u00bb de base, le commerce de vin. A cause d\u2019elle, les milieux vitivinicoles\u2026","rel":"","context":"Dans &quot;Actus - News&quot;","img":{"alt_text":"","src":"","width":0,"height":0},"classes":[]},{"id":12518,"url":"https:\/\/thomasvino.ch\/?p=12518","url_meta":{"origin":12542,"position":2},"title":"Affaire Giroud  Questions pour un champion","date":"23 janvier 2015","format":false,"excerpt":"Jeudi 22 janvier, l\u2019\u00e9mission Temps Pr\u00e9sent de la TSR est revenue sur les multiples facettes de \u00abl\u2019affaire Giroud\u00bb, qui secoue depuis un peu plus d\u2019un an le microcosme valaisan. Retour sur le volet vitivinicole, plut\u00f4t que sur le contr\u00f4le des vins, les imp\u00f4ts et la politique. Par Pierre Thomas Le\u2026","rel":"","context":"Dans &quot;Actus - News&quot;","img":{"alt_text":"","src":"","width":0,"height":0},"classes":[]},{"id":12406,"url":"https:\/\/thomasvino.ch\/?p=12406","url_meta":{"origin":12542,"position":3},"title":"Giroud Vins  Pas de fendant dans le saint-saph\u2019","date":"3 d\u00e9cembre 2014","format":false,"excerpt":"Le porte-parole de l'encaveur valaisan Dominique Giroud, le Lausannois Marc Comina, communique\u00a0: \u00abEn 2006, Dominique Giroud a commercialis\u00e9 un lot de 100'000 bouteilles de St-Saphorin. En 2009, cette transaction a fait l\u2019objet d\u2019une plainte p\u00e9nale. Apr\u00e8s une enqu\u00eate exhaustive, le Minist\u00e8re public conclut express\u00e9ment aujourd\u2019hui que \u00ables 100'000 bouteilles de\u2026","rel":"","context":"Dans &quot;Actus - News&quot;","img":{"alt_text":"","src":"","width":0,"height":0},"classes":[]},{"id":11854,"url":"https:\/\/thomasvino.ch\/?p=11854","url_meta":{"origin":12542,"position":4},"title":"Affaire Giroud: rebondissements!","date":"17 mars 2014","format":false,"excerpt":"Le directeur sortant, en d\u00e9cembre 2013, des Fils Maye SA, \u00e0 Riddes, a retrouv\u00e9 de l'embauche. Selon la Feuille officielle suisse du commerce du 7 mars 2014, Charles-Albert Fumeaux est inscrit comme pr\u00e9sident de la soci\u00e9t\u00e9 Ch\u00e2teau Constellation SA, du nom de l'assemblage haut de gamme de Giroud Vins SA,\u2026","rel":"","context":"Dans &quot;Actus - News&quot;","img":{"alt_text":"","src":"","width":0,"height":0},"classes":[]},{"id":12063,"url":"https:\/\/thomasvino.ch\/?p=12063","url_meta":{"origin":12542,"position":5},"title":"Le \u00abstorytelling\u00bb du vin \u00e0 l\u2019assaut du Valais","date":"25 juin 2014","format":false,"excerpt":"Raconter des histoires, comme un \u00abconte de faits\u00bb. C\u2019est la d\u00e9finition du \u00abstorytelling\u00bb, qui part \u00e0 l\u2019assaut du Valais ces temps-ci. Comme si \u00abdes histoires\u00bb, il n\u2019y en avait pas assez, dans le monde du vin\u2026 Par Pierre Thomas Ce lundi, les journalistes ont rebondi sur la prose envoy\u00e9e par\u2026","rel":"","context":"Dans &quot;Vins suisses&quot;","img":{"alt_text":"","src":"","width":0,"height":0},"classes":[]}],"_links":{"self":[{"href":"https:\/\/thomasvino.ch\/index.php?rest_route=\/wp\/v2\/posts\/12542"}],"collection":[{"href":"https:\/\/thomasvino.ch\/index.php?rest_route=\/wp\/v2\/posts"}],"about":[{"href":"https:\/\/thomasvino.ch\/index.php?rest_route=\/wp\/v2\/types\/post"}],"author":[{"embeddable":true,"href":"https:\/\/thomasvino.ch\/index.php?rest_route=\/wp\/v2\/users\/3"}],"replies":[{"embeddable":true,"href":"https:\/\/thomasvino.ch\/index.php?rest_route=%2Fwp%2Fv2%2Fcomments&post=12542"}],"version-history":[{"count":0,"href":"https:\/\/thomasvino.ch\/index.php?rest_route=\/wp\/v2\/posts\/12542\/revisions"}],"wp:attachment":[{"href":"https:\/\/thomasvino.ch\/index.php?rest_route=%2Fwp%2Fv2%2Fmedia&parent=12542"}],"wp:term":[{"taxonomy":"category","embeddable":true,"href":"https:\/\/thomasvino.ch\/index.php?rest_route=%2Fwp%2Fv2%2Fcategories&post=12542"},{"taxonomy":"post_tag","embeddable":true,"href":"https:\/\/thomasvino.ch\/index.php?rest_route=%2Fwp%2Fv2%2Ftags&post=12542"}],"curies":[{"name":"wp","href":"https:\/\/api.w.org\/{rel}","templated":true}]}}