{"id":12571,"date":"2015-02-27T09:07:56","date_gmt":"2015-02-27T08:07:56","guid":{"rendered":"http:\/\/www.thomasvino.ch\/?p=12571"},"modified":"2021-06-05T19:33:16","modified_gmt":"2021-06-05T18:33:16","slug":"les-vins-de-la-ville-de-lausanne-la-conquete-de-leur-autonomie","status":"publish","type":"post","link":"https:\/\/thomasvino.ch\/?p=12571","title":{"rendered":"Les vins de la Ville de Lausanne \u00e0 la conqu\u00eate de leur autonomie"},"content":{"rendered":"<p><strong>Ce mois de f\u00e9vrier, la Ville de Lausanne va embouteiller elle-m\u00eame ses premiers vins. Le symbole du cap mis sur l\u2019autonomie du plus grand propri\u00e9taire public de vignes de Suisse.<\/strong><\/p>\n<p><em>Par Pierre Thomas<\/em><\/p>\n<p><em>\u00abCes 33 hectares, r\u00e9partis sur cinq domaines, deux \u00e0 La C\u00f4te et trois \u00e0 Lavaux, sont un bijou de la viticulture vaudoise. Il y a de l\u2019attente sur le terroir pour des vins qui sont tous de domaine en grands crus. C\u2019est un nouveau d\u00e9part, qui vise \u00e0 parler de Lausanne d\u2019abord. L\u2019ensemble repose sur un travail d\u2019\u00e9quipe, sur la p\u00e9rennisation des domaines, avec une orientation \u00e9cologique\u00bb<\/em>, explique la responsable des vignobles depuis 4 ans <em>(r\u00e9d.: elle quittera ce poste en 2020)<\/em>, <strong>Tania Gfeller,<\/strong> 36 ans, ing\u00e9nieur \u0153nologue dipl\u00f4m\u00e9e de Changins<em>.<\/em><\/p>\n<h3><strong>Le 2014 vinifi\u00e9 \u00abmaison\u00bb<\/strong><\/h3>\n<p>La nouvelle strat\u00e9gie des vins de la Ville a \u00e9t\u00e9 voulue par la Municipalit\u00e9, \u00e0 majorit\u00e9 de gauche, et valid\u00e9e par une majorit\u00e9 du L\u00e9gislatif. La mutation est programm\u00e9e sur cinq ans. Mais le secteur vinification a chang\u00e9 en six mois. D\u00e8s le mill\u00e9sime 2014, les vins ont \u00e9t\u00e9 \u00e9labor\u00e9s <em>\u00abmaison\u00bb<\/em>, domaine par domaine, suivis par une \u0153nologue, dipl\u00f4m\u00e9e de Changins, d\u2019origine am\u00e9ricaine, mais qui a renonc\u00e9 \u00e0 son mandat pour des raisons familiales.<\/p>\n<p>Ces vins, soit pr\u00e8s de 250&rsquo;000 flacons, seront mis sous verre \u00e0 la fin f\u00e9vrier, \u00e0 l\u2019Abbaye de Mont (sur Rolle), dot\u00e9e d\u2019une nouvelle cha\u00eene apte \u00e0 embouteiller les vins de tous les domaines, y compris ceux de Lavaux, et dont l\u2019achat sera amorti en deux ans. Au passage, la Ville de Lausanne r\u00e9cup\u00e8re un \u00abchiffre d\u2019affaires\u00bb qui pourrait repr\u00e9senter pr\u00e8s d\u2019un demi-million de francs par an, en fonction du volume vendu aux ench\u00e8res. Il s\u2019ajoutera au revenu de la mise. La 212<sup>\u00e8me<\/sup>, le 13 d\u00e9cembre 2014, avait rapport\u00e9 1,4 million de francs, certes en retrait, selon le prix moyen du litre, par rapport au mill\u00e9sime 2013 (tr\u00e8s faible en quantit\u00e9 dans le canton de Vaud), mais sans lot invendu, pour 135&rsquo;000 litres mis\u00e9s.<\/p>\n<h3><strong>Deux chefs de culture salari\u00e9s au lieu de cinq vignerons-t\u00e2cherons<\/strong><\/h3>\n<p>Dans le terrain, la nouvelle structure implique la fin des <em>\u00abvignerons-t\u00e2cherons\u00bb<\/em> et la renonciation aux services des <em>\u00abtonneliers\u00bb<\/em>. Les premiers, qui \u00e9taient cinq, \u00e9taient pay\u00e9s en argent et en vin, en fonction de la r\u00e9colte, selon un cahier des charges historique. Les seconds ex\u00e9cutaient des t\u00e2ches d\u2019\u0153nologie <em>\u00ab\u00e0 fa\u00e7on\u00bb<\/em>.<\/p>\n<p>En viticulture, les domaines seront plac\u00e9s sous la responsabilit\u00e9 de deux chefs de culture, salari\u00e9s de la commune. <strong>Luc Dubouloz<\/strong>, d\u00e9j\u00e0 en fonction comme vigneron-t\u00e2cheron au Domaine du Burignon, prendra sa nouvelle charge d\u00e8s le d\u00e9but de l\u2019an prochain (2016) pour les trois domaines de Lavaux. A La C\u00f4te, <strong>Enrico Antonioli<\/strong> a \u00e9t\u00e9 engag\u00e9\u00a0: cet Italien de la Valteline est un sp\u00e9cialiste de la biodynamie. Et si, \u00e0 Lavaux, l\u2019accent est mis sur le remaniement du Clos des Abbayes, qui passera de la culture en gobelet \u00e0 la culture en banquette, comme au Clos des Moines, le Ch\u00e2teau Rochefort, \u00e0 Allaman, est d\u00e9j\u00e0 certifi\u00e9 <em>\u00abbio suisse\u00bb<\/em> et cultiv\u00e9 en biodynamie, un mode de culture que devrait rejoindre les vignes de l\u2019Abbaye de Mont. Le vigneron <strong>Aim\u00e9 Berger<\/strong>, retrait\u00e9 l\u2019an pass\u00e9 le Ch\u00e2teau Rochefort, a eu la satisfaction de voir son Gamaret Barrique 2011, couronn\u00e9 meilleur vin bio du pays au Grand Prix du vin suisse 2014.<\/p>\n<h3><strong>Deux jeunes Vaudois en cave<\/strong><\/h3>\n<p>En cave, <strong>Tania Gfeller<\/strong>, qui prend conseil, de cas en cas, aupr\u00e8s de l\u2019\u0153nologue expert <strong>Philippe Corthay<\/strong>, peut compter sur deux nouveaux cavistes, qui ont \u0153uvr\u00e9 plusieurs ann\u00e9es sur des domaines vaudois, <strong>Alexandre Fischer<\/strong>, \u00e0 l\u2019Abbaye de Mont, d\u2019une famille de vignerons de Belmont, et <strong>Vincent Liardet<\/strong>, qui a notamment travaill\u00e9 \u00e0 la cave de Corseaux et pour <strong>Bernard Cav\u00e9<\/strong>.<\/p>\n<p>Cette nouvelle strat\u00e9gie devrait conduire \u00e0 des vins d\u2019une part, \u00abplus qualitatifs, plus pr\u00e9cis\u00bb, et, d\u2019autre part, <em>\u00abd\u00e9gager une \u00e9conomie d\u2019\u00e9chelle gr\u00e2ce \u00e0 la synergie des moyens, sans que cela co\u00fbte plus cher \u00e0 la Ville de Lausanne\u00bb<\/em>. Inutile de dire que les politiques veillent au grain. Mais des villes comme Morges, Pully, Berne, ou la Bourgeoisie de Fribourg, ont mis en place, dans leur vignoble, des structures \u00abautonomes\u00bb qui font d\u2019elles de v\u00e9ritables petites et moyennes entreprises vitivinicoles verticalis\u00e9es de la vigne \u00e0 la bouteille.<\/p>\n<p><em>Sur le net\u00a0: <strong><a title=\"La Ville de Lausanne produit son vin elle-m\u00eame\" href=\"http:\/\/www.lausanne.ch\/vins\">www.lausanne.ch\/vins<\/a><\/strong> et <strong><a title=\"Mise aux ench\u00e8res Ville de Lausanne\" href=\"http:\/\/www.lamiseauxencheres.ch\/\">www.lamiseauxencheres.ch<\/a><\/strong><\/em><\/p>\n<p><em>VO d&rsquo;un article paru dans <\/em>H\u00f4tellerie &amp; Gastronomie Hebdo<em> du 19 f\u00e9vrier 2015.<br \/>\n<\/em><\/p>\n","protected":false},"excerpt":{"rendered":"<p>Ce mois de f\u00e9vrier, la Ville de Lausanne va embouteiller elle-m\u00eame ses premiers vins. Le symbole du cap mis sur l\u2019autonomie du plus grand propri\u00e9taire public de vignes de Suisse. Par Pierre Thomas \u00abCes 33 hectares, r\u00e9partis sur cinq domaines, deux \u00e0 La C\u00f4te et trois \u00e0 Lavaux, sont un bijou de la viticulture vaudoise. [&hellip;]<\/p>\n","protected":false},"author":3,"featured_media":0,"comment_status":"closed","ping_status":"open","sticky":false,"template":"","format":"standard","meta":{"_monsterinsights_skip_tracking":false,"_monsterinsights_sitenote_active":false,"_monsterinsights_sitenote_note":"","_monsterinsights_sitenote_category":0,"jetpack_post_was_ever_published":false,"jetpack_publicize_message":"","jetpack_is_tweetstorm":false,"jetpack_publicize_feature_enabled":true,"jetpack_social_post_already_shared":true,"jetpack_social_options":{"image_generator_settings":{"template":"highway","enabled":false}}},"categories":[15],"tags":[946,949,948,947,325],"jetpack_publicize_connections":[],"yoast_head":"<!-- This site is optimized with the Yoast SEO plugin v20.6 - https:\/\/yoast.com\/wordpress\/plugins\/seo\/ -->\n<title>Les vins de la Ville de Lausanne \u00e0 la conqu\u00eate de leur autonomie - thomasvino<\/title>\n<meta name=\"description\" content=\"Les vins de la Ville de Lausanne seront d\u00e9sormais produits dans les domaines et les caves de la Ville, par du personnel r\u00e9tribu\u00e9 par elle. Une (r)\u00e9volution!\" \/>\n<meta name=\"robots\" content=\"index, follow, max-snippet:-1, max-image-preview:large, max-video-preview:-1\" \/>\n<link rel=\"canonical\" href=\"https:\/\/thomasvino.ch\/?p=12571\" \/>\n<meta property=\"og:locale\" content=\"fr_FR\" \/>\n<meta property=\"og:type\" content=\"article\" \/>\n<meta property=\"og:title\" content=\"Les vins de la Ville de Lausanne \u00e0 la conqu\u00eate de leur autonomie - thomasvino\" \/>\n<meta property=\"og:description\" content=\"Les vins de la Ville de Lausanne seront d\u00e9sormais produits dans les domaines et les caves de la Ville, par du personnel r\u00e9tribu\u00e9 par elle. Une (r)\u00e9volution!\" \/>\n<meta property=\"og:url\" content=\"https:\/\/thomasvino.ch\/?p=12571\" \/>\n<meta property=\"og:site_name\" content=\"thomasvino\" \/>\n<meta property=\"article:published_time\" content=\"2015-02-27T08:07:56+00:00\" \/>\n<meta property=\"article:modified_time\" content=\"2021-06-05T18:33:16+00:00\" \/>\n<meta name=\"author\" content=\"Pierre Thomas\" \/>\n<meta name=\"twitter:label1\" content=\"\u00c9crit par\" \/>\n\t<meta name=\"twitter:data1\" content=\"Pierre Thomas\" \/>\n\t<meta name=\"twitter:label2\" content=\"Dur\u00e9e de lecture estim\u00e9e\" \/>\n\t<meta name=\"twitter:data2\" content=\"4 minutes\" \/>\n<script type=\"application\/ld+json\" class=\"yoast-schema-graph\">{\"@context\":\"https:\/\/schema.org\",\"@graph\":[{\"@type\":\"WebPage\",\"@id\":\"https:\/\/thomasvino.ch\/?p=12571\",\"url\":\"https:\/\/thomasvino.ch\/?p=12571\",\"name\":\"Les vins de la Ville de Lausanne \u00e0 la conqu\u00eate de leur autonomie - thomasvino\",\"isPartOf\":{\"@id\":\"https:\/\/thomasvino.ch\/#website\"},\"datePublished\":\"2015-02-27T08:07:56+00:00\",\"dateModified\":\"2021-06-05T18:33:16+00:00\",\"author\":{\"@id\":\"https:\/\/thomasvino.ch\/#\/schema\/person\/670bf4486fe81152cf1d68bd585e062e\"},\"description\":\"Les vins de la Ville de Lausanne seront d\u00e9sormais produits dans les domaines et les caves de la Ville, par du personnel r\u00e9tribu\u00e9 par elle. Une (r)\u00e9volution!\",\"breadcrumb\":{\"@id\":\"https:\/\/thomasvino.ch\/?p=12571#breadcrumb\"},\"inLanguage\":\"fr-FR\",\"potentialAction\":[{\"@type\":\"ReadAction\",\"target\":[\"https:\/\/thomasvino.ch\/?p=12571\"]}]},{\"@type\":\"BreadcrumbList\",\"@id\":\"https:\/\/thomasvino.ch\/?p=12571#breadcrumb\",\"itemListElement\":[{\"@type\":\"ListItem\",\"position\":1,\"name\":\"Accueil\",\"item\":\"https:\/\/thomasvino.ch\/\"},{\"@type\":\"ListItem\",\"position\":2,\"name\":\"Les vins de la Ville de Lausanne \u00e0 la conqu\u00eate de leur autonomie\"}]},{\"@type\":\"WebSite\",\"@id\":\"https:\/\/thomasvino.ch\/#website\",\"url\":\"https:\/\/thomasvino.ch\/\",\"name\":\"thomasvino\",\"description\":\"Vins &amp; Gastronomie\",\"potentialAction\":[{\"@type\":\"SearchAction\",\"target\":{\"@type\":\"EntryPoint\",\"urlTemplate\":\"https:\/\/thomasvino.ch\/?s={search_term_string}\"},\"query-input\":\"required name=search_term_string\"}],\"inLanguage\":\"fr-FR\"},{\"@type\":\"Person\",\"@id\":\"https:\/\/thomasvino.ch\/#\/schema\/person\/670bf4486fe81152cf1d68bd585e062e\",\"name\":\"Pierre Thomas\",\"image\":{\"@type\":\"ImageObject\",\"inLanguage\":\"fr-FR\",\"@id\":\"https:\/\/thomasvino.ch\/#\/schema\/person\/image\/\",\"url\":\"https:\/\/secure.gravatar.com\/avatar\/91fd5a76647f140e53db987a0dead4d7?s=96&d=mm&r=g\",\"contentUrl\":\"https:\/\/secure.gravatar.com\/avatar\/91fd5a76647f140e53db987a0dead4d7?s=96&d=mm&r=g\",\"caption\":\"Pierre Thomas\"},\"url\":\"https:\/\/thomasvino.ch\/?author=3\"}]}<\/script>\n<!-- \/ Yoast SEO plugin. -->","yoast_head_json":{"title":"Les vins de la Ville de Lausanne \u00e0 la conqu\u00eate de leur autonomie - thomasvino","description":"Les vins de la Ville de Lausanne seront d\u00e9sormais produits dans les domaines et les caves de la Ville, par du personnel r\u00e9tribu\u00e9 par elle. Une (r)\u00e9volution!","robots":{"index":"index","follow":"follow","max-snippet":"max-snippet:-1","max-image-preview":"max-image-preview:large","max-video-preview":"max-video-preview:-1"},"canonical":"https:\/\/thomasvino.ch\/?p=12571","og_locale":"fr_FR","og_type":"article","og_title":"Les vins de la Ville de Lausanne \u00e0 la conqu\u00eate de leur autonomie - thomasvino","og_description":"Les vins de la Ville de Lausanne seront d\u00e9sormais produits dans les domaines et les caves de la Ville, par du personnel r\u00e9tribu\u00e9 par elle. Une (r)\u00e9volution!","og_url":"https:\/\/thomasvino.ch\/?p=12571","og_site_name":"thomasvino","article_published_time":"2015-02-27T08:07:56+00:00","article_modified_time":"2021-06-05T18:33:16+00:00","author":"Pierre Thomas","twitter_misc":{"\u00c9crit par":"Pierre Thomas","Dur\u00e9e de lecture estim\u00e9e":"4 minutes"},"schema":{"@context":"https:\/\/schema.org","@graph":[{"@type":"WebPage","@id":"https:\/\/thomasvino.ch\/?p=12571","url":"https:\/\/thomasvino.ch\/?p=12571","name":"Les vins de la Ville de Lausanne \u00e0 la conqu\u00eate de leur autonomie - thomasvino","isPartOf":{"@id":"https:\/\/thomasvino.ch\/#website"},"datePublished":"2015-02-27T08:07:56+00:00","dateModified":"2021-06-05T18:33:16+00:00","author":{"@id":"https:\/\/thomasvino.ch\/#\/schema\/person\/670bf4486fe81152cf1d68bd585e062e"},"description":"Les vins de la Ville de Lausanne seront d\u00e9sormais produits dans les domaines et les caves de la Ville, par du personnel r\u00e9tribu\u00e9 par elle. Une (r)\u00e9volution!","breadcrumb":{"@id":"https:\/\/thomasvino.ch\/?p=12571#breadcrumb"},"inLanguage":"fr-FR","potentialAction":[{"@type":"ReadAction","target":["https:\/\/thomasvino.ch\/?p=12571"]}]},{"@type":"BreadcrumbList","@id":"https:\/\/thomasvino.ch\/?p=12571#breadcrumb","itemListElement":[{"@type":"ListItem","position":1,"name":"Accueil","item":"https:\/\/thomasvino.ch\/"},{"@type":"ListItem","position":2,"name":"Les vins de la Ville de Lausanne \u00e0 la conqu\u00eate de leur autonomie"}]},{"@type":"WebSite","@id":"https:\/\/thomasvino.ch\/#website","url":"https:\/\/thomasvino.ch\/","name":"thomasvino","description":"Vins &amp; Gastronomie","potentialAction":[{"@type":"SearchAction","target":{"@type":"EntryPoint","urlTemplate":"https:\/\/thomasvino.ch\/?s={search_term_string}"},"query-input":"required name=search_term_string"}],"inLanguage":"fr-FR"},{"@type":"Person","@id":"https:\/\/thomasvino.ch\/#\/schema\/person\/670bf4486fe81152cf1d68bd585e062e","name":"Pierre Thomas","image":{"@type":"ImageObject","inLanguage":"fr-FR","@id":"https:\/\/thomasvino.ch\/#\/schema\/person\/image\/","url":"https:\/\/secure.gravatar.com\/avatar\/91fd5a76647f140e53db987a0dead4d7?s=96&d=mm&r=g","contentUrl":"https:\/\/secure.gravatar.com\/avatar\/91fd5a76647f140e53db987a0dead4d7?s=96&d=mm&r=g","caption":"Pierre Thomas"},"url":"https:\/\/thomasvino.ch\/?author=3"}]}},"jetpack_featured_media_url":"","jetpack_sharing_enabled":true,"jetpack_shortlink":"https:\/\/wp.me\/p3m4tZ-3gL","jetpack_likes_enabled":false,"jetpack-related-posts":[{"id":13935,"url":"https:\/\/thomasvino.ch\/?p=13935","url_meta":{"origin":12571,"position":0},"title":"Mise des vins de la Ville  Plus pr\u00e8s des Lausannois(es)","date":"21 novembre 2016","format":false,"excerpt":"C\u2019est la plus ancienne mise aux ench\u00e8res publique de vins d\u2019Europe, selon Tania Gfeller, la cheffe du service des vins de la Ville de Lausanne. Sa 214\u00e8me \u00e9dition aura lieu le samedi 10 d\u00e9cembre 2016, d\u00e8s 10 h., \u00e0 l\u2019H\u00f4tel-de-Ville, pour \u00e9couler le \u00abvin nouveau\u00bb 2016 du plus grand propri\u00e9taire\u2026","rel":"","context":"Dans &quot;Actus - News&quot;","img":{"alt_text":"","src":"https:\/\/i0.wp.com\/www.thomasvino.ch\/wp-content\/uploads\/2016\/11\/dezaley_cully-300x225.jpg?resize=350%2C200","width":350,"height":200},"classes":[]},{"id":13226,"url":"https:\/\/thomasvino.ch\/?p=13226","url_meta":{"origin":12571,"position":1},"title":"Avant la 213\u00e8me vente aux ench\u00e8res  Lausanne veut faire boire local","date":"4 d\u00e9cembre 2015","format":false,"excerpt":"On le sait, Lausanne, plus grand propri\u00e9taire viticole de Suisse, a repris l\u2019entier de l\u2019exploitation de son vignoble, de La C\u00f4te \u00e0 Lavaux, de la cave \u00e0 la vente, en passant par la mise en bouteille. Malgr\u00e9 une baisse de 30% de la production en 2015, samedi 12 d\u00e9cembre, \u00e0\u2026","rel":"","context":"Dans &quot;Actus - News&quot;","img":{"alt_text":"","src":"https:\/\/i0.wp.com\/www.thomasvino.ch\/wp-content\/uploads\/2015\/11\/dez_automne15-300x225.jpg?resize=350%2C200","width":350,"height":200},"classes":[]},{"id":11513,"url":"https:\/\/thomasvino.ch\/?p=11513","url_meta":{"origin":12571,"position":2},"title":"40% de vin en moins \u00e0 la vente aux ench\u00e8res de la Ville de Lausanne","date":"3 d\u00e9cembre 2013","format":false,"excerpt":"Plus important propri\u00e9taire public de domaines viticoles en Suisse, la Ville de Lausanne mettra ses vins en vente aux ench\u00e8res le samedi 14 d\u00e9cembre 2013, d\u00e8s 9 h., \u00e0 l'H\u00f4tel-de-Ville, pour la 211\u00e8me fois. S'il y aura de petits lots, pour les priv\u00e9s, sur l'ensemble, le mill\u00e9sime 2013 est inf\u00e9rieur\u2026","rel":"","context":"Dans &quot;Actus - News&quot;","img":{"alt_text":"","src":"","width":0,"height":0},"classes":[]},{"id":11566,"url":"https:\/\/thomasvino.ch\/?p=11566","url_meta":{"origin":12571,"position":3},"title":"Mise des vins de la Ville de Lausanne  Quantit\u00e9 \u00e0 la baisse = prix \u00e0 la hausse !","date":"14 d\u00e9cembre 2013","format":false,"excerpt":"La Ville de Lausanne, plus gros propri\u00e9taire viticole public de Suisse, a pu le v\u00e9rifier, ce samedi 14 d\u00e9cembre\u00a0: une quantit\u00e9 mise en vente publique aux ench\u00e8res \u00e0 la baisse d\u00e9bouche sur des prix \u00e0 la hausse. Pour ce mill\u00e9sime 2013, les ventes ont fris\u00e9 1,4 million de francs pour\u2026","rel":"","context":"Dans &quot;Actus - News&quot;","img":{"alt_text":"","src":"https:\/\/i0.wp.com\/www.thomasvino.ch\/wp-content\/uploads\/2013\/12\/site_mise2013vdl-300x225.jpg?resize=350%2C200","width":350,"height":200},"classes":[]},{"id":9288,"url":"https:\/\/thomasvino.ch\/?p=9288","url_meta":{"origin":12571,"position":4},"title":"Renouveau \u00e0 la t\u00eate des vins de la Ville de Lausanne","date":"30 novembre 2011","format":false,"excerpt":"Vente des vins de la ville de Lausanne Tradition et nouveaut\u00e9s 2011 Chambardement \u00e0 la gestion des domaines viticoles de la Ville de Lausanne. On en verra les effets \u00e0 la vente aux ench\u00e8res publiques du samedi 10 d\u00e9cembre 2011, d\u00e8s 9 h., \u00e0 l'H\u00f4tel-de-Ville, place de la Palud. Difficile\u2026","rel":"","context":"Dans &quot;Vins suisses&quot;","img":{"alt_text":"","src":"","width":0,"height":0},"classes":[]},{"id":14764,"url":"https:\/\/thomasvino.ch\/?p=14764","url_meta":{"origin":12571,"position":5},"title":"R\u00e9seau des \u00abGreat Wine Capitals\u00bb  \u2014 Lausanne pose sa candidature","date":"9 d\u00e9cembre 2017","format":false,"excerpt":"La capitale vaudoise a pos\u00e9 sa candidature pour repr\u00e9senter la Suisse dans le \u00abr\u00e9seau des capitales des grands vignobles\u00bb, lanc\u00e9 \u00e0 Bordeaux il y a pr\u00e8s de 20 ans (1999). Des experts sont re\u00e7us ces prochains jours et la d\u00e9cision devrait tomber en juin prochain en Australie. Les antipodes porteront-ils\u2026","rel":"","context":"Dans &quot;Actus - News&quot;","img":{"alt_text":"","src":"https:\/\/i0.wp.com\/thomasvino.ch\/wp-content\/uploads\/2017\/12\/IMG_1591-300x207.jpg?resize=350%2C200&ssl=1","width":350,"height":200},"classes":[]}],"_links":{"self":[{"href":"https:\/\/thomasvino.ch\/index.php?rest_route=\/wp\/v2\/posts\/12571"}],"collection":[{"href":"https:\/\/thomasvino.ch\/index.php?rest_route=\/wp\/v2\/posts"}],"about":[{"href":"https:\/\/thomasvino.ch\/index.php?rest_route=\/wp\/v2\/types\/post"}],"author":[{"embeddable":true,"href":"https:\/\/thomasvino.ch\/index.php?rest_route=\/wp\/v2\/users\/3"}],"replies":[{"embeddable":true,"href":"https:\/\/thomasvino.ch\/index.php?rest_route=%2Fwp%2Fv2%2Fcomments&post=12571"}],"version-history":[{"count":4,"href":"https:\/\/thomasvino.ch\/index.php?rest_route=\/wp\/v2\/posts\/12571\/revisions"}],"predecessor-version":[{"id":17347,"href":"https:\/\/thomasvino.ch\/index.php?rest_route=\/wp\/v2\/posts\/12571\/revisions\/17347"}],"wp:attachment":[{"href":"https:\/\/thomasvino.ch\/index.php?rest_route=%2Fwp%2Fv2%2Fmedia&parent=12571"}],"wp:term":[{"taxonomy":"category","embeddable":true,"href":"https:\/\/thomasvino.ch\/index.php?rest_route=%2Fwp%2Fv2%2Fcategories&post=12571"},{"taxonomy":"post_tag","embeddable":true,"href":"https:\/\/thomasvino.ch\/index.php?rest_route=%2Fwp%2Fv2%2Ftags&post=12571"}],"curies":[{"name":"wp","href":"https:\/\/api.w.org\/{rel}","templated":true}]}}