{"id":12589,"date":"2015-03-02T10:38:08","date_gmt":"2015-03-02T09:38:08","guid":{"rendered":"http:\/\/www.thomasvino.ch\/?p=12589"},"modified":"2015-04-07T15:44:35","modified_gmt":"2015-04-07T14:44:35","slug":"eparker-soffre-lp-bovard","status":"publish","type":"post","link":"https:\/\/thomasvino.ch\/?p=12589","title":{"rendered":"eParker s\u2019offre LP Bovard"},"content":{"rendered":"<p><strong>Voil\u00e0 qui va faire causer dans les carnotzets de Lavaux et d\u2019ailleurs\u00a0: le site (payant) eRobertParker.com classe pas moins de 14 vins de Louis-Philippe Bovard en t\u00eate d\u2019une d\u00e9gustation \u2014 en principe \u2014 consacr\u00e9e \u00e0 des chasselas suisses.<\/strong><\/p>\n<p><em>Par Pierre Thomas<\/em><\/p>\n<p>On dit en principe, car deux rouges de <strong>Bovard<\/strong> se prom\u00e8nent dans la liste de 41 vins (sur 95 vins d\u00e9gust\u00e9s), un D\u00e9zaley rouge 2012 (88) et une cuv\u00e9e Louis 2012 (86), en plus du chenin blanc de Saint-Saphorin 2012 Salix (90) et du sauvignon d\u2019Epesses Buxus (87).<\/p>\n<p>On rappellera pour la bonne forme que <strong>Robert Parker<\/strong>, outre qu&rsquo;il a toujours snob\u00e9 les vins suisses, ne se d\u00e9place plus gu\u00e8re \u2014 il vient d\u2019annoncer qu\u2019il n\u2019ira plus \u00e0 Bordeaux pour le \u00abcirque\u00bb annuel des bordeaux primeurs, \u00e9chantillons de barriques avant assemblage, et se concentrera sur les \u00abvins en bouteille\u00bb. C\u2019est donc ses collaborateurs qui d\u00e9gustent, dans le cas suisse, le journaliste allemand <strong>Stephan Reinhardt<\/strong>.<\/p>\n<p>Pour la bonne forme, on dire aussi que derri\u00e8re le \u00abbaron du D\u00e9zaley\u00bb se trouvent des \u0153nologues\u00a0: <strong>Philippe Meyer<\/strong> a fait quatre vinifications (2008-2011), avant de rejoindre l\u2019Etat de Vaud comme \u0153nologue cantonal, et <strong>Caspar Eugster<\/strong>, trois ans (2012-2014), partant ce printemps. Le jeune \u0153nologue franco-allemand <strong>Andr\u00e9 B\u00e9lard<\/strong>, 31 ans, a \u00e9t\u00e9 d\u00e9sign\u00e9 pour lui succ\u00e9der: form\u00e9 \u00e0 Changins, il a travaill\u00e9 ces derni\u00e8res ann\u00e9es en Valais, \u00e0 La R\u00e9gence Balavaud, \u00e0 V\u00e9troz.<\/p>\n<p>Sauf pour <strong>Bovard<\/strong>, qui a pu aligner ses M\u00e9dinettes 1992 (89), 2000 (92) et 2003 (92) \u2014 les deux vins les mieux not\u00e9s\u00a0! \u2014 et 2005 (87 avec un\u00a0?), les autres chasselas sont essentiellement des 2013.<\/p>\n<p>Dans cette ann\u00e9e, d\u00e9crite comme, quantitativement le plus petite mill\u00e9sime depuis 1980, et qualitativement <em>\u00abde petites baies significativement plus petites que dans plusieurs mill\u00e9simes pr\u00e9c\u00e9dents, mais qui peuvent donner des vins intenses et bien concentr\u00e9s\u00bb<\/em>, c\u2019est encore le M\u00e9dinette qui m\u00e8ne la danse avec 90 points, devant le chenin blanc Salix, 90 points \u00e9galement. Ces 4 vins, tous du Domaine Bovard, sont les seuls \u00e0 passer le cap des 90 points.<\/p>\n<p>Pour 2013, derri\u00e8re les deux 89 +, le Chemin de Fer de <strong>Luc Massy<\/strong> et l\u2019Ilex, Calamin GC, de <strong>Bovard<\/strong>, \u00e0 89 pt, appara\u00eet un outsider, <strong>Christophe Schenk<\/strong>, de Villeneuve (\u00e0 ne pas confondre avec le groupe \u00e9ponyme), avec son CHS Grand Cru, le M\u00e9dinette 1992 (d\u00e9j\u00e0 mentionn\u00e9) et le Saint-Saphorin Terre \u00e0 Boire, de <strong>Bovard<\/strong>.<\/p>\n<p>A 88 +, on trouve le chasselas en amphore de <strong>Anne M\u00fcller<\/strong>, d\u2019Yvorne et le D\u00e9zaley Haut de Pierre de <strong>Blaise Duboux<\/strong>, puis \u00e0 88, l\u2019Aigle No\u00e9, de <strong>Bovard<\/strong>, le Mont de Vaux Grand Cru (2012) du <strong>Domaine Henri Cruchon<\/strong> et le Clos de la Malettaz, de <strong>Jean-Ren\u00e9 Germanier<\/strong>, premier fendant.<\/p>\n<p>A 87 +, le <strong>Ch\u00e2teau de Vinzel<\/strong> (Obrist), le Saint-Saphorin L\u2019Eglise de <strong>Bovard<\/strong> et le chasselas d\u2019<strong>Anne M\u00fcller<\/strong>, et \u00e0 87, l\u2019Archevesque, Saint-Saphorin de <strong>Bovard<\/strong>, le Vase No 10, du <strong>Domaine Mermetus (Vincent Chollet)<\/strong>, le Fendant Pr\u00e9sident Troillet, de <strong>Marie-Th\u00e9r\u00e8se Chappaz<\/strong> et le Neuch\u00e2tel blanc, du <strong>Ch\u00e2teau d\u2019Auvernier, Thierry Grosjean<\/strong>, premier neuch\u00e2telois.<\/p>\n<p>A 86 + pointe le 1er Premier Grand Cru vaudois, le D\u00e9zaley La Gueniettaz de <strong>Christophe Chappuis<\/strong> (qui n&rsquo;est list\u00e9 que comme D\u00e9zaley Grand Cru&#8230; ), comme le Champanel de <strong>Henri Cruchon<\/strong>, le fendant Balavaud Grand Cru, de <strong>Jean-Ren\u00e9 Germanier<\/strong>, et le <strong>Ch\u00e2teau Maison-Blanche<\/strong> d\u2019Yvorne (Schenk), et au-del\u00e0 du 25<sup>\u00e8me<\/sup> rang donc, appara\u00eet le deuxi\u00e8me des 1ers Grands Crus vaudois, le <strong>Ch\u00e2teau de Ch\u00e2tagn\u00e9r\u00e9az<\/strong>, \u00e0 Mont-sur-Rolle (Schenk), \u00e0 la m\u00eame note que le Fendant de Martigny de <strong>G\u00e9rald Besse<\/strong>, la R\u00e9serve sp\u00e9ciale du Fendant de Sion de <strong>Provins<\/strong> et le Petit-Clos, de <strong>Raymond Paccot<\/strong>, \u00e0 F\u00e9chy.<\/p>\n<p>On sait que le chasselas, avec un peu moins de 4&rsquo;000 ha de vigne, est le principal c\u00e9page de Suisse, derri\u00e8re le pinot noir (4&rsquo;300 ha): le m\u00eame d\u00e9gustateur avait jug\u00e9 des pinots et not\u00e9 pas moins de 18 vins \u00e0 plus de 90 points.\u00a0 <strong>Stephan Reinhardt<\/strong>, titre son intro <em>\u00abSwiss Neutrality-Chasselas\u00bb<\/em>, mais souligne tout de m\u00eame que <em>\u00able chasselas n\u2019est pas un vin spectaculaire, mais plein de subtilit\u00e9, d\u2019\u00e9l\u00e9gance et sa neutralit\u00e9 aromatique en fait un vin gastronomique de premi\u00e8re classe\u00bb<\/em>. Et il encourage ses lecteurs \u00e0 d\u00e9guster les rares qui sont export\u00e9s\u2026<\/p>\n<p>On s\u2019\u00e9tonnera tout de m\u00eame de ne trouver ni Les Blassinges de <strong>Pierre-Luc Leyvraz<\/strong>, qui avait enthousiasm\u00e9 un autre critique du m\u00eame site, <strong>David Schildknecht<\/strong>, ni les vins de <strong>Charles Rolaz<\/strong>, qui rend, d\u00e9but mars, sa casquette de pr\u00e9sident de la <em><strong>M\u00e9moire des vins suisses<\/strong><\/em>, ni les fendants de <strong>Robert Taramarcaz<\/strong>. Car selon <strong>Reinhardt<\/strong> lui-m\u00eame, <em>\u00able fendant a plus de corps et de puissance, avec des ar\u00f4mes de pleine maturit\u00e9 et de fruit intense\u00bb<\/em>, et pourtant, les fendants sont moins bien class\u00e9s.<\/p>\n<p><em>\u00a9thomasvino.ch<\/em><\/p>\n","protected":false},"excerpt":{"rendered":"<p>Voil\u00e0 qui va faire causer dans les carnotzets de Lavaux et d\u2019ailleurs\u00a0: le site (payant) eRobertParker.com classe pas moins de 14 vins de Louis-Philippe Bovard en t\u00eate d\u2019une d\u00e9gustation \u2014 en principe \u2014 consacr\u00e9e \u00e0 des chasselas suisses. Par Pierre Thomas On dit en principe, car deux rouges de Bovard se prom\u00e8nent dans la liste [&hellip;]<\/p>\n","protected":false},"author":3,"featured_media":0,"comment_status":"closed","ping_status":"open","sticky":false,"template":"","format":"standard","meta":{"_monsterinsights_skip_tracking":false,"_monsterinsights_sitenote_active":false,"_monsterinsights_sitenote_note":"","_monsterinsights_sitenote_category":0,"jetpack_post_was_ever_published":false,"jetpack_publicize_message":"","jetpack_is_tweetstorm":false,"jetpack_publicize_feature_enabled":true,"jetpack_social_post_already_shared":false,"jetpack_social_options":{"image_generator_settings":{"template":"highway","enabled":false}}},"categories":[15],"tags":[172,953,952,954],"jetpack_publicize_connections":[],"yoast_head":"<!-- This site is optimized with the Yoast SEO plugin v20.6 - https:\/\/yoast.com\/wordpress\/plugins\/seo\/ -->\n<title>eParker s\u2019offre LP Bovard - thomasvino<\/title>\n<meta name=\"robots\" content=\"index, follow, max-snippet:-1, max-image-preview:large, max-video-preview:-1\" \/>\n<link rel=\"canonical\" href=\"https:\/\/thomasvino.ch\/?p=12589\" \/>\n<meta property=\"og:locale\" content=\"fr_FR\" \/>\n<meta property=\"og:type\" content=\"article\" \/>\n<meta property=\"og:title\" content=\"eParker s\u2019offre LP Bovard - thomasvino\" \/>\n<meta property=\"og:description\" content=\"Voil\u00e0 qui va faire causer dans les carnotzets de Lavaux et d\u2019ailleurs\u00a0: le site (payant) eRobertParker.com classe pas moins de 14 vins de Louis-Philippe Bovard en t\u00eate d\u2019une d\u00e9gustation \u2014 en principe \u2014 consacr\u00e9e \u00e0 des chasselas suisses. Par Pierre Thomas On dit en principe, car deux rouges de Bovard se prom\u00e8nent dans la liste [&hellip;]\" \/>\n<meta property=\"og:url\" content=\"https:\/\/thomasvino.ch\/?p=12589\" \/>\n<meta property=\"og:site_name\" content=\"thomasvino\" \/>\n<meta property=\"article:published_time\" content=\"2015-03-02T09:38:08+00:00\" \/>\n<meta property=\"article:modified_time\" content=\"2015-04-07T14:44:35+00:00\" \/>\n<meta name=\"author\" content=\"Pierre Thomas\" \/>\n<meta name=\"twitter:label1\" content=\"\u00c9crit par\" \/>\n\t<meta name=\"twitter:data1\" content=\"Pierre Thomas\" \/>\n\t<meta name=\"twitter:label2\" content=\"Dur\u00e9e de lecture estim\u00e9e\" \/>\n\t<meta name=\"twitter:data2\" content=\"4 minutes\" \/>\n<script type=\"application\/ld+json\" class=\"yoast-schema-graph\">{\"@context\":\"https:\/\/schema.org\",\"@graph\":[{\"@type\":\"WebPage\",\"@id\":\"https:\/\/thomasvino.ch\/?p=12589\",\"url\":\"https:\/\/thomasvino.ch\/?p=12589\",\"name\":\"eParker s\u2019offre LP Bovard - thomasvino\",\"isPartOf\":{\"@id\":\"https:\/\/thomasvino.ch\/#website\"},\"datePublished\":\"2015-03-02T09:38:08+00:00\",\"dateModified\":\"2015-04-07T14:44:35+00:00\",\"author\":{\"@id\":\"https:\/\/thomasvino.ch\/#\/schema\/person\/670bf4486fe81152cf1d68bd585e062e\"},\"breadcrumb\":{\"@id\":\"https:\/\/thomasvino.ch\/?p=12589#breadcrumb\"},\"inLanguage\":\"fr-FR\",\"potentialAction\":[{\"@type\":\"ReadAction\",\"target\":[\"https:\/\/thomasvino.ch\/?p=12589\"]}]},{\"@type\":\"BreadcrumbList\",\"@id\":\"https:\/\/thomasvino.ch\/?p=12589#breadcrumb\",\"itemListElement\":[{\"@type\":\"ListItem\",\"position\":1,\"name\":\"Accueil\",\"item\":\"https:\/\/thomasvino.ch\/\"},{\"@type\":\"ListItem\",\"position\":2,\"name\":\"eParker s\u2019offre LP Bovard\"}]},{\"@type\":\"WebSite\",\"@id\":\"https:\/\/thomasvino.ch\/#website\",\"url\":\"https:\/\/thomasvino.ch\/\",\"name\":\"thomasvino\",\"description\":\"Vins &amp; Gastronomie\",\"potentialAction\":[{\"@type\":\"SearchAction\",\"target\":{\"@type\":\"EntryPoint\",\"urlTemplate\":\"https:\/\/thomasvino.ch\/?s={search_term_string}\"},\"query-input\":\"required name=search_term_string\"}],\"inLanguage\":\"fr-FR\"},{\"@type\":\"Person\",\"@id\":\"https:\/\/thomasvino.ch\/#\/schema\/person\/670bf4486fe81152cf1d68bd585e062e\",\"name\":\"Pierre Thomas\",\"image\":{\"@type\":\"ImageObject\",\"inLanguage\":\"fr-FR\",\"@id\":\"https:\/\/thomasvino.ch\/#\/schema\/person\/image\/\",\"url\":\"https:\/\/secure.gravatar.com\/avatar\/91fd5a76647f140e53db987a0dead4d7?s=96&d=mm&r=g\",\"contentUrl\":\"https:\/\/secure.gravatar.com\/avatar\/91fd5a76647f140e53db987a0dead4d7?s=96&d=mm&r=g\",\"caption\":\"Pierre Thomas\"},\"url\":\"https:\/\/thomasvino.ch\/?author=3\"}]}<\/script>\n<!-- \/ Yoast SEO plugin. -->","yoast_head_json":{"title":"eParker s\u2019offre LP Bovard - thomasvino","robots":{"index":"index","follow":"follow","max-snippet":"max-snippet:-1","max-image-preview":"max-image-preview:large","max-video-preview":"max-video-preview:-1"},"canonical":"https:\/\/thomasvino.ch\/?p=12589","og_locale":"fr_FR","og_type":"article","og_title":"eParker s\u2019offre LP Bovard - thomasvino","og_description":"Voil\u00e0 qui va faire causer dans les carnotzets de Lavaux et d\u2019ailleurs\u00a0: le site (payant) eRobertParker.com classe pas moins de 14 vins de Louis-Philippe Bovard en t\u00eate d\u2019une d\u00e9gustation \u2014 en principe \u2014 consacr\u00e9e \u00e0 des chasselas suisses. Par Pierre Thomas On dit en principe, car deux rouges de Bovard se prom\u00e8nent dans la liste [&hellip;]","og_url":"https:\/\/thomasvino.ch\/?p=12589","og_site_name":"thomasvino","article_published_time":"2015-03-02T09:38:08+00:00","article_modified_time":"2015-04-07T14:44:35+00:00","author":"Pierre Thomas","twitter_misc":{"\u00c9crit par":"Pierre Thomas","Dur\u00e9e de lecture estim\u00e9e":"4 minutes"},"schema":{"@context":"https:\/\/schema.org","@graph":[{"@type":"WebPage","@id":"https:\/\/thomasvino.ch\/?p=12589","url":"https:\/\/thomasvino.ch\/?p=12589","name":"eParker s\u2019offre LP Bovard - thomasvino","isPartOf":{"@id":"https:\/\/thomasvino.ch\/#website"},"datePublished":"2015-03-02T09:38:08+00:00","dateModified":"2015-04-07T14:44:35+00:00","author":{"@id":"https:\/\/thomasvino.ch\/#\/schema\/person\/670bf4486fe81152cf1d68bd585e062e"},"breadcrumb":{"@id":"https:\/\/thomasvino.ch\/?p=12589#breadcrumb"},"inLanguage":"fr-FR","potentialAction":[{"@type":"ReadAction","target":["https:\/\/thomasvino.ch\/?p=12589"]}]},{"@type":"BreadcrumbList","@id":"https:\/\/thomasvino.ch\/?p=12589#breadcrumb","itemListElement":[{"@type":"ListItem","position":1,"name":"Accueil","item":"https:\/\/thomasvino.ch\/"},{"@type":"ListItem","position":2,"name":"eParker s\u2019offre LP Bovard"}]},{"@type":"WebSite","@id":"https:\/\/thomasvino.ch\/#website","url":"https:\/\/thomasvino.ch\/","name":"thomasvino","description":"Vins &amp; Gastronomie","potentialAction":[{"@type":"SearchAction","target":{"@type":"EntryPoint","urlTemplate":"https:\/\/thomasvino.ch\/?s={search_term_string}"},"query-input":"required name=search_term_string"}],"inLanguage":"fr-FR"},{"@type":"Person","@id":"https:\/\/thomasvino.ch\/#\/schema\/person\/670bf4486fe81152cf1d68bd585e062e","name":"Pierre Thomas","image":{"@type":"ImageObject","inLanguage":"fr-FR","@id":"https:\/\/thomasvino.ch\/#\/schema\/person\/image\/","url":"https:\/\/secure.gravatar.com\/avatar\/91fd5a76647f140e53db987a0dead4d7?s=96&d=mm&r=g","contentUrl":"https:\/\/secure.gravatar.com\/avatar\/91fd5a76647f140e53db987a0dead4d7?s=96&d=mm&r=g","caption":"Pierre Thomas"},"url":"https:\/\/thomasvino.ch\/?author=3"}]}},"jetpack_featured_media_url":"","jetpack_sharing_enabled":true,"jetpack_shortlink":"https:\/\/wp.me\/p3m4tZ-3h3","jetpack_likes_enabled":false,"jetpack-related-posts":[{"id":9065,"url":"https:\/\/thomasvino.ch\/?p=9065","url_meta":{"origin":12589,"position":0},"title":"Vaud \u2014 Nouvelle cave pour les 75 ans de Louis-Philippe Bovard","date":"27 ao\u00fbt 2010","format":false,"excerpt":"Domaine Bovard, Cully A grand baron, joli pressoir P\u00e8re de x id\u00e9es concr\u00e9tis\u00e9es dans le vignoble vaudois, Louis-Philippe Bovard \u00e9trenne le cadeau de sa femme Anne-Christine, pour ses 75 ans\u00a0: une cave ultramoderne lov\u00e9e dans le vieux Cully. Par Pierre Thomas Il avait choisi la Saint-Louis, soit avant-hier, pour f\u00eater\u2026","rel":"","context":"Dans &quot;Vins suisses&quot;","img":{"alt_text":"","src":"","width":0,"height":0},"classes":[]},{"id":9553,"url":"https:\/\/thomasvino.ch\/?p=9553","url_meta":{"origin":12589,"position":1},"title":"Vaud \u2014 L.-Ph. Bovard, baron tous azimuts","date":"16 janvier 2005","format":false,"excerpt":"Louis-Philippe Bovard, un baron tous azimuts A bient\u00f4t 70 ans, Louis-Philippe Bovard reste, plus que jamais, un des vignerons vaudois les plus dynamiques. Portrait d'un sage qui a particip\u00e9 \u00e0 (presque) tous les projets du renouveau viti-vinicole de son pays. Par Pierre Thomas \u00abJe pourrais \u00eatre leur p\u00e8re \u00e0 presque\u2026","rel":"","context":"Dans &quot;Vins suisses&quot;","img":{"alt_text":"","src":"","width":0,"height":0},"classes":[]},{"id":9350,"url":"https:\/\/thomasvino.ch\/?p=9350","url_meta":{"origin":12589,"position":2},"title":"Vaud \u2014 Le chasselas \u00absans malo\u00bb sign\u00e9 Bovard &#038; Cie","date":"28 mars 2012","format":false,"excerpt":"L'Ilex de Louis-Philippe Bovard Dix mill\u00e9simes de chasselas iconoclaste C\u2019\u00e9tait un d\u00e9fi de Fr\u00e9dy Girardet, souffl\u00e9 par feue Catherine Michel: fournir \u00e0 la haute gastronomie un vin blanc suisse qui tienne la table. Le producteur de Cully Louis-Philippe Bovard a relev\u00e9 le gant. Avec un chasselas sans fermentation malolactique. L\u2019autre\u2026","rel":"","context":"Dans &quot;Vins suisses&quot;","img":{"alt_text":"site_bovard_meyer.jpg","src":"img\/site_bovard_meyer.jpg","width":350,"height":200},"classes":[]},{"id":9581,"url":"https:\/\/thomasvino.ch\/?p=9581","url_meta":{"origin":12589,"position":3},"title":"Vaud\u2014 La f\u00eate o\u00f9 le vin ne fut pas roi","date":"19 janvier 2005","format":false,"excerpt":"Vins suissesLa F\u00eate dont le vin n'est pas le roi Hormis comme boisson de rigueur, le (bon) vin est absent de la F\u00eate des Vignerons. Pourquoi? Tentative d'explication. Par Pierre Thomas Lorsqu'on pose la question \u00e0 Louis-Philippe Bovard, de Cully, un des membres de la \u00abcommission des vins\u00bb de la\u2026","rel":"","context":"Dans &quot;Vins suisses&quot;","img":{"alt_text":"","src":"","width":0,"height":0},"classes":[]},{"id":16531,"url":"https:\/\/thomasvino.ch\/?p=16531","url_meta":{"origin":12589,"position":4},"title":"LP Bovard: quand le \u00abbaron\u00bb du D\u00e9zaley boit rouge","date":"8 juillet 2020","format":false,"excerpt":"A 85 ans pass\u00e9s (il est n\u00e9 le 6 avril 1934), le Vaudois Louis-Philippe Bovard a toujours une id\u00e9e d\u2019avance pour les vins de Lavaux. Portrait dans la v\u00e9randa de l\u2019historique Maison Rose de Cully. En 2025, une Fondation est en place pour assurer la suite des activit\u00e9s g\u00e9n\u00e9r\u00e9es par\u2026","rel":"","context":"Dans &quot;Vins suisses&quot;","img":{"alt_text":"","src":"https:\/\/i0.wp.com\/thomasvino.ch\/wp-content\/uploads\/2020\/03\/IMG_5700-225x300.jpeg?resize=350%2C200&ssl=1","width":350,"height":200},"classes":[]},{"id":10912,"url":"https:\/\/thomasvino.ch\/?p=10912","url_meta":{"origin":12589,"position":5},"title":"Arte Vitis a f\u00eat\u00e9 son dixi\u00e8me mill\u00e9sime","date":"27 juin 2013","format":false,"excerpt":"Autoproclam\u00e9 \u00e9lite des vignerons vaudois, Arte Vitis, qui est un groupe informel, sans statuts, a f\u00eat\u00e9, d\u00e9but juin, son dixi\u00e8me mill\u00e9sime en grande pompe, au Lausanne-Palace & Spa. Mot d\u2019ordre de ces deux journ\u00e9es: ouverture! Par Pierre Thomas C\u2019est Blaise Duboux, pr\u00e9sident d\u2019Arte Vitis depuis la fondation, il y a\u2026","rel":"","context":"Dans &quot;Vins suisses&quot;","img":{"alt_text":"","src":"","width":0,"height":0},"classes":[]}],"_links":{"self":[{"href":"https:\/\/thomasvino.ch\/index.php?rest_route=\/wp\/v2\/posts\/12589"}],"collection":[{"href":"https:\/\/thomasvino.ch\/index.php?rest_route=\/wp\/v2\/posts"}],"about":[{"href":"https:\/\/thomasvino.ch\/index.php?rest_route=\/wp\/v2\/types\/post"}],"author":[{"embeddable":true,"href":"https:\/\/thomasvino.ch\/index.php?rest_route=\/wp\/v2\/users\/3"}],"replies":[{"embeddable":true,"href":"https:\/\/thomasvino.ch\/index.php?rest_route=%2Fwp%2Fv2%2Fcomments&post=12589"}],"version-history":[{"count":0,"href":"https:\/\/thomasvino.ch\/index.php?rest_route=\/wp\/v2\/posts\/12589\/revisions"}],"wp:attachment":[{"href":"https:\/\/thomasvino.ch\/index.php?rest_route=%2Fwp%2Fv2%2Fmedia&parent=12589"}],"wp:term":[{"taxonomy":"category","embeddable":true,"href":"https:\/\/thomasvino.ch\/index.php?rest_route=%2Fwp%2Fv2%2Fcategories&post=12589"},{"taxonomy":"post_tag","embeddable":true,"href":"https:\/\/thomasvino.ch\/index.php?rest_route=%2Fwp%2Fv2%2Ftags&post=12589"}],"curies":[{"name":"wp","href":"https:\/\/api.w.org\/{rel}","templated":true}]}}