{"id":12632,"date":"2015-03-21T16:36:51","date_gmt":"2015-03-21T15:36:51","guid":{"rendered":"http:\/\/www.thomasvino.ch\/?p=12632"},"modified":"2015-03-21T16:36:51","modified_gmt":"2015-03-21T15:36:51","slug":"vernaccia-et-trebbiano-spoletino-deux-blancs-qui-detonnent","status":"publish","type":"post","link":"https:\/\/thomasvino.ch\/?p=12632","title":{"rendered":"Vernaccia et Trebbiano Spoletino, deux blancs qui d\u00e9tonnent"},"content":{"rendered":"<h2><strong>L\u2019Italie tricolore\u00a0: du rouge, du blanc et du vert<\/strong><\/h2>\n<p>L\u2019Italie ne produit pas que des vins rouges. Longtemps snob\u00e9e par des blancs plus aromatiques, comme le pinot gris ou le sauvignon du Frioul, la Vernaccia di San Gimignano se rappelle au bon souvenir des amateurs\u00a0: elle fut, il y a presque 50 ans, en 1966, la premi\u00e8re \u00abd\u00e9nomination d\u2019origine contr\u00f4l\u00e9e\u00bb (DOC) d\u2019Italie, au nez et \u00e0 la barbe des rouges. Elle a m\u00eame pass\u00e9 \u00e0 l\u2019\u00e9tage sup\u00e9rieur, la DOCG (la DOC \u00abgarantie\u00bb) en 1993, parmi les 73 DOCG, en plus des 332 DOC et 118 IGT.<\/p>\n<p>En Toscane, le blanc est tr\u00e8s minoritaire, repr\u00e9sentant 44 millions de litres, soit 15% de la production de la grande r\u00e9gion. 200 kilom\u00e8tres plus bas, en Ombrie, les blancs et les rouges font jeu \u00e9gal, \u00e0 hauteur de 45 millions de litres chacun, dont un tiers de DOC. La derni\u00e8re DOC en date est r\u00e9cente\u00a0: le Trebbiano Spoletino.<\/p>\n<p>Ces deux blancs ont en commun d\u2019\u00eatre des c\u00e9pages autochtones, de vieille origine. D\u2019une bonne structure acide, ils sont r\u00e9put\u00e9s neutres, et les producteurs assurent qu\u2019ils sont aptes \u00e0 tenir dans le temps. Un c\u00e9page neutre, qui vieillit bien, \u00e7a ne vous rappelle rien\u00a0? Le chasselas, pardi\u00a0! Loin d\u2019\u00eatre tout seul sur la plan\u00e8te des vins blancs\u00a0: rien qu\u2019en Italie, 75 vari\u00e9t\u00e9s de blanc (contre plus de 100 de rouge) sont cultiv\u00e9es et recens\u00e9es.<\/p>\n<p>Et puis, si le drapeau italien est tricolore, au rouge et au blanc s\u2019ajoute le vert. A San Gimignano, la vigne cultiv\u00e9e en bio et en biodynamie se d\u00e9veloppe. Le Consorzio revendique m\u00eame de mettre sur le march\u00e9 le vin le \u00abplus propre d\u2019Italie\u00bb et vise le z\u00e9ro en mati\u00e8re de bilan CO2. De leur c\u00f4t\u00e9, plusieurs caves de Montefalco ont souscrit au d\u00e9calogue d\u2019une \u00abnew green revolution\u00bb. <strong>Pierre Thomas revient de Toscane et d\u2019Ombrie. Lire son reportage ci-dessous.<\/strong><\/p>\n<div id=\"attachment_12633\" style=\"width: 310px\" class=\"wp-caption aligncenter\"><a href=\"https:\/\/i0.wp.com\/www.thomasvino.ch\/wp-content\/uploads\/2015\/03\/sangimignano_vernaccia.jpg\"><img aria-describedby=\"caption-attachment-12633\" data-attachment-id=\"12633\" data-permalink=\"https:\/\/thomasvino.ch\/?attachment_id=12633\" data-orig-file=\"https:\/\/i0.wp.com\/thomasvino.ch\/wp-content\/uploads\/2015\/03\/sangimignano_vernaccia.jpg?fit=800%2C536&amp;ssl=1\" data-orig-size=\"800,536\" data-comments-opened=\"0\" data-image-meta=\"{&quot;aperture&quot;:&quot;0&quot;,&quot;credit&quot;:&quot;&quot;,&quot;camera&quot;:&quot;&quot;,&quot;caption&quot;:&quot;&quot;,&quot;created_timestamp&quot;:&quot;0&quot;,&quot;copyright&quot;:&quot;&quot;,&quot;focal_length&quot;:&quot;0&quot;,&quot;iso&quot;:&quot;0&quot;,&quot;shutter_speed&quot;:&quot;0&quot;,&quot;title&quot;:&quot;&quot;,&quot;orientation&quot;:&quot;1&quot;}\" data-image-title=\"sangimignano_vernaccia\" data-image-description=\"\" data-image-caption=\"&lt;p&gt;La Vernaccia, raisins dor\u00e9s et grappes g\u00e9n\u00e9reuses.&lt;\/p&gt;\n\" data-medium-file=\"https:\/\/i0.wp.com\/thomasvino.ch\/wp-content\/uploads\/2015\/03\/sangimignano_vernaccia.jpg?fit=300%2C201&amp;ssl=1\" data-large-file=\"https:\/\/i0.wp.com\/thomasvino.ch\/wp-content\/uploads\/2015\/03\/sangimignano_vernaccia.jpg?fit=800%2C536&amp;ssl=1\" loading=\"lazy\" class=\"size-medium wp-image-12633\" src=\"https:\/\/i0.wp.com\/www.thomasvino.ch\/wp-content\/uploads\/2015\/03\/sangimignano_vernaccia-300x201.jpg?resize=300%2C201\" alt=\"La Vernaccia, raisins dor\u00e9s et grappes g\u00e9n\u00e9reuses.\" width=\"300\" height=\"201\" srcset=\"https:\/\/i0.wp.com\/thomasvino.ch\/wp-content\/uploads\/2015\/03\/sangimignano_vernaccia.jpg?resize=300%2C201&amp;ssl=1 300w, https:\/\/i0.wp.com\/thomasvino.ch\/wp-content\/uploads\/2015\/03\/sangimignano_vernaccia.jpg?resize=768%2C515&amp;ssl=1 768w, https:\/\/i0.wp.com\/thomasvino.ch\/wp-content\/uploads\/2015\/03\/sangimignano_vernaccia.jpg?resize=140%2C94&amp;ssl=1 140w, https:\/\/i0.wp.com\/thomasvino.ch\/wp-content\/uploads\/2015\/03\/sangimignano_vernaccia.jpg?w=800&amp;ssl=1 800w\" sizes=\"(max-width: 300px) 100vw, 300px\" data-recalc-dims=\"1\" \/><\/a><p id=\"caption-attachment-12633\" class=\"wp-caption-text\">La Vernaccia, raisins dor\u00e9s et grappes g\u00e9n\u00e9reuses.<\/p><\/div>\n<p>&nbsp;<\/p>\n<p>&nbsp;<\/p>\n<h2><strong>Deux blancs tout terrain dans les collines d\u2019Italie<\/strong><\/h2>\n<p><strong>La Vernacchia de San Gimignano et le Trebbiano Spoletino surfent sur la m\u00eame vague\u00a0: des vins blancs frais et fruit\u00e9s, d\u2019une grande buvabilit\u00e9, de l\u2019ap\u00e9ritif aux fromages.<\/strong><\/p>\n<p>Quels avantages un vin blanc d\u2019un c\u00e9page r\u00e9put\u00e9 neutre de go\u00fbt a-t-il en gastronomie\u00a0? Il peut accompagner tout un repas, de l\u2019ap\u00e9ritif au plat principal, qu\u2019il s\u2019agisse de poisson cru, grill\u00e9 ou en sauce, de volaille ou de viande blanche, puis de fromages, et sans fatiguer les papilles. La n\u00e9cessit\u00e9 d\u2019une vinification moderne et pr\u00e9cise pour \u00e9viter tout d\u00e9faut organoleptique sur le vin jeune permet aussi \u00e0 de tels vins de bien vieillir. Leurs ar\u00f4mes, certes, apr\u00e8s trois \u00e0 cinq ans, basculent sur des notes de foin coup\u00e9, puis de miel, voire de cire, mais ils restent droits dans leur bouteille pendant dix ans et plus.<\/p>\n<h3><strong>Des joutes avec la Vernaccia<\/strong><\/h3>\n<p>Depuis dix ans, le Consorzio de la <em><strong>Vernaccia di San Gimignano<\/strong> <\/em>organise, dans une salle richement d\u00e9cor\u00e9e d\u2019une fresque de <strong>Lippo Memmi<\/strong>, admirablement conserv\u00e9e depuis 1317, un \u00abmatch\u00bb entre la Vernaccia et un autre blanc du monde, parfois de vieux mill\u00e9simes. Ainsi, dans ce d\u00e9cor historique, o\u00f9 <strong>Dante<\/strong> exhorta les habitants \u00e0 pr\u00e9f\u00e8rer les guelfes toscans aux gibelins florentins, avons-nous v\u00e9cu des joutes passionnantes avec le chenin blanc de la Loire, les vins du Frioul, et, cette ann\u00e9e, des chardonnays de la C\u00f4te Ch\u00e2lonnaise.<\/p>\n<div id=\"attachment_12634\" style=\"width: 310px\" class=\"wp-caption aligncenter\"><a href=\"https:\/\/i0.wp.com\/www.thomasvino.ch\/wp-content\/uploads\/2015\/03\/sangimignao_dante.jpg\"><img aria-describedby=\"caption-attachment-12634\" data-attachment-id=\"12634\" data-permalink=\"https:\/\/thomasvino.ch\/?attachment_id=12634\" data-orig-file=\"https:\/\/i0.wp.com\/thomasvino.ch\/wp-content\/uploads\/2015\/03\/sangimignao_dante.jpg?fit=800%2C533&amp;ssl=1\" data-orig-size=\"800,533\" data-comments-opened=\"0\" data-image-meta=\"{&quot;aperture&quot;:&quot;0&quot;,&quot;credit&quot;:&quot;&quot;,&quot;camera&quot;:&quot;&quot;,&quot;caption&quot;:&quot;&quot;,&quot;created_timestamp&quot;:&quot;0&quot;,&quot;copyright&quot;:&quot;&quot;,&quot;focal_length&quot;:&quot;0&quot;,&quot;iso&quot;:&quot;0&quot;,&quot;shutter_speed&quot;:&quot;0&quot;,&quot;title&quot;:&quot;&quot;,&quot;orientation&quot;:&quot;0&quot;}\" data-image-title=\"sangimignao_dante\" data-image-description=\"\" data-image-caption=\"&lt;p&gt;Dans la salle Dante, il fait toujours froid&#8230; et votre serviteur a gard\u00e9 sa doudoune (\u00e0 g.).&lt;\/p&gt;\n\" data-medium-file=\"https:\/\/i0.wp.com\/thomasvino.ch\/wp-content\/uploads\/2015\/03\/sangimignao_dante.jpg?fit=300%2C200&amp;ssl=1\" data-large-file=\"https:\/\/i0.wp.com\/thomasvino.ch\/wp-content\/uploads\/2015\/03\/sangimignao_dante.jpg?fit=800%2C533&amp;ssl=1\" loading=\"lazy\" class=\"size-medium wp-image-12634\" src=\"https:\/\/i0.wp.com\/www.thomasvino.ch\/wp-content\/uploads\/2015\/03\/sangimignao_dante-300x200.jpg?resize=300%2C200\" alt=\"Dans la salle Dante, il fait toujours froid... et votre serviteur a gard\u00e9 sa doudoune (\u00e0 g.).\" width=\"300\" height=\"200\" srcset=\"https:\/\/i0.wp.com\/thomasvino.ch\/wp-content\/uploads\/2015\/03\/sangimignao_dante.jpg?resize=300%2C200&amp;ssl=1 300w, https:\/\/i0.wp.com\/thomasvino.ch\/wp-content\/uploads\/2015\/03\/sangimignao_dante.jpg?resize=768%2C512&amp;ssl=1 768w, https:\/\/i0.wp.com\/thomasvino.ch\/wp-content\/uploads\/2015\/03\/sangimignao_dante.jpg?resize=140%2C94&amp;ssl=1 140w, https:\/\/i0.wp.com\/thomasvino.ch\/wp-content\/uploads\/2015\/03\/sangimignao_dante.jpg?w=800&amp;ssl=1 800w\" sizes=\"(max-width: 300px) 100vw, 300px\" data-recalc-dims=\"1\" \/><\/a><p id=\"caption-attachment-12634\" class=\"wp-caption-text\">Dans la salle Dante, il fait toujours froid&#8230; et votre serviteur a gard\u00e9 sa doudoune (\u00e0 g.).<\/p><\/div>\n<p>A chaque fois, un journaliste pr\u00e9sente le duel, aussi pacifique que passionnant. On a propos\u00e9 \u00e0 la pr\u00e9sidente du Consorzio, <strong>Letizia Cesani<\/strong>, d\u2019y convier le chasselas, par exemple La Baronnie du D\u00e9zaley, qui f\u00eate en cette ann\u00e9e 2015, ses vingt ans. Las, si c\u2019est un journaliste qui pr\u00e9sente la d\u00e9gustation, il s\u2019est toujours agi, jusqu\u2019ici, d\u2019un repr\u00e9sentant d\u2019un guide italien des vins, comme <strong>Gianni Fabrizio<\/strong>, qui a pass\u00e9 sa jeunesse \u00e0 Gen\u00e8ve, mais est un des curateurs du <em>Gambero Rosso<\/em>, \u00e0 Rome. Le chasselas, helv\u00e9tique et \u00abextra-communautaire\u00bb de surcro\u00eet, attendra donc, mais tout espoir n\u2019est pas perdu\u00a0!<\/p>\n<p>Sur la Via Francigena, San Gimignano, h\u00e9riss\u00e9e d\u2019\u00e9tonnantes tours, cit\u00e9 (tr\u00e8s) touristique derri\u00e8re ses murailles, est b\u00e2tie au centre de la Toscane. Son vignoble s\u2019\u00e9tend alentour, dans un paysage de collines alternant c\u00e9r\u00e9ales, oliviers, bosquets et, sur les meilleurs coteaux, des vignes, \u00e9tag\u00e9es entre 200 et 400 m. d\u2019altitude. Sur les 1&rsquo;900 ha de vigne, r\u00e9partis en 170 domaines, dont 70 embouteilleurs, seuls 750 ha sont destin\u00e9s \u00e0 la Vernaccia, qui appr\u00e9cie les sols sablonneux, de tuf calcaire, vieux de quelques millions d\u2019ann\u00e9es.<\/p>\n<p>Comme toujours en Toscane, les appellations se chevauchent\u00a0: il est donc possible de produire dans ce p\u00e9rim\u00e8tre, en rouge, du Chianti g\u00e9n\u00e9rique, du Chianti des collines de Sienne et des IGT, de sangiovese compl\u00e9t\u00e9 par des raisins internationaux.<\/p>\n<div id=\"attachment_12635\" style=\"width: 310px\" class=\"wp-caption aligncenter\"><a href=\"https:\/\/i0.wp.com\/www.thomasvino.ch\/wp-content\/uploads\/2015\/03\/sangimignano_tours.jpg\"><img aria-describedby=\"caption-attachment-12635\" data-attachment-id=\"12635\" data-permalink=\"https:\/\/thomasvino.ch\/?attachment_id=12635\" data-orig-file=\"https:\/\/i0.wp.com\/thomasvino.ch\/wp-content\/uploads\/2015\/03\/sangimignano_tours.jpg?fit=800%2C536&amp;ssl=1\" data-orig-size=\"800,536\" data-comments-opened=\"0\" data-image-meta=\"{&quot;aperture&quot;:&quot;0&quot;,&quot;credit&quot;:&quot;&quot;,&quot;camera&quot;:&quot;&quot;,&quot;caption&quot;:&quot;&quot;,&quot;created_timestamp&quot;:&quot;0&quot;,&quot;copyright&quot;:&quot;&quot;,&quot;focal_length&quot;:&quot;0&quot;,&quot;iso&quot;:&quot;0&quot;,&quot;shutter_speed&quot;:&quot;0&quot;,&quot;title&quot;:&quot;&quot;,&quot;orientation&quot;:&quot;0&quot;}\" data-image-title=\"sangimignano_tours\" data-image-description=\"\" data-image-caption=\"&lt;p&gt;Les tours de San Gimignano.&lt;\/p&gt;\n\" data-medium-file=\"https:\/\/i0.wp.com\/thomasvino.ch\/wp-content\/uploads\/2015\/03\/sangimignano_tours.jpg?fit=300%2C201&amp;ssl=1\" data-large-file=\"https:\/\/i0.wp.com\/thomasvino.ch\/wp-content\/uploads\/2015\/03\/sangimignano_tours.jpg?fit=800%2C536&amp;ssl=1\" loading=\"lazy\" class=\"size-medium wp-image-12635\" src=\"https:\/\/i0.wp.com\/www.thomasvino.ch\/wp-content\/uploads\/2015\/03\/sangimignano_tours-300x201.jpg?resize=300%2C201\" alt=\"Les tours de San Gimignano.\" width=\"300\" height=\"201\" srcset=\"https:\/\/i0.wp.com\/thomasvino.ch\/wp-content\/uploads\/2015\/03\/sangimignano_tours.jpg?resize=300%2C201&amp;ssl=1 300w, https:\/\/i0.wp.com\/thomasvino.ch\/wp-content\/uploads\/2015\/03\/sangimignano_tours.jpg?resize=768%2C515&amp;ssl=1 768w, https:\/\/i0.wp.com\/thomasvino.ch\/wp-content\/uploads\/2015\/03\/sangimignano_tours.jpg?resize=140%2C94&amp;ssl=1 140w, https:\/\/i0.wp.com\/thomasvino.ch\/wp-content\/uploads\/2015\/03\/sangimignano_tours.jpg?w=800&amp;ssl=1 800w\" sizes=\"(max-width: 300px) 100vw, 300px\" data-recalc-dims=\"1\" \/><\/a><p id=\"caption-attachment-12635\" class=\"wp-caption-text\">Les tours de San Gimignano.<\/p><\/div>\n<h3><strong>Les meilleurs vins\u00a0? \u00abIn purezza\u00a0!\u00bb<\/strong><\/h3>\n<p>La Vernaccia n\u2019est pas obligatoirement pure\u00a0: 15% de raisins blancs non aromatiques, par exemple du trebbiano toscan ou du chardonnay, peuvent \u00eatre assembl\u00e9s, mais seulement 10% de sauvignon ou de riesling. Les meilleurs producteurs revendiquent d\u2019\u00e9laborer leur vernaccia \u00abin purezza\u00bb (pure). Sur le mill\u00e9sime 2014, on a bien appr\u00e9ci\u00e9 celles de <strong>Falchini<\/strong>, et, plus modernes et fra\u00eeches d\u2019ar\u00f4mes, de <strong>Panizzi<\/strong> et de <strong>Teruzzi &amp; Puthod<\/strong>, qui ont beaucoup fait pour la nouvelle r\u00e9putation de ce vin blanc toscan, puis, de <strong>Montenidoli<\/strong>, le domaine de la productrice embl\u00e9matique <strong>Elisabetta Faguioli<\/strong>, une magnifique cuv\u00e9e <em>Fiore<\/em> 2012, et de fort bons <em>Tradition<\/em> 2012 et <em>Carato<\/em> 2009 qui, comme son nom l\u2019indique, a \u00e9t\u00e9 \u00e9lev\u00e9 en f\u00fbt, qui est aussi la typologie la plus courante des riserva.<\/p>\n<p>Face aux chardonnays bourguignons, d\u2019ann\u00e9es r\u00e9centes (2011, 2012, 2013), les vernaccias ont montr\u00e9 une versalit\u00e9 plus grande, li\u00e9e sans doute au producteur davantage qu\u2019au c\u00e9page. Sur le march\u00e9, tr\u00e8s h\u00e9t\u00e9rog\u00e8ne (5 millions de bouteilles), il existe des vernaccias tr\u00e8s bon march\u00e9 (on parle de moins de 4 euros d\u00e9part cave) et des vins plus ambitieux, reconnus par les guides italiens.<\/p>\n<h3><strong>Vernaccia \u2013 Trebbiano Spoletino, m\u00eame combat\u00a0!<\/strong><\/h3>\n<p>Ces conditions contrast\u00e9s, on les retrouve dans le <em><strong>Trebbiano Spoletino<\/strong><\/em> (<em>lire ci-dessous<\/em>). Sa renaissance est tr\u00e8s r\u00e9cente. Elle a conduit \u00e0 une DOC, promulgu\u00e9e fin 2011, d\u00e9clin\u00e9e \u00e0 partir de l\u2019adjectif \u00abspoletino\u00bb. En clair, des vins blancs DOC Spoleto (du nom de la ville homonyme) peuvent contenir 50% de trebbiano local, mais la mention Trebbiano Spoletino exige 85% au moins du c\u00e9page figurant sur l\u2019\u00e9tiquette, avec \u2014 comme pour la vernaccia \u2014 un compl\u00e9ment de c\u00e9pages blancs tol\u00e9r\u00e9s en Ombrie. Le vin qui en est tir\u00e9 est assez neutre, fruit\u00e9, frais, plaisant et bien soutenu par l\u2019acidit\u00e9. La revue Enogea, qui en a retrac\u00e9 l\u2019histoire, souligne son \u00abextraordinaire capacit\u00e9 d\u2019\u00e9volution dans le temps, comme peu d\u2019autres vins blancs italiens\u00bb, Soit exactement le discours tenu 200 km plus au nord-ouest, \u00e0 San Gimignano\u00a0!<\/p>\n<div id=\"attachment_12636\" style=\"width: 310px\" class=\"wp-caption aligncenter\"><a href=\"https:\/\/i0.wp.com\/www.thomasvino.ch\/wp-content\/uploads\/2015\/03\/sagrantino_cave.jpg\"><img aria-describedby=\"caption-attachment-12636\" data-attachment-id=\"12636\" data-permalink=\"https:\/\/thomasvino.ch\/?attachment_id=12636\" data-orig-file=\"https:\/\/i0.wp.com\/thomasvino.ch\/wp-content\/uploads\/2015\/03\/sagrantino_cave.jpg?fit=940%2C315&amp;ssl=1\" data-orig-size=\"940,315\" data-comments-opened=\"0\" data-image-meta=\"{&quot;aperture&quot;:&quot;0&quot;,&quot;credit&quot;:&quot;&quot;,&quot;camera&quot;:&quot;&quot;,&quot;caption&quot;:&quot;&quot;,&quot;created_timestamp&quot;:&quot;0&quot;,&quot;copyright&quot;:&quot;&quot;,&quot;focal_length&quot;:&quot;0&quot;,&quot;iso&quot;:&quot;0&quot;,&quot;shutter_speed&quot;:&quot;0&quot;,&quot;title&quot;:&quot;&quot;,&quot;orientation&quot;:&quot;1&quot;}\" data-image-title=\"sagrantino_cave\" data-image-description=\"\" data-image-caption=\"&lt;p&gt;Une cave pour ce grand rouge de garde qu&amp;rsquo;est le Sagrantino.&lt;\/p&gt;\n\" data-medium-file=\"https:\/\/i0.wp.com\/thomasvino.ch\/wp-content\/uploads\/2015\/03\/sagrantino_cave.jpg?fit=300%2C101&amp;ssl=1\" data-large-file=\"https:\/\/i0.wp.com\/thomasvino.ch\/wp-content\/uploads\/2015\/03\/sagrantino_cave.jpg?fit=940%2C315&amp;ssl=1\" loading=\"lazy\" class=\"size-medium wp-image-12636\" src=\"https:\/\/i0.wp.com\/www.thomasvino.ch\/wp-content\/uploads\/2015\/03\/sagrantino_cave-300x101.jpg?resize=300%2C101\" alt=\"Une cave pour ce grand rouge de garde qu'est le Sagrantino.\" width=\"300\" height=\"101\" srcset=\"https:\/\/i0.wp.com\/thomasvino.ch\/wp-content\/uploads\/2015\/03\/sagrantino_cave.jpg?resize=300%2C101&amp;ssl=1 300w, https:\/\/i0.wp.com\/thomasvino.ch\/wp-content\/uploads\/2015\/03\/sagrantino_cave.jpg?resize=768%2C257&amp;ssl=1 768w, https:\/\/i0.wp.com\/thomasvino.ch\/wp-content\/uploads\/2015\/03\/sagrantino_cave.jpg?resize=630%2C210&amp;ssl=1 630w, https:\/\/i0.wp.com\/thomasvino.ch\/wp-content\/uploads\/2015\/03\/sagrantino_cave.jpg?w=940&amp;ssl=1 940w\" sizes=\"(max-width: 300px) 100vw, 300px\" data-recalc-dims=\"1\" \/><\/a><p id=\"caption-attachment-12636\" class=\"wp-caption-text\">Une cave pour ce grand rouge de garde qu&rsquo;est le Sagrantino.<\/p><\/div>\n<p>Si, dans le bourg toscan, la vernaccia fournit le vin embl\u00e9matique, autour de la petite ville de Montefalco, elle aussi perch\u00e9e sur une colline et entour\u00e9e de remparts, ce sont les rouges qui se taillent la vedette. En point de mire, le \u00abroi\u00bb Sagrantino, attest\u00e9 par des \u00e9tudes comme <em>\u00able vin le plus tannique et le plus riche en polyph\u00e9nols du monde\u00bb<\/em>, qui n\u00e9cessite un tr\u00e8s long vieillissement. Tir\u00e9 \u00e0 100% du c\u00e9page autochtone, il a acquis la DOCG, et existe aussi en version passerill\u00e9e, qui fut celle perp\u00e9tu\u00e9e durant des si\u00e8cles par les moines franciscains du lieu. Suit, en DOC, un assemblage de Montefalco rosso, \u00e0 base de sangiovese, d\u2019un peu de sagrantino (15%) et d\u2019un apport d\u2019autres rouges, comme le merlot ou la barbera.<\/p>\n<h3><strong>Des blancs r\u00e9clam\u00e9s par le march\u00e9<\/strong><\/h3>\n<p>Le Trebbiano Spoletino n\u2019arrive qu\u2019en troisi\u00e8me position, mais sa plantation est en plein essor, comme l\u2019explique un de ses pionniers, <strong>Giampaolo Tabarrini<\/strong>\u00a0: <em>\u00abS\u2019il y a trop de Sagrantino sur le march\u00e9, les clients nous demandent d\u00e9j\u00e0 notre blanc\u00a0!\u00bb<\/em> La plupart des caves s\u2019y sont donc mises avec enthousiasme, comme <strong>Antonelli<\/strong>, avec son remarquable <em>Trebium<\/em>, ou <strong>Perticaia<\/strong>.<\/p>\n<p><a href=\"https:\/\/i0.wp.com\/www.thomasvino.ch\/wp-content\/uploads\/2015\/03\/spolet_perticaia.jpg\"><img data-attachment-id=\"12646\" data-permalink=\"https:\/\/thomasvino.ch\/?attachment_id=12646\" data-orig-file=\"https:\/\/i0.wp.com\/thomasvino.ch\/wp-content\/uploads\/2015\/03\/spolet_perticaia.jpg?fit=3264%2C2448&amp;ssl=1\" data-orig-size=\"3264,2448\" data-comments-opened=\"0\" data-image-meta=\"{&quot;aperture&quot;:&quot;2.4&quot;,&quot;credit&quot;:&quot;&quot;,&quot;camera&quot;:&quot;iPhone 4S&quot;,&quot;caption&quot;:&quot;&quot;,&quot;created_timestamp&quot;:&quot;1424869769&quot;,&quot;copyright&quot;:&quot;&quot;,&quot;focal_length&quot;:&quot;4.28&quot;,&quot;iso&quot;:&quot;200&quot;,&quot;shutter_speed&quot;:&quot;0.05&quot;,&quot;title&quot;:&quot;&quot;,&quot;orientation&quot;:&quot;1&quot;}\" data-image-title=\"spolet_perticaia\" data-image-description=\"\" data-image-caption=\"\" data-medium-file=\"https:\/\/i0.wp.com\/thomasvino.ch\/wp-content\/uploads\/2015\/03\/spolet_perticaia.jpg?fit=300%2C225&amp;ssl=1\" data-large-file=\"https:\/\/i0.wp.com\/thomasvino.ch\/wp-content\/uploads\/2015\/03\/spolet_perticaia.jpg?fit=1024%2C768&amp;ssl=1\" loading=\"lazy\" class=\"aligncenter size-medium wp-image-12646\" src=\"https:\/\/i0.wp.com\/www.thomasvino.ch\/wp-content\/uploads\/2015\/03\/spolet_perticaia-300x225.jpg?resize=300%2C225\" alt=\"spolet_perticaia\" width=\"300\" height=\"225\" srcset=\"https:\/\/i0.wp.com\/thomasvino.ch\/wp-content\/uploads\/2015\/03\/spolet_perticaia.jpg?resize=300%2C225&amp;ssl=1 300w, https:\/\/i0.wp.com\/thomasvino.ch\/wp-content\/uploads\/2015\/03\/spolet_perticaia.jpg?resize=768%2C576&amp;ssl=1 768w, https:\/\/i0.wp.com\/thomasvino.ch\/wp-content\/uploads\/2015\/03\/spolet_perticaia.jpg?resize=1024%2C768&amp;ssl=1 1024w, https:\/\/i0.wp.com\/thomasvino.ch\/wp-content\/uploads\/2015\/03\/spolet_perticaia.jpg?w=2000&amp;ssl=1 2000w, https:\/\/i0.wp.com\/thomasvino.ch\/wp-content\/uploads\/2015\/03\/spolet_perticaia.jpg?w=3000&amp;ssl=1 3000w\" sizes=\"(max-width: 300px) 100vw, 300px\" data-recalc-dims=\"1\" \/><\/a><\/p>\n<p>Ces deux caves, avec <strong>Arnaldo Caprai<\/strong>, <strong>Adanti<\/strong> ou <strong>Scacciadiavoli<\/strong>, qui ont redonn\u00e9 ses lettres de noblesse au Sagrantino, sont signataires d\u2019un d\u00e9calogue d\u2019une <em>\u00abnew green revolution 2015\u00bb<\/em>, en partenariat avec l\u2019Universit\u00e9 de Milan, pour promouvoir des conditions de d\u00e9veloppement durables dans la viticulture, et qui distribue ses bons points \u00e9cologiques sous forme de certificats.<\/p>\n<p>Montefalco, hors de la Toscane, de Bolgheri et de la Maremma, est devenu la coqueluche des investisseurs, ces derni\u00e8res ann\u00e9es, comme le montre la cave futuriste <strong>Lunelli<\/strong>, en forme de carapace de tortue, construite par <strong>Arnaldo Pomodoro<\/strong> pour les propri\u00e9taires des mousseux <strong>Ferrari<\/strong>, de Trente. Ou la cave <strong>Colpetrone<\/strong>, \u00e0 l\u2019am\u00e9ricaine, du groupe <strong>SAIA Agricola<\/strong>, pr\u00e9sent en Toscane, \u00e0 Montepulciano et \u00e0 Montalcino, conseill\u00e9e d\u00e9sormais par un des \u0153nologues les plus r\u00e9put\u00e9s d\u2019Italie, <strong>Riccardo Cotarella<\/strong>. Il a pris le relais du Bordelais <strong>Denis Dubourdieu<\/strong>, qui reste, lui, conseiller de <strong>Lungarotti<\/strong>, le principal producteur de vins d\u2019Ombrie.<\/p>\n<div id=\"attachment_12637\" style=\"width: 310px\" class=\"wp-caption aligncenter\"><a href=\"https:\/\/i0.wp.com\/www.thomasvino.ch\/wp-content\/uploads\/2015\/03\/sagrantino_vingoble.jpg\"><img aria-describedby=\"caption-attachment-12637\" data-attachment-id=\"12637\" data-permalink=\"https:\/\/thomasvino.ch\/?attachment_id=12637\" data-orig-file=\"https:\/\/i0.wp.com\/thomasvino.ch\/wp-content\/uploads\/2015\/03\/sagrantino_vingoble.jpg?fit=966%2C616&amp;ssl=1\" data-orig-size=\"966,616\" data-comments-opened=\"0\" data-image-meta=\"{&quot;aperture&quot;:&quot;0&quot;,&quot;credit&quot;:&quot;&quot;,&quot;camera&quot;:&quot;&quot;,&quot;caption&quot;:&quot;&quot;,&quot;created_timestamp&quot;:&quot;1341399953&quot;,&quot;copyright&quot;:&quot;&quot;,&quot;focal_length&quot;:&quot;0&quot;,&quot;iso&quot;:&quot;0&quot;,&quot;shutter_speed&quot;:&quot;0&quot;,&quot;title&quot;:&quot;&quot;,&quot;orientation&quot;:&quot;1&quot;}\" data-image-title=\"sagrantino_vingoble\" data-image-description=\"\" data-image-caption=\"&lt;p&gt;La r\u00e9gion de Montefalco, en Ombrie, est aussi \u00abcollinaire\u00bb, comme en Toscane.&lt;\/p&gt;\n\" data-medium-file=\"https:\/\/i0.wp.com\/thomasvino.ch\/wp-content\/uploads\/2015\/03\/sagrantino_vingoble.jpg?fit=300%2C191&amp;ssl=1\" data-large-file=\"https:\/\/i0.wp.com\/thomasvino.ch\/wp-content\/uploads\/2015\/03\/sagrantino_vingoble.jpg?fit=966%2C616&amp;ssl=1\" loading=\"lazy\" class=\"size-medium wp-image-12637\" src=\"https:\/\/i0.wp.com\/www.thomasvino.ch\/wp-content\/uploads\/2015\/03\/sagrantino_vingoble-300x191.jpg?resize=300%2C191\" alt=\"La r\u00e9gion de Montefalco, en Ombrie, est aussi \u00abcollinaire\u00bb, comme en Toscane.\" width=\"300\" height=\"191\" srcset=\"https:\/\/i0.wp.com\/thomasvino.ch\/wp-content\/uploads\/2015\/03\/sagrantino_vingoble.jpg?resize=300%2C191&amp;ssl=1 300w, https:\/\/i0.wp.com\/thomasvino.ch\/wp-content\/uploads\/2015\/03\/sagrantino_vingoble.jpg?resize=768%2C490&amp;ssl=1 768w, https:\/\/i0.wp.com\/thomasvino.ch\/wp-content\/uploads\/2015\/03\/sagrantino_vingoble.jpg?w=966&amp;ssl=1 966w\" sizes=\"(max-width: 300px) 100vw, 300px\" data-recalc-dims=\"1\" \/><\/a><p id=\"caption-attachment-12637\" class=\"wp-caption-text\">La r\u00e9gion de Montefalco, en Ombrie, est aussi \u00abcollinaire\u00bb, comme en Toscane.<\/p><\/div>\n<p>Sur un mod\u00e8le semblable, la famille <strong>Bartoloni<\/strong> a \u00e9difi\u00e9, au sommet d\u2019une colline, comme son nom l\u2019indique, la cave de <strong>Le Cimate<\/strong>. Ce domaine de 150 ha d\u2019oliviers et de bambou (!), compte 20 ha de vignes, dont 7 ha de blanc. Il est au nom de <strong>Francesca<\/strong>, 24 ans, qui \u00e9tudie le droit \u00e0 l\u2019universit\u00e9 de P\u00e9rouge, et est conduit par son fr\u00e8re a\u00een\u00e9, <strong>Paolo<\/strong>, 33 ans, agronome passionn\u00e9. A c\u00f4t\u00e9 d\u2019un blanc IGT Umbria, \u00e0 base de vermentino et de grecchetto, il a isol\u00e9 le Trebbiano Spoletino pour r\u00e9pondre \u00e0 la DOC.<\/p>\n<p>Si la cave est neuve \u2014 elle date de 2011 \u2014, les vignes ont une quarantaine d\u2019ann\u00e9es. En effet, le grand-p\u00e8re, \u00e9galement pr\u00e9nomm\u00e9 <strong>Paolo<\/strong>, fut, durant plus de 25 ans, jusqu\u2019en 2002, le pr\u00e9sident de<strong> la coop\u00e9rative Spoleto Ducale<\/strong>. Celle-ci fut la seule \u00e0 vinifier sans discontinuer du Trebbiano Spoletino, qu\u2019elle propose encore, en monoc\u00e9page depuis 1982, \u00e0 plus de 50&rsquo;000 bouteilles. Une version effervescente et un vin doux passerill\u00e9 s\u2019ajoutent au vin tranquille. Pas \u00e9tonnant que d\u2019autres caves s\u2019engouffrent dans la br\u00e8che, au moment o\u00f9 le march\u00e9 demande des vins blancs modernes, fruit\u00e9s et faciles \u00e0 boire.<\/p>\n<p><em>Pierre Thomas, de retour de Toscane et d\u2019Ombrie<\/em><\/p>\n<h2><strong>Deux c\u00e9pages aux parcours proches<\/strong><\/h2>\n<p>Amp\u00e9lographiquement parlant, <em><strong>Vernaccia di San Gimignano<\/strong><\/em> et <em><strong>Trebbiano Spoletino<\/strong><\/em> n\u2019ont aucune parent\u00e9, mais partagent des histoires semblables.<\/p>\n<p>La Vernaccia vient sans doute du mot latin \u00abvernaculus\u00bb, soit indig\u00e8ne\u2026reste \u00e0 savoir d\u2019o\u00f9\u00a0exactement: peut-\u00eatre de la Ligurie, o\u00f9 elle est encore nomm\u00e9e \u00abpiccabon\u00bb. Mais pas de Sardaigne, o\u00f9 subsiste la Vernaccia d\u2019Oristano, dont l\u2019ADN est diff\u00e9rente, pr\u00e9cise <em>Wine Grapes<\/em>, la bible des c\u00e9pages \u00e0 laquelle a grandement contribu\u00e9 le Valaisan <strong>Jos\u00e9 Vouillamoz<\/strong>. A San Gimignano, la vernaccia est mentionn\u00e9e dans un document fiscal de 1276 d\u00e9j\u00e0, puis confirm\u00e9e comme vin doux, au Vatican, au 16<sup>\u00e8me<\/sup> si\u00e8cle. Au surplus, il existe d\u2019autres vernaccia, trentina, nera et di pergola.<\/p>\n<p>M\u00eame large homonymie pour le trebbiano. Evoqu\u00e9e en 1878, la vari\u00e9t\u00e9 Spoletino pourrait venir des Abruzzes, o\u00f9 il existe un trebbiano local, peut-\u00eatre apparent\u00e9 au Trebbiano Toscano. Ce dernier est connu en France sous le nom d\u2019ugni blanc\u00a0: entre les 40&rsquo;000 ha cultiv\u00e9s en Italie et les 60&rsquo;000 ha en France, surtout pour finir distill\u00e9 dans le cognac et l\u2019armagnac, cela en fait le c\u00e9page blanc le plus plant\u00e9 au monde avec l\u2019airen de la Mancha espagnole. S\u2019ajoute le Trebbiano de Mod\u00e8ne, \u00e0 la base du vinaigre balsamique, le romagnolo et le giallo. Le Trebbiano Spoletino, une liane vigoureuse qui s\u2019appuyait pour se d\u00e9velopper sur des arbres (comme la culture dite en hutin \u00e0 Gen\u00e8ve, il y a des si\u00e8cles), \u00e9tait tr\u00e8s appr\u00e9ci\u00e9 des paysans-vignerons d\u2019Ombrie du 19<sup>\u00e8me<\/sup> si\u00e8cle. Il a \u00e9t\u00e9 res\u00e9lectionn\u00e9 \u00e0 partir de 600 vieux ceps, dont la plupart centenaires. Un nouveau clone existe depuis 2004, \u00e0 partir duquel on le replante, plut\u00f4t en plaine qu\u2019en coteau. (<em>pts<\/em>)<\/p>\n<p><em>Dossier paru dans <\/em>H\u00f4tellerie &amp; Gastronomie Hebdo<em> du 19 mars 2015.<\/em><\/p>\n<p>&nbsp;<\/p>\n","protected":false},"excerpt":{"rendered":"<p>L\u2019Italie tricolore\u00a0: du rouge, du blanc et du vert L\u2019Italie ne produit pas que des vins rouges. Longtemps snob\u00e9e par des blancs plus aromatiques, comme le pinot gris ou le sauvignon du Frioul, la Vernaccia di San Gimignano se rappelle au bon souvenir des amateurs\u00a0: elle fut, il y a presque 50 ans, en 1966, [&hellip;]<\/p>\n","protected":false},"author":3,"featured_media":0,"comment_status":"closed","ping_status":"open","sticky":false,"template":"","format":"standard","meta":{"_monsterinsights_skip_tracking":false,"_monsterinsights_sitenote_active":false,"_monsterinsights_sitenote_note":"","_monsterinsights_sitenote_category":0,"jetpack_post_was_ever_published":false,"jetpack_publicize_message":"","jetpack_is_tweetstorm":false,"jetpack_publicize_feature_enabled":true,"jetpack_social_post_already_shared":false,"jetpack_social_options":{"image_generator_settings":{"template":"highway","enabled":false}}},"categories":[10],"tags":[],"jetpack_publicize_connections":[],"yoast_head":"<!-- This site is optimized with the Yoast SEO plugin v20.6 - https:\/\/yoast.com\/wordpress\/plugins\/seo\/ -->\n<title>Vernaccia et Trebbiano Spoletino, deux blancs qui d\u00e9tonnent - thomasvino<\/title>\n<meta name=\"robots\" content=\"index, follow, max-snippet:-1, max-image-preview:large, max-video-preview:-1\" \/>\n<link rel=\"canonical\" href=\"https:\/\/thomasvino.ch\/?p=12632\" \/>\n<meta property=\"og:locale\" content=\"fr_FR\" \/>\n<meta property=\"og:type\" content=\"article\" \/>\n<meta property=\"og:title\" content=\"Vernaccia et Trebbiano Spoletino, deux blancs qui d\u00e9tonnent - thomasvino\" \/>\n<meta property=\"og:description\" content=\"L\u2019Italie tricolore\u00a0: du rouge, du blanc et du vert L\u2019Italie ne produit pas que des vins rouges. Longtemps snob\u00e9e par des blancs plus aromatiques, comme le pinot gris ou le sauvignon du Frioul, la Vernaccia di San Gimignano se rappelle au bon souvenir des amateurs\u00a0: elle fut, il y a presque 50 ans, en 1966, [&hellip;]\" \/>\n<meta property=\"og:url\" content=\"https:\/\/thomasvino.ch\/?p=12632\" \/>\n<meta property=\"og:site_name\" content=\"thomasvino\" \/>\n<meta property=\"article:published_time\" content=\"2015-03-21T15:36:51+00:00\" \/>\n<meta property=\"og:image\" content=\"http:\/\/www.thomasvino.ch\/wp-content\/uploads\/2015\/03\/sangimignano_vernaccia-300x201.jpg\" \/>\n<meta name=\"author\" content=\"Pierre Thomas\" \/>\n<meta name=\"twitter:label1\" content=\"\u00c9crit par\" \/>\n\t<meta name=\"twitter:data1\" content=\"Pierre Thomas\" \/>\n\t<meta name=\"twitter:label2\" content=\"Dur\u00e9e de lecture estim\u00e9e\" \/>\n\t<meta name=\"twitter:data2\" content=\"11 minutes\" \/>\n<script type=\"application\/ld+json\" class=\"yoast-schema-graph\">{\"@context\":\"https:\/\/schema.org\",\"@graph\":[{\"@type\":\"WebPage\",\"@id\":\"https:\/\/thomasvino.ch\/?p=12632\",\"url\":\"https:\/\/thomasvino.ch\/?p=12632\",\"name\":\"Vernaccia et Trebbiano Spoletino, deux blancs qui d\u00e9tonnent - thomasvino\",\"isPartOf\":{\"@id\":\"https:\/\/thomasvino.ch\/#website\"},\"datePublished\":\"2015-03-21T15:36:51+00:00\",\"dateModified\":\"2015-03-21T15:36:51+00:00\",\"author\":{\"@id\":\"https:\/\/thomasvino.ch\/#\/schema\/person\/670bf4486fe81152cf1d68bd585e062e\"},\"breadcrumb\":{\"@id\":\"https:\/\/thomasvino.ch\/?p=12632#breadcrumb\"},\"inLanguage\":\"fr-FR\",\"potentialAction\":[{\"@type\":\"ReadAction\",\"target\":[\"https:\/\/thomasvino.ch\/?p=12632\"]}]},{\"@type\":\"BreadcrumbList\",\"@id\":\"https:\/\/thomasvino.ch\/?p=12632#breadcrumb\",\"itemListElement\":[{\"@type\":\"ListItem\",\"position\":1,\"name\":\"Accueil\",\"item\":\"https:\/\/thomasvino.ch\/\"},{\"@type\":\"ListItem\",\"position\":2,\"name\":\"Vernaccia et Trebbiano Spoletino, deux blancs qui d\u00e9tonnent\"}]},{\"@type\":\"WebSite\",\"@id\":\"https:\/\/thomasvino.ch\/#website\",\"url\":\"https:\/\/thomasvino.ch\/\",\"name\":\"thomasvino\",\"description\":\"Vins &amp; Gastronomie\",\"potentialAction\":[{\"@type\":\"SearchAction\",\"target\":{\"@type\":\"EntryPoint\",\"urlTemplate\":\"https:\/\/thomasvino.ch\/?s={search_term_string}\"},\"query-input\":\"required name=search_term_string\"}],\"inLanguage\":\"fr-FR\"},{\"@type\":\"Person\",\"@id\":\"https:\/\/thomasvino.ch\/#\/schema\/person\/670bf4486fe81152cf1d68bd585e062e\",\"name\":\"Pierre Thomas\",\"image\":{\"@type\":\"ImageObject\",\"inLanguage\":\"fr-FR\",\"@id\":\"https:\/\/thomasvino.ch\/#\/schema\/person\/image\/\",\"url\":\"https:\/\/secure.gravatar.com\/avatar\/91fd5a76647f140e53db987a0dead4d7?s=96&d=mm&r=g\",\"contentUrl\":\"https:\/\/secure.gravatar.com\/avatar\/91fd5a76647f140e53db987a0dead4d7?s=96&d=mm&r=g\",\"caption\":\"Pierre Thomas\"},\"url\":\"https:\/\/thomasvino.ch\/?author=3\"}]}<\/script>\n<!-- \/ Yoast SEO plugin. -->","yoast_head_json":{"title":"Vernaccia et Trebbiano Spoletino, deux blancs qui d\u00e9tonnent - thomasvino","robots":{"index":"index","follow":"follow","max-snippet":"max-snippet:-1","max-image-preview":"max-image-preview:large","max-video-preview":"max-video-preview:-1"},"canonical":"https:\/\/thomasvino.ch\/?p=12632","og_locale":"fr_FR","og_type":"article","og_title":"Vernaccia et Trebbiano Spoletino, deux blancs qui d\u00e9tonnent - thomasvino","og_description":"L\u2019Italie tricolore\u00a0: du rouge, du blanc et du vert L\u2019Italie ne produit pas que des vins rouges. Longtemps snob\u00e9e par des blancs plus aromatiques, comme le pinot gris ou le sauvignon du Frioul, la Vernaccia di San Gimignano se rappelle au bon souvenir des amateurs\u00a0: elle fut, il y a presque 50 ans, en 1966, [&hellip;]","og_url":"https:\/\/thomasvino.ch\/?p=12632","og_site_name":"thomasvino","article_published_time":"2015-03-21T15:36:51+00:00","og_image":[{"url":"http:\/\/www.thomasvino.ch\/wp-content\/uploads\/2015\/03\/sangimignano_vernaccia-300x201.jpg"}],"author":"Pierre Thomas","twitter_misc":{"\u00c9crit par":"Pierre Thomas","Dur\u00e9e de lecture estim\u00e9e":"11 minutes"},"schema":{"@context":"https:\/\/schema.org","@graph":[{"@type":"WebPage","@id":"https:\/\/thomasvino.ch\/?p=12632","url":"https:\/\/thomasvino.ch\/?p=12632","name":"Vernaccia et Trebbiano Spoletino, deux blancs qui d\u00e9tonnent - thomasvino","isPartOf":{"@id":"https:\/\/thomasvino.ch\/#website"},"datePublished":"2015-03-21T15:36:51+00:00","dateModified":"2015-03-21T15:36:51+00:00","author":{"@id":"https:\/\/thomasvino.ch\/#\/schema\/person\/670bf4486fe81152cf1d68bd585e062e"},"breadcrumb":{"@id":"https:\/\/thomasvino.ch\/?p=12632#breadcrumb"},"inLanguage":"fr-FR","potentialAction":[{"@type":"ReadAction","target":["https:\/\/thomasvino.ch\/?p=12632"]}]},{"@type":"BreadcrumbList","@id":"https:\/\/thomasvino.ch\/?p=12632#breadcrumb","itemListElement":[{"@type":"ListItem","position":1,"name":"Accueil","item":"https:\/\/thomasvino.ch\/"},{"@type":"ListItem","position":2,"name":"Vernaccia et Trebbiano Spoletino, deux blancs qui d\u00e9tonnent"}]},{"@type":"WebSite","@id":"https:\/\/thomasvino.ch\/#website","url":"https:\/\/thomasvino.ch\/","name":"thomasvino","description":"Vins &amp; Gastronomie","potentialAction":[{"@type":"SearchAction","target":{"@type":"EntryPoint","urlTemplate":"https:\/\/thomasvino.ch\/?s={search_term_string}"},"query-input":"required name=search_term_string"}],"inLanguage":"fr-FR"},{"@type":"Person","@id":"https:\/\/thomasvino.ch\/#\/schema\/person\/670bf4486fe81152cf1d68bd585e062e","name":"Pierre Thomas","image":{"@type":"ImageObject","inLanguage":"fr-FR","@id":"https:\/\/thomasvino.ch\/#\/schema\/person\/image\/","url":"https:\/\/secure.gravatar.com\/avatar\/91fd5a76647f140e53db987a0dead4d7?s=96&d=mm&r=g","contentUrl":"https:\/\/secure.gravatar.com\/avatar\/91fd5a76647f140e53db987a0dead4d7?s=96&d=mm&r=g","caption":"Pierre Thomas"},"url":"https:\/\/thomasvino.ch\/?author=3"}]}},"jetpack_featured_media_url":"","jetpack_sharing_enabled":true,"jetpack_shortlink":"https:\/\/wp.me\/p3m4tZ-3hK","jetpack_likes_enabled":false,"jetpack-related-posts":[{"id":16612,"url":"https:\/\/thomasvino.ch\/?p=16612","url_meta":{"origin":12632,"position":0},"title":"Consommation des vins suisse\u00a0: et pourtant, elle \u00e9tait repartie\u2026","date":"6 mai 2020","format":false,"excerpt":"Berne a publi\u00e9 ses chiffres, fin avril\u00a0: les Suisses (et les touristes) ont bu davantage de vin (+ 4,7%) et augment\u00e9 la part de march\u00e9 des vins suisses \u00e0 37%. La nouvelle vient \u00e0 contre-courant, au moment o\u00f9 on ne sait pas encore comment va r\u00e9agir l\u2019Horeca face au Covid-19.\u2026","rel":"","context":"Dans &quot;Tendance&quot;","img":{"alt_text":"","src":"","width":0,"height":0},"classes":[]},{"id":9165,"url":"https:\/\/thomasvino.ch\/?p=9165","url_meta":{"origin":12632,"position":1},"title":"Vins suisses: la consommation augmente en 2010","date":"27 avril 2011","format":false,"excerpt":"Vins suisses (et en Suisse) en 2010 La consommation augmente \u2014 les Valaisans bien plac\u00e9s En 2010, la consommation des vins suisses \u00e0 augment\u00e9 de 3,2%, contre une hausse des vins \u00e9trangers limit\u00e9e \u00e0 0,8%. La vendange\u00a0 suisse 2010, modeste, d\u2019un peu plus d\u2019un million d\u2019hectolitres, ne devrait juste pas\u2026","rel":"","context":"Dans &quot;Tendance&quot;","img":{"alt_text":"","src":"","width":0,"height":0},"classes":[]},{"id":15763,"url":"https:\/\/thomasvino.ch\/?p=15763","url_meta":{"origin":12632,"position":2},"title":"Consommation\u00a0: les vins suisses r\u00e9sistent","date":"30 avril 2019","format":false,"excerpt":"En 2018, la consommation des vins en Suisse a l\u00e9g\u00e8rement d\u00e9cru, de 550'000 litres. Mais les vins indig\u00e8nes ont l\u00e9g\u00e8rement progress\u00e9, permettant \u00e0 leur part du march\u00e9 de passer de 35% \u00e0 36,6%. La Suisse a produit en 2018 exactement une bouteille de vin de 75 cl par m\u00e8tre carr\u00e9\u2026","rel":"","context":"Dans &quot;Actus - News&quot;","img":{"alt_text":"","src":"","width":0,"height":0},"classes":[]},{"id":8856,"url":"https:\/\/thomasvino.ch\/?p=8856","url_meta":{"origin":12632,"position":3},"title":"Import et export suisses reculent en 2008","date":"13 mars 2009","format":false,"excerpt":"Import & exportLa Suisse importe un peu moins de vinEn 2008, l\u2019importation des vins en Suisse a l\u00e9g\u00e8rement fl\u00e9chi, \u00e0 174,5 millions de litres. Rappel\u00a0: les importations repr\u00e9sentent pr\u00e8s de 60% de la consommation totale de vins en Suisse. Des chiffres tir\u00e9s de Wine & Spirits, le nouvel organe officiel\u2026","rel":"","context":"Dans &quot;Actus - News&quot;","img":{"alt_text":"","src":"","width":0,"height":0},"classes":[]},{"id":9950,"url":"https:\/\/thomasvino.ch\/?p=9950","url_meta":{"origin":12632,"position":4},"title":"Les Suisses boivent plus de rouge indig\u00e8ne que de blanc","date":"6 avril 2007","format":false,"excerpt":"Les chiffres du vin suisse 2006Les Helv\u00e8tes boivent plus de vin rouge indig\u00e8ne que de blancTournant historique: pour la premi\u00e8re fois, les Suisses ont consomm\u00e9 un peu plus de vin rouge du pays que de blanc. Dans la baisse de la consommation, qui se confirme, c\u2019est encore le blanc local\u2026","rel":"","context":"Dans &quot;Tendance&quot;","img":{"alt_text":"","src":"","width":0,"height":0},"classes":[]},{"id":8881,"url":"https:\/\/thomasvino.ch\/?p=8881","url_meta":{"origin":12632,"position":5},"title":"Consommation de vin: la Suisse stable","date":"21 avril 2009","format":false,"excerpt":"VinsLes Suisses consomment toujours autantAlors qu'elle avait augment\u00e9 de pr\u00e8s de 10 millions de litres en 2006, la consommation de vins en Suisse en 2008 s'est stabilis\u00e9e au niveau de 2007. Elle se monte \u00e0 278,3 millions de litres, contre 279,8 millions de litres l'ann\u00e9e pr\u00e9c\u00e9dente. Les Suisses ont bu\u2026","rel":"","context":"Dans &quot;Actus - News&quot;","img":{"alt_text":"","src":"","width":0,"height":0},"classes":[]}],"_links":{"self":[{"href":"https:\/\/thomasvino.ch\/index.php?rest_route=\/wp\/v2\/posts\/12632"}],"collection":[{"href":"https:\/\/thomasvino.ch\/index.php?rest_route=\/wp\/v2\/posts"}],"about":[{"href":"https:\/\/thomasvino.ch\/index.php?rest_route=\/wp\/v2\/types\/post"}],"author":[{"embeddable":true,"href":"https:\/\/thomasvino.ch\/index.php?rest_route=\/wp\/v2\/users\/3"}],"replies":[{"embeddable":true,"href":"https:\/\/thomasvino.ch\/index.php?rest_route=%2Fwp%2Fv2%2Fcomments&post=12632"}],"version-history":[{"count":0,"href":"https:\/\/thomasvino.ch\/index.php?rest_route=\/wp\/v2\/posts\/12632\/revisions"}],"wp:attachment":[{"href":"https:\/\/thomasvino.ch\/index.php?rest_route=%2Fwp%2Fv2%2Fmedia&parent=12632"}],"wp:term":[{"taxonomy":"category","embeddable":true,"href":"https:\/\/thomasvino.ch\/index.php?rest_route=%2Fwp%2Fv2%2Fcategories&post=12632"},{"taxonomy":"post_tag","embeddable":true,"href":"https:\/\/thomasvino.ch\/index.php?rest_route=%2Fwp%2Fv2%2Ftags&post=12632"}],"curies":[{"name":"wp","href":"https:\/\/api.w.org\/{rel}","templated":true}]}}