{"id":12732,"date":"2015-05-07T13:41:07","date_gmt":"2015-05-07T12:41:07","guid":{"rendered":"http:\/\/www.thomasvino.ch\/?p=12732"},"modified":"2015-05-07T13:41:07","modified_gmt":"2015-05-07T12:41:07","slug":"les-vins-de-sicile-par-dela-le-volcan","status":"publish","type":"post","link":"https:\/\/thomasvino.ch\/?p=12732","title":{"rendered":"Les vins de Sicile par-del\u00e0 le volcan"},"content":{"rendered":"<p><strong>Depuis deux ans, la Sicile a d\u00e9cid\u00e9 de jouer la carte de sa propre DOC (\u00abd\u00e9nomination d\u2019origine contr\u00f4l\u00e9e\u00bb) et d\u2019\u00e9lever le niveau de ses vins. Elle a pris conscience de son climat, qui lui a assur\u00e9 un excellent mill\u00e9sime 2014, et de ses c\u00e9pages autochtones. Reportage au sud et au nord de l\u2019Etna, le volcan (encore actif) qui domine Catane.<\/strong><\/p>\n<p><em>Par Pierre Thomas, texte et photos<\/em><\/p>\n<p>La DOC Sicilia recouvre tout le vignoble, soit pr\u00e8s de 120&rsquo;000 ha, qui en fait la plus vaste r\u00e9gion vticiole d\u2019Italie. En deux ans, sa progression est fulgurante et elle vise les 30 millions de bouteilles pour 2015. Cette DOC g\u00e9n\u00e9rale n\u2019exclut l\u2019existence ni des IGT-IGP, ni des DOC (plus d\u2019une vingtaine\u00a0!) plus restreintes, avec indication du lieu, accompagn\u00e9e souvent du c\u00e9page. L\u2019Etna, rosso, bianco, mais aussi ros\u00e9 et m\u00eame mousseux, appartient \u00e0 la premi\u00e8re cat\u00e9gorie. C\u2019est la plus ancienne DOC sicilienne, datant de 1968. Le Frappato \u2014 c\u00e9page rouge qui donne un vin frais et jovial, en pleine renaissance \u2014 peut \u00eatre flanqu\u00e9 de Vittoria DOC.<\/p>\n<div id=\"attachment_12733\" style=\"width: 310px\" class=\"wp-caption aligncenter\"><a href=\"https:\/\/i0.wp.com\/www.thomasvino.ch\/wp-content\/uploads\/2015\/05\/site_pierre_etna.jpg\"><img aria-describedby=\"caption-attachment-12733\" data-attachment-id=\"12733\" data-permalink=\"https:\/\/thomasvino.ch\/?attachment_id=12733\" data-orig-file=\"https:\/\/i0.wp.com\/thomasvino.ch\/wp-content\/uploads\/2015\/05\/site_pierre_etna.jpg?fit=3264%2C2448&amp;ssl=1\" data-orig-size=\"3264,2448\" data-comments-opened=\"0\" data-image-meta=\"{&quot;aperture&quot;:&quot;2.4&quot;,&quot;credit&quot;:&quot;&quot;,&quot;camera&quot;:&quot;iPhone 4S&quot;,&quot;caption&quot;:&quot;&quot;,&quot;created_timestamp&quot;:&quot;1429378019&quot;,&quot;copyright&quot;:&quot;&quot;,&quot;focal_length&quot;:&quot;4.28&quot;,&quot;iso&quot;:&quot;50&quot;,&quot;shutter_speed&quot;:&quot;0.00056085249579361&quot;,&quot;title&quot;:&quot;&quot;,&quot;orientation&quot;:&quot;1&quot;}\" data-image-title=\"site_pierre_etna\" data-image-description=\"\" data-image-caption=\"&lt;p&gt;L&amp;rsquo;Etna et une curieuse pyramide de \u00abpierres noires\u00bb.&lt;\/p&gt;\n\" data-medium-file=\"https:\/\/i0.wp.com\/thomasvino.ch\/wp-content\/uploads\/2015\/05\/site_pierre_etna.jpg?fit=300%2C225&amp;ssl=1\" data-large-file=\"https:\/\/i0.wp.com\/thomasvino.ch\/wp-content\/uploads\/2015\/05\/site_pierre_etna.jpg?fit=1024%2C768&amp;ssl=1\" loading=\"lazy\" class=\"size-medium wp-image-12733\" src=\"https:\/\/i0.wp.com\/www.thomasvino.ch\/wp-content\/uploads\/2015\/05\/site_pierre_etna-300x225.jpg?resize=300%2C225\" alt=\"L'Etna et une curieuse pyramide de \u00abpierres noires\u00bb.\" width=\"300\" height=\"225\" srcset=\"https:\/\/i0.wp.com\/thomasvino.ch\/wp-content\/uploads\/2015\/05\/site_pierre_etna.jpg?resize=300%2C225&amp;ssl=1 300w, https:\/\/i0.wp.com\/thomasvino.ch\/wp-content\/uploads\/2015\/05\/site_pierre_etna.jpg?resize=768%2C576&amp;ssl=1 768w, https:\/\/i0.wp.com\/thomasvino.ch\/wp-content\/uploads\/2015\/05\/site_pierre_etna.jpg?resize=1024%2C768&amp;ssl=1 1024w, https:\/\/i0.wp.com\/thomasvino.ch\/wp-content\/uploads\/2015\/05\/site_pierre_etna.jpg?w=2000&amp;ssl=1 2000w, https:\/\/i0.wp.com\/thomasvino.ch\/wp-content\/uploads\/2015\/05\/site_pierre_etna.jpg?w=3000&amp;ssl=1 3000w\" sizes=\"(max-width: 300px) 100vw, 300px\" data-recalc-dims=\"1\" \/><\/a><p id=\"caption-attachment-12733\" class=\"wp-caption-text\">L&rsquo;Etna et une curieuse pyramide de \u00abpierres noires\u00bb.<\/p><\/div>\n<h3><strong>Une seule DOCG\u2026 en plein essor<\/strong><\/h3>\n<p>Et cette ville de la province de Raguse a aussi donn\u00e9 son nom \u00e0 la seule DOCG (DOC garantie depuis 2005) de l\u2019\u00eele, le Cerasuolo di Vittoria. Cerasuolo ne d\u00e9signe ni un c\u00e9page, ni un terroir, mais une couleur \u00abrouge cerise\u00bb, d\u00e9riv\u00e9e du bas latin \u00abceralum\u00bb. Sur un p\u00e9rim\u00e8tre r\u00e9duit de 260 ha seulement, les producteurs de la r\u00e9gion de Vittoria ont d\u00e9cid\u00e9 de mettre la barre tr\u00e8s haut\u00a0: ce vin, dans sa version classique, tire parti de deux c\u00e9pages rouges importants, l\u2019omnipr\u00e9sent Nero d\u2019Avola, qui donne des vins bas de gamme, mais aussi les plus lourds et parfois outrageusement bois\u00e9s, et le s\u00e9millant Frappato. Ils peuvent, au maximum, se retrouver \u00e0 50% &#8211; 50%, mais plus g\u00e9n\u00e9ralement dans une proportion de 60% de nero et de 40% de frappato. Certains producteurs, comme Valle dell\u2019Acate et son embl\u00e9matique ambassadrice du Cerasuolo, \u00e9galement \u00abWE-Women of Expo\u00bb \u00e0 Expo Milano 2015, <strong>Gaetana Jacono<\/strong>, visent m\u00eame d\u2019en faire une \u00abriserva\u00bb et \u00abun vin de longue garde\u00bb d\u2019une grande finesse, plus proche d\u2019un Barolo que d\u2019un vin des Pouilles. La cave vient d\u2019engager pour redessiner le style de ses vins, un \u0153nologue pi\u00e9montais, Carlo Casavecchia, n\u00e9 \u00e0 Alba, qui a travaill\u00e9 pour le g\u00e9ant sicilien Duca di Salapurta, et sur les mousseux de l\u2019Etna.<\/p>\n<div id=\"attachment_12734\" style=\"width: 310px\" class=\"wp-caption aligncenter\"><a href=\"https:\/\/i0.wp.com\/www.thomasvino.ch\/wp-content\/uploads\/2015\/05\/site_sicile_fenacate.jpg\"><img aria-describedby=\"caption-attachment-12734\" data-attachment-id=\"12734\" data-permalink=\"https:\/\/thomasvino.ch\/?attachment_id=12734\" data-orig-file=\"https:\/\/i0.wp.com\/thomasvino.ch\/wp-content\/uploads\/2015\/05\/site_sicile_fenacate.jpg?fit=3264%2C2448&amp;ssl=1\" data-orig-size=\"3264,2448\" data-comments-opened=\"0\" data-image-meta=\"{&quot;aperture&quot;:&quot;2.4&quot;,&quot;credit&quot;:&quot;&quot;,&quot;camera&quot;:&quot;iPhone 4S&quot;,&quot;caption&quot;:&quot;&quot;,&quot;created_timestamp&quot;:&quot;1429095194&quot;,&quot;copyright&quot;:&quot;&quot;,&quot;focal_length&quot;:&quot;4.28&quot;,&quot;iso&quot;:&quot;50&quot;,&quot;shutter_speed&quot;:&quot;0.0005249343832021&quot;,&quot;title&quot;:&quot;&quot;,&quot;orientation&quot;:&quot;1&quot;}\" data-image-title=\"site_sicile_fenacate\" data-image-description=\"\" data-image-caption=\"&lt;p&gt;Fen\u00eatre ouverte sur le vignoble sicilien, \u00e0 Valle dell&amp;rsquo;Acate.&lt;\/p&gt;\n\" data-medium-file=\"https:\/\/i0.wp.com\/thomasvino.ch\/wp-content\/uploads\/2015\/05\/site_sicile_fenacate.jpg?fit=300%2C225&amp;ssl=1\" data-large-file=\"https:\/\/i0.wp.com\/thomasvino.ch\/wp-content\/uploads\/2015\/05\/site_sicile_fenacate.jpg?fit=1024%2C768&amp;ssl=1\" loading=\"lazy\" class=\"size-medium wp-image-12734\" src=\"https:\/\/i0.wp.com\/www.thomasvino.ch\/wp-content\/uploads\/2015\/05\/site_sicile_fenacate-300x225.jpg?resize=300%2C225\" alt=\"Fen\u00eatre ouverte sur le vignoble sicilien, \u00e0 Valle dell'Acate.\" width=\"300\" height=\"225\" srcset=\"https:\/\/i0.wp.com\/thomasvino.ch\/wp-content\/uploads\/2015\/05\/site_sicile_fenacate.jpg?resize=300%2C225&amp;ssl=1 300w, https:\/\/i0.wp.com\/thomasvino.ch\/wp-content\/uploads\/2015\/05\/site_sicile_fenacate.jpg?resize=768%2C576&amp;ssl=1 768w, https:\/\/i0.wp.com\/thomasvino.ch\/wp-content\/uploads\/2015\/05\/site_sicile_fenacate.jpg?resize=1024%2C768&amp;ssl=1 1024w, https:\/\/i0.wp.com\/thomasvino.ch\/wp-content\/uploads\/2015\/05\/site_sicile_fenacate.jpg?w=2000&amp;ssl=1 2000w, https:\/\/i0.wp.com\/thomasvino.ch\/wp-content\/uploads\/2015\/05\/site_sicile_fenacate.jpg?w=3000&amp;ssl=1 3000w\" sizes=\"(max-width: 300px) 100vw, 300px\" data-recalc-dims=\"1\" \/><\/a><p id=\"caption-attachment-12734\" class=\"wp-caption-text\">Fen\u00eatre ouverte sur le vignoble sicilien, \u00e0 Valle dell&rsquo;Acate.<\/p><\/div>\n<h3><strong>Un retour vers la \u00abvraie\u00bb Sicile<\/strong><\/h3>\n<p>Bien s\u00fbr, la Sicile n\u2019a pas tourn\u00e9 le dos \u00e0 sa premi\u00e8re r\u00e9volution des ann\u00e9es 1980, avec le d\u00e9barquement tonitruant du chardonnay, du cabernet sauvignon et de la syrah. En misant sur ces c\u00e9pages internationaux, en embouchant ces trompettes de J\u00e9richo, la Sicile a su faire trembler les autres vignobles et faire r\u00e9sonner sa musique dans le concert des vins italiens.<\/p>\n<p>Aujourd\u2019hui, les plus grands domaines, comme <strong>Planeta,<\/strong> Tasca d\u2019Almerita ou <strong>Donnafugata<\/strong> jouent sur les deux tableaux. Leur expertise, leur connaissance du terrain, leurs vignobles r\u00e9partis dans plusieurs r\u00e9gions de l\u2019\u00eele, leur permettent de r\u00e9ussir dans tous les registres. En blanc, le carricante est le c\u00e9page le plus int\u00e9ressant de l\u2019Etna, parfois assembl\u00e9 au cataratto, o\u00f9, en rouge, le nerello mascalese se taille la parti du lion, parfois compl\u00e9t\u00e9 par du nerello capuccio. Des vari\u00e9t\u00e9s plant\u00e9es nulle part ailleurs qui font la singularit\u00e9 des vins des contreforts du volcan, alli\u00e9es au sol volcanique tr\u00e8s fertile et riche en sels min\u00e9raux.<\/p>\n<h3><strong>Des femmes aux commandes<\/strong><\/h3>\n<p>Que ce soit chez <strong>Donnafugata<\/strong>, o\u00f9 <strong>Jos\u00e9 Rallo<\/strong> demeure une ambassadrice de charme, \u00e0 c\u00f4t\u00e9 de son fr\u00e8re <strong>Antonio<\/strong>, pr\u00e9sident de la DOC Sicilia d\u00e8s 2012, ou chez <strong>Valle dell\u2019Acate<\/strong>, avec <strong>Gaetana Jacono<\/strong>, ou chez <strong>Cottanera<\/strong>, avec <strong>Mariangela Cambria<\/strong>, vice-pr\u00e9sidente de Assovini Sicilia (qui organise <em>\u00abSicilia en primeur\u00bb<\/em>), les femmes sont aux avant-postes, \u00e0 l\u2019instar de la tr\u00e8s dynamique <strong>Arianna Occhipinti<\/strong>. Dans sa nouvelle cave enterr\u00e9e, o\u00f9 les cuves en ciment ont fait leur retour, plut\u00f4t que l\u2019inox pour les rouges, elle poursuit une voie originale, avec ses cuv\u00e9es fruit\u00e9es et primesauti\u00e8res SP 68 \u2014 du nom de la principale route des vins du sud-est de l\u2019\u00eele. La jeune femme est aussi l\u2019illustration du renouveau dans la vigne, avec la replantation de c\u00e9pages autochtones cultiv\u00e9s en bio\u00a0: <em>\u00abJe travaille pour les 80 prochaines ann\u00e9es\u00a0!\u00bb<\/em>, dit-elle au milieu des rangs de nouveaux ceps, parsem\u00e9s d\u2019herbes folles.<\/p>\n<div id=\"attachment_12735\" style=\"width: 310px\" class=\"wp-caption aligncenter\"><a href=\"https:\/\/i0.wp.com\/www.thomasvino.ch\/wp-content\/uploads\/2015\/05\/site_occhipinti.jpg\"><img aria-describedby=\"caption-attachment-12735\" data-attachment-id=\"12735\" data-permalink=\"https:\/\/thomasvino.ch\/?attachment_id=12735\" data-orig-file=\"https:\/\/i0.wp.com\/thomasvino.ch\/wp-content\/uploads\/2015\/05\/site_occhipinti.jpg?fit=3264%2C2448&amp;ssl=1\" data-orig-size=\"3264,2448\" data-comments-opened=\"0\" data-image-meta=\"{&quot;aperture&quot;:&quot;2.4&quot;,&quot;credit&quot;:&quot;&quot;,&quot;camera&quot;:&quot;iPhone 4S&quot;,&quot;caption&quot;:&quot;&quot;,&quot;created_timestamp&quot;:&quot;1429107359&quot;,&quot;copyright&quot;:&quot;&quot;,&quot;focal_length&quot;:&quot;4.28&quot;,&quot;iso&quot;:&quot;160&quot;,&quot;shutter_speed&quot;:&quot;0.05&quot;,&quot;title&quot;:&quot;&quot;,&quot;orientation&quot;:&quot;1&quot;}\" data-image-title=\"site_occhipinti\" data-image-description=\"\" data-image-caption=\"&lt;p&gt;Arianna Occhipinti montre les cuves en b\u00e9ton de sa toute nouvelle cave.&lt;\/p&gt;\n\" data-medium-file=\"https:\/\/i0.wp.com\/thomasvino.ch\/wp-content\/uploads\/2015\/05\/site_occhipinti.jpg?fit=300%2C225&amp;ssl=1\" data-large-file=\"https:\/\/i0.wp.com\/thomasvino.ch\/wp-content\/uploads\/2015\/05\/site_occhipinti.jpg?fit=1024%2C768&amp;ssl=1\" loading=\"lazy\" class=\"size-medium wp-image-12735\" src=\"https:\/\/i0.wp.com\/www.thomasvino.ch\/wp-content\/uploads\/2015\/05\/site_occhipinti-300x225.jpg?resize=300%2C225\" alt=\"Arianna Occhipinti montre les cuves en b\u00e9ton de sa toute nouvelle cave.\" width=\"300\" height=\"225\" srcset=\"https:\/\/i0.wp.com\/thomasvino.ch\/wp-content\/uploads\/2015\/05\/site_occhipinti.jpg?resize=300%2C225&amp;ssl=1 300w, https:\/\/i0.wp.com\/thomasvino.ch\/wp-content\/uploads\/2015\/05\/site_occhipinti.jpg?resize=768%2C576&amp;ssl=1 768w, https:\/\/i0.wp.com\/thomasvino.ch\/wp-content\/uploads\/2015\/05\/site_occhipinti.jpg?resize=1024%2C768&amp;ssl=1 1024w, https:\/\/i0.wp.com\/thomasvino.ch\/wp-content\/uploads\/2015\/05\/site_occhipinti.jpg?w=2000&amp;ssl=1 2000w, https:\/\/i0.wp.com\/thomasvino.ch\/wp-content\/uploads\/2015\/05\/site_occhipinti.jpg?w=3000&amp;ssl=1 3000w\" sizes=\"(max-width: 300px) 100vw, 300px\" data-recalc-dims=\"1\" \/><\/a><p id=\"caption-attachment-12735\" class=\"wp-caption-text\">Arianna Occhipinti montre les cuves en b\u00e9ton de sa toute nouvelle cave.<\/p><\/div>\n<h3><strong>Un climat entre vent et volcan<\/strong><\/h3>\n<p>De fait, le climat sicilien est favorable \u00e0 une culture raisonn\u00e9e, mais surtout en bio (\u00aborganique\u00bb) ou en biodynamie. La Sicile est en t\u00eate de la reconversion en bio, car la plus grande \u00eele de la M\u00e9diterran\u00e9e doit autant \u00e0 la pluie (ou non), au soleil (qui peut tout br\u00fbler), qu\u2019\u00e0 l\u2019altitude (les environs de Vittoria sont sur un altiplano\u00a0; les vignes de l\u2019Etna grimpent jusqu\u2019\u00e0 pr\u00e8s de 1&rsquo;000 m\u00e8tres) qu\u2019\u00e0 l\u2019exposition dans les entrelacs des vall\u00e9es, et, partout, aux vents marins, souvent d\u2019une rare force, mais qui assurent une grande amplitude entre la temp\u00e9rature diurne et nocturne, m\u00eame au plus chaud de l\u2019\u00e9t\u00e9.<\/p>\n<p>Quand on ne cherche plus les rendements \u00e9lev\u00e9s pour des vins courants, mais la concentration naturelle, le cycle de la vigne se satisfait de ces conditions atmosph\u00e9riques parfois extr\u00eames\u00a0: celles de 2014 furent \u00e9quilibr\u00e9es, avec une bonne r\u00e9serve d\u2019eau en hiver et au printemps, puis un \u00e9t\u00e9 pas trop chaud, ni trop ensoleill\u00e9, et un automne long et sec. Dans ces conditions contrast\u00e9es, en Sicile, on vendange de fin juillet \u00e0 fin octobre, sur pr\u00e8s de quatre mois. Et il est loin le temps o\u00f9 les bateaux charg\u00e9s de gros rouge s\u2019en allaient d\u00e9verser leurs citernes \u00e0 Marseille\u2026<\/p>\n<p><em>Paru dans <\/em>H\u00f4tellerie &amp; Gastronomie Hebdo<em>, du 7 mai 2015<br \/>\n<\/em><\/p>\n<h3><strong>Les meilleurs vins siciliens \u00aba la cieca\u00bb<\/strong><\/h3>\n<p>En avril, pour la 12<sup>\u00e8me<\/sup> fois, cette ann\u00e9e au pied de la tr\u00e8s touristique cit\u00e9 de Taormina, Assovini Sicilia a organis\u00e9 <em>\u00abSicilia en primeur\u00bb<\/em> (oui, en fran\u00e7ais\u00a0!). L\u2019association regroupe 70 des plus grands op\u00e9rateurs, avec une part \u00e0 l\u2019export\u00a0de 57%. 40 domaines n\u2019ont pas h\u00e9sit\u00e9 \u00e0 pr\u00e9senter des vins en d\u00e9gustation \u00e0 l\u2019aveugle (<em>\u00aba la cieca\u00bb<\/em>), du mill\u00e9sime 2014 pas encore sur le march\u00e9, et de mill\u00e9simes plus anciens, impeccablement servis par une escouade de sommeliers dipl\u00f4m\u00e9s. Parmi plus de 120 vins d\u00e9gust\u00e9s \u00e0 l\u2019aveugle, nous avons appr\u00e9ci\u00e9 de nombreux: <strong><a href=\"http:\/\/www.thomasvino.ch\/?p=12737\">ils sont annot\u00e9s et not\u00e9s sur 100 ici<\/a><\/strong>.<\/p>\n<p><em>\u00a9thomasvino.ch<\/em><\/p>\n","protected":false},"excerpt":{"rendered":"<p>Depuis deux ans, la Sicile a d\u00e9cid\u00e9 de jouer la carte de sa propre DOC (\u00abd\u00e9nomination d\u2019origine contr\u00f4l\u00e9e\u00bb) et d\u2019\u00e9lever le niveau de ses vins. Elle a pris conscience de son climat, qui lui a assur\u00e9 un excellent mill\u00e9sime 2014, et de ses c\u00e9pages autochtones. Reportage au sud et au nord de l\u2019Etna, le volcan [&hellip;]<\/p>\n","protected":false},"author":3,"featured_media":0,"comment_status":"closed","ping_status":"open","sticky":false,"template":"","format":"standard","meta":{"_monsterinsights_skip_tracking":false,"_monsterinsights_sitenote_active":false,"_monsterinsights_sitenote_note":"","_monsterinsights_sitenote_category":0,"jetpack_post_was_ever_published":false,"jetpack_publicize_message":"","jetpack_is_tweetstorm":false,"jetpack_publicize_feature_enabled":true,"jetpack_social_post_already_shared":true,"jetpack_social_options":{"image_generator_settings":{"template":"highway","enabled":false}}},"categories":[10],"tags":[1026,1025,1027,1028],"jetpack_publicize_connections":[],"yoast_head":"<!-- This site is optimized with the Yoast SEO plugin v20.6 - https:\/\/yoast.com\/wordpress\/plugins\/seo\/ -->\n<title>Les vins de Sicile par-del\u00e0 le volcan - thomasvino<\/title>\n<meta name=\"robots\" content=\"index, follow, max-snippet:-1, max-image-preview:large, max-video-preview:-1\" \/>\n<link rel=\"canonical\" href=\"https:\/\/thomasvino.ch\/?p=12732\" \/>\n<meta property=\"og:locale\" content=\"fr_FR\" \/>\n<meta property=\"og:type\" content=\"article\" \/>\n<meta property=\"og:title\" content=\"Les vins de Sicile par-del\u00e0 le volcan - thomasvino\" \/>\n<meta property=\"og:description\" content=\"Depuis deux ans, la Sicile a d\u00e9cid\u00e9 de jouer la carte de sa propre DOC (\u00abd\u00e9nomination d\u2019origine contr\u00f4l\u00e9e\u00bb) et d\u2019\u00e9lever le niveau de ses vins. Elle a pris conscience de son climat, qui lui a assur\u00e9 un excellent mill\u00e9sime 2014, et de ses c\u00e9pages autochtones. Reportage au sud et au nord de l\u2019Etna, le volcan [&hellip;]\" \/>\n<meta property=\"og:url\" content=\"https:\/\/thomasvino.ch\/?p=12732\" \/>\n<meta property=\"og:site_name\" content=\"thomasvino\" \/>\n<meta property=\"article:published_time\" content=\"2015-05-07T12:41:07+00:00\" \/>\n<meta property=\"og:image\" content=\"http:\/\/www.thomasvino.ch\/wp-content\/uploads\/2015\/05\/site_pierre_etna-300x225.jpg\" \/>\n<meta name=\"author\" content=\"Pierre Thomas\" \/>\n<meta name=\"twitter:label1\" content=\"\u00c9crit par\" \/>\n\t<meta name=\"twitter:data1\" content=\"Pierre Thomas\" \/>\n\t<meta name=\"twitter:label2\" content=\"Dur\u00e9e de lecture estim\u00e9e\" \/>\n\t<meta name=\"twitter:data2\" content=\"6 minutes\" \/>\n<script type=\"application\/ld+json\" class=\"yoast-schema-graph\">{\"@context\":\"https:\/\/schema.org\",\"@graph\":[{\"@type\":\"WebPage\",\"@id\":\"https:\/\/thomasvino.ch\/?p=12732\",\"url\":\"https:\/\/thomasvino.ch\/?p=12732\",\"name\":\"Les vins de Sicile par-del\u00e0 le volcan - thomasvino\",\"isPartOf\":{\"@id\":\"https:\/\/thomasvino.ch\/#website\"},\"datePublished\":\"2015-05-07T12:41:07+00:00\",\"dateModified\":\"2015-05-07T12:41:07+00:00\",\"author\":{\"@id\":\"https:\/\/thomasvino.ch\/#\/schema\/person\/670bf4486fe81152cf1d68bd585e062e\"},\"breadcrumb\":{\"@id\":\"https:\/\/thomasvino.ch\/?p=12732#breadcrumb\"},\"inLanguage\":\"fr-FR\",\"potentialAction\":[{\"@type\":\"ReadAction\",\"target\":[\"https:\/\/thomasvino.ch\/?p=12732\"]}]},{\"@type\":\"BreadcrumbList\",\"@id\":\"https:\/\/thomasvino.ch\/?p=12732#breadcrumb\",\"itemListElement\":[{\"@type\":\"ListItem\",\"position\":1,\"name\":\"Accueil\",\"item\":\"https:\/\/thomasvino.ch\/\"},{\"@type\":\"ListItem\",\"position\":2,\"name\":\"Les vins de Sicile par-del\u00e0 le volcan\"}]},{\"@type\":\"WebSite\",\"@id\":\"https:\/\/thomasvino.ch\/#website\",\"url\":\"https:\/\/thomasvino.ch\/\",\"name\":\"thomasvino\",\"description\":\"Vins &amp; Gastronomie\",\"potentialAction\":[{\"@type\":\"SearchAction\",\"target\":{\"@type\":\"EntryPoint\",\"urlTemplate\":\"https:\/\/thomasvino.ch\/?s={search_term_string}\"},\"query-input\":\"required name=search_term_string\"}],\"inLanguage\":\"fr-FR\"},{\"@type\":\"Person\",\"@id\":\"https:\/\/thomasvino.ch\/#\/schema\/person\/670bf4486fe81152cf1d68bd585e062e\",\"name\":\"Pierre Thomas\",\"image\":{\"@type\":\"ImageObject\",\"inLanguage\":\"fr-FR\",\"@id\":\"https:\/\/thomasvino.ch\/#\/schema\/person\/image\/\",\"url\":\"https:\/\/secure.gravatar.com\/avatar\/91fd5a76647f140e53db987a0dead4d7?s=96&d=mm&r=g\",\"contentUrl\":\"https:\/\/secure.gravatar.com\/avatar\/91fd5a76647f140e53db987a0dead4d7?s=96&d=mm&r=g\",\"caption\":\"Pierre Thomas\"},\"url\":\"https:\/\/thomasvino.ch\/?author=3\"}]}<\/script>\n<!-- \/ Yoast SEO plugin. -->","yoast_head_json":{"title":"Les vins de Sicile par-del\u00e0 le volcan - thomasvino","robots":{"index":"index","follow":"follow","max-snippet":"max-snippet:-1","max-image-preview":"max-image-preview:large","max-video-preview":"max-video-preview:-1"},"canonical":"https:\/\/thomasvino.ch\/?p=12732","og_locale":"fr_FR","og_type":"article","og_title":"Les vins de Sicile par-del\u00e0 le volcan - thomasvino","og_description":"Depuis deux ans, la Sicile a d\u00e9cid\u00e9 de jouer la carte de sa propre DOC (\u00abd\u00e9nomination d\u2019origine contr\u00f4l\u00e9e\u00bb) et d\u2019\u00e9lever le niveau de ses vins. Elle a pris conscience de son climat, qui lui a assur\u00e9 un excellent mill\u00e9sime 2014, et de ses c\u00e9pages autochtones. Reportage au sud et au nord de l\u2019Etna, le volcan [&hellip;]","og_url":"https:\/\/thomasvino.ch\/?p=12732","og_site_name":"thomasvino","article_published_time":"2015-05-07T12:41:07+00:00","og_image":[{"url":"http:\/\/www.thomasvino.ch\/wp-content\/uploads\/2015\/05\/site_pierre_etna-300x225.jpg"}],"author":"Pierre Thomas","twitter_misc":{"\u00c9crit par":"Pierre Thomas","Dur\u00e9e de lecture estim\u00e9e":"6 minutes"},"schema":{"@context":"https:\/\/schema.org","@graph":[{"@type":"WebPage","@id":"https:\/\/thomasvino.ch\/?p=12732","url":"https:\/\/thomasvino.ch\/?p=12732","name":"Les vins de Sicile par-del\u00e0 le volcan - thomasvino","isPartOf":{"@id":"https:\/\/thomasvino.ch\/#website"},"datePublished":"2015-05-07T12:41:07+00:00","dateModified":"2015-05-07T12:41:07+00:00","author":{"@id":"https:\/\/thomasvino.ch\/#\/schema\/person\/670bf4486fe81152cf1d68bd585e062e"},"breadcrumb":{"@id":"https:\/\/thomasvino.ch\/?p=12732#breadcrumb"},"inLanguage":"fr-FR","potentialAction":[{"@type":"ReadAction","target":["https:\/\/thomasvino.ch\/?p=12732"]}]},{"@type":"BreadcrumbList","@id":"https:\/\/thomasvino.ch\/?p=12732#breadcrumb","itemListElement":[{"@type":"ListItem","position":1,"name":"Accueil","item":"https:\/\/thomasvino.ch\/"},{"@type":"ListItem","position":2,"name":"Les vins de Sicile par-del\u00e0 le volcan"}]},{"@type":"WebSite","@id":"https:\/\/thomasvino.ch\/#website","url":"https:\/\/thomasvino.ch\/","name":"thomasvino","description":"Vins &amp; Gastronomie","potentialAction":[{"@type":"SearchAction","target":{"@type":"EntryPoint","urlTemplate":"https:\/\/thomasvino.ch\/?s={search_term_string}"},"query-input":"required name=search_term_string"}],"inLanguage":"fr-FR"},{"@type":"Person","@id":"https:\/\/thomasvino.ch\/#\/schema\/person\/670bf4486fe81152cf1d68bd585e062e","name":"Pierre Thomas","image":{"@type":"ImageObject","inLanguage":"fr-FR","@id":"https:\/\/thomasvino.ch\/#\/schema\/person\/image\/","url":"https:\/\/secure.gravatar.com\/avatar\/91fd5a76647f140e53db987a0dead4d7?s=96&d=mm&r=g","contentUrl":"https:\/\/secure.gravatar.com\/avatar\/91fd5a76647f140e53db987a0dead4d7?s=96&d=mm&r=g","caption":"Pierre Thomas"},"url":"https:\/\/thomasvino.ch\/?author=3"}]}},"jetpack_featured_media_url":"","jetpack_sharing_enabled":true,"jetpack_shortlink":"https:\/\/wp.me\/p3m4tZ-3jm","jetpack_likes_enabled":false,"jetpack-related-posts":[{"id":12765,"url":"https:\/\/thomasvino.ch\/?p=12765","url_meta":{"origin":12732,"position":0},"title":"L\u2019irr\u00e9sistible irruption des vins de l\u2019Etna","date":"20 mai 2015","format":false,"excerpt":"Mettre au jour de nouveaux terroirs dans la vieille Europe, \u00e7a n\u2019arrive pas tous les jours. Les vins de l\u2019Etna incarnent cette d\u00e9couverte dans les \u00abterres noires\u00bb du pied du volcan sicilien. Reportage. Par Pierre Thomas, textes et photos Il faut arriver \u00e0 Catane en avion un jour de printemps\u2026","rel":"","context":"Dans &quot;Vins italiens&quot;","img":{"alt_text":"","src":"https:\/\/i0.wp.com\/www.thomasvino.ch\/wp-content\/uploads\/2015\/05\/site_sic3_etna3_pts-300x225.jpg?resize=350%2C200","width":350,"height":200},"classes":[]},{"id":13691,"url":"https:\/\/thomasvino.ch\/?p=13691","url_meta":{"origin":12732,"position":1},"title":"La Sicile, \u00abcontinent\u00bb \u0153notouristique","date":"21 juin 2016","format":false,"excerpt":"Madagascar s\u2019est autoproclam\u00e9e \u00abl\u2019\u00eele-continent\u00bb. La Sicile revendique l\u2019\u00e9tiquette de \u00abcontinent vitivinicole\u00bb et se dote des infrastructures d\u2019accueil pour recevoir ses h\u00f4tes. Texte et photos Pierre Thomas Il suffit d\u2019y \u00eatre all\u00e9 quelquefois pour s\u2019en rendre compte. La plus grande \u00eele de la M\u00e9diterran\u00e9e (devant la Sardaigne et Chypre) ne se\u2026","rel":"","context":"Dans &quot;Vins italiens&quot;","img":{"alt_text":"","src":"https:\/\/i0.wp.com\/www.thomasvino.ch\/wp-content\/uploads\/2016\/06\/sic_casematte_mer-300x225.jpg?resize=350%2C200","width":350,"height":200},"classes":[]},{"id":13771,"url":"https:\/\/thomasvino.ch\/?p=13771","url_meta":{"origin":12732,"position":2},"title":"La Sicile, l\u2019\u00eele aux tr\u00e9sors blancs","date":"9 f\u00e9vrier 2017","format":false,"excerpt":"La production des quelque 100'000 hectares du vignoble sicilien est encore domin\u00e9e par le vin blanc (60%). Apr\u00e8s l\u2019expansion des c\u00e9pages internationaux, avec le chardonnay en t\u00eate, les Siciliens reviennent \u00e0 des vari\u00e9t\u00e9s autochtones. Et si l\u2019\u00eele produisait les meilleurs vins blans d\u2019Italie\u00a0? Par Pierre Thomas, de retour de Sciacca\u2026","rel":"","context":"Dans &quot;Vins italiens&quot;","img":{"alt_text":"sic_etna","src":"https:\/\/i0.wp.com\/www.thomasvino.ch\/wp-content\/uploads\/2016\/07\/sic_etna-1024x768.jpg?resize=350%2C200","width":350,"height":200},"classes":[]},{"id":9857,"url":"https:\/\/thomasvino.ch\/?p=9857","url_meta":{"origin":12732,"position":3},"title":"12 vins de Sicile et de Sardaigne","date":"7 ao\u00fbt 2006","format":false,"excerpt":"TEST (paru dans le magazine Tout Compte Fait d'ao\u00fbt 2006) Des rouges insulaires et solaires Les deux \u00eeles m\u00e9diterran\u00e9ennes et italiennes, Sicile et Sardaigne, sont en plein renouveau viticole. Les vins de coop\u00e9ratives et de n\u00e9gociants arrivent jusque dans les supermarch\u00e9s. Etat des lieux. Manifestement, les grands distributeurs cherchent la\u2026","rel":"","context":"Dans &quot;Conso&quot;","img":{"alt_text":"","src":"","width":0,"height":0},"classes":[]},{"id":9958,"url":"https:\/\/thomasvino.ch\/?p=9958","url_meta":{"origin":12732,"position":4},"title":"Sicile: tous derri\u00e8re le Nero d&rsquo;Avola","date":"13 avril 2007","format":false,"excerpt":"Invit\u00e9e d\u2019honneur d\u2019Arvinis 2007 \u00e0 MorgesLa Sicile croit au Nero d\u2019AvolaElle produit encore deux tiers de raisins blancs, mais la Sicile croit fermement en son c\u00e9page rouge, le Nero d\u2019Avola, le seul diffus\u00e9 dans toute l\u2019\u00eele, et \u00e0 son volcan, l\u2019Etna, au terroir original et prometteur. Reportage.Pierre Thomas, de retour\u2026","rel":"","context":"Dans &quot;Vins italiens&quot;","img":{"alt_text":"","src":"","width":0,"height":0},"classes":[]},{"id":14577,"url":"https:\/\/thomasvino.ch\/?p=14577","url_meta":{"origin":12732,"position":5},"title":"Les vins siciliens se r\u00e9approprient leur identit\u00e9","date":"12 octobre 2017","format":false,"excerpt":"En obligeant les producteurs \u00e0 vendanger, d\u00e8s cette ann\u00e9e 2017, les raisins des c\u00e9pages locaux grillo (blanc) et nero d\u2019avola (rouge), uniquement selon les crit\u00e8res plus s\u00e9v\u00e8res de la nouvelle \u00abd\u00e9nomination d\u2019origine contr\u00f4l\u00e9e\u00bb (DOC) Sicilia, la plus grande \u00eele de la M\u00e9diterran\u00e9e se r\u00e9approprie ses vins. Deux nouvelles, cet automne,\u2026","rel":"","context":"Dans &quot;Vins italiens&quot;","img":{"alt_text":"","src":"https:\/\/i0.wp.com\/thomasvino.ch\/wp-content\/uploads\/2017\/09\/a_sic_giurfo.jpg?fit=1200%2C900&ssl=1&resize=350%2C200","width":350,"height":200},"classes":[]}],"_links":{"self":[{"href":"https:\/\/thomasvino.ch\/index.php?rest_route=\/wp\/v2\/posts\/12732"}],"collection":[{"href":"https:\/\/thomasvino.ch\/index.php?rest_route=\/wp\/v2\/posts"}],"about":[{"href":"https:\/\/thomasvino.ch\/index.php?rest_route=\/wp\/v2\/types\/post"}],"author":[{"embeddable":true,"href":"https:\/\/thomasvino.ch\/index.php?rest_route=\/wp\/v2\/users\/3"}],"replies":[{"embeddable":true,"href":"https:\/\/thomasvino.ch\/index.php?rest_route=%2Fwp%2Fv2%2Fcomments&post=12732"}],"version-history":[{"count":0,"href":"https:\/\/thomasvino.ch\/index.php?rest_route=\/wp\/v2\/posts\/12732\/revisions"}],"wp:attachment":[{"href":"https:\/\/thomasvino.ch\/index.php?rest_route=%2Fwp%2Fv2%2Fmedia&parent=12732"}],"wp:term":[{"taxonomy":"category","embeddable":true,"href":"https:\/\/thomasvino.ch\/index.php?rest_route=%2Fwp%2Fv2%2Fcategories&post=12732"},{"taxonomy":"post_tag","embeddable":true,"href":"https:\/\/thomasvino.ch\/index.php?rest_route=%2Fwp%2Fv2%2Ftags&post=12732"}],"curies":[{"name":"wp","href":"https:\/\/api.w.org\/{rel}","templated":true}]}}