{"id":12758,"date":"2015-05-18T17:20:45","date_gmt":"2015-05-18T16:20:45","guid":{"rendered":"http:\/\/www.thomasvino.ch\/?p=12758"},"modified":"2015-05-18T17:23:12","modified_gmt":"2015-05-18T16:23:12","slug":"affaire-giroud-livv-porte-plainte-pour-concurrence-deloyale","status":"publish","type":"post","link":"https:\/\/thomasvino.ch\/?p=12758","title":{"rendered":"Affaire Giroud: l&rsquo;IVV porte plainte pour \u00abconcurrence d\u00e9loyale\u00bb"},"content":{"rendered":"<p><strong>Dans un communiqu\u00e9 dat\u00e9 du 18 mai 2015, l\u2019Interprofession de la Vigne et du Vin du Valais (IVV), par son nouveau pr\u00e9sident, Yvan Aymon, dit avoir d\u00e9pos\u00e9 une plainte p\u00e9nale pour concurrence d\u00e9loyale contre l\u2019encaveur Dominique Giroud, au d\u00e9but avril d\u00e9j\u00e0. L\u2019IVV souhaite <em>\u00abfaire toute la lumi\u00e8re sur des infractions qui portent directement pr\u00e9judice \u00e0 la vitiviniculture valaisanne\u00bb<\/em>. <\/strong><\/p>\n<p>Le communiqu\u00e9 explique que <em>\u00absuite aux r\u00e9v\u00e9lations diffus\u00e9es par diff\u00e9rents m\u00e9dias, notamment la RTS dans son \u00e9mission Temps Pr\u00e9sent du 22 janvier 2015, le comit\u00e9 de l\u2019IVV s\u2019est int\u00e9ress\u00e9 aux d\u00e9clarations que Dominique Giroud a faites aux inspecteurs de l\u2019administration f\u00e9d\u00e9rale des contributions. Dominique Giroud d\u00e9clare avoir achet\u00e9 pour <a href=\"http:\/\/www.thomasvino.ch\/?p=12518\"><strong>plusieurs centaines de milliers de francs de raisin au noir<\/strong> <\/a>et ceci, gr\u00e2ce \u00e0 des fausses factures. Si c\u2019est le cas, cela a cr\u00e9\u00e9 une distorsion de concurrence et une baisse g\u00e9n\u00e9ralis\u00e9e de la rentabilit\u00e9 de la vitiviniculture valaisanne.\u00bb<\/em><\/p>\n<p><em>\u00abApr\u00e8s avoir analys\u00e9 la plausibilit\u00e9 d\u2019infractions graves et r\u00e9currentes contre l\u2019AOC Valais, le comit\u00e9 de l\u2019IVV a mandat\u00e9 un avocat sp\u00e9cialis\u00e9 pour r\u00e9aliser un avis de droit. Il ressort de cet avis de droit qu\u2019il y a des pr\u00e9somptions s\u00e9rieuses de concurrence d\u00e9loyale ainsi que de diverses infractions p\u00e9nales qui concernent notamment les consommateurs et toute la fili\u00e8re vitivinicole. \u00bb<\/em><\/p>\n<h3>Le devoir de d\u00e9fendre les int\u00e9r\u00eats collectifs<\/h3>\n<p>L\u2019IVV, par sa plainte, dit <em>\u00abd\u00e9fendre l\u2019immense majorit\u00e9 des acteurs de la branche, qui se battent en permanence pour am\u00e9liorer et faire \u00e9voluer leurs produits, leurs terroirs et leurs cuv\u00e9es. (\u2026) L&rsquo;AOC est un bien commun qu\u2019il faut absolument d\u00e9fendre. Tous les membres honn\u00eates de l\u2019IVV, vignerons, caves, propri\u00e9taires encaveurs, coop\u00e9ratives, qui respectent les r\u00e8gles, sont les victimes des tricheurs: la baisse des prix du march\u00e9 entra\u00eene une baisse des revenus pour les vignerons, ce qui porte une atteinte massive \u00e0 la fiabilit\u00e9 des produits de la viticulture valaisanne. Conform\u00e9ment \u00e0 ses statuts et aux missions officielles qui lui incombent dans le domaine de l\u2019\u00e9conomie vitivinicole en Valais, l\u2019IVV a d\u00e9cid\u00e9 de saisir la justice. Elle aurait failli \u00e0 son devoir si elle \u00e9tait rest\u00e9e muette car, selon ses statuts, son but est <\/em>\u00abd\u2019assurer la d\u00e9fense des int\u00e9r\u00eats g\u00e9n\u00e9raux de l\u2019\u00e9conomie vitivinicole du Valais\u00bb<em>. C\u2019est pour toutes ces raisons, qu\u2019en date du 2 avril 2015, son comit\u00e9 a adress\u00e9 au Minist\u00e8re public du Canton du Valais une plainte et une d\u00e9nonciation p\u00e9nales.\u00bb<\/em><\/p>\n<p>Et, poursuit le communiqu\u00e9, <em>\u00abce n\u2019est pas de gaiet\u00e9 de coeur que le comit\u00e9 de l\u2019IVV se lance dans cette bataille juridique, qui sera, \u00e0 n\u2019en pas douter, longue et p\u00e9nible\u00bb<\/em>. Reste \u00e0 savoir si la d\u00e9marche ne va se heurter \u00e0 la prescription qui menace toute action de ce genre\u2026<\/p>\n<p><em>\u00a9thomasvino.ch<\/em><\/p>\n","protected":false},"excerpt":{"rendered":"<p>Dans un communiqu\u00e9 dat\u00e9 du 18 mai 2015, l\u2019Interprofession de la Vigne et du Vin du Valais (IVV), par son nouveau pr\u00e9sident, Yvan Aymon, dit avoir d\u00e9pos\u00e9 une plainte p\u00e9nale pour concurrence d\u00e9loyale contre l\u2019encaveur Dominique Giroud, au d\u00e9but avril d\u00e9j\u00e0. L\u2019IVV souhaite \u00abfaire toute la lumi\u00e8re sur des infractions qui portent directement pr\u00e9judice \u00e0 [&hellip;]<\/p>\n","protected":false},"author":3,"featured_media":0,"comment_status":"closed","ping_status":"open","sticky":false,"template":"","format":"standard","meta":{"_monsterinsights_skip_tracking":false,"_monsterinsights_sitenote_active":false,"_monsterinsights_sitenote_note":"","_monsterinsights_sitenote_category":0,"jetpack_post_was_ever_published":false,"jetpack_publicize_message":"","jetpack_is_tweetstorm":false,"jetpack_publicize_feature_enabled":true,"jetpack_social_post_already_shared":true,"jetpack_social_options":{"image_generator_settings":{"template":"highway","enabled":false}}},"categories":[15],"tags":[399,601,1042,548],"jetpack_publicize_connections":[],"yoast_head":"<!-- This site is optimized with the Yoast SEO plugin v20.6 - https:\/\/yoast.com\/wordpress\/plugins\/seo\/ -->\n<title>Affaire Giroud: l&#039;IVV porte plainte pour \u00abconcurrence d\u00e9loyale\u00bb - thomasvino<\/title>\n<meta name=\"robots\" content=\"index, follow, max-snippet:-1, max-image-preview:large, max-video-preview:-1\" \/>\n<link rel=\"canonical\" href=\"https:\/\/thomasvino.ch\/?p=12758\" \/>\n<meta property=\"og:locale\" content=\"fr_FR\" \/>\n<meta property=\"og:type\" content=\"article\" \/>\n<meta property=\"og:title\" content=\"Affaire Giroud: l&#039;IVV porte plainte pour \u00abconcurrence d\u00e9loyale\u00bb - thomasvino\" \/>\n<meta property=\"og:description\" content=\"Dans un communiqu\u00e9 dat\u00e9 du 18 mai 2015, l\u2019Interprofession de la Vigne et du Vin du Valais (IVV), par son nouveau pr\u00e9sident, Yvan Aymon, dit avoir d\u00e9pos\u00e9 une plainte p\u00e9nale pour concurrence d\u00e9loyale contre l\u2019encaveur Dominique Giroud, au d\u00e9but avril d\u00e9j\u00e0. L\u2019IVV souhaite \u00abfaire toute la lumi\u00e8re sur des infractions qui portent directement pr\u00e9judice \u00e0 [&hellip;]\" \/>\n<meta property=\"og:url\" content=\"https:\/\/thomasvino.ch\/?p=12758\" \/>\n<meta property=\"og:site_name\" content=\"thomasvino\" \/>\n<meta property=\"article:published_time\" content=\"2015-05-18T16:20:45+00:00\" \/>\n<meta property=\"article:modified_time\" content=\"2015-05-18T16:23:12+00:00\" \/>\n<meta name=\"author\" content=\"Pierre Thomas\" \/>\n<meta name=\"twitter:label1\" content=\"\u00c9crit par\" \/>\n\t<meta name=\"twitter:data1\" content=\"Pierre Thomas\" \/>\n\t<meta name=\"twitter:label2\" content=\"Dur\u00e9e de lecture estim\u00e9e\" \/>\n\t<meta name=\"twitter:data2\" content=\"3 minutes\" \/>\n<script type=\"application\/ld+json\" class=\"yoast-schema-graph\">{\"@context\":\"https:\/\/schema.org\",\"@graph\":[{\"@type\":\"WebPage\",\"@id\":\"https:\/\/thomasvino.ch\/?p=12758\",\"url\":\"https:\/\/thomasvino.ch\/?p=12758\",\"name\":\"Affaire Giroud: l'IVV porte plainte pour \u00abconcurrence d\u00e9loyale\u00bb - thomasvino\",\"isPartOf\":{\"@id\":\"https:\/\/thomasvino.ch\/#website\"},\"datePublished\":\"2015-05-18T16:20:45+00:00\",\"dateModified\":\"2015-05-18T16:23:12+00:00\",\"author\":{\"@id\":\"https:\/\/thomasvino.ch\/#\/schema\/person\/670bf4486fe81152cf1d68bd585e062e\"},\"breadcrumb\":{\"@id\":\"https:\/\/thomasvino.ch\/?p=12758#breadcrumb\"},\"inLanguage\":\"fr-FR\",\"potentialAction\":[{\"@type\":\"ReadAction\",\"target\":[\"https:\/\/thomasvino.ch\/?p=12758\"]}]},{\"@type\":\"BreadcrumbList\",\"@id\":\"https:\/\/thomasvino.ch\/?p=12758#breadcrumb\",\"itemListElement\":[{\"@type\":\"ListItem\",\"position\":1,\"name\":\"Accueil\",\"item\":\"https:\/\/thomasvino.ch\/\"},{\"@type\":\"ListItem\",\"position\":2,\"name\":\"Affaire Giroud: l&rsquo;IVV porte plainte pour \u00abconcurrence d\u00e9loyale\u00bb\"}]},{\"@type\":\"WebSite\",\"@id\":\"https:\/\/thomasvino.ch\/#website\",\"url\":\"https:\/\/thomasvino.ch\/\",\"name\":\"thomasvino\",\"description\":\"Vins &amp; Gastronomie\",\"potentialAction\":[{\"@type\":\"SearchAction\",\"target\":{\"@type\":\"EntryPoint\",\"urlTemplate\":\"https:\/\/thomasvino.ch\/?s={search_term_string}\"},\"query-input\":\"required name=search_term_string\"}],\"inLanguage\":\"fr-FR\"},{\"@type\":\"Person\",\"@id\":\"https:\/\/thomasvino.ch\/#\/schema\/person\/670bf4486fe81152cf1d68bd585e062e\",\"name\":\"Pierre Thomas\",\"image\":{\"@type\":\"ImageObject\",\"inLanguage\":\"fr-FR\",\"@id\":\"https:\/\/thomasvino.ch\/#\/schema\/person\/image\/\",\"url\":\"https:\/\/secure.gravatar.com\/avatar\/91fd5a76647f140e53db987a0dead4d7?s=96&d=mm&r=g\",\"contentUrl\":\"https:\/\/secure.gravatar.com\/avatar\/91fd5a76647f140e53db987a0dead4d7?s=96&d=mm&r=g\",\"caption\":\"Pierre Thomas\"},\"url\":\"https:\/\/thomasvino.ch\/?author=3\"}]}<\/script>\n<!-- \/ Yoast SEO plugin. -->","yoast_head_json":{"title":"Affaire Giroud: l'IVV porte plainte pour \u00abconcurrence d\u00e9loyale\u00bb - thomasvino","robots":{"index":"index","follow":"follow","max-snippet":"max-snippet:-1","max-image-preview":"max-image-preview:large","max-video-preview":"max-video-preview:-1"},"canonical":"https:\/\/thomasvino.ch\/?p=12758","og_locale":"fr_FR","og_type":"article","og_title":"Affaire Giroud: l'IVV porte plainte pour \u00abconcurrence d\u00e9loyale\u00bb - thomasvino","og_description":"Dans un communiqu\u00e9 dat\u00e9 du 18 mai 2015, l\u2019Interprofession de la Vigne et du Vin du Valais (IVV), par son nouveau pr\u00e9sident, Yvan Aymon, dit avoir d\u00e9pos\u00e9 une plainte p\u00e9nale pour concurrence d\u00e9loyale contre l\u2019encaveur Dominique Giroud, au d\u00e9but avril d\u00e9j\u00e0. L\u2019IVV souhaite \u00abfaire toute la lumi\u00e8re sur des infractions qui portent directement pr\u00e9judice \u00e0 [&hellip;]","og_url":"https:\/\/thomasvino.ch\/?p=12758","og_site_name":"thomasvino","article_published_time":"2015-05-18T16:20:45+00:00","article_modified_time":"2015-05-18T16:23:12+00:00","author":"Pierre Thomas","twitter_misc":{"\u00c9crit par":"Pierre Thomas","Dur\u00e9e de lecture estim\u00e9e":"3 minutes"},"schema":{"@context":"https:\/\/schema.org","@graph":[{"@type":"WebPage","@id":"https:\/\/thomasvino.ch\/?p=12758","url":"https:\/\/thomasvino.ch\/?p=12758","name":"Affaire Giroud: l'IVV porte plainte pour \u00abconcurrence d\u00e9loyale\u00bb - thomasvino","isPartOf":{"@id":"https:\/\/thomasvino.ch\/#website"},"datePublished":"2015-05-18T16:20:45+00:00","dateModified":"2015-05-18T16:23:12+00:00","author":{"@id":"https:\/\/thomasvino.ch\/#\/schema\/person\/670bf4486fe81152cf1d68bd585e062e"},"breadcrumb":{"@id":"https:\/\/thomasvino.ch\/?p=12758#breadcrumb"},"inLanguage":"fr-FR","potentialAction":[{"@type":"ReadAction","target":["https:\/\/thomasvino.ch\/?p=12758"]}]},{"@type":"BreadcrumbList","@id":"https:\/\/thomasvino.ch\/?p=12758#breadcrumb","itemListElement":[{"@type":"ListItem","position":1,"name":"Accueil","item":"https:\/\/thomasvino.ch\/"},{"@type":"ListItem","position":2,"name":"Affaire Giroud: l&rsquo;IVV porte plainte pour \u00abconcurrence d\u00e9loyale\u00bb"}]},{"@type":"WebSite","@id":"https:\/\/thomasvino.ch\/#website","url":"https:\/\/thomasvino.ch\/","name":"thomasvino","description":"Vins &amp; Gastronomie","potentialAction":[{"@type":"SearchAction","target":{"@type":"EntryPoint","urlTemplate":"https:\/\/thomasvino.ch\/?s={search_term_string}"},"query-input":"required name=search_term_string"}],"inLanguage":"fr-FR"},{"@type":"Person","@id":"https:\/\/thomasvino.ch\/#\/schema\/person\/670bf4486fe81152cf1d68bd585e062e","name":"Pierre Thomas","image":{"@type":"ImageObject","inLanguage":"fr-FR","@id":"https:\/\/thomasvino.ch\/#\/schema\/person\/image\/","url":"https:\/\/secure.gravatar.com\/avatar\/91fd5a76647f140e53db987a0dead4d7?s=96&d=mm&r=g","contentUrl":"https:\/\/secure.gravatar.com\/avatar\/91fd5a76647f140e53db987a0dead4d7?s=96&d=mm&r=g","caption":"Pierre Thomas"},"url":"https:\/\/thomasvino.ch\/?author=3"}]}},"jetpack_featured_media_url":"","jetpack_sharing_enabled":true,"jetpack_shortlink":"https:\/\/wp.me\/p3m4tZ-3jM","jetpack_likes_enabled":false,"jetpack-related-posts":[{"id":11792,"url":"https:\/\/thomasvino.ch\/?p=11792","url_meta":{"origin":12758,"position":0},"title":"Affaire Giroud: l&rsquo;IVV sort du bois","date":"27 f\u00e9vrier 2014","format":false,"excerpt":"L'Interprofession de la vigne et du vin du Valais (IVV) r\u00e9agit \u00e0 l'affaire Giroud et a mandat\u00e9 son pr\u00e9sident, Paul-Andr\u00e9 Roux, pour en parler. Dans un communiqu\u00e9 dat\u00e9 du 27 f\u00e9vrier, elle \u00e9crit: \u00abNous en avons marre que toute la profession, que tous les vins du Valais soient salis parce\u2026","rel":"","context":"Dans &quot;Actus - News&quot;","img":{"alt_text":"","src":"","width":0,"height":0},"classes":[]},{"id":14869,"url":"https:\/\/thomasvino.ch\/?p=14869","url_meta":{"origin":12758,"position":1},"title":"Fraudes \u00e0 l\u2019AOC\u00a0: le Conseil d\u2019Etat valaisan a port\u00e9 plainte","date":"22 janvier 2018","format":false,"excerpt":"Le Conseil d\u2019Etat du Valais, selon son communiqu\u00e9 dat\u00e9 du 22 janvier 2018, a \u00abd\u00e9pos\u00e9 quatre plaintes et s\u2019est constitu\u00e9 partie civile \u00e0 la proc\u00e9dure p\u00e9nale, dans le cadre de faits laissant supposer l\u2019existence d\u2019un m\u00e9canisme permettant de contourner les r\u00e8gles de l\u2019AOC Valais.\u00bb Ce d\u00e9p\u00f4t de plaintes date d\u2019il\u2026","rel":"","context":"Dans &quot;Actus - News&quot;","img":{"alt_text":"","src":"","width":0,"height":0},"classes":[]},{"id":12012,"url":"https:\/\/thomasvino.ch\/?p=12012","url_meta":{"origin":12758,"position":2},"title":"Affaire Giroud: l&rsquo;interprofession du Valais r\u00e9agit","date":"23 mai 2014","format":false,"excerpt":"Voici, in extenso, le communiqu\u00e9 re\u00e7u de l'IVV, vendredi 23 mai 2014 \u00e0 14 h. 20: \u00ab... L\u2019Interprofession de la Vigne et du Vin du Valais (IVV), re\u0301unie en se\u0301ance de comite\u0301 ce matin (23 mai 2014), a de\u0301cide\u0301 de passer a\u0300 l\u2019offensive. Choque\u0301e par la gravite\u0301 des dernie\u0300res re\u0301ve\u0301lations,\u2026","rel":"","context":"Dans &quot;Vins suisses&quot;","img":{"alt_text":"","src":"","width":0,"height":0},"classes":[]},{"id":13797,"url":"https:\/\/thomasvino.ch\/?p=13797","url_meta":{"origin":12758,"position":3},"title":"Affaire Giroud: l&rsquo;\u00e9mission \u00abTemps pr\u00e9sent\u00bb \u00e9pingl\u00e9e","date":"25 ao\u00fbt 2016","format":false,"excerpt":"L'Autorit\u00e9 ind\u00e9pendante d'examen des plaintes en mati\u00e8re de radio-t\u00e9l\u00e9vision (AIEP) a accept\u00e9 une plainte de Dominique Giroud contre une \u00e9mission de la RTS. Elle visait l'\u00e9mission \"Temps pr\u00e9sent\" consacr\u00e9e au syst\u00e8me de surveillance du secteur vini-viticole. Le site www.swissinfo.ch donne la d\u00e9p\u00eache de l'ats, dat\u00e9e du 25 ao\u00fbt 2016. Le\u2026","rel":"","context":"Dans &quot;Actus - News&quot;","img":{"alt_text":"","src":"","width":0,"height":0},"classes":[]},{"id":12406,"url":"https:\/\/thomasvino.ch\/?p=12406","url_meta":{"origin":12758,"position":4},"title":"Giroud Vins  Pas de fendant dans le saint-saph\u2019","date":"3 d\u00e9cembre 2014","format":false,"excerpt":"Le porte-parole de l'encaveur valaisan Dominique Giroud, le Lausannois Marc Comina, communique\u00a0: \u00abEn 2006, Dominique Giroud a commercialis\u00e9 un lot de 100'000 bouteilles de St-Saphorin. En 2009, cette transaction a fait l\u2019objet d\u2019une plainte p\u00e9nale. Apr\u00e8s une enqu\u00eate exhaustive, le Minist\u00e8re public conclut express\u00e9ment aujourd\u2019hui que \u00ables 100'000 bouteilles de\u2026","rel":"","context":"Dans &quot;Actus - News&quot;","img":{"alt_text":"","src":"","width":0,"height":0},"classes":[]},{"id":13377,"url":"https:\/\/thomasvino.ch\/?p=13377","url_meta":{"origin":12758,"position":5},"title":"Vins du Valais : que veut vraiment l\u2019IVV ?","date":"24 f\u00e9vrier 2016","format":false,"excerpt":"L\u2019Etat du Valais et l\u2019Interprofession de la vigne et des vins du Valais (IVV) doivent se mettre d\u2019accord ce printemps sur les points d\u2019une nouvelle ordonnance sur la vigne et le vin (rempla\u00e7ant celle du 17 mars 2004). Les deux parties pourront-elles tomber d\u2019accord\u00a0? Et sur quels chapitres\u00a0? Le point\u2026","rel":"","context":"Dans &quot;Vins suisses&quot;","img":{"alt_text":"","src":"","width":0,"height":0},"classes":[]}],"_links":{"self":[{"href":"https:\/\/thomasvino.ch\/index.php?rest_route=\/wp\/v2\/posts\/12758"}],"collection":[{"href":"https:\/\/thomasvino.ch\/index.php?rest_route=\/wp\/v2\/posts"}],"about":[{"href":"https:\/\/thomasvino.ch\/index.php?rest_route=\/wp\/v2\/types\/post"}],"author":[{"embeddable":true,"href":"https:\/\/thomasvino.ch\/index.php?rest_route=\/wp\/v2\/users\/3"}],"replies":[{"embeddable":true,"href":"https:\/\/thomasvino.ch\/index.php?rest_route=%2Fwp%2Fv2%2Fcomments&post=12758"}],"version-history":[{"count":0,"href":"https:\/\/thomasvino.ch\/index.php?rest_route=\/wp\/v2\/posts\/12758\/revisions"}],"wp:attachment":[{"href":"https:\/\/thomasvino.ch\/index.php?rest_route=%2Fwp%2Fv2%2Fmedia&parent=12758"}],"wp:term":[{"taxonomy":"category","embeddable":true,"href":"https:\/\/thomasvino.ch\/index.php?rest_route=%2Fwp%2Fv2%2Fcategories&post=12758"},{"taxonomy":"post_tag","embeddable":true,"href":"https:\/\/thomasvino.ch\/index.php?rest_route=%2Fwp%2Fv2%2Ftags&post=12758"}],"curies":[{"name":"wp","href":"https:\/\/api.w.org\/{rel}","templated":true}]}}