{"id":12765,"date":"2015-05-20T10:21:34","date_gmt":"2015-05-20T09:21:34","guid":{"rendered":"http:\/\/www.thomasvino.ch\/?p=12765"},"modified":"2015-05-20T10:21:34","modified_gmt":"2015-05-20T09:21:34","slug":"lirresistible-irruption-des-vins-de-letna","status":"publish","type":"post","link":"https:\/\/thomasvino.ch\/?p=12765","title":{"rendered":"L\u2019irr\u00e9sistible irruption des vins de l\u2019Etna"},"content":{"rendered":"<p><strong>Mettre au jour de nouveaux terroirs dans la vieille Europe, \u00e7a n\u2019arrive pas tous les jours. Les vins de l\u2019Etna incarnent cette d\u00e9couverte dans les \u00abterres noires\u00bb du pied du volcan sicilien. Reportage.<\/strong><\/p>\n<p><em>Par Pierre Thomas, textes et photos<\/em><\/p>\n<p>Il faut arriver \u00e0 Catane en avion un jour de printemps et choisir un si\u00e8ge \u00e0 gauche de la cabine. Entour\u00e9 d\u2019une \u00e9charpe blanche \u2014 \u00abLa Contessa\u00bb, comme l\u2019appellent les indig\u00e8nes \u2014, ou tr\u00f4nant dans l\u2019espace c\u00e9rul\u00e9en, il \u00e9merge dans toute la majest\u00e9 de ses 3&rsquo;300 m\u00e8tres. C\u2019est le meilleur moment aussi pour contempler, de son flanc nord, le sommet encore enturbann\u00e9 de neige, dominant la large vall\u00e9e de l\u2019Alcantara balafr\u00e9e de coul\u00e9es de laves et stri\u00e9e de murs en pierres noires, d\u00e9limitant les terrasses viticoles o\u00f9 subsistent de curieuses pyramides. Elles ont deux explications. La premi\u00e8re remonte aux premiers habitants de la Sicile, dans cette partie sud-ouest, avant que les Grecs y mettent le pied au 8<sup>\u00e8me<\/sup> si\u00e8cle avant J\u00e9sus-Christ\u00a0: ces pierres \u00e9lev\u00e9es en monument auraient une forme rituelle. La seconde, la plus vraisemblable, attribue aux paysans-vignerons le fait d\u2019avoir entass\u00e9 m\u00e9ticuleusement les cailloux recueillis sur le sol pour y planter vignes ou l\u00e9gumes.<\/p>\n<p><a href=\"https:\/\/i0.wp.com\/www.thomasvino.ch\/wp-content\/uploads\/2015\/05\/site_sic3_etna3_pts.jpg\"><img data-attachment-id=\"12767\" data-permalink=\"https:\/\/thomasvino.ch\/?attachment_id=12767\" data-orig-file=\"https:\/\/i0.wp.com\/thomasvino.ch\/wp-content\/uploads\/2015\/05\/site_sic3_etna3_pts.jpg?fit=3264%2C2448&amp;ssl=1\" data-orig-size=\"3264,2448\" data-comments-opened=\"0\" data-image-meta=\"{&quot;aperture&quot;:&quot;2.4&quot;,&quot;credit&quot;:&quot;&quot;,&quot;camera&quot;:&quot;iPhone 4S&quot;,&quot;caption&quot;:&quot;&quot;,&quot;created_timestamp&quot;:&quot;1429378019&quot;,&quot;copyright&quot;:&quot;&quot;,&quot;focal_length&quot;:&quot;4.28&quot;,&quot;iso&quot;:&quot;50&quot;,&quot;shutter_speed&quot;:&quot;0.00056085249579361&quot;,&quot;title&quot;:&quot;&quot;,&quot;orientation&quot;:&quot;1&quot;}\" data-image-title=\"site_sic3_etna3_pts\" data-image-description=\"\" data-image-caption=\"\" data-medium-file=\"https:\/\/i0.wp.com\/thomasvino.ch\/wp-content\/uploads\/2015\/05\/site_sic3_etna3_pts.jpg?fit=300%2C225&amp;ssl=1\" data-large-file=\"https:\/\/i0.wp.com\/thomasvino.ch\/wp-content\/uploads\/2015\/05\/site_sic3_etna3_pts.jpg?fit=1024%2C768&amp;ssl=1\" loading=\"lazy\" class=\"aligncenter size-medium wp-image-12767\" src=\"https:\/\/i0.wp.com\/www.thomasvino.ch\/wp-content\/uploads\/2015\/05\/site_sic3_etna3_pts-300x225.jpg?resize=300%2C225\" alt=\"site_sic3_etna3_pts\" width=\"300\" height=\"225\" srcset=\"https:\/\/i0.wp.com\/thomasvino.ch\/wp-content\/uploads\/2015\/05\/site_sic3_etna3_pts.jpg?resize=300%2C225&amp;ssl=1 300w, https:\/\/i0.wp.com\/thomasvino.ch\/wp-content\/uploads\/2015\/05\/site_sic3_etna3_pts.jpg?resize=768%2C576&amp;ssl=1 768w, https:\/\/i0.wp.com\/thomasvino.ch\/wp-content\/uploads\/2015\/05\/site_sic3_etna3_pts.jpg?resize=1024%2C768&amp;ssl=1 1024w, https:\/\/i0.wp.com\/thomasvino.ch\/wp-content\/uploads\/2015\/05\/site_sic3_etna3_pts.jpg?w=2000&amp;ssl=1 2000w, https:\/\/i0.wp.com\/thomasvino.ch\/wp-content\/uploads\/2015\/05\/site_sic3_etna3_pts.jpg?w=3000&amp;ssl=1 3000w\" sizes=\"(max-width: 300px) 100vw, 300px\" data-recalc-dims=\"1\" \/><\/a><\/p>\n<h3><strong>La premi\u00e8re DOC de l\u2019\u00eele<\/strong><\/h3>\n<p>En Sicile, il y a toujours deux explications, au moins, aux choses. La <em>\u00abl\u00e9gende\u00bb<\/em> des vins de l\u2019Etna n\u2019y \u00e9chappe pas. Ils ont \u00e9t\u00e9 les premiers \u00e0 b\u00e9n\u00e9ficier d\u2019une DOC en 1968 d\u00e9j\u00e0 (<em>lire ci-dessous<\/em>). Le texte l\u00e9gal, compl\u00e9t\u00e9 en 2011, fait remonter l\u2019agriculture dans la r\u00e9gion de Catane au n\u00e9olitique. Et rappelle que le grand po\u00e8te <strong>Th\u00e9ocrite<\/strong>, n\u00e9 \u00e0 Syracuse au 3<sup>\u00e8me<\/sup> si\u00e8cle avant notre \u00e8re, parlait du succ\u00e8s des vins des flancs de l\u2019Etna. Plus tard, divers auteurs les \u00e9voquent, comme <strong>Bacci<\/strong> dans son <em>\u00abHistoire des vins d\u2019Italie\u00bb<\/em> en 1596.<\/p>\n<p>La province de Catane cultivait 90&rsquo;000 ha de vignes avant le phyllox\u00e9ra d\u00e9vastateur, au d\u00e9but du 20<sup>\u00e8me<\/sup> si\u00e8cle. Aujourd\u2019hui, on en comptabilise 700 ha au pied de l\u2019Etna, compris entre 400 et 1&rsquo;000 m\u00e8tres sur le niveau de la mer. Antiques origines, certes, mais r\u00e9cente renaissance, puisqu\u2019on ne comptait que six caves en 2002 et plus de 80 aujourd\u2019hui, avec des plantations de 50 ha de nouvelles vignes par an. Les vins de l\u2019Etna repr\u00e9sentent un peu plus de 3 millions de kilos de vendange, deux tiers en rouge, un tiers en blanc. Le ros\u00e9 et le mousseux, \u00e0 majorit\u00e9 du \u00abblanc de noir\u00bb, connaissent un succ\u00e8s de mode.<\/p>\n<p>Entre blanc et rouges, le palais de l\u2019amateur de vins balance\u2026 L\u2019altitude et le micro-climat expliquent la fra\u00eecheur naturelle de ces vins, qui titrent \u00e0 peine plus de 12% d\u2019alcool. Et si on veut approcher une forme de <em>\u00abmin\u00e9ralit\u00e9\u00bb<\/em> \u2014 un \u00abmoto\u00bb du vin moderne, difficile \u00e0 caract\u00e9riser et \u00e0 prouver par les faits\u00a0! \u2014, les vins de l\u2019Etna ont quelques raisons objectives \u00e0 faire valoir. Car les sols, l\u00e9gers, form\u00e9s de r\u00e9sidus du volcan, toujours actif \u2014 sa derni\u00e8re \u00e9ruption d\u00e9vastatrive date de 2003 \u2014, de scories de lave et de pierre ponce, mais aussi d\u2019argile, sont fertiles et riches en min\u00e9raux comme le potassium, le fer, le magn\u00e9sium ou le mangan\u00e8se.<\/p>\n<h3><strong>Du chasselas et de la mondeuse\u00a0!<\/strong><\/h3>\n<p>Pour <em>\u00abtraduire\u00bb<\/em> cette expression min\u00e9rale, l\u2019Etna dispose aussi de ses c\u00e9pages propres. En blanc, le carricante, utilis\u00e9 pur dans les meilleures cuv\u00e9es, mais parfois assembl\u00e9 \u00e0 du cataratto, de la minnella bianca ou du trebbiano. En rouge, le nerello mascalese, obligatoire \u00e0 80% au moins, parfois compl\u00e9t\u00e9 par du nerello cappuccio ou des c\u00e9pages blancs (10% maximum).<\/p>\n<p><a href=\"https:\/\/i0.wp.com\/www.thomasvino.ch\/wp-content\/uploads\/2015\/05\/site_sic13_wiegner1.jpg\"><img data-attachment-id=\"12768\" data-permalink=\"https:\/\/thomasvino.ch\/?attachment_id=12768\" data-orig-file=\"https:\/\/i0.wp.com\/thomasvino.ch\/wp-content\/uploads\/2015\/05\/site_sic13_wiegner1.jpg?fit=3264%2C2448&amp;ssl=1\" data-orig-size=\"3264,2448\" data-comments-opened=\"0\" data-image-meta=\"{&quot;aperture&quot;:&quot;2.4&quot;,&quot;credit&quot;:&quot;&quot;,&quot;camera&quot;:&quot;iPhone 4S&quot;,&quot;caption&quot;:&quot;&quot;,&quot;created_timestamp&quot;:&quot;1429375641&quot;,&quot;copyright&quot;:&quot;&quot;,&quot;focal_length&quot;:&quot;4.28&quot;,&quot;iso&quot;:&quot;50&quot;,&quot;shutter_speed&quot;:&quot;0.00083333333333333&quot;,&quot;title&quot;:&quot;&quot;,&quot;orientation&quot;:&quot;1&quot;}\" data-image-title=\"site_sic13_wiegner1\" data-image-description=\"\" data-image-caption=\"\" data-medium-file=\"https:\/\/i0.wp.com\/thomasvino.ch\/wp-content\/uploads\/2015\/05\/site_sic13_wiegner1.jpg?fit=300%2C225&amp;ssl=1\" data-large-file=\"https:\/\/i0.wp.com\/thomasvino.ch\/wp-content\/uploads\/2015\/05\/site_sic13_wiegner1.jpg?fit=1024%2C768&amp;ssl=1\" loading=\"lazy\" class=\"aligncenter size-medium wp-image-12768\" src=\"https:\/\/i0.wp.com\/www.thomasvino.ch\/wp-content\/uploads\/2015\/05\/site_sic13_wiegner1-300x225.jpg?resize=300%2C225\" alt=\"site_sic13_wiegner1\" width=\"300\" height=\"225\" srcset=\"https:\/\/i0.wp.com\/thomasvino.ch\/wp-content\/uploads\/2015\/05\/site_sic13_wiegner1.jpg?resize=300%2C225&amp;ssl=1 300w, https:\/\/i0.wp.com\/thomasvino.ch\/wp-content\/uploads\/2015\/05\/site_sic13_wiegner1.jpg?resize=768%2C576&amp;ssl=1 768w, https:\/\/i0.wp.com\/thomasvino.ch\/wp-content\/uploads\/2015\/05\/site_sic13_wiegner1.jpg?resize=1024%2C768&amp;ssl=1 1024w, https:\/\/i0.wp.com\/thomasvino.ch\/wp-content\/uploads\/2015\/05\/site_sic13_wiegner1.jpg?w=2000&amp;ssl=1 2000w, https:\/\/i0.wp.com\/thomasvino.ch\/wp-content\/uploads\/2015\/05\/site_sic13_wiegner1.jpg?w=3000&amp;ssl=1 3000w\" sizes=\"(max-width: 300px) 100vw, 300px\" data-recalc-dims=\"1\" \/><\/a><\/p>\n<p>Mais les pionniers qui ont replant\u00e9 de la vigne dans ce jardin d\u2019Eden ont presque tout essay\u00e9. Venu de Suisse \u2014 il a \u00e9tudi\u00e9 l\u2019\u00e9conomie \u00e0 l\u2019Universit\u00e9 de Fribourg \u2014, en passant par la Toscane, o\u00f9 il a refait sa vie, <strong>Peter Wiegner <\/strong>(<em>ci-dessus<\/em>), a plant\u00e9 trois rang\u00e9es de ceps de chasselas, \u00e0 800 m\u00e8tres d\u2019altitude, qu\u2019il \u00abnoie\u00bb dans son fiano, un c\u00e9page blanc venu des contreforts d\u2019un autre volcan, le V\u00e9suve. Il r\u00e9colte aussi \u00e0 mi-novembre de l\u2019aglianico et du petit verdot, deux vins \u00e9lev\u00e9s en barriques dans sa cave, un bijou moderne orn\u00e9 de vitraux. A bient\u00f4t 75 ans, cet original transmet son domaine au fils de sa compagne, <strong>Marco<\/strong>, converti \u00e0 la viticulture biologique.<\/p>\n<p>Non loin de l\u00e0, Cottanera, une des caves les plus progressistes de la r\u00e9gion, sur 62 hectares plant\u00e9s d\u00e8s 1995, s\u2019\u00e9tait distingu\u00e9 par sa mondeuse (mais oui, le c\u00e9page de Savoie et du Chablais vaudois\u00a0!), sa syrah, son merlot et son cabernet, au milieu des ann\u00e9es 2000. Aujourd\u2019hui, avec l\u2019arriv\u00e9e d\u2019une nouvelle g\u00e9n\u00e9ration, la cave mise sur les c\u00e9pages locaux de la DOC Etna et de terroirs pr\u00e9cis, avec un \u00e9levage sur lies et en f\u00fbts pour le blanc 100% carricante. Autres beaux vins tout neufs, l\u2019Etna Rosso Diciasettesalve 2014, pur nero mascalese, puissant, et l\u2019Etna Rosso Riserva Zottorinoto, d\u2019altitude (800 m.) et de vignes de plus de 30 ans, \u00e9lev\u00e9 deux ans en grands f\u00fbts. Le 2011, premier mill\u00e9sime de r\u00e9serve admis par la l\u00e9gislation, tir\u00e9 \u00e0 1&rsquo;500 bouteilles, qui sera vendu 45 euros la bouteille, est \u00e0 la hauteur des ambitions, avec un beau nez vanill\u00e9, des tanins fondus par l\u2019\u00e9levage, mais qui reste ferme, frais et fruit\u00e9, sur des ar\u00f4mes de sureau et de grenadine.<\/p>\n<p>Parmi les autres vins de l\u2019Etna, d\u00e9gust\u00e9s \u00e0 l\u2019aveugle lors de \u00abSicile en primeurs\u00bb, organis\u00e9 par Assovini Sicilia, qui regroupe les principaux domaines exportateurs, \u00e0 Taormina, on a appr\u00e9ci\u00e9, en blanc, le pur carricante 2014 et Eruzione 1614 (carricante et 10% de\u2026 riesling) 2014 de Planeta, le carricante 2013 (Etna superiore) de Barone di Villagrande 2013, l\u2019Arcuria 2013 de Graci, l\u2019Archineri 2014 de Pietradolce et le tr\u00e8s flatteur Luci, Luci d\u2019Al Cantara. En rouge, l\u2019Arcuria 2013 de Graci, l\u2019Eruzione 1614, 2013, de Planeta, l\u2019O\u2019Scuru, O\u2019Scuru 2012 d\u2019Al Cantara, le Vigna Barbagalli 2012 et l\u2019Archineri 2013 de Pietradolce, le A Rina et le San Lorenzo 2013 de Girolamo Russo.<\/p>\n<p>A noter que 2014 est une grande ann\u00e9e en Sicile\u00a0: <em>\u00abLa plus \u00e9quilibr\u00e9e et la meilleure depuis quinze ans\u00bb<\/em>, selon <strong>Enzo Cambria<\/strong>, cofondateur de Cottanera (<em>photo ci-dessous<\/em>). A ne pas manquer sur les cartes des restaurants italiens\u00a0!<\/p>\n<p><a href=\"https:\/\/i0.wp.com\/www.thomasvino.ch\/wp-content\/uploads\/2015\/05\/site_sic12_enzo_cottanera.jpg\"><img data-attachment-id=\"12769\" data-permalink=\"https:\/\/thomasvino.ch\/?attachment_id=12769\" data-orig-file=\"https:\/\/i0.wp.com\/thomasvino.ch\/wp-content\/uploads\/2015\/05\/site_sic12_enzo_cottanera.jpg?fit=3264%2C2448&amp;ssl=1\" data-orig-size=\"3264,2448\" data-comments-opened=\"0\" data-image-meta=\"{&quot;aperture&quot;:&quot;2.4&quot;,&quot;credit&quot;:&quot;&quot;,&quot;camera&quot;:&quot;iPhone 4S&quot;,&quot;caption&quot;:&quot;&quot;,&quot;created_timestamp&quot;:&quot;1429383995&quot;,&quot;copyright&quot;:&quot;&quot;,&quot;focal_length&quot;:&quot;4.28&quot;,&quot;iso&quot;:&quot;50&quot;,&quot;shutter_speed&quot;:&quot;0.0032051282051282&quot;,&quot;title&quot;:&quot;&quot;,&quot;orientation&quot;:&quot;1&quot;}\" data-image-title=\"site_sic12_enzo_cottanera\" data-image-description=\"\" data-image-caption=\"\" data-medium-file=\"https:\/\/i0.wp.com\/thomasvino.ch\/wp-content\/uploads\/2015\/05\/site_sic12_enzo_cottanera.jpg?fit=300%2C225&amp;ssl=1\" data-large-file=\"https:\/\/i0.wp.com\/thomasvino.ch\/wp-content\/uploads\/2015\/05\/site_sic12_enzo_cottanera.jpg?fit=1024%2C768&amp;ssl=1\" loading=\"lazy\" class=\"aligncenter size-medium wp-image-12769\" src=\"https:\/\/i0.wp.com\/www.thomasvino.ch\/wp-content\/uploads\/2015\/05\/site_sic12_enzo_cottanera-300x225.jpg?resize=300%2C225\" alt=\"site_sic12_enzo_cottanera\" width=\"300\" height=\"225\" srcset=\"https:\/\/i0.wp.com\/thomasvino.ch\/wp-content\/uploads\/2015\/05\/site_sic12_enzo_cottanera.jpg?resize=300%2C225&amp;ssl=1 300w, https:\/\/i0.wp.com\/thomasvino.ch\/wp-content\/uploads\/2015\/05\/site_sic12_enzo_cottanera.jpg?resize=768%2C576&amp;ssl=1 768w, https:\/\/i0.wp.com\/thomasvino.ch\/wp-content\/uploads\/2015\/05\/site_sic12_enzo_cottanera.jpg?resize=1024%2C768&amp;ssl=1 1024w, https:\/\/i0.wp.com\/thomasvino.ch\/wp-content\/uploads\/2015\/05\/site_sic12_enzo_cottanera.jpg?w=2000&amp;ssl=1 2000w, https:\/\/i0.wp.com\/thomasvino.ch\/wp-content\/uploads\/2015\/05\/site_sic12_enzo_cottanera.jpg?w=3000&amp;ssl=1 3000w\" sizes=\"(max-width: 300px) 100vw, 300px\" data-recalc-dims=\"1\" \/><\/a><\/p>\n<h2><strong>La mont\u00e9e en gamme de la Sicile<\/strong><\/h2>\n<p>Avec un peu plus de 100&rsquo;000 ha de vignoble (sept fois la Suisse viticole), la plus grande \u00eele de la M\u00e9diterrann\u00e9e est aussi la plus vaste r\u00e9gion viticole d\u2019Italie, avec deux tiers de la surface plant\u00e9e en\u2026 blanc. Depuis fin 2011, les vins de toute l\u2019\u00eele peuvent revendiquer la DOC Sicilia g\u00e9n\u00e9rique. Son pr\u00e9sident, <strong>Antonio Rallo<\/strong>, de Donnafugata, grand domaine connu pour ses vins de la r\u00e9gion de Marsala (sud-ouest) mais aussi de l\u2019\u00eele de Pantelleria (dont la culture du c\u00e9page zibibbo est class\u00e9e au Patrimoine mondial de l\u2019UNESCO depuis novembre dernier), vise les 30 millions de bouteilles vendues cette ann\u00e9e en DOC Sicilia.<\/p>\n<p>En plus des vins d\u2019entr\u00e9e de gamme, il existe 22 DOC portant un nom local. Les vins de l\u2019Etna furent les premiers \u00e0 pouvoir le faire d\u00e8s 1968. Un seul cru a acc\u00e9d\u00e9 au plus haut niveau de la classification italienne, la DOCG (d\u00e9nomination d\u2019origine contr\u00f4l\u00e9e et garantie), en 2005, le Cerasuolo di Vittoria. Ce beau vin rouge, produit sur 260 ha dans la province de Ragusa (sud-ouest), est constitu\u00e9 de deux c\u00e9pages remarquables\u00a0: le nero d\u2019avola et le frappato. Le premier se retrouve dans tout le vignoble, de l\u2019entr\u00e9e de gamme \u00e0 3 ou 4 euros, aux cuv\u00e9es ambitieuses et souvent tr\u00e8s bois\u00e9es \u00e0 plus de 50 euros. Dans le Cerasuolo di Vittoria, le nero d\u2019avola est assembl\u00e9 au frappato (entre 30% et 50%), un c\u00e9page rouge qui donne des vins de grande fra\u00eecheur, tr\u00e8s \u00e0 la mode \u00aben puresse\u00bb. Rarement \u00e9lev\u00e9 en f\u00fbts neufs, le Cerasuolo di Vittoria reste d\u2019un excellent rapport qualit\u00e9, prix et\u2026 plaisir, vendu entre 15 et 20 francs en Suisse. Les vins de <strong>Planeta<\/strong> (Dorilli), <strong>Feudi di Pisciotto<\/strong> (G. Valli), <strong>Valle dell\u2019Acate<\/strong> (Classico) et de l\u2019\u00e9toile montante de la r\u00e9gion, <strong>Arianna Occhipinti<\/strong> (Grotte Alte), sont recommandables. (<em>PTs<\/em>)<\/p>\n<p><em>Paru dans La Libert\u00e9 du 20 mai 2015. <strong><a href=\"http:\/\/www.thomasvino.ch\/wp-content\/uploads\/2015\/05\/lib_sicile_2005.pdf\">PDF t\u00e9l\u00e9chargeable ici<\/a><\/strong><\/em><\/p>\n<p><em>\u00a9thomasvino.ch<\/em><\/p>\n","protected":false},"excerpt":{"rendered":"<p>Mettre au jour de nouveaux terroirs dans la vieille Europe, \u00e7a n\u2019arrive pas tous les jours. Les vins de l\u2019Etna incarnent cette d\u00e9couverte dans les \u00abterres noires\u00bb du pied du volcan sicilien. Reportage. Par Pierre Thomas, textes et photos Il faut arriver \u00e0 Catane en avion un jour de printemps et choisir un si\u00e8ge \u00e0 [&hellip;]<\/p>\n","protected":false},"author":3,"featured_media":0,"comment_status":"closed","ping_status":"open","sticky":false,"template":"","format":"standard","meta":{"_monsterinsights_skip_tracking":false,"_monsterinsights_sitenote_active":false,"_monsterinsights_sitenote_note":"","_monsterinsights_sitenote_category":0,"jetpack_post_was_ever_published":false,"jetpack_publicize_message":"","jetpack_is_tweetstorm":false,"jetpack_publicize_feature_enabled":true,"jetpack_social_post_already_shared":true,"jetpack_social_options":{"image_generator_settings":{"template":"highway","enabled":false}}},"categories":[10],"tags":[1026,1050,1027,1049,1047,1048,1051],"jetpack_publicize_connections":[],"yoast_head":"<!-- This site is optimized with the Yoast SEO plugin v20.6 - https:\/\/yoast.com\/wordpress\/plugins\/seo\/ -->\n<title>L\u2019irr\u00e9sistible irruption des vins de l\u2019Etna - thomasvino<\/title>\n<meta name=\"robots\" content=\"index, follow, max-snippet:-1, max-image-preview:large, max-video-preview:-1\" \/>\n<link rel=\"canonical\" href=\"https:\/\/thomasvino.ch\/?p=12765\" \/>\n<meta property=\"og:locale\" content=\"fr_FR\" \/>\n<meta property=\"og:type\" content=\"article\" \/>\n<meta property=\"og:title\" content=\"L\u2019irr\u00e9sistible irruption des vins de l\u2019Etna - thomasvino\" \/>\n<meta property=\"og:description\" content=\"Mettre au jour de nouveaux terroirs dans la vieille Europe, \u00e7a n\u2019arrive pas tous les jours. Les vins de l\u2019Etna incarnent cette d\u00e9couverte dans les \u00abterres noires\u00bb du pied du volcan sicilien. Reportage. Par Pierre Thomas, textes et photos Il faut arriver \u00e0 Catane en avion un jour de printemps et choisir un si\u00e8ge \u00e0 [&hellip;]\" \/>\n<meta property=\"og:url\" content=\"https:\/\/thomasvino.ch\/?p=12765\" \/>\n<meta property=\"og:site_name\" content=\"thomasvino\" \/>\n<meta property=\"article:published_time\" content=\"2015-05-20T09:21:34+00:00\" \/>\n<meta property=\"og:image\" content=\"http:\/\/www.thomasvino.ch\/wp-content\/uploads\/2015\/05\/site_sic3_etna3_pts-300x225.jpg\" \/>\n<meta name=\"author\" content=\"Pierre Thomas\" \/>\n<meta name=\"twitter:label1\" content=\"\u00c9crit par\" \/>\n\t<meta name=\"twitter:data1\" content=\"Pierre Thomas\" \/>\n\t<meta name=\"twitter:label2\" content=\"Dur\u00e9e de lecture estim\u00e9e\" \/>\n\t<meta name=\"twitter:data2\" content=\"7 minutes\" \/>\n<script type=\"application\/ld+json\" class=\"yoast-schema-graph\">{\"@context\":\"https:\/\/schema.org\",\"@graph\":[{\"@type\":\"WebPage\",\"@id\":\"https:\/\/thomasvino.ch\/?p=12765\",\"url\":\"https:\/\/thomasvino.ch\/?p=12765\",\"name\":\"L\u2019irr\u00e9sistible irruption des vins de l\u2019Etna - thomasvino\",\"isPartOf\":{\"@id\":\"https:\/\/thomasvino.ch\/#website\"},\"datePublished\":\"2015-05-20T09:21:34+00:00\",\"dateModified\":\"2015-05-20T09:21:34+00:00\",\"author\":{\"@id\":\"https:\/\/thomasvino.ch\/#\/schema\/person\/670bf4486fe81152cf1d68bd585e062e\"},\"breadcrumb\":{\"@id\":\"https:\/\/thomasvino.ch\/?p=12765#breadcrumb\"},\"inLanguage\":\"fr-FR\",\"potentialAction\":[{\"@type\":\"ReadAction\",\"target\":[\"https:\/\/thomasvino.ch\/?p=12765\"]}]},{\"@type\":\"BreadcrumbList\",\"@id\":\"https:\/\/thomasvino.ch\/?p=12765#breadcrumb\",\"itemListElement\":[{\"@type\":\"ListItem\",\"position\":1,\"name\":\"Accueil\",\"item\":\"https:\/\/thomasvino.ch\/\"},{\"@type\":\"ListItem\",\"position\":2,\"name\":\"L\u2019irr\u00e9sistible irruption des vins de l\u2019Etna\"}]},{\"@type\":\"WebSite\",\"@id\":\"https:\/\/thomasvino.ch\/#website\",\"url\":\"https:\/\/thomasvino.ch\/\",\"name\":\"thomasvino\",\"description\":\"Vins &amp; Gastronomie\",\"potentialAction\":[{\"@type\":\"SearchAction\",\"target\":{\"@type\":\"EntryPoint\",\"urlTemplate\":\"https:\/\/thomasvino.ch\/?s={search_term_string}\"},\"query-input\":\"required name=search_term_string\"}],\"inLanguage\":\"fr-FR\"},{\"@type\":\"Person\",\"@id\":\"https:\/\/thomasvino.ch\/#\/schema\/person\/670bf4486fe81152cf1d68bd585e062e\",\"name\":\"Pierre Thomas\",\"image\":{\"@type\":\"ImageObject\",\"inLanguage\":\"fr-FR\",\"@id\":\"https:\/\/thomasvino.ch\/#\/schema\/person\/image\/\",\"url\":\"https:\/\/secure.gravatar.com\/avatar\/91fd5a76647f140e53db987a0dead4d7?s=96&d=mm&r=g\",\"contentUrl\":\"https:\/\/secure.gravatar.com\/avatar\/91fd5a76647f140e53db987a0dead4d7?s=96&d=mm&r=g\",\"caption\":\"Pierre Thomas\"},\"url\":\"https:\/\/thomasvino.ch\/?author=3\"}]}<\/script>\n<!-- \/ Yoast SEO plugin. -->","yoast_head_json":{"title":"L\u2019irr\u00e9sistible irruption des vins de l\u2019Etna - thomasvino","robots":{"index":"index","follow":"follow","max-snippet":"max-snippet:-1","max-image-preview":"max-image-preview:large","max-video-preview":"max-video-preview:-1"},"canonical":"https:\/\/thomasvino.ch\/?p=12765","og_locale":"fr_FR","og_type":"article","og_title":"L\u2019irr\u00e9sistible irruption des vins de l\u2019Etna - thomasvino","og_description":"Mettre au jour de nouveaux terroirs dans la vieille Europe, \u00e7a n\u2019arrive pas tous les jours. Les vins de l\u2019Etna incarnent cette d\u00e9couverte dans les \u00abterres noires\u00bb du pied du volcan sicilien. Reportage. Par Pierre Thomas, textes et photos Il faut arriver \u00e0 Catane en avion un jour de printemps et choisir un si\u00e8ge \u00e0 [&hellip;]","og_url":"https:\/\/thomasvino.ch\/?p=12765","og_site_name":"thomasvino","article_published_time":"2015-05-20T09:21:34+00:00","og_image":[{"url":"http:\/\/www.thomasvino.ch\/wp-content\/uploads\/2015\/05\/site_sic3_etna3_pts-300x225.jpg"}],"author":"Pierre Thomas","twitter_misc":{"\u00c9crit par":"Pierre Thomas","Dur\u00e9e de lecture estim\u00e9e":"7 minutes"},"schema":{"@context":"https:\/\/schema.org","@graph":[{"@type":"WebPage","@id":"https:\/\/thomasvino.ch\/?p=12765","url":"https:\/\/thomasvino.ch\/?p=12765","name":"L\u2019irr\u00e9sistible irruption des vins de l\u2019Etna - thomasvino","isPartOf":{"@id":"https:\/\/thomasvino.ch\/#website"},"datePublished":"2015-05-20T09:21:34+00:00","dateModified":"2015-05-20T09:21:34+00:00","author":{"@id":"https:\/\/thomasvino.ch\/#\/schema\/person\/670bf4486fe81152cf1d68bd585e062e"},"breadcrumb":{"@id":"https:\/\/thomasvino.ch\/?p=12765#breadcrumb"},"inLanguage":"fr-FR","potentialAction":[{"@type":"ReadAction","target":["https:\/\/thomasvino.ch\/?p=12765"]}]},{"@type":"BreadcrumbList","@id":"https:\/\/thomasvino.ch\/?p=12765#breadcrumb","itemListElement":[{"@type":"ListItem","position":1,"name":"Accueil","item":"https:\/\/thomasvino.ch\/"},{"@type":"ListItem","position":2,"name":"L\u2019irr\u00e9sistible irruption des vins de l\u2019Etna"}]},{"@type":"WebSite","@id":"https:\/\/thomasvino.ch\/#website","url":"https:\/\/thomasvino.ch\/","name":"thomasvino","description":"Vins &amp; Gastronomie","potentialAction":[{"@type":"SearchAction","target":{"@type":"EntryPoint","urlTemplate":"https:\/\/thomasvino.ch\/?s={search_term_string}"},"query-input":"required name=search_term_string"}],"inLanguage":"fr-FR"},{"@type":"Person","@id":"https:\/\/thomasvino.ch\/#\/schema\/person\/670bf4486fe81152cf1d68bd585e062e","name":"Pierre Thomas","image":{"@type":"ImageObject","inLanguage":"fr-FR","@id":"https:\/\/thomasvino.ch\/#\/schema\/person\/image\/","url":"https:\/\/secure.gravatar.com\/avatar\/91fd5a76647f140e53db987a0dead4d7?s=96&d=mm&r=g","contentUrl":"https:\/\/secure.gravatar.com\/avatar\/91fd5a76647f140e53db987a0dead4d7?s=96&d=mm&r=g","caption":"Pierre Thomas"},"url":"https:\/\/thomasvino.ch\/?author=3"}]}},"jetpack_featured_media_url":"","jetpack_sharing_enabled":true,"jetpack_shortlink":"https:\/\/wp.me\/p3m4tZ-3jT","jetpack_likes_enabled":false,"jetpack-related-posts":[{"id":12732,"url":"https:\/\/thomasvino.ch\/?p=12732","url_meta":{"origin":12765,"position":0},"title":"Les vins de Sicile par-del\u00e0 le volcan","date":"7 mai 2015","format":false,"excerpt":"Depuis deux ans, la Sicile a d\u00e9cid\u00e9 de jouer la carte de sa propre DOC (\u00abd\u00e9nomination d\u2019origine contr\u00f4l\u00e9e\u00bb) et d\u2019\u00e9lever le niveau de ses vins. Elle a pris conscience de son climat, qui lui a assur\u00e9 un excellent mill\u00e9sime 2014, et de ses c\u00e9pages autochtones. Reportage au sud et au\u2026","rel":"","context":"Dans &quot;Vins italiens&quot;","img":{"alt_text":"","src":"https:\/\/i0.wp.com\/www.thomasvino.ch\/wp-content\/uploads\/2015\/05\/site_pierre_etna-300x225.jpg?resize=350%2C200","width":350,"height":200},"classes":[]},{"id":15822,"url":"https:\/\/thomasvino.ch\/?p=15822","url_meta":{"origin":12765,"position":1},"title":"Grands vins d&rsquo;Italie: la ru\u00e9e vers l&rsquo;Etna","date":"19 juin 2019","format":false,"excerpt":"\u00abLa Bourgogne de la M\u00e9diterran\u00e9e\u00bb. C\u2019est ainsi que le Toscan Marco de Grazia (ci-dessous) a surnomm\u00e9 le vignoble de la partie nord de l\u2019Etna, le plus haut, et toujours actif, volcan d\u2019Europe. Ce n\u00e9gociant qui a vendu avec succ\u00e8s aux Etats-Unis les meilleurs crus italiens \u2014 de Toscane et du\u2026","rel":"","context":"Dans &quot;Vins italiens&quot;","img":{"alt_text":"","src":"https:\/\/i0.wp.com\/thomasvino.ch\/wp-content\/uploads\/2019\/05\/IMG_0324-300x293.jpg?resize=350%2C200&ssl=1","width":350,"height":200},"classes":[]},{"id":13691,"url":"https:\/\/thomasvino.ch\/?p=13691","url_meta":{"origin":12765,"position":2},"title":"La Sicile, \u00abcontinent\u00bb \u0153notouristique","date":"21 juin 2016","format":false,"excerpt":"Madagascar s\u2019est autoproclam\u00e9e \u00abl\u2019\u00eele-continent\u00bb. La Sicile revendique l\u2019\u00e9tiquette de \u00abcontinent vitivinicole\u00bb et se dote des infrastructures d\u2019accueil pour recevoir ses h\u00f4tes. Texte et photos Pierre Thomas Il suffit d\u2019y \u00eatre all\u00e9 quelquefois pour s\u2019en rendre compte. La plus grande \u00eele de la M\u00e9diterran\u00e9e (devant la Sardaigne et Chypre) ne se\u2026","rel":"","context":"Dans &quot;Vins italiens&quot;","img":{"alt_text":"","src":"https:\/\/i0.wp.com\/www.thomasvino.ch\/wp-content\/uploads\/2016\/06\/sic_casematte_mer-300x225.jpg?resize=350%2C200","width":350,"height":200},"classes":[]},{"id":13771,"url":"https:\/\/thomasvino.ch\/?p=13771","url_meta":{"origin":12765,"position":3},"title":"La Sicile, l\u2019\u00eele aux tr\u00e9sors blancs","date":"9 f\u00e9vrier 2017","format":false,"excerpt":"La production des quelque 100'000 hectares du vignoble sicilien est encore domin\u00e9e par le vin blanc (60%). Apr\u00e8s l\u2019expansion des c\u00e9pages internationaux, avec le chardonnay en t\u00eate, les Siciliens reviennent \u00e0 des vari\u00e9t\u00e9s autochtones. Et si l\u2019\u00eele produisait les meilleurs vins blans d\u2019Italie\u00a0? Par Pierre Thomas, de retour de Sciacca\u2026","rel":"","context":"Dans &quot;Vins italiens&quot;","img":{"alt_text":"sic_etna","src":"https:\/\/i0.wp.com\/www.thomasvino.ch\/wp-content\/uploads\/2016\/07\/sic_etna-1024x768.jpg?resize=350%2C200","width":350,"height":200},"classes":[]},{"id":9958,"url":"https:\/\/thomasvino.ch\/?p=9958","url_meta":{"origin":12765,"position":4},"title":"Sicile: tous derri\u00e8re le Nero d&rsquo;Avola","date":"13 avril 2007","format":false,"excerpt":"Invit\u00e9e d\u2019honneur d\u2019Arvinis 2007 \u00e0 MorgesLa Sicile croit au Nero d\u2019AvolaElle produit encore deux tiers de raisins blancs, mais la Sicile croit fermement en son c\u00e9page rouge, le Nero d\u2019Avola, le seul diffus\u00e9 dans toute l\u2019\u00eele, et \u00e0 son volcan, l\u2019Etna, au terroir original et prometteur. Reportage.Pierre Thomas, de retour\u2026","rel":"","context":"Dans &quot;Vins italiens&quot;","img":{"alt_text":"","src":"","width":0,"height":0},"classes":[]},{"id":15694,"url":"https:\/\/thomasvino.ch\/?p=15694","url_meta":{"origin":12765,"position":5},"title":"L&rsquo;Alto Piemonte (Novare): l&rsquo;\u00abautre\u00bb Pi\u00e9mont","date":"1 mai 2019","format":false,"excerpt":"Le Pi\u00e9mont, entre le sud des Alpes et le Monferato et les Langhe, a totalis\u00e9 jusqu\u2019\u00e0 40'000 hectares de vigne, avant le phyllox\u00e9ra et l\u2019industrialisation. Il en reste 800 hectares dans l\u2019Alto Piemonte, du lac de Viverone \u00e0 Crodo, au nord de Domodossola. D\u00e9couverte, ou plut\u00f4t, red\u00e9couverte\u00a0! Par Pierre Thomas,\u2026","rel":"","context":"Dans &quot;Vins italiens&quot;","img":{"alt_text":"","src":"https:\/\/i0.wp.com\/thomasvino.ch\/wp-content\/uploads\/2019\/04\/site_guardasole_verte-300x300.jpg?resize=350%2C200&ssl=1","width":350,"height":200},"classes":[]}],"_links":{"self":[{"href":"https:\/\/thomasvino.ch\/index.php?rest_route=\/wp\/v2\/posts\/12765"}],"collection":[{"href":"https:\/\/thomasvino.ch\/index.php?rest_route=\/wp\/v2\/posts"}],"about":[{"href":"https:\/\/thomasvino.ch\/index.php?rest_route=\/wp\/v2\/types\/post"}],"author":[{"embeddable":true,"href":"https:\/\/thomasvino.ch\/index.php?rest_route=\/wp\/v2\/users\/3"}],"replies":[{"embeddable":true,"href":"https:\/\/thomasvino.ch\/index.php?rest_route=%2Fwp%2Fv2%2Fcomments&post=12765"}],"version-history":[{"count":0,"href":"https:\/\/thomasvino.ch\/index.php?rest_route=\/wp\/v2\/posts\/12765\/revisions"}],"wp:attachment":[{"href":"https:\/\/thomasvino.ch\/index.php?rest_route=%2Fwp%2Fv2%2Fmedia&parent=12765"}],"wp:term":[{"taxonomy":"category","embeddable":true,"href":"https:\/\/thomasvino.ch\/index.php?rest_route=%2Fwp%2Fv2%2Fcategories&post=12765"},{"taxonomy":"post_tag","embeddable":true,"href":"https:\/\/thomasvino.ch\/index.php?rest_route=%2Fwp%2Fv2%2Ftags&post=12765"}],"curies":[{"name":"wp","href":"https:\/\/api.w.org\/{rel}","templated":true}]}}