{"id":12776,"date":"2015-05-20T17:42:14","date_gmt":"2015-05-20T16:42:14","guid":{"rendered":"http:\/\/www.thomasvino.ch\/?p=12776"},"modified":"2015-05-20T17:42:14","modified_gmt":"2015-05-20T16:42:14","slug":"le-meilleur-assemblage-de-merlot-vient-du-vully","status":"publish","type":"post","link":"https:\/\/thomasvino.ch\/?p=12776","title":{"rendered":"Le meilleur assemblage de merlot vient du Vully!"},"content":{"rendered":"<p><strong>Le Domaine Le Petit Ch\u00e2teau Simonet P\u00e8re et Fils \u00e0 M\u00f4tier dans le Vully (FR) communique qu\u2019il a d\u00e9croch\u00e9 une m\u00e9daille d\u2019or et la distinction de \u00abmeilleur assemblage \u00bb \u00e0 base de merlot, au concours Mondial du Merlot &amp; Assemblages. La proclamation des r\u00e9sultats a eu lieu le mercredi 20 mai 2015, \u00e0 Zurich.<\/strong><br \/>\nCe concours organis\u00e9 par l\u2019association Vinea s\u2019est d\u00e9roul\u00e9 \u00e0 Sierre du 24 au 26 Avril 2015. Le domaine familial Le Petit Ch\u00e2teau, Simonet P\u00e8re &amp; Fils \u00e0 M\u00f4tier dans le Vully s\u2019est particuli\u00e8rement distingu\u00e9 puisqu\u2019il a d\u00e9croch\u00e9 une des rares m\u00e9dailles d\u2019or du concours et s\u2019est m\u00eame adjug\u00e9 le prix sp\u00e9cial de \u00abmeilleur assemblage \u00bb. Sur 440 vins d\u00e9gust\u00e9s, provenant de 240 producteurs, issus de 25 pays, seules 37 m\u00e9dailles ont \u00e9t\u00e9 attribu\u00e9es. Et c\u2019est un assemblage \u00e0 base de Merlot du mill\u00e9sime 2011 qui s\u2019est empar\u00e9 d&rsquo;une de ces m\u00e9dailles d&rsquo;or.<br \/>\nCet assemblage est issu d\u2019une \u00e9troite collaboration entre deux jeunes vignerons et un sommelier r\u00e9put\u00e9 de la gastronomie fribourgeoise : les fr\u00e8res Simonet du Petit Ch\u00e2teau et Cl\u00e9ment Buffetrille, directeur de salle du restaurant des Trois Tours, \u00e0 Bourguillon Fribourg. Autre particularit\u00e9 de ce vin, poursuit Fabrice Simonet: habituellement, les vins prim\u00e9s sont souvent \u00e9puis\u00e9s peu de temps apr\u00e8s l\u2019annonce des r\u00e9sultats des concours. Mais ce n\u2019est pas le cas pour cet assemblage car aucune bouteille n\u2019a encore \u00e9t\u00e9 commercialis\u00e9e. Une pr\u00e9sentation suivie d\u2019une d\u00e9gustation sera organis\u00e9e au mois de novembre 2015. Cette cuv\u00e9e 2011 contient 55 % de merlot, 22.5 % de diolinoir et 22.5 % de cabernet sauvignon, vinifi\u00e9 durant 40 mois en barrique, fruit d\u2019une mure r\u00e9flexion depuis 2008. (<em>com\/thomasvino.ch<\/em>)<\/p>\n","protected":false},"excerpt":{"rendered":"<p>Le Domaine Le Petit Ch\u00e2teau Simonet P\u00e8re et Fils \u00e0 M\u00f4tier dans le Vully (FR) communique qu\u2019il a d\u00e9croch\u00e9 une m\u00e9daille d\u2019or et la distinction de \u00abmeilleur assemblage \u00bb \u00e0 base de merlot, au concours Mondial du Merlot &amp; Assemblages. La proclamation des r\u00e9sultats a eu lieu le mercredi 20 mai 2015, \u00e0 Zurich. Ce [&hellip;]<\/p>\n","protected":false},"author":3,"featured_media":0,"comment_status":"closed","ping_status":"open","sticky":false,"template":"","format":"standard","meta":{"_monsterinsights_skip_tracking":false,"_monsterinsights_sitenote_active":false,"_monsterinsights_sitenote_note":"","_monsterinsights_sitenote_category":0,"jetpack_post_was_ever_published":false,"jetpack_publicize_message":"","jetpack_is_tweetstorm":false,"jetpack_publicize_feature_enabled":true,"jetpack_social_post_already_shared":true,"jetpack_social_options":{"image_generator_settings":{"template":"highway","enabled":false}}},"categories":[15],"tags":[],"jetpack_publicize_connections":[],"yoast_head":"<!-- This site is optimized with the Yoast SEO plugin v20.6 - https:\/\/yoast.com\/wordpress\/plugins\/seo\/ -->\n<title>Le meilleur assemblage de merlot vient du Vully! - thomasvino<\/title>\n<meta name=\"robots\" content=\"index, follow, max-snippet:-1, max-image-preview:large, max-video-preview:-1\" \/>\n<link rel=\"canonical\" href=\"https:\/\/thomasvino.ch\/?p=12776\" \/>\n<meta property=\"og:locale\" content=\"fr_FR\" \/>\n<meta property=\"og:type\" content=\"article\" \/>\n<meta property=\"og:title\" content=\"Le meilleur assemblage de merlot vient du Vully! - thomasvino\" \/>\n<meta property=\"og:description\" content=\"Le Domaine Le Petit Ch\u00e2teau Simonet P\u00e8re et Fils \u00e0 M\u00f4tier dans le Vully (FR) communique qu\u2019il a d\u00e9croch\u00e9 une m\u00e9daille d\u2019or et la distinction de \u00abmeilleur assemblage \u00bb \u00e0 base de merlot, au concours Mondial du Merlot &amp; Assemblages. La proclamation des r\u00e9sultats a eu lieu le mercredi 20 mai 2015, \u00e0 Zurich. Ce [&hellip;]\" \/>\n<meta property=\"og:url\" content=\"https:\/\/thomasvino.ch\/?p=12776\" \/>\n<meta property=\"og:site_name\" content=\"thomasvino\" \/>\n<meta property=\"article:published_time\" content=\"2015-05-20T16:42:14+00:00\" \/>\n<meta name=\"author\" content=\"Pierre Thomas\" \/>\n<meta name=\"twitter:label1\" content=\"\u00c9crit par\" \/>\n\t<meta name=\"twitter:data1\" content=\"Pierre Thomas\" \/>\n\t<meta name=\"twitter:label2\" content=\"Dur\u00e9e de lecture estim\u00e9e\" \/>\n\t<meta name=\"twitter:data2\" content=\"1 minute\" \/>\n<script type=\"application\/ld+json\" class=\"yoast-schema-graph\">{\"@context\":\"https:\/\/schema.org\",\"@graph\":[{\"@type\":\"WebPage\",\"@id\":\"https:\/\/thomasvino.ch\/?p=12776\",\"url\":\"https:\/\/thomasvino.ch\/?p=12776\",\"name\":\"Le meilleur assemblage de merlot vient du Vully! - thomasvino\",\"isPartOf\":{\"@id\":\"https:\/\/thomasvino.ch\/#website\"},\"datePublished\":\"2015-05-20T16:42:14+00:00\",\"dateModified\":\"2015-05-20T16:42:14+00:00\",\"author\":{\"@id\":\"https:\/\/thomasvino.ch\/#\/schema\/person\/670bf4486fe81152cf1d68bd585e062e\"},\"breadcrumb\":{\"@id\":\"https:\/\/thomasvino.ch\/?p=12776#breadcrumb\"},\"inLanguage\":\"fr-FR\",\"potentialAction\":[{\"@type\":\"ReadAction\",\"target\":[\"https:\/\/thomasvino.ch\/?p=12776\"]}]},{\"@type\":\"BreadcrumbList\",\"@id\":\"https:\/\/thomasvino.ch\/?p=12776#breadcrumb\",\"itemListElement\":[{\"@type\":\"ListItem\",\"position\":1,\"name\":\"Accueil\",\"item\":\"https:\/\/thomasvino.ch\/\"},{\"@type\":\"ListItem\",\"position\":2,\"name\":\"Le meilleur assemblage de merlot vient du Vully!\"}]},{\"@type\":\"WebSite\",\"@id\":\"https:\/\/thomasvino.ch\/#website\",\"url\":\"https:\/\/thomasvino.ch\/\",\"name\":\"thomasvino\",\"description\":\"Vins &amp; Gastronomie\",\"potentialAction\":[{\"@type\":\"SearchAction\",\"target\":{\"@type\":\"EntryPoint\",\"urlTemplate\":\"https:\/\/thomasvino.ch\/?s={search_term_string}\"},\"query-input\":\"required name=search_term_string\"}],\"inLanguage\":\"fr-FR\"},{\"@type\":\"Person\",\"@id\":\"https:\/\/thomasvino.ch\/#\/schema\/person\/670bf4486fe81152cf1d68bd585e062e\",\"name\":\"Pierre Thomas\",\"image\":{\"@type\":\"ImageObject\",\"inLanguage\":\"fr-FR\",\"@id\":\"https:\/\/thomasvino.ch\/#\/schema\/person\/image\/\",\"url\":\"https:\/\/secure.gravatar.com\/avatar\/91fd5a76647f140e53db987a0dead4d7?s=96&d=mm&r=g\",\"contentUrl\":\"https:\/\/secure.gravatar.com\/avatar\/91fd5a76647f140e53db987a0dead4d7?s=96&d=mm&r=g\",\"caption\":\"Pierre Thomas\"},\"url\":\"https:\/\/thomasvino.ch\/?author=3\"}]}<\/script>\n<!-- \/ Yoast SEO plugin. -->","yoast_head_json":{"title":"Le meilleur assemblage de merlot vient du Vully! - thomasvino","robots":{"index":"index","follow":"follow","max-snippet":"max-snippet:-1","max-image-preview":"max-image-preview:large","max-video-preview":"max-video-preview:-1"},"canonical":"https:\/\/thomasvino.ch\/?p=12776","og_locale":"fr_FR","og_type":"article","og_title":"Le meilleur assemblage de merlot vient du Vully! - thomasvino","og_description":"Le Domaine Le Petit Ch\u00e2teau Simonet P\u00e8re et Fils \u00e0 M\u00f4tier dans le Vully (FR) communique qu\u2019il a d\u00e9croch\u00e9 une m\u00e9daille d\u2019or et la distinction de \u00abmeilleur assemblage \u00bb \u00e0 base de merlot, au concours Mondial du Merlot &amp; Assemblages. La proclamation des r\u00e9sultats a eu lieu le mercredi 20 mai 2015, \u00e0 Zurich. Ce [&hellip;]","og_url":"https:\/\/thomasvino.ch\/?p=12776","og_site_name":"thomasvino","article_published_time":"2015-05-20T16:42:14+00:00","author":"Pierre Thomas","twitter_misc":{"\u00c9crit par":"Pierre Thomas","Dur\u00e9e de lecture estim\u00e9e":"1 minute"},"schema":{"@context":"https:\/\/schema.org","@graph":[{"@type":"WebPage","@id":"https:\/\/thomasvino.ch\/?p=12776","url":"https:\/\/thomasvino.ch\/?p=12776","name":"Le meilleur assemblage de merlot vient du Vully! - thomasvino","isPartOf":{"@id":"https:\/\/thomasvino.ch\/#website"},"datePublished":"2015-05-20T16:42:14+00:00","dateModified":"2015-05-20T16:42:14+00:00","author":{"@id":"https:\/\/thomasvino.ch\/#\/schema\/person\/670bf4486fe81152cf1d68bd585e062e"},"breadcrumb":{"@id":"https:\/\/thomasvino.ch\/?p=12776#breadcrumb"},"inLanguage":"fr-FR","potentialAction":[{"@type":"ReadAction","target":["https:\/\/thomasvino.ch\/?p=12776"]}]},{"@type":"BreadcrumbList","@id":"https:\/\/thomasvino.ch\/?p=12776#breadcrumb","itemListElement":[{"@type":"ListItem","position":1,"name":"Accueil","item":"https:\/\/thomasvino.ch\/"},{"@type":"ListItem","position":2,"name":"Le meilleur assemblage de merlot vient du Vully!"}]},{"@type":"WebSite","@id":"https:\/\/thomasvino.ch\/#website","url":"https:\/\/thomasvino.ch\/","name":"thomasvino","description":"Vins &amp; Gastronomie","potentialAction":[{"@type":"SearchAction","target":{"@type":"EntryPoint","urlTemplate":"https:\/\/thomasvino.ch\/?s={search_term_string}"},"query-input":"required name=search_term_string"}],"inLanguage":"fr-FR"},{"@type":"Person","@id":"https:\/\/thomasvino.ch\/#\/schema\/person\/670bf4486fe81152cf1d68bd585e062e","name":"Pierre Thomas","image":{"@type":"ImageObject","inLanguage":"fr-FR","@id":"https:\/\/thomasvino.ch\/#\/schema\/person\/image\/","url":"https:\/\/secure.gravatar.com\/avatar\/91fd5a76647f140e53db987a0dead4d7?s=96&d=mm&r=g","contentUrl":"https:\/\/secure.gravatar.com\/avatar\/91fd5a76647f140e53db987a0dead4d7?s=96&d=mm&r=g","caption":"Pierre Thomas"},"url":"https:\/\/thomasvino.ch\/?author=3"}]}},"jetpack_featured_media_url":"","jetpack_sharing_enabled":true,"jetpack_shortlink":"https:\/\/wp.me\/p3m4tZ-3k4","jetpack_likes_enabled":false,"jetpack-related-posts":[{"id":12529,"url":"https:\/\/thomasvino.ch\/?p=12529","url_meta":{"origin":12776,"position":0},"title":"Concours international du Gamay  Trois m\u00e9dailles d\u2019or suisse","date":"27 janvier 2015","format":false,"excerpt":"C\u2019est un gamay 2014 Antica Vieilles Vignes 2014 du Domaine de Prapin, dans l\u2019AOP Coteaux du Lyonnais qui a remport\u00e9 le titre de \u00abmeilleur gamay du monde\u00bb au concours inrternational de ce c\u00e9page, \u00e0 Lyon, le samedi 17 janvier 2015. Trois vins suisses se sont distingu\u00e9s\u00a0: deux vaudois des C\u00f4tes-de-l\u2019Orbe,\u2026","rel":"","context":"Dans &quot;Actus - News&quot;","img":{"alt_text":"","src":"","width":0,"height":0},"classes":[]},{"id":11161,"url":"https:\/\/thomasvino.ch\/?p=11161","url_meta":{"origin":12776,"position":1},"title":"Vendanges dans le Vully  la f\u00eate avant la r\u00e9colte!","date":"17 septembre 2013","format":false,"excerpt":"La 33\u00e8me F\u00eate des vendanges du Vully aura lieu dans le vieux village de Praz, au bord du lac de Morat, les 21 et 22 septembre. Avec pour th\u00e8me des deux cort\u00e8ges, du samedi apr\u00e8s-midi, r\u00e9serv\u00e9 aux enfants, et du dimanche, \u2026le carnaval, en principe f\u00eat\u00e9 avant le Car\u00eame, \u00e0\u2026","rel":"","context":"Dans &quot;Actus - News&quot;","img":{"alt_text":"","src":"","width":0,"height":0},"classes":[]},{"id":10790,"url":"https:\/\/thomasvino.ch\/?p=10790","url_meta":{"origin":12776,"position":2},"title":"De l&rsquo;or \u00absuisse\u00bb \u00e0 Bordeaux, Qu\u00e9bec et Ampuis","date":"6 juin 2013","format":false,"excerpt":"On le sait, les concours se multiplient tous azimuts. Peu pris\u00e9 des Romands, les Citadelles, \u00e0 Bordeaux, ont souri \u00e0 Provins-Valais, qui a d\u00e9croch\u00e9 trois m\u00e9dailles d\u2019or, avec le Rouge d\u2019Enfer R\u00e9serve (\u00e9levage prolong\u00e9) 2008, l\u2019assemblage Apologia 2011 et le liquoreux souvent distingu\u00e9, Domaine de Tourbillon 2008. Joli exploit du\u2026","rel":"","context":"Dans &quot;Actus - News&quot;","img":{"alt_text":"","src":"","width":0,"height":0},"classes":[]},{"id":12782,"url":"https:\/\/thomasvino.ch\/?p=12782","url_meta":{"origin":12776,"position":3},"title":"Concours : Suisse par Suisse, c\u00e9page par c\u00e9page","date":"26 mai 2015","format":false,"excerpt":"Les concours internationaux par c\u00e9pages se d\u00e9roulent aux quatre coins de l\u2019Europe, avec des fortunes diverses. En cette fin main 2015, le Mondial du Merlot et assemblages, Syrah du Monde et le Concours Mondial du Sauvignon ont livr\u00e9 leurs verdicts. Les vins suisses y ont brill\u00e9 de fa\u00e7on contrast\u00e9e. Il\u2026","rel":"","context":"Dans &quot;Actus - News&quot;","img":{"alt_text":"","src":"","width":0,"height":0},"classes":[]},{"id":12010,"url":"https:\/\/thomasvino.ch\/?p=12010","url_meta":{"origin":12776,"position":4},"title":"M\u00e9dailles d&rsquo;or \u00e0 g\u00e9ographie(s) variable(s)","date":"22 mai 2014","format":false,"excerpt":"Les Concours internationaux se succ\u00e8dent. Apr\u00e8s les grands rendez-vous internationaux et g\u00e9n\u00e9ralistes (Concours Mondial de Bruxelles, Vinalies de Paris), les plus sp\u00e9cifiques, par c\u00e9pages (Sauvignons, Syrah, Merlot, bient\u00f4t Chasselas et Pinot), en attendant les s\u00e9lections cantonales, puis le Grand Prix du Vin suisse. Mais aussi les Citadelles du Vin, dans\u2026","rel":"","context":"Dans &quot;Actus - News&quot;","img":{"alt_text":"","src":"","width":0,"height":0},"classes":[]},{"id":9223,"url":"https:\/\/thomasvino.ch\/?p=9223","url_meta":{"origin":12776,"position":5},"title":"GPVS 2011: l&rsquo;exploit du Vully","date":"25 ao\u00fbt 2011","format":false,"excerpt":"GPVS 2011 L'exploit du \u00abpetit\u00bb Vully C\u2019est un v\u00e9ritable exploit qu\u2019ont r\u00e9ussi deux domaines du Vully fribourgeois, en se qualifiant pour la finale du Grand Prix du Vin Suisse. Le r\u00e9sultat sera d\u00e9voil\u00e9 \u00e0 Berne, le soir du mardi 25 octobre 2011. Lors du concours, jou\u00e9 \u00e0 Sierre d\u00e9but juillet,\u2026","rel":"","context":"Dans &quot;Actus - News&quot;","img":{"alt_text":"","src":"","width":0,"height":0},"classes":[]}],"_links":{"self":[{"href":"https:\/\/thomasvino.ch\/index.php?rest_route=\/wp\/v2\/posts\/12776"}],"collection":[{"href":"https:\/\/thomasvino.ch\/index.php?rest_route=\/wp\/v2\/posts"}],"about":[{"href":"https:\/\/thomasvino.ch\/index.php?rest_route=\/wp\/v2\/types\/post"}],"author":[{"embeddable":true,"href":"https:\/\/thomasvino.ch\/index.php?rest_route=\/wp\/v2\/users\/3"}],"replies":[{"embeddable":true,"href":"https:\/\/thomasvino.ch\/index.php?rest_route=%2Fwp%2Fv2%2Fcomments&post=12776"}],"version-history":[{"count":0,"href":"https:\/\/thomasvino.ch\/index.php?rest_route=\/wp\/v2\/posts\/12776\/revisions"}],"wp:attachment":[{"href":"https:\/\/thomasvino.ch\/index.php?rest_route=%2Fwp%2Fv2%2Fmedia&parent=12776"}],"wp:term":[{"taxonomy":"category","embeddable":true,"href":"https:\/\/thomasvino.ch\/index.php?rest_route=%2Fwp%2Fv2%2Fcategories&post=12776"},{"taxonomy":"post_tag","embeddable":true,"href":"https:\/\/thomasvino.ch\/index.php?rest_route=%2Fwp%2Fv2%2Ftags&post=12776"}],"curies":[{"name":"wp","href":"https:\/\/api.w.org\/{rel}","templated":true}]}}