{"id":12795,"date":"2015-06-14T12:34:07","date_gmt":"2015-06-14T11:34:07","guid":{"rendered":"http:\/\/www.thomasvino.ch\/?p=12795"},"modified":"2015-06-14T12:34:07","modified_gmt":"2015-06-14T11:34:07","slug":"lavaux-a-lunesco-votre-avis-les-interesse","status":"publish","type":"post","link":"https:\/\/thomasvino.ch\/?p=12795","title":{"rendered":"Lavaux \u00e0 l&rsquo;UNESCO: votre avis les int\u00e9resse!"},"content":{"rendered":"<p>Lavaux, vignoble en terrasses, est inscrit au Patrimoine mondail de l&rsquo;UNESCO depuis 2007. \u00abSo what?\u00bb, comme on dit en anglais&#8230; Eh bien, pour le savoir et esquisser un\u00a0projet de \u00abmarketing strat\u00e9gique\u00bb intitul\u00e9 <em>\u00abUne strat\u00e9gie marketing de produit de terroir : de la valeur patrimoniale du site Lavaux UNESCO \u00e0 la mise en valeur de son produit ic\u00f4ne : le vin de Lavaux\u00bb<\/em>, les gestionnaires du site inscrit \u00e0 l&rsquo;UNESCO et la Communaut\u00e9 interprofessionnelle de la vigne et des vins de Lavaux (CVVL) ont besoin de l&rsquo;avis de tous, consommateurs y compris. On relaie volontiers le lien de ce questionnaire, qu&rsquo;il faut remplir en ligne:<\/p>\n<p>\u2014 <a href=\"http:\/\/freeonlinesurveys.com\/s\/OTBeWXO6\">en fran\u00e7ais<\/a><\/p>\n<p>\u2014 <a href=\"http:\/\/freeonlinesurveys.com\/s\/pX6fxWsc\">en anglais <\/a><\/p>\n<p>\u2014 <a href=\"http:\/\/freeonlinesurveys.com\/s\/Wp9gHh4y\">en allemand<\/a><\/p>\n<p>N&rsquo;ayez pas peur de r\u00e9pondre en toute transparence!<\/p>\n<p><em>\u00a9thomasvino.ch<\/em><\/p>\n","protected":false},"excerpt":{"rendered":"<p>Lavaux, vignoble en terrasses, est inscrit au Patrimoine mondail de l&rsquo;UNESCO depuis 2007. \u00abSo what?\u00bb, comme on dit en anglais&#8230; Eh bien, pour le savoir et esquisser un\u00a0projet de \u00abmarketing strat\u00e9gique\u00bb intitul\u00e9 \u00abUne strat\u00e9gie marketing de produit de terroir : de la valeur patrimoniale du site Lavaux UNESCO \u00e0 la mise en valeur de son [&hellip;]<\/p>\n","protected":false},"author":3,"featured_media":0,"comment_status":"closed","ping_status":"open","sticky":false,"template":"","format":"standard","meta":{"_monsterinsights_skip_tracking":false,"_monsterinsights_sitenote_active":false,"_monsterinsights_sitenote_note":"","_monsterinsights_sitenote_category":0,"jetpack_post_was_ever_published":false,"jetpack_publicize_message":"","jetpack_is_tweetstorm":false,"jetpack_publicize_feature_enabled":true,"jetpack_social_post_already_shared":true,"jetpack_social_options":{"image_generator_settings":{"template":"highway","enabled":false}}},"categories":[15],"tags":[],"jetpack_publicize_connections":[],"yoast_head":"<!-- This site is optimized with the Yoast SEO plugin v20.6 - https:\/\/yoast.com\/wordpress\/plugins\/seo\/ -->\n<title>Lavaux \u00e0 l&#039;UNESCO: votre avis les int\u00e9resse! - thomasvino<\/title>\n<meta name=\"robots\" content=\"index, follow, max-snippet:-1, max-image-preview:large, max-video-preview:-1\" \/>\n<link rel=\"canonical\" href=\"https:\/\/thomasvino.ch\/?p=12795\" \/>\n<meta property=\"og:locale\" content=\"fr_FR\" \/>\n<meta property=\"og:type\" content=\"article\" \/>\n<meta property=\"og:title\" content=\"Lavaux \u00e0 l&#039;UNESCO: votre avis les int\u00e9resse! - thomasvino\" \/>\n<meta property=\"og:description\" content=\"Lavaux, vignoble en terrasses, est inscrit au Patrimoine mondail de l&rsquo;UNESCO depuis 2007. \u00abSo what?\u00bb, comme on dit en anglais&#8230; Eh bien, pour le savoir et esquisser un\u00a0projet de \u00abmarketing strat\u00e9gique\u00bb intitul\u00e9 \u00abUne strat\u00e9gie marketing de produit de terroir : de la valeur patrimoniale du site Lavaux UNESCO \u00e0 la mise en valeur de son [&hellip;]\" \/>\n<meta property=\"og:url\" content=\"https:\/\/thomasvino.ch\/?p=12795\" \/>\n<meta property=\"og:site_name\" content=\"thomasvino\" \/>\n<meta property=\"article:published_time\" content=\"2015-06-14T11:34:07+00:00\" \/>\n<meta name=\"author\" content=\"Pierre Thomas\" \/>\n<meta name=\"twitter:label1\" content=\"\u00c9crit par\" \/>\n\t<meta name=\"twitter:data1\" content=\"Pierre Thomas\" \/>\n\t<meta name=\"twitter:label2\" content=\"Dur\u00e9e de lecture estim\u00e9e\" \/>\n\t<meta name=\"twitter:data2\" content=\"1 minute\" \/>\n<script type=\"application\/ld+json\" class=\"yoast-schema-graph\">{\"@context\":\"https:\/\/schema.org\",\"@graph\":[{\"@type\":\"WebPage\",\"@id\":\"https:\/\/thomasvino.ch\/?p=12795\",\"url\":\"https:\/\/thomasvino.ch\/?p=12795\",\"name\":\"Lavaux \u00e0 l'UNESCO: votre avis les int\u00e9resse! - thomasvino\",\"isPartOf\":{\"@id\":\"https:\/\/thomasvino.ch\/#website\"},\"datePublished\":\"2015-06-14T11:34:07+00:00\",\"dateModified\":\"2015-06-14T11:34:07+00:00\",\"author\":{\"@id\":\"https:\/\/thomasvino.ch\/#\/schema\/person\/670bf4486fe81152cf1d68bd585e062e\"},\"breadcrumb\":{\"@id\":\"https:\/\/thomasvino.ch\/?p=12795#breadcrumb\"},\"inLanguage\":\"fr-FR\",\"potentialAction\":[{\"@type\":\"ReadAction\",\"target\":[\"https:\/\/thomasvino.ch\/?p=12795\"]}]},{\"@type\":\"BreadcrumbList\",\"@id\":\"https:\/\/thomasvino.ch\/?p=12795#breadcrumb\",\"itemListElement\":[{\"@type\":\"ListItem\",\"position\":1,\"name\":\"Accueil\",\"item\":\"https:\/\/thomasvino.ch\/\"},{\"@type\":\"ListItem\",\"position\":2,\"name\":\"Lavaux \u00e0 l&rsquo;UNESCO: votre avis les int\u00e9resse!\"}]},{\"@type\":\"WebSite\",\"@id\":\"https:\/\/thomasvino.ch\/#website\",\"url\":\"https:\/\/thomasvino.ch\/\",\"name\":\"thomasvino\",\"description\":\"Vins &amp; Gastronomie\",\"potentialAction\":[{\"@type\":\"SearchAction\",\"target\":{\"@type\":\"EntryPoint\",\"urlTemplate\":\"https:\/\/thomasvino.ch\/?s={search_term_string}\"},\"query-input\":\"required name=search_term_string\"}],\"inLanguage\":\"fr-FR\"},{\"@type\":\"Person\",\"@id\":\"https:\/\/thomasvino.ch\/#\/schema\/person\/670bf4486fe81152cf1d68bd585e062e\",\"name\":\"Pierre Thomas\",\"image\":{\"@type\":\"ImageObject\",\"inLanguage\":\"fr-FR\",\"@id\":\"https:\/\/thomasvino.ch\/#\/schema\/person\/image\/\",\"url\":\"https:\/\/secure.gravatar.com\/avatar\/91fd5a76647f140e53db987a0dead4d7?s=96&d=mm&r=g\",\"contentUrl\":\"https:\/\/secure.gravatar.com\/avatar\/91fd5a76647f140e53db987a0dead4d7?s=96&d=mm&r=g\",\"caption\":\"Pierre Thomas\"},\"url\":\"https:\/\/thomasvino.ch\/?author=3\"}]}<\/script>\n<!-- \/ Yoast SEO plugin. -->","yoast_head_json":{"title":"Lavaux \u00e0 l'UNESCO: votre avis les int\u00e9resse! - thomasvino","robots":{"index":"index","follow":"follow","max-snippet":"max-snippet:-1","max-image-preview":"max-image-preview:large","max-video-preview":"max-video-preview:-1"},"canonical":"https:\/\/thomasvino.ch\/?p=12795","og_locale":"fr_FR","og_type":"article","og_title":"Lavaux \u00e0 l'UNESCO: votre avis les int\u00e9resse! - thomasvino","og_description":"Lavaux, vignoble en terrasses, est inscrit au Patrimoine mondail de l&rsquo;UNESCO depuis 2007. \u00abSo what?\u00bb, comme on dit en anglais&#8230; Eh bien, pour le savoir et esquisser un\u00a0projet de \u00abmarketing strat\u00e9gique\u00bb intitul\u00e9 \u00abUne strat\u00e9gie marketing de produit de terroir : de la valeur patrimoniale du site Lavaux UNESCO \u00e0 la mise en valeur de son [&hellip;]","og_url":"https:\/\/thomasvino.ch\/?p=12795","og_site_name":"thomasvino","article_published_time":"2015-06-14T11:34:07+00:00","author":"Pierre Thomas","twitter_misc":{"\u00c9crit par":"Pierre Thomas","Dur\u00e9e de lecture estim\u00e9e":"1 minute"},"schema":{"@context":"https:\/\/schema.org","@graph":[{"@type":"WebPage","@id":"https:\/\/thomasvino.ch\/?p=12795","url":"https:\/\/thomasvino.ch\/?p=12795","name":"Lavaux \u00e0 l'UNESCO: votre avis les int\u00e9resse! - thomasvino","isPartOf":{"@id":"https:\/\/thomasvino.ch\/#website"},"datePublished":"2015-06-14T11:34:07+00:00","dateModified":"2015-06-14T11:34:07+00:00","author":{"@id":"https:\/\/thomasvino.ch\/#\/schema\/person\/670bf4486fe81152cf1d68bd585e062e"},"breadcrumb":{"@id":"https:\/\/thomasvino.ch\/?p=12795#breadcrumb"},"inLanguage":"fr-FR","potentialAction":[{"@type":"ReadAction","target":["https:\/\/thomasvino.ch\/?p=12795"]}]},{"@type":"BreadcrumbList","@id":"https:\/\/thomasvino.ch\/?p=12795#breadcrumb","itemListElement":[{"@type":"ListItem","position":1,"name":"Accueil","item":"https:\/\/thomasvino.ch\/"},{"@type":"ListItem","position":2,"name":"Lavaux \u00e0 l&rsquo;UNESCO: votre avis les int\u00e9resse!"}]},{"@type":"WebSite","@id":"https:\/\/thomasvino.ch\/#website","url":"https:\/\/thomasvino.ch\/","name":"thomasvino","description":"Vins &amp; Gastronomie","potentialAction":[{"@type":"SearchAction","target":{"@type":"EntryPoint","urlTemplate":"https:\/\/thomasvino.ch\/?s={search_term_string}"},"query-input":"required name=search_term_string"}],"inLanguage":"fr-FR"},{"@type":"Person","@id":"https:\/\/thomasvino.ch\/#\/schema\/person\/670bf4486fe81152cf1d68bd585e062e","name":"Pierre Thomas","image":{"@type":"ImageObject","inLanguage":"fr-FR","@id":"https:\/\/thomasvino.ch\/#\/schema\/person\/image\/","url":"https:\/\/secure.gravatar.com\/avatar\/91fd5a76647f140e53db987a0dead4d7?s=96&d=mm&r=g","contentUrl":"https:\/\/secure.gravatar.com\/avatar\/91fd5a76647f140e53db987a0dead4d7?s=96&d=mm&r=g","caption":"Pierre Thomas"},"url":"https:\/\/thomasvino.ch\/?author=3"}]}},"jetpack_featured_media_url":"","jetpack_sharing_enabled":true,"jetpack_shortlink":"https:\/\/wp.me\/p3m4tZ-3kn","jetpack_likes_enabled":false,"jetpack-related-posts":[{"id":10828,"url":"https:\/\/thomasvino.ch\/?p=10828","url_meta":{"origin":12795,"position":0},"title":"Lavaux-Unesco: du LP \u00e0 LPm","date":"13 juin 2013","format":false,"excerpt":"A la veille d\u2019une probable votation populaire vaudoise sur l\u2019initiative de Franz Weber, (lire notre document d'archives de 2009 sur ce\u00a0 Lavaux 3), l\u2019association Lavaux Patrimoine mondial s\u2019est cr\u00e9\u00e9e, le 12 juin 2013, et a pris le relais de la Commission intercommunale de Lavaux (CIL). La CIL \u00e9tait pr\u00e9sid\u00e9e par\u2026","rel":"","context":"Dans &quot;Vins suisses&quot;","img":{"alt_text":"","src":"https:\/\/i0.wp.com\/www.thomasvino.ch\/wp-content\/uploads\/2013\/06\/site_estop_gauer-300x207.jpg?resize=350%2C200","width":350,"height":200},"classes":[]},{"id":9989,"url":"https:\/\/thomasvino.ch\/?p=9989","url_meta":{"origin":12795,"position":1},"title":"Lavaux au Patrimoine de l&rsquo;UNESCO: quid des vins?","date":"2 juillet 2007","format":false,"excerpt":"Inscrit au Patrimoine mondialLavaux au pinacleInscrit au Patrimoine mondial de l\u2019UNESCO d\u00e8s le 27 juin 2007, qu\u2019est-ce qui va changer pour les vignerons de la r\u00e9gion viticole de Lavaux ? Le lendemain de l\u2019annonce tant attendue, un vigneron-encaveur de Cully, Fr\u00e9d\u00e9ric Blondel, de la Cave de la Cour (4 hectares),\u2026","rel":"","context":"Dans &quot;Actus - News&quot;","img":{"alt_text":"","src":"","width":0,"height":0},"classes":[]},{"id":12052,"url":"https:\/\/thomasvino.ch\/?p=12052","url_meta":{"origin":12795,"position":2},"title":"Le Pi\u00e9mont viticole au Patrimoine mondial de l\u2019UNESCO","date":"23 juin 2014","format":false,"excerpt":"Le paysage viticole des Langhe, du Roero et du Monferatto, au si riche Pi\u00e9mont \u0153nogastronomique, entre Asti et Alba, est devenu le 50\u00e8me objet italien inscrit au Patrimoine mondial de l\u2019UNESCO, en ce mois de juin 2014, \u00e0 Doha. Selon le ministre italien de la politique agricole, alimentaire et foresti\u00e8re,\u2026","rel":"","context":"Dans &quot;Actus - News&quot;","img":{"alt_text":"","src":"","width":0,"height":0},"classes":[]},{"id":14556,"url":"https:\/\/thomasvino.ch\/?p=14556","url_meta":{"origin":12795,"position":3},"title":"Lavaux f\u00eate 10 ans d\u2019UNESCO, avec ses habitants","date":"3 septembre 2017","format":false,"excerpt":"Avant la F\u00eate des vignerons \u00e0 Vevey, rituel lui aussi inscrit au Patrimoine (immat\u00e9riel) de l\u2019UNESCO, dans deux ans, Cully a c\u00e9l\u00e9br\u00e9 le samedi 9 et le dimanche 10 septembre, les dix ans de l\u2019inscription de Lavaux au Patrimoine mondial par l\u2019UNESCO. La f\u00eate \u00e9tait destin\u00e9e aux habitants. A cause\u2026","rel":"","context":"Dans &quot;Actus - News&quot;","img":{"alt_text":"","src":"https:\/\/i0.wp.com\/thomasvino.ch\/wp-content\/uploads\/2017\/09\/IMG_4440-300x225.jpg?resize=350%2C200&ssl=1","width":350,"height":200},"classes":[]},{"id":8935,"url":"https:\/\/thomasvino.ch\/?p=8935","url_meta":{"origin":12795,"position":4},"title":"Franz Weber anime le feuilleton de l\u2019\u00e9t\u00e9 09","date":"27 ao\u00fbt 2009","format":false,"excerpt":"Pour les Vaudois, Franz Weber, \u00abguest star\u00bb de Montreux, a anim\u00e9 le feuilleton de l\u2019\u00e9t\u00e9 2009. Le 7 ao\u00fbt, il a d\u00e9pos\u00e9 les signatures \u00e0 l\u2019appui de \u00abSauvez Lavaux III\u00bb, dont 16\u2019829 ont \u00e9t\u00e9 reconnues valables. Les Vaudois voteront donc une troisi\u00e8me fois sur le sujet. Pierre Thomas a suivi\u2026","rel":"","context":"Dans &quot;Vins suisses&quot;","img":{"alt_text":"","src":"","width":0,"height":0},"classes":[]},{"id":12680,"url":"https:\/\/thomasvino.ch\/?p=12680","url_meta":{"origin":12795,"position":5},"title":"La F\u00eate des vignerons candidate au \u00abpatrimoine immat\u00e9riel\u00bb de l\u2019UNESCO","date":"1 avril 2015","format":false,"excerpt":"La F\u00eate des vignerons de Vevey sera-t-elle la premi\u00e8re tradition suisse inscrite au Patrimoine culturel immat\u00e9riel de l\u2019UNESCO\u00a0? La r\u00e9ponse tombera en novembre 2016, mais le dossier est dans le pipeline. Dans 24 Heures du 30 mars, l\u2019historienne Sabine Carruzzo, secr\u00e9taire de la Confr\u00e9rie des Vignerons de Vevey, d\u00e9clare\u00a0: \u00abAvec\u2026","rel":"","context":"Dans &quot;Actus - News&quot;","img":{"alt_text":"","src":"","width":0,"height":0},"classes":[]}],"_links":{"self":[{"href":"https:\/\/thomasvino.ch\/index.php?rest_route=\/wp\/v2\/posts\/12795"}],"collection":[{"href":"https:\/\/thomasvino.ch\/index.php?rest_route=\/wp\/v2\/posts"}],"about":[{"href":"https:\/\/thomasvino.ch\/index.php?rest_route=\/wp\/v2\/types\/post"}],"author":[{"embeddable":true,"href":"https:\/\/thomasvino.ch\/index.php?rest_route=\/wp\/v2\/users\/3"}],"replies":[{"embeddable":true,"href":"https:\/\/thomasvino.ch\/index.php?rest_route=%2Fwp%2Fv2%2Fcomments&post=12795"}],"version-history":[{"count":0,"href":"https:\/\/thomasvino.ch\/index.php?rest_route=\/wp\/v2\/posts\/12795\/revisions"}],"wp:attachment":[{"href":"https:\/\/thomasvino.ch\/index.php?rest_route=%2Fwp%2Fv2%2Fmedia&parent=12795"}],"wp:term":[{"taxonomy":"category","embeddable":true,"href":"https:\/\/thomasvino.ch\/index.php?rest_route=%2Fwp%2Fv2%2Fcategories&post=12795"},{"taxonomy":"post_tag","embeddable":true,"href":"https:\/\/thomasvino.ch\/index.php?rest_route=%2Fwp%2Fv2%2Ftags&post=12795"}],"curies":[{"name":"wp","href":"https:\/\/api.w.org\/{rel}","templated":true}]}}