{"id":12849,"date":"2015-06-25T16:35:25","date_gmt":"2015-06-25T15:35:25","guid":{"rendered":"http:\/\/www.thomasvino.ch\/?p=12849"},"modified":"2015-06-25T16:37:50","modified_gmt":"2015-06-25T15:37:50","slug":"20-ans-de-la-baronnie-du-dezaley-les-vertus-de-lage","status":"publish","type":"post","link":"https:\/\/thomasvino.ch\/?p=12849","title":{"rendered":"20 ans de la Baronnie du D\u00e9zaley <br\/ > Les vertus de l\u2019\u00e2ge"},"content":{"rendered":"<p><strong>Tout au long de cette ann\u00e9e 2015, les 12 producteurs de la Baronnie du D\u00e9zaley, AOC Grand Cru, f\u00eatent leurs vingt ans. Dire que l\u2019\u00e2ge n\u2019a pas de prise sur le \u00abroi des chasselas\u00bb serait une m\u00e9prise\u00a0: les \u00abbarons\u00bb en tirent, au contraire, un argument et revoient r\u00e9guli\u00e8rement la cotation des mill\u00e9simes. Encore faut-il \u00eatre sensible \u00e0 ces \u00abvieux mill\u00e9simes\u00bb (<em>lire un avis pour le moins discordant tout en bas&#8230;<\/em>).<br \/>\n<\/strong><\/p>\n<p>On conna\u00eet ces tabelles qui n\u2019engagent \u00e0 rien et distribuent les \u00e9toiles \u00e0 tout va. Les mill\u00e9simes \u00e9voluent. Pour \u00eatre consid\u00e9r\u00e9 comme \u00abgrand\u00bb selon la nomenclature de la Baronnie, pr\u00e9sid\u00e9e par <strong>Luc Massy<\/strong>, un mill\u00e9sime doit passer sept ans complet de purgatoire. Or donc, cette ann\u00e9e, une petite commission pr\u00e9sid\u00e9e par <strong>Fran\u00e7ois Murisier<\/strong> a cot\u00e9 les derniers mill\u00e9simes, en juin, et en a revu quatre autres. Verdict\u00a0: le 2006 est laiss\u00e9 au purgatoire et le 2007 jug\u00e9 \u00e0 trois \u00e9toiles (sur cinq). Quatre vins sont appr\u00e9ci\u00e9s \u00e0 l\u2019aveugle, deux choisis parmi les membres du groupement, deux autres parmi les producteurs (ils sont une soixantaine). Soumis \u00e0 la sagacit\u00e9 de ce jury, 1997 et 1996 ont \u00e9t\u00e9 confirm\u00e9s \u00e0 quatre et trois \u00e9toiles. Mais chambardement en remontant le temps\u00a0: les 1987, gratifi\u00e9s d\u2019une seule petite \u00e9toiles, en gagne une alors que 1986 tombe \u00e0 trois \u00e9toiles. Ces grands mill\u00e9simes ont droit \u00e0 une cravate verte autour du col de la bouteille, munie d\u2019un sceau de cire portant l\u2019ann\u00e9e.<\/p>\n<p><a href=\"https:\/\/i0.wp.com\/www.thomasvino.ch\/wp-content\/uploads\/2015\/06\/dez_baron_caisse.jpg\"><img data-attachment-id=\"12850\" data-permalink=\"https:\/\/thomasvino.ch\/?attachment_id=12850\" data-orig-file=\"https:\/\/i0.wp.com\/thomasvino.ch\/wp-content\/uploads\/2015\/06\/dez_baron_caisse.jpg?fit=381%2C300&amp;ssl=1\" data-orig-size=\"381,300\" data-comments-opened=\"0\" data-image-meta=\"{&quot;aperture&quot;:&quot;0&quot;,&quot;credit&quot;:&quot;&quot;,&quot;camera&quot;:&quot;&quot;,&quot;caption&quot;:&quot;&quot;,&quot;created_timestamp&quot;:&quot;0&quot;,&quot;copyright&quot;:&quot;&quot;,&quot;focal_length&quot;:&quot;0&quot;,&quot;iso&quot;:&quot;0&quot;,&quot;shutter_speed&quot;:&quot;0&quot;,&quot;title&quot;:&quot;&quot;,&quot;orientation&quot;:&quot;0&quot;}\" data-image-title=\"dez_baron_caisse\" data-image-description=\"\" data-image-caption=\"\" data-medium-file=\"https:\/\/i0.wp.com\/thomasvino.ch\/wp-content\/uploads\/2015\/06\/dez_baron_caisse.jpg?fit=300%2C236&amp;ssl=1\" data-large-file=\"https:\/\/i0.wp.com\/thomasvino.ch\/wp-content\/uploads\/2015\/06\/dez_baron_caisse.jpg?fit=381%2C300&amp;ssl=1\" loading=\"lazy\" class=\"aligncenter size-medium wp-image-12850\" src=\"https:\/\/i0.wp.com\/www.thomasvino.ch\/wp-content\/uploads\/2015\/06\/dez_baron_caisse-300x236.jpg?resize=300%2C236\" alt=\"dez_baron_caisse\" width=\"300\" height=\"236\" srcset=\"https:\/\/i0.wp.com\/thomasvino.ch\/wp-content\/uploads\/2015\/06\/dez_baron_caisse.jpg?resize=300%2C236&amp;ssl=1 300w, https:\/\/i0.wp.com\/thomasvino.ch\/wp-content\/uploads\/2015\/06\/dez_baron_caisse.jpg?w=381&amp;ssl=1 381w\" sizes=\"(max-width: 300px) 100vw, 300px\" data-recalc-dims=\"1\" \/><\/a><\/p>\n<p>Lanc\u00e9e \u00e0 l\u2019initiative de cinq vignerons, la Baronnie, en a r\u00e9uni neuf \u00e0 ses d\u00e9buts en mars 1995, puis est mont\u00e9e \u00e0 12 membres aujourd\u2019hui (qui tous ont sign\u00e9 une charte de respect de la tradition). Le nombre tombe pile, puisque que chaque ann\u00e9e, la Baronnie propose une caisse du mill\u00e9sime, avec une bouteille de chacun des membres. La 2013 est en vente \u00e0 310 francs, et il reste encore des caisses de 2006 (490 fr.), 2005, l\u2019ann\u00e9e de la gr\u00eale et donc d\u2019une s\u00e9rie limit\u00e9e (660 fr.), 2004 (410 fr.) et 2001 (480 fr.). Les douze producteurs mettent en march\u00e9 quelque 170&rsquo;000 bouteilles. Et le stock des mill\u00e9simes, au-del\u00e0 des deux plus r\u00e9centes ann\u00e9es, doit avoisiner 30&rsquo;000 bouteilles, avec une demande accrue ces derni\u00e8res ann\u00e9es, o\u00f9 <em>\u00ables grands mill\u00e9simes ont largement contribu\u00e9 \u00e0 l\u2019anoblissement du chasselas\u00bb<\/em>.<\/p>\n<p>En remontant le temps, les prix grimpent, passant de 40 francs \u00e0 7 \u2013 10 ans et jusqu\u2019\u00e0 142 fr. pour les derniers 1982 encore disponibles. S\u2019il faut sept ans pour que les \u00abgrands\u00bb d\u00e9zaleys s\u2019expriment, c\u2019est pour que <em>\u00able fruit, la fra\u00eecheur du vin jeune, c\u00e8dent le pas, entre autres, \u00e0 des notes qualifi\u00e9es de min\u00e9rales, de cire d\u2019abeille, de fruits secs, d\u2019amandes, de noisettes.\u00bb<\/em><\/p>\n<p><em>Prochaines manifestations\u00a0: cinq soirs de d\u00e9gustation, du 29 juin au 3 juillet, au Cercle de la Voile de Moratel-Cully, d\u00e8s 17 h. (20 francs), propos\u00e9 par Lambelet et Fils. La Baronnie du D\u00e9zaley organise un brunch du 1<sup>er<\/sup> ao\u00fbt, un samedi, d\u00e8s 11 h. 30 dans la cour de l\u2019\u00e9cole d\u2019Epesses (40 fr. par adulte, vin non compris), inscription \u00e0 <a href=\"mailto:20ans@baronnie.ch\">20ans@baronnie.ch<\/a> jusqu\u2019au 20 juillet 2015.<\/em><\/p>\n<h3>Grands Mill\u00e9simes de la Baronnie (\u00e9tat 2015)<\/h3>\n<p><strong>*****<\/strong><\/p>\n<p>1992, 1990, 1983<\/p>\n<p><strong>****<\/strong><\/p>\n<p>2005, 2003, 2000, 1998, 1997, 1995, 1985<\/p>\n<p><strong>***<\/strong><\/p>\n<p>2007, 1999, 1996, 1989, 1986, 1982 (1<sup>\u00e8re<\/sup> ann\u00e9e qualifi\u00e9e)<\/p>\n<h2>Bon pour les \u00abvieux machos\u00bb!<\/h2>\n<p><strong>Il n\u2019y avait que des hommes \u00e0 la pr\u00e9sentation des \u00abgrands\u00bb mill\u00e9simes des barons du D\u00e9zaley. Auteure d\u2019un livre r\u00e9cent sur le chasselas, avec comme fil rouge Louis-Philippe Bovard, Chandra Kurt n\u2019\u00e9tait pas pr\u00e9sente. Coincidence, dans notre courrier, adress\u00e9 par la F\u00e9d\u00e9ration suisse des aveugles (FSA), on a d\u00e9couvert un texte d\u2019une \u00e9dition sp\u00e9ciale du magazine Le Menu, sous le titre <em>\u00abUne question d\u2019\u00e9tiquette\u00bb<\/em>. Pas piqu\u00e9 des hannetons!<\/strong><\/p>\n<p>On cite\u00a0: <em>\u00abLorsqu\u2019elles d\u00e9gustent, les femmes sont beaucoup plus franches que les hommes\u00a0: elles ont moins de peine \u00e0 avouer que tel ou tel vin leur pla\u00eet moins, ind\u00e9pendamment de l\u2019\u00e9tiquette. S\u2019ils s\u2019int\u00e9ressent aussi au go\u00fbt, les hommes sont \u00e9galement tr\u00e8s, voire encore plus, sensibles \u00e0 l\u2019appellation. Plus un cru est rare, imposant, prestigieux et cher, plus ils lui tressent des louanges. En aucun cas, ils ne reconna\u00eetront qu\u2019il n\u2019est tout simplement pas bon. La gent masculine d\u00e9fendra donc mordicus ces mill\u00e9simes de prestige, m\u00eame s\u2019ils sont inf\u00e9rieurs \u00e0 un vin compl\u00e8tement inconnu. J\u2019ai pu m\u2019en convaincre moi-m\u00eame lors de nombreuses d\u00e9gustations. Pour moi, le statut d\u2019objet culte qu\u2019ont acquis certaines bouteilles d\u00e9passe l\u2019entendement. Elles sont ainsi plac\u00e9es sur un pi\u00e9destal et admir\u00e9es ind\u00e9pendamment de leur qualit\u00e9. Or, la plupart des hommes les pl\u00e9biscitent. (\u2026) Autre sp\u00e9cificit\u00e9 de la client\u00e8le masculine, elle ch\u00e9rit tout particuli\u00e8rement les vieux mill\u00e9simes, de pr\u00e9f\u00e9rence d\u2019un ch\u00e2teau r\u00e9put\u00e9. Peu leur importe que le vin soit d\u00e9j\u00e0 l\u00e9g\u00e8rement oxyd\u00e9 ou domin\u00e9 par des notes tertiaires de champignon, de terre, de cuir ou de tabac. Ce qu\u2019elle convoite par-dessus tout, c\u2019est un cru combinant \u00e2ge v\u00e9n\u00e9rable et raret\u00e9. Si je puis me permettre de donner un conseil aux lectrices, ce serait de laisser les hommes entre eux lorsqu\u2019ils d\u00e9gustent des vins. Les femmes, en effet, ont tendance \u00e0 briser la belle harmonie qui r\u00e8gne dans cette soci\u00e9t\u00e9 virile, surtout lorsque ces messieurs ont bu quelques verres.\u00bb<\/em><\/p>\n<p>Une r\u00e9\u00e9criture de l\u2019improbable proverbe <em>\u00abau royaume des vieux mill\u00e9simes, les jeunes ann\u00e9es sont reines.\u00bb<\/em><\/p>\n<p><em>\u00a9thomasvino.ch<\/em><\/p>\n","protected":false},"excerpt":{"rendered":"<p>Tout au long de cette ann\u00e9e 2015, les 12 producteurs de la Baronnie du D\u00e9zaley, AOC Grand Cru, f\u00eatent leurs vingt ans. Dire que l\u2019\u00e2ge n\u2019a pas de prise sur le \u00abroi des chasselas\u00bb serait une m\u00e9prise\u00a0: les \u00abbarons\u00bb en tirent, au contraire, un argument et revoient r\u00e9guli\u00e8rement la cotation des mill\u00e9simes. Encore faut-il \u00eatre [&hellip;]<\/p>\n","protected":false},"author":3,"featured_media":0,"comment_status":"closed","ping_status":"open","sticky":false,"template":"","format":"standard","meta":{"_monsterinsights_skip_tracking":false,"_monsterinsights_sitenote_active":false,"_monsterinsights_sitenote_note":"","_monsterinsights_sitenote_category":0,"jetpack_post_was_ever_published":false,"jetpack_publicize_message":"","jetpack_is_tweetstorm":false,"jetpack_publicize_feature_enabled":true,"jetpack_social_post_already_shared":true,"jetpack_social_options":{"image_generator_settings":{"template":"highway","enabled":false}}},"categories":[29],"tags":[1058,856,1059,999,480,918],"jetpack_publicize_connections":[],"yoast_head":"<!-- This site is optimized with the Yoast SEO plugin v20.6 - https:\/\/yoast.com\/wordpress\/plugins\/seo\/ -->\n<title>20 ans de la Baronnie du D\u00e9zaley  Les vertus de l\u2019\u00e2ge - thomasvino<\/title>\n<meta name=\"robots\" content=\"index, follow, max-snippet:-1, max-image-preview:large, max-video-preview:-1\" \/>\n<link rel=\"canonical\" href=\"https:\/\/thomasvino.ch\/?p=12849\" \/>\n<meta property=\"og:locale\" content=\"fr_FR\" \/>\n<meta property=\"og:type\" content=\"article\" \/>\n<meta property=\"og:title\" content=\"20 ans de la Baronnie du D\u00e9zaley  Les vertus de l\u2019\u00e2ge - thomasvino\" \/>\n<meta property=\"og:description\" content=\"Tout au long de cette ann\u00e9e 2015, les 12 producteurs de la Baronnie du D\u00e9zaley, AOC Grand Cru, f\u00eatent leurs vingt ans. Dire que l\u2019\u00e2ge n\u2019a pas de prise sur le \u00abroi des chasselas\u00bb serait une m\u00e9prise\u00a0: les \u00abbarons\u00bb en tirent, au contraire, un argument et revoient r\u00e9guli\u00e8rement la cotation des mill\u00e9simes. Encore faut-il \u00eatre [&hellip;]\" \/>\n<meta property=\"og:url\" content=\"https:\/\/thomasvino.ch\/?p=12849\" \/>\n<meta property=\"og:site_name\" content=\"thomasvino\" \/>\n<meta property=\"article:published_time\" content=\"2015-06-25T15:35:25+00:00\" \/>\n<meta property=\"article:modified_time\" content=\"2015-06-25T15:37:50+00:00\" \/>\n<meta property=\"og:image\" content=\"http:\/\/www.thomasvino.ch\/wp-content\/uploads\/2015\/06\/dez_baron_caisse-300x236.jpg\" \/>\n<meta name=\"author\" content=\"Pierre Thomas\" \/>\n<meta name=\"twitter:label1\" content=\"\u00c9crit par\" \/>\n\t<meta name=\"twitter:data1\" content=\"Pierre Thomas\" \/>\n\t<meta name=\"twitter:label2\" content=\"Dur\u00e9e de lecture estim\u00e9e\" \/>\n\t<meta name=\"twitter:data2\" content=\"5 minutes\" \/>\n<script type=\"application\/ld+json\" class=\"yoast-schema-graph\">{\"@context\":\"https:\/\/schema.org\",\"@graph\":[{\"@type\":\"WebPage\",\"@id\":\"https:\/\/thomasvino.ch\/?p=12849\",\"url\":\"https:\/\/thomasvino.ch\/?p=12849\",\"name\":\"20 ans de la Baronnie du D\u00e9zaley Les vertus de l\u2019\u00e2ge - thomasvino\",\"isPartOf\":{\"@id\":\"https:\/\/thomasvino.ch\/#website\"},\"datePublished\":\"2015-06-25T15:35:25+00:00\",\"dateModified\":\"2015-06-25T15:37:50+00:00\",\"author\":{\"@id\":\"https:\/\/thomasvino.ch\/#\/schema\/person\/670bf4486fe81152cf1d68bd585e062e\"},\"breadcrumb\":{\"@id\":\"https:\/\/thomasvino.ch\/?p=12849#breadcrumb\"},\"inLanguage\":\"fr-FR\",\"potentialAction\":[{\"@type\":\"ReadAction\",\"target\":[\"https:\/\/thomasvino.ch\/?p=12849\"]}]},{\"@type\":\"BreadcrumbList\",\"@id\":\"https:\/\/thomasvino.ch\/?p=12849#breadcrumb\",\"itemListElement\":[{\"@type\":\"ListItem\",\"position\":1,\"name\":\"Accueil\",\"item\":\"https:\/\/thomasvino.ch\/\"},{\"@type\":\"ListItem\",\"position\":2,\"name\":\"20 ans de la Baronnie du D\u00e9zaley Les vertus de l\u2019\u00e2ge\"}]},{\"@type\":\"WebSite\",\"@id\":\"https:\/\/thomasvino.ch\/#website\",\"url\":\"https:\/\/thomasvino.ch\/\",\"name\":\"thomasvino\",\"description\":\"Vins &amp; Gastronomie\",\"potentialAction\":[{\"@type\":\"SearchAction\",\"target\":{\"@type\":\"EntryPoint\",\"urlTemplate\":\"https:\/\/thomasvino.ch\/?s={search_term_string}\"},\"query-input\":\"required name=search_term_string\"}],\"inLanguage\":\"fr-FR\"},{\"@type\":\"Person\",\"@id\":\"https:\/\/thomasvino.ch\/#\/schema\/person\/670bf4486fe81152cf1d68bd585e062e\",\"name\":\"Pierre Thomas\",\"image\":{\"@type\":\"ImageObject\",\"inLanguage\":\"fr-FR\",\"@id\":\"https:\/\/thomasvino.ch\/#\/schema\/person\/image\/\",\"url\":\"https:\/\/secure.gravatar.com\/avatar\/91fd5a76647f140e53db987a0dead4d7?s=96&d=mm&r=g\",\"contentUrl\":\"https:\/\/secure.gravatar.com\/avatar\/91fd5a76647f140e53db987a0dead4d7?s=96&d=mm&r=g\",\"caption\":\"Pierre Thomas\"},\"url\":\"https:\/\/thomasvino.ch\/?author=3\"}]}<\/script>\n<!-- \/ Yoast SEO plugin. -->","yoast_head_json":{"title":"20 ans de la Baronnie du D\u00e9zaley  Les vertus de l\u2019\u00e2ge - thomasvino","robots":{"index":"index","follow":"follow","max-snippet":"max-snippet:-1","max-image-preview":"max-image-preview:large","max-video-preview":"max-video-preview:-1"},"canonical":"https:\/\/thomasvino.ch\/?p=12849","og_locale":"fr_FR","og_type":"article","og_title":"20 ans de la Baronnie du D\u00e9zaley  Les vertus de l\u2019\u00e2ge - thomasvino","og_description":"Tout au long de cette ann\u00e9e 2015, les 12 producteurs de la Baronnie du D\u00e9zaley, AOC Grand Cru, f\u00eatent leurs vingt ans. Dire que l\u2019\u00e2ge n\u2019a pas de prise sur le \u00abroi des chasselas\u00bb serait une m\u00e9prise\u00a0: les \u00abbarons\u00bb en tirent, au contraire, un argument et revoient r\u00e9guli\u00e8rement la cotation des mill\u00e9simes. Encore faut-il \u00eatre [&hellip;]","og_url":"https:\/\/thomasvino.ch\/?p=12849","og_site_name":"thomasvino","article_published_time":"2015-06-25T15:35:25+00:00","article_modified_time":"2015-06-25T15:37:50+00:00","og_image":[{"url":"http:\/\/www.thomasvino.ch\/wp-content\/uploads\/2015\/06\/dez_baron_caisse-300x236.jpg"}],"author":"Pierre Thomas","twitter_misc":{"\u00c9crit par":"Pierre Thomas","Dur\u00e9e de lecture estim\u00e9e":"5 minutes"},"schema":{"@context":"https:\/\/schema.org","@graph":[{"@type":"WebPage","@id":"https:\/\/thomasvino.ch\/?p=12849","url":"https:\/\/thomasvino.ch\/?p=12849","name":"20 ans de la Baronnie du D\u00e9zaley Les vertus de l\u2019\u00e2ge - thomasvino","isPartOf":{"@id":"https:\/\/thomasvino.ch\/#website"},"datePublished":"2015-06-25T15:35:25+00:00","dateModified":"2015-06-25T15:37:50+00:00","author":{"@id":"https:\/\/thomasvino.ch\/#\/schema\/person\/670bf4486fe81152cf1d68bd585e062e"},"breadcrumb":{"@id":"https:\/\/thomasvino.ch\/?p=12849#breadcrumb"},"inLanguage":"fr-FR","potentialAction":[{"@type":"ReadAction","target":["https:\/\/thomasvino.ch\/?p=12849"]}]},{"@type":"BreadcrumbList","@id":"https:\/\/thomasvino.ch\/?p=12849#breadcrumb","itemListElement":[{"@type":"ListItem","position":1,"name":"Accueil","item":"https:\/\/thomasvino.ch\/"},{"@type":"ListItem","position":2,"name":"20 ans de la Baronnie du D\u00e9zaley Les vertus de l\u2019\u00e2ge"}]},{"@type":"WebSite","@id":"https:\/\/thomasvino.ch\/#website","url":"https:\/\/thomasvino.ch\/","name":"thomasvino","description":"Vins &amp; Gastronomie","potentialAction":[{"@type":"SearchAction","target":{"@type":"EntryPoint","urlTemplate":"https:\/\/thomasvino.ch\/?s={search_term_string}"},"query-input":"required name=search_term_string"}],"inLanguage":"fr-FR"},{"@type":"Person","@id":"https:\/\/thomasvino.ch\/#\/schema\/person\/670bf4486fe81152cf1d68bd585e062e","name":"Pierre Thomas","image":{"@type":"ImageObject","inLanguage":"fr-FR","@id":"https:\/\/thomasvino.ch\/#\/schema\/person\/image\/","url":"https:\/\/secure.gravatar.com\/avatar\/91fd5a76647f140e53db987a0dead4d7?s=96&d=mm&r=g","contentUrl":"https:\/\/secure.gravatar.com\/avatar\/91fd5a76647f140e53db987a0dead4d7?s=96&d=mm&r=g","caption":"Pierre Thomas"},"url":"https:\/\/thomasvino.ch\/?author=3"}]}},"jetpack_featured_media_url":"","jetpack_sharing_enabled":true,"jetpack_shortlink":"https:\/\/wp.me\/p3m4tZ-3lf","jetpack_likes_enabled":false,"jetpack-related-posts":[{"id":12531,"url":"https:\/\/thomasvino.ch\/?p=12531","url_meta":{"origin":12849,"position":0},"title":"Baronnie du D\u00e9zaley en XX\u2026L","date":"27 janvier 2015","format":false,"excerpt":"Ses vingt ans, la Baronnie du D\u00e9zaley, fond\u00e9e en 1994, les f\u00eate en 2015, avec vingt \u00e9v\u00e9nements tout au long de l\u2019ann\u00e9e. Premier de la s\u00e9rie, un d\u00eener des propri\u00e9taires \u00e0 Vevey, \u00e0 l\u2019H\u00f4tel des Trois-Couronnes, le soir du 31 janvier. Dans un communiqu\u00e9 de presse, ce groupement, pr\u00e9sid\u00e9 par\u2026","rel":"","context":"Dans &quot;Vins suisses&quot;","img":{"alt_text":"","src":"","width":0,"height":0},"classes":[]},{"id":12957,"url":"https:\/\/thomasvino.ch\/?p=12957","url_meta":{"origin":12849,"position":1},"title":"La Baronnie du D\u00e9zaley  et sa cuv\u00e9e en \u00abconcept global\u00bb","date":"20 ao\u00fbt 2015","format":false,"excerpt":"2015 marque les vingt ans de la Baronnie du D\u00e9zaley, ar\u00e9opage de douze membres coopt\u00e9s. L'ann\u00e9e est jalonn\u00e9e de vingt \u00e9v\u00e9nements gastronomiques ou festifs. La sortie d\u2019une cuv\u00e9e commune sous la banni\u00e8re de \u00abMagnificients\u00bb est le point d\u2019orgue de cette ann\u00e9e anniversaire. Ce vin, on l'a finalement d\u00e9gust\u00e9 au Yatus\u2026","rel":"","context":"Dans &quot;Tendance&quot;","img":{"alt_text":"","src":"https:\/\/i0.wp.com\/www.thomasvino.ch\/wp-content\/uploads\/2015\/08\/magnificients_burki_caisse-225x300.jpg?resize=350%2C200","width":350,"height":200},"classes":[]},{"id":9896,"url":"https:\/\/thomasvino.ch\/?p=9896","url_meta":{"origin":12849,"position":2},"title":"Vins suisses \u2014 Les plus fines papilles vaudoises","date":"9 novembre 2006","format":false,"excerpt":"Vins suisses Les champions 2006 de d\u00e9gustation \u00ab\u00e0 la vaudoise\u00bb La d\u00e9gustation, discipline \u00abconcours Jean-Louis\u00bb, est un sport typiquement vaudois, o\u00f9 il faut un s\u00e9rieux entra\u00eenement pour d\u00e9crocher la timbale. Au Comptoir Suisse, la participation est en baisse : 3336 bulletins enregistr\u00e9s cette ann\u00e9e pour un peu plus de 10%\u2026","rel":"","context":"Dans &quot;Actus - News&quot;","img":{"alt_text":"","src":"","width":0,"height":0},"classes":[]},{"id":9262,"url":"https:\/\/thomasvino.ch\/?p=9262","url_meta":{"origin":12849,"position":3},"title":"Chasselas, roi du D\u00e9zaley","date":"25 octobre 2011","format":false,"excerpt":"(\u00a9photo Pierre Thomas, 09.11) Ce Chasselas, roi du D\u00e9zaley Ces trois mots suscitent, m\u00eame chez l\u2019amateur de vin averti, la surprise. Chasselas, d\u2019abord\u00a0: ce c\u00e9page blanc ne donne de grands vins qu\u2019en Suisse. D\u00e9zaley, ensuite\u00a0: peut-\u00eatre conna\u00eet-on Lavaux, vignoble inscrit au Patrimoine mondial de l\u2019UNESCO, mais ce Grand Cru historique\u2026","rel":"","context":"Dans &quot;Vins suisses&quot;","img":{"alt_text":"dez_panob.jpg","src":"img\/dez_panob.jpg","width":350,"height":200},"classes":[]},{"id":17915,"url":"https:\/\/thomasvino.ch\/?p=17915","url_meta":{"origin":12849,"position":4},"title":"Jeunes ceps pour grand cru","date":"15 octobre 2022","format":false,"excerpt":"A la veille des vendanges, l\u2019\u00abappellation D\u00e9zaley Grand Cru\u00bb a mis en avant sa jeune garde, au Clos des Abbayes, propri\u00e9t\u00e9 de la Ville de Lausanne. La main sur le c\u0153ur, la rel\u00e8ve a affirm\u00e9 sa fid\u00e9lit\u00e9 \u00e0 la tradition de Lavaux. \u00abOn est bloqu\u00e9s pour faire un vin plus\u2026","rel":"","context":"Dans &quot;Tendance&quot;","img":{"alt_text":"","src":"https:\/\/i0.wp.com\/thomasvino.ch\/wp-content\/uploads\/2022\/10\/IMG_6457-300x248.jpeg?resize=350%2C200&ssl=1","width":350,"height":200},"classes":[]},{"id":9013,"url":"https:\/\/thomasvino.ch\/?p=9013","url_meta":{"origin":12849,"position":5},"title":"Vaud \u2014 La longue vie des d\u00e9zaleys","date":"11 janvier 2005","format":false,"excerpt":"Du neuf avec du vieux... D\u00e9zaley Tous les chasselas ne tr\u00e9passent pas apr\u00e8s un an de bouteille. Gr\u00e2ce \u00e0 des sommeliers, les \u201cvieux barons\u201d du D\u00e9zaley, le grand cru vaudois, 53 hectares d'un tenant en Lavaux, retrouvent une embellie sur de grandes tables. Par Pierre Thomas Le chasselas, ce raisin\u2026","rel":"","context":"Dans &quot;Vins suisses&quot;","img":{"alt_text":"","src":"","width":0,"height":0},"classes":[]}],"_links":{"self":[{"href":"https:\/\/thomasvino.ch\/index.php?rest_route=\/wp\/v2\/posts\/12849"}],"collection":[{"href":"https:\/\/thomasvino.ch\/index.php?rest_route=\/wp\/v2\/posts"}],"about":[{"href":"https:\/\/thomasvino.ch\/index.php?rest_route=\/wp\/v2\/types\/post"}],"author":[{"embeddable":true,"href":"https:\/\/thomasvino.ch\/index.php?rest_route=\/wp\/v2\/users\/3"}],"replies":[{"embeddable":true,"href":"https:\/\/thomasvino.ch\/index.php?rest_route=%2Fwp%2Fv2%2Fcomments&post=12849"}],"version-history":[{"count":0,"href":"https:\/\/thomasvino.ch\/index.php?rest_route=\/wp\/v2\/posts\/12849\/revisions"}],"wp:attachment":[{"href":"https:\/\/thomasvino.ch\/index.php?rest_route=%2Fwp%2Fv2%2Fmedia&parent=12849"}],"wp:term":[{"taxonomy":"category","embeddable":true,"href":"https:\/\/thomasvino.ch\/index.php?rest_route=%2Fwp%2Fv2%2Fcategories&post=12849"},{"taxonomy":"post_tag","embeddable":true,"href":"https:\/\/thomasvino.ch\/index.php?rest_route=%2Fwp%2Fv2%2Ftags&post=12849"}],"curies":[{"name":"wp","href":"https:\/\/api.w.org\/{rel}","templated":true}]}}