{"id":12896,"date":"2015-07-10T08:03:26","date_gmt":"2015-07-10T07:03:26","guid":{"rendered":"http:\/\/www.thomasvino.ch\/?p=12896"},"modified":"2015-07-10T08:03:26","modified_gmt":"2015-07-10T07:03:26","slug":"meilleurs-vins-vaudois-2015-mes-notes-sur-100","status":"publish","type":"post","link":"https:\/\/thomasvino.ch\/?p=12896","title":{"rendered":"Meilleurs vins vaudois 2015 <br\/ > Mes notes sur 100"},"content":{"rendered":"<p><strong>Le 9 juillet \u00e0 Montreux, l\u2019Office des vins vaudois, pr\u00e9sid\u00e9 par Pierre Keller, \u00e9galement membre du comit\u00e9 du Montreux Jazz Festival, dont l\u2019OVV est (naturellement\u2026) devenu partenaire, a d\u00e9cern\u00e9 ses prix pour les meilleurs pointages de la S\u00e9lection des vins vaudois. J\u2019ai d\u00e9gust\u00e9 tous ces vins, les ai comment\u00e9s et annot\u00e9s sur 100 points\u00a0: mais c\u2019est un classement officieux\u00a0!<\/strong><\/p>\n<p>L\u2019officiel se trouve <strong><a href=\"http:\/\/ovv.ch\/vinsprimes\/concours\">sur le site de l\u2019OVV<\/a><\/strong>. Entre parenth\u00e8se, apr\u00e8s ma note, celle des jur\u00e9s (74 en plusieurs tables sur trois jours). Quant aux prix sp\u00e9ciaux, le Prix Master de champion des vins vaudois toutes cat\u00e9gories revient au pinot noir Noir de Lys, du <strong>Domaine Terre-Neuve<\/strong>, de <strong>David Kind<\/strong>, \u00e0 Saint-Prex, le vin le mieux not\u00e9 du concours avec 92.6\/100 pts \u2014 mais que j\u2019ai mod\u00e9r\u00e9ment appr\u00e9ci\u00e9, \u00e0 l\u2019aveugle. Un autre vin rouge, le Garanoir 2013 du <strong>Ch\u00e2teau de Rochefort<\/strong>, \u00e0 Allaman, propri\u00e9t\u00e9 de la Ville de Lausanne, se classe meilleur vin bio (90.8) (pas not\u00e9).<\/p>\n<p>Le prix de la presse revient au Saint-Saphorin Clos En Blassinge 2013, Grand Cru, du <strong>Domaine Bovy<\/strong>, tandis que le prix des d\u00e9gustateurs \u00e9trangers du Mondial du Chasselas couronne le Clos Maijoz 2013, Grand Cru de la <strong>Commune d\u2019Aigle<\/strong>, qui avait aussi \u00e9t\u00e9 d\u00e9sign\u00e9 ensuite par les journalistes pr\u00e9sents \u00e0 Aigle \u00e0 la remise des prix du <strong><a href=\"http:\/\/www.thomasvino.ch\/?p=12854\">Mondial du Chasselas<\/a><\/strong>. Ces deux clos, et grands crus, sont par d\u00e9finition d\u2019un seul tenant, 1 ha En Blassinge (mais seulement 1&rsquo;500 bouteilles commercialis\u00e9e sous cette \u00e9tiquette par les Bovy) et plus confidentiel encore \u00e0 Aigle o\u00f9, en principe, le vin est r\u00e9serv\u00e9 aux festivit\u00e9s de la Commune d\u2019Aigle. Toutefois, celle-ci va d\u00e9poser un dossier de 1<sup>er<\/sup> Grand Cru pour ce vin, un chasselas vinifi\u00e9 par Badoux et (d\u00e9licatement) \u00e9lev\u00e9 en barriques de ch\u00eane usag\u00e9es dans les caves du Ch\u00e2teau d\u2019Aigle.<\/p>\n<p><a href=\"https:\/\/i0.wp.com\/www.thomasvino.ch\/wp-content\/uploads\/2015\/07\/selec15_ovv_montreux-1.jpg\"><img data-attachment-id=\"12899\" data-permalink=\"https:\/\/thomasvino.ch\/?attachment_id=12899\" data-orig-file=\"https:\/\/i0.wp.com\/thomasvino.ch\/wp-content\/uploads\/2015\/07\/selec15_ovv_montreux-1.jpg?fit=4390%2C2025&amp;ssl=1\" data-orig-size=\"4390,2025\" data-comments-opened=\"0\" data-image-meta=\"{&quot;aperture&quot;:&quot;6.3&quot;,&quot;credit&quot;:&quot;&quot;,&quot;camera&quot;:&quot;Canon EOS 5D Mark III&quot;,&quot;caption&quot;:&quot;&quot;,&quot;created_timestamp&quot;:&quot;1411246773&quot;,&quot;copyright&quot;:&quot;&quot;,&quot;focal_length&quot;:&quot;24&quot;,&quot;iso&quot;:&quot;800&quot;,&quot;shutter_speed&quot;:&quot;0.008&quot;,&quot;title&quot;:&quot;&quot;,&quot;orientation&quot;:&quot;1&quot;}\" data-image-title=\"selec15_ovv_montreux (1)\" data-image-description=\"\" data-image-caption=\"\" data-medium-file=\"https:\/\/i0.wp.com\/thomasvino.ch\/wp-content\/uploads\/2015\/07\/selec15_ovv_montreux-1.jpg?fit=300%2C138&amp;ssl=1\" data-large-file=\"https:\/\/i0.wp.com\/thomasvino.ch\/wp-content\/uploads\/2015\/07\/selec15_ovv_montreux-1.jpg?fit=1024%2C472&amp;ssl=1\" loading=\"lazy\" class=\"aligncenter size-medium wp-image-12899\" src=\"https:\/\/i0.wp.com\/www.thomasvino.ch\/wp-content\/uploads\/2015\/07\/selec15_ovv_montreux-1-300x138.jpg?resize=300%2C138\" alt=\"selec15_ovv_montreux (1)\" width=\"300\" height=\"138\" srcset=\"https:\/\/i0.wp.com\/thomasvino.ch\/wp-content\/uploads\/2015\/07\/selec15_ovv_montreux-1.jpg?resize=300%2C138&amp;ssl=1 300w, https:\/\/i0.wp.com\/thomasvino.ch\/wp-content\/uploads\/2015\/07\/selec15_ovv_montreux-1.jpg?resize=768%2C354&amp;ssl=1 768w, https:\/\/i0.wp.com\/thomasvino.ch\/wp-content\/uploads\/2015\/07\/selec15_ovv_montreux-1.jpg?resize=1024%2C472&amp;ssl=1 1024w, https:\/\/i0.wp.com\/thomasvino.ch\/wp-content\/uploads\/2015\/07\/selec15_ovv_montreux-1.jpg?w=2000&amp;ssl=1 2000w, https:\/\/i0.wp.com\/thomasvino.ch\/wp-content\/uploads\/2015\/07\/selec15_ovv_montreux-1.jpg?w=3000&amp;ssl=1 3000w\" sizes=\"(max-width: 300px) 100vw, 300px\" data-recalc-dims=\"1\" \/><\/a><\/p>\n<p><strong><u>Vins blancs<\/u><\/strong><\/p>\n<p><strong>D\u00e9zaley GC Olivine 2014 Claude et Alexandre Duboux, Epesses<\/strong><\/p>\n<p>Jaune p\u00e2le, reflets verts, nez marqu\u00e9 par le terroir\u00a0; attaque ample, du gras, de la puissance, mais une certaine souplesse, avec une note d\u2019amertume positive en finale\u00a0; joli potentiel. 92 (92.2)<\/p>\n<p><strong>Aigle Cloz Maijoz 2013 (coup de c\u0153ur \u00e9tranger Mondial Chasselas), Commune d\u2019Aigle<\/strong><\/p>\n<p>Jaune p\u00e2le\u00a0; nez l\u00e9ger bois\u00e9, comme annonc\u00e9, menthol\u00e9\u00a0; attaque fra\u00eeche, citronn\u00e9e\u00a0; bon volume en bouche\u00a0; assez ample et gras\u00a0; bois\u00e9 bien ma\u00eetris\u00e9 et finale agr\u00e9able, vanill\u00e9e et citronn\u00e9e \u00e0 la fois. Bien fait\u00a0! 91 (90.4)<\/p>\n<p><strong>Chardonnay 2014, AOC La C\u00f4te, Philippe Bovet, Givrins<\/strong><\/p>\n<p>Jaune \u00e0 reflets verts\u00a0; nez d\u2019agrumes adoucis par de la vanille, de mandarine\u00a0; attaque puissante, grasse\u00a0; bonne acidit\u00e9, bien balanc\u00e9e avec les ar\u00f4mes de fruits exotiques\u00a0; pointe de sucrosit\u00e9. 90 (90)<\/p>\n<p><strong>Chasselas de Montreux Es Ruffinel 2014, Cave de Vevey-Montreux<\/strong><\/p>\n<p>Jaune p\u00e2le, brillant, nez discret, frais, floral, fleurs blanches\u00a0; attaque sur les agrumes, structur\u00e9, \u00e9l\u00e9gant, min\u00e9ral, du gras\u00a0; long, finale sur la salinit\u00e9\u00a0; sur un poisson du lac, par exemple, une truite. A boire sur fruit jeune. 89 (92)<\/p>\n<p><strong>R\u00e9serve Blanche 2014, Cave du Ch\u00e2teau de Gl\u00e9rolles SA, Saint-Saphorin<\/strong><\/p>\n<p>Jaune p\u00e2le, nez frais de tilleul\u00a0; attaque sur la min\u00e9ralit\u00e9 et la souplesse\u00a0; belle ampleur, du gras, des ar\u00f4mes de mangue, de fruits exotiques\u00a0; assez long et m\u00fbr, un peu mou. 88 (91.8)<\/p>\n<p><strong>Clos En Blassinge 2013, St-Saphorin, Domaine Bovy, Chexbres<\/strong><\/p>\n<p>Jaune dor\u00e9\u00a0; nez puissant, de p\u00eache, de mangue\u00a0; attaque souple\u00a0; l\u00e9g\u00e8re \u00e9volution\u00a0; belle complexit\u00e9\u00a0; finale sur la fleur de tilleul s\u00e9ch\u00e9e\u00a0; diffus, pas tr\u00e8s long. 88 (90.6)<\/p>\n<p><strong>Chardonnay 2013, Villette, Domaine de la Grille, Grandvaux<\/strong><\/p>\n<p>Jaune p\u00e2le\u00a0; nez de menthe s\u00e8ch\u00e9e, un peu anis\u00e9\u00a0; attaque vive, fra\u00eeche, avec une l\u00e9g\u00e8re note de verdeur\u00a0; bonne longueur, tenu par l\u2019acidit\u00e9, sur des ar\u00f4mes de poire williams\u00a0; vif et frais, citron vert en finale\u00a0; \u00e0 l\u2019ap\u00e9ritif. 88 (90.8)<\/p>\n<p><strong>Pinot gris 2014, Domaine de Chantemerle, Tartegnin<\/strong><\/p>\n<p>Jaune \u00e0 reflets dor\u00e9s\u00a0; nez d\u2019herbes fra\u00eeches, avec des nuances de foin coup\u00e9\u00a0; note lactique\u00a0; attaque grasse, ample, avec un peu de caramel sal\u00e9\u00a0; finale l\u00e9g\u00e8rement tannique. 87 (90.8)<\/p>\n<p><strong>D\u00e9zaley GC Les Embleyres 2012, Raymond Chappuis, Chexbres<\/strong><\/p>\n<p>Jaune reflets dor\u00e9s\u00a0; nez d\u2019herbes m\u00e9dicinales, de camomille, de cannelle\u00a0; attaque ample, grasse, puissante\u00a0; d\u00e9j\u00e0 des ar\u00f4mes secondaires, voire tertiaires, de miel d\u2019accacia\u00a0; long et gras, peu acide. 87 (90.2)<\/p>\n<p><strong>D\u00e9zaley Prestige 2012, Domaine Blondel, Cully<\/strong><\/p>\n<p>Jaune reflets dor\u00e9s\u00a0; nez anis\u00e9\u00a0; attaque fra\u00eeche, sur le menthol\u00e9, le bonbon \u00e0 l\u2019anis\u00a0; assez long, mais un peu mou quand m\u00eame\u00a0; pointe de salinit\u00e9 en finale, chaud et sec\u2026. A l\u2019ap\u00e9ritif\u2026 87 (90.4)<\/p>\n<p><strong>Auxerrois 2014, Domaine au Point du Jour, Mont-sur-Rolle<\/strong><\/p>\n<p>Jaune p\u00e2le\u00a0; nez un peu lourd\u00a0; attaque assez ample\u00a0; du gras, de la fra\u00eecheur, mais manque un peu de personnalit\u00e9\u00a0; finale sur l\u2019\u00e9corce de mandarine, un peu s\u00e8che et astringente\u2026 86 (90.4)<\/p>\n<p><strong><u>Ros\u00e9s<\/u><\/strong><\/p>\n<p><strong>Clair de la la lune 2014, ros\u00e9 garanoir, Domaine la Grande Vigne, Mont-sur-Rolle<\/strong><\/p>\n<p>Rose saumonn\u00e9 brillant\u00a0; nez un peu lact\u00e9 et de ronce\u00a0; attaque fra\u00eeche\u00a0; bon \u00e9quilibre acidit\u00e9- rondeur\u00a0; finale fra\u00eeche et l\u00e9g\u00e8rement tannique\u00a0; agr\u00e9able et bien fait. 89 (90.8)<\/p>\n<p><strong>Blanc de noir 2014, Ollon, Badoux Vins SA, Aigle<\/strong><\/p>\n<p>Robe claire \u00e0 nuances ros\u00e9es\u00a0; nez discret, de petits fruits rouges\u00a0; attaque fra\u00eeche, bon \u00e9quilibre entre le fruit et l\u2019alcool\u00a0; discret, mais bien fait, souple en finale. 87 (90.8)<\/p>\n<p><strong>Ros\u00e9 2014, Domaine de la Crosettaz, Tartegnin<\/strong><\/p>\n<p>Rose reflets rouges\u00a0; nez discret\u00a0; attaque ample, du gras, un peu de tanins\u00a0; finale sur la framboise sauvage, confiture de fraise\u00a0; beau volume. 86 (90.2)<\/p>\n<p><strong>\u0152il de Perdrix Mavignan 2014, Patrick Fonjallaz, Epesses<\/strong><\/p>\n<p>Rose clair\u00a0; nez discret, un peu suave\u00a0; attaque sur la vivacit\u00e9, l\u2019acidit\u00e9\u2026 Peu d\u2019ar\u00f4mes, tr\u00e8s (trop\u00a0!) tendu\u2026 83 (91)<\/p>\n<p><strong><u>Rouges<\/u><\/strong><\/p>\n<p><strong>Gamaret-garanoir 2013, C\u00f4tes-de-l\u2019Orbe, Cave Mirabilis, Poget, Agiez<\/strong><\/p>\n<p>Pourpre profond \u00e0 reflets violac\u00e9s\u00a0; beau nez \u00e9pic\u00e9, fum\u00e9 et balsamique\u00a0; attaque fra\u00eeche\u00a0; tanins jeunes et fermes\u00a0; finale sur le biscuit, le moka, le cacao\u00a0; belle complexit\u00e9, avec des nuances florales en fin de bouche. 91 (91)<\/p>\n<p><strong>L\u2019Enj\u00f4leur, gamay 2014, Domaine de Roillebot, Mont-sur-Rolle<\/strong><\/p>\n<p>Rouge brillant\u00a0; nez agr\u00e9able, un peu m\u00fbr, viand\u00e9, \u00e9pic\u00e9\u00a0; attaque fruit\u00e9e, complexe\u00a0; bouche sur les fruits rouges\u00a0; bonne fra\u00eecheur et complexit\u00e9\u00a0; finale sur le noyau de cerise. 90 (90,2)<\/p>\n<p><strong>Pinot noir de Saint-Saphorin 2014, Pierre-Luc Leyvraz, Chexbres<\/strong><\/p>\n<p>Couleur cerise\u00a0; nez de fruits cuits, un peu compot\u00e9s\u00a0; attaque souple, tanins fondus\u00a0; pointe tannique et fum\u00e9e en fin de bouche\u00a0; l\u00e9g\u00e8re amertume\u00a0; beau potentiel\u00a0; un vin qui pinote\u2026 Bon soutien acide. 90 (90.2)<\/p>\n<p><strong>Merlot 2010, AOC Vaud, Philippe Bovet, Givrins<\/strong><\/p>\n<p>Grenat \u00e0 reflets violac\u00e9s\u00a0; nez intense, vanill\u00e9 et fum\u00e9\u00a0; attaque souple, du moka, du cacao\u00a0; beaux ar\u00f4mes de merlot m\u00fbr, tanis pr\u00e9sents, mais d\u00e9j\u00e0 fondus dans le bois\u00e9\u2026 Vin riche et exotique, suave et tendre. 89 (91.6)<\/p>\n<p><strong>Arioso 2014, Dornfelder, Domaine de Chantegrive, Gilly<\/strong><\/p>\n<p>Belle robe soutenue\u00a0; nez floral, de violette, de lys, voire de jasmin\u00a0; attaque juteuse, sur une masse compacte, un peu uniforme\u00a0; du gras, de la fra\u00eecheur, bonne acidit\u00e9, tanins ronds, et on retrouve le jasmin en finale, avec un peu d\u2019amertume\u2026 89 (91.2)<\/p>\n<p><strong>Gamay Crescendo 2012, Domaine de Chantegrive, Gilly<\/strong><\/p>\n<p>Pourpre profond\u00a0; nez bois\u00e9, vanill\u00e9, balsamique, fruits confits\u00a0; attaque fra\u00eeche, bonne acidit\u00e9 et tanins\u00a0; grande fra\u00eecheur\u00a0; acidul\u00e9, finale sur l\u2019abricot sec. Un vin tendu mais pas tr\u00e8s complexe. 88 (91.2)<\/p>\n<p><strong>Pinot noir La Cuv\u00e9e du Baron 2014, C\u00f4tes de l\u2019Orbe, Cave du Ch\u00e2teau de Valeyres<\/strong><\/p>\n<p>Rubis clair\u00a0; nez de fruits compot\u00e9s\u00a0; attaque juteuse, fruit\u00e9e, sur la fraise, la framboise\u00a0; finale sur des notes d\u2019amande am\u00e8re, note de griotte en fin de bouche\u00a0; fruit\u00e9 et frais. 87 (91)<\/p>\n<p><strong>Crescendo 2012, Merlot &#8211; Cabernet franc, Domaine de Chantegrive, Gilly<\/strong><\/p>\n<p>Rouge fonc\u00e9\u00a0; nez empyreumatique\u00a0; attaque ample, un peu douce et souple\u00a0; belle mati\u00e8re, soutenue par de l\u2019acidit\u00e9\u00a0; vin un peu \u00abfabriqu\u00e9\u00bb, marqu\u00e9 par un \u00e9levage luxuriant. En devenir\u2026 87 (91.6)<\/p>\n<p><strong>Cuv\u00e9e Sp\u00e9ciale 2011, Syrah \u2013 Cabernet Sauvignon, Domaine des Sieurs, Luins<\/strong><\/p>\n<p>Grenat \u00e0 reflets violac\u00e9s\u00a0; nez de l\u00e9ger bois\u00e9\u00a0et de fruits rouges\u00a0; attaque souple, tanins fondus, bon soutien acide\u00a0; ni verdeur du CS, ni \u00e9pices de la syrah, mais un vin agr\u00e9able, bien fait, encore frais\u2026 87 (91.8)<\/p>\n<p><strong>Mas-Noir 2012, merlot, Le Cellier du Mas, Blanchard Fr\u00e8res, Mont-sur-Rolle<\/strong><\/p>\n<p>Rubis\u00a0; nez vanill\u00e9, presque lact\u00e9\u00a0; attaque souple, sur la grenadine, le sureau\u00a0; densit\u00e9 moyenne\u00a0; assez suave et souple, juteux\u00a0; finale \u00e9l\u00e9gante\u2026 Flatteur\u00a0! 87 (91.4)<\/p>\n<p><strong>Pinot noir Clos de la P\u00e9rraille 2014, Jo\u00ebl Favre, Luins<\/strong><\/p>\n<p>Robe d\u2019intensit\u00e9 moyenne\u00a0; nez discret, l\u00e9g\u00e8re \u00e9volution\u00a0; attaque fra\u00eeche, densit\u00e9 moyenne\u00a0; frais, noyau de cerise, plut\u00f4t simple. 86 (90.2)<\/p>\n<p><strong>Pinot noir Noir de Lys 2014, Domaine de Terre-Neuve, Saint-Prex<\/strong><\/p>\n<p>Couleur cerise\u00a0; nez discret, un peu fum\u00e9\u00a0; attaque sur les fruits rouges frais, un peu suave\u00a0; l\u00e9ger fum\u00e9 en fin de bouche\u00a0; tanins souples et ronds. 86 (92.6)<\/p>\n<p><strong>Rubis de Gamay 2013, Cave des 13 Coteaux, C\u00f4tes-de-l\u2019Orbe, Arnex<\/strong><\/p>\n<p>Rouge brillant\u00a0; nez un peu fum\u00e9, fruits compot\u00e9s, caoutchouc\u00a0; attaque un peu douce\u00e2tre et acide \u00e0 la fois\u00a0; tendre et tendu \u00e0 la fois\u00a0; finale sur la fum\u00e9e froide, l\u2019acidit\u00e9\u2026 85 (89.2)<\/p>\n<p><strong><u>Liquoreux<\/u><\/strong><\/p>\n<p><strong>Larmes de Licorne 2013, doral, pinot blanc, pinot gris, Bolle &amp; Cie, Morges<\/strong><\/p>\n<p>Robe or p\u00e2le\u00a0; beau nez de mangue, de p\u00e2te de fruit\u00a0; attaque souple, grasse, large\u00a0; belle liqueur, avec des notes finales de zeste de citron confit\u00a0; bonne complexit\u00e9, bon soutien acide. 90 (91.1)<\/p>\n<p><strong>Pinot gris 2013, Les Celliers du Chablais, Aigle<\/strong><\/p>\n<p>Robe dor\u00e9e\u00a0; nez vanill\u00e9 et toast\u00e9\u00a0; attaque sur l\u2019ananas\u00a0; beau soutien acide\u00a0; un peu caramel br\u00fbl\u00e9\u00a0; du gras et de la vivacit\u00e9\u00a0; bel \u00e9levage\u00a0! 90 (90)<\/p>\n<p><strong>Solaris 2013, Le Champagnoux, Champagne<\/strong><\/p>\n<p>Dor\u00e9 soutenu\u00a0; nez de narcisse, de fleurs coup\u00e9es, de miel\u00a0; attaque douce, sur la poire\u00a0; un peu p\u00e2teux, avec une note v\u00e9g\u00e9tale en finale\u2026 86 (90.6)<\/p>\n<p><strong><u>Mousseux<\/u><\/strong><\/p>\n<p><strong>Bertrand de Mestral, mousseux, chardonnay, brut (\u2014 12 g), Uvavins, Tolochenaz<\/strong><\/p>\n<p>Jaune p\u00e2le, bulle fine\u00a0; nez de biscuit, de levures\u00a0; attaque sur les levures, le pain de seigle\u00a0; bonne acidit\u00e9\u00a0; bon volume, un peu de miel en fin de bouche\u00a0; bien fait, sec et vif. 88 (90.1)<\/p>\n<p><strong>Gaspard, chasselas-gew\u00fcrztraminer \u00absec\u00bb (12 \u00e0 32 g.), Kursner Vins SA, F\u00e9chy<\/strong><\/p>\n<p>Or gris\u00a0; bulle abondante\u00a0; nez de fleurs s\u00e9ch\u00e9es\u00a0; attaque un peu beurr\u00e9e, lact\u00e9e\u00a0; tr\u00e8s dos\u00e9 et rond, souple et un peu exotique en finale, sur le sirop de fleurs de sureau. 83 (88.5)<\/p>\n<p><strong>Melchior, gamay \u00abdemi-sec\u00bb (+ 32 g.), Kursner Vins SA, F\u00e9chy <\/strong><\/p>\n<p>Ros\u00e9 saumonn\u00e9 p\u00e2le\u00a0; nez de fraise et de levures\u00a0; attaque souple\u00a0; impression de sucrosit\u00e9\u00a0; peu de structure\u00a0; simple mais bien fait\u00a0; bulle un peu grossi\u00e8re\u2026 80 (90.3)<\/p>\n<p><em>\u00a9thomasvino.ch<\/em><\/p>\n<p>&nbsp;<\/p>\n<p>&nbsp;<\/p>\n<p>&nbsp;<\/p>\n<p>&nbsp;<\/p>\n","protected":false},"excerpt":{"rendered":"<p>Le 9 juillet \u00e0 Montreux, l\u2019Office des vins vaudois, pr\u00e9sid\u00e9 par Pierre Keller, \u00e9galement membre du comit\u00e9 du Montreux Jazz Festival, dont l\u2019OVV est (naturellement\u2026) devenu partenaire, a d\u00e9cern\u00e9 ses prix pour les meilleurs pointages de la S\u00e9lection des vins vaudois. J\u2019ai d\u00e9gust\u00e9 tous ces vins, les ai comment\u00e9s et annot\u00e9s sur 100 points\u00a0: mais [&hellip;]<\/p>\n","protected":false},"author":3,"featured_media":0,"comment_status":"closed","ping_status":"open","sticky":false,"template":"","format":"standard","meta":{"_monsterinsights_skip_tracking":false,"_monsterinsights_sitenote_active":false,"_monsterinsights_sitenote_note":"","_monsterinsights_sitenote_category":0,"jetpack_post_was_ever_published":false,"jetpack_publicize_message":"","jetpack_is_tweetstorm":false,"jetpack_publicize_feature_enabled":true,"jetpack_social_post_already_shared":true,"jetpack_social_options":{"image_generator_settings":{"template":"highway","enabled":false}}},"categories":[3],"tags":[1078,157,160,1079],"jetpack_publicize_connections":[],"yoast_head":"<!-- This site is optimized with the Yoast SEO plugin v20.6 - https:\/\/yoast.com\/wordpress\/plugins\/seo\/ -->\n<title>Meilleurs vins vaudois 2015  Mes notes sur 100 - thomasvino<\/title>\n<meta name=\"robots\" content=\"index, follow, max-snippet:-1, max-image-preview:large, max-video-preview:-1\" \/>\n<link rel=\"canonical\" href=\"https:\/\/thomasvino.ch\/?p=12896\" \/>\n<meta property=\"og:locale\" content=\"fr_FR\" \/>\n<meta property=\"og:type\" content=\"article\" \/>\n<meta property=\"og:title\" content=\"Meilleurs vins vaudois 2015  Mes notes sur 100 - thomasvino\" \/>\n<meta property=\"og:description\" content=\"Le 9 juillet \u00e0 Montreux, l\u2019Office des vins vaudois, pr\u00e9sid\u00e9 par Pierre Keller, \u00e9galement membre du comit\u00e9 du Montreux Jazz Festival, dont l\u2019OVV est (naturellement\u2026) devenu partenaire, a d\u00e9cern\u00e9 ses prix pour les meilleurs pointages de la S\u00e9lection des vins vaudois. J\u2019ai d\u00e9gust\u00e9 tous ces vins, les ai comment\u00e9s et annot\u00e9s sur 100 points\u00a0: mais [&hellip;]\" \/>\n<meta property=\"og:url\" content=\"https:\/\/thomasvino.ch\/?p=12896\" \/>\n<meta property=\"og:site_name\" content=\"thomasvino\" \/>\n<meta property=\"article:published_time\" content=\"2015-07-10T07:03:26+00:00\" \/>\n<meta property=\"og:image\" content=\"http:\/\/www.thomasvino.ch\/wp-content\/uploads\/2015\/07\/selec15_ovv_montreux-1-300x138.jpg\" \/>\n<meta name=\"author\" content=\"Pierre Thomas\" \/>\n<meta name=\"twitter:label1\" content=\"\u00c9crit par\" \/>\n\t<meta name=\"twitter:data1\" content=\"Pierre Thomas\" \/>\n\t<meta name=\"twitter:label2\" content=\"Dur\u00e9e de lecture estim\u00e9e\" \/>\n\t<meta name=\"twitter:data2\" content=\"9 minutes\" \/>\n<script type=\"application\/ld+json\" class=\"yoast-schema-graph\">{\"@context\":\"https:\/\/schema.org\",\"@graph\":[{\"@type\":\"WebPage\",\"@id\":\"https:\/\/thomasvino.ch\/?p=12896\",\"url\":\"https:\/\/thomasvino.ch\/?p=12896\",\"name\":\"Meilleurs vins vaudois 2015 Mes notes sur 100 - thomasvino\",\"isPartOf\":{\"@id\":\"https:\/\/thomasvino.ch\/#website\"},\"datePublished\":\"2015-07-10T07:03:26+00:00\",\"dateModified\":\"2015-07-10T07:03:26+00:00\",\"author\":{\"@id\":\"https:\/\/thomasvino.ch\/#\/schema\/person\/670bf4486fe81152cf1d68bd585e062e\"},\"breadcrumb\":{\"@id\":\"https:\/\/thomasvino.ch\/?p=12896#breadcrumb\"},\"inLanguage\":\"fr-FR\",\"potentialAction\":[{\"@type\":\"ReadAction\",\"target\":[\"https:\/\/thomasvino.ch\/?p=12896\"]}]},{\"@type\":\"BreadcrumbList\",\"@id\":\"https:\/\/thomasvino.ch\/?p=12896#breadcrumb\",\"itemListElement\":[{\"@type\":\"ListItem\",\"position\":1,\"name\":\"Accueil\",\"item\":\"https:\/\/thomasvino.ch\/\"},{\"@type\":\"ListItem\",\"position\":2,\"name\":\"Meilleurs vins vaudois 2015 Mes notes sur 100\"}]},{\"@type\":\"WebSite\",\"@id\":\"https:\/\/thomasvino.ch\/#website\",\"url\":\"https:\/\/thomasvino.ch\/\",\"name\":\"thomasvino\",\"description\":\"Vins &amp; Gastronomie\",\"potentialAction\":[{\"@type\":\"SearchAction\",\"target\":{\"@type\":\"EntryPoint\",\"urlTemplate\":\"https:\/\/thomasvino.ch\/?s={search_term_string}\"},\"query-input\":\"required name=search_term_string\"}],\"inLanguage\":\"fr-FR\"},{\"@type\":\"Person\",\"@id\":\"https:\/\/thomasvino.ch\/#\/schema\/person\/670bf4486fe81152cf1d68bd585e062e\",\"name\":\"Pierre Thomas\",\"image\":{\"@type\":\"ImageObject\",\"inLanguage\":\"fr-FR\",\"@id\":\"https:\/\/thomasvino.ch\/#\/schema\/person\/image\/\",\"url\":\"https:\/\/secure.gravatar.com\/avatar\/91fd5a76647f140e53db987a0dead4d7?s=96&d=mm&r=g\",\"contentUrl\":\"https:\/\/secure.gravatar.com\/avatar\/91fd5a76647f140e53db987a0dead4d7?s=96&d=mm&r=g\",\"caption\":\"Pierre Thomas\"},\"url\":\"https:\/\/thomasvino.ch\/?author=3\"}]}<\/script>\n<!-- \/ Yoast SEO plugin. -->","yoast_head_json":{"title":"Meilleurs vins vaudois 2015  Mes notes sur 100 - thomasvino","robots":{"index":"index","follow":"follow","max-snippet":"max-snippet:-1","max-image-preview":"max-image-preview:large","max-video-preview":"max-video-preview:-1"},"canonical":"https:\/\/thomasvino.ch\/?p=12896","og_locale":"fr_FR","og_type":"article","og_title":"Meilleurs vins vaudois 2015  Mes notes sur 100 - thomasvino","og_description":"Le 9 juillet \u00e0 Montreux, l\u2019Office des vins vaudois, pr\u00e9sid\u00e9 par Pierre Keller, \u00e9galement membre du comit\u00e9 du Montreux Jazz Festival, dont l\u2019OVV est (naturellement\u2026) devenu partenaire, a d\u00e9cern\u00e9 ses prix pour les meilleurs pointages de la S\u00e9lection des vins vaudois. J\u2019ai d\u00e9gust\u00e9 tous ces vins, les ai comment\u00e9s et annot\u00e9s sur 100 points\u00a0: mais [&hellip;]","og_url":"https:\/\/thomasvino.ch\/?p=12896","og_site_name":"thomasvino","article_published_time":"2015-07-10T07:03:26+00:00","og_image":[{"url":"http:\/\/www.thomasvino.ch\/wp-content\/uploads\/2015\/07\/selec15_ovv_montreux-1-300x138.jpg"}],"author":"Pierre Thomas","twitter_misc":{"\u00c9crit par":"Pierre Thomas","Dur\u00e9e de lecture estim\u00e9e":"9 minutes"},"schema":{"@context":"https:\/\/schema.org","@graph":[{"@type":"WebPage","@id":"https:\/\/thomasvino.ch\/?p=12896","url":"https:\/\/thomasvino.ch\/?p=12896","name":"Meilleurs vins vaudois 2015 Mes notes sur 100 - thomasvino","isPartOf":{"@id":"https:\/\/thomasvino.ch\/#website"},"datePublished":"2015-07-10T07:03:26+00:00","dateModified":"2015-07-10T07:03:26+00:00","author":{"@id":"https:\/\/thomasvino.ch\/#\/schema\/person\/670bf4486fe81152cf1d68bd585e062e"},"breadcrumb":{"@id":"https:\/\/thomasvino.ch\/?p=12896#breadcrumb"},"inLanguage":"fr-FR","potentialAction":[{"@type":"ReadAction","target":["https:\/\/thomasvino.ch\/?p=12896"]}]},{"@type":"BreadcrumbList","@id":"https:\/\/thomasvino.ch\/?p=12896#breadcrumb","itemListElement":[{"@type":"ListItem","position":1,"name":"Accueil","item":"https:\/\/thomasvino.ch\/"},{"@type":"ListItem","position":2,"name":"Meilleurs vins vaudois 2015 Mes notes sur 100"}]},{"@type":"WebSite","@id":"https:\/\/thomasvino.ch\/#website","url":"https:\/\/thomasvino.ch\/","name":"thomasvino","description":"Vins &amp; Gastronomie","potentialAction":[{"@type":"SearchAction","target":{"@type":"EntryPoint","urlTemplate":"https:\/\/thomasvino.ch\/?s={search_term_string}"},"query-input":"required name=search_term_string"}],"inLanguage":"fr-FR"},{"@type":"Person","@id":"https:\/\/thomasvino.ch\/#\/schema\/person\/670bf4486fe81152cf1d68bd585e062e","name":"Pierre Thomas","image":{"@type":"ImageObject","inLanguage":"fr-FR","@id":"https:\/\/thomasvino.ch\/#\/schema\/person\/image\/","url":"https:\/\/secure.gravatar.com\/avatar\/91fd5a76647f140e53db987a0dead4d7?s=96&d=mm&r=g","contentUrl":"https:\/\/secure.gravatar.com\/avatar\/91fd5a76647f140e53db987a0dead4d7?s=96&d=mm&r=g","caption":"Pierre Thomas"},"url":"https:\/\/thomasvino.ch\/?author=3"}]}},"jetpack_featured_media_url":"","jetpack_sharing_enabled":true,"jetpack_shortlink":"https:\/\/wp.me\/p3m4tZ-3m0","jetpack_likes_enabled":false,"jetpack-related-posts":[{"id":11009,"url":"https:\/\/thomasvino.ch\/?p=11009","url_meta":{"origin":12896,"position":0},"title":"Une s\u00e9lection vaudoise 2013 tr\u00e8s \u00e9clectique","date":"25 juillet 2013","format":false,"excerpt":"Elargie \u00e0 dix cat\u00e9gories (au lieu de six) et dot\u00e9e de quatre prix sp\u00e9ciaux, la S\u00e9lection des vins vaudois 2013, organis\u00e9e par l\u2019OVV, a ratiss\u00e9 plus large et r\u00e9compens\u00e9 davantage de vignerons. Ils ont re\u00e7u leurs troph\u00e9es le 18 juillet \u00e0 Montreux, en marge du Montreux Jazz Festival o\u00f9 l'Office\u2026","rel":"","context":"Dans &quot;Vins suisses&quot;","img":{"alt_text":"","src":"","width":0,"height":0},"classes":[]},{"id":9430,"url":"https:\/\/thomasvino.ch\/?p=9430","url_meta":{"origin":12896,"position":1},"title":"Un jeune tandem nomm\u00e9 \u00e0 l&rsquo;Office des vins vaudois","date":"30 ao\u00fbt 2012","format":false,"excerpt":"Ils seront une paire, totalisant moins de 60 ans \u00e0 eux deux, nomm\u00e9s \u00e0 la t\u00eate de l\u2019Office des vins vaudois (OVV). Le Vaudois du Chablais Nicolas Joss, 30 ans (photo ci-dessous), directeur sortant des achats du Lausanne Palace & Spa, succ\u00e8dera donc \u00e0 Nicolas Schorderet, d\u00e8s le 3 septembre.\u2026","rel":"","context":"Dans &quot;Vins suisses&quot;","img":{"alt_text":"site_ovv_Nicolas_Jossjpg.jpg","src":"img\/site_ovv_Nicolas_Jossjpg.jpg","width":350,"height":200},"classes":[]},{"id":9215,"url":"https:\/\/thomasvino.ch\/?p=9215","url_meta":{"origin":12896,"position":2},"title":"S\u00e9lection des vins vaudois 2011: chasselas chahut\u00e9s","date":"27 juillet 2011","format":false,"excerpt":"S\u00e9lection des vins vaudois 2011 Une prime \u00e0 la diversification Pour la troisi\u00e8me fois, le palmar\u00e8s de la S\u00e9lection des vins vaudois a \u00e9t\u00e9 d\u00e9voil\u00e9, le 25 juillet 2011, \u00e0 Gstaad. O\u00f9 on n\u2019a bu que des vins vaudois au tournoi open de tennis. R\u00e9sultats et commentaires. Par Pierre Thomas\u2026","rel":"","context":"Dans &quot;Vins suisses&quot;","img":{"alt_text":"site_vvd_groupe2.jpg","src":"img\/site_vvd_groupe2.jpg","width":350,"height":200},"classes":[]},{"id":18235,"url":"https:\/\/thomasvino.ch\/?p=18235","url_meta":{"origin":12896,"position":3},"title":"Un sauvignon blanc champion vaudois","date":"4 juillet 2023","format":false,"excerpt":"Lundi 3 juillet, \u00e0 Montreux, les r\u00e9sultats de la S\u00e9lection des vins vaudois 2023 ont \u00e9t\u00e9 proclam\u00e9s, pour tirer profit du Montreux Jazz Festival, dont le directeur, Mathieu Jaton, a \u00e9t\u00e9 fait commandeur des vins vaudois par la conseill\u00e8re d'Etat Val\u00e9rie Dittli. Mathieu Jaton recevant le ruban de commandeur de\u2026","rel":"","context":"Dans &quot;Actus - News&quot;","img":{"alt_text":"","src":"","width":0,"height":0},"classes":[]},{"id":9284,"url":"https:\/\/thomasvino.ch\/?p=9284","url_meta":{"origin":12896,"position":4},"title":"Pierre Keller, portrait en pr\u00e9sident de l&rsquo;OVV","date":"30 novembre 2011","format":false,"excerpt":"Tout neuf pr\u00e9sident de l\u2019OVV Pierre Keller au pied du mur A peine retrait\u00e9 de l\u2019ECAL (Ecole cantonale d\u2019art de Lausanne), \u00e0 laquelle il a donn\u00e9 son essor, Pierre Keller a pris la pr\u00e9sidence de l\u2019Office des vins vaudois (OVV), d\u00e9but juillet, \u00e0 la suite de Henri Olivier Badoux. Rencontre,\u2026","rel":"","context":"Dans &quot;Vins suisses&quot;","img":{"alt_text":"pts_keller.jpg","src":"img\/pts_keller.jpg","width":350,"height":200},"classes":[]},{"id":13148,"url":"https:\/\/thomasvino.ch\/?p=13148","url_meta":{"origin":12896,"position":5},"title":"6&rsquo;000 flacons de chasselas vaudois pour Shanghai","date":"4 novembre 2015","format":false,"excerpt":"Ce que les Italiens ont parfaitement r\u00e9ussi avec leurs pizz\u00e9rias et les Chinois pas encore avec leurs restaurants diss\u00e9min\u00e9s dans le monde, les Vaudois le tentent\u00a0: 6'000 bouteilles de chasselas vaudois ont pris la mer pour rejoindre Shanghai et un bar \u00e0 vins ouvert par le Vaudois Philippe Huser. Si\u2026","rel":"","context":"Dans &quot;Actus - News&quot;","img":{"alt_text":"","src":"","width":0,"height":0},"classes":[]}],"_links":{"self":[{"href":"https:\/\/thomasvino.ch\/index.php?rest_route=\/wp\/v2\/posts\/12896"}],"collection":[{"href":"https:\/\/thomasvino.ch\/index.php?rest_route=\/wp\/v2\/posts"}],"about":[{"href":"https:\/\/thomasvino.ch\/index.php?rest_route=\/wp\/v2\/types\/post"}],"author":[{"embeddable":true,"href":"https:\/\/thomasvino.ch\/index.php?rest_route=\/wp\/v2\/users\/3"}],"replies":[{"embeddable":true,"href":"https:\/\/thomasvino.ch\/index.php?rest_route=%2Fwp%2Fv2%2Fcomments&post=12896"}],"version-history":[{"count":0,"href":"https:\/\/thomasvino.ch\/index.php?rest_route=\/wp\/v2\/posts\/12896\/revisions"}],"wp:attachment":[{"href":"https:\/\/thomasvino.ch\/index.php?rest_route=%2Fwp%2Fv2%2Fmedia&parent=12896"}],"wp:term":[{"taxonomy":"category","embeddable":true,"href":"https:\/\/thomasvino.ch\/index.php?rest_route=%2Fwp%2Fv2%2Fcategories&post=12896"},{"taxonomy":"post_tag","embeddable":true,"href":"https:\/\/thomasvino.ch\/index.php?rest_route=%2Fwp%2Fv2%2Ftags&post=12896"}],"curies":[{"name":"wp","href":"https:\/\/api.w.org\/{rel}","templated":true}]}}