{"id":12910,"date":"2015-07-28T08:21:54","date_gmt":"2015-07-28T07:21:54","guid":{"rendered":"http:\/\/www.thomasvino.ch\/?p=12910"},"modified":"2015-07-28T08:21:54","modified_gmt":"2015-07-28T07:21:54","slug":"fongicide-grappicide-14-du-vignoble-vaudois-touche","status":"publish","type":"post","link":"https:\/\/thomasvino.ch\/?p=12910","title":{"rendered":"Fongicide grappicide: 14% du vignoble vaudois touch\u00e9"},"content":{"rendered":"<p><strong>Selon le Service de l&rsquo;agriculture du canton de Vaud et la F\u00e9d\u00e9ration vaudoise des vignerons, ce sont 524 hectares de vignes qui ont \u00e9t\u00e9 touch\u00e9es par des malformations de la grappe attribu\u00e9es \u00e0 <a href=\"http:\/\/www.bayercropscience.ch\/upload\/Moon_Privilege_Viticulture_2673.pdf\">un fongicide de la derni\u00e8re g\u00e9n\u00e9ration<\/a> contre le botrytis du fabricant de produits chimiques allemand Bayer.<\/strong><\/p>\n<p>Selon un communiqu\u00e9 dat\u00e9 du 27 juillet 2015, ce sont les premiers r\u00e9sultats de l\u2019enqu\u00eate relative aux d\u00e9g\u00e2ts observ\u00e9s dus probablement \u00e0 l\u2019application d\u2019un fongicide. Un questionnaire avait \u00e9t\u00e9 envoy\u00e9 fin juin aux viticulteurs vaudois avec d\u00e9lai de r\u00e9ponse au 22 juillet afin d\u2019avoir une meilleure connaissance de l\u2019ampleur des d\u00e9g\u00e2ts li\u00e9s \u00e0 ce ph\u00e9nom\u00e8ne. <strong>Au 24 juillet 2015, 524 ha ont \u00e9t\u00e9 annonc\u00e9s comme ayant subi des d\u00e9g\u00e2ts entre 10 % et 90 %, avec une moyenneque l\u2019on peut estimer entre 30 % <\/strong><br \/>\n<strong>et 40 %. Cela correspond \u00e0 pr\u00e8s de 14 % du vignoble vaudois et \u00e0 une perte estim\u00e9e \u00e0 5 % du <\/strong><br \/>\n<strong>potentiel de production des vendanges 2015.<\/strong><\/p>\n<p>L\u2019approvisionnement du march\u00e9 n\u2019est pas mis en p\u00e9ril, selon le Service cantonal de l&rsquo;agriculture et la F\u00e9d\u00e9ration vaudoise des vignerons. Le Conseil d\u2019Etat a d\u00e9cid\u00e9 le 22 juillet de prendre en charge les frais r\u00e9sultant d\u2019une estimation des d\u00e9g\u00e2ts des vignes vaudoises qui sera effectu\u00e9e par la coop\u00e9rative<br \/>\nSuisse gr\u00eale. Les parcelles de moins de 500 m2 ou un dommage de 10 % et moins ne seront pas<br \/>\nexpertis\u00e9es. Les vignerons doivent imp\u00e9rativement \u00e9crire \u00e0 leur fournisseur de produits phytosanitaires, ainsi qu\u2019\u00e0 la Maison Bayer pour leur signaler les dommages et ainsi pr\u00e9server leurs droits. Le site de la F\u00e9d\u00e9ration vaudoise des vignerons renseigne \u00e0 ce sujet:<\/p>\n<p><em>\u00a9thomasvino.ch<\/em><\/p>\n","protected":false},"excerpt":{"rendered":"<p>Selon le Service de l&rsquo;agriculture du canton de Vaud et la F\u00e9d\u00e9ration vaudoise des vignerons, ce sont 524 hectares de vignes qui ont \u00e9t\u00e9 touch\u00e9es par des malformations de la grappe attribu\u00e9es \u00e0 un fongicide de la derni\u00e8re g\u00e9n\u00e9ration contre le botrytis du fabricant de produits chimiques allemand Bayer. Selon un communiqu\u00e9 dat\u00e9 du 27 [&hellip;]<\/p>\n","protected":false},"author":3,"featured_media":0,"comment_status":"closed","ping_status":"open","sticky":false,"template":"","format":"standard","meta":{"_monsterinsights_skip_tracking":false,"_monsterinsights_sitenote_active":false,"_monsterinsights_sitenote_note":"","_monsterinsights_sitenote_category":0,"jetpack_post_was_ever_published":false,"jetpack_publicize_message":"","jetpack_is_tweetstorm":false,"jetpack_publicize_feature_enabled":true,"jetpack_social_post_already_shared":true,"jetpack_social_options":{"image_generator_settings":{"template":"highway","enabled":false}}},"categories":[15],"tags":[],"jetpack_publicize_connections":[],"yoast_head":"<!-- This site is optimized with the Yoast SEO plugin v20.6 - https:\/\/yoast.com\/wordpress\/plugins\/seo\/ -->\n<title>Fongicide grappicide: 14% du vignoble vaudois touch\u00e9 - thomasvino<\/title>\n<meta name=\"robots\" content=\"index, follow, max-snippet:-1, max-image-preview:large, max-video-preview:-1\" \/>\n<link rel=\"canonical\" href=\"https:\/\/thomasvino.ch\/?p=12910\" \/>\n<meta property=\"og:locale\" content=\"fr_FR\" \/>\n<meta property=\"og:type\" content=\"article\" \/>\n<meta property=\"og:title\" content=\"Fongicide grappicide: 14% du vignoble vaudois touch\u00e9 - thomasvino\" \/>\n<meta property=\"og:description\" content=\"Selon le Service de l&rsquo;agriculture du canton de Vaud et la F\u00e9d\u00e9ration vaudoise des vignerons, ce sont 524 hectares de vignes qui ont \u00e9t\u00e9 touch\u00e9es par des malformations de la grappe attribu\u00e9es \u00e0 un fongicide de la derni\u00e8re g\u00e9n\u00e9ration contre le botrytis du fabricant de produits chimiques allemand Bayer. Selon un communiqu\u00e9 dat\u00e9 du 27 [&hellip;]\" \/>\n<meta property=\"og:url\" content=\"https:\/\/thomasvino.ch\/?p=12910\" \/>\n<meta property=\"og:site_name\" content=\"thomasvino\" \/>\n<meta property=\"article:published_time\" content=\"2015-07-28T07:21:54+00:00\" \/>\n<meta name=\"author\" content=\"Pierre Thomas\" \/>\n<meta name=\"twitter:label1\" content=\"\u00c9crit par\" \/>\n\t<meta name=\"twitter:data1\" content=\"Pierre Thomas\" \/>\n\t<meta name=\"twitter:label2\" content=\"Dur\u00e9e de lecture estim\u00e9e\" \/>\n\t<meta name=\"twitter:data2\" content=\"1 minute\" \/>\n<script type=\"application\/ld+json\" class=\"yoast-schema-graph\">{\"@context\":\"https:\/\/schema.org\",\"@graph\":[{\"@type\":\"WebPage\",\"@id\":\"https:\/\/thomasvino.ch\/?p=12910\",\"url\":\"https:\/\/thomasvino.ch\/?p=12910\",\"name\":\"Fongicide grappicide: 14% du vignoble vaudois touch\u00e9 - thomasvino\",\"isPartOf\":{\"@id\":\"https:\/\/thomasvino.ch\/#website\"},\"datePublished\":\"2015-07-28T07:21:54+00:00\",\"dateModified\":\"2015-07-28T07:21:54+00:00\",\"author\":{\"@id\":\"https:\/\/thomasvino.ch\/#\/schema\/person\/670bf4486fe81152cf1d68bd585e062e\"},\"breadcrumb\":{\"@id\":\"https:\/\/thomasvino.ch\/?p=12910#breadcrumb\"},\"inLanguage\":\"fr-FR\",\"potentialAction\":[{\"@type\":\"ReadAction\",\"target\":[\"https:\/\/thomasvino.ch\/?p=12910\"]}]},{\"@type\":\"BreadcrumbList\",\"@id\":\"https:\/\/thomasvino.ch\/?p=12910#breadcrumb\",\"itemListElement\":[{\"@type\":\"ListItem\",\"position\":1,\"name\":\"Accueil\",\"item\":\"https:\/\/thomasvino.ch\/\"},{\"@type\":\"ListItem\",\"position\":2,\"name\":\"Fongicide grappicide: 14% du vignoble vaudois touch\u00e9\"}]},{\"@type\":\"WebSite\",\"@id\":\"https:\/\/thomasvino.ch\/#website\",\"url\":\"https:\/\/thomasvino.ch\/\",\"name\":\"thomasvino\",\"description\":\"Vins &amp; Gastronomie\",\"potentialAction\":[{\"@type\":\"SearchAction\",\"target\":{\"@type\":\"EntryPoint\",\"urlTemplate\":\"https:\/\/thomasvino.ch\/?s={search_term_string}\"},\"query-input\":\"required name=search_term_string\"}],\"inLanguage\":\"fr-FR\"},{\"@type\":\"Person\",\"@id\":\"https:\/\/thomasvino.ch\/#\/schema\/person\/670bf4486fe81152cf1d68bd585e062e\",\"name\":\"Pierre Thomas\",\"image\":{\"@type\":\"ImageObject\",\"inLanguage\":\"fr-FR\",\"@id\":\"https:\/\/thomasvino.ch\/#\/schema\/person\/image\/\",\"url\":\"https:\/\/secure.gravatar.com\/avatar\/91fd5a76647f140e53db987a0dead4d7?s=96&d=mm&r=g\",\"contentUrl\":\"https:\/\/secure.gravatar.com\/avatar\/91fd5a76647f140e53db987a0dead4d7?s=96&d=mm&r=g\",\"caption\":\"Pierre Thomas\"},\"url\":\"https:\/\/thomasvino.ch\/?author=3\"}]}<\/script>\n<!-- \/ Yoast SEO plugin. -->","yoast_head_json":{"title":"Fongicide grappicide: 14% du vignoble vaudois touch\u00e9 - thomasvino","robots":{"index":"index","follow":"follow","max-snippet":"max-snippet:-1","max-image-preview":"max-image-preview:large","max-video-preview":"max-video-preview:-1"},"canonical":"https:\/\/thomasvino.ch\/?p=12910","og_locale":"fr_FR","og_type":"article","og_title":"Fongicide grappicide: 14% du vignoble vaudois touch\u00e9 - thomasvino","og_description":"Selon le Service de l&rsquo;agriculture du canton de Vaud et la F\u00e9d\u00e9ration vaudoise des vignerons, ce sont 524 hectares de vignes qui ont \u00e9t\u00e9 touch\u00e9es par des malformations de la grappe attribu\u00e9es \u00e0 un fongicide de la derni\u00e8re g\u00e9n\u00e9ration contre le botrytis du fabricant de produits chimiques allemand Bayer. Selon un communiqu\u00e9 dat\u00e9 du 27 [&hellip;]","og_url":"https:\/\/thomasvino.ch\/?p=12910","og_site_name":"thomasvino","article_published_time":"2015-07-28T07:21:54+00:00","author":"Pierre Thomas","twitter_misc":{"\u00c9crit par":"Pierre Thomas","Dur\u00e9e de lecture estim\u00e9e":"1 minute"},"schema":{"@context":"https:\/\/schema.org","@graph":[{"@type":"WebPage","@id":"https:\/\/thomasvino.ch\/?p=12910","url":"https:\/\/thomasvino.ch\/?p=12910","name":"Fongicide grappicide: 14% du vignoble vaudois touch\u00e9 - thomasvino","isPartOf":{"@id":"https:\/\/thomasvino.ch\/#website"},"datePublished":"2015-07-28T07:21:54+00:00","dateModified":"2015-07-28T07:21:54+00:00","author":{"@id":"https:\/\/thomasvino.ch\/#\/schema\/person\/670bf4486fe81152cf1d68bd585e062e"},"breadcrumb":{"@id":"https:\/\/thomasvino.ch\/?p=12910#breadcrumb"},"inLanguage":"fr-FR","potentialAction":[{"@type":"ReadAction","target":["https:\/\/thomasvino.ch\/?p=12910"]}]},{"@type":"BreadcrumbList","@id":"https:\/\/thomasvino.ch\/?p=12910#breadcrumb","itemListElement":[{"@type":"ListItem","position":1,"name":"Accueil","item":"https:\/\/thomasvino.ch\/"},{"@type":"ListItem","position":2,"name":"Fongicide grappicide: 14% du vignoble vaudois touch\u00e9"}]},{"@type":"WebSite","@id":"https:\/\/thomasvino.ch\/#website","url":"https:\/\/thomasvino.ch\/","name":"thomasvino","description":"Vins &amp; Gastronomie","potentialAction":[{"@type":"SearchAction","target":{"@type":"EntryPoint","urlTemplate":"https:\/\/thomasvino.ch\/?s={search_term_string}"},"query-input":"required name=search_term_string"}],"inLanguage":"fr-FR"},{"@type":"Person","@id":"https:\/\/thomasvino.ch\/#\/schema\/person\/670bf4486fe81152cf1d68bd585e062e","name":"Pierre Thomas","image":{"@type":"ImageObject","inLanguage":"fr-FR","@id":"https:\/\/thomasvino.ch\/#\/schema\/person\/image\/","url":"https:\/\/secure.gravatar.com\/avatar\/91fd5a76647f140e53db987a0dead4d7?s=96&d=mm&r=g","contentUrl":"https:\/\/secure.gravatar.com\/avatar\/91fd5a76647f140e53db987a0dead4d7?s=96&d=mm&r=g","caption":"Pierre Thomas"},"url":"https:\/\/thomasvino.ch\/?author=3"}]}},"jetpack_featured_media_url":"","jetpack_sharing_enabled":true,"jetpack_shortlink":"https:\/\/wp.me\/p3m4tZ-3me","jetpack_likes_enabled":false,"jetpack-related-posts":[{"id":11043,"url":"https:\/\/thomasvino.ch\/?p=11043","url_meta":{"origin":12910,"position":0},"title":"Gr\u00eale, coulure et millerandage  Petite ann\u00e9e 2013 en vue","date":"2 ao\u00fbt 2013","format":false,"excerpt":"Le mill\u00e9sime vitivinicole 2013 en Suisse romande s\u2019annonce de faible quantit\u00e9. C\u2019est ce qu\u2019on peut lire dans l\u2019\u00e9dition du vendredi 2 ao\u00fbt de l\u2019hebdomadaire agricole sp\u00e9cialis\u00e9 Agri. On se consolera en sachant qu\u2019en ann\u00e9e tardive, seules les meilleures grappes ont des chances de bien m\u00fbrir en automne\u2026 Si la sortie\u2026","rel":"","context":"Dans &quot;Actus - News&quot;","img":{"alt_text":"","src":"","width":0,"height":0},"classes":[]},{"id":14491,"url":"https:\/\/thomasvino.ch\/?p=14491","url_meta":{"origin":12910,"position":1},"title":"Coupage des vins\u00a0: le Valais ouvre les vannes","date":"10 ao\u00fbt 2017","format":false,"excerpt":"Pour compenser les d\u00e9g\u00e2ts dus au gel, ce printemps, et \u00e0 la gr\u00eale (le 1er ao\u00fbt sur 50 ha \u00e0 Lens), le nouveau conseiller d\u2019Etat valaisan responsable de l\u2019Economie (et de la Formation), Christophe Darbellay, a d\u00e9cid\u00e9 d\u2019autoriser un coupage \u00e0 10% de vins suisses de m\u00eame qualit\u00e9 sur les\u2026","rel":"","context":"Dans &quot;Non class\u00e9&quot;","img":{"alt_text":"","src":"","width":0,"height":0},"classes":[]},{"id":9392,"url":"https:\/\/thomasvino.ch\/?p=9392","url_meta":{"origin":12910,"position":2},"title":"Plus de 600 vins au 1er Mondial du Chasselas","date":"3 juin 2012","format":false,"excerpt":"Plus de 600 vins jug\u00e9s au 1er Mondial du Chasselas Les organisateurs du Mondial du Chasselas, plac\u00e9s sous la pr\u00e9sidence du syndic d\u2019Aigle, Fr\u00e9d\u00e9ric Borloz, sont satisfaits: plus de 600 chasselas ont \u00e9t\u00e9 d\u00e9gust\u00e9s par des jur\u00e9s \u00abad hoc\u00bb, dans la foul\u00e9e de la s\u00e9lection des vins vaudois, au Palais\u2026","rel":"","context":"Dans &quot;Tendance&quot;","img":{"alt_text":"","src":"","width":0,"height":0},"classes":[]},{"id":9406,"url":"https:\/\/thomasvino.ch\/?p=9406","url_meta":{"origin":12910,"position":3},"title":"L&rsquo;OVV change de case (postale)","date":"2 juillet 2012","format":false,"excerpt":"Le futur directeur de l\u2019OVV change de case (postale) Entr\u00e9 en fonction il y a trois ans, le \u00absecr\u00e9taire g\u00e9n\u00e9ral\u00bb de l\u2019Office des vins vaudois (OVV), Nicolas Schorderet, a d\u00e9cid\u00e9 de quitter son poste au 31 ao\u00fbt. Pour lui succ\u00e8der, l\u2019OVV cherche un \u00abdirecteur\u00bb ou une \u00abdirectrice\u00bb. Non pas log\u00e9e\u2026","rel":"","context":"Dans &quot;Tendance&quot;","img":{"alt_text":"","src":"","width":0,"height":0},"classes":[]},{"id":16711,"url":"https:\/\/thomasvino.ch\/?p=16711","url_meta":{"origin":12910,"position":4},"title":"F\u00eate des vignerons\u00a0: l\u2019heure pile du d\u00e9ficit","date":"7 juillet 2020","format":false,"excerpt":"C\u2019est le quotidien 24 Heures et la radio romande qui l\u2019ont annonc\u00e9 ce mardi 7 juillet 2020 : la F\u00eate des vignerons de Vevey de l\u2019\u00e9t\u00e9 2019 laisse un d\u00e9couvert d\u2019un peu moins de 12 millions. Et c\u2019est la Confr\u00e9rie des vignerons qui l\u2019\u00e9pongera. Pour un budget de 106 millions\u2026","rel":"","context":"Dans &quot;Actus - News&quot;","img":{"alt_text":"","src":"","width":0,"height":0},"classes":[]},{"id":8935,"url":"https:\/\/thomasvino.ch\/?p=8935","url_meta":{"origin":12910,"position":5},"title":"Franz Weber anime le feuilleton de l\u2019\u00e9t\u00e9 09","date":"27 ao\u00fbt 2009","format":false,"excerpt":"Pour les Vaudois, Franz Weber, \u00abguest star\u00bb de Montreux, a anim\u00e9 le feuilleton de l\u2019\u00e9t\u00e9 2009. Le 7 ao\u00fbt, il a d\u00e9pos\u00e9 les signatures \u00e0 l\u2019appui de \u00abSauvez Lavaux III\u00bb, dont 16\u2019829 ont \u00e9t\u00e9 reconnues valables. Les Vaudois voteront donc une troisi\u00e8me fois sur le sujet. Pierre Thomas a suivi\u2026","rel":"","context":"Dans &quot;Vins suisses&quot;","img":{"alt_text":"","src":"","width":0,"height":0},"classes":[]}],"_links":{"self":[{"href":"https:\/\/thomasvino.ch\/index.php?rest_route=\/wp\/v2\/posts\/12910"}],"collection":[{"href":"https:\/\/thomasvino.ch\/index.php?rest_route=\/wp\/v2\/posts"}],"about":[{"href":"https:\/\/thomasvino.ch\/index.php?rest_route=\/wp\/v2\/types\/post"}],"author":[{"embeddable":true,"href":"https:\/\/thomasvino.ch\/index.php?rest_route=\/wp\/v2\/users\/3"}],"replies":[{"embeddable":true,"href":"https:\/\/thomasvino.ch\/index.php?rest_route=%2Fwp%2Fv2%2Fcomments&post=12910"}],"version-history":[{"count":0,"href":"https:\/\/thomasvino.ch\/index.php?rest_route=\/wp\/v2\/posts\/12910\/revisions"}],"wp:attachment":[{"href":"https:\/\/thomasvino.ch\/index.php?rest_route=%2Fwp%2Fv2%2Fmedia&parent=12910"}],"wp:term":[{"taxonomy":"category","embeddable":true,"href":"https:\/\/thomasvino.ch\/index.php?rest_route=%2Fwp%2Fv2%2Fcategories&post=12910"},{"taxonomy":"post_tag","embeddable":true,"href":"https:\/\/thomasvino.ch\/index.php?rest_route=%2Fwp%2Fv2%2Ftags&post=12910"}],"curies":[{"name":"wp","href":"https:\/\/api.w.org\/{rel}","templated":true}]}}