{"id":12930,"date":"2015-08-07T15:48:50","date_gmt":"2015-08-07T14:48:50","guid":{"rendered":"http:\/\/www.thomasvino.ch\/?p=12930"},"modified":"2015-08-07T15:48:50","modified_gmt":"2015-08-07T14:48:50","slug":"histoire-denfer-corin-sur-sierre-vs-le-reve-realise-du-docteur","status":"publish","type":"post","link":"https:\/\/thomasvino.ch\/?p=12930","title":{"rendered":"Histoire d\u2019Enfer, Corin-sur-Sierre (VS) <br\/ > Le r\u00eave r\u00e9alis\u00e9 du Docteur"},"content":{"rendered":"<p><strong>Sur les hauts de Sierre, un trio d\u2019amateurs romands de grands vins, associ\u00e9 d\u2019abord avec un vigneron valaisan, puis un Bourguignon, a constitu\u00e9 un domaine qui vise l\u2019excellence, avec du pinot noir, du chardonnay et des c\u00e9pages valaisans. Histoire d\u2019en faire, du vin\u2026 Visite \u00e0 la petite cave, en attendant un nouveau b\u00e2timent, d\u00e9j\u00e0 planifi\u00e9.<\/strong><\/p>\n<p><em>Par Pierre Thomas<\/em><\/p>\n<p><a href=\"https:\/\/i0.wp.com\/www.thomasvino.ch\/wp-content\/uploads\/2015\/08\/regamey1.jpg\"><img data-attachment-id=\"12931\" data-permalink=\"https:\/\/thomasvino.ch\/?attachment_id=12931\" data-orig-file=\"https:\/\/i0.wp.com\/thomasvino.ch\/wp-content\/uploads\/2015\/08\/regamey1.jpg?fit=150%2C150&amp;ssl=1\" data-orig-size=\"150,150\" data-comments-opened=\"0\" data-image-meta=\"{&quot;aperture&quot;:&quot;0&quot;,&quot;credit&quot;:&quot;&quot;,&quot;camera&quot;:&quot;&quot;,&quot;caption&quot;:&quot;&quot;,&quot;created_timestamp&quot;:&quot;0&quot;,&quot;copyright&quot;:&quot;&quot;,&quot;focal_length&quot;:&quot;0&quot;,&quot;iso&quot;:&quot;0&quot;,&quot;shutter_speed&quot;:&quot;0&quot;,&quot;title&quot;:&quot;&quot;,&quot;orientation&quot;:&quot;1&quot;}\" data-image-title=\"regamey1\" data-image-description=\"\" data-image-caption=\"\" data-medium-file=\"https:\/\/i0.wp.com\/thomasvino.ch\/wp-content\/uploads\/2015\/08\/regamey1.jpg?fit=150%2C150&amp;ssl=1\" data-large-file=\"https:\/\/i0.wp.com\/thomasvino.ch\/wp-content\/uploads\/2015\/08\/regamey1.jpg?fit=150%2C150&amp;ssl=1\" loading=\"lazy\" class=\"aligncenter size-full wp-image-12931\" src=\"https:\/\/i0.wp.com\/www.thomasvino.ch\/wp-content\/uploads\/2015\/08\/regamey1.jpg?resize=150%2C150\" alt=\"regamey1\" width=\"150\" height=\"150\" srcset=\"https:\/\/i0.wp.com\/thomasvino.ch\/wp-content\/uploads\/2015\/08\/regamey1.jpg?w=150&amp;ssl=1 150w, https:\/\/i0.wp.com\/thomasvino.ch\/wp-content\/uploads\/2015\/08\/regamey1.jpg?resize=37%2C37&amp;ssl=1 37w, https:\/\/i0.wp.com\/thomasvino.ch\/wp-content\/uploads\/2015\/08\/regamey1.jpg?resize=128%2C128&amp;ssl=1 128w\" sizes=\"(max-width: 150px) 100vw, 150px\" data-recalc-dims=\"1\" \/><\/a><\/p>\n<p><strong>Patrick Regamey<\/strong>\u00a0 (<em>\u00e0 gauche sur la photo<\/em>) nous re\u00e7oit\u00a0: ce Vaudois d\u2019origine a un pied \u00e0 Gen\u00e8ve et l\u2019autre \u00e0 Crans-sur-Sierre. <em>\u00abJe fais 2 heures 10 de voiture le lundi apr\u00e8s-midi, dans un sens, et 2 heures 10, le vendredi midi, dans l\u2019autre. C\u2019est moins que les pendulaires de la r\u00e9gion genevoise toute la semaine\u00a0!\u00bb<\/em>, sourit derri\u00e8re ses Rayban optiques, le <strong>Dr Regamey<\/strong>.<\/p>\n<p>La semaine, il est m\u00e9decin\u00a0\u00abde famille\u00bb \u00e0 Gen\u00e8ve. Le week-end\u2026 aussi, mais \u00e0 Crans-Montana. A deux pas de vignes acquises en 2008, avec ses deux partenaires, venus du monde de la finance, le Genevois <strong>James Paget<\/strong> et le Fribourgeois de Zurich, <strong>Alexandre Challand<\/strong>. Ils se sont connus en d\u00e9gustant les meilleurs vins du monde. <strong>Patrick Regamey<\/strong> faisait partie du noyau dur du Grand Jury Europ\u00e9en\u2026 Les autres, entre Londres et Zurich, ont de solides caves. Et puis, un jour, la quarantaine pass\u00e9e, l\u2019envie de mettre la main \u00e0 la p\u00e2te est venue.<\/p>\n<h3><strong>La bonne posologie<\/strong><\/h3>\n<p><strong>Patrick Regamey<\/strong>, 55 ans, est l\u2019a\u00een\u00e9 et il se colle aussi aux t\u00e2ches administratives. <em>\u00abCa me prend trois heures par jour.\u00bb<\/em> Osera-t-il, osera-t-il pas, franchir le Rubicon apr\u00e8s la Raspille, et ne se consacrer qu\u2019\u00e0 la vigne et au vin\u00a0? Il l\u2019\u00e9voque entre deux d\u00e9gustations bavardes, mi-techniques, mi-h\u00e9donistes, et tranche\u00a0: <em>\u00abMa passion, c\u2019est la m\u00e9decine, le contact avec les gens\u00a0!\u00bb<\/em><\/p>\n<p>La fiche de pr\u00e9sentation du domaine est r\u00e9dig\u00e9e comme un prospectus d\u2019apothicaire. Sous effets secondaires, on y lit\u00a0: <em>\u00abIvresse en cas de surdosage, mais difficile \u00e0 reproduire, vu la faible production\u00a0!\u00bb<\/em> 25&rsquo;000 bouteilles d\u2019une demi-douzaine de cuv\u00e9es en blanc et davantage encore en rouge, en fonction du mill\u00e9sime. Et la posologie\u00a0? Avis autoris\u00e9 du m\u00e9decin: <em>\u00abL\u2019absorption quotidienne et mod\u00e9r\u00e9e de 2 \u00e0 3 d\u00e9cilitres par jour de vin diminue la mortalit\u00e9 cardiovasculaire par augmentation de bon cholerst\u00e9rol (HDL) et apport de polyph\u00e9nols antioxydants qui diminuent la transformation du mauvais cholest\u00e9rol<\/em> <em>(LDL) en tr\u00e8s mauvais cholest\u00e9rol (LDL oxyd\u00e9) qui se d\u00e9pose dans la paroi des art\u00e8res.\u00bb<\/em><\/p>\n<p>Tout aussi doctement, le bon docteur, vous explique par a + b toutes les conditions de production de ses vins. Commen\u00e7ons par les plus improbables\u00a0: des liquoreux. Terme aussi g\u00e9n\u00e9rique que l\u2019est un m\u00e9dicament du m\u00eame type. L\u2019un, \u00e0 base de petite arvine, sylvaner et pinot gris, est un <em>\u00abice wine\u00bb<\/em>, enfin, une vendange tr\u00e8s tardive. S\u2019y ajoute un <em>\u00abvintage\u00bb<\/em>, mut\u00e9 comme \u00e0 Porto, \u00e0 base de diolinoir, tr\u00e8s aromatique, qui va passer le temps qu\u2019il faudra en barrique. Il ne sera disponible que dans quelques ann\u00e9es.<\/p>\n<h3><strong>A chaque mill\u00e9sime ses cuv\u00e9es<\/strong><\/h3>\n<p>Chaque mill\u00e9sime dicte son train. M\u00eame pour le fendant, pardon le chasselas, tir\u00e9 du calcaire de Salquenen. Le 2013, \u00e0 800 g.\/m2, succ\u00e8de au 2012 \u00e0 500 g.\/m2. Le chasselas gagne en puissance, en gras et en min\u00e9ralit\u00e9. Contrairement aux id\u00e9es re\u00e7ues du kilo au m\u00e8tre carr\u00e9 que le c\u00e9page romand supporterait sans rechigner. <em>\u00abQuand on baisse les rendements, on augmente les acidit\u00e9s et on peut vendanger plus t\u00f4t\u00bb<\/em>, ass\u00e8ne <strong>Patrick Regamey<\/strong>. Voyons avec ce pa\u00efen 2013, appel\u00e9 R\u00e9serve car il a s\u00e9journ\u00e9 en f\u00fbts. Un vin d\u2019une magnifique d\u2019ampleur, au nez de mangue, d\u2019abricot confit, avec une finale sur l\u2019ananas, d\u2019une belle fra\u00eecheur. Et pourtant, ce pa\u00efen a fait sa deuxi\u00e8me fermentation, la malolactique \u2014 <em>\u00ab\u00a0tous nos vins la font\u2026\u00bb<\/em> \u2014, et n\u2019accuse pas ses 14% d\u2019alcool \u00abcouverts\u00bb. M\u00eame traitement pour la petite arvine. Patrick Regamey \u2014 comme nous\u00a0! \u2014 est d\u2019avis que le c\u00e9page f\u00e9tiche du Valais ne vieillit pas au-del\u00e0 de 5 \u00e0 6 ans. A moins de le traiter comme tout autre grand vin blanc, que sont le riesling et le chardonnay. D\u00e9monstration avec cette petite arvine 2012, qui oscille entre agrumes confits et miel, avec malo, et \u00e9levage discret sous bois. Et le chardonnay 2013 de \u00abvieilles vignes\u00bb (plant\u00e9e en 1971) sert d\u2019\u00e9talon: nez de p\u00eache de vigne, de vanille, du gras, de la puissance et de l\u2019acidit\u00e9, malgr\u00e9 la malo.<\/p>\n<h3><strong>Du pinot\u2026 fa\u00e7on Bourgogne<\/strong><\/h3>\n<p>De ses p\u00e9rigrinations \u00e0 Bordeaux et en Bourgogne, o\u00f9 il \u00e9change volontiers \u00abses\u00bb bouteilles contre celles de ses h\u00f4tes, le m\u00e9decin-caviste a ramen\u00e9 une intime connaissance du bois. Il ne jure que par une seule tonnellerie, Taransaud, o\u00f9 il va choisir ses ch\u00eanes et re\u00e7oit les barriques les plus subtiles. Diolinoir, humagne et cornalin passent en f\u00fbts de 600 litres, un contenant pr\u00e9f\u00e9r\u00e9 \u00e0 la\u00a0\u00abpi\u00e8ce\u00bb bourguignonne de 228 litres.<\/p>\n<p>En rouge, on jongle avec les mill\u00e9simes\u00a0: 2012, ann\u00e9e <em>\u00abstandard\u00bb<\/em>, avec des r\u00e9sultats d\u2019une grande \u00e9l\u00e9gance, et 2013, tardive, plus al\u00e9atoire, puis 2014, proche de 2012, mais avec un rendement plus \u00e9lev\u00e9, sous r\u00e9serve d\u2019un tri s\u00e9v\u00e8re apr\u00e8s vendange. On passe d\u2019une vinification \u00e0 l\u2019autre, avec une pr\u00e9disposition pour la <em>\u00abgrappe enti\u00e8re\u00bb<\/em>, avec rafles, sauf sur le d\u00e9licat cornalin. Mais quand m\u00eame sur le tardif humagne\u00a0! Et on zigzague entre les parcelles des 7,5 ha, \u00e0 moiti\u00e9 lou\u00e9s, r\u00e9partis entre Sierre et Salquenen\u00a0: cuv\u00e9es parfois parcellaires, parfois d\u2019assemblages.<\/p>\n<p>Et on termine sur une s\u00e9rie de pinots noirs\u00a0: le domaine a choisi comme embl\u00e8me la lettrine D. Parce que quatri\u00e8me de l\u2019alphabet, pour le trio d\u2019associ\u00e9s renforc\u00e9 par le quatri\u00e8me homme, le Bourguignon Beno\u00eet Paris, d\u00e8s 2012. D aussi comme D\u2026octeur ou de D\u2026 RC \u2014 Domaine de la Roman\u00e9e Conti. Patrick Regamey ne craint rien en mati\u00e8re de comparaison. Vendus de 30 fr. \u00e0 78 fr., ses pinots \u00e9voluent dans la finesse et l\u2019\u00e9l\u00e9gance, avec des nuances de fruit\u00e9 et de fum\u00e9. Comme si, soudain, Salquenen, d\u2019o\u00f9 sont tir\u00e9s les deux plus hauts de gamme, l\u2019Enfer du Calcaire et Calcaire absolu, cessait d\u2019\u00eatre cette oasis sous un soleil de plomb et devenait un \u00abclimat\u00bb de la C\u00f4te-d\u2019Or. Bien s\u00fbr, <em>\u00abun grand cru\u00bb<\/em>, corrige le docteur\u00a0!<\/p>\n<p><strong>\u00a0<em>Sur le web:<\/em> <a href=\"http:\/\/www.histoiredenfer.ch\/\">www.histoiredenfer.ch<\/a><\/strong><\/p>\n","protected":false},"excerpt":{"rendered":"<p>Sur les hauts de Sierre, un trio d\u2019amateurs romands de grands vins, associ\u00e9 d\u2019abord avec un vigneron valaisan, puis un Bourguignon, a constitu\u00e9 un domaine qui vise l\u2019excellence, avec du pinot noir, du chardonnay et des c\u00e9pages valaisans. Histoire d\u2019en faire, du vin\u2026 Visite \u00e0 la petite cave, en attendant un nouveau b\u00e2timent, d\u00e9j\u00e0 planifi\u00e9. [&hellip;]<\/p>\n","protected":false},"author":3,"featured_media":0,"comment_status":"closed","ping_status":"open","sticky":false,"template":"","format":"standard","meta":{"_monsterinsights_skip_tracking":false,"_monsterinsights_sitenote_active":false,"_monsterinsights_sitenote_note":"","_monsterinsights_sitenote_category":0,"jetpack_post_was_ever_published":false,"jetpack_publicize_message":"","jetpack_is_tweetstorm":false,"jetpack_publicize_feature_enabled":true,"jetpack_social_post_already_shared":true,"jetpack_social_options":{"image_generator_settings":{"template":"highway","enabled":false}}},"categories":[3],"tags":[1094,1093,165,57],"jetpack_publicize_connections":[],"yoast_head":"<!-- This site is optimized with the Yoast SEO plugin v20.6 - https:\/\/yoast.com\/wordpress\/plugins\/seo\/ -->\n<title>Histoire d\u2019Enfer, Corin-sur-Sierre (VS)  Le r\u00eave r\u00e9alis\u00e9 du Docteur - thomasvino<\/title>\n<meta name=\"robots\" content=\"index, follow, max-snippet:-1, max-image-preview:large, max-video-preview:-1\" \/>\n<link rel=\"canonical\" href=\"https:\/\/thomasvino.ch\/?p=12930\" \/>\n<meta property=\"og:locale\" content=\"fr_FR\" \/>\n<meta property=\"og:type\" content=\"article\" \/>\n<meta property=\"og:title\" content=\"Histoire d\u2019Enfer, Corin-sur-Sierre (VS)  Le r\u00eave r\u00e9alis\u00e9 du Docteur - thomasvino\" \/>\n<meta property=\"og:description\" content=\"Sur les hauts de Sierre, un trio d\u2019amateurs romands de grands vins, associ\u00e9 d\u2019abord avec un vigneron valaisan, puis un Bourguignon, a constitu\u00e9 un domaine qui vise l\u2019excellence, avec du pinot noir, du chardonnay et des c\u00e9pages valaisans. Histoire d\u2019en faire, du vin\u2026 Visite \u00e0 la petite cave, en attendant un nouveau b\u00e2timent, d\u00e9j\u00e0 planifi\u00e9. [&hellip;]\" \/>\n<meta property=\"og:url\" content=\"https:\/\/thomasvino.ch\/?p=12930\" \/>\n<meta property=\"og:site_name\" content=\"thomasvino\" \/>\n<meta property=\"article:published_time\" content=\"2015-08-07T14:48:50+00:00\" \/>\n<meta property=\"og:image\" content=\"http:\/\/www.thomasvino.ch\/wp-content\/uploads\/2015\/08\/regamey1.jpg\" \/>\n<meta name=\"author\" content=\"Pierre Thomas\" \/>\n<meta name=\"twitter:label1\" content=\"\u00c9crit par\" \/>\n\t<meta name=\"twitter:data1\" content=\"Pierre Thomas\" \/>\n\t<meta name=\"twitter:label2\" content=\"Dur\u00e9e de lecture estim\u00e9e\" \/>\n\t<meta name=\"twitter:data2\" content=\"5 minutes\" \/>\n<script type=\"application\/ld+json\" class=\"yoast-schema-graph\">{\"@context\":\"https:\/\/schema.org\",\"@graph\":[{\"@type\":\"WebPage\",\"@id\":\"https:\/\/thomasvino.ch\/?p=12930\",\"url\":\"https:\/\/thomasvino.ch\/?p=12930\",\"name\":\"Histoire d\u2019Enfer, Corin-sur-Sierre (VS) Le r\u00eave r\u00e9alis\u00e9 du Docteur - thomasvino\",\"isPartOf\":{\"@id\":\"https:\/\/thomasvino.ch\/#website\"},\"datePublished\":\"2015-08-07T14:48:50+00:00\",\"dateModified\":\"2015-08-07T14:48:50+00:00\",\"author\":{\"@id\":\"https:\/\/thomasvino.ch\/#\/schema\/person\/670bf4486fe81152cf1d68bd585e062e\"},\"breadcrumb\":{\"@id\":\"https:\/\/thomasvino.ch\/?p=12930#breadcrumb\"},\"inLanguage\":\"fr-FR\",\"potentialAction\":[{\"@type\":\"ReadAction\",\"target\":[\"https:\/\/thomasvino.ch\/?p=12930\"]}]},{\"@type\":\"BreadcrumbList\",\"@id\":\"https:\/\/thomasvino.ch\/?p=12930#breadcrumb\",\"itemListElement\":[{\"@type\":\"ListItem\",\"position\":1,\"name\":\"Accueil\",\"item\":\"https:\/\/thomasvino.ch\/\"},{\"@type\":\"ListItem\",\"position\":2,\"name\":\"Histoire d\u2019Enfer, Corin-sur-Sierre (VS) Le r\u00eave r\u00e9alis\u00e9 du Docteur\"}]},{\"@type\":\"WebSite\",\"@id\":\"https:\/\/thomasvino.ch\/#website\",\"url\":\"https:\/\/thomasvino.ch\/\",\"name\":\"thomasvino\",\"description\":\"Vins &amp; Gastronomie\",\"potentialAction\":[{\"@type\":\"SearchAction\",\"target\":{\"@type\":\"EntryPoint\",\"urlTemplate\":\"https:\/\/thomasvino.ch\/?s={search_term_string}\"},\"query-input\":\"required name=search_term_string\"}],\"inLanguage\":\"fr-FR\"},{\"@type\":\"Person\",\"@id\":\"https:\/\/thomasvino.ch\/#\/schema\/person\/670bf4486fe81152cf1d68bd585e062e\",\"name\":\"Pierre Thomas\",\"image\":{\"@type\":\"ImageObject\",\"inLanguage\":\"fr-FR\",\"@id\":\"https:\/\/thomasvino.ch\/#\/schema\/person\/image\/\",\"url\":\"https:\/\/secure.gravatar.com\/avatar\/91fd5a76647f140e53db987a0dead4d7?s=96&d=mm&r=g\",\"contentUrl\":\"https:\/\/secure.gravatar.com\/avatar\/91fd5a76647f140e53db987a0dead4d7?s=96&d=mm&r=g\",\"caption\":\"Pierre Thomas\"},\"url\":\"https:\/\/thomasvino.ch\/?author=3\"}]}<\/script>\n<!-- \/ Yoast SEO plugin. -->","yoast_head_json":{"title":"Histoire d\u2019Enfer, Corin-sur-Sierre (VS)  Le r\u00eave r\u00e9alis\u00e9 du Docteur - thomasvino","robots":{"index":"index","follow":"follow","max-snippet":"max-snippet:-1","max-image-preview":"max-image-preview:large","max-video-preview":"max-video-preview:-1"},"canonical":"https:\/\/thomasvino.ch\/?p=12930","og_locale":"fr_FR","og_type":"article","og_title":"Histoire d\u2019Enfer, Corin-sur-Sierre (VS)  Le r\u00eave r\u00e9alis\u00e9 du Docteur - thomasvino","og_description":"Sur les hauts de Sierre, un trio d\u2019amateurs romands de grands vins, associ\u00e9 d\u2019abord avec un vigneron valaisan, puis un Bourguignon, a constitu\u00e9 un domaine qui vise l\u2019excellence, avec du pinot noir, du chardonnay et des c\u00e9pages valaisans. Histoire d\u2019en faire, du vin\u2026 Visite \u00e0 la petite cave, en attendant un nouveau b\u00e2timent, d\u00e9j\u00e0 planifi\u00e9. [&hellip;]","og_url":"https:\/\/thomasvino.ch\/?p=12930","og_site_name":"thomasvino","article_published_time":"2015-08-07T14:48:50+00:00","og_image":[{"url":"http:\/\/www.thomasvino.ch\/wp-content\/uploads\/2015\/08\/regamey1.jpg"}],"author":"Pierre Thomas","twitter_misc":{"\u00c9crit par":"Pierre Thomas","Dur\u00e9e de lecture estim\u00e9e":"5 minutes"},"schema":{"@context":"https:\/\/schema.org","@graph":[{"@type":"WebPage","@id":"https:\/\/thomasvino.ch\/?p=12930","url":"https:\/\/thomasvino.ch\/?p=12930","name":"Histoire d\u2019Enfer, Corin-sur-Sierre (VS) Le r\u00eave r\u00e9alis\u00e9 du Docteur - thomasvino","isPartOf":{"@id":"https:\/\/thomasvino.ch\/#website"},"datePublished":"2015-08-07T14:48:50+00:00","dateModified":"2015-08-07T14:48:50+00:00","author":{"@id":"https:\/\/thomasvino.ch\/#\/schema\/person\/670bf4486fe81152cf1d68bd585e062e"},"breadcrumb":{"@id":"https:\/\/thomasvino.ch\/?p=12930#breadcrumb"},"inLanguage":"fr-FR","potentialAction":[{"@type":"ReadAction","target":["https:\/\/thomasvino.ch\/?p=12930"]}]},{"@type":"BreadcrumbList","@id":"https:\/\/thomasvino.ch\/?p=12930#breadcrumb","itemListElement":[{"@type":"ListItem","position":1,"name":"Accueil","item":"https:\/\/thomasvino.ch\/"},{"@type":"ListItem","position":2,"name":"Histoire d\u2019Enfer, Corin-sur-Sierre (VS) Le r\u00eave r\u00e9alis\u00e9 du Docteur"}]},{"@type":"WebSite","@id":"https:\/\/thomasvino.ch\/#website","url":"https:\/\/thomasvino.ch\/","name":"thomasvino","description":"Vins &amp; Gastronomie","potentialAction":[{"@type":"SearchAction","target":{"@type":"EntryPoint","urlTemplate":"https:\/\/thomasvino.ch\/?s={search_term_string}"},"query-input":"required name=search_term_string"}],"inLanguage":"fr-FR"},{"@type":"Person","@id":"https:\/\/thomasvino.ch\/#\/schema\/person\/670bf4486fe81152cf1d68bd585e062e","name":"Pierre Thomas","image":{"@type":"ImageObject","inLanguage":"fr-FR","@id":"https:\/\/thomasvino.ch\/#\/schema\/person\/image\/","url":"https:\/\/secure.gravatar.com\/avatar\/91fd5a76647f140e53db987a0dead4d7?s=96&d=mm&r=g","contentUrl":"https:\/\/secure.gravatar.com\/avatar\/91fd5a76647f140e53db987a0dead4d7?s=96&d=mm&r=g","caption":"Pierre Thomas"},"url":"https:\/\/thomasvino.ch\/?author=3"}]}},"jetpack_featured_media_url":"","jetpack_sharing_enabled":true,"jetpack_shortlink":"https:\/\/wp.me\/p3m4tZ-3my","jetpack_likes_enabled":false,"jetpack-related-posts":[{"id":11909,"url":"https:\/\/thomasvino.ch\/?p=11909","url_meta":{"origin":12930,"position":0},"title":"Glorieuses de Martigny   Pro, public et non-align\u00e9s","date":"16 avril 2014","format":false,"excerpt":"Pour la 14\u00e8me fois, Nicolas Reuse et Christophe Roch jalonnent les lundis de mai de leur quatre Glorieuses, un mini-salon des vins du Valais, organis\u00e9 \u00e0 Martigny, \u00e0 l\u2019H\u00f4tel du Parc-Vatel. Les quatre lundis matins, de 9 h. \u00e0 13 h., sont r\u00e9serv\u00e9s aux professionnels. Mais des \u00abnon-align\u00e9s\u00bb font leur\u2026","rel":"","context":"Dans &quot;Actus - News&quot;","img":{"alt_text":"","src":"","width":0,"height":0},"classes":[]},{"id":9089,"url":"https:\/\/thomasvino.ch\/?p=9089","url_meta":{"origin":12930,"position":1},"title":"GPVS 2010 : valeurs s\u00fbres consacr\u00e9es","date":"29 octobre 2010","format":false,"excerpt":"Grand Prix du Vin Suisse 2010 Un palmar\u00e8s o\u00f9 le Valais brille Une fois de plus, le Valais brille au palmar\u00e8s du Grand Prix du Vin Suisse., \u00e9dition 2010. 15 des 36 laur\u00e9ats sur le podium sont issus du Vieux-Pays et 5 Valaisans s\u2019imposent dans l\u2019une ou l\u2019autre des 11\u2026","rel":"","context":"Dans &quot;Vins suisses&quot;","img":{"alt_text":"","src":"","width":0,"height":0},"classes":[]},{"id":8958,"url":"https:\/\/thomasvino.ch\/?p=8958","url_meta":{"origin":12930,"position":2},"title":"Suisse \u2014 Un Vaudois champion suisse du vin bio","date":"24 octobre 2009","format":false,"excerpt":"Gala des vins suisses 2009 Vaudois champions du ros\u00e9 et du bio Deux vignerons de La C\u00f4te, David Kind, de Saint-Prex, et Reynald Parmelin, de Begnins, ont \u00e9t\u00e9 sacr\u00e9s, hier soir \u00e0 Berne, champions des vins suisses, gr\u00e2ce \u00e0 un ros\u00e9 et \u00e0 un vin blanc \u00abbio\u00bb. Pierre Thomas, Berne\u2026","rel":"","context":"Dans &quot;Vins suisses&quot;","img":{"alt_text":"","src":"","width":0,"height":0},"classes":[]},{"id":15799,"url":"https:\/\/thomasvino.ch\/?p=15799","url_meta":{"origin":12930,"position":3},"title":"Du neuf au Domaine des Faverges (Lavaux)","date":"15 mai 2019","format":false,"excerpt":"C\u2019est un des plus anciens domaines de Lavaux et le plus vaste d\u2019un seul tenant (plus de 15 hectares). Pour 2019, ses vins, dont certains sont labellis\u00e9s \u00abbio Suisse\u00bb, se parent de nouvelles \u00e9tiquettes, modernis\u00e9es. Et la Grande Maison s\u2019appr\u00eate \u00e0 conna\u00eetre une r\u00e9novation majeure. Finalement, l'Etat de Fribourg et\u2026","rel":"","context":"Dans &quot;Vins suisses&quot;","img":{"alt_text":"","src":"https:\/\/i0.wp.com\/thomasvino.ch\/wp-content\/uploads\/2019\/05\/site_fav2_faverges_chasselas_bio-200x300.jpg?resize=350%2C200&ssl=1","width":350,"height":200},"classes":[]},{"id":8776,"url":"https:\/\/thomasvino.ch\/?p=8776","url_meta":{"origin":12930,"position":4},"title":"Vaud \u2014 Les pinots noirs en pointe au Mondial 2008","date":"3 septembre 2008","format":false,"excerpt":"\u00abMondial du Pinot\u00bb 2008 \u00e0 SierreLa revanche des pinots noirs vaudoisAu Grand Prix du Vin Suisse, ce printemps, les pinots noirs vaudois se sont plant\u00e9s. Mais ils ont pris leur revanche au Mondial du Pinot noir.Pierre ThomasM\u00eame lieu (Sierre), m\u00eame organisateur (VINEA), mais autre jury (national une fois, international l\u2019autre)\u2026","rel":"","context":"Dans &quot;Vins suisses&quot;","img":{"alt_text":"","src":"","width":0,"height":0},"classes":[]},{"id":9585,"url":"https:\/\/thomasvino.ch\/?p=9585","url_meta":{"origin":12930,"position":5},"title":"Valais \u2014 Aoste ou Sierre capitale des vins de montagne?","date":"19 janvier 2005","format":false,"excerpt":"Sierre, capitale du vin, mais d'o\u00f9? Les sixi\u00e8mes rencontres vinicoles de Sierre ont eu lieu le week-end pass\u00e9. En vedette, le \u00abMondial\u00bb du pinot noir et les vins de montagne. Par Pierre Thomas C'est, d\u00e9sormais, un rendez-vous annuel que l'on qualifiera d'\u00abincontournable\u00bb: les rencontres vinicoles de Sierre allient l'esprit festif\u2026","rel":"","context":"Dans &quot;Vins suisses&quot;","img":{"alt_text":"","src":"","width":0,"height":0},"classes":[]}],"_links":{"self":[{"href":"https:\/\/thomasvino.ch\/index.php?rest_route=\/wp\/v2\/posts\/12930"}],"collection":[{"href":"https:\/\/thomasvino.ch\/index.php?rest_route=\/wp\/v2\/posts"}],"about":[{"href":"https:\/\/thomasvino.ch\/index.php?rest_route=\/wp\/v2\/types\/post"}],"author":[{"embeddable":true,"href":"https:\/\/thomasvino.ch\/index.php?rest_route=\/wp\/v2\/users\/3"}],"replies":[{"embeddable":true,"href":"https:\/\/thomasvino.ch\/index.php?rest_route=%2Fwp%2Fv2%2Fcomments&post=12930"}],"version-history":[{"count":0,"href":"https:\/\/thomasvino.ch\/index.php?rest_route=\/wp\/v2\/posts\/12930\/revisions"}],"wp:attachment":[{"href":"https:\/\/thomasvino.ch\/index.php?rest_route=%2Fwp%2Fv2%2Fmedia&parent=12930"}],"wp:term":[{"taxonomy":"category","embeddable":true,"href":"https:\/\/thomasvino.ch\/index.php?rest_route=%2Fwp%2Fv2%2Fcategories&post=12930"},{"taxonomy":"post_tag","embeddable":true,"href":"https:\/\/thomasvino.ch\/index.php?rest_route=%2Fwp%2Fv2%2Ftags&post=12930"}],"curies":[{"name":"wp","href":"https:\/\/api.w.org\/{rel}","templated":true}]}}