{"id":12937,"date":"2015-08-10T15:48:30","date_gmt":"2015-08-10T14:48:30","guid":{"rendered":"http:\/\/www.thomasvino.ch\/?p=12937"},"modified":"2015-08-17T12:44:43","modified_gmt":"2015-08-17T11:44:43","slug":"le-slogan-qui-vous-met-sur-le-cul","status":"publish","type":"post","link":"https:\/\/thomasvino.ch\/?p=12937","title":{"rendered":"Le slogan qui vous met sur le cul"},"content":{"rendered":"<p><strong><em>\u00abLe monde s\u2019incline devant le vin vaudois\u00bb<\/em>. Le slogan affich\u00e9 par l\u2019Office des vins vaudois (OVV) sur une b\u00e2che d\u2019une b\u00e2tisse en r\u00e9novation \u00e0 Epesses fait le buzz. Sur Facebook, un historien fait remarquer que, calvinisme mis \u00e0 part, on aurait pu \u00e9crire <em>\u00abse prosterne\u00bb<\/em>\u2026 En fait, c\u2019est <em>\u00abs\u2019agenouille\u00bb<\/em> (et comme aurait dit Desproges, dans le verbe \u00abs\u2019agenouille\u00bb, il y a \u00absage\u00bb).<\/strong><\/p>\n<p><a href=\"https:\/\/i0.wp.com\/www.thomasvino.ch\/wp-content\/uploads\/2015\/08\/clos_du_boux.jpg\"><img data-attachment-id=\"12938\" data-permalink=\"https:\/\/thomasvino.ch\/?attachment_id=12938\" data-orig-file=\"https:\/\/i0.wp.com\/thomasvino.ch\/wp-content\/uploads\/2015\/08\/clos_du_boux.jpg?fit=1201%2C960&amp;ssl=1\" data-orig-size=\"1201,960\" data-comments-opened=\"0\" data-image-meta=\"{&quot;aperture&quot;:&quot;0&quot;,&quot;credit&quot;:&quot;&quot;,&quot;camera&quot;:&quot;&quot;,&quot;caption&quot;:&quot;&quot;,&quot;created_timestamp&quot;:&quot;0&quot;,&quot;copyright&quot;:&quot;&quot;,&quot;focal_length&quot;:&quot;0&quot;,&quot;iso&quot;:&quot;0&quot;,&quot;shutter_speed&quot;:&quot;0&quot;,&quot;title&quot;:&quot;&quot;,&quot;orientation&quot;:&quot;1&quot;}\" data-image-title=\"clos_du_boux\" data-image-description=\"\" data-image-caption=\"&lt;p&gt;Le rapport de la BCV vaut mieux qu&amp;rsquo;un slogan \u00aby en a point comme nous\u00bb.&lt;\/p&gt;\n\" data-medium-file=\"https:\/\/i0.wp.com\/thomasvino.ch\/wp-content\/uploads\/2015\/08\/clos_du_boux.jpg?fit=300%2C240&amp;ssl=1\" data-large-file=\"https:\/\/i0.wp.com\/thomasvino.ch\/wp-content\/uploads\/2015\/08\/clos_du_boux.jpg?fit=1024%2C819&amp;ssl=1\" loading=\"lazy\" class=\"aligncenter size-medium wp-image-12938\" src=\"https:\/\/i0.wp.com\/www.thomasvino.ch\/wp-content\/uploads\/2015\/08\/clos_du_boux-300x240.jpg?resize=300%2C240\" alt=\"clos_du_boux\" width=\"300\" height=\"240\" srcset=\"https:\/\/i0.wp.com\/thomasvino.ch\/wp-content\/uploads\/2015\/08\/clos_du_boux.jpg?resize=300%2C240&amp;ssl=1 300w, https:\/\/i0.wp.com\/thomasvino.ch\/wp-content\/uploads\/2015\/08\/clos_du_boux.jpg?resize=768%2C614&amp;ssl=1 768w, https:\/\/i0.wp.com\/thomasvino.ch\/wp-content\/uploads\/2015\/08\/clos_du_boux.jpg?resize=1024%2C819&amp;ssl=1 1024w, https:\/\/i0.wp.com\/thomasvino.ch\/wp-content\/uploads\/2015\/08\/clos_du_boux.jpg?w=1201&amp;ssl=1 1201w\" sizes=\"(max-width: 300px) 100vw, 300px\" data-recalc-dims=\"1\" \/><\/a><\/p>\n<p>Qui s\u2019incline\u00a0? Les cyclistes qui escaladent la Corniche (plus tu picoles, moins tu p\u00e9dales)? Les \u00e9l\u00e9phants du D\u00e9zaley\u00a0? Y\u2019a de \u00e7a, puisque la gigantestque \u00abfresque\u00bb orne jusqu&rsquo;apr\u00e8s les vendanges, <strong><a href=\"http:\/\/www.thomasvino.ch\/?p=12935\">annonc\u00e9es pr\u00e9coces<\/a><\/strong>, la maison de <strong>Luc Massy<\/strong>, le pr\u00e9sident de la <strong><a href=\"http:\/\/www.thomasvino.ch\/?p=12531\">Baronnie du D\u00e9zaley<\/a><\/strong>, qui f\u00eate pr\u00e9cis\u00e9ment ses vingt ans toute cette ann\u00e9e.<\/p>\n<p>Mais la solution est \u00e0 chercher du c\u00f4t\u00e9 de Rapperswil, o\u00f9 gr\u00e2ce \u00e0 <strong>Peter Cave<\/strong> (traduction libre et pas le fr\u00e8re de <strong>Nick<\/strong> !), les Vaudois ont r\u00e9ussi \u00e0 placer du vin, l\u00e0 o\u00f9 les Valaisans \u00e9taient d\u00e9j\u00e0 pr\u00e9sents, au Cirque Knie. L\u2019id\u00e9al, dans la com\u2019, c\u2019est de pouvoir glisser le mot Knie \u00e0 toutes les sauces. Donc, un publicitaire inspir\u00e9 a lanc\u00e9\u00a0: <em>\u00abMir g\u00f6\u2019i d\u2019Knie vorem waadtl\u00e4nder Wii\u00bb<\/em>. Phon\u00e9tiquement dit, c\u2019est para\u00eet-il du bernois\u2026 <em>Sehr witzig!<\/em> Et on l\u2019a traduit\u00a0<em>\u00abindistinctement\u00bb<\/em> en fran\u00e7ais <em>\u00abLe monde s\u2019incline devant le vin vaudois\u00bb<\/em>.<\/p>\n<p>Plus finement, la grande toile aurait pu proclamer\u00a0:\u00a0<em>\u00abJusqu\u2019au Boux avec les vins vaudois en chemin de fer\u00bb<\/em> et demander aux SBB (CFF-FFS) de sponsoriser l\u2019emballage. Et le d\u00e9bat e\u00fbt \u00e9t\u00e9 clos (du Boux\u00a0!). Quoique? Couac!<\/p>\n<p>Coincidence: \u00e0 la mi-ao\u00fbt, le Tribunal f\u00e9d\u00e9ral a tranch\u00e9 dans le conflit qui opposait les propri\u00e9taires du Clos de la Cochetta, la maison Gilliard SA, \u00e0 Sion, aux autorit\u00e9s valaisannes. A la suite de travaux de sablage sur les plus grands murs de vigne de Suisse, en juillet 2013, l<strong>e nom du Clos et de leur propri\u00e9taire \u00e9taient r\u00e9apparus en toutes (grandes) lettres<\/strong>. Ces signes, visibles de la plaine du Rh\u00f4ne, et notamment de l&rsquo;autoroute (ce qui n&rsquo;est pas le cas de la b\u00e2che provisoire vaudoise&#8230;), devront donc \u00eatre effac\u00e9s, conform\u00e9ment \u00e0 la d\u00e9cision de a commission cantonale valaisanne des constructions.<\/p>\n<p><em>\u00a9thomasvino.ch<\/em><\/p>\n","protected":false},"excerpt":{"rendered":"<p>\u00abLe monde s\u2019incline devant le vin vaudois\u00bb. Le slogan affich\u00e9 par l\u2019Office des vins vaudois (OVV) sur une b\u00e2che d\u2019une b\u00e2tisse en r\u00e9novation \u00e0 Epesses fait le buzz. Sur Facebook, un historien fait remarquer que, calvinisme mis \u00e0 part, on aurait pu \u00e9crire \u00abse prosterne\u00bb\u2026 En fait, c\u2019est \u00abs\u2019agenouille\u00bb (et comme aurait dit Desproges, dans [&hellip;]<\/p>\n","protected":false},"author":3,"featured_media":0,"comment_status":"closed","ping_status":"open","sticky":false,"template":"","format":"standard","meta":{"_monsterinsights_skip_tracking":false,"_monsterinsights_sitenote_active":false,"_monsterinsights_sitenote_note":"","_monsterinsights_sitenote_category":0,"jetpack_post_was_ever_published":false,"jetpack_publicize_message":"","jetpack_is_tweetstorm":false,"jetpack_publicize_feature_enabled":true,"jetpack_social_post_already_shared":true,"jetpack_social_options":{"image_generator_settings":{"template":"highway","enabled":false}}},"categories":[27],"tags":[1100,918,157],"jetpack_publicize_connections":[],"yoast_head":"<!-- This site is optimized with the Yoast SEO plugin v20.6 - https:\/\/yoast.com\/wordpress\/plugins\/seo\/ -->\n<title>Le slogan qui vous met sur le cul - thomasvino<\/title>\n<meta name=\"robots\" content=\"index, follow, max-snippet:-1, max-image-preview:large, max-video-preview:-1\" \/>\n<link rel=\"canonical\" href=\"https:\/\/thomasvino.ch\/?p=12937\" \/>\n<meta property=\"og:locale\" content=\"fr_FR\" \/>\n<meta property=\"og:type\" content=\"article\" \/>\n<meta property=\"og:title\" content=\"Le slogan qui vous met sur le cul - thomasvino\" \/>\n<meta property=\"og:description\" content=\"\u00abLe monde s\u2019incline devant le vin vaudois\u00bb. Le slogan affich\u00e9 par l\u2019Office des vins vaudois (OVV) sur une b\u00e2che d\u2019une b\u00e2tisse en r\u00e9novation \u00e0 Epesses fait le buzz. Sur Facebook, un historien fait remarquer que, calvinisme mis \u00e0 part, on aurait pu \u00e9crire \u00abse prosterne\u00bb\u2026 En fait, c\u2019est \u00abs\u2019agenouille\u00bb (et comme aurait dit Desproges, dans [&hellip;]\" \/>\n<meta property=\"og:url\" content=\"https:\/\/thomasvino.ch\/?p=12937\" \/>\n<meta property=\"og:site_name\" content=\"thomasvino\" \/>\n<meta property=\"article:published_time\" content=\"2015-08-10T14:48:30+00:00\" \/>\n<meta property=\"article:modified_time\" content=\"2015-08-17T11:44:43+00:00\" \/>\n<meta property=\"og:image\" content=\"http:\/\/www.thomasvino.ch\/wp-content\/uploads\/2015\/08\/clos_du_boux-300x240.jpg\" \/>\n<meta name=\"author\" content=\"Pierre Thomas\" \/>\n<meta name=\"twitter:label1\" content=\"\u00c9crit par\" \/>\n\t<meta name=\"twitter:data1\" content=\"Pierre Thomas\" \/>\n\t<meta name=\"twitter:label2\" content=\"Dur\u00e9e de lecture estim\u00e9e\" \/>\n\t<meta name=\"twitter:data2\" content=\"2 minutes\" \/>\n<script type=\"application\/ld+json\" class=\"yoast-schema-graph\">{\"@context\":\"https:\/\/schema.org\",\"@graph\":[{\"@type\":\"WebPage\",\"@id\":\"https:\/\/thomasvino.ch\/?p=12937\",\"url\":\"https:\/\/thomasvino.ch\/?p=12937\",\"name\":\"Le slogan qui vous met sur le cul - thomasvino\",\"isPartOf\":{\"@id\":\"https:\/\/thomasvino.ch\/#website\"},\"datePublished\":\"2015-08-10T14:48:30+00:00\",\"dateModified\":\"2015-08-17T11:44:43+00:00\",\"author\":{\"@id\":\"https:\/\/thomasvino.ch\/#\/schema\/person\/670bf4486fe81152cf1d68bd585e062e\"},\"breadcrumb\":{\"@id\":\"https:\/\/thomasvino.ch\/?p=12937#breadcrumb\"},\"inLanguage\":\"fr-FR\",\"potentialAction\":[{\"@type\":\"ReadAction\",\"target\":[\"https:\/\/thomasvino.ch\/?p=12937\"]}]},{\"@type\":\"BreadcrumbList\",\"@id\":\"https:\/\/thomasvino.ch\/?p=12937#breadcrumb\",\"itemListElement\":[{\"@type\":\"ListItem\",\"position\":1,\"name\":\"Accueil\",\"item\":\"https:\/\/thomasvino.ch\/\"},{\"@type\":\"ListItem\",\"position\":2,\"name\":\"Le slogan qui vous met sur le cul\"}]},{\"@type\":\"WebSite\",\"@id\":\"https:\/\/thomasvino.ch\/#website\",\"url\":\"https:\/\/thomasvino.ch\/\",\"name\":\"thomasvino\",\"description\":\"Vins &amp; Gastronomie\",\"potentialAction\":[{\"@type\":\"SearchAction\",\"target\":{\"@type\":\"EntryPoint\",\"urlTemplate\":\"https:\/\/thomasvino.ch\/?s={search_term_string}\"},\"query-input\":\"required name=search_term_string\"}],\"inLanguage\":\"fr-FR\"},{\"@type\":\"Person\",\"@id\":\"https:\/\/thomasvino.ch\/#\/schema\/person\/670bf4486fe81152cf1d68bd585e062e\",\"name\":\"Pierre Thomas\",\"image\":{\"@type\":\"ImageObject\",\"inLanguage\":\"fr-FR\",\"@id\":\"https:\/\/thomasvino.ch\/#\/schema\/person\/image\/\",\"url\":\"https:\/\/secure.gravatar.com\/avatar\/91fd5a76647f140e53db987a0dead4d7?s=96&d=mm&r=g\",\"contentUrl\":\"https:\/\/secure.gravatar.com\/avatar\/91fd5a76647f140e53db987a0dead4d7?s=96&d=mm&r=g\",\"caption\":\"Pierre Thomas\"},\"url\":\"https:\/\/thomasvino.ch\/?author=3\"}]}<\/script>\n<!-- \/ Yoast SEO plugin. -->","yoast_head_json":{"title":"Le slogan qui vous met sur le cul - thomasvino","robots":{"index":"index","follow":"follow","max-snippet":"max-snippet:-1","max-image-preview":"max-image-preview:large","max-video-preview":"max-video-preview:-1"},"canonical":"https:\/\/thomasvino.ch\/?p=12937","og_locale":"fr_FR","og_type":"article","og_title":"Le slogan qui vous met sur le cul - thomasvino","og_description":"\u00abLe monde s\u2019incline devant le vin vaudois\u00bb. Le slogan affich\u00e9 par l\u2019Office des vins vaudois (OVV) sur une b\u00e2che d\u2019une b\u00e2tisse en r\u00e9novation \u00e0 Epesses fait le buzz. Sur Facebook, un historien fait remarquer que, calvinisme mis \u00e0 part, on aurait pu \u00e9crire \u00abse prosterne\u00bb\u2026 En fait, c\u2019est \u00abs\u2019agenouille\u00bb (et comme aurait dit Desproges, dans [&hellip;]","og_url":"https:\/\/thomasvino.ch\/?p=12937","og_site_name":"thomasvino","article_published_time":"2015-08-10T14:48:30+00:00","article_modified_time":"2015-08-17T11:44:43+00:00","og_image":[{"url":"http:\/\/www.thomasvino.ch\/wp-content\/uploads\/2015\/08\/clos_du_boux-300x240.jpg"}],"author":"Pierre Thomas","twitter_misc":{"\u00c9crit par":"Pierre Thomas","Dur\u00e9e de lecture estim\u00e9e":"2 minutes"},"schema":{"@context":"https:\/\/schema.org","@graph":[{"@type":"WebPage","@id":"https:\/\/thomasvino.ch\/?p=12937","url":"https:\/\/thomasvino.ch\/?p=12937","name":"Le slogan qui vous met sur le cul - thomasvino","isPartOf":{"@id":"https:\/\/thomasvino.ch\/#website"},"datePublished":"2015-08-10T14:48:30+00:00","dateModified":"2015-08-17T11:44:43+00:00","author":{"@id":"https:\/\/thomasvino.ch\/#\/schema\/person\/670bf4486fe81152cf1d68bd585e062e"},"breadcrumb":{"@id":"https:\/\/thomasvino.ch\/?p=12937#breadcrumb"},"inLanguage":"fr-FR","potentialAction":[{"@type":"ReadAction","target":["https:\/\/thomasvino.ch\/?p=12937"]}]},{"@type":"BreadcrumbList","@id":"https:\/\/thomasvino.ch\/?p=12937#breadcrumb","itemListElement":[{"@type":"ListItem","position":1,"name":"Accueil","item":"https:\/\/thomasvino.ch\/"},{"@type":"ListItem","position":2,"name":"Le slogan qui vous met sur le cul"}]},{"@type":"WebSite","@id":"https:\/\/thomasvino.ch\/#website","url":"https:\/\/thomasvino.ch\/","name":"thomasvino","description":"Vins &amp; Gastronomie","potentialAction":[{"@type":"SearchAction","target":{"@type":"EntryPoint","urlTemplate":"https:\/\/thomasvino.ch\/?s={search_term_string}"},"query-input":"required name=search_term_string"}],"inLanguage":"fr-FR"},{"@type":"Person","@id":"https:\/\/thomasvino.ch\/#\/schema\/person\/670bf4486fe81152cf1d68bd585e062e","name":"Pierre Thomas","image":{"@type":"ImageObject","inLanguage":"fr-FR","@id":"https:\/\/thomasvino.ch\/#\/schema\/person\/image\/","url":"https:\/\/secure.gravatar.com\/avatar\/91fd5a76647f140e53db987a0dead4d7?s=96&d=mm&r=g","contentUrl":"https:\/\/secure.gravatar.com\/avatar\/91fd5a76647f140e53db987a0dead4d7?s=96&d=mm&r=g","caption":"Pierre Thomas"},"url":"https:\/\/thomasvino.ch\/?author=3"}]}},"jetpack_featured_media_url":"","jetpack_sharing_enabled":true,"jetpack_shortlink":"https:\/\/wp.me\/p3m4tZ-3mF","jetpack_likes_enabled":false,"jetpack-related-posts":[{"id":9896,"url":"https:\/\/thomasvino.ch\/?p=9896","url_meta":{"origin":12937,"position":0},"title":"Vins suisses \u2014 Les plus fines papilles vaudoises","date":"9 novembre 2006","format":false,"excerpt":"Vins suisses Les champions 2006 de d\u00e9gustation \u00ab\u00e0 la vaudoise\u00bb La d\u00e9gustation, discipline \u00abconcours Jean-Louis\u00bb, est un sport typiquement vaudois, o\u00f9 il faut un s\u00e9rieux entra\u00eenement pour d\u00e9crocher la timbale. Au Comptoir Suisse, la participation est en baisse : 3336 bulletins enregistr\u00e9s cette ann\u00e9e pour un peu plus de 10%\u2026","rel":"","context":"Dans &quot;Actus - News&quot;","img":{"alt_text":"","src":"","width":0,"height":0},"classes":[]},{"id":15492,"url":"https:\/\/thomasvino.ch\/?p=15492","url_meta":{"origin":12937,"position":1},"title":"Pierre Keller\u00a0: y\u2019en avait point comme lui\u00a0","date":"13 d\u00e9cembre 2018","format":false,"excerpt":"J'avais \u00e9t\u00e9 choqu\u00e9 de le voir tr\u00e8s affaibli \u00e0 la proclamation des r\u00e9sultats de la S\u00e9lection des vins vaudois, \u00e0 l'Ecole h\u00f4teli\u00e8re de Lausanne. Pierre Keller, 74 ans, est d\u00e9c\u00e9d\u00e9 d\u00e9but juillet 2019, d'une maladie du foie.\u00a0Le 12 d\u00e9cembre 2018, les vignerons et acteurs du monde vitivinicole avaient pris cong\u00e9\u2026","rel":"","context":"Dans &quot;Vins suisses&quot;","img":{"alt_text":"","src":"https:\/\/i0.wp.com\/thomasvino.ch\/wp-content\/uploads\/2018\/12\/site_pk_depart-300x268.jpg?resize=350%2C200&ssl=1","width":350,"height":200},"classes":[]},{"id":11196,"url":"https:\/\/thomasvino.ch\/?p=11196","url_meta":{"origin":12937,"position":2},"title":"Vins vaudois  plut\u00f4t B\u00e2le que Zurich","date":"2 octobre 2013","format":false,"excerpt":"Fin d\u2019ann\u00e9e active pour l\u2019Office des vins vaudois. Fin septembre, son directeur, Nicolas Joss et son assistant, Benjamin Gehrig, inauguraient un partenariat avec l\u2019Ecole h\u00f4teli\u00e8re de Lausanne. D\u00e9j\u00e0 amorc\u00e9 par une pr\u00e9sence accrue de vins et de vignerons dans des cours facultatifs, tout au long de l\u2019ann\u00e9e pr\u00e9paratoire renforc\u00e9e, les\u2026","rel":"","context":"Dans &quot;Ev\u00e9nements&quot;","img":{"alt_text":"","src":"","width":0,"height":0},"classes":[]},{"id":10991,"url":"https:\/\/thomasvino.ch\/?p=10991","url_meta":{"origin":12937,"position":3},"title":"Une croisi\u00e8re sur le lac pour f\u00eater  le retour du D\u00e9zaley au sommet","date":"14 juillet 2013","format":false,"excerpt":"Pour c\u00e9l\u00e9brer le retour du D\u00e9zaley (en compagnie du Calamin) en Grand Cru AOC, seuls de ce type parmi les vins vaudois, accord\u00e9 par le Conseil d\u2019Etat le 20 mars 2013 (lire notre dossier complet), les vignerons du D\u00e9zaley ont embarqu\u00e9 le 11 juillet 2013 pour une croisi\u00e8re sur le\u2026","rel":"","context":"Dans &quot;Vins suisses&quot;","img":{"alt_text":"","src":"","width":0,"height":0},"classes":[]},{"id":8820,"url":"https:\/\/thomasvino.ch\/?p=8820","url_meta":{"origin":12937,"position":4},"title":"Vaud \u2014 Trois dossiers en souffrance","date":"12 novembre 2008","format":false,"excerpt":"Vignerons suisses et vaudoisTrois dossiers en souffranceEst-ce parce que les stocks de vins suisses n\u2019ont jamais \u00e9t\u00e9 aussi bas? Le fait est que les vignerons ont du temps \u00e0 perdre en chamailleries. Trois exemples.Par Pierre ThomasIl y a des assembl\u00e9es, en principe ennuyeuses, pourtant seules sources pour faire le point\u2026","rel":"","context":"Dans &quot;Vins suisses&quot;","img":{"alt_text":"","src":"","width":0,"height":0},"classes":[]},{"id":9171,"url":"https:\/\/thomasvino.ch\/?p=9171","url_meta":{"origin":12937,"position":5},"title":"Pierre Keller \u00e0 la rescousse des vins vaudois","date":"11 mai 2011","format":false,"excerpt":"Pierre Keller for President C\u2019est l\u2019homme indispensable \u00e0 \u00abla droite \u2014 vaudoise \u2014 la plus b\u00eate du monde\u00bb (comme l'a \u00e9crit le grand communicateur Marc Comina dans 24 Heures). Directeur sortant de \u00abson\u00bb \u00e9cole, l\u2019ECAL, Pierre Keller est partout\u00a0: \u00e0 la chasse aux primes pour le nouveau Mus\u00e9e des Beaux-Arts\u2026","rel":"","context":"Dans &quot;Actus - News&quot;","img":{"alt_text":"pts_keller.jpg","src":"img\/pts_keller.jpg","width":350,"height":200},"classes":[]}],"_links":{"self":[{"href":"https:\/\/thomasvino.ch\/index.php?rest_route=\/wp\/v2\/posts\/12937"}],"collection":[{"href":"https:\/\/thomasvino.ch\/index.php?rest_route=\/wp\/v2\/posts"}],"about":[{"href":"https:\/\/thomasvino.ch\/index.php?rest_route=\/wp\/v2\/types\/post"}],"author":[{"embeddable":true,"href":"https:\/\/thomasvino.ch\/index.php?rest_route=\/wp\/v2\/users\/3"}],"replies":[{"embeddable":true,"href":"https:\/\/thomasvino.ch\/index.php?rest_route=%2Fwp%2Fv2%2Fcomments&post=12937"}],"version-history":[{"count":0,"href":"https:\/\/thomasvino.ch\/index.php?rest_route=\/wp\/v2\/posts\/12937\/revisions"}],"wp:attachment":[{"href":"https:\/\/thomasvino.ch\/index.php?rest_route=%2Fwp%2Fv2%2Fmedia&parent=12937"}],"wp:term":[{"taxonomy":"category","embeddable":true,"href":"https:\/\/thomasvino.ch\/index.php?rest_route=%2Fwp%2Fv2%2Fcategories&post=12937"},{"taxonomy":"post_tag","embeddable":true,"href":"https:\/\/thomasvino.ch\/index.php?rest_route=%2Fwp%2Fv2%2Ftags&post=12937"}],"curies":[{"name":"wp","href":"https:\/\/api.w.org\/{rel}","templated":true}]}}