{"id":13105,"date":"2015-10-24T10:02:43","date_gmt":"2015-10-24T09:02:43","guid":{"rendered":"http:\/\/www.thomasvino.ch\/?p=13105"},"modified":"2015-11-11T09:15:28","modified_gmt":"2015-11-11T08:15:28","slug":"le-mcr-un-revelateur","status":"publish","type":"post","link":"https:\/\/thomasvino.ch\/?p=13105","title":{"rendered":"Le MCR, un r\u00e9v\u00e9lateur!"},"content":{"rendered":"<p>Faut-il ajouter du MCR (du \u00abmo\u00fbt concentr\u00e9 rectifi\u00e9\u00bb), soit du sirop, au vin fini juste avant la mise en bouteille, pour l&rsquo;arrondir et plaire \u00e0 certains go\u00fbts de certains consommateurs? Berne a autoris\u00e9 cette pratique, comme l&rsquo;Union Europ\u00e9enne, en chargeant les cantons d&rsquo;\u00eatre plus s\u00e9v\u00e8res dans les AOC qui sont de leur ressort.<\/p>\n<p>Le Valais avait imm\u00e9diatement r\u00e9agi en \u00e9t\u00e9 2014. Aujourd&rsquo;hui (novembre 2015), \u00e0 la faveur du projet agr\u00e9\u00e9 par le comit\u00e9 de l&rsquo;IVVVs, le d\u00e9bat revient, \u00e0 propos de l\u00abAOC \u00e0 deux vitesses\u00bb que les Valaisans veulent introduire, l&rsquo;une \u00abdure\u00bb, l&rsquo;autre \u00absouple\u00bb. Les Vaudois ont mis une ann\u00e9e \u00e0 se t\u00e2ter, puis \u00e0 rallier dans la douleur la position du Valais d&rsquo;alors, Fribourg a suivi. A Gen\u00e8ve, \u00e7a coince&#8230; Vendredi 23 octobre, dans Forum, <strong>Christelle Domenjoz<\/strong> m&rsquo;a interview\u00e9 <strong>(<a href=\"http:\/\/www.rts.ch\/audio\/la-1ere\/programmes\/forum\/7172559-geneve-pourrait-int erdire-l-utilisation-de-mout-a-ses-vignerons-23-10-2015.html\">lien sur l&rsquo;\u00e9mission ici<\/a>)<\/strong>.<\/p>\n<p>Dans l&rsquo;hebdomadaire <em>Agri<\/em> du 6 novembre 2011, le conseiller d&rsquo;Etat genevois <strong>Luc Barthassat<\/strong> r\u00e9agit \u00e0 la position \u00abouverte\u00bb de l&rsquo;interprofession genevoise: <em>\u00abJe n&rsquo;ai pas l&rsquo;impression que nous vendrons mieux les vins genevois selon que l&rsquo;on pratique l&rsquo;\u00e9dulcoration ou non, alors autant garder cette qualit\u00e9 sans concession, pr\u00e9server la notori\u00e9t\u00e9 et la sp\u00e9cificit\u00e9 de nos vins AOC. Si on commence \u00e0 faire des AOC \u00e0 plusieurs vitesses, le consommateur n&rsquo;y comprendra plus rien.\u00bb<\/em> Le magistrat genevois touche juste: <strong>des r\u00e8gles claires doivent \u00eatre accessibles au consommateur. En classant 90% de sa production en AOC, la Suisse danse sur un tempo intenable.<\/strong> <strong>Ni la pyramide de qualit\u00e9, ni la l\u00e9gislation de l&rsquo;Union Europ\u00e9enne, en strates qualitatives, ne sont respect\u00e9es, avec une pression sur les prix mises par la grande distribution.<\/strong> Les grands crus et les AOP devraient figurer au sommet de la pyramide, des indications g\u00e9ographiques prot\u00e9g\u00e9es (IGP), dans le gros du milieu de gamme et des vins sans appellation en entr\u00e9e de gamme.<\/p>\n<p>Je n&rsquo;avais pas lu le texte post\u00e9 sur son blog par le Fran\u00e7ais <strong>Jacques Berthomeau<\/strong>, auteur d&rsquo;un fameux rapport sur l&rsquo;\u00e9tat du vin en France, il y a une dizaine d&rsquo;ann\u00e9e.<\/p>\n<p>C&rsquo;est un texte tir\u00e9 du <em>\u00abDictionnaire du bien manger et des mod\u00e8les culinaires\u00bb<\/em>, de <strong>Kilien Stengel<\/strong>, paru chez <strong>Honor\u00e9 Champion<\/strong>, qui r\u00e9sume bien ce que peut penser le consommateur averti : <em>\u00abAvec leurs ar\u00f4mes pr\u00e9tentieux pour lesquels les nouveaux chimistes de l\u2019\u0153nologie ont un penchant coupable, voire immod\u00e9r\u00e9, il est bien difficile de nos jours de trouver un vigneron qui produit un vin \u00e0 l\u2019ancienne, un vrai<\/em> <em>grognard de la garde des vins authentiques. Imaginez un vin qui comme son vigneron fait figure de dinosaure, aussi nerveux l\u2019un que l\u2019autre. <strong>Le vin d\u2019aujourd\u2019hui est-il r\u00e9ellement du vin ou est-ce plut\u00f4t une boisson alcoolis\u00e9e aromatis\u00e9e qui doit plaire au consommateur et qui sert les int\u00e9r\u00eats de ceux qui les \u00e9laborent ?<\/strong> L\u2019\u00e9laboration des vins est devenue une science exacte et les formules magiques ne sont plus tir\u00e9es de grimoires, mais soigneusement mises en fiches dans les m\u00e9moires des ordinateurs. Le ma\u00eetre de chai est encore l\u00e0, certes, essentiellement pour le folklore, mais il a c\u00e9d\u00e9 la place \u00e0 l\u2019\u00e9lectronique et \u00e0 la chimie moderne, que des apprentis sorciers manipulent avec un certain succ\u00e8s. <strong>C\u2019est l\u2019inexorable marche du temps que l\u2019on appelle le \u00ab progr\u00e8s \u00bb et l\u2019implacable \u00e9volution des go\u00fbts et des modes avec des extravagances comme celle du \u00ab f\u00fbt neuf \u00bb, que semble pr\u00f4ner tout le vignoble mondial<\/strong> : les vins sont d\u00e8s lors trop bois\u00e9s, et leur d\u00e9gustation vous fait vous demander si vous n\u2019\u00eates pas en train de\u2026 m\u00e2cher une branche.\u00bb<\/em><\/p>\n<p>A bon d\u00e9gustateur, salut!<\/p>\n<div id=\"attachment_13143\" style=\"width: 310px\" class=\"wp-caption aligncenter\"><a href=\"https:\/\/i0.wp.com\/www.thomasvino.ch\/wp-content\/uploads\/2015\/10\/site_vin_nature.jpg\"><img aria-describedby=\"caption-attachment-13143\" data-attachment-id=\"13143\" data-permalink=\"https:\/\/thomasvino.ch\/?attachment_id=13143\" data-orig-file=\"https:\/\/i0.wp.com\/thomasvino.ch\/wp-content\/uploads\/2015\/10\/site_vin_nature.jpg?fit=680%2C652&amp;ssl=1\" data-orig-size=\"680,652\" data-comments-opened=\"0\" data-image-meta=\"{&quot;aperture&quot;:&quot;0&quot;,&quot;credit&quot;:&quot;&quot;,&quot;camera&quot;:&quot;iPhone 6&quot;,&quot;caption&quot;:&quot;&quot;,&quot;created_timestamp&quot;:&quot;0&quot;,&quot;copyright&quot;:&quot;&quot;,&quot;focal_length&quot;:&quot;0&quot;,&quot;iso&quot;:&quot;0&quot;,&quot;shutter_speed&quot;:&quot;0&quot;,&quot;title&quot;:&quot;&quot;,&quot;orientation&quot;:&quot;1&quot;}\" data-image-title=\"site_vin_nature\" data-image-description=\"\" data-image-caption=\"&lt;p&gt;Un pinot noir d\u00e9nich\u00e9 par l&amp;rsquo;\u0153onologue Caroline Frey (Jaboulet, La Lagune) et post\u00e9 sur FB.&lt;\/p&gt;\n\" data-medium-file=\"https:\/\/i0.wp.com\/thomasvino.ch\/wp-content\/uploads\/2015\/10\/site_vin_nature.jpg?fit=300%2C288&amp;ssl=1\" data-large-file=\"https:\/\/i0.wp.com\/thomasvino.ch\/wp-content\/uploads\/2015\/10\/site_vin_nature.jpg?fit=680%2C652&amp;ssl=1\" loading=\"lazy\" class=\"size-medium wp-image-13143\" src=\"https:\/\/i0.wp.com\/www.thomasvino.ch\/wp-content\/uploads\/2015\/10\/site_vin_nature-300x288.jpg?resize=300%2C288\" alt=\"Un pinot noir d\u00e9nich\u00e9 par l'\u0153onologue Caroline Frey (Jaboulet, La Lagune) et post\u00e9 sur FB.\" width=\"300\" height=\"288\" srcset=\"https:\/\/i0.wp.com\/thomasvino.ch\/wp-content\/uploads\/2015\/10\/site_vin_nature.jpg?resize=300%2C288&amp;ssl=1 300w, https:\/\/i0.wp.com\/thomasvino.ch\/wp-content\/uploads\/2015\/10\/site_vin_nature.jpg?resize=37%2C37&amp;ssl=1 37w, https:\/\/i0.wp.com\/thomasvino.ch\/wp-content\/uploads\/2015\/10\/site_vin_nature.jpg?w=680&amp;ssl=1 680w\" sizes=\"(max-width: 300px) 100vw, 300px\" data-recalc-dims=\"1\" \/><\/a><p id=\"caption-attachment-13143\" class=\"wp-caption-text\">Un pinot noir valaisan d\u00e9nich\u00e9 par l&rsquo;\u0153onologue Caroline Frey (Jaboulet, La Lagune) et post\u00e9 sur FB.<\/p><\/div>\n<p><strong>A la lecture de cette rubrique, l&rsquo;oenologue et vigneron du Vully, Christian Vessaz, a r\u00e9agi. Voici sonb texte, tr\u00e8s int\u00e9ressant sur le \u00abfoss\u00e9\u00bb qui ne cesse de se creuser entre des vins le plus naturels possibles, des \u00abvins viants\u00bb, et des vins plus techniques, \u00abstabilis\u00e9s\u00bb.<\/strong><\/p>\n<p>Oui, il y a toujours plus d\u2019informatique dans notre m\u00e9tier, il y a des apprentis sorciers, des gens peu scrupuleux mais il y a aussi <strong>des \u00ab\u00a0presque encore\u00a0\u00bb jeunes vignerons qui essaient de tracer une nouvelle voie. Du raisin bio, pas de produit en cave (sauf le soufre) et des vins vivants.<\/strong><\/p>\n<p>Il est possible d\u2019utiliser les progr\u00e8s pour am\u00e9liorer la production sans pour autant tomber dans des d\u00e9rives. Il y a encore 15 ans, seuls les post-soixante-huitards faisaient du bio avec souvent seulement la vision alternative qu\u2019elle offrait, sans penser \u00e0 la qualit\u00e9 des vins. Cela a chang\u00e9 gr\u00e2ce \u00e0 principalement \u00e0 deux outils\u00a0:<\/p>\n<p>1) les stations m\u00e9t\u00e9o qui nous informent en temps r\u00e9el du mildiou et nous permettent de mieux cibler nos traitements<\/p>\n<p>2) toute une gamme d\u2019outils pour entretenir le sol sous les ceps.<\/p>\n<p>Sans cela, adieu la culture bio et vive Bayer et Glyphosate\u2026<\/p>\n<p><strong>A la cave, il est possible de travailler sans produit mais c\u2019est compliqu\u00e9.<\/strong> En sortant de l&rsquo;Ecole d&rsquo;\u0153nologie de Changins, pendant presque 10 ans j\u2019ai utilis\u00e9 les artifices, j\u2019ai gagn\u00e9 des m\u00e9dailles. Tout allait pour le mieux avec une belle reconnaissance mais <strong>quitte \u00e0 perdre un peu de reconnaissance j\u2019avais envie de m\u2019en affranchir et depuis trois ans, c\u2019est chose faite mais avec deux fois plus de travail de cave et beaucoup plus de soucis.<\/strong><br \/>\n<strong>Les professionnels vivent un peu dans le d\u00e9ni.<\/strong> Lorsque je leur dit que je n\u2019utilise plus de produit \u00e0 la cave, ils me disent\u2026 nous aussi. Et quand je parle d\u2019enzymes, de levures, de collage, de bact\u00e9ries, etc\u2026 ils leur semble que c\u2019est normal de les utiliser.<\/p>\n<p><strong>Le soufre est pour moi capital, c\u2019est lui qui permet d\u2019avoir la pr\u00e9cision aromatique et \u0153nologique. Sans lui, tous les vins se ressemblent, il n\u2019y a plus de c\u00e9page, de terroir etc\u2026 <\/strong>Avec <strong>C\u00e9dric Besson<\/strong> (Rheinfall) et <strong>Etienne Javet<\/strong>, on partage la m\u00eame vision et d\u2019apr\u00e8s mes connaissances, on est pas encore beaucoup en Suisse \u00e0 travailler ainsi mais cela va changer.<\/p>\n<p>Les anciens ont de la peine \u00e0 l\u00e2cher les produits de cave car c\u2019est cela qui a permis de faire le gain qualitatif de la fin de si\u00e8cle pass\u00e9. <strong>Depuis que j\u2019ai fait le pas, adieu les m\u00e9dailles en concours. Mes vins ne rentrent plus dans le st\u00e9r\u00e9otype de la feuille \u00e0 100 points et surtout ils ne peuvent jamais obtenir un consensus des 5 d\u00e9gustateurs \u00e0 la table.<\/strong> De plus, il faut plus que 1 min 30 pour les appr\u00e9hender et l\u00e0 aussi, les concours ne leur donnent pas le temps n\u00e9cessaire. (&#8230;) Je constate que lorsque des journalistes d\u00e9gustent mes vins, ils les trouvent expressifs et int\u00e9ressants et avec un v\u00e9ritable caract\u00e8re et que quand mes vins sont dans une s\u00e9rie, ils ressortent du lot. Certains parlent de vibration, d\u2019autres de min\u00e9ralit\u00e9 ou encore d\u2019\u00e9quilibre peu importe.<\/p>\n<p><strong>La caract\u00e9ristique des vins \u00ab\u00a0vivants\u00a0\u00bb est leur nature volatile. Je n\u2019arrive pas \u00e0 expliquer mais ces vins changent en fonctions des conditions atmosph\u00e9riques, de l\u2019ambiance.<\/strong> Lors de la d\u00e9gustation, leur aromatique n\u2019est pas fig\u00e9e, elle \u00e9volue au cours de la consommation d\u2019une bouteille. Autant de facteurs qui concourent \u00e0 rendre plus complexe tout classement mais qui tendent \u00e0 \u00e9lever leur complexit\u00e9. <strong>Je parle de vins \u00ab\u00a0vivants\u00a0\u00bb. Ils sont\u00a0: bio \u00e0 la vigne et avec un minimum d\u2019intervention \u00e0 la cave. Ils ne sont pas Nature mais sont plus que bio ou biodynamiques. <\/strong>J\u2019ai commenc\u00e9 avec des essais de biodynamie en 2009 et suis pass\u00e9 en totalit\u00e9 en 2013. D\u00e8s 2013, la vinif a suivi ce chemin aussi.<\/p>\n<p><strong>Avec le recul de trois vendanges, je peux dire que c\u2019est une voie praticable pour les tr\u00e8s bons vignerons du pays.<\/strong> <strong>Elle demande une implication et un d\u00e9vouement sans compter ce qui fait que l\u2019offre sera rare mais possible avec le surco\u00fbt d\u2019une production v\u00e9ritablement artisanale.<\/strong> Ce n\u2019est s\u00fbrement pas la voie pour l\u2019ensemble de la production helv\u00e9tique mais au vu de la jeunesse des producteurs qui se lancent sur ce chemin, l\u2019espoir est l\u00e0 pour l\u2019avenir.<\/p>\n<p><strong>La viticulture suisse est pour moi dans sa jeunesse. Cela fait 20 ans qu\u2019on fait de la qualit\u00e9.<\/strong> On progresse plus vite qu\u2019aucune autre pays. On a eu besoin des concours pour se persuader qu\u2019on faisait des bons vins. <strong>Maintenant, on doit passer \u00e0 l\u2019\u00e9chelon sup\u00e9rieur, celui des grands vins, ceux qui nous impr\u00e8gnent.\u00a0<\/strong><\/p>\n<p>A mon humble avis, <strong>c\u2019est les vins \u00ab\u00a0vivants\u00a0\u00bb qui permettront d\u2019y arriver<\/strong> pour gagner en complexit\u00e9, en profondeur et de s\u2019affranchir du classique \u00ab\u00a0riche et fruit\u00e9\u00a0\u00bb pr\u00e9vu pour d\u00e9crire autant les meilleurs vins blancs que rouges helv\u00e9tiques. Le chemin est encore long, cela me va bien car j\u2019ai encore pas loin de trente mill\u00e9simes \u00e0 r\u00e9aliser\u2026<\/p>\n<p><strong>Christian Vessaz, Vigneron, Cru de l\u2019H\u00f4pital, M\u00f4tier-Vully, octobre 2015.<br \/>\n<\/strong><\/p>\n<p><em>\u00a9thomasvino.ch<\/em><\/p>\n","protected":false},"excerpt":{"rendered":"<p>Faut-il ajouter du MCR (du \u00abmo\u00fbt concentr\u00e9 rectifi\u00e9\u00bb), soit du sirop, au vin fini juste avant la mise en bouteille, pour l&rsquo;arrondir et plaire \u00e0 certains go\u00fbts de certains consommateurs? Berne a autoris\u00e9 cette pratique, comme l&rsquo;Union Europ\u00e9enne, en chargeant les cantons d&rsquo;\u00eatre plus s\u00e9v\u00e8res dans les AOC qui sont de leur ressort. Le Valais [&hellip;]<\/p>\n","protected":false},"author":3,"featured_media":0,"comment_status":"closed","ping_status":"open","sticky":false,"template":"","format":"standard","meta":{"_monsterinsights_skip_tracking":false,"_monsterinsights_sitenote_active":false,"_monsterinsights_sitenote_note":"","_monsterinsights_sitenote_category":0,"jetpack_post_was_ever_published":false,"jetpack_publicize_message":"","jetpack_is_tweetstorm":false,"jetpack_publicize_feature_enabled":true,"jetpack_social_post_already_shared":true,"jetpack_social_options":{"image_generator_settings":{"template":"highway","enabled":false}}},"categories":[15],"tags":[],"jetpack_publicize_connections":[],"yoast_head":"<!-- This site is optimized with the Yoast SEO plugin v20.6 - https:\/\/yoast.com\/wordpress\/plugins\/seo\/ -->\n<title>Le MCR, un r\u00e9v\u00e9lateur! - thomasvino<\/title>\n<meta name=\"robots\" content=\"index, follow, max-snippet:-1, max-image-preview:large, max-video-preview:-1\" \/>\n<link rel=\"canonical\" href=\"https:\/\/thomasvino.ch\/?p=13105\" \/>\n<meta property=\"og:locale\" content=\"fr_FR\" \/>\n<meta property=\"og:type\" content=\"article\" \/>\n<meta property=\"og:title\" content=\"Le MCR, un r\u00e9v\u00e9lateur! - thomasvino\" \/>\n<meta property=\"og:description\" content=\"Faut-il ajouter du MCR (du \u00abmo\u00fbt concentr\u00e9 rectifi\u00e9\u00bb), soit du sirop, au vin fini juste avant la mise en bouteille, pour l&rsquo;arrondir et plaire \u00e0 certains go\u00fbts de certains consommateurs? Berne a autoris\u00e9 cette pratique, comme l&rsquo;Union Europ\u00e9enne, en chargeant les cantons d&rsquo;\u00eatre plus s\u00e9v\u00e8res dans les AOC qui sont de leur ressort. Le Valais [&hellip;]\" \/>\n<meta property=\"og:url\" content=\"https:\/\/thomasvino.ch\/?p=13105\" \/>\n<meta property=\"og:site_name\" content=\"thomasvino\" \/>\n<meta property=\"article:published_time\" content=\"2015-10-24T09:02:43+00:00\" \/>\n<meta property=\"article:modified_time\" content=\"2015-11-11T08:15:28+00:00\" \/>\n<meta property=\"og:image\" content=\"http:\/\/www.thomasvino.ch\/wp-content\/uploads\/2015\/10\/site_vin_nature-300x288.jpg\" \/>\n<meta name=\"author\" content=\"Pierre Thomas\" \/>\n<meta name=\"twitter:label1\" content=\"\u00c9crit par\" \/>\n\t<meta name=\"twitter:data1\" content=\"Pierre Thomas\" \/>\n\t<meta name=\"twitter:label2\" content=\"Dur\u00e9e de lecture estim\u00e9e\" \/>\n\t<meta name=\"twitter:data2\" content=\"8 minutes\" \/>\n<script type=\"application\/ld+json\" class=\"yoast-schema-graph\">{\"@context\":\"https:\/\/schema.org\",\"@graph\":[{\"@type\":\"WebPage\",\"@id\":\"https:\/\/thomasvino.ch\/?p=13105\",\"url\":\"https:\/\/thomasvino.ch\/?p=13105\",\"name\":\"Le MCR, un r\u00e9v\u00e9lateur! - thomasvino\",\"isPartOf\":{\"@id\":\"https:\/\/thomasvino.ch\/#website\"},\"datePublished\":\"2015-10-24T09:02:43+00:00\",\"dateModified\":\"2015-11-11T08:15:28+00:00\",\"author\":{\"@id\":\"https:\/\/thomasvino.ch\/#\/schema\/person\/670bf4486fe81152cf1d68bd585e062e\"},\"breadcrumb\":{\"@id\":\"https:\/\/thomasvino.ch\/?p=13105#breadcrumb\"},\"inLanguage\":\"fr-FR\",\"potentialAction\":[{\"@type\":\"ReadAction\",\"target\":[\"https:\/\/thomasvino.ch\/?p=13105\"]}]},{\"@type\":\"BreadcrumbList\",\"@id\":\"https:\/\/thomasvino.ch\/?p=13105#breadcrumb\",\"itemListElement\":[{\"@type\":\"ListItem\",\"position\":1,\"name\":\"Accueil\",\"item\":\"https:\/\/thomasvino.ch\/\"},{\"@type\":\"ListItem\",\"position\":2,\"name\":\"Le MCR, un r\u00e9v\u00e9lateur!\"}]},{\"@type\":\"WebSite\",\"@id\":\"https:\/\/thomasvino.ch\/#website\",\"url\":\"https:\/\/thomasvino.ch\/\",\"name\":\"thomasvino\",\"description\":\"Vins &amp; Gastronomie\",\"potentialAction\":[{\"@type\":\"SearchAction\",\"target\":{\"@type\":\"EntryPoint\",\"urlTemplate\":\"https:\/\/thomasvino.ch\/?s={search_term_string}\"},\"query-input\":\"required name=search_term_string\"}],\"inLanguage\":\"fr-FR\"},{\"@type\":\"Person\",\"@id\":\"https:\/\/thomasvino.ch\/#\/schema\/person\/670bf4486fe81152cf1d68bd585e062e\",\"name\":\"Pierre Thomas\",\"image\":{\"@type\":\"ImageObject\",\"inLanguage\":\"fr-FR\",\"@id\":\"https:\/\/thomasvino.ch\/#\/schema\/person\/image\/\",\"url\":\"https:\/\/secure.gravatar.com\/avatar\/91fd5a76647f140e53db987a0dead4d7?s=96&d=mm&r=g\",\"contentUrl\":\"https:\/\/secure.gravatar.com\/avatar\/91fd5a76647f140e53db987a0dead4d7?s=96&d=mm&r=g\",\"caption\":\"Pierre Thomas\"},\"url\":\"https:\/\/thomasvino.ch\/?author=3\"}]}<\/script>\n<!-- \/ Yoast SEO plugin. -->","yoast_head_json":{"title":"Le MCR, un r\u00e9v\u00e9lateur! - thomasvino","robots":{"index":"index","follow":"follow","max-snippet":"max-snippet:-1","max-image-preview":"max-image-preview:large","max-video-preview":"max-video-preview:-1"},"canonical":"https:\/\/thomasvino.ch\/?p=13105","og_locale":"fr_FR","og_type":"article","og_title":"Le MCR, un r\u00e9v\u00e9lateur! - thomasvino","og_description":"Faut-il ajouter du MCR (du \u00abmo\u00fbt concentr\u00e9 rectifi\u00e9\u00bb), soit du sirop, au vin fini juste avant la mise en bouteille, pour l&rsquo;arrondir et plaire \u00e0 certains go\u00fbts de certains consommateurs? Berne a autoris\u00e9 cette pratique, comme l&rsquo;Union Europ\u00e9enne, en chargeant les cantons d&rsquo;\u00eatre plus s\u00e9v\u00e8res dans les AOC qui sont de leur ressort. Le Valais [&hellip;]","og_url":"https:\/\/thomasvino.ch\/?p=13105","og_site_name":"thomasvino","article_published_time":"2015-10-24T09:02:43+00:00","article_modified_time":"2015-11-11T08:15:28+00:00","og_image":[{"url":"http:\/\/www.thomasvino.ch\/wp-content\/uploads\/2015\/10\/site_vin_nature-300x288.jpg"}],"author":"Pierre Thomas","twitter_misc":{"\u00c9crit par":"Pierre Thomas","Dur\u00e9e de lecture estim\u00e9e":"8 minutes"},"schema":{"@context":"https:\/\/schema.org","@graph":[{"@type":"WebPage","@id":"https:\/\/thomasvino.ch\/?p=13105","url":"https:\/\/thomasvino.ch\/?p=13105","name":"Le MCR, un r\u00e9v\u00e9lateur! - thomasvino","isPartOf":{"@id":"https:\/\/thomasvino.ch\/#website"},"datePublished":"2015-10-24T09:02:43+00:00","dateModified":"2015-11-11T08:15:28+00:00","author":{"@id":"https:\/\/thomasvino.ch\/#\/schema\/person\/670bf4486fe81152cf1d68bd585e062e"},"breadcrumb":{"@id":"https:\/\/thomasvino.ch\/?p=13105#breadcrumb"},"inLanguage":"fr-FR","potentialAction":[{"@type":"ReadAction","target":["https:\/\/thomasvino.ch\/?p=13105"]}]},{"@type":"BreadcrumbList","@id":"https:\/\/thomasvino.ch\/?p=13105#breadcrumb","itemListElement":[{"@type":"ListItem","position":1,"name":"Accueil","item":"https:\/\/thomasvino.ch\/"},{"@type":"ListItem","position":2,"name":"Le MCR, un r\u00e9v\u00e9lateur!"}]},{"@type":"WebSite","@id":"https:\/\/thomasvino.ch\/#website","url":"https:\/\/thomasvino.ch\/","name":"thomasvino","description":"Vins &amp; Gastronomie","potentialAction":[{"@type":"SearchAction","target":{"@type":"EntryPoint","urlTemplate":"https:\/\/thomasvino.ch\/?s={search_term_string}"},"query-input":"required name=search_term_string"}],"inLanguage":"fr-FR"},{"@type":"Person","@id":"https:\/\/thomasvino.ch\/#\/schema\/person\/670bf4486fe81152cf1d68bd585e062e","name":"Pierre Thomas","image":{"@type":"ImageObject","inLanguage":"fr-FR","@id":"https:\/\/thomasvino.ch\/#\/schema\/person\/image\/","url":"https:\/\/secure.gravatar.com\/avatar\/91fd5a76647f140e53db987a0dead4d7?s=96&d=mm&r=g","contentUrl":"https:\/\/secure.gravatar.com\/avatar\/91fd5a76647f140e53db987a0dead4d7?s=96&d=mm&r=g","caption":"Pierre Thomas"},"url":"https:\/\/thomasvino.ch\/?author=3"}]}},"jetpack_featured_media_url":"","jetpack_sharing_enabled":true,"jetpack_shortlink":"https:\/\/wp.me\/p3m4tZ-3pn","jetpack_likes_enabled":false,"jetpack-related-posts":[{"id":12981,"url":"https:\/\/thomasvino.ch\/?p=12981","url_meta":{"origin":13105,"position":0},"title":"MCR et contr\u00f4le des vignes  Vaud s\u2019aligne sur le Valais","date":"29 ao\u00fbt 2015","format":false,"excerpt":"Ajouter du \u00abmo\u00fbt concentr\u00e9 rectifi\u00e9\u00bb (MCR) pour arrondir les vins \u00e0 la mise en bouteille est d\u00e9sormais proscrit pour les vins AOC vaudois. Le r\u00e8glement cantonal sur les vins a \u00e9t\u00e9 modifi\u00e9 dans ce sens. Le Valais avait d\u00e9j\u00e0 r\u00e9agi dans la m\u00eame direction il y a une ann\u00e9e, en\u2026","rel":"","context":"Dans &quot;Actus - News&quot;","img":{"alt_text":"","src":"","width":0,"height":0},"classes":[]},{"id":13554,"url":"https:\/\/thomasvino.ch\/?p=13554","url_meta":{"origin":13105,"position":1},"title":"Vins du Valais  en attendant les IGP","date":"6 mai 2016","format":false,"excerpt":"La montagne valaisanne aura accouch\u00e9 d\u2019une souris\u00a0: le Conseil d\u2019Etat valaisan a confirm\u00e9 l\u2019interdiction des copeaux et du mo\u00fbt concentr\u00e9 rectifi\u00e9 (MCR) dans les vins AOC du Valais. Il confirme ainsi une d\u00e9cision prise rapidement il y a pr\u00e8s de deux ans. Pas de modification fondamentale du r\u00e8glement AOC, non\u2026","rel":"","context":"Dans &quot;Actus - News&quot;","img":{"alt_text":"","src":"","width":0,"height":0},"classes":[]},{"id":13377,"url":"https:\/\/thomasvino.ch\/?p=13377","url_meta":{"origin":13105,"position":2},"title":"Vins du Valais : que veut vraiment l\u2019IVV ?","date":"24 f\u00e9vrier 2016","format":false,"excerpt":"L\u2019Etat du Valais et l\u2019Interprofession de la vigne et des vins du Valais (IVV) doivent se mettre d\u2019accord ce printemps sur les points d\u2019une nouvelle ordonnance sur la vigne et le vin (rempla\u00e7ant celle du 17 mars 2004). Les deux parties pourront-elles tomber d\u2019accord\u00a0? Et sur quels chapitres\u00a0? Le point\u2026","rel":"","context":"Dans &quot;Vins suisses&quot;","img":{"alt_text":"","src":"","width":0,"height":0},"classes":[]},{"id":8830,"url":"https:\/\/thomasvino.ch\/?p=8830","url_meta":{"origin":13105,"position":3},"title":"Vaud et Valais \u2014 Les AOC se d\u00e9cantent","date":"10 d\u00e9cembre 2008","format":false,"excerpt":"Vaud-ValaisLes AOC se d\u00e9cantentSur le front des \u00abappellations d\u2019origine contr\u00f4l\u00e9e\u00bb (AOC), les Vaudois avancent, tandis que les Valaisans doivent plier. Le point sur deux dossiers chauds.Par Pierre ThomasLa pyramide des AOC vaudoises se met en place. Mardi pass\u00e9 (2.12.08), au Centre patronal de Paudex (VD), o\u00f9 sera d\u00e9sormais bas\u00e9 l\u2019Office\u2026","rel":"","context":"Dans &quot;Vins suisses&quot;","img":{"alt_text":"","src":"","width":0,"height":0},"classes":[]},{"id":12385,"url":"https:\/\/thomasvino.ch\/?p=12385","url_meta":{"origin":13105,"position":4},"title":"Vitiviniculture valaisanne  Viti 2020  des pistes pour l\u2019avenir","date":"26 novembre 2014","format":false,"excerpt":"Le 2 novembre 2014, le pr\u00e9sident du Conseil d\u2019Etat, Jean-Michel Cina, avait coup\u00e9 l\u2019herbe sous les pieds de l\u2019Interprofession de la vigne et du vin du Valais (IVVS), en rendant public un rapport de l\u2019administration sur les dysfonctionnements de la vitiviniculture valaisanne et des rem\u00e8des \u00e0 soumettre \u00e0 la profession.\u2026","rel":"","context":"Dans &quot;Vins suisses&quot;","img":{"alt_text":"","src":"","width":0,"height":0},"classes":[]},{"id":12323,"url":"https:\/\/thomasvino.ch\/?p=12323","url_meta":{"origin":13105,"position":5},"title":"Les AOC vaudoises font une nouvelle victime","date":"2 novembre 2014","format":false,"excerpt":"Le Matin-Dimanche de ce jour, 2 novembre 2014, r\u00e9v\u00e8le que le principal courtier vaudois s\u2019est fait prendre dans un coupage illicite de vin blanc de Saint-Saphorin. L\u2019erreur porterait sur 2,5% d\u2019exc\u00e9dent d'assemblage, sur un total de 60'000 litres, soit 75'000 bouteilles \u00e0 destination de Coop. L\u2019autorit\u00e9 \u00e0 qui le chimiste\u2026","rel":"","context":"Dans &quot;Vins suisses&quot;","img":{"alt_text":"","src":"","width":0,"height":0},"classes":[]}],"_links":{"self":[{"href":"https:\/\/thomasvino.ch\/index.php?rest_route=\/wp\/v2\/posts\/13105"}],"collection":[{"href":"https:\/\/thomasvino.ch\/index.php?rest_route=\/wp\/v2\/posts"}],"about":[{"href":"https:\/\/thomasvino.ch\/index.php?rest_route=\/wp\/v2\/types\/post"}],"author":[{"embeddable":true,"href":"https:\/\/thomasvino.ch\/index.php?rest_route=\/wp\/v2\/users\/3"}],"replies":[{"embeddable":true,"href":"https:\/\/thomasvino.ch\/index.php?rest_route=%2Fwp%2Fv2%2Fcomments&post=13105"}],"version-history":[{"count":0,"href":"https:\/\/thomasvino.ch\/index.php?rest_route=\/wp\/v2\/posts\/13105\/revisions"}],"wp:attachment":[{"href":"https:\/\/thomasvino.ch\/index.php?rest_route=%2Fwp%2Fv2%2Fmedia&parent=13105"}],"wp:term":[{"taxonomy":"category","embeddable":true,"href":"https:\/\/thomasvino.ch\/index.php?rest_route=%2Fwp%2Fv2%2Fcategories&post=13105"},{"taxonomy":"post_tag","embeddable":true,"href":"https:\/\/thomasvino.ch\/index.php?rest_route=%2Fwp%2Fv2%2Ftags&post=13105"}],"curies":[{"name":"wp","href":"https:\/\/api.w.org\/{rel}","templated":true}]}}