{"id":13150,"date":"2015-11-04T15:52:30","date_gmt":"2015-11-04T14:52:30","guid":{"rendered":"http:\/\/www.thomasvino.ch\/?p=13150"},"modified":"2015-11-04T15:52:30","modified_gmt":"2015-11-04T14:52:30","slug":"lunion-suisse-des-oenologues-et-lunion-europeenne","status":"publish","type":"post","link":"https:\/\/thomasvino.ch\/?p=13150","title":{"rendered":"L&rsquo;Union suisse des \u0153nologues et l&rsquo;Union europ\u00e9enne"},"content":{"rendered":"<p><strong>Certes, l\u2019Union suisse des \u0153nologues, pr\u00e9sid\u00e9e par le Vaudois Daniel Dufaux, existe depuis plus d\u2019un quart de si\u00e8cle, mais elle vient de cr\u00e9er une<em> \u00abcommission nationale d\u2019\u0153nologie\u00bb<\/em>, pr\u00e9sid\u00e9e par le Vaudois Alain Gruaz, sous-directeur cave, \u0153nologie et embouteillage du plus grand acteur du secteur, le groupe Schenk SA, \u00e0 Rolle.<\/strong><\/p>\n<p>La commission est form\u00e9e du Tessinois <strong>Francesco Tettamanti<\/strong>, vice-pr\u00e9sident, au service des domaines de <strong>Meinrad Perler<\/strong>, de la Valaisanne <strong>Sandrine Caloz<\/strong>, du Thurgovien <strong>Micha\u00ebl Balmer,<\/strong> de l\u2019\u0153nologue cantonal vaudois <strong>Philippe Meyer<\/strong>, de son homologue genevois, qui va rejoindre le domaine familial \u00e0 Cully, le Vaudois <strong>Guillaume Potterat<\/strong>, et de <strong>Samuel Panchard<\/strong>, un des \u0153nologues de Provins-Valais.<\/p>\n<p>La <em>\u00abmission prioritaire\u00bb<\/em> de ce groupe sera <em>\u00abl\u2019\u00e9tude syst\u00e9matique de toutes les pratiques et techniques \u0153nologiques admises dans l\u2019Union Europ\u00e9enne et sujettes \u00e0 une introduction prochaine dans le droit suisse\u00bb<\/em>.<\/p>\n<p>Un communiqu\u00e9 de presse ne prend gu\u00e8re de risque en affirmant que si <em>\u00abl\u2019harmonisation (des droits europ\u00e9en et suisse) est n\u00e9cessaire (\u2026), elle g\u00e9n\u00e8re r\u00e9guli\u00e8rement des difficult\u00e9s d\u2019application.\u00bb<\/em> Et aussi <em>\u00ables sp\u00e9cificit\u00e9s cantonales occasionnent de n\u00e9cessaires interpr\u00e9tations pour tenir compte de r\u00e9alit\u00e9s locales ou r\u00e9gionales.\u00bb<\/em> Toutefois, cruel constat, <em>\u00abune vue d\u2019ensemble des questions touchant aux pratiques \u0153nologiques fait actuellement d\u00e9faut.\u00bb<\/em><\/p>\n<p>La commission entend collaborer avec les services cantonaux comp\u00e9tents. Et <em>\u00abune communication aux m\u00e9dias sera effectu\u00e9e lorsqu\u2019elle sera jug\u00e9e pertinente\u00bb<\/em>. (Bonne) question de journaliste\u00a0: jug\u00e9e pertinente par qui?<\/p>\n<p><em>\u00a9thomasvino.ch<\/em><\/p>\n","protected":false},"excerpt":{"rendered":"<p>Certes, l\u2019Union suisse des \u0153nologues, pr\u00e9sid\u00e9e par le Vaudois Daniel Dufaux, existe depuis plus d\u2019un quart de si\u00e8cle, mais elle vient de cr\u00e9er une \u00abcommission nationale d\u2019\u0153nologie\u00bb, pr\u00e9sid\u00e9e par le Vaudois Alain Gruaz, sous-directeur cave, \u0153nologie et embouteillage du plus grand acteur du secteur, le groupe Schenk SA, \u00e0 Rolle. La commission est form\u00e9e du [&hellip;]<\/p>\n","protected":false},"author":3,"featured_media":0,"comment_status":"closed","ping_status":"open","sticky":false,"template":"","format":"standard","meta":{"_monsterinsights_skip_tracking":false,"_monsterinsights_sitenote_active":false,"_monsterinsights_sitenote_note":"","_monsterinsights_sitenote_category":0,"jetpack_post_was_ever_published":false,"jetpack_publicize_message":"","jetpack_is_tweetstorm":false,"jetpack_publicize_feature_enabled":true,"jetpack_social_post_already_shared":true,"jetpack_social_options":{"image_generator_settings":{"template":"highway","enabled":false}}},"categories":[15],"tags":[1171,1170,1172,130,1173],"jetpack_publicize_connections":[],"yoast_head":"<!-- This site is optimized with the Yoast SEO plugin v20.6 - https:\/\/yoast.com\/wordpress\/plugins\/seo\/ -->\n<title>L&#039;Union suisse des \u0153nologues et l&#039;Union europ\u00e9enne - thomasvino<\/title>\n<meta name=\"robots\" content=\"index, follow, max-snippet:-1, max-image-preview:large, max-video-preview:-1\" \/>\n<link rel=\"canonical\" href=\"https:\/\/thomasvino.ch\/?p=13150\" \/>\n<meta property=\"og:locale\" content=\"fr_FR\" \/>\n<meta property=\"og:type\" content=\"article\" \/>\n<meta property=\"og:title\" content=\"L&#039;Union suisse des \u0153nologues et l&#039;Union europ\u00e9enne - thomasvino\" \/>\n<meta property=\"og:description\" content=\"Certes, l\u2019Union suisse des \u0153nologues, pr\u00e9sid\u00e9e par le Vaudois Daniel Dufaux, existe depuis plus d\u2019un quart de si\u00e8cle, mais elle vient de cr\u00e9er une \u00abcommission nationale d\u2019\u0153nologie\u00bb, pr\u00e9sid\u00e9e par le Vaudois Alain Gruaz, sous-directeur cave, \u0153nologie et embouteillage du plus grand acteur du secteur, le groupe Schenk SA, \u00e0 Rolle. La commission est form\u00e9e du [&hellip;]\" \/>\n<meta property=\"og:url\" content=\"https:\/\/thomasvino.ch\/?p=13150\" \/>\n<meta property=\"og:site_name\" content=\"thomasvino\" \/>\n<meta property=\"article:published_time\" content=\"2015-11-04T14:52:30+00:00\" \/>\n<meta name=\"author\" content=\"Pierre Thomas\" \/>\n<meta name=\"twitter:label1\" content=\"\u00c9crit par\" \/>\n\t<meta name=\"twitter:data1\" content=\"Pierre Thomas\" \/>\n\t<meta name=\"twitter:label2\" content=\"Dur\u00e9e de lecture estim\u00e9e\" \/>\n\t<meta name=\"twitter:data2\" content=\"1 minute\" \/>\n<script type=\"application\/ld+json\" class=\"yoast-schema-graph\">{\"@context\":\"https:\/\/schema.org\",\"@graph\":[{\"@type\":\"WebPage\",\"@id\":\"https:\/\/thomasvino.ch\/?p=13150\",\"url\":\"https:\/\/thomasvino.ch\/?p=13150\",\"name\":\"L'Union suisse des \u0153nologues et l'Union europ\u00e9enne - thomasvino\",\"isPartOf\":{\"@id\":\"https:\/\/thomasvino.ch\/#website\"},\"datePublished\":\"2015-11-04T14:52:30+00:00\",\"dateModified\":\"2015-11-04T14:52:30+00:00\",\"author\":{\"@id\":\"https:\/\/thomasvino.ch\/#\/schema\/person\/670bf4486fe81152cf1d68bd585e062e\"},\"breadcrumb\":{\"@id\":\"https:\/\/thomasvino.ch\/?p=13150#breadcrumb\"},\"inLanguage\":\"fr-FR\",\"potentialAction\":[{\"@type\":\"ReadAction\",\"target\":[\"https:\/\/thomasvino.ch\/?p=13150\"]}]},{\"@type\":\"BreadcrumbList\",\"@id\":\"https:\/\/thomasvino.ch\/?p=13150#breadcrumb\",\"itemListElement\":[{\"@type\":\"ListItem\",\"position\":1,\"name\":\"Accueil\",\"item\":\"https:\/\/thomasvino.ch\/\"},{\"@type\":\"ListItem\",\"position\":2,\"name\":\"L&rsquo;Union suisse des \u0153nologues et l&rsquo;Union europ\u00e9enne\"}]},{\"@type\":\"WebSite\",\"@id\":\"https:\/\/thomasvino.ch\/#website\",\"url\":\"https:\/\/thomasvino.ch\/\",\"name\":\"thomasvino\",\"description\":\"Vins &amp; Gastronomie\",\"potentialAction\":[{\"@type\":\"SearchAction\",\"target\":{\"@type\":\"EntryPoint\",\"urlTemplate\":\"https:\/\/thomasvino.ch\/?s={search_term_string}\"},\"query-input\":\"required name=search_term_string\"}],\"inLanguage\":\"fr-FR\"},{\"@type\":\"Person\",\"@id\":\"https:\/\/thomasvino.ch\/#\/schema\/person\/670bf4486fe81152cf1d68bd585e062e\",\"name\":\"Pierre Thomas\",\"image\":{\"@type\":\"ImageObject\",\"inLanguage\":\"fr-FR\",\"@id\":\"https:\/\/thomasvino.ch\/#\/schema\/person\/image\/\",\"url\":\"https:\/\/secure.gravatar.com\/avatar\/91fd5a76647f140e53db987a0dead4d7?s=96&d=mm&r=g\",\"contentUrl\":\"https:\/\/secure.gravatar.com\/avatar\/91fd5a76647f140e53db987a0dead4d7?s=96&d=mm&r=g\",\"caption\":\"Pierre Thomas\"},\"url\":\"https:\/\/thomasvino.ch\/?author=3\"}]}<\/script>\n<!-- \/ Yoast SEO plugin. -->","yoast_head_json":{"title":"L'Union suisse des \u0153nologues et l'Union europ\u00e9enne - thomasvino","robots":{"index":"index","follow":"follow","max-snippet":"max-snippet:-1","max-image-preview":"max-image-preview:large","max-video-preview":"max-video-preview:-1"},"canonical":"https:\/\/thomasvino.ch\/?p=13150","og_locale":"fr_FR","og_type":"article","og_title":"L'Union suisse des \u0153nologues et l'Union europ\u00e9enne - thomasvino","og_description":"Certes, l\u2019Union suisse des \u0153nologues, pr\u00e9sid\u00e9e par le Vaudois Daniel Dufaux, existe depuis plus d\u2019un quart de si\u00e8cle, mais elle vient de cr\u00e9er une \u00abcommission nationale d\u2019\u0153nologie\u00bb, pr\u00e9sid\u00e9e par le Vaudois Alain Gruaz, sous-directeur cave, \u0153nologie et embouteillage du plus grand acteur du secteur, le groupe Schenk SA, \u00e0 Rolle. La commission est form\u00e9e du [&hellip;]","og_url":"https:\/\/thomasvino.ch\/?p=13150","og_site_name":"thomasvino","article_published_time":"2015-11-04T14:52:30+00:00","author":"Pierre Thomas","twitter_misc":{"\u00c9crit par":"Pierre Thomas","Dur\u00e9e de lecture estim\u00e9e":"1 minute"},"schema":{"@context":"https:\/\/schema.org","@graph":[{"@type":"WebPage","@id":"https:\/\/thomasvino.ch\/?p=13150","url":"https:\/\/thomasvino.ch\/?p=13150","name":"L'Union suisse des \u0153nologues et l'Union europ\u00e9enne - thomasvino","isPartOf":{"@id":"https:\/\/thomasvino.ch\/#website"},"datePublished":"2015-11-04T14:52:30+00:00","dateModified":"2015-11-04T14:52:30+00:00","author":{"@id":"https:\/\/thomasvino.ch\/#\/schema\/person\/670bf4486fe81152cf1d68bd585e062e"},"breadcrumb":{"@id":"https:\/\/thomasvino.ch\/?p=13150#breadcrumb"},"inLanguage":"fr-FR","potentialAction":[{"@type":"ReadAction","target":["https:\/\/thomasvino.ch\/?p=13150"]}]},{"@type":"BreadcrumbList","@id":"https:\/\/thomasvino.ch\/?p=13150#breadcrumb","itemListElement":[{"@type":"ListItem","position":1,"name":"Accueil","item":"https:\/\/thomasvino.ch\/"},{"@type":"ListItem","position":2,"name":"L&rsquo;Union suisse des \u0153nologues et l&rsquo;Union europ\u00e9enne"}]},{"@type":"WebSite","@id":"https:\/\/thomasvino.ch\/#website","url":"https:\/\/thomasvino.ch\/","name":"thomasvino","description":"Vins &amp; Gastronomie","potentialAction":[{"@type":"SearchAction","target":{"@type":"EntryPoint","urlTemplate":"https:\/\/thomasvino.ch\/?s={search_term_string}"},"query-input":"required name=search_term_string"}],"inLanguage":"fr-FR"},{"@type":"Person","@id":"https:\/\/thomasvino.ch\/#\/schema\/person\/670bf4486fe81152cf1d68bd585e062e","name":"Pierre Thomas","image":{"@type":"ImageObject","inLanguage":"fr-FR","@id":"https:\/\/thomasvino.ch\/#\/schema\/person\/image\/","url":"https:\/\/secure.gravatar.com\/avatar\/91fd5a76647f140e53db987a0dead4d7?s=96&d=mm&r=g","contentUrl":"https:\/\/secure.gravatar.com\/avatar\/91fd5a76647f140e53db987a0dead4d7?s=96&d=mm&r=g","caption":"Pierre Thomas"},"url":"https:\/\/thomasvino.ch\/?author=3"}]}},"jetpack_featured_media_url":"","jetpack_sharing_enabled":true,"jetpack_shortlink":"https:\/\/wp.me\/p3m4tZ-3q6","jetpack_likes_enabled":false,"jetpack-related-posts":[{"id":13896,"url":"https:\/\/thomasvino.ch\/?p=13896","url_meta":{"origin":13150,"position":0},"title":"L\u2019OIV choisit la Suisse pour son congr\u00e8s 2019","date":"31 octobre 2016","format":false,"excerpt":"L\u2019Organisation internationale de la vigne et du vin (OIV), dont le si\u00e8ge est \u00e0 Paris, vient de d\u00e9signer la Suisse, et plus particuli\u00e8rement Gen\u00e8ve, pour accueillir son 42\u00e8me congr\u00e8s, en \u00e9t\u00e9 2019 (du 22 au 26 juillet). La Suisse a d\u00e9j\u00e0 eu cet honneur en 1935 et en 1977. L\u2019OIV,\u2026","rel":"","context":"Dans &quot;Actus - News&quot;","img":{"alt_text":"","src":"","width":0,"height":0},"classes":[]},{"id":13302,"url":"https:\/\/thomasvino.ch\/?p=13302","url_meta":{"origin":13150,"position":1},"title":"Badoux et Provins: pros de l&rsquo;\u0153no promus","date":"5 janvier 2016","format":false,"excerpt":"C'est l'\u0153nologue maison, Daniel Dufaux, 52 ans, qui succ\u00e8de, chez Badoux, \u00e0 Aigle, au directeur Kurt Egli, plus de 40 ans dans la maison, mais depuis 7 ans directeur. Chez Provins, l'\u0153nologue valaisan Marc-Andr\u00e9 Devanth\u00e9ry, 48 ans, acc\u00e8de \u00e0 la direction technique, apr\u00e8s le d\u00e9part abrupt\u00a0l'\u00e9t\u00e9 dernier du Valaisan G\u00e9rald\u2026","rel":"","context":"Dans &quot;Actus - News&quot;","img":{"alt_text":"","src":"","width":0,"height":0},"classes":[]},{"id":10033,"url":"https:\/\/thomasvino.ch\/?p=10033","url_meta":{"origin":13150,"position":2},"title":"Les 20 ans de l&rsquo;Union suisse des oenologues","date":"3 novembre 2007","format":false,"excerpt":"L\u2019\u00e2ge de raison des \u0153nologues suissesSamedi 24 novembre, l\u2019Union suisse des \u0153nologues f\u00eate ses vingt ans au Centre du Loewenberg, pr\u00e8s de Morat. Le matin, d\u00e8s 9 h. 45, un d\u00e9bat public fera le point sur cet \u00ab\u00e2ge de raison\u00bb, centr\u00e9 sur l\u2019\u00e9volution des vins rouges, avec des t\u00e9moignages des\u2026","rel":"","context":"Dans &quot;Actus - News&quot;","img":{"alt_text":"","src":"","width":0,"height":0},"classes":[]},{"id":8971,"url":"https:\/\/thomasvino.ch\/?p=8971","url_meta":{"origin":13150,"position":3},"title":"AOC vaudoises: en marge de l&rsquo;Europe!","date":"24 novembre 2009","format":false,"excerpt":"Traditionnellement, apr\u00e8s les vendanges, la F\u00e9d\u00e9ration vaudoise des vignerons (FVV) tient son assembl\u00e9e. M\u00eame si l\u2019ann\u00e9e 2009 fut un exercice charni\u00e8re, pas une question n\u2019a \u00e9t\u00e9 pos\u00e9e \u00e0 Salavaux, d\u00e9but novembre. Et pourtant, le r\u00e8glement AOC vaudois se fiche de l'Europe (lire ci-dessous). Par Pierre Thomas Rarement ann\u00e9e fut plus\u2026","rel":"","context":"Dans &quot;Vins suisses&quot;","img":{"alt_text":"","src":"","width":0,"height":0},"classes":[]},{"id":17078,"url":"https:\/\/thomasvino.ch\/?p=17078","url_meta":{"origin":13150,"position":4},"title":"Vins suisses\u00a0: pour en finir avec 2020","date":"11 janvier 2021","format":false,"excerpt":"Le quotidien \u00ab24 Heures\u00bb a eu la surprise de voir le \u00abtroublion\u00bb Alexandre Fischer l\u2019emporter dans son troisi\u00e8me concours du \u00abVaudois de l\u2019ann\u00e9e 2020\u00bb \u2014 mais qui se souvient des pr\u00e9c\u00e9dents? Auparavant, ce journal avait d\u00e9couvert la \u00abnouvelle patronne du vin suisse\u00bb. Et 2021 a bien d\u00e9but\u00e9 dans Le Temps\u2026","rel":"","context":"Dans &quot;Vins suisses&quot;","img":{"alt_text":"","src":"","width":0,"height":0},"classes":[]},{"id":9585,"url":"https:\/\/thomasvino.ch\/?p=9585","url_meta":{"origin":13150,"position":5},"title":"Valais \u2014 Aoste ou Sierre capitale des vins de montagne?","date":"19 janvier 2005","format":false,"excerpt":"Sierre, capitale du vin, mais d'o\u00f9? Les sixi\u00e8mes rencontres vinicoles de Sierre ont eu lieu le week-end pass\u00e9. En vedette, le \u00abMondial\u00bb du pinot noir et les vins de montagne. Par Pierre Thomas C'est, d\u00e9sormais, un rendez-vous annuel que l'on qualifiera d'\u00abincontournable\u00bb: les rencontres vinicoles de Sierre allient l'esprit festif\u2026","rel":"","context":"Dans &quot;Vins suisses&quot;","img":{"alt_text":"","src":"","width":0,"height":0},"classes":[]}],"_links":{"self":[{"href":"https:\/\/thomasvino.ch\/index.php?rest_route=\/wp\/v2\/posts\/13150"}],"collection":[{"href":"https:\/\/thomasvino.ch\/index.php?rest_route=\/wp\/v2\/posts"}],"about":[{"href":"https:\/\/thomasvino.ch\/index.php?rest_route=\/wp\/v2\/types\/post"}],"author":[{"embeddable":true,"href":"https:\/\/thomasvino.ch\/index.php?rest_route=\/wp\/v2\/users\/3"}],"replies":[{"embeddable":true,"href":"https:\/\/thomasvino.ch\/index.php?rest_route=%2Fwp%2Fv2%2Fcomments&post=13150"}],"version-history":[{"count":0,"href":"https:\/\/thomasvino.ch\/index.php?rest_route=\/wp\/v2\/posts\/13150\/revisions"}],"wp:attachment":[{"href":"https:\/\/thomasvino.ch\/index.php?rest_route=%2Fwp%2Fv2%2Fmedia&parent=13150"}],"wp:term":[{"taxonomy":"category","embeddable":true,"href":"https:\/\/thomasvino.ch\/index.php?rest_route=%2Fwp%2Fv2%2Fcategories&post=13150"},{"taxonomy":"post_tag","embeddable":true,"href":"https:\/\/thomasvino.ch\/index.php?rest_route=%2Fwp%2Fv2%2Ftags&post=13150"}],"curies":[{"name":"wp","href":"https:\/\/api.w.org\/{rel}","templated":true}]}}