{"id":13329,"date":"2016-01-19T18:02:00","date_gmt":"2016-01-19T17:02:00","guid":{"rendered":"http:\/\/www.thomasvino.ch\/?p=13329"},"modified":"2016-01-20T08:34:53","modified_gmt":"2016-01-20T07:34:53","slug":"et-voila-les-26-non-filtres-2015-a-neuchatel","status":"publish","type":"post","link":"https:\/\/thomasvino.ch\/?p=13329","title":{"rendered":"Et voil\u00e0 les 26 non-filtr\u00e9s 2015 \u00e0 Neuch\u00e2tel"},"content":{"rendered":"<p>On lui fait de la pub chaque ann\u00e9e, parce que <strong>c\u2019est le premier vin suisse qui arrive sur le march\u00e9<\/strong> trois mois apr\u00e8s les vendanges: <strong>le chasselas non-filtr\u00e9 de Neuch\u00e2tel<\/strong>. On le sait, Neuch\u00e2tel ne repr\u00e9sente, pour 603 ha, que 3% de la production nationale. Le blanc, et particuli\u00e8rement le chasselas, y est en r\u00e9gression, autour de 40% de la production.<\/p>\n<div id=\"attachment_13330\" style=\"width: 310px\" class=\"wp-caption aligncenter\"><a href=\"http:\/\/www.thomasvino.ch\/?attachment_id=13330\" rel=\"attachment wp-att-13330\"><img aria-describedby=\"caption-attachment-13330\" data-attachment-id=\"13330\" data-permalink=\"https:\/\/thomasvino.ch\/?attachment_id=13330\" data-orig-file=\"https:\/\/i0.wp.com\/thomasvino.ch\/wp-content\/uploads\/2016\/01\/NE_Porret_Nonfiltre\u03012016.jpg?fit=1280%2C854&amp;ssl=1\" data-orig-size=\"1280,854\" data-comments-opened=\"0\" data-image-meta=\"{&quot;aperture&quot;:&quot;0&quot;,&quot;credit&quot;:&quot;&quot;,&quot;camera&quot;:&quot;&quot;,&quot;caption&quot;:&quot;&quot;,&quot;created_timestamp&quot;:&quot;0&quot;,&quot;copyright&quot;:&quot;&quot;,&quot;focal_length&quot;:&quot;0&quot;,&quot;iso&quot;:&quot;0&quot;,&quot;shutter_speed&quot;:&quot;0&quot;,&quot;title&quot;:&quot;&quot;,&quot;orientation&quot;:&quot;0&quot;}\" data-image-title=\"NE_Porret_Nonfiltre\u03012016\" data-image-description=\"\" data-image-caption=\"&lt;p&gt;Le non-filtr\u00e9 2016 a \u00e9t\u00e9 pr\u00e9sent\u00e9 par l\u2019Office des vins et du terroir chez Martin Porret, jeune \u0153nologue du Domaine des C\u00e8dres \u00e0 Cortaillod.&lt;\/p&gt;\n\" data-medium-file=\"https:\/\/i0.wp.com\/thomasvino.ch\/wp-content\/uploads\/2016\/01\/NE_Porret_Nonfiltre\u03012016.jpg?fit=300%2C200&amp;ssl=1\" data-large-file=\"https:\/\/i0.wp.com\/thomasvino.ch\/wp-content\/uploads\/2016\/01\/NE_Porret_Nonfiltre\u03012016.jpg?fit=1024%2C683&amp;ssl=1\" loading=\"lazy\" class=\"size-medium wp-image-13330\" src=\"https:\/\/i0.wp.com\/www.thomasvino.ch\/wp-content\/uploads\/2016\/01\/NE_Porret_Nonfiltre\u03012016-300x200.jpg?resize=300%2C200\" alt=\"Le non-filtr\u00e9 2016 a \u00e9t\u00e9 pr\u00e9sent\u00e9 par l\u2019Office des vins et du terroir chez Martin Porret, jeune \u0153nologue du Domaine des C\u00e8dres \u00e0 Cortaillod. \" width=\"300\" height=\"200\" srcset=\"https:\/\/i0.wp.com\/thomasvino.ch\/wp-content\/uploads\/2016\/01\/NE_Porret_Nonfiltre\u03012016.jpg?resize=300%2C200&amp;ssl=1 300w, https:\/\/i0.wp.com\/thomasvino.ch\/wp-content\/uploads\/2016\/01\/NE_Porret_Nonfiltre\u03012016.jpg?resize=768%2C512&amp;ssl=1 768w, https:\/\/i0.wp.com\/thomasvino.ch\/wp-content\/uploads\/2016\/01\/NE_Porret_Nonfiltre\u03012016.jpg?resize=1024%2C683&amp;ssl=1 1024w, https:\/\/i0.wp.com\/thomasvino.ch\/wp-content\/uploads\/2016\/01\/NE_Porret_Nonfiltre\u03012016.jpg?resize=140%2C94&amp;ssl=1 140w, https:\/\/i0.wp.com\/thomasvino.ch\/wp-content\/uploads\/2016\/01\/NE_Porret_Nonfiltre\u03012016.jpg?w=1280&amp;ssl=1 1280w\" sizes=\"(max-width: 300px) 100vw, 300px\" data-recalc-dims=\"1\" \/><\/a><p id=\"caption-attachment-13330\" class=\"wp-caption-text\"><em>Le non-filtr\u00e9 2016 a \u00e9t\u00e9 pr\u00e9sent\u00e9 chez Martin Porret, jeune \u0153nologue du Domaine des C\u00e8dres \u00e0 Cortaillod.<\/em><\/p><\/div>\n<p>Relanc\u00e9 en 1975 \u00e0 Auvernier par un encaveur, le non-filtr\u00e9 a \u00e9t\u00e9 codifi\u00e9 par le Conseil d\u2019Etat vingt ans plus tard\u00a0: <strong>il ne peut pas sortir de cave avant le 3<sup>\u00e8me<\/sup> mercredi de janvier\u00a0!<\/strong><\/p>\n<p><strong>Cette ann\u00e9e, ils seront 26 encaveurs \u00e0 proposer leur non-filtr\u00e9 2015, en d\u00e9gustation publique (10 CHF le verre-souvenir qui fait office de ticket d&rsquo;entr\u00e9e) le mercredi 20 janvier au P\u00e9ristyle de l&rsquo;H\u00f4tel-de-Ville de Neuch\u00e2tel et le jeudi 21 janvier \u00e0 la Maison du Peuple \u00e0 la Chaux-de-Fonds, dans les deux cas de 17h00 \u00e0 20h30.<\/strong><\/p>\n<p>On essaiera d\u2019y \u00eatre\u2026 ne serait-ce que pour v\u00e9rifier la pertinence d\u2019un produit original m\u00eame en ann\u00e9e climatique exceptionnelle, comme 2015, marqu\u00e9e \u00e0 la fois par la richesse en sucre du mo\u00fbt des chasselas, et par une production en principe plus basse. Faut-il alors sacrifier une partie de son chasselas au rite marketing du non-filtr\u00e9, dont on sait, au surplus, que c\u2019est une tradition locale avant tout? Les trois quarts sont bus sur place, dans le canton, rappelle Violaine Bi\u00e9try-de Montamollin, directrice de Neuch\u00e2tel Vins et Terroirs (nouvelle appellation de l&rsquo;office de promotion de ces produits).<\/p>\n<p>Toutefois, on peut aussi commander ce vin par Internet, \u00e0 des conditions promotionnelle, sur <strong><a href=\"http:\/\/www.neuchatelnonfiltre.ch\/commande-non-filtre.html\">www.neuchatelnonfiltre.ch<\/a>.<\/strong><\/p>\n<p><em>\u00a9thomasvino.ch<\/em><\/p>\n","protected":false},"excerpt":{"rendered":"<p>On lui fait de la pub chaque ann\u00e9e, parce que c\u2019est le premier vin suisse qui arrive sur le march\u00e9 trois mois apr\u00e8s les vendanges: le chasselas non-filtr\u00e9 de Neuch\u00e2tel. On le sait, Neuch\u00e2tel ne repr\u00e9sente, pour 603 ha, que 3% de la production nationale. Le blanc, et particuli\u00e8rement le chasselas, y est en r\u00e9gression, [&hellip;]<\/p>\n","protected":false},"author":3,"featured_media":0,"comment_status":"closed","ping_status":"open","sticky":false,"template":"","format":"standard","meta":{"_monsterinsights_skip_tracking":false,"_monsterinsights_sitenote_active":false,"_monsterinsights_sitenote_note":"","_monsterinsights_sitenote_category":0,"jetpack_post_was_ever_published":false,"jetpack_publicize_message":"","jetpack_is_tweetstorm":false,"jetpack_publicize_feature_enabled":true,"jetpack_social_post_already_shared":true,"jetpack_social_options":{"image_generator_settings":{"template":"highway","enabled":false}}},"categories":[15],"tags":[],"jetpack_publicize_connections":[],"yoast_head":"<!-- This site is optimized with the Yoast SEO plugin v20.6 - https:\/\/yoast.com\/wordpress\/plugins\/seo\/ -->\n<title>Et voil\u00e0 les 26 non-filtr\u00e9s 2015 \u00e0 Neuch\u00e2tel - thomasvino<\/title>\n<meta name=\"robots\" content=\"index, follow, max-snippet:-1, max-image-preview:large, max-video-preview:-1\" \/>\n<link rel=\"canonical\" href=\"https:\/\/thomasvino.ch\/?p=13329\" \/>\n<meta property=\"og:locale\" content=\"fr_FR\" \/>\n<meta property=\"og:type\" content=\"article\" \/>\n<meta property=\"og:title\" content=\"Et voil\u00e0 les 26 non-filtr\u00e9s 2015 \u00e0 Neuch\u00e2tel - thomasvino\" \/>\n<meta property=\"og:description\" content=\"On lui fait de la pub chaque ann\u00e9e, parce que c\u2019est le premier vin suisse qui arrive sur le march\u00e9 trois mois apr\u00e8s les vendanges: le chasselas non-filtr\u00e9 de Neuch\u00e2tel. On le sait, Neuch\u00e2tel ne repr\u00e9sente, pour 603 ha, que 3% de la production nationale. Le blanc, et particuli\u00e8rement le chasselas, y est en r\u00e9gression, [&hellip;]\" \/>\n<meta property=\"og:url\" content=\"https:\/\/thomasvino.ch\/?p=13329\" \/>\n<meta property=\"og:site_name\" content=\"thomasvino\" \/>\n<meta property=\"article:published_time\" content=\"2016-01-19T17:02:00+00:00\" \/>\n<meta property=\"article:modified_time\" content=\"2016-01-20T07:34:53+00:00\" \/>\n<meta name=\"author\" content=\"Pierre Thomas\" \/>\n<meta name=\"twitter:label1\" content=\"\u00c9crit par\" \/>\n\t<meta name=\"twitter:data1\" content=\"Pierre Thomas\" \/>\n\t<meta name=\"twitter:label2\" content=\"Dur\u00e9e de lecture estim\u00e9e\" \/>\n\t<meta name=\"twitter:data2\" content=\"1 minute\" \/>\n<script type=\"application\/ld+json\" class=\"yoast-schema-graph\">{\"@context\":\"https:\/\/schema.org\",\"@graph\":[{\"@type\":\"WebPage\",\"@id\":\"https:\/\/thomasvino.ch\/?p=13329\",\"url\":\"https:\/\/thomasvino.ch\/?p=13329\",\"name\":\"Et voil\u00e0 les 26 non-filtr\u00e9s 2015 \u00e0 Neuch\u00e2tel - thomasvino\",\"isPartOf\":{\"@id\":\"https:\/\/thomasvino.ch\/#website\"},\"datePublished\":\"2016-01-19T17:02:00+00:00\",\"dateModified\":\"2016-01-20T07:34:53+00:00\",\"author\":{\"@id\":\"https:\/\/thomasvino.ch\/#\/schema\/person\/670bf4486fe81152cf1d68bd585e062e\"},\"breadcrumb\":{\"@id\":\"https:\/\/thomasvino.ch\/?p=13329#breadcrumb\"},\"inLanguage\":\"fr-FR\",\"potentialAction\":[{\"@type\":\"ReadAction\",\"target\":[\"https:\/\/thomasvino.ch\/?p=13329\"]}]},{\"@type\":\"BreadcrumbList\",\"@id\":\"https:\/\/thomasvino.ch\/?p=13329#breadcrumb\",\"itemListElement\":[{\"@type\":\"ListItem\",\"position\":1,\"name\":\"Accueil\",\"item\":\"https:\/\/thomasvino.ch\/\"},{\"@type\":\"ListItem\",\"position\":2,\"name\":\"Et voil\u00e0 les 26 non-filtr\u00e9s 2015 \u00e0 Neuch\u00e2tel\"}]},{\"@type\":\"WebSite\",\"@id\":\"https:\/\/thomasvino.ch\/#website\",\"url\":\"https:\/\/thomasvino.ch\/\",\"name\":\"thomasvino\",\"description\":\"Vins &amp; Gastronomie\",\"potentialAction\":[{\"@type\":\"SearchAction\",\"target\":{\"@type\":\"EntryPoint\",\"urlTemplate\":\"https:\/\/thomasvino.ch\/?s={search_term_string}\"},\"query-input\":\"required name=search_term_string\"}],\"inLanguage\":\"fr-FR\"},{\"@type\":\"Person\",\"@id\":\"https:\/\/thomasvino.ch\/#\/schema\/person\/670bf4486fe81152cf1d68bd585e062e\",\"name\":\"Pierre Thomas\",\"image\":{\"@type\":\"ImageObject\",\"inLanguage\":\"fr-FR\",\"@id\":\"https:\/\/thomasvino.ch\/#\/schema\/person\/image\/\",\"url\":\"https:\/\/secure.gravatar.com\/avatar\/91fd5a76647f140e53db987a0dead4d7?s=96&d=mm&r=g\",\"contentUrl\":\"https:\/\/secure.gravatar.com\/avatar\/91fd5a76647f140e53db987a0dead4d7?s=96&d=mm&r=g\",\"caption\":\"Pierre Thomas\"},\"url\":\"https:\/\/thomasvino.ch\/?author=3\"}]}<\/script>\n<!-- \/ Yoast SEO plugin. -->","yoast_head_json":{"title":"Et voil\u00e0 les 26 non-filtr\u00e9s 2015 \u00e0 Neuch\u00e2tel - thomasvino","robots":{"index":"index","follow":"follow","max-snippet":"max-snippet:-1","max-image-preview":"max-image-preview:large","max-video-preview":"max-video-preview:-1"},"canonical":"https:\/\/thomasvino.ch\/?p=13329","og_locale":"fr_FR","og_type":"article","og_title":"Et voil\u00e0 les 26 non-filtr\u00e9s 2015 \u00e0 Neuch\u00e2tel - thomasvino","og_description":"On lui fait de la pub chaque ann\u00e9e, parce que c\u2019est le premier vin suisse qui arrive sur le march\u00e9 trois mois apr\u00e8s les vendanges: le chasselas non-filtr\u00e9 de Neuch\u00e2tel. On le sait, Neuch\u00e2tel ne repr\u00e9sente, pour 603 ha, que 3% de la production nationale. Le blanc, et particuli\u00e8rement le chasselas, y est en r\u00e9gression, [&hellip;]","og_url":"https:\/\/thomasvino.ch\/?p=13329","og_site_name":"thomasvino","article_published_time":"2016-01-19T17:02:00+00:00","article_modified_time":"2016-01-20T07:34:53+00:00","author":"Pierre Thomas","twitter_misc":{"\u00c9crit par":"Pierre Thomas","Dur\u00e9e de lecture estim\u00e9e":"1 minute"},"schema":{"@context":"https:\/\/schema.org","@graph":[{"@type":"WebPage","@id":"https:\/\/thomasvino.ch\/?p=13329","url":"https:\/\/thomasvino.ch\/?p=13329","name":"Et voil\u00e0 les 26 non-filtr\u00e9s 2015 \u00e0 Neuch\u00e2tel - thomasvino","isPartOf":{"@id":"https:\/\/thomasvino.ch\/#website"},"datePublished":"2016-01-19T17:02:00+00:00","dateModified":"2016-01-20T07:34:53+00:00","author":{"@id":"https:\/\/thomasvino.ch\/#\/schema\/person\/670bf4486fe81152cf1d68bd585e062e"},"breadcrumb":{"@id":"https:\/\/thomasvino.ch\/?p=13329#breadcrumb"},"inLanguage":"fr-FR","potentialAction":[{"@type":"ReadAction","target":["https:\/\/thomasvino.ch\/?p=13329"]}]},{"@type":"BreadcrumbList","@id":"https:\/\/thomasvino.ch\/?p=13329#breadcrumb","itemListElement":[{"@type":"ListItem","position":1,"name":"Accueil","item":"https:\/\/thomasvino.ch\/"},{"@type":"ListItem","position":2,"name":"Et voil\u00e0 les 26 non-filtr\u00e9s 2015 \u00e0 Neuch\u00e2tel"}]},{"@type":"WebSite","@id":"https:\/\/thomasvino.ch\/#website","url":"https:\/\/thomasvino.ch\/","name":"thomasvino","description":"Vins &amp; Gastronomie","potentialAction":[{"@type":"SearchAction","target":{"@type":"EntryPoint","urlTemplate":"https:\/\/thomasvino.ch\/?s={search_term_string}"},"query-input":"required name=search_term_string"}],"inLanguage":"fr-FR"},{"@type":"Person","@id":"https:\/\/thomasvino.ch\/#\/schema\/person\/670bf4486fe81152cf1d68bd585e062e","name":"Pierre Thomas","image":{"@type":"ImageObject","inLanguage":"fr-FR","@id":"https:\/\/thomasvino.ch\/#\/schema\/person\/image\/","url":"https:\/\/secure.gravatar.com\/avatar\/91fd5a76647f140e53db987a0dead4d7?s=96&d=mm&r=g","contentUrl":"https:\/\/secure.gravatar.com\/avatar\/91fd5a76647f140e53db987a0dead4d7?s=96&d=mm&r=g","caption":"Pierre Thomas"},"url":"https:\/\/thomasvino.ch\/?author=3"}]}},"jetpack_featured_media_url":"","jetpack_sharing_enabled":true,"jetpack_shortlink":"https:\/\/wp.me\/p3m4tZ-3sZ","jetpack_likes_enabled":false,"jetpack-related-posts":[{"id":16300,"url":"https:\/\/thomasvino.ch\/?p=16300","url_meta":{"origin":13329,"position":0},"title":"Non-filtr\u00e9 neuch\u00e2telois 2019: frais, malgr\u00e9 l&rsquo;\u00e9t\u00e9 chaud","date":"14 janvier 2020","format":false,"excerpt":"Apr\u00e8s le premier concours international de l\u2019ann\u00e9e, le premier vin suisse mis sur le march\u00e9, le troisi\u00e8me mercredi de janvier, le chasselas non-filtr\u00e9 de Neuch\u00e2tel. Il repr\u00e9sente autour de 15% de la production du chasselas neuch\u00e2telois, mais ses ventes ont progress\u00e9 de 8% l\u2019an pass\u00e9. D\u00e9gustations publiques ce mercredi en\u2026","rel":"","context":"Dans &quot;Actus - News&quot;","img":{"alt_text":"","src":"https:\/\/i0.wp.com\/thomasvino.ch\/wp-content\/uploads\/2020\/01\/non_filtre_dothaux-300x200.jpg?resize=350%2C200&ssl=1","width":350,"height":200},"classes":[]},{"id":8707,"url":"https:\/\/thomasvino.ch\/?p=8707","url_meta":{"origin":13329,"position":1},"title":"2007, bon mill\u00e9sime pour le non-filtr\u00e9 neuch\u00e2telois!","date":"24 janvier 2008","format":false,"excerpt":"Le bon filon du non-filtr\u00e9Le premier vin suisse de l\u2019ann\u00e9e sort des caves \u00e0 Neuch\u00e2tel, le troisi\u00e8me jeudi de janvier. C\u2019est le chasselas non-filtr\u00e9, qui reste une curiosit\u00e9 locale, surtout quand la vendange est aussi faible qu\u2019en 2007.Pierre ThomasComme partout en Suisse romande, l\u2019ann\u00e9e viticole 2007 a vu souffler le\u2026","rel":"","context":"Dans &quot;Vins suisses&quot;","img":{"alt_text":"","src":"","width":0,"height":0},"classes":[]},{"id":11654,"url":"https:\/\/thomasvino.ch\/?p=11654","url_meta":{"origin":13329,"position":2},"title":"Non-filtr\u00e9 : les Neuch\u00e2telois y tiennent !","date":"14 janvier 2014","format":false,"excerpt":"Ce troisi\u00e8me mercredi de janvier, et m\u00eame si c\u2019est tr\u00e8s t\u00f4t, le 15 janvier 2014, le chasselas non-filtr\u00e9 de Neuch\u00e2tel sortira officiellement des caves. Ce mercredi, il sera pr\u00e9sent\u00e9 par 23 producteurs de 16 h. 30 \u00e0 20 h. 30 sous le p\u00e9ristyle de l\u2019H\u00f4tel-de-Ville de Neuch\u00e2tel (verre de d\u00e9gustation\u2026","rel":"","context":"Dans &quot;Actus - News&quot;","img":{"alt_text":"","src":"https:\/\/i0.wp.com\/www.thomasvino.ch\/wp-content\/uploads\/2014\/01\/nonfiltreverre-300x200.jpg?resize=350%2C200","width":350,"height":200},"classes":[]},{"id":12504,"url":"https:\/\/thomasvino.ch\/?p=12504","url_meta":{"origin":13329,"position":3},"title":"Neuch\u00e2tel non-filtr\u00e9  Premiers flacons pour premiers flocons","date":"5 f\u00e9vrier 2015","format":false,"excerpt":"Premier mill\u00e9sime de non-filtr\u00e9 pour la nouvelle directrice de l\u2019Office des vins et des produits du terroir de Neuch\u00e2tel, Violaine Bi\u00e9try-de Montmollin, n\u00e9e un an avant la sp\u00e9cialit\u00e9 qui f\u00eate ses 40 ans. Par Pierre Thomas Rien de plus \u00e9l\u00e9mentaires, particules comprises, qu\u2019un vin non-filtr\u00e9\u00a0: c\u2019\u00e9tait la r\u00e8gle des si\u00e8cles\u2026","rel":"","context":"Dans &quot;Tendance&quot;","img":{"alt_text":"","src":"https:\/\/i0.wp.com\/www.thomasvino.ch\/wp-content\/uploads\/2015\/01\/site_OVPT_NE-NonFiltre14-300x200.jpg?resize=350%2C200","width":350,"height":200},"classes":[]},{"id":18054,"url":"https:\/\/thomasvino.ch\/?p=18054","url_meta":{"origin":13329,"position":4},"title":"Non filtr\u00e9, le verre \u00e0 l\u2019envers","date":"26 janvier 2023","format":false,"excerpt":"Premier vin du dernier mill\u00e9sime \u00e0 sortir de cave, le chasselas non filtr\u00e9 l\u2019a fait, \u00e9tiquette \u00e0 l\u2019envers, \u00e0 Neuch\u00e2tel et \u00e0 La Chaux-de-Fonds. De plus en plus de producteurs en proposent toute l\u2019ann\u00e9e. Par Pierre Thomas Pour renouer avec la tradition de pr\u00e9sentation publique, suspendue par le Covid, la\u2026","rel":"","context":"Dans &quot;Actus - News&quot;","img":{"alt_text":"","src":"https:\/\/i0.wp.com\/thomasvino.ch\/wp-content\/uploads\/2023\/01\/IMG_9938-300x249.jpeg?resize=350%2C200&ssl=1","width":350,"height":200},"classes":[]},{"id":9975,"url":"https:\/\/thomasvino.ch\/?p=9975","url_meta":{"origin":13329,"position":5},"title":"Le non-filtr\u00e9, un chasselas r\u00e9siolument primesautier","date":"31 mai 2007","format":false,"excerpt":"Tierc\u00e9 gagnant (Cuisine de saison de mai 2007)Dernier trouble avant l\u2019\u00e9t\u00e9Axiome: parce qu'il est le premier \u00e0 sortir de cave, le non-filtr\u00e9 est un chasselas qui ne se garde pas. Tout faux!Si le \u00abnon filtr\u00e9\u00bb sort des caves le troisi\u00e8me mercredi du mois de janvier, c\u2019est pour \u00e9viter une course\u2026","rel":"","context":"Dans &quot;Tendance&quot;","img":{"alt_text":"","src":"","width":0,"height":0},"classes":[]}],"_links":{"self":[{"href":"https:\/\/thomasvino.ch\/index.php?rest_route=\/wp\/v2\/posts\/13329"}],"collection":[{"href":"https:\/\/thomasvino.ch\/index.php?rest_route=\/wp\/v2\/posts"}],"about":[{"href":"https:\/\/thomasvino.ch\/index.php?rest_route=\/wp\/v2\/types\/post"}],"author":[{"embeddable":true,"href":"https:\/\/thomasvino.ch\/index.php?rest_route=\/wp\/v2\/users\/3"}],"replies":[{"embeddable":true,"href":"https:\/\/thomasvino.ch\/index.php?rest_route=%2Fwp%2Fv2%2Fcomments&post=13329"}],"version-history":[{"count":0,"href":"https:\/\/thomasvino.ch\/index.php?rest_route=\/wp\/v2\/posts\/13329\/revisions"}],"wp:attachment":[{"href":"https:\/\/thomasvino.ch\/index.php?rest_route=%2Fwp%2Fv2%2Fmedia&parent=13329"}],"wp:term":[{"taxonomy":"category","embeddable":true,"href":"https:\/\/thomasvino.ch\/index.php?rest_route=%2Fwp%2Fv2%2Fcategories&post=13329"},{"taxonomy":"post_tag","embeddable":true,"href":"https:\/\/thomasvino.ch\/index.php?rest_route=%2Fwp%2Fv2%2Ftags&post=13329"}],"curies":[{"name":"wp","href":"https:\/\/api.w.org\/{rel}","templated":true}]}}