{"id":13377,"date":"2016-02-24T11:56:11","date_gmt":"2016-02-24T10:56:11","guid":{"rendered":"http:\/\/www.thomasvino.ch\/?p=13377"},"modified":"2016-02-24T11:56:11","modified_gmt":"2016-02-24T10:56:11","slug":"vins-du-valais-que-veut-vraiment-livv","status":"publish","type":"post","link":"https:\/\/thomasvino.ch\/?p=13377","title":{"rendered":"Vins du Valais : que veut vraiment l\u2019IVV ?"},"content":{"rendered":"<p><strong>L\u2019Etat du Valais et l\u2019Interprofession de la vigne et des vins du Valais (IVV) doivent se mettre d\u2019accord ce printemps sur les points d\u2019une nouvelle ordonnance sur la vigne et le vin (rempla\u00e7ant celle du 17 mars 2004). Les deux parties pourront-elles tomber d\u2019accord\u00a0? Et sur quels chapitres\u00a0? Le point avec Yvan Aymon, le pr\u00e9sident de l\u2019IVV (f\u00e9vrier 2016).<\/strong><\/p>\n<p><em>Par Pierre Thomas<\/em><\/p>\n<p>L\u2019Etat a mis en consultation un projet d\u2019ordonnance. Il a \u00e9t\u00e9 jug\u00e9 insatisfaisant par l\u2019IVV. A Agrovina, \u00e0 Martigny, fin janvier 2016, les vignerons ont pu s\u2019expliquer avec leurs repr\u00e9sentants \u2014 on n\u2019y \u00e9tait pas. <em>\u00abNous devons trouver une solution qui satisfasse la branche\u00bb<\/em>, pose d\u2019embl\u00e9e M. Aymon. La discussion tourne autour des acquits\u00a0: jusqu\u2019ici, la <em>\u00abglobalisation\u00bb<\/em> permettait de respecter des minimas largement compens\u00e9s. Plut\u00f4t qu\u2019une tol\u00e9rance de 5% sur tous les c\u00e9pages, l\u2019IVV pr\u00e9f\u00e9rerait une compensation de 10%, <em>\u00abtra\u00e7able\u00bb<\/em>, par cat\u00e9gorie de c\u00e9pages. De m\u00eame, elle estime <em>\u00abd\u00e9raisonnable\u00bb<\/em> de d\u00e9cr\u00e9ter une petite arvine 100% pure pour la totalit\u00e9 de l\u2019AOC, principe admis pour ce seul c\u00e9page par le Grand Conseil valaisan, \u00e0 l\u2019\u00e9gal du fendant. Mais c\u2019est surtout <em>\u00abpour les rouges qu\u2019il faut trouver une certaine souplesse\u00bb<\/em>, estime M. Aymon.<\/p>\n<h3><strong>Segmenter l\u2019AOC\u2026 par le haut<\/strong><\/h3>\n<p>L\u2019IVV s\u2019en tient aussi \u00e0 la <em>\u00absegmentation de l\u2019AOC\u00bb<\/em>\u00a0: <em>\u00abIl n\u2019y a rien de neuf, puisqu\u2019on en parlait d\u00e9j\u00e0 dans Viti 2006\u00bb<\/em>. Pour M. Aymon, il s\u2019agit de <em>\u00abse mettre d\u2019accord sur le haut de la pyramide et de r\u00e8gler la question de ce qu\u2019on veut faire de mieux.\u00bb<\/em> Le Valais, rappelle-t-on, interdit le coupage avec des vins d\u2019une autre r\u00e9gion (ce qui n\u2019est pas le cas pour la plupart des autres cantons, tous souverains en mati\u00e8re d\u2019AOC). Dans l\u2019esprit de l\u2019IVV, les copeaux et le mo\u00fbt concentr\u00e9 rectifi\u00e9 (MCR) serait tol\u00e9r\u00e9 pour une partie de l\u2019AOC, \u00e0 la condition de l\u2019indiquer sur l\u2019\u00e9tiquette. La r\u00e9glementation des Grands Crus, dont la d\u00e9finition d\u00e9pend des communes, et une <em>\u00abmarque distinctive\u00bb<\/em>, dont le cahier des charges est \u00e0 cr\u00e9er (mais l\u2019IVV l\u2019a d\u00e9j\u00e0 couch\u00e9 sur le papier), seraient plus restrictifs. <em>\u00abSur une partie de nos vins, nous avons int\u00e9r\u00eat \u00e0 autoriser les copeaux et le MCR, pour combattre \u00e0 armes \u00e9gales dans un march\u00e9 globalis\u00e9\u00bb<\/em>, estime M. Aymon. Sur quelle partie\u00a0? <strong>La moiti\u00e9 des vins du Valais devraient appartenir au haut du panier (marque distinctive et Grands Crus) <em>\u00abdans un d\u00e9lai de 5 \u00e0 10 ans\u00bb<\/em>.<\/strong><\/p>\n<h3><strong>Compatible avec l\u2019AOP &#8211; IGP ?<br \/>\n<\/strong><\/h3>\n<p>Le Conseil d\u2019Etat valaisan, dans sa r\u00e9ponse au projet <em>\u00abViti horizon 2020\u00bb<\/em>, encourage vivement l\u2019IVV \u00e0 travailler dans la direction d\u2019une mise \u00e0 niveau des normes suisses avec la l\u00e9gislation europ\u00e9enne. <em>\u00abOn ne peut pas attendre 2019, ou plus tard, les discussions \u00e0 Berne. Notre syst\u00e8me va dans le sens de la nouvelle l\u00e9gislation\u00a0: les vins avec signe distinctif pourraient devenir les AOP et le reste de l\u2019AOC actuelle serait class\u00e9e en IGP\u00bb<\/em>, estime le pr\u00e9sident de l\u2019IVV. <em>\u00abIl ne s\u2019agit pas de partir de z\u00e9ro et d\u2019\u00e9chafauder un syst\u00e8me id\u00e9al. Toute mesure a un impact \u00e9conomique. Par exemple, passer la D\u00f4le en vin de pays, selon la l\u00e9gislation actuelle, reviendrait \u00e0 la d\u00e9classer et \u00e0 en faire imm\u00e9diatement baisser le prix\u00bb<\/em>, soutient le pr\u00e9sident de l\u2019IVV, qui pr\u00e9f\u00e8re commencer par \u00abtirer vers le haut la pyramide\u00bb.<\/p>\n<p>La marque distinctive, qui pourrait \u00eatre le sigle <em>\u00abMarque Valais\u00bb<\/em>, qui existe depuis 2003, et qu\u2019Yvan Aymon a contribu\u00e9 \u00e0 lancer, ne risque-t-elle pas d\u2019\u00eatre un alibi pour all\u00e9ger l\u2019AOC\u00a0? <em>\u00abLe risque existe, mais est limit\u00e9, on a d\u00e9j\u00e0 un accord de certaines caves pour mettre suffisamment de bouteilles sur le march\u00e9. La communication sera principalement ax\u00e9e sur les vins labellis\u00e9s \u00abMarque Valais\u00a0\u00bb, on communique toujours sur le meilleur\u00a0!\u00bb<\/em> Depuis 2016, des projets \u00e0 hauteur de 700&rsquo;000 francs ont d\u00e9j\u00e0 \u00e9t\u00e9 transf\u00e9r\u00e9s de l\u2019IVV \u00e0 Valais-Wallis Promotion, organisme en charge de la promotion de la <em>\u00abmarque Valais\u00bb<\/em>, dans le cadre d\u2019une redistribution des t\u00e2ches voulue par l\u2019Etat.<\/p>\n<h3><strong>Copeaux et \u00absirop\u00bb divisent<\/strong><\/h3>\n<p>L\u2019\u00e9ventuelle autorisation des copeaux et du MCR en AOC a incit\u00e9 une soixantaine de vignerons-encaveurs, certains parmi les plus connus, \u00e0 signer une lettre <em>\u00abni copeau, ni sirop\u00bb<\/em>. <em>\u00abJe respecte l\u2019avis de ces caves, mais elles auraient d\u00fb passer par leur association plut\u00f4t que par les m\u00e9dias. Chacun doit d\u00e9fendre son int\u00e9r\u00eat, mais comprendre aussi celui des autres familles. Le Valais vitivinicole aura du succ\u00e8s seulement si toutes les familles ont du succ\u00e8s\u00bb<\/em>, affirme le pr\u00e9sident de l\u2019IVV.<\/p>\n<p>Le d\u00e9bat sur les copeaux et le MCR fait rage dans tous les cantons\u00a0: Vaud l\u2019a interdit en AOC, Gen\u00e8ve et Neuch\u00e2tel paraissent divis\u00e9s. <strong><em>\u00abSur les copeaux et le MCR, on souhaite une solution identique pour toute la Suisse\u00bb<\/em><\/strong>, affirme Yvan Aymon. Et l\u2019IVV a \u00e9crit au Conseil d\u2019Etat pour que <strong>l\u2019indication de l\u2019utilisation soit des copeaux, soit du MCR, figure clairement sur les \u00e9tiquettes des vins<\/strong>. Lorsque ce double sujet a \u00e9t\u00e9 renvoy\u00e9 de Berne aux cantons, le Valais avait \u00e9t\u00e9 le premier \u00e0 proscrire ces deux adjuvants, <em>\u00abmais, dans notre esprit, pour une dur\u00e9e limit\u00e9e\u00bb<\/em>. En absence d\u2019entente entre dans la branche, le Conseil d\u2019Etat devra trancher.<\/p>\n<p>Pour assurer la promotion des vins, l\u2019IVV propose aussi de doubler progressivement sur quatre ans les redevances, qui passeront de 2 centimes \u00e0 4 centimes par kilo et par litre de vin (\u00e0 raison d\u2019une hausse de 0,5 ct par an). L\u2019augmentation sera vot\u00e9e chaque ann\u00e9e selon la situation du march\u00e9 et les r\u00e9sultats de la promotion. La Chambre d\u2019agriculture a d\u00e9j\u00e0 donn\u00e9 son aval. L\u2019IVV tiendra sa prochaine assembl\u00e9e le 23 mars \u2014 on saura alors sur quels points l\u2019interprofession et le gouvernement ont pu se mettre d\u2019accord.<\/p>\n<p><em>Paru dans <\/em>H\u00f4tel &amp; Gastronomie Hebdo<em> du 24 f\u00e9vrier 2016<\/em><\/p>\n<p><em>\u00a9thomasvino.ch<br \/>\n<\/em><\/p>\n<p>&nbsp;<\/p>\n","protected":false},"excerpt":{"rendered":"<p>L\u2019Etat du Valais et l\u2019Interprofession de la vigne et des vins du Valais (IVV) doivent se mettre d\u2019accord ce printemps sur les points d\u2019une nouvelle ordonnance sur la vigne et le vin (rempla\u00e7ant celle du 17 mars 2004). Les deux parties pourront-elles tomber d\u2019accord\u00a0? Et sur quels chapitres\u00a0? Le point avec Yvan Aymon, le pr\u00e9sident [&hellip;]<\/p>\n","protected":false},"author":3,"featured_media":0,"comment_status":"closed","ping_status":"open","sticky":false,"template":"","format":"standard","meta":{"_monsterinsights_skip_tracking":false,"_monsterinsights_sitenote_active":false,"_monsterinsights_sitenote_note":"","_monsterinsights_sitenote_category":0,"jetpack_post_was_ever_published":false,"jetpack_publicize_message":"","jetpack_is_tweetstorm":false,"jetpack_publicize_feature_enabled":true,"jetpack_social_post_already_shared":true,"jetpack_social_options":{"image_generator_settings":{"template":"highway","enabled":false}}},"categories":[3],"tags":[831,1250,779,601,825,603,256,1249,109,548],"jetpack_publicize_connections":[],"yoast_head":"<!-- This site is optimized with the Yoast SEO plugin v20.6 - https:\/\/yoast.com\/wordpress\/plugins\/seo\/ -->\n<title>Vins du Valais : que veut vraiment l\u2019IVV ? - thomasvino<\/title>\n<meta name=\"robots\" content=\"index, follow, max-snippet:-1, max-image-preview:large, max-video-preview:-1\" \/>\n<link rel=\"canonical\" href=\"https:\/\/thomasvino.ch\/?p=13377\" \/>\n<meta property=\"og:locale\" content=\"fr_FR\" \/>\n<meta property=\"og:type\" content=\"article\" \/>\n<meta property=\"og:title\" content=\"Vins du Valais : que veut vraiment l\u2019IVV ? - thomasvino\" \/>\n<meta property=\"og:description\" content=\"L\u2019Etat du Valais et l\u2019Interprofession de la vigne et des vins du Valais (IVV) doivent se mettre d\u2019accord ce printemps sur les points d\u2019une nouvelle ordonnance sur la vigne et le vin (rempla\u00e7ant celle du 17 mars 2004). Les deux parties pourront-elles tomber d\u2019accord\u00a0? Et sur quels chapitres\u00a0? Le point avec Yvan Aymon, le pr\u00e9sident [&hellip;]\" \/>\n<meta property=\"og:url\" content=\"https:\/\/thomasvino.ch\/?p=13377\" \/>\n<meta property=\"og:site_name\" content=\"thomasvino\" \/>\n<meta property=\"article:published_time\" content=\"2016-02-24T10:56:11+00:00\" \/>\n<meta name=\"author\" content=\"Pierre Thomas\" \/>\n<meta name=\"twitter:label1\" content=\"\u00c9crit par\" \/>\n\t<meta name=\"twitter:data1\" content=\"Pierre Thomas\" \/>\n\t<meta name=\"twitter:label2\" content=\"Dur\u00e9e de lecture estim\u00e9e\" \/>\n\t<meta name=\"twitter:data2\" content=\"5 minutes\" \/>\n<script type=\"application\/ld+json\" class=\"yoast-schema-graph\">{\"@context\":\"https:\/\/schema.org\",\"@graph\":[{\"@type\":\"WebPage\",\"@id\":\"https:\/\/thomasvino.ch\/?p=13377\",\"url\":\"https:\/\/thomasvino.ch\/?p=13377\",\"name\":\"Vins du Valais : que veut vraiment l\u2019IVV ? - thomasvino\",\"isPartOf\":{\"@id\":\"https:\/\/thomasvino.ch\/#website\"},\"datePublished\":\"2016-02-24T10:56:11+00:00\",\"dateModified\":\"2016-02-24T10:56:11+00:00\",\"author\":{\"@id\":\"https:\/\/thomasvino.ch\/#\/schema\/person\/670bf4486fe81152cf1d68bd585e062e\"},\"breadcrumb\":{\"@id\":\"https:\/\/thomasvino.ch\/?p=13377#breadcrumb\"},\"inLanguage\":\"fr-FR\",\"potentialAction\":[{\"@type\":\"ReadAction\",\"target\":[\"https:\/\/thomasvino.ch\/?p=13377\"]}]},{\"@type\":\"BreadcrumbList\",\"@id\":\"https:\/\/thomasvino.ch\/?p=13377#breadcrumb\",\"itemListElement\":[{\"@type\":\"ListItem\",\"position\":1,\"name\":\"Accueil\",\"item\":\"https:\/\/thomasvino.ch\/\"},{\"@type\":\"ListItem\",\"position\":2,\"name\":\"Vins du Valais : que veut vraiment l\u2019IVV ?\"}]},{\"@type\":\"WebSite\",\"@id\":\"https:\/\/thomasvino.ch\/#website\",\"url\":\"https:\/\/thomasvino.ch\/\",\"name\":\"thomasvino\",\"description\":\"Vins &amp; Gastronomie\",\"potentialAction\":[{\"@type\":\"SearchAction\",\"target\":{\"@type\":\"EntryPoint\",\"urlTemplate\":\"https:\/\/thomasvino.ch\/?s={search_term_string}\"},\"query-input\":\"required name=search_term_string\"}],\"inLanguage\":\"fr-FR\"},{\"@type\":\"Person\",\"@id\":\"https:\/\/thomasvino.ch\/#\/schema\/person\/670bf4486fe81152cf1d68bd585e062e\",\"name\":\"Pierre Thomas\",\"image\":{\"@type\":\"ImageObject\",\"inLanguage\":\"fr-FR\",\"@id\":\"https:\/\/thomasvino.ch\/#\/schema\/person\/image\/\",\"url\":\"https:\/\/secure.gravatar.com\/avatar\/91fd5a76647f140e53db987a0dead4d7?s=96&d=mm&r=g\",\"contentUrl\":\"https:\/\/secure.gravatar.com\/avatar\/91fd5a76647f140e53db987a0dead4d7?s=96&d=mm&r=g\",\"caption\":\"Pierre Thomas\"},\"url\":\"https:\/\/thomasvino.ch\/?author=3\"}]}<\/script>\n<!-- \/ Yoast SEO plugin. -->","yoast_head_json":{"title":"Vins du Valais : que veut vraiment l\u2019IVV ? - thomasvino","robots":{"index":"index","follow":"follow","max-snippet":"max-snippet:-1","max-image-preview":"max-image-preview:large","max-video-preview":"max-video-preview:-1"},"canonical":"https:\/\/thomasvino.ch\/?p=13377","og_locale":"fr_FR","og_type":"article","og_title":"Vins du Valais : que veut vraiment l\u2019IVV ? - thomasvino","og_description":"L\u2019Etat du Valais et l\u2019Interprofession de la vigne et des vins du Valais (IVV) doivent se mettre d\u2019accord ce printemps sur les points d\u2019une nouvelle ordonnance sur la vigne et le vin (rempla\u00e7ant celle du 17 mars 2004). Les deux parties pourront-elles tomber d\u2019accord\u00a0? Et sur quels chapitres\u00a0? Le point avec Yvan Aymon, le pr\u00e9sident [&hellip;]","og_url":"https:\/\/thomasvino.ch\/?p=13377","og_site_name":"thomasvino","article_published_time":"2016-02-24T10:56:11+00:00","author":"Pierre Thomas","twitter_misc":{"\u00c9crit par":"Pierre Thomas","Dur\u00e9e de lecture estim\u00e9e":"5 minutes"},"schema":{"@context":"https:\/\/schema.org","@graph":[{"@type":"WebPage","@id":"https:\/\/thomasvino.ch\/?p=13377","url":"https:\/\/thomasvino.ch\/?p=13377","name":"Vins du Valais : que veut vraiment l\u2019IVV ? - thomasvino","isPartOf":{"@id":"https:\/\/thomasvino.ch\/#website"},"datePublished":"2016-02-24T10:56:11+00:00","dateModified":"2016-02-24T10:56:11+00:00","author":{"@id":"https:\/\/thomasvino.ch\/#\/schema\/person\/670bf4486fe81152cf1d68bd585e062e"},"breadcrumb":{"@id":"https:\/\/thomasvino.ch\/?p=13377#breadcrumb"},"inLanguage":"fr-FR","potentialAction":[{"@type":"ReadAction","target":["https:\/\/thomasvino.ch\/?p=13377"]}]},{"@type":"BreadcrumbList","@id":"https:\/\/thomasvino.ch\/?p=13377#breadcrumb","itemListElement":[{"@type":"ListItem","position":1,"name":"Accueil","item":"https:\/\/thomasvino.ch\/"},{"@type":"ListItem","position":2,"name":"Vins du Valais : que veut vraiment l\u2019IVV ?"}]},{"@type":"WebSite","@id":"https:\/\/thomasvino.ch\/#website","url":"https:\/\/thomasvino.ch\/","name":"thomasvino","description":"Vins &amp; Gastronomie","potentialAction":[{"@type":"SearchAction","target":{"@type":"EntryPoint","urlTemplate":"https:\/\/thomasvino.ch\/?s={search_term_string}"},"query-input":"required name=search_term_string"}],"inLanguage":"fr-FR"},{"@type":"Person","@id":"https:\/\/thomasvino.ch\/#\/schema\/person\/670bf4486fe81152cf1d68bd585e062e","name":"Pierre Thomas","image":{"@type":"ImageObject","inLanguage":"fr-FR","@id":"https:\/\/thomasvino.ch\/#\/schema\/person\/image\/","url":"https:\/\/secure.gravatar.com\/avatar\/91fd5a76647f140e53db987a0dead4d7?s=96&d=mm&r=g","contentUrl":"https:\/\/secure.gravatar.com\/avatar\/91fd5a76647f140e53db987a0dead4d7?s=96&d=mm&r=g","caption":"Pierre Thomas"},"url":"https:\/\/thomasvino.ch\/?author=3"}]}},"jetpack_featured_media_url":"","jetpack_sharing_enabled":true,"jetpack_shortlink":"https:\/\/wp.me\/p3m4tZ-3tL","jetpack_likes_enabled":false,"jetpack-related-posts":[{"id":14869,"url":"https:\/\/thomasvino.ch\/?p=14869","url_meta":{"origin":13377,"position":0},"title":"Fraudes \u00e0 l\u2019AOC\u00a0: le Conseil d\u2019Etat valaisan a port\u00e9 plainte","date":"22 janvier 2018","format":false,"excerpt":"Le Conseil d\u2019Etat du Valais, selon son communiqu\u00e9 dat\u00e9 du 22 janvier 2018, a \u00abd\u00e9pos\u00e9 quatre plaintes et s\u2019est constitu\u00e9 partie civile \u00e0 la proc\u00e9dure p\u00e9nale, dans le cadre de faits laissant supposer l\u2019existence d\u2019un m\u00e9canisme permettant de contourner les r\u00e8gles de l\u2019AOC Valais.\u00bb Ce d\u00e9p\u00f4t de plaintes date d\u2019il\u2026","rel":"","context":"Dans &quot;Actus - News&quot;","img":{"alt_text":"","src":"","width":0,"height":0},"classes":[]},{"id":12758,"url":"https:\/\/thomasvino.ch\/?p=12758","url_meta":{"origin":13377,"position":1},"title":"Affaire Giroud: l&rsquo;IVV porte plainte pour \u00abconcurrence d\u00e9loyale\u00bb","date":"18 mai 2015","format":false,"excerpt":"Dans un communiqu\u00e9 dat\u00e9 du 18 mai 2015, l\u2019Interprofession de la Vigne et du Vin du Valais (IVV), par son nouveau pr\u00e9sident, Yvan Aymon, dit avoir d\u00e9pos\u00e9 une plainte p\u00e9nale pour concurrence d\u00e9loyale contre l\u2019encaveur Dominique Giroud, au d\u00e9but avril d\u00e9j\u00e0. L\u2019IVV souhaite \u00abfaire toute la lumi\u00e8re sur des infractions\u2026","rel":"","context":"Dans &quot;Actus - News&quot;","img":{"alt_text":"","src":"","width":0,"height":0},"classes":[]},{"id":13012,"url":"https:\/\/thomasvino.ch\/?p=13012","url_meta":{"origin":13377,"position":2},"title":"L\u2019IVV s\u2019oppose \u00e0 l\u2019Etat  Bras de fer dans le vignoble valaisan","date":"21 septembre 2015","format":false,"excerpt":"On se croirait revenu au bon vieux temps des bringues entre vignerons. Mais cette fois, c\u2019est l\u2019Interprofession de la vigne et du vin du Valais, dans une lettre sign\u00e9e par les principaux acteurs de la vitiviniculture du Vieux-Pays, qui s\u2019oppose \u00e0 l\u2019Etat du Valais. Par Pierre Thomas Le communiqu\u00e9 de\u2026","rel":"","context":"Dans &quot;Actus - News&quot;","img":{"alt_text":"","src":"","width":0,"height":0},"classes":[]},{"id":11996,"url":"https:\/\/thomasvino.ch\/?p=11996","url_meta":{"origin":13377,"position":3},"title":"Vins valaisans  Pas d\u2019\u00e9dulcoration au \u00abmo\u00fbt concentr\u00e9 rectifi\u00e9\u00bb en 2014","date":"14 mai 2014","format":false,"excerpt":"La nouvelle \u00abordonnance f\u00e9d\u00e9rale sur les boissons alcooliques\u00bb, qui reprend les principes du droit europ\u00e9en, est entr\u00e9e en vigueur le 1er janvier 2014. Elle va obliger les cantons, qui ont le pouvoir de r\u00e8glementer les AOC, \u00e0 se pencher sur la question de l\u2019enrichissement en sucre (chaptalisation), reconnu par le\u2026","rel":"","context":"Dans &quot;Actus - News&quot;","img":{"alt_text":"","src":"","width":0,"height":0},"classes":[]},{"id":11913,"url":"https:\/\/thomasvino.ch\/?p=11913","url_meta":{"origin":13377,"position":4},"title":"D\u00e9crypter le Valais du vin de bas en haut","date":"25 avril 2014","format":false,"excerpt":"L\u2019Interprofession de la vigne et du vin du Valais (IVVs) a donn\u00e9, en mars, mandat au consultant Yvan Aymon de dresser l\u2019\u00e9tat des lieux de la vitiviniculture valaisanne. Il rendra compte des premiers \u00e9l\u00e9ments en novembre \u00e0 l\u2019assembl\u00e9e de l\u2019IVVs, avant un rapport final attendu pour le printemps 2015. Rencontre\u2026","rel":"","context":"Dans &quot;Vins suisses&quot;","img":{"alt_text":"","src":"","width":0,"height":0},"classes":[]},{"id":11792,"url":"https:\/\/thomasvino.ch\/?p=11792","url_meta":{"origin":13377,"position":5},"title":"Affaire Giroud: l&rsquo;IVV sort du bois","date":"27 f\u00e9vrier 2014","format":false,"excerpt":"L'Interprofession de la vigne et du vin du Valais (IVV) r\u00e9agit \u00e0 l'affaire Giroud et a mandat\u00e9 son pr\u00e9sident, Paul-Andr\u00e9 Roux, pour en parler. Dans un communiqu\u00e9 dat\u00e9 du 27 f\u00e9vrier, elle \u00e9crit: \u00abNous en avons marre que toute la profession, que tous les vins du Valais soient salis parce\u2026","rel":"","context":"Dans &quot;Actus - News&quot;","img":{"alt_text":"","src":"","width":0,"height":0},"classes":[]}],"_links":{"self":[{"href":"https:\/\/thomasvino.ch\/index.php?rest_route=\/wp\/v2\/posts\/13377"}],"collection":[{"href":"https:\/\/thomasvino.ch\/index.php?rest_route=\/wp\/v2\/posts"}],"about":[{"href":"https:\/\/thomasvino.ch\/index.php?rest_route=\/wp\/v2\/types\/post"}],"author":[{"embeddable":true,"href":"https:\/\/thomasvino.ch\/index.php?rest_route=\/wp\/v2\/users\/3"}],"replies":[{"embeddable":true,"href":"https:\/\/thomasvino.ch\/index.php?rest_route=%2Fwp%2Fv2%2Fcomments&post=13377"}],"version-history":[{"count":0,"href":"https:\/\/thomasvino.ch\/index.php?rest_route=\/wp\/v2\/posts\/13377\/revisions"}],"wp:attachment":[{"href":"https:\/\/thomasvino.ch\/index.php?rest_route=%2Fwp%2Fv2%2Fmedia&parent=13377"}],"wp:term":[{"taxonomy":"category","embeddable":true,"href":"https:\/\/thomasvino.ch\/index.php?rest_route=%2Fwp%2Fv2%2Fcategories&post=13377"},{"taxonomy":"post_tag","embeddable":true,"href":"https:\/\/thomasvino.ch\/index.php?rest_route=%2Fwp%2Fv2%2Ftags&post=13377"}],"curies":[{"name":"wp","href":"https:\/\/api.w.org\/{rel}","templated":true}]}}