{"id":13445,"date":"2016-03-11T18:08:54","date_gmt":"2016-03-11T17:08:54","guid":{"rendered":"http:\/\/www.thomasvino.ch\/?p=13445"},"modified":"2016-03-11T18:08:54","modified_gmt":"2016-03-11T17:08:54","slug":"la-memoire-des-vins-suisses-a-geneve-2","status":"publish","type":"post","link":"https:\/\/thomasvino.ch\/?p=13445","title":{"rendered":"La M\u00e9moire des Vins Suisses \u00e0 Gen\u00e8ve"},"content":{"rendered":"<p><strong>Le jeudi 7 avril, le projet de la M\u00e9moire des Vins Suisses tiendra sa session annuelle \u00e0 Gen\u00e8ve. L\u2019occasion de d\u00e9guster les 56 crus formant l\u2019\u00e9lite des vins de toute la Suisse, suivis r\u00e9guli\u00e8rement dans le temps.<\/strong><\/p>\n<p>Ces vins exceptionnels, sur dix mill\u00e9simes pour certains, pourront \u00eatre d\u00e9gust\u00e9s par le public \u00e0 l\u2019H\u00f4tel Beau-Rivage, au quai du Mont-Blanc, de 14 h. \u00e0 19 h. La d\u00e9gustation co\u00fbte 20 francs, \u00e0 moins de s\u2019inscrire au pr\u00e9alable (gratuitement\u00a0!) sur le site <strong><a href=\"http:\/\/www.mdvs.ch\/fr\/events\/les-tresors-du-vin-suisse.html\">www.mdvs.ch<\/a><\/strong>. Amp\u00e9lologue-g\u00e9n\u00e9ticien, soit expert \u00e8s ceps et c\u00e9pages, le Valaisan <strong>Jos\u00e9 Vouillamoz<\/strong> conduira une d\u00e9gustation entre 16 et 17 h.<\/p>\n<p>Le soir du jeudi 7 avril, le chef du Chat-Bott\u00e9, le restaurant du Beau-Rivage, le chef <strong>Dominique Gauthier <\/strong>(18\/20 GaultMillau, un macaron Michelin) appr\u00eatera un repas de quatre plats, en accord avec un choix des m\u00eames vins, sur plusieurs mill\u00e9simes. Les membres de la MDVS (producteurs, sommeliers et journalistes), pr\u00e9sid\u00e9e par le Neuch\u00e2telois <strong>Thierry Grosjean<\/strong>, et les h\u00f4tes seront r\u00e9unis \u00e0 une m\u00eame table.<\/p>\n<p>La soir\u00e9e, vins compris, est \u00e0 250 francs le couvert. Inscription \u00e9galement sur <strong><a href=\"http:\/\/www.mdvs.ch\/fr\/events\/grand-gala-des-millesimes.html\">www.mdvs.ch<\/a><\/strong>.<\/p>\n<p><em>\u00a9thomasvino.ch<\/em><\/p>\n","protected":false},"excerpt":{"rendered":"<p>Le jeudi 7 avril, le projet de la M\u00e9moire des Vins Suisses tiendra sa session annuelle \u00e0 Gen\u00e8ve. L\u2019occasion de d\u00e9guster les 56 crus formant l\u2019\u00e9lite des vins de toute la Suisse, suivis r\u00e9guli\u00e8rement dans le temps. Ces vins exceptionnels, sur dix mill\u00e9simes pour certains, pourront \u00eatre d\u00e9gust\u00e9s par le public \u00e0 l\u2019H\u00f4tel Beau-Rivage, au [&hellip;]<\/p>\n","protected":false},"author":3,"featured_media":0,"comment_status":"closed","ping_status":"open","sticky":false,"template":"","format":"standard","meta":{"_monsterinsights_skip_tracking":false,"_monsterinsights_sitenote_active":false,"_monsterinsights_sitenote_note":"","_monsterinsights_sitenote_category":0,"jetpack_post_was_ever_published":false,"jetpack_publicize_message":"","jetpack_is_tweetstorm":false,"jetpack_publicize_feature_enabled":true,"jetpack_social_post_already_shared":true,"jetpack_social_options":{"image_generator_settings":{"template":"highway","enabled":false}}},"categories":[15],"tags":[1293,1294,246,473,967],"jetpack_publicize_connections":[],"yoast_head":"<!-- This site is optimized with the Yoast SEO plugin v20.6 - https:\/\/yoast.com\/wordpress\/plugins\/seo\/ -->\n<title>La M\u00e9moire des Vins Suisses \u00e0 Gen\u00e8ve - thomasvino<\/title>\n<meta name=\"robots\" content=\"index, follow, max-snippet:-1, max-image-preview:large, max-video-preview:-1\" \/>\n<link rel=\"canonical\" href=\"https:\/\/thomasvino.ch\/?p=13445\" \/>\n<meta property=\"og:locale\" content=\"fr_FR\" \/>\n<meta property=\"og:type\" content=\"article\" \/>\n<meta property=\"og:title\" content=\"La M\u00e9moire des Vins Suisses \u00e0 Gen\u00e8ve - thomasvino\" \/>\n<meta property=\"og:description\" content=\"Le jeudi 7 avril, le projet de la M\u00e9moire des Vins Suisses tiendra sa session annuelle \u00e0 Gen\u00e8ve. L\u2019occasion de d\u00e9guster les 56 crus formant l\u2019\u00e9lite des vins de toute la Suisse, suivis r\u00e9guli\u00e8rement dans le temps. Ces vins exceptionnels, sur dix mill\u00e9simes pour certains, pourront \u00eatre d\u00e9gust\u00e9s par le public \u00e0 l\u2019H\u00f4tel Beau-Rivage, au [&hellip;]\" \/>\n<meta property=\"og:url\" content=\"https:\/\/thomasvino.ch\/?p=13445\" \/>\n<meta property=\"og:site_name\" content=\"thomasvino\" \/>\n<meta property=\"article:published_time\" content=\"2016-03-11T17:08:54+00:00\" \/>\n<meta name=\"author\" content=\"Pierre Thomas\" \/>\n<meta name=\"twitter:label1\" content=\"\u00c9crit par\" \/>\n\t<meta name=\"twitter:data1\" content=\"Pierre Thomas\" \/>\n\t<meta name=\"twitter:label2\" content=\"Dur\u00e9e de lecture estim\u00e9e\" \/>\n\t<meta name=\"twitter:data2\" content=\"1 minute\" \/>\n<script type=\"application\/ld+json\" class=\"yoast-schema-graph\">{\"@context\":\"https:\/\/schema.org\",\"@graph\":[{\"@type\":\"WebPage\",\"@id\":\"https:\/\/thomasvino.ch\/?p=13445\",\"url\":\"https:\/\/thomasvino.ch\/?p=13445\",\"name\":\"La M\u00e9moire des Vins Suisses \u00e0 Gen\u00e8ve - thomasvino\",\"isPartOf\":{\"@id\":\"https:\/\/thomasvino.ch\/#website\"},\"datePublished\":\"2016-03-11T17:08:54+00:00\",\"dateModified\":\"2016-03-11T17:08:54+00:00\",\"author\":{\"@id\":\"https:\/\/thomasvino.ch\/#\/schema\/person\/670bf4486fe81152cf1d68bd585e062e\"},\"breadcrumb\":{\"@id\":\"https:\/\/thomasvino.ch\/?p=13445#breadcrumb\"},\"inLanguage\":\"fr-FR\",\"potentialAction\":[{\"@type\":\"ReadAction\",\"target\":[\"https:\/\/thomasvino.ch\/?p=13445\"]}]},{\"@type\":\"BreadcrumbList\",\"@id\":\"https:\/\/thomasvino.ch\/?p=13445#breadcrumb\",\"itemListElement\":[{\"@type\":\"ListItem\",\"position\":1,\"name\":\"Accueil\",\"item\":\"https:\/\/thomasvino.ch\/\"},{\"@type\":\"ListItem\",\"position\":2,\"name\":\"La M\u00e9moire des Vins Suisses \u00e0 Gen\u00e8ve\"}]},{\"@type\":\"WebSite\",\"@id\":\"https:\/\/thomasvino.ch\/#website\",\"url\":\"https:\/\/thomasvino.ch\/\",\"name\":\"thomasvino\",\"description\":\"Vins &amp; Gastronomie\",\"potentialAction\":[{\"@type\":\"SearchAction\",\"target\":{\"@type\":\"EntryPoint\",\"urlTemplate\":\"https:\/\/thomasvino.ch\/?s={search_term_string}\"},\"query-input\":\"required name=search_term_string\"}],\"inLanguage\":\"fr-FR\"},{\"@type\":\"Person\",\"@id\":\"https:\/\/thomasvino.ch\/#\/schema\/person\/670bf4486fe81152cf1d68bd585e062e\",\"name\":\"Pierre Thomas\",\"image\":{\"@type\":\"ImageObject\",\"inLanguage\":\"fr-FR\",\"@id\":\"https:\/\/thomasvino.ch\/#\/schema\/person\/image\/\",\"url\":\"https:\/\/secure.gravatar.com\/avatar\/91fd5a76647f140e53db987a0dead4d7?s=96&d=mm&r=g\",\"contentUrl\":\"https:\/\/secure.gravatar.com\/avatar\/91fd5a76647f140e53db987a0dead4d7?s=96&d=mm&r=g\",\"caption\":\"Pierre Thomas\"},\"url\":\"https:\/\/thomasvino.ch\/?author=3\"}]}<\/script>\n<!-- \/ Yoast SEO plugin. -->","yoast_head_json":{"title":"La M\u00e9moire des Vins Suisses \u00e0 Gen\u00e8ve - thomasvino","robots":{"index":"index","follow":"follow","max-snippet":"max-snippet:-1","max-image-preview":"max-image-preview:large","max-video-preview":"max-video-preview:-1"},"canonical":"https:\/\/thomasvino.ch\/?p=13445","og_locale":"fr_FR","og_type":"article","og_title":"La M\u00e9moire des Vins Suisses \u00e0 Gen\u00e8ve - thomasvino","og_description":"Le jeudi 7 avril, le projet de la M\u00e9moire des Vins Suisses tiendra sa session annuelle \u00e0 Gen\u00e8ve. L\u2019occasion de d\u00e9guster les 56 crus formant l\u2019\u00e9lite des vins de toute la Suisse, suivis r\u00e9guli\u00e8rement dans le temps. Ces vins exceptionnels, sur dix mill\u00e9simes pour certains, pourront \u00eatre d\u00e9gust\u00e9s par le public \u00e0 l\u2019H\u00f4tel Beau-Rivage, au [&hellip;]","og_url":"https:\/\/thomasvino.ch\/?p=13445","og_site_name":"thomasvino","article_published_time":"2016-03-11T17:08:54+00:00","author":"Pierre Thomas","twitter_misc":{"\u00c9crit par":"Pierre Thomas","Dur\u00e9e de lecture estim\u00e9e":"1 minute"},"schema":{"@context":"https:\/\/schema.org","@graph":[{"@type":"WebPage","@id":"https:\/\/thomasvino.ch\/?p=13445","url":"https:\/\/thomasvino.ch\/?p=13445","name":"La M\u00e9moire des Vins Suisses \u00e0 Gen\u00e8ve - thomasvino","isPartOf":{"@id":"https:\/\/thomasvino.ch\/#website"},"datePublished":"2016-03-11T17:08:54+00:00","dateModified":"2016-03-11T17:08:54+00:00","author":{"@id":"https:\/\/thomasvino.ch\/#\/schema\/person\/670bf4486fe81152cf1d68bd585e062e"},"breadcrumb":{"@id":"https:\/\/thomasvino.ch\/?p=13445#breadcrumb"},"inLanguage":"fr-FR","potentialAction":[{"@type":"ReadAction","target":["https:\/\/thomasvino.ch\/?p=13445"]}]},{"@type":"BreadcrumbList","@id":"https:\/\/thomasvino.ch\/?p=13445#breadcrumb","itemListElement":[{"@type":"ListItem","position":1,"name":"Accueil","item":"https:\/\/thomasvino.ch\/"},{"@type":"ListItem","position":2,"name":"La M\u00e9moire des Vins Suisses \u00e0 Gen\u00e8ve"}]},{"@type":"WebSite","@id":"https:\/\/thomasvino.ch\/#website","url":"https:\/\/thomasvino.ch\/","name":"thomasvino","description":"Vins &amp; Gastronomie","potentialAction":[{"@type":"SearchAction","target":{"@type":"EntryPoint","urlTemplate":"https:\/\/thomasvino.ch\/?s={search_term_string}"},"query-input":"required name=search_term_string"}],"inLanguage":"fr-FR"},{"@type":"Person","@id":"https:\/\/thomasvino.ch\/#\/schema\/person\/670bf4486fe81152cf1d68bd585e062e","name":"Pierre Thomas","image":{"@type":"ImageObject","inLanguage":"fr-FR","@id":"https:\/\/thomasvino.ch\/#\/schema\/person\/image\/","url":"https:\/\/secure.gravatar.com\/avatar\/91fd5a76647f140e53db987a0dead4d7?s=96&d=mm&r=g","contentUrl":"https:\/\/secure.gravatar.com\/avatar\/91fd5a76647f140e53db987a0dead4d7?s=96&d=mm&r=g","caption":"Pierre Thomas"},"url":"https:\/\/thomasvino.ch\/?author=3"}]}},"jetpack_featured_media_url":"","jetpack_sharing_enabled":true,"jetpack_shortlink":"https:\/\/wp.me\/p3m4tZ-3uR","jetpack_likes_enabled":false,"jetpack-related-posts":[{"id":13483,"url":"https:\/\/thomasvino.ch\/?p=13483","url_meta":{"origin":13445,"position":0},"title":"La M\u00e9moire des vins suisses, aujourd&rsquo;hui \u00e0 Gen\u00e8ve!","date":"7 avril 2016","format":false,"excerpt":"Rappel\u00a0: la grande d\u00e9gustation annuelle de la M\u00e9moire des Vins Suisses a lieu cet apr\u00e8s-midi, jeudi 7 avril, d\u00e8s 14 h., \u00e0 l\u2019h\u00f4tel Beau-Rivage, \u00e0 Gen\u00e8ve. Les quelque 55 producteurs de ce projet de v\u00e9rification de la long\u00e9vit\u00e9 des crus helv\u00e9tiques feront appr\u00e9cier le vin pour lequel ils ont \u00e9t\u00e9\u2026","rel":"","context":"Dans &quot;Actus - News&quot;","img":{"alt_text":"","src":"https:\/\/i0.wp.com\/www.thomasvino.ch\/wp-content\/uploads\/2016\/04\/mdvs-293x300.jpg?resize=350%2C200","width":350,"height":200},"classes":[]},{"id":8862,"url":"https:\/\/thomasvino.ch\/?p=8862","url_meta":{"origin":13445,"position":1},"title":"La M\u00e9moire des vins suisses \u00e0 Gen\u00e8ve","date":"23 mars 2009","format":false,"excerpt":"M\u00e9moire des vins suissesD\u00e9gustation exceptionnelle \u00e0 Gen\u00e8veLes trente membres du projet M\u00e9moire des vins suisses (MDVS) feront d\u00e9guster leurs vins au public ce jeudi 26 mars 2009 de 16 \u00e0 19 h. \u00e0 l\u2019H\u00f4tel de Paix, quai du Mont-Blanc 11, \u00e0 Gen\u00e8ve. Si certains Valaisans se sont retir\u00e9s du projet,\u2026","rel":"","context":"Dans &quot;Actus - News&quot;","img":{"alt_text":"","src":"","width":0,"height":0},"classes":[]},{"id":11840,"url":"https:\/\/thomasvino.ch\/?p=11840","url_meta":{"origin":13445,"position":2},"title":"Arvinis 2014, avant le 20\u00e8me anniversaire","date":"14 mars 2014","format":false,"excerpt":"Depuis bient\u00f4t 20 ans, Morges a su se placer comme capitale de printemps de la d\u00e9gsutation des vins suisses et \u00e9trangers. Id\u00e9alement plac\u00e9e entre Gen\u00e8ve et Lausanne, de surcro\u00eet avec un lieu d\u2019exposition pr\u00e9caire (mais assur\u00e9 jusqu\u2019en 2016), des halles en bois en face de la gare CFF, elle attire\u2026","rel":"","context":"Dans &quot;Actus - News&quot;","img":{"alt_text":"","src":"","width":0,"height":0},"classes":[]},{"id":9752,"url":"https:\/\/thomasvino.ch\/?p=9752","url_meta":{"origin":13445,"position":3},"title":"Vins suisses \u2014 \u00abVignobles suisses\u00bb, un triple hommage","date":"8 mai 2006","format":false,"excerpt":"Vins suisses \u2014 \u00abVignobles suisses\u00bb, le livre de r\u00e9f\u00e9rence Un triple hommage trois ans apr\u00e8s Jeudi soir 29 juin 2006, dans les salons de l\u2019H\u00f4tel Beau-Rivage, \u00e0 Gen\u00e8ve, la Baronne Nadine de Rothschild a remis le premier Prix Edmond de Rothschild, destin\u00e9 \u00e0 r\u00e9compenser \u00abun ouvrage sur le vin \u00e9dit\u00e9\u2026","rel":"","context":"Dans &quot;Actus - News&quot;","img":{"alt_text":"","src":"","width":0,"height":0},"classes":[]},{"id":9017,"url":"https:\/\/thomasvino.ch\/?p=9017","url_meta":{"origin":13445,"position":4},"title":"Un concours pour amateurs \u00e0 Gen\u00e8ve!","date":"13 avril 2010","format":false,"excerpt":"Gen\u00e8ve: un concours de d\u00e9gustation pour amateurs On conna\u00eet les concours de d\u00e9gustation pour amateurs. Par exemple le long parcours du combattant du Verre d\u2019Or en terres vaudoises, qui s\u2019arr\u00eate le jeudi 22 avril au Ch\u00e2teau d\u2019Echallens pour une \u00e9preuve int\u00e9ressante sur les c\u00e9pages rouges, L'Emile. Dans la cit\u00e9 de\u2026","rel":"","context":"Dans &quot;Actus - News&quot;","img":{"alt_text":"","src":"","width":0,"height":0},"classes":[]},{"id":9197,"url":"https:\/\/thomasvino.ch\/?p=9197","url_meta":{"origin":13445,"position":5},"title":"Des r\u00e9cidivistes remportent le Prix du Beau-Rivage","date":"19 juin 2011","format":false,"excerpt":"Gen\u00e8ve: 2\u00e8me Prix Beau-Rivage de d\u00e9gustation Le duo gagnant r\u00e9cidive ! La comp\u00e9tition, inaugur\u00e9e en 2010, est \u00e0 la d\u00e9gustation (presque) ce que le Bol d'Or est \u00e0 la navigation l\u00e9manique ou le Troph\u00e9e Baracchi au cyclisme contre la montre... Et c'est le duo qui remporta la premi\u00e8re \u00e9dition, form\u00e9\u2026","rel":"","context":"Dans &quot;Actus - News&quot;","img":{"alt_text":"prix_beau-rivage.jpg","src":"img\/prix_beau-rivage.jpg","width":350,"height":200},"classes":[]}],"_links":{"self":[{"href":"https:\/\/thomasvino.ch\/index.php?rest_route=\/wp\/v2\/posts\/13445"}],"collection":[{"href":"https:\/\/thomasvino.ch\/index.php?rest_route=\/wp\/v2\/posts"}],"about":[{"href":"https:\/\/thomasvino.ch\/index.php?rest_route=\/wp\/v2\/types\/post"}],"author":[{"embeddable":true,"href":"https:\/\/thomasvino.ch\/index.php?rest_route=\/wp\/v2\/users\/3"}],"replies":[{"embeddable":true,"href":"https:\/\/thomasvino.ch\/index.php?rest_route=%2Fwp%2Fv2%2Fcomments&post=13445"}],"version-history":[{"count":0,"href":"https:\/\/thomasvino.ch\/index.php?rest_route=\/wp\/v2\/posts\/13445\/revisions"}],"wp:attachment":[{"href":"https:\/\/thomasvino.ch\/index.php?rest_route=%2Fwp%2Fv2%2Fmedia&parent=13445"}],"wp:term":[{"taxonomy":"category","embeddable":true,"href":"https:\/\/thomasvino.ch\/index.php?rest_route=%2Fwp%2Fv2%2Fcategories&post=13445"},{"taxonomy":"post_tag","embeddable":true,"href":"https:\/\/thomasvino.ch\/index.php?rest_route=%2Fwp%2Fv2%2Ftags&post=13445"}],"curies":[{"name":"wp","href":"https:\/\/api.w.org\/{rel}","templated":true}]}}