{"id":13495,"date":"2016-04-13T09:34:04","date_gmt":"2016-04-13T08:34:04","guid":{"rendered":"http:\/\/www.thomasvino.ch\/?p=13495"},"modified":"2016-04-13T09:34:04","modified_gmt":"2016-04-13T08:34:04","slug":"quels-vins-pour-quels-changements-climatiques","status":"publish","type":"post","link":"https:\/\/thomasvino.ch\/?p=13495","title":{"rendered":"Quel(s) vin(s) pour quel(s) changement(s) climatique(s) ?"},"content":{"rendered":"<p><strong>Comment l\u2019industrie vitivinicole va-t-elle r\u00e9agir aux <em>\u00abanomalies climatiques\u00bb<\/em>\u00a0? A Agrovina, \u00e0 Martigny, en janvier, deux chercheurs de Changins ont donn\u00e9 des pistes sur ce changement qui affectera \u00e0 coup s\u00fbr les vins suisses aussi.<\/strong><\/p>\n<p><em>\u00abPour l\u2019instant, nous sommes encore gagnants en Suisse\u00bb<\/em>, rappelle <strong>Ramon Mira de Orduna<\/strong>. La date des vendanges a avanc\u00e9 de 20 jours en 100 ans, ce qui rapproche le L\u00e9man du Languedoc d\u2019alors. Que le sc\u00e9nario soit une temp\u00e9rature moyenne annuelle en hausse de 1 \u00e0 1,5 degr\u00e9, voire de 4 degr\u00e9s, la vigne, plante domestiqu\u00e9e, sera prompte \u00e0 traduire ce changement.<\/p>\n<p>Et, rappelle un autre chercheur de Changins, <strong>Markus Rienth<\/strong>, il exposera les vins \u00e0 plus d\u2019alcool et \u00e0 moins d\u2019acidit\u00e9, notamment par la d\u00e9gradation de l\u2019acide malique par la chaleur. Dans le go\u00fbt des vins, ces mutations se traduiront par moins d\u2019ar\u00f4mes de poivron dans les rouges, mais plus de notes p\u00e9trol\u00e9es dans les blancs.<\/p>\n<h3><strong>Peu de moyens d&rsquo;action dans la vigne<\/strong><\/h3>\n<p>Comment r\u00e9agir dans la vigne? <em>\u00abLes solutions sont limit\u00e9es\u00bb<\/em>, constate <strong>Markus Rienth<\/strong>. On pourrait diff\u00e9rer le moment de la taille de la vigne. Puis r\u00e9duire la surface foliaire, en effeuillant au moment de la v\u00e9raison, qui permettrait de retarder de 10 jours la vendange, pour \u00e9viter qu\u2019elle tombe en \u00e9t\u00e9 (toujours plus chaud\u2026). Ou augmenter la charge en raisin \u2014 une<em> \u00absolution\u00bb<\/em> iconoclaste, quand on sait que la Suisse a, depuis trente ans, r\u00e9duit les rendements pour adapter l\u2019offre \u00e0 la demande, stagnante\u00a0! Plus en amont, on peut aussi choisir des porte-greffes moins vigoureux, des clones plus tardifs et des c\u00e9pages \u00e0 cycle v\u00e9g\u00e9tatif long. En Valais, le cycle de la petite arvine s\u2019apparente \u00e0 celui du rkatsiteli g\u00e9orgien, et celui du cornalin, au sangiovese toscan. Et Changins a lanc\u00e9 divers clones de gamaret crois\u00e9 avec des c\u00e9pages europ\u00e9ens (nebbiolo, merlot, etc.) ou, mieux encore, le divico, r\u00e9sistant aux maladies cryptogamiques. Encore faut-il que les vins qui en sont tir\u00e9 soient au go\u00fbt du consommateur\u2026<\/p>\n<p>Comment r\u00e9agir en cave\u00a0? Des vendanges plus pr\u00e9coces, rappelle <strong>Ramon Mira de Orduna<\/strong>, exposent le raisin \u00e0 la chaleur, donc \u00e0 l\u2019oxydation. Et la baisse de l\u2019acidit\u00e9 naturelle oblige \u00e0 acidifier les mo\u00fbts, toujours pour les prot\u00e9ger de l\u2019oxydation. On a d\u00e9j\u00e0 observ\u00e9 des raisins faibles en azote assimilable, qui engendrent un go\u00fbt de r\u00e9duction.<\/p>\n<h3><strong>Mettre de l\u2019eau dans son vin\u00a0?<\/strong><\/h3>\n<p>Avant de produire trop d\u2019alcool, l\u2019exc\u00e8s de sucre dans le raisin bloque les levures. Cette fermentation languissante expose le vin en devenir \u00e0 l\u2019acidit\u00e9 volatile, d\u2019o\u00f9 l\u2019obligation d\u2019utiliser un agent protecteur, le SO2 (les sulfites, en anglais). La fermentation probl\u00e8matique emp\u00eache aussi la couleur de se fixer.<\/p>\n<p>Autant d\u2019\u00e9l\u00e9ments qui pourraient condamner la fermentation spontan\u00e9e par les propres levures du raisin \u2014 une tendance pourtant pr\u00f4n\u00e9e par les tenants du <em>\u00abvin naturel\u00bb<\/em>, sans levures industrielles, ni sulfites. Et, insiste le chercheur, <em>\u00abchaque fois qu\u2019on ajoute quelque chose au vin, on prend des risques de contamination.\u00bb<\/em><\/p>\n<p>Cet exc\u00e8s d\u2019alcool met en p\u00e9ril l\u2019\u00e9quilibre gustatif des vins, qui paraissent aussi moins aromatiques. Plut\u00f4t que l\u2019utilisation, \u00e9tudi\u00e9e et possible, du verjus (qui oblige \u00e0 traiter le vin au charbon pour le d\u00e9saromatiser tant le go\u00fbt du verjus est d\u00e9sagr\u00e9able!), celle de l\u2019eau pourrait devenir la panac\u00e9e. Un Suisse, chercheur \u00e0 la Washington State University, <strong>Markus Keller<\/strong>, est \u00e0 la pointe de l\u2019\u00e9tude des techniques de r\u00e9cup\u00e9ration de l\u2019eau, <em>\u00abperdue\u00bb<\/em> par \u00e9vaporation. Et la Californie admet d\u00e9j\u00e0 l\u2019ajout d\u2019eau dans les mo\u00fbts. Rien ne s\u2019y opposerait l\u00e9galement en Europe. Certes, <em>\u00abtoutes les pratiques \u0153nologiques autoris\u00e9es excluent l&rsquo;adjonction d&rsquo;eau, sauf du fait d&rsquo;exigences techniques particuli\u00e8res\u00bb<\/em>, rappelle <strong>Ramon Mira de Orduna<\/strong>.<\/p>\n<p>Les <em>\u00abanomalies climatiques\u00bb<\/em> pourrait, \u00e0 plus ou moins br\u00e8ve \u00e9ch\u00e9ance, pousser les vignerons dans cet ultime retranchement <em>\u00abtechnique\u00bb<\/em>\u00a0: mettre de l\u2019eau dans leur vin!<\/p>\n<p><em>Paru dans <\/em>H\u00f4tellerie &amp; Gastronomie Hebdo<em> du 13 avril 2016<\/em><\/p>\n","protected":false},"excerpt":{"rendered":"<p>Comment l\u2019industrie vitivinicole va-t-elle r\u00e9agir aux \u00abanomalies climatiques\u00bb\u00a0? A Agrovina, \u00e0 Martigny, en janvier, deux chercheurs de Changins ont donn\u00e9 des pistes sur ce changement qui affectera \u00e0 coup s\u00fbr les vins suisses aussi. \u00abPour l\u2019instant, nous sommes encore gagnants en Suisse\u00bb, rappelle Ramon Mira de Orduna. La date des vendanges a avanc\u00e9 de 20 [&hellip;]<\/p>\n","protected":false},"author":3,"featured_media":0,"comment_status":"closed","ping_status":"open","sticky":false,"template":"","format":"standard","meta":{"_monsterinsights_skip_tracking":false,"_monsterinsights_sitenote_active":false,"_monsterinsights_sitenote_note":"","_monsterinsights_sitenote_category":0,"jetpack_post_was_ever_published":false,"jetpack_publicize_message":"","jetpack_is_tweetstorm":false,"jetpack_publicize_feature_enabled":true,"jetpack_social_post_already_shared":true,"jetpack_social_options":{"image_generator_settings":{"template":"highway","enabled":false}}},"categories":[29],"tags":[1262,198,1308,876,1264,1265],"jetpack_publicize_connections":[],"yoast_head":"<!-- This site is optimized with the Yoast SEO plugin v20.6 - https:\/\/yoast.com\/wordpress\/plugins\/seo\/ -->\n<title>Quel(s) vin(s) pour quel(s) changement(s) climatique(s) ? - thomasvino<\/title>\n<meta name=\"robots\" content=\"index, follow, max-snippet:-1, max-image-preview:large, max-video-preview:-1\" \/>\n<link rel=\"canonical\" href=\"https:\/\/thomasvino.ch\/?p=13495\" \/>\n<meta property=\"og:locale\" content=\"fr_FR\" \/>\n<meta property=\"og:type\" content=\"article\" \/>\n<meta property=\"og:title\" content=\"Quel(s) vin(s) pour quel(s) changement(s) climatique(s) ? - thomasvino\" \/>\n<meta property=\"og:description\" content=\"Comment l\u2019industrie vitivinicole va-t-elle r\u00e9agir aux \u00abanomalies climatiques\u00bb\u00a0? A Agrovina, \u00e0 Martigny, en janvier, deux chercheurs de Changins ont donn\u00e9 des pistes sur ce changement qui affectera \u00e0 coup s\u00fbr les vins suisses aussi. \u00abPour l\u2019instant, nous sommes encore gagnants en Suisse\u00bb, rappelle Ramon Mira de Orduna. La date des vendanges a avanc\u00e9 de 20 [&hellip;]\" \/>\n<meta property=\"og:url\" content=\"https:\/\/thomasvino.ch\/?p=13495\" \/>\n<meta property=\"og:site_name\" content=\"thomasvino\" \/>\n<meta property=\"article:published_time\" content=\"2016-04-13T08:34:04+00:00\" \/>\n<meta name=\"author\" content=\"Pierre Thomas\" \/>\n<meta name=\"twitter:label1\" content=\"\u00c9crit par\" \/>\n\t<meta name=\"twitter:data1\" content=\"Pierre Thomas\" \/>\n\t<meta name=\"twitter:label2\" content=\"Dur\u00e9e de lecture estim\u00e9e\" \/>\n\t<meta name=\"twitter:data2\" content=\"3 minutes\" \/>\n<script type=\"application\/ld+json\" class=\"yoast-schema-graph\">{\"@context\":\"https:\/\/schema.org\",\"@graph\":[{\"@type\":\"WebPage\",\"@id\":\"https:\/\/thomasvino.ch\/?p=13495\",\"url\":\"https:\/\/thomasvino.ch\/?p=13495\",\"name\":\"Quel(s) vin(s) pour quel(s) changement(s) climatique(s) ? - thomasvino\",\"isPartOf\":{\"@id\":\"https:\/\/thomasvino.ch\/#website\"},\"datePublished\":\"2016-04-13T08:34:04+00:00\",\"dateModified\":\"2016-04-13T08:34:04+00:00\",\"author\":{\"@id\":\"https:\/\/thomasvino.ch\/#\/schema\/person\/670bf4486fe81152cf1d68bd585e062e\"},\"breadcrumb\":{\"@id\":\"https:\/\/thomasvino.ch\/?p=13495#breadcrumb\"},\"inLanguage\":\"fr-FR\",\"potentialAction\":[{\"@type\":\"ReadAction\",\"target\":[\"https:\/\/thomasvino.ch\/?p=13495\"]}]},{\"@type\":\"BreadcrumbList\",\"@id\":\"https:\/\/thomasvino.ch\/?p=13495#breadcrumb\",\"itemListElement\":[{\"@type\":\"ListItem\",\"position\":1,\"name\":\"Accueil\",\"item\":\"https:\/\/thomasvino.ch\/\"},{\"@type\":\"ListItem\",\"position\":2,\"name\":\"Quel(s) vin(s) pour quel(s) changement(s) climatique(s) ?\"}]},{\"@type\":\"WebSite\",\"@id\":\"https:\/\/thomasvino.ch\/#website\",\"url\":\"https:\/\/thomasvino.ch\/\",\"name\":\"thomasvino\",\"description\":\"Vins &amp; Gastronomie\",\"potentialAction\":[{\"@type\":\"SearchAction\",\"target\":{\"@type\":\"EntryPoint\",\"urlTemplate\":\"https:\/\/thomasvino.ch\/?s={search_term_string}\"},\"query-input\":\"required name=search_term_string\"}],\"inLanguage\":\"fr-FR\"},{\"@type\":\"Person\",\"@id\":\"https:\/\/thomasvino.ch\/#\/schema\/person\/670bf4486fe81152cf1d68bd585e062e\",\"name\":\"Pierre Thomas\",\"image\":{\"@type\":\"ImageObject\",\"inLanguage\":\"fr-FR\",\"@id\":\"https:\/\/thomasvino.ch\/#\/schema\/person\/image\/\",\"url\":\"https:\/\/secure.gravatar.com\/avatar\/91fd5a76647f140e53db987a0dead4d7?s=96&d=mm&r=g\",\"contentUrl\":\"https:\/\/secure.gravatar.com\/avatar\/91fd5a76647f140e53db987a0dead4d7?s=96&d=mm&r=g\",\"caption\":\"Pierre Thomas\"},\"url\":\"https:\/\/thomasvino.ch\/?author=3\"}]}<\/script>\n<!-- \/ Yoast SEO plugin. -->","yoast_head_json":{"title":"Quel(s) vin(s) pour quel(s) changement(s) climatique(s) ? - thomasvino","robots":{"index":"index","follow":"follow","max-snippet":"max-snippet:-1","max-image-preview":"max-image-preview:large","max-video-preview":"max-video-preview:-1"},"canonical":"https:\/\/thomasvino.ch\/?p=13495","og_locale":"fr_FR","og_type":"article","og_title":"Quel(s) vin(s) pour quel(s) changement(s) climatique(s) ? - thomasvino","og_description":"Comment l\u2019industrie vitivinicole va-t-elle r\u00e9agir aux \u00abanomalies climatiques\u00bb\u00a0? A Agrovina, \u00e0 Martigny, en janvier, deux chercheurs de Changins ont donn\u00e9 des pistes sur ce changement qui affectera \u00e0 coup s\u00fbr les vins suisses aussi. \u00abPour l\u2019instant, nous sommes encore gagnants en Suisse\u00bb, rappelle Ramon Mira de Orduna. La date des vendanges a avanc\u00e9 de 20 [&hellip;]","og_url":"https:\/\/thomasvino.ch\/?p=13495","og_site_name":"thomasvino","article_published_time":"2016-04-13T08:34:04+00:00","author":"Pierre Thomas","twitter_misc":{"\u00c9crit par":"Pierre Thomas","Dur\u00e9e de lecture estim\u00e9e":"3 minutes"},"schema":{"@context":"https:\/\/schema.org","@graph":[{"@type":"WebPage","@id":"https:\/\/thomasvino.ch\/?p=13495","url":"https:\/\/thomasvino.ch\/?p=13495","name":"Quel(s) vin(s) pour quel(s) changement(s) climatique(s) ? - thomasvino","isPartOf":{"@id":"https:\/\/thomasvino.ch\/#website"},"datePublished":"2016-04-13T08:34:04+00:00","dateModified":"2016-04-13T08:34:04+00:00","author":{"@id":"https:\/\/thomasvino.ch\/#\/schema\/person\/670bf4486fe81152cf1d68bd585e062e"},"breadcrumb":{"@id":"https:\/\/thomasvino.ch\/?p=13495#breadcrumb"},"inLanguage":"fr-FR","potentialAction":[{"@type":"ReadAction","target":["https:\/\/thomasvino.ch\/?p=13495"]}]},{"@type":"BreadcrumbList","@id":"https:\/\/thomasvino.ch\/?p=13495#breadcrumb","itemListElement":[{"@type":"ListItem","position":1,"name":"Accueil","item":"https:\/\/thomasvino.ch\/"},{"@type":"ListItem","position":2,"name":"Quel(s) vin(s) pour quel(s) changement(s) climatique(s) ?"}]},{"@type":"WebSite","@id":"https:\/\/thomasvino.ch\/#website","url":"https:\/\/thomasvino.ch\/","name":"thomasvino","description":"Vins &amp; Gastronomie","potentialAction":[{"@type":"SearchAction","target":{"@type":"EntryPoint","urlTemplate":"https:\/\/thomasvino.ch\/?s={search_term_string}"},"query-input":"required name=search_term_string"}],"inLanguage":"fr-FR"},{"@type":"Person","@id":"https:\/\/thomasvino.ch\/#\/schema\/person\/670bf4486fe81152cf1d68bd585e062e","name":"Pierre Thomas","image":{"@type":"ImageObject","inLanguage":"fr-FR","@id":"https:\/\/thomasvino.ch\/#\/schema\/person\/image\/","url":"https:\/\/secure.gravatar.com\/avatar\/91fd5a76647f140e53db987a0dead4d7?s=96&d=mm&r=g","contentUrl":"https:\/\/secure.gravatar.com\/avatar\/91fd5a76647f140e53db987a0dead4d7?s=96&d=mm&r=g","caption":"Pierre Thomas"},"url":"https:\/\/thomasvino.ch\/?author=3"}]}},"jetpack_featured_media_url":"","jetpack_sharing_enabled":true,"jetpack_shortlink":"https:\/\/wp.me\/p3m4tZ-3vF","jetpack_likes_enabled":false,"jetpack-related-posts":[{"id":12486,"url":"https:\/\/thomasvino.ch\/?p=12486","url_meta":{"origin":13495,"position":0},"title":"Viti-\u0153no : l\u2019actualit\u00e9 en d\u00e9bat \u00e0 Lausanne","date":"7 janvier 2015","format":false,"excerpt":"Chaque ann\u00e9e, en janvier, p\u00e9riode de repos pour la vigne, Changins, Agroscope, Pro Conseil et Vitiplus invitent les professionnels de la vigne et du vin \u00e0 deux matin\u00e9es de conf\u00e9rences et de r\u00e9flexions, alternativement \u00e0 Lausanne, durant Swiss\u2019expo, ou Martigny, durant Agrovina. Cette ann\u00e9e, c\u2019est au tour de Lausanne, \u00e0\u2026","rel":"","context":"Dans &quot;Actus - News&quot;","img":{"alt_text":"","src":"","width":0,"height":0},"classes":[]},{"id":13436,"url":"https:\/\/thomasvino.ch\/?p=13436","url_meta":{"origin":13495,"position":1},"title":"La min\u00e9ralit\u00e9 existe,  ils l\u2019ont rencontr\u00e9e !","date":"10 mars 2016","format":false,"excerpt":"Qu\u2019est-ce que la \u00abmin\u00e9ralit\u00e9\u00bb dans les vins, terme dont se gargarisent les \u00abprescripteurs\u00bb, journalistes et sommeliers? Un projet s\u00e9mantico-gustativo-chimique Interr\u00e9g(ional) Suisse-Bourgogne a tent\u00e9 de le d\u00e9terminer. R\u00e9ponse\u00a0: oui, il est possible de distinguer les vins exprimant la min\u00e9ralit\u00e9, m\u00eame si la notion d\u00e9pend autant des c\u00e9pages, de la vinification que\u2026","rel":"","context":"Dans &quot;Tendance&quot;","img":{"alt_text":"","src":"","width":0,"height":0},"classes":[]},{"id":13919,"url":"https:\/\/thomasvino.ch\/?p=13919","url_meta":{"origin":13495,"position":2},"title":"Viticulture d&rsquo;Etat vaudoise : les chaises musicales","date":"10 novembre 2016","format":false,"excerpt":"L\u2019Etat de Vaud va chercher un nouvel \u0153nologue cantonal. Une annonce va \u00eatre publi\u00e9e dans ce sens. Nomm\u00e9 il y a trois ans, Philippe Meyer, 38 ans, reste au service de l\u2019Etat et prend la responsabilit\u00e9 des domaines de Marcelin et des Hospices cantonaux. L\u2019actuel responsable du Domaine de Marcelin,\u2026","rel":"","context":"Dans &quot;Actus - News&quot;","img":{"alt_text":"","src":"","width":0,"height":0},"classes":[]},{"id":11163,"url":"https:\/\/thomasvino.ch\/?p=11163","url_meta":{"origin":13495,"position":3},"title":"Un professeur de Changins  gagne un prix international","date":"17 septembre 2013","format":false,"excerpt":"Le 1er prix international SIVE, attribu\u00e9 par la Soci\u00e9t\u00e9 italienne pour la viticulture et l\u2019\u0153nologie, revient \u00e0 un professeur de chimie du vin de l\u2019Ecole d\u2019ing\u00e9nieurs de Changins, Ramon Mira de Orduna, pour un travail sur l\u2019automatisation du contr\u00f4le des vinifications par spectroscopie FT-NIR. La soci\u00e9t\u00e9 d\u00e9cernait d\u00e9j\u00e0 un prix\u2026","rel":"","context":"Dans &quot;Actus - News&quot;","img":{"alt_text":"","src":"","width":0,"height":0},"classes":[]},{"id":18445,"url":"https:\/\/thomasvino.ch\/?p=18445","url_meta":{"origin":13495,"position":4},"title":"De Changins \u00e0 Ch\u00e2teauneuf(-du-Pape)","date":"15 mai 2024","format":false,"excerpt":"Chaque ann\u00e9e, des \u00e9l\u00e8ves \u00e9trangers viennent se former \u00e0 la haute \u00e9cole viti-\u0153no de Changins, pr\u00e8s de Nyon, le centre de comp\u00e9tences suisse du vin. On en a retrouv\u00e9 un, Axel Vacheron, \u00e0 peine 30 ans, dans ses vignes, au Sud de la France. Par Pierre Thomas Pour les Valaisans,\u2026","rel":"","context":"Dans &quot;Vins fran\u00e7ais&quot;","img":{"alt_text":"","src":"https:\/\/i0.wp.com\/thomasvino.ch\/wp-content\/uploads\/2024\/05\/hg_ARobertAetMVacheronjpg-300x225.jpg?resize=350%2C200&ssl=1","width":350,"height":200},"classes":[]},{"id":10500,"url":"https:\/\/thomasvino.ch\/?p=10500","url_meta":{"origin":13495,"position":5},"title":"Nouveau c\u00e9page prometteur: IRAC 2091 a un nom, Divico","date":"15 avril 2013","format":false,"excerpt":"Cette fois, le nom d\u2019un c\u00e9page suisse n\u2019a pas \u00e9t\u00e9 \u00abpiqu\u00e9\u00bb \u00e0 une vari\u00e9t\u00e9 de fraises, comme, b\u00eatement, pour le \u00abmara\u00bb, un des tripl\u00e9s, et donc fr\u00e8re du gamaret et du garanoir. Le tr\u00e8s \u00abguerre du Golfe\u00bb IRAC 2091 prend le nom d\u2019un chef de guerre cher aux Helv\u00e8tes, Divico.\u2026","rel":"","context":"Dans &quot;Actualit\u00e9s&quot;","img":{"alt_text":"","src":"","width":0,"height":0},"classes":[]}],"_links":{"self":[{"href":"https:\/\/thomasvino.ch\/index.php?rest_route=\/wp\/v2\/posts\/13495"}],"collection":[{"href":"https:\/\/thomasvino.ch\/index.php?rest_route=\/wp\/v2\/posts"}],"about":[{"href":"https:\/\/thomasvino.ch\/index.php?rest_route=\/wp\/v2\/types\/post"}],"author":[{"embeddable":true,"href":"https:\/\/thomasvino.ch\/index.php?rest_route=\/wp\/v2\/users\/3"}],"replies":[{"embeddable":true,"href":"https:\/\/thomasvino.ch\/index.php?rest_route=%2Fwp%2Fv2%2Fcomments&post=13495"}],"version-history":[{"count":0,"href":"https:\/\/thomasvino.ch\/index.php?rest_route=\/wp\/v2\/posts\/13495\/revisions"}],"wp:attachment":[{"href":"https:\/\/thomasvino.ch\/index.php?rest_route=%2Fwp%2Fv2%2Fmedia&parent=13495"}],"wp:term":[{"taxonomy":"category","embeddable":true,"href":"https:\/\/thomasvino.ch\/index.php?rest_route=%2Fwp%2Fv2%2Fcategories&post=13495"},{"taxonomy":"post_tag","embeddable":true,"href":"https:\/\/thomasvino.ch\/index.php?rest_route=%2Fwp%2Fv2%2Ftags&post=13495"}],"curies":[{"name":"wp","href":"https:\/\/api.w.org\/{rel}","templated":true}]}}