{"id":13589,"date":"2016-05-19T14:08:27","date_gmt":"2016-05-19T13:08:27","guid":{"rendered":"http:\/\/www.thomasvino.ch\/?p=13589"},"modified":"2016-05-20T08:21:27","modified_gmt":"2016-05-20T07:21:27","slug":"moins-de-vins-suisses-en-grande-distribution","status":"publish","type":"post","link":"https:\/\/thomasvino.ch\/?p=13589","title":{"rendered":"Moins de vins suisses en grande distribution"},"content":{"rendered":"<p><strong>Les ventes dans les grandes surfaces, en baisse pour la 2e ann\u00e9e cons\u00e9cutive (\u20103.6 % par rapport \u00e0 2014), ne suivent pourtant pas le mouvement positif de 0,8% d&rsquo;augmentation de la <a href=\"http:\/\/www.thomasvino.ch\/?p=13561\">consommation des vins suisses<\/a>, indique l\u2019Observatoire suisse du march\u00e9 du vin (OSMV).<\/strong><br \/>\n<em>\u00abFace \u00e0 la raret\u00e9 des quantit\u00e9s disponibles, les producteurs et encaveurs suisses semblent avoir opt\u00e9 ou d\u00fb se r\u00e9soudre \u00e0 opter pour d\u2019autres canaux de distribution plus r\u00e9mun\u00e9rateurs et moins <\/em><em>contraignants que les grandes surfaces \u00bb<\/em>, argumente <strong>Philippe Delaquis<\/strong>, chef de projet de l\u2019OSMV. Exemple concret de cette \u00e9volution, <strong>la baisse du volume de vente des vins AOC rouges en grande distribution, est particuli\u00e8rement marqu\u00e9e (13 %)<\/strong>, alors que la consommation de vin rouge et de ros\u00e9 suisse augmente de 1.8 % en 2015.<br \/>\n<strong>Le vin blanc suisse reste le produit le plus achet\u00e9 en grande surface (52.4 % en 2015<\/strong> contre 51 % en 2014). Le recul du volume des vins blancs AOC suisses en grande distribution (2.4 %) contraste \u00e9galement avec la l\u00e9g\u00e8re baisse de la consommation globale de vins blancs indig\u00e8nes sur le march\u00e9 suisse (0.7 %).<br \/>\nUne m\u00e9t\u00e9o estivale a contribu\u00e9 \u00e0 la progression des ventes de vins ros\u00e9s AOC suisses en grande surface en 2015 (+ 1.5 %) accompagn\u00e9e d\u2019une augmentation du prix moyen de 25 cts par litre.<br \/>\nR\u00e9pertori\u00e9s pour la 1e fois dans le rapport de l\u2019OSMV, les vins de pays suisses baissent tant en volume (\u2010 7.9 %) qu\u2019en prix (\u2010 0.2 %), ce qui tend \u00e0 d\u00e9montrer un transfert progressif de la production vers des vins de qualit\u00e9 sup\u00e9rieure.<br \/>\n<em>\u00abAu vu des faibles r\u00e9serves \u00e0 disposition et des incertitudes li\u00e9es au franc fort, le vin suisse se cherche aujourd\u2019hui une alternative durable \u00e0 la grande distribution, raison pour laquelle l\u2019Observatoire a lanc\u00e9 depuis le 1er avril 2016 une Mercuriale permettant aux acteurs de la profession de mieux comprendre les march\u00e9s de la vente directe, de la restauration, de l\u2019exportation et aux grossistes\u00bb<\/em> conclut <strong>Philippe Delaquis<\/strong>, chef de projet de l\u2019OSMV.<\/p>\n<p>Tel est le communiqu\u00e9 transmis par l&rsquo;OSMV. Pour la bonne bouche, on donnera la conclusion de la <em>\u00absynth\u00e8se du rapport annuel 2015\u00bb<\/em>: <em>\u00abLe faible niveau de r\u00e9serve incluant la r\u00e9colte 2015 inf\u00e9rieure de 8.9% par rapport \u00e0 celle de l&rsquo;ann\u00e9e pr\u00e9c\u00e9dente, laisse envisager une ann\u00e9e 2016 empreinte de d\u00e9fis pour la vitiviniculture suisse.\u00bb<\/em><\/p>\n<p>Quelle langue de bois \u2014 pas du copeau, mais du ch\u00eane massif!<\/p>\n<p><em>\u00a9thomasvino.ch<\/em><\/p>\n","protected":false},"excerpt":{"rendered":"<p>Les ventes dans les grandes surfaces, en baisse pour la 2e ann\u00e9e cons\u00e9cutive (\u20103.6 % par rapport \u00e0 2014), ne suivent pourtant pas le mouvement positif de 0,8% d&rsquo;augmentation de la consommation des vins suisses, indique l\u2019Observatoire suisse du march\u00e9 du vin (OSMV). \u00abFace \u00e0 la raret\u00e9 des quantit\u00e9s disponibles, les producteurs et encaveurs suisses [&hellip;]<\/p>\n","protected":false},"author":3,"featured_media":0,"comment_status":"closed","ping_status":"open","sticky":false,"template":"","format":"standard","meta":{"_monsterinsights_skip_tracking":false,"_monsterinsights_sitenote_active":false,"_monsterinsights_sitenote_note":"","_monsterinsights_sitenote_category":0,"jetpack_post_was_ever_published":false,"jetpack_publicize_message":"","jetpack_is_tweetstorm":false,"jetpack_publicize_feature_enabled":true,"jetpack_social_post_already_shared":true,"jetpack_social_options":{"image_generator_settings":{"template":"highway","enabled":false}}},"categories":[29],"tags":[],"jetpack_publicize_connections":[],"yoast_head":"<!-- This site is optimized with the Yoast SEO plugin v20.6 - https:\/\/yoast.com\/wordpress\/plugins\/seo\/ -->\n<title>Moins de vins suisses en grande distribution - thomasvino<\/title>\n<meta name=\"robots\" content=\"index, follow, max-snippet:-1, max-image-preview:large, max-video-preview:-1\" \/>\n<link rel=\"canonical\" href=\"https:\/\/thomasvino.ch\/?p=13589\" \/>\n<meta property=\"og:locale\" content=\"fr_FR\" \/>\n<meta property=\"og:type\" content=\"article\" \/>\n<meta property=\"og:title\" content=\"Moins de vins suisses en grande distribution - thomasvino\" \/>\n<meta property=\"og:description\" content=\"Les ventes dans les grandes surfaces, en baisse pour la 2e ann\u00e9e cons\u00e9cutive (\u20103.6 % par rapport \u00e0 2014), ne suivent pourtant pas le mouvement positif de 0,8% d&rsquo;augmentation de la consommation des vins suisses, indique l\u2019Observatoire suisse du march\u00e9 du vin (OSMV). \u00abFace \u00e0 la raret\u00e9 des quantit\u00e9s disponibles, les producteurs et encaveurs suisses [&hellip;]\" \/>\n<meta property=\"og:url\" content=\"https:\/\/thomasvino.ch\/?p=13589\" \/>\n<meta property=\"og:site_name\" content=\"thomasvino\" \/>\n<meta property=\"article:published_time\" content=\"2016-05-19T13:08:27+00:00\" \/>\n<meta property=\"article:modified_time\" content=\"2016-05-20T07:21:27+00:00\" \/>\n<meta name=\"author\" content=\"Pierre Thomas\" \/>\n<meta name=\"twitter:label1\" content=\"\u00c9crit par\" \/>\n\t<meta name=\"twitter:data1\" content=\"Pierre Thomas\" \/>\n\t<meta name=\"twitter:label2\" content=\"Dur\u00e9e de lecture estim\u00e9e\" \/>\n\t<meta name=\"twitter:data2\" content=\"2 minutes\" \/>\n<script type=\"application\/ld+json\" class=\"yoast-schema-graph\">{\"@context\":\"https:\/\/schema.org\",\"@graph\":[{\"@type\":\"WebPage\",\"@id\":\"https:\/\/thomasvino.ch\/?p=13589\",\"url\":\"https:\/\/thomasvino.ch\/?p=13589\",\"name\":\"Moins de vins suisses en grande distribution - thomasvino\",\"isPartOf\":{\"@id\":\"https:\/\/thomasvino.ch\/#website\"},\"datePublished\":\"2016-05-19T13:08:27+00:00\",\"dateModified\":\"2016-05-20T07:21:27+00:00\",\"author\":{\"@id\":\"https:\/\/thomasvino.ch\/#\/schema\/person\/670bf4486fe81152cf1d68bd585e062e\"},\"breadcrumb\":{\"@id\":\"https:\/\/thomasvino.ch\/?p=13589#breadcrumb\"},\"inLanguage\":\"fr-FR\",\"potentialAction\":[{\"@type\":\"ReadAction\",\"target\":[\"https:\/\/thomasvino.ch\/?p=13589\"]}]},{\"@type\":\"BreadcrumbList\",\"@id\":\"https:\/\/thomasvino.ch\/?p=13589#breadcrumb\",\"itemListElement\":[{\"@type\":\"ListItem\",\"position\":1,\"name\":\"Accueil\",\"item\":\"https:\/\/thomasvino.ch\/\"},{\"@type\":\"ListItem\",\"position\":2,\"name\":\"Moins de vins suisses en grande distribution\"}]},{\"@type\":\"WebSite\",\"@id\":\"https:\/\/thomasvino.ch\/#website\",\"url\":\"https:\/\/thomasvino.ch\/\",\"name\":\"thomasvino\",\"description\":\"Vins &amp; Gastronomie\",\"potentialAction\":[{\"@type\":\"SearchAction\",\"target\":{\"@type\":\"EntryPoint\",\"urlTemplate\":\"https:\/\/thomasvino.ch\/?s={search_term_string}\"},\"query-input\":\"required name=search_term_string\"}],\"inLanguage\":\"fr-FR\"},{\"@type\":\"Person\",\"@id\":\"https:\/\/thomasvino.ch\/#\/schema\/person\/670bf4486fe81152cf1d68bd585e062e\",\"name\":\"Pierre Thomas\",\"image\":{\"@type\":\"ImageObject\",\"inLanguage\":\"fr-FR\",\"@id\":\"https:\/\/thomasvino.ch\/#\/schema\/person\/image\/\",\"url\":\"https:\/\/secure.gravatar.com\/avatar\/91fd5a76647f140e53db987a0dead4d7?s=96&d=mm&r=g\",\"contentUrl\":\"https:\/\/secure.gravatar.com\/avatar\/91fd5a76647f140e53db987a0dead4d7?s=96&d=mm&r=g\",\"caption\":\"Pierre Thomas\"},\"url\":\"https:\/\/thomasvino.ch\/?author=3\"}]}<\/script>\n<!-- \/ Yoast SEO plugin. -->","yoast_head_json":{"title":"Moins de vins suisses en grande distribution - thomasvino","robots":{"index":"index","follow":"follow","max-snippet":"max-snippet:-1","max-image-preview":"max-image-preview:large","max-video-preview":"max-video-preview:-1"},"canonical":"https:\/\/thomasvino.ch\/?p=13589","og_locale":"fr_FR","og_type":"article","og_title":"Moins de vins suisses en grande distribution - thomasvino","og_description":"Les ventes dans les grandes surfaces, en baisse pour la 2e ann\u00e9e cons\u00e9cutive (\u20103.6 % par rapport \u00e0 2014), ne suivent pourtant pas le mouvement positif de 0,8% d&rsquo;augmentation de la consommation des vins suisses, indique l\u2019Observatoire suisse du march\u00e9 du vin (OSMV). \u00abFace \u00e0 la raret\u00e9 des quantit\u00e9s disponibles, les producteurs et encaveurs suisses [&hellip;]","og_url":"https:\/\/thomasvino.ch\/?p=13589","og_site_name":"thomasvino","article_published_time":"2016-05-19T13:08:27+00:00","article_modified_time":"2016-05-20T07:21:27+00:00","author":"Pierre Thomas","twitter_misc":{"\u00c9crit par":"Pierre Thomas","Dur\u00e9e de lecture estim\u00e9e":"2 minutes"},"schema":{"@context":"https:\/\/schema.org","@graph":[{"@type":"WebPage","@id":"https:\/\/thomasvino.ch\/?p=13589","url":"https:\/\/thomasvino.ch\/?p=13589","name":"Moins de vins suisses en grande distribution - thomasvino","isPartOf":{"@id":"https:\/\/thomasvino.ch\/#website"},"datePublished":"2016-05-19T13:08:27+00:00","dateModified":"2016-05-20T07:21:27+00:00","author":{"@id":"https:\/\/thomasvino.ch\/#\/schema\/person\/670bf4486fe81152cf1d68bd585e062e"},"breadcrumb":{"@id":"https:\/\/thomasvino.ch\/?p=13589#breadcrumb"},"inLanguage":"fr-FR","potentialAction":[{"@type":"ReadAction","target":["https:\/\/thomasvino.ch\/?p=13589"]}]},{"@type":"BreadcrumbList","@id":"https:\/\/thomasvino.ch\/?p=13589#breadcrumb","itemListElement":[{"@type":"ListItem","position":1,"name":"Accueil","item":"https:\/\/thomasvino.ch\/"},{"@type":"ListItem","position":2,"name":"Moins de vins suisses en grande distribution"}]},{"@type":"WebSite","@id":"https:\/\/thomasvino.ch\/#website","url":"https:\/\/thomasvino.ch\/","name":"thomasvino","description":"Vins &amp; Gastronomie","potentialAction":[{"@type":"SearchAction","target":{"@type":"EntryPoint","urlTemplate":"https:\/\/thomasvino.ch\/?s={search_term_string}"},"query-input":"required name=search_term_string"}],"inLanguage":"fr-FR"},{"@type":"Person","@id":"https:\/\/thomasvino.ch\/#\/schema\/person\/670bf4486fe81152cf1d68bd585e062e","name":"Pierre Thomas","image":{"@type":"ImageObject","inLanguage":"fr-FR","@id":"https:\/\/thomasvino.ch\/#\/schema\/person\/image\/","url":"https:\/\/secure.gravatar.com\/avatar\/91fd5a76647f140e53db987a0dead4d7?s=96&d=mm&r=g","contentUrl":"https:\/\/secure.gravatar.com\/avatar\/91fd5a76647f140e53db987a0dead4d7?s=96&d=mm&r=g","caption":"Pierre Thomas"},"url":"https:\/\/thomasvino.ch\/?author=3"}]}},"jetpack_featured_media_url":"","jetpack_sharing_enabled":true,"jetpack_shortlink":"https:\/\/wp.me\/p3m4tZ-3xb","jetpack_likes_enabled":false,"jetpack-related-posts":[{"id":17248,"url":"https:\/\/thomasvino.ch\/?p=17248","url_meta":{"origin":13589,"position":0},"title":"Consommation en baisse, mais les vins suisses r\u00e9sistent!","date":"29 avril 2021","format":false,"excerpt":"On n\u2019a jamais aussi peu bu de vin en Suisse qu\u2019en 2020. Tel est le verdict des chiffres publi\u00e9s par l\u2019Office f\u00e9d\u00e9ral de l\u2019agriculture (OFAG) \u00e0 fin avril 2021. La consommation des vins, blancs et rouges, s\u2019est contract\u00e9e de 6% par rapport \u00e0 2019, qui avait marqu\u00e9 une embellie. Mais\u2026","rel":"","context":"Dans &quot;Actus - News&quot;","img":{"alt_text":"","src":"","width":0,"height":0},"classes":[]},{"id":11915,"url":"https:\/\/thomasvino.ch\/?p=11915","url_meta":{"origin":13589,"position":1},"title":"Consommation du vin vaudois  Ces bons chiffres qui tombent si mal","date":"26 avril 2014","format":false,"excerpt":"L\u2019augmentation de la consommation des vins suisses en 2013 est principalement \u00e0 mettre au cr\u00e9dit des vins vaudois. Mais en 2012, c'\u00e9tait aussi \u00e0 cause de la baisse de la consommation des vins vaudois \u2014 et notamment du vin blanc descendu pour la deuxi\u00e8me ann\u00e9e cons\u00e9cutive sous les 19 millions\u2026","rel":"","context":"Dans &quot;Vins suisses&quot;","img":{"alt_text":"","src":"","width":0,"height":0},"classes":[]},{"id":18130,"url":"https:\/\/thomasvino.ch\/?p=18130","url_meta":{"origin":13589,"position":2},"title":"La consommation diminue mais les vins suisses gagnent 1,6 point en 2022","date":"20 avril 2023","format":false,"excerpt":"Selon les chiffres publi\u00e9s par l\u2019Office f\u00e9d\u00e9ral de l\u2019agriculture (OFAG), lac consommation de vin pour l'ann\u00e9e 2022 a \u00e9t\u00e9 de 237 millions de litres, soit 18 millions de moins que l'ann\u00e9e pr\u00e9c\u00e9dente. Tous les types de vins accusent une baisse de la consommation. Toutefois, on constate une pr\u00e9f\u00e9rence pour les\u2026","rel":"","context":"Dans &quot;Non class\u00e9&quot;","img":{"alt_text":"","src":"","width":0,"height":0},"classes":[]},{"id":16629,"url":"https:\/\/thomasvino.ch\/?p=16629","url_meta":{"origin":13589,"position":3},"title":"France: la consommation de vin au plus bas","date":"20 mai 2020","format":false,"excerpt":"Le site www.monviti.com revient sur la publication, mardi 13 mai, par Sant\u00e9 publique France, d\u2019une \u00e9tude relative au comportement des Fran\u00e7ais pendant la p\u00e9riode de confinement.\u00a0La consommation d\u2019alcool s\u2019est orient\u00e9e \u00e0 la baisse. 65 % des personnes interrog\u00e9es ont d\u00e9clar\u00e9 que leur consommation \u00e9tait rest\u00e9e stable, 24 % l\u2019ont diminu\u00e9e,\u2026","rel":"","context":"Dans &quot;Actus - News&quot;","img":{"alt_text":"","src":"","width":0,"height":0},"classes":[]},{"id":9950,"url":"https:\/\/thomasvino.ch\/?p=9950","url_meta":{"origin":13589,"position":4},"title":"Les Suisses boivent plus de rouge indig\u00e8ne que de blanc","date":"6 avril 2007","format":false,"excerpt":"Les chiffres du vin suisse 2006Les Helv\u00e8tes boivent plus de vin rouge indig\u00e8ne que de blancTournant historique: pour la premi\u00e8re fois, les Suisses ont consomm\u00e9 un peu plus de vin rouge du pays que de blanc. Dans la baisse de la consommation, qui se confirme, c\u2019est encore le blanc local\u2026","rel":"","context":"Dans &quot;Tendance&quot;","img":{"alt_text":"","src":"","width":0,"height":0},"classes":[]},{"id":16562,"url":"https:\/\/thomasvino.ch\/?p=16562","url_meta":{"origin":13589,"position":5},"title":"Consommation des vins en Suisse 2019  \u2014 Tous les indicateurs \u00e0 la hausse\u2026 avant le virus","date":"23 avril 2020","format":false,"excerpt":"Les statistiques des vins suisses sur l\u2019ann\u00e9es 2019 ont \u00e9t\u00e9 publi\u00e9es le 24 avril 2020. L\u2019Office f\u00e9d\u00e9ral de l\u2019agriculture, l\u2019Observatoire du march\u00e9 viticole et Swiss Wine Promotion constatent avec satisfaction que l\u2019augmentation de la consommation de vins (+ 4,7% par rapport \u00e0 2018), \u00e0 255 millions de litres, ne s\u2019est\u2026","rel":"","context":"Dans &quot;Actus - News&quot;","img":{"alt_text":"","src":"","width":0,"height":0},"classes":[]}],"_links":{"self":[{"href":"https:\/\/thomasvino.ch\/index.php?rest_route=\/wp\/v2\/posts\/13589"}],"collection":[{"href":"https:\/\/thomasvino.ch\/index.php?rest_route=\/wp\/v2\/posts"}],"about":[{"href":"https:\/\/thomasvino.ch\/index.php?rest_route=\/wp\/v2\/types\/post"}],"author":[{"embeddable":true,"href":"https:\/\/thomasvino.ch\/index.php?rest_route=\/wp\/v2\/users\/3"}],"replies":[{"embeddable":true,"href":"https:\/\/thomasvino.ch\/index.php?rest_route=%2Fwp%2Fv2%2Fcomments&post=13589"}],"version-history":[{"count":0,"href":"https:\/\/thomasvino.ch\/index.php?rest_route=\/wp\/v2\/posts\/13589\/revisions"}],"wp:attachment":[{"href":"https:\/\/thomasvino.ch\/index.php?rest_route=%2Fwp%2Fv2%2Fmedia&parent=13589"}],"wp:term":[{"taxonomy":"category","embeddable":true,"href":"https:\/\/thomasvino.ch\/index.php?rest_route=%2Fwp%2Fv2%2Fcategories&post=13589"},{"taxonomy":"post_tag","embeddable":true,"href":"https:\/\/thomasvino.ch\/index.php?rest_route=%2Fwp%2Fv2%2Ftags&post=13589"}],"curies":[{"name":"wp","href":"https:\/\/api.w.org\/{rel}","templated":true}]}}