{"id":13679,"date":"2016-06-20T14:51:55","date_gmt":"2016-06-20T13:51:55","guid":{"rendered":"http:\/\/www.thomasvino.ch\/?p=13679"},"modified":"2016-07-05T08:47:40","modified_gmt":"2016-07-05T07:47:40","slug":"vins-vaudois-la-liste-des-commandeurs-setoffe","status":"publish","type":"post","link":"https:\/\/thomasvino.ch\/?p=13679","title":{"rendered":"Vins vaudois : la liste des commandeurs s\u2019\u00e9toffe"},"content":{"rendered":"<p><strong>Dans cet \u00abordre\u00bb voulu par le seul grand-ma\u00eetre Pierre Keller, pr\u00e9sident de l&rsquo;Office des vins vaudois, lui-m\u00eame friand de ces distinctions, la liste s\u2019allonge. Il y eut la Zurichoise Chandra Kurt en mars, le Japonais Naoyuki Miyayama, en mai, le Vaudois Michel Logoz, en juin, qui s&rsquo;est fait voler le titre de <em>\u00abdoyen\u00bb<\/em> \u00e0 la fin du mois par le Su\u00e9dois Inkvar Kamprad, fondateur d&rsquo;Ikea.<br \/>\n<\/strong><\/p>\n<p><a href=\"http:\/\/www.thomasvino.ch\/?attachment_id=13682\" rel=\"attachment wp-att-13682\"><img data-attachment-id=\"13682\" data-permalink=\"https:\/\/thomasvino.ch\/?attachment_id=13682\" data-orig-file=\"https:\/\/i0.wp.com\/thomasvino.ch\/wp-content\/uploads\/2016\/06\/logoz_intronisation204.jpg?fit=2248%2C1500&amp;ssl=1\" data-orig-size=\"2248,1500\" data-comments-opened=\"0\" data-image-meta=\"{&quot;aperture&quot;:&quot;0&quot;,&quot;credit&quot;:&quot;&quot;,&quot;camera&quot;:&quot;&quot;,&quot;caption&quot;:&quot;&quot;,&quot;created_timestamp&quot;:&quot;0&quot;,&quot;copyright&quot;:&quot;&quot;,&quot;focal_length&quot;:&quot;0&quot;,&quot;iso&quot;:&quot;0&quot;,&quot;shutter_speed&quot;:&quot;0&quot;,&quot;title&quot;:&quot;&quot;,&quot;orientation&quot;:&quot;1&quot;}\" data-image-title=\"logoz_intronisation204\" data-image-description=\"\" data-image-caption=\"\" data-medium-file=\"https:\/\/i0.wp.com\/thomasvino.ch\/wp-content\/uploads\/2016\/06\/logoz_intronisation204.jpg?fit=300%2C200&amp;ssl=1\" data-large-file=\"https:\/\/i0.wp.com\/thomasvino.ch\/wp-content\/uploads\/2016\/06\/logoz_intronisation204.jpg?fit=1024%2C683&amp;ssl=1\" loading=\"lazy\" class=\"alignleft size-medium wp-image-13682\" src=\"https:\/\/i0.wp.com\/www.thomasvino.ch\/wp-content\/uploads\/2016\/06\/logoz_intronisation204-300x200.jpg?resize=300%2C200\" alt=\"logoz_intronisation204\" width=\"300\" height=\"200\" srcset=\"https:\/\/i0.wp.com\/thomasvino.ch\/wp-content\/uploads\/2016\/06\/logoz_intronisation204.jpg?resize=300%2C200&amp;ssl=1 300w, https:\/\/i0.wp.com\/thomasvino.ch\/wp-content\/uploads\/2016\/06\/logoz_intronisation204.jpg?resize=768%2C512&amp;ssl=1 768w, https:\/\/i0.wp.com\/thomasvino.ch\/wp-content\/uploads\/2016\/06\/logoz_intronisation204.jpg?resize=1024%2C683&amp;ssl=1 1024w, https:\/\/i0.wp.com\/thomasvino.ch\/wp-content\/uploads\/2016\/06\/logoz_intronisation204.jpg?resize=140%2C94&amp;ssl=1 140w, https:\/\/i0.wp.com\/thomasvino.ch\/wp-content\/uploads\/2016\/06\/logoz_intronisation204.jpg?w=2000&amp;ssl=1 2000w\" sizes=\"(max-width: 300px) 100vw, 300px\" data-recalc-dims=\"1\" \/><\/a>Dernier survivant parmi les tout premiers membres de la Confr\u00e9rie du Guillon (n\u00e9e en 1954), <a href=\"http:\/\/www.thomasvino.ch\/?p=12247\"><strong>Michel Logoz<\/strong><\/a> en fut le chancelier durant 50 ans, o\u00f9 il usa six gouverneurs. <em>\u00abJ\u2019ai toujours \u0153uvr\u00e9 dans les coulisses, \u00e0 l\u2019intendance\u00bb<\/em>, confie volontiers cet esprit subtil, dont le nom, \u00e0 un Z pr\u00e8s, r\u00e9sume la carri\u00e8re professionnelle.<\/p>\n<p>Car ce professionnel de la communication, <em>\u00abpape de l\u2019\u00e9tiquette de vin\u00bb<\/em> et fin lettr\u00e9, r\u00e9pond, mot pour mot, \u00e0 la d\u00e9finition du <em>\u00ablogo\u00bb<\/em>, soit l\u2019abr\u00e9viation apparue dans les ann\u00e9es 1970, de <em>\u00ablogotype\u00bb<\/em>, apparu en 1873, selon le Dictionnaire Robert de la langue fran\u00e7aise\u00a0:<em> \u00abGroupe de lettres li\u00e9es, correspondant \u00e0 un caract\u00e8re unique en typographie, puis (milieu du 20<sup>\u00e8me<\/sup> si\u00e8cle) \u00e0 un ensemble de signes formant une image publicitaire.\u00bb<\/em><\/p>\n<p><strong>Michel Logoz<\/strong> fut laur\u00e9at du <em>\u00abbec d\u2019or\u00bb,<\/em> r\u00e9compensant les plus talentueux des publicitaires, et il est \u00abentr\u00e9 dans la bouteille par le boulot\u00bb, comme l\u2019a dit Pierre Keller, dont il fut, incidemment un compagnon de lutte pour faire admettre l\u2019Ecole cantonale d\u2019art de Lausanne (ECAL) dans la fili\u00e8re HES.<\/p>\n<p><a href=\"http:\/\/www.thomasvino.ch\/?attachment_id=13681\" rel=\"attachment wp-att-13681\"><img data-attachment-id=\"13681\" data-permalink=\"https:\/\/thomasvino.ch\/?attachment_id=13681\" data-orig-file=\"https:\/\/i0.wp.com\/thomasvino.ch\/wp-content\/uploads\/2016\/06\/ovv_tokyo_1471.jpg?fit=2613%2C3916&amp;ssl=1\" data-orig-size=\"2613,3916\" data-comments-opened=\"0\" data-image-meta=\"{&quot;aperture&quot;:&quot;5.6&quot;,&quot;credit&quot;:&quot;&quot;,&quot;camera&quot;:&quot;NIKON D810&quot;,&quot;caption&quot;:&quot;&quot;,&quot;created_timestamp&quot;:&quot;1459944770&quot;,&quot;copyright&quot;:&quot;&quot;,&quot;focal_length&quot;:&quot;44&quot;,&quot;iso&quot;:&quot;400&quot;,&quot;shutter_speed&quot;:&quot;0.016666666666667&quot;,&quot;title&quot;:&quot;&quot;,&quot;orientation&quot;:&quot;0&quot;}\" data-image-title=\"ovv_tokyo_1471\" data-image-description=\"\" data-image-caption=\"\" data-medium-file=\"https:\/\/i0.wp.com\/thomasvino.ch\/wp-content\/uploads\/2016\/06\/ovv_tokyo_1471.jpg?fit=200%2C300&amp;ssl=1\" data-large-file=\"https:\/\/i0.wp.com\/thomasvino.ch\/wp-content\/uploads\/2016\/06\/ovv_tokyo_1471.jpg?fit=683%2C1024&amp;ssl=1\" loading=\"lazy\" class=\"alignleft size-medium wp-image-13681\" src=\"https:\/\/i0.wp.com\/www.thomasvino.ch\/wp-content\/uploads\/2016\/06\/ovv_tokyo_1471-200x300.jpg?resize=200%2C300\" alt=\"ovv_tokyo_1471\" width=\"200\" height=\"300\" srcset=\"https:\/\/i0.wp.com\/thomasvino.ch\/wp-content\/uploads\/2016\/06\/ovv_tokyo_1471.jpg?resize=200%2C300&amp;ssl=1 200w, https:\/\/i0.wp.com\/thomasvino.ch\/wp-content\/uploads\/2016\/06\/ovv_tokyo_1471.jpg?resize=768%2C1151&amp;ssl=1 768w, https:\/\/i0.wp.com\/thomasvino.ch\/wp-content\/uploads\/2016\/06\/ovv_tokyo_1471.jpg?resize=683%2C1024&amp;ssl=1 683w, https:\/\/i0.wp.com\/thomasvino.ch\/wp-content\/uploads\/2016\/06\/ovv_tokyo_1471.jpg?w=2000&amp;ssl=1 2000w\" sizes=\"(max-width: 200px) 100vw, 200px\" data-recalc-dims=\"1\" \/><\/a>Quant au Japonais <strong>Miyayama<\/strong>, il est le fondateur du Club Concierge, un <em>\u00abc\u00e9nacle qui r\u00e9unit les grands professionnels de l\u2019h\u00f4tellerie et de la gastronomie nipponne ainsi que des personnalit\u00e9s de la haute soci\u00e9t\u00e9 de Tokyo et Kyoto\u00bb<\/em>. Et, selon sa bio officielle, il passe pour celui <em>\u00abqui a initi\u00e9 les Japonais au culte du chasselas vaudois\u00bb<\/em>.<\/p>\n<p>Car, outre un cordon vert et blanc, une grappe argent\u00e9e, et un pin\u2019s \u00e0 accrocher \u00e0 la boutonni\u00e8re, le chasselas est bien le trait d\u2019union des r\u00e9cipiendaires de l\u2019unique titre de <em>\u00abcommandeur\u00bb<\/em>. Qui est le prochain sur la liste\u00a0? L\u2019<em>\u00abambassadeur du chasselas\u00bb<\/em> <strong>J\u00e9r\u00f4me Ak\u00e9 B\u00e9da\u00a0<\/strong>? C\u2019est lui, devant l\u2019Auberge de l\u2019Onde, \u00e0 Saint-Saphorin, qui a rinc\u00e9 les invit\u00e9s \u00e0 la c\u00e9r\u00e9monie vaudoise du 17 juin, avec sa propre cuv\u00e9e de chasselas, 80% d\u2019Epesses et 20% de d\u00e9zaley Haut-de-Pierre, sign\u00e9 <strong>Blaise Duboux<\/strong>, et servi en magnum\u2026<\/p>\n<p><a href=\"http:\/\/www.thomasvino.ch\/?attachment_id=13683\" rel=\"attachment wp-att-13683\"><img data-attachment-id=\"13683\" data-permalink=\"https:\/\/thomasvino.ch\/?attachment_id=13683\" data-orig-file=\"https:\/\/i0.wp.com\/thomasvino.ch\/wp-content\/uploads\/2016\/06\/ovv_ake_chasse.jpg?fit=2081%2C2825&amp;ssl=1\" data-orig-size=\"2081,2825\" data-comments-opened=\"0\" data-image-meta=\"{&quot;aperture&quot;:&quot;2.2&quot;,&quot;credit&quot;:&quot;&quot;,&quot;camera&quot;:&quot;iPhone 6&quot;,&quot;caption&quot;:&quot;&quot;,&quot;created_timestamp&quot;:&quot;1466179610&quot;,&quot;copyright&quot;:&quot;&quot;,&quot;focal_length&quot;:&quot;4.15&quot;,&quot;iso&quot;:&quot;32&quot;,&quot;shutter_speed&quot;:&quot;0.0098039215686275&quot;,&quot;title&quot;:&quot;&quot;,&quot;orientation&quot;:&quot;1&quot;}\" data-image-title=\"ovv_ake_chasse\" data-image-description=\"\" data-image-caption=\"\" data-medium-file=\"https:\/\/i0.wp.com\/thomasvino.ch\/wp-content\/uploads\/2016\/06\/ovv_ake_chasse.jpg?fit=221%2C300&amp;ssl=1\" data-large-file=\"https:\/\/i0.wp.com\/thomasvino.ch\/wp-content\/uploads\/2016\/06\/ovv_ake_chasse.jpg?fit=754%2C1024&amp;ssl=1\" loading=\"lazy\" class=\"aligncenter size-medium wp-image-13683\" src=\"https:\/\/i0.wp.com\/www.thomasvino.ch\/wp-content\/uploads\/2016\/06\/ovv_ake_chasse-221x300.jpg?resize=221%2C300\" alt=\"ovv_ake_chasse\" width=\"221\" height=\"300\" srcset=\"https:\/\/i0.wp.com\/thomasvino.ch\/wp-content\/uploads\/2016\/06\/ovv_ake_chasse.jpg?resize=221%2C300&amp;ssl=1 221w, https:\/\/i0.wp.com\/thomasvino.ch\/wp-content\/uploads\/2016\/06\/ovv_ake_chasse.jpg?resize=768%2C1043&amp;ssl=1 768w, https:\/\/i0.wp.com\/thomasvino.ch\/wp-content\/uploads\/2016\/06\/ovv_ake_chasse.jpg?resize=754%2C1024&amp;ssl=1 754w, https:\/\/i0.wp.com\/thomasvino.ch\/wp-content\/uploads\/2016\/06\/ovv_ake_chasse.jpg?w=2000&amp;ssl=1 2000w\" sizes=\"(max-width: 221px) 100vw, 221px\" data-recalc-dims=\"1\" \/><\/a><\/p>\n<p class=\"null\" align=\"LEFT\">Mais peut-\u00eatre que l&rsquo;excellent J\u00e9r\u00f4me est (beaucoup) trop jeune. Car, communique l&rsquo;Office des vins vaudois le 5 juillet, <em>\u00abinvit\u00e9 par <strong>Frederik Paulsen<\/strong>, CEO de Ferring Pharmaceuticals<\/em> (dont on conna\u00eet peu en Suisse l&rsquo;importante implication qu&rsquo;il ne cesse de d\u00e9velopper dans le commerce international des spiritueux et des vins&#8230;), <em><strong>Pierre Keller<\/strong>, pr\u00e9sident de l\u2019OVV, accompagn\u00e9 d\u2019<strong>Alexis Georgacopoulos<\/strong>, directeur de l\u2019Ecole cantonale d\u2019art de Lausanne (ECAL), se sont rendus, le 30 juin, \u00e0 \u00c4lmhult, en Su\u00e8de, \u00e0 l\u2019occasion de l\u2019inauguration du mus\u00e9e IKEA. C\u2019est dans ce contexte que <strong>Pierre Keller<\/strong> a nomm\u00e9 le fondateur d\u2019IKEA, <strong>Ingvar Kamprad<\/strong>, Commandeur de l\u2019Ordre des Vins Vaudois\u00bb. <\/em>Au passage, l&rsquo;ex-contribuable d&rsquo;Epalinges, retourn\u00e9 au pays, \u00e0 90 ans, vole le titre de doyen de l&rsquo;Ordre au toujours jeune <strong>Michel Logoz<\/strong>, \u00abque\u00bb 87 ans cet hiver&#8230; Et l&rsquo;Ordre devient le <em>PKZ<\/em>: \u00ab<em>The Order of Pierre Keller zealots\u00bb<\/em>. Cravate comprise!<strong><br \/>\n<\/strong><\/p>\n<p><em>\u00a9thomasvino.ch<\/em><\/p>\n","protected":false},"excerpt":{"rendered":"<p>Dans cet \u00abordre\u00bb voulu par le seul grand-ma\u00eetre Pierre Keller, pr\u00e9sident de l&rsquo;Office des vins vaudois, lui-m\u00eame friand de ces distinctions, la liste s\u2019allonge. Il y eut la Zurichoise Chandra Kurt en mars, le Japonais Naoyuki Miyayama, en mai, le Vaudois Michel Logoz, en juin, qui s&rsquo;est fait voler le titre de \u00abdoyen\u00bb \u00e0 la [&hellip;]<\/p>\n","protected":false},"author":3,"featured_media":0,"comment_status":"closed","ping_status":"open","sticky":false,"template":"","format":"standard","meta":{"_monsterinsights_skip_tracking":false,"_monsterinsights_sitenote_active":false,"_monsterinsights_sitenote_note":"","_monsterinsights_sitenote_category":0,"jetpack_post_was_ever_published":false,"jetpack_publicize_message":"","jetpack_is_tweetstorm":false,"jetpack_publicize_feature_enabled":true,"jetpack_social_post_already_shared":true,"jetpack_social_options":{"image_generator_settings":{"template":"highway","enabled":false}}},"categories":[3],"tags":[856,90,1357,351,1358,157,160],"jetpack_publicize_connections":[],"yoast_head":"<!-- This site is optimized with the Yoast SEO plugin v20.6 - https:\/\/yoast.com\/wordpress\/plugins\/seo\/ -->\n<title>Vins vaudois : la liste des commandeurs s\u2019\u00e9toffe - thomasvino<\/title>\n<meta name=\"robots\" content=\"index, follow, max-snippet:-1, max-image-preview:large, max-video-preview:-1\" \/>\n<link rel=\"canonical\" href=\"https:\/\/thomasvino.ch\/?p=13679\" \/>\n<meta property=\"og:locale\" content=\"fr_FR\" \/>\n<meta property=\"og:type\" content=\"article\" \/>\n<meta property=\"og:title\" content=\"Vins vaudois : la liste des commandeurs s\u2019\u00e9toffe - thomasvino\" \/>\n<meta property=\"og:description\" content=\"Dans cet \u00abordre\u00bb voulu par le seul grand-ma\u00eetre Pierre Keller, pr\u00e9sident de l&rsquo;Office des vins vaudois, lui-m\u00eame friand de ces distinctions, la liste s\u2019allonge. Il y eut la Zurichoise Chandra Kurt en mars, le Japonais Naoyuki Miyayama, en mai, le Vaudois Michel Logoz, en juin, qui s&rsquo;est fait voler le titre de \u00abdoyen\u00bb \u00e0 la [&hellip;]\" \/>\n<meta property=\"og:url\" content=\"https:\/\/thomasvino.ch\/?p=13679\" \/>\n<meta property=\"og:site_name\" content=\"thomasvino\" \/>\n<meta property=\"article:published_time\" content=\"2016-06-20T13:51:55+00:00\" \/>\n<meta property=\"article:modified_time\" content=\"2016-07-05T07:47:40+00:00\" \/>\n<meta property=\"og:image\" content=\"http:\/\/www.thomasvino.ch\/wp-content\/uploads\/2016\/06\/logoz_intronisation204-300x200.jpg\" \/>\n<meta name=\"author\" content=\"Pierre Thomas\" \/>\n<meta name=\"twitter:label1\" content=\"\u00c9crit par\" \/>\n\t<meta name=\"twitter:data1\" content=\"Pierre Thomas\" \/>\n\t<meta name=\"twitter:label2\" content=\"Dur\u00e9e de lecture estim\u00e9e\" \/>\n\t<meta name=\"twitter:data2\" content=\"3 minutes\" \/>\n<script type=\"application\/ld+json\" class=\"yoast-schema-graph\">{\"@context\":\"https:\/\/schema.org\",\"@graph\":[{\"@type\":\"WebPage\",\"@id\":\"https:\/\/thomasvino.ch\/?p=13679\",\"url\":\"https:\/\/thomasvino.ch\/?p=13679\",\"name\":\"Vins vaudois : la liste des commandeurs s\u2019\u00e9toffe - thomasvino\",\"isPartOf\":{\"@id\":\"https:\/\/thomasvino.ch\/#website\"},\"datePublished\":\"2016-06-20T13:51:55+00:00\",\"dateModified\":\"2016-07-05T07:47:40+00:00\",\"author\":{\"@id\":\"https:\/\/thomasvino.ch\/#\/schema\/person\/670bf4486fe81152cf1d68bd585e062e\"},\"breadcrumb\":{\"@id\":\"https:\/\/thomasvino.ch\/?p=13679#breadcrumb\"},\"inLanguage\":\"fr-FR\",\"potentialAction\":[{\"@type\":\"ReadAction\",\"target\":[\"https:\/\/thomasvino.ch\/?p=13679\"]}]},{\"@type\":\"BreadcrumbList\",\"@id\":\"https:\/\/thomasvino.ch\/?p=13679#breadcrumb\",\"itemListElement\":[{\"@type\":\"ListItem\",\"position\":1,\"name\":\"Accueil\",\"item\":\"https:\/\/thomasvino.ch\/\"},{\"@type\":\"ListItem\",\"position\":2,\"name\":\"Vins vaudois : la liste des commandeurs s\u2019\u00e9toffe\"}]},{\"@type\":\"WebSite\",\"@id\":\"https:\/\/thomasvino.ch\/#website\",\"url\":\"https:\/\/thomasvino.ch\/\",\"name\":\"thomasvino\",\"description\":\"Vins &amp; Gastronomie\",\"potentialAction\":[{\"@type\":\"SearchAction\",\"target\":{\"@type\":\"EntryPoint\",\"urlTemplate\":\"https:\/\/thomasvino.ch\/?s={search_term_string}\"},\"query-input\":\"required name=search_term_string\"}],\"inLanguage\":\"fr-FR\"},{\"@type\":\"Person\",\"@id\":\"https:\/\/thomasvino.ch\/#\/schema\/person\/670bf4486fe81152cf1d68bd585e062e\",\"name\":\"Pierre Thomas\",\"image\":{\"@type\":\"ImageObject\",\"inLanguage\":\"fr-FR\",\"@id\":\"https:\/\/thomasvino.ch\/#\/schema\/person\/image\/\",\"url\":\"https:\/\/secure.gravatar.com\/avatar\/91fd5a76647f140e53db987a0dead4d7?s=96&d=mm&r=g\",\"contentUrl\":\"https:\/\/secure.gravatar.com\/avatar\/91fd5a76647f140e53db987a0dead4d7?s=96&d=mm&r=g\",\"caption\":\"Pierre Thomas\"},\"url\":\"https:\/\/thomasvino.ch\/?author=3\"}]}<\/script>\n<!-- \/ Yoast SEO plugin. -->","yoast_head_json":{"title":"Vins vaudois : la liste des commandeurs s\u2019\u00e9toffe - thomasvino","robots":{"index":"index","follow":"follow","max-snippet":"max-snippet:-1","max-image-preview":"max-image-preview:large","max-video-preview":"max-video-preview:-1"},"canonical":"https:\/\/thomasvino.ch\/?p=13679","og_locale":"fr_FR","og_type":"article","og_title":"Vins vaudois : la liste des commandeurs s\u2019\u00e9toffe - thomasvino","og_description":"Dans cet \u00abordre\u00bb voulu par le seul grand-ma\u00eetre Pierre Keller, pr\u00e9sident de l&rsquo;Office des vins vaudois, lui-m\u00eame friand de ces distinctions, la liste s\u2019allonge. Il y eut la Zurichoise Chandra Kurt en mars, le Japonais Naoyuki Miyayama, en mai, le Vaudois Michel Logoz, en juin, qui s&rsquo;est fait voler le titre de \u00abdoyen\u00bb \u00e0 la [&hellip;]","og_url":"https:\/\/thomasvino.ch\/?p=13679","og_site_name":"thomasvino","article_published_time":"2016-06-20T13:51:55+00:00","article_modified_time":"2016-07-05T07:47:40+00:00","og_image":[{"url":"http:\/\/www.thomasvino.ch\/wp-content\/uploads\/2016\/06\/logoz_intronisation204-300x200.jpg"}],"author":"Pierre Thomas","twitter_misc":{"\u00c9crit par":"Pierre Thomas","Dur\u00e9e de lecture estim\u00e9e":"3 minutes"},"schema":{"@context":"https:\/\/schema.org","@graph":[{"@type":"WebPage","@id":"https:\/\/thomasvino.ch\/?p=13679","url":"https:\/\/thomasvino.ch\/?p=13679","name":"Vins vaudois : la liste des commandeurs s\u2019\u00e9toffe - thomasvino","isPartOf":{"@id":"https:\/\/thomasvino.ch\/#website"},"datePublished":"2016-06-20T13:51:55+00:00","dateModified":"2016-07-05T07:47:40+00:00","author":{"@id":"https:\/\/thomasvino.ch\/#\/schema\/person\/670bf4486fe81152cf1d68bd585e062e"},"breadcrumb":{"@id":"https:\/\/thomasvino.ch\/?p=13679#breadcrumb"},"inLanguage":"fr-FR","potentialAction":[{"@type":"ReadAction","target":["https:\/\/thomasvino.ch\/?p=13679"]}]},{"@type":"BreadcrumbList","@id":"https:\/\/thomasvino.ch\/?p=13679#breadcrumb","itemListElement":[{"@type":"ListItem","position":1,"name":"Accueil","item":"https:\/\/thomasvino.ch\/"},{"@type":"ListItem","position":2,"name":"Vins vaudois : la liste des commandeurs s\u2019\u00e9toffe"}]},{"@type":"WebSite","@id":"https:\/\/thomasvino.ch\/#website","url":"https:\/\/thomasvino.ch\/","name":"thomasvino","description":"Vins &amp; Gastronomie","potentialAction":[{"@type":"SearchAction","target":{"@type":"EntryPoint","urlTemplate":"https:\/\/thomasvino.ch\/?s={search_term_string}"},"query-input":"required name=search_term_string"}],"inLanguage":"fr-FR"},{"@type":"Person","@id":"https:\/\/thomasvino.ch\/#\/schema\/person\/670bf4486fe81152cf1d68bd585e062e","name":"Pierre Thomas","image":{"@type":"ImageObject","inLanguage":"fr-FR","@id":"https:\/\/thomasvino.ch\/#\/schema\/person\/image\/","url":"https:\/\/secure.gravatar.com\/avatar\/91fd5a76647f140e53db987a0dead4d7?s=96&d=mm&r=g","contentUrl":"https:\/\/secure.gravatar.com\/avatar\/91fd5a76647f140e53db987a0dead4d7?s=96&d=mm&r=g","caption":"Pierre Thomas"},"url":"https:\/\/thomasvino.ch\/?author=3"}]}},"jetpack_featured_media_url":"","jetpack_sharing_enabled":true,"jetpack_shortlink":"https:\/\/wp.me\/p3m4tZ-3yD","jetpack_likes_enabled":false,"jetpack-related-posts":[{"id":14816,"url":"https:\/\/thomasvino.ch\/?p=14816","url_meta":{"origin":13679,"position":0},"title":"Jean-Claude Biver, commandeur de l\u2019OVV","date":"22 d\u00e9cembre 2017","format":false,"excerpt":"C\u2019est par une matin\u00e9e fra\u00eeche et grise de fin d\u00e9cembre que Jean-Claude Biver, pr\u00e9sident d\u2019Hublot et pr\u00e9sident de la division montres du groupe de luxe LVMH, a \u00e9t\u00e9 accueilli dans la confr\u00e9rie des commandeurs de l\u2019Office des vins vaudois. Petite c\u00e9r\u00e9monie pleine d\u2019\u00e9motion, sur la terrasse, v\u00e9ritable balcon sur Lavaux,\u2026","rel":"","context":"Dans &quot;Actus - News&quot;","img":{"alt_text":"","src":"https:\/\/i0.wp.com\/thomasvino.ch\/wp-content\/uploads\/2017\/12\/site_biverOVV-300x200.jpg?resize=350%2C200&ssl=1","width":350,"height":200},"classes":[]},{"id":9454,"url":"https:\/\/thomasvino.ch\/?p=9454","url_meta":{"origin":13679,"position":1},"title":"Michel Logoz, homme d&rsquo;\u00e9tiquettes, immortalis\u00e9","date":"4 octobre 2012","format":false,"excerpt":"Un plan-fixe pour Michel Logoz Une longue histoire d\u2019\u00e9tiquettes Qui ne se fie qu\u2019\u00e0 l\u2019\u00e9tiquette pour acheter un vin? Sans doute davantage de consommateurs et m\u00eame de connaisseurs qu\u2019ils veulent bien l\u2019avouer eux-m\u00eames, \u00e0 voir le rythme effr\u00e9n\u00e9 du changement de labels sur les bouteilles. L\u2019\u00abimage\u00bb du vin est au\u2026","rel":"","context":"Dans &quot;Tendance&quot;","img":{"alt_text":"logoz.jpg","src":"img\/logoz.jpg","width":350,"height":200},"classes":[]},{"id":13418,"url":"https:\/\/thomasvino.ch\/?p=13418","url_meta":{"origin":13679,"position":2},"title":"Chandra Kurt faite \u00abcommandeur des vins vaudois\u00bb","date":"2 mars 2016","format":false,"excerpt":"L'auteur, \u00e9crivaine du vin et consultante Chandra Kurt, 48 ans, a \u00e9t\u00e9 faite premier \u00abcommandeur des vins vaudois\u00bb, le 10 mars 2016, dans son fief zurichois, au Clouds, par Pierre Keller, le pr\u00e9sident de l\u2019Office des Vins Vaudois (OVV). Elle a pu accrocher \u00e0 son cou le ruban vert et\u2026","rel":"","context":"Dans &quot;Actus - News&quot;","img":{"alt_text":"","src":"https:\/\/i0.wp.com\/www.thomasvino.ch\/wp-content\/uploads\/2016\/03\/ovv_kurt_keller-300x203.jpg?resize=350%2C200","width":350,"height":200},"classes":[]},{"id":15492,"url":"https:\/\/thomasvino.ch\/?p=15492","url_meta":{"origin":13679,"position":3},"title":"Pierre Keller\u00a0: y\u2019en avait point comme lui\u00a0","date":"13 d\u00e9cembre 2018","format":false,"excerpt":"J'avais \u00e9t\u00e9 choqu\u00e9 de le voir tr\u00e8s affaibli \u00e0 la proclamation des r\u00e9sultats de la S\u00e9lection des vins vaudois, \u00e0 l'Ecole h\u00f4teli\u00e8re de Lausanne. Pierre Keller, 74 ans, est d\u00e9c\u00e9d\u00e9 d\u00e9but juillet 2019, d'une maladie du foie.\u00a0Le 12 d\u00e9cembre 2018, les vignerons et acteurs du monde vitivinicole avaient pris cong\u00e9\u2026","rel":"","context":"Dans &quot;Vins suisses&quot;","img":{"alt_text":"","src":"https:\/\/i0.wp.com\/thomasvino.ch\/wp-content\/uploads\/2018\/12\/site_pk_depart-300x268.jpg?resize=350%2C200&ssl=1","width":350,"height":200},"classes":[]},{"id":11571,"url":"https:\/\/thomasvino.ch\/?p=11571","url_meta":{"origin":13679,"position":4},"title":"Vins suisses, la valse des concours","date":"18 d\u00e9cembre 2013","format":false,"excerpt":"L\u2019ann\u00e9e 2013 s\u2019\u00e9teint tandis que les Etoiles d\u2019or du Valais brillent\u00a0au firmament! Retour sur une ann\u00e9e de concours de vins en tous genres en Suisse. Chronique parue le 18 d\u00e9cembre dans La Libert\u00e9: le m\u00eame jour, m\u00eame sujet \u00e0 la RTS La Premi\u00e8re, dans l'\u00e9mission On en parle. Par Pierre\u2026","rel":"","context":"Dans &quot;Vins suisses&quot;","img":{"alt_text":"","src":"https:\/\/i0.wp.com\/www.thomasvino.ch\/wp-content\/uploads\/2013\/12\/lib1_lp2013-300x200.jpg?resize=350%2C200","width":350,"height":200},"classes":[]},{"id":12247,"url":"https:\/\/thomasvino.ch\/?p=12247","url_meta":{"origin":13679,"position":5},"title":"Questions de \u00abLogoz\u00bb","date":"7 octobre 2014","format":false,"excerpt":"Tandis que la maison genevoise Berthaudin signale que son domaine de Tartegnin va changer d\u2019\u00e9tiquette, passant d\u2019un label dessin\u00e9 nagu\u00e8re par le Lausannois Michel Logoz, \u00e0 une \u00e9pure pla\u00e7ant en grosses lettres le mot Clos et en petits caract\u00e8res de Roussillon Tartegnin Grand Cru, en lieu et place de Grand\u2026","rel":"","context":"Dans &quot;Actus - News&quot;","img":{"alt_text":"","src":"","width":0,"height":0},"classes":[]}],"_links":{"self":[{"href":"https:\/\/thomasvino.ch\/index.php?rest_route=\/wp\/v2\/posts\/13679"}],"collection":[{"href":"https:\/\/thomasvino.ch\/index.php?rest_route=\/wp\/v2\/posts"}],"about":[{"href":"https:\/\/thomasvino.ch\/index.php?rest_route=\/wp\/v2\/types\/post"}],"author":[{"embeddable":true,"href":"https:\/\/thomasvino.ch\/index.php?rest_route=\/wp\/v2\/users\/3"}],"replies":[{"embeddable":true,"href":"https:\/\/thomasvino.ch\/index.php?rest_route=%2Fwp%2Fv2%2Fcomments&post=13679"}],"version-history":[{"count":0,"href":"https:\/\/thomasvino.ch\/index.php?rest_route=\/wp\/v2\/posts\/13679\/revisions"}],"wp:attachment":[{"href":"https:\/\/thomasvino.ch\/index.php?rest_route=%2Fwp%2Fv2%2Fmedia&parent=13679"}],"wp:term":[{"taxonomy":"category","embeddable":true,"href":"https:\/\/thomasvino.ch\/index.php?rest_route=%2Fwp%2Fv2%2Fcategories&post=13679"},{"taxonomy":"post_tag","embeddable":true,"href":"https:\/\/thomasvino.ch\/index.php?rest_route=%2Fwp%2Fv2%2Ftags&post=13679"}],"curies":[{"name":"wp","href":"https:\/\/api.w.org\/{rel}","templated":true}]}}