{"id":13711,"date":"2016-06-24T07:52:41","date_gmt":"2016-06-24T06:52:41","guid":{"rendered":"http:\/\/www.thomasvino.ch\/?p=13711"},"modified":"2016-06-24T07:52:41","modified_gmt":"2016-06-24T06:52:41","slug":"vins-de-letat-de-berne-2016-une-prime-a-la-jeunesse","status":"publish","type":"post","link":"https:\/\/thomasvino.ch\/?p=13711","title":{"rendered":"Vins de l&rsquo;Etat de Berne 2016: <br\/ >une prime \u00e0 la jeunesse"},"content":{"rendered":"<p><strong>Comme chaque ann\u00e9e, le Conseil d&rsquo;Etat du canton de Berne a d\u00e9cern\u00e9 ses quatre labels \u00abVin de l&rsquo;Etat de Berne 2016\u00bb \u00e0 un quatuor de jeunes vigneron(ne)s. La d\u00e9gustation finale \u00e9tait pr\u00e9sid\u00e9e par le conseiller d&rsquo;Etat Andreas Rickenbacher, chef du d\u00e9partement de l&rsquo;\u00e9conomie.<\/strong><\/p>\n<p>Le Gutedel 2015 d&rsquo;<strong>Anne-Claire Schott,<\/strong> de Douanne, remporte la cat\u00e9gorie chasselas; le sauvignon blanc 2015 d&rsquo;<strong>Olivier Perrot<\/strong>, de Douanne \u00e9galement, celle des sp\u00e9cialit\u00e9s blanches; le pinot noir Schafis AOC de <strong>Stephan Martin<\/strong>, de Gl\u00e9resse, celle des pinots, renforc\u00e9s par le Pinot noir barrique 2014, de <strong>Lorenz<\/strong> et <strong>Andrea H\u00e4mmerli<\/strong>, \u00e0 Anet, qui coiffe au poteau le gamaret 2014 de <strong>Fabien Teutsch<\/strong>, du Weingut Schl\u00f6ssli \u00e0 Gl\u00e9resse. On a l\u00e0 une belle manifestation de la g\u00e9n\u00e9ration montante, dans des domaines d\u00e9j\u00e0 r\u00e9put\u00e9s, dans une r\u00e9gion o\u00f9, sur 84 exploitations, une sur six est dirig\u00e9e par des moins de 45 ans, souligne un communiqu\u00e9 officiel.<\/p>\n<p>82 vins de 23 caves \u00e9taient en pr\u00e9sence dans cette d\u00e9gustation, o\u00f9 le jury \u00e9tait compos\u00e9, outre de son pr\u00e9sident, du conseiller aux Etats <strong>Werner Luginb\u00fchl<\/strong>, des vignerons <strong>Sabine Steiner<\/strong> et <strong>Adrian Kl\u00f6tzli<\/strong>, de deux restaurateurs (dont <strong>Urs Messerli<\/strong>, de Mille-Sens) et de deux journalistes al\u00e9maniques.<\/p>\n<p>Dans une ann\u00e9e 2015 jug\u00e9e l\u00e0 aussi exceptionnelle, <strong>le canton de Berne a produit 12% de vin de moins que sur la moyenne de ces dix derni\u00e8res ann\u00e9es. 1417 tonnes venaient du lac de Bienne<\/strong>, 104 tonnes du lac de Thoune et 22 tonnes du reste du canton.<\/p>\n<p><em>\u00a9thomasvino.ch<\/em><\/p>\n","protected":false},"excerpt":{"rendered":"<p>Comme chaque ann\u00e9e, le Conseil d&rsquo;Etat du canton de Berne a d\u00e9cern\u00e9 ses quatre labels \u00abVin de l&rsquo;Etat de Berne 2016\u00bb \u00e0 un quatuor de jeunes vigneron(ne)s. La d\u00e9gustation finale \u00e9tait pr\u00e9sid\u00e9e par le conseiller d&rsquo;Etat Andreas Rickenbacher, chef du d\u00e9partement de l&rsquo;\u00e9conomie. Le Gutedel 2015 d&rsquo;Anne-Claire Schott, de Douanne, remporte la cat\u00e9gorie chasselas; le [&hellip;]<\/p>\n","protected":false},"author":3,"featured_media":0,"comment_status":"closed","ping_status":"open","sticky":false,"template":"","format":"standard","meta":{"_monsterinsights_skip_tracking":false,"_monsterinsights_sitenote_active":false,"_monsterinsights_sitenote_note":"","_monsterinsights_sitenote_category":0,"jetpack_post_was_ever_published":false,"jetpack_publicize_message":"","jetpack_is_tweetstorm":false,"jetpack_publicize_feature_enabled":true,"jetpack_social_post_already_shared":true,"jetpack_social_options":{"image_generator_settings":{"template":"highway","enabled":false}}},"categories":[3],"tags":[1374,1378,1373,1379,1375,1377,1376],"jetpack_publicize_connections":[],"yoast_head":"<!-- This site is optimized with the Yoast SEO plugin v20.6 - https:\/\/yoast.com\/wordpress\/plugins\/seo\/ -->\n<title>Vins de l&#039;Etat de Berne 2016: une prime \u00e0 la jeunesse - thomasvino<\/title>\n<meta name=\"robots\" content=\"index, follow, max-snippet:-1, max-image-preview:large, max-video-preview:-1\" \/>\n<link rel=\"canonical\" href=\"https:\/\/thomasvino.ch\/?p=13711\" \/>\n<meta property=\"og:locale\" content=\"fr_FR\" \/>\n<meta property=\"og:type\" content=\"article\" \/>\n<meta property=\"og:title\" content=\"Vins de l&#039;Etat de Berne 2016: une prime \u00e0 la jeunesse - thomasvino\" \/>\n<meta property=\"og:description\" content=\"Comme chaque ann\u00e9e, le Conseil d&rsquo;Etat du canton de Berne a d\u00e9cern\u00e9 ses quatre labels \u00abVin de l&rsquo;Etat de Berne 2016\u00bb \u00e0 un quatuor de jeunes vigneron(ne)s. La d\u00e9gustation finale \u00e9tait pr\u00e9sid\u00e9e par le conseiller d&rsquo;Etat Andreas Rickenbacher, chef du d\u00e9partement de l&rsquo;\u00e9conomie. Le Gutedel 2015 d&rsquo;Anne-Claire Schott, de Douanne, remporte la cat\u00e9gorie chasselas; le [&hellip;]\" \/>\n<meta property=\"og:url\" content=\"https:\/\/thomasvino.ch\/?p=13711\" \/>\n<meta property=\"og:site_name\" content=\"thomasvino\" \/>\n<meta property=\"article:published_time\" content=\"2016-06-24T06:52:41+00:00\" \/>\n<meta name=\"author\" content=\"Pierre Thomas\" \/>\n<meta name=\"twitter:label1\" content=\"\u00c9crit par\" \/>\n\t<meta name=\"twitter:data1\" content=\"Pierre Thomas\" \/>\n\t<meta name=\"twitter:label2\" content=\"Dur\u00e9e de lecture estim\u00e9e\" \/>\n\t<meta name=\"twitter:data2\" content=\"1 minute\" \/>\n<script type=\"application\/ld+json\" class=\"yoast-schema-graph\">{\"@context\":\"https:\/\/schema.org\",\"@graph\":[{\"@type\":\"WebPage\",\"@id\":\"https:\/\/thomasvino.ch\/?p=13711\",\"url\":\"https:\/\/thomasvino.ch\/?p=13711\",\"name\":\"Vins de l'Etat de Berne 2016: une prime \u00e0 la jeunesse - thomasvino\",\"isPartOf\":{\"@id\":\"https:\/\/thomasvino.ch\/#website\"},\"datePublished\":\"2016-06-24T06:52:41+00:00\",\"dateModified\":\"2016-06-24T06:52:41+00:00\",\"author\":{\"@id\":\"https:\/\/thomasvino.ch\/#\/schema\/person\/670bf4486fe81152cf1d68bd585e062e\"},\"breadcrumb\":{\"@id\":\"https:\/\/thomasvino.ch\/?p=13711#breadcrumb\"},\"inLanguage\":\"fr-FR\",\"potentialAction\":[{\"@type\":\"ReadAction\",\"target\":[\"https:\/\/thomasvino.ch\/?p=13711\"]}]},{\"@type\":\"BreadcrumbList\",\"@id\":\"https:\/\/thomasvino.ch\/?p=13711#breadcrumb\",\"itemListElement\":[{\"@type\":\"ListItem\",\"position\":1,\"name\":\"Accueil\",\"item\":\"https:\/\/thomasvino.ch\/\"},{\"@type\":\"ListItem\",\"position\":2,\"name\":\"Vins de l&rsquo;Etat de Berne 2016: une prime \u00e0 la jeunesse\"}]},{\"@type\":\"WebSite\",\"@id\":\"https:\/\/thomasvino.ch\/#website\",\"url\":\"https:\/\/thomasvino.ch\/\",\"name\":\"thomasvino\",\"description\":\"Vins &amp; Gastronomie\",\"potentialAction\":[{\"@type\":\"SearchAction\",\"target\":{\"@type\":\"EntryPoint\",\"urlTemplate\":\"https:\/\/thomasvino.ch\/?s={search_term_string}\"},\"query-input\":\"required name=search_term_string\"}],\"inLanguage\":\"fr-FR\"},{\"@type\":\"Person\",\"@id\":\"https:\/\/thomasvino.ch\/#\/schema\/person\/670bf4486fe81152cf1d68bd585e062e\",\"name\":\"Pierre Thomas\",\"image\":{\"@type\":\"ImageObject\",\"inLanguage\":\"fr-FR\",\"@id\":\"https:\/\/thomasvino.ch\/#\/schema\/person\/image\/\",\"url\":\"https:\/\/secure.gravatar.com\/avatar\/91fd5a76647f140e53db987a0dead4d7?s=96&d=mm&r=g\",\"contentUrl\":\"https:\/\/secure.gravatar.com\/avatar\/91fd5a76647f140e53db987a0dead4d7?s=96&d=mm&r=g\",\"caption\":\"Pierre Thomas\"},\"url\":\"https:\/\/thomasvino.ch\/?author=3\"}]}<\/script>\n<!-- \/ Yoast SEO plugin. -->","yoast_head_json":{"title":"Vins de l'Etat de Berne 2016: une prime \u00e0 la jeunesse - thomasvino","robots":{"index":"index","follow":"follow","max-snippet":"max-snippet:-1","max-image-preview":"max-image-preview:large","max-video-preview":"max-video-preview:-1"},"canonical":"https:\/\/thomasvino.ch\/?p=13711","og_locale":"fr_FR","og_type":"article","og_title":"Vins de l'Etat de Berne 2016: une prime \u00e0 la jeunesse - thomasvino","og_description":"Comme chaque ann\u00e9e, le Conseil d&rsquo;Etat du canton de Berne a d\u00e9cern\u00e9 ses quatre labels \u00abVin de l&rsquo;Etat de Berne 2016\u00bb \u00e0 un quatuor de jeunes vigneron(ne)s. La d\u00e9gustation finale \u00e9tait pr\u00e9sid\u00e9e par le conseiller d&rsquo;Etat Andreas Rickenbacher, chef du d\u00e9partement de l&rsquo;\u00e9conomie. Le Gutedel 2015 d&rsquo;Anne-Claire Schott, de Douanne, remporte la cat\u00e9gorie chasselas; le [&hellip;]","og_url":"https:\/\/thomasvino.ch\/?p=13711","og_site_name":"thomasvino","article_published_time":"2016-06-24T06:52:41+00:00","author":"Pierre Thomas","twitter_misc":{"\u00c9crit par":"Pierre Thomas","Dur\u00e9e de lecture estim\u00e9e":"1 minute"},"schema":{"@context":"https:\/\/schema.org","@graph":[{"@type":"WebPage","@id":"https:\/\/thomasvino.ch\/?p=13711","url":"https:\/\/thomasvino.ch\/?p=13711","name":"Vins de l'Etat de Berne 2016: une prime \u00e0 la jeunesse - thomasvino","isPartOf":{"@id":"https:\/\/thomasvino.ch\/#website"},"datePublished":"2016-06-24T06:52:41+00:00","dateModified":"2016-06-24T06:52:41+00:00","author":{"@id":"https:\/\/thomasvino.ch\/#\/schema\/person\/670bf4486fe81152cf1d68bd585e062e"},"breadcrumb":{"@id":"https:\/\/thomasvino.ch\/?p=13711#breadcrumb"},"inLanguage":"fr-FR","potentialAction":[{"@type":"ReadAction","target":["https:\/\/thomasvino.ch\/?p=13711"]}]},{"@type":"BreadcrumbList","@id":"https:\/\/thomasvino.ch\/?p=13711#breadcrumb","itemListElement":[{"@type":"ListItem","position":1,"name":"Accueil","item":"https:\/\/thomasvino.ch\/"},{"@type":"ListItem","position":2,"name":"Vins de l&rsquo;Etat de Berne 2016: une prime \u00e0 la jeunesse"}]},{"@type":"WebSite","@id":"https:\/\/thomasvino.ch\/#website","url":"https:\/\/thomasvino.ch\/","name":"thomasvino","description":"Vins &amp; Gastronomie","potentialAction":[{"@type":"SearchAction","target":{"@type":"EntryPoint","urlTemplate":"https:\/\/thomasvino.ch\/?s={search_term_string}"},"query-input":"required name=search_term_string"}],"inLanguage":"fr-FR"},{"@type":"Person","@id":"https:\/\/thomasvino.ch\/#\/schema\/person\/670bf4486fe81152cf1d68bd585e062e","name":"Pierre Thomas","image":{"@type":"ImageObject","inLanguage":"fr-FR","@id":"https:\/\/thomasvino.ch\/#\/schema\/person\/image\/","url":"https:\/\/secure.gravatar.com\/avatar\/91fd5a76647f140e53db987a0dead4d7?s=96&d=mm&r=g","contentUrl":"https:\/\/secure.gravatar.com\/avatar\/91fd5a76647f140e53db987a0dead4d7?s=96&d=mm&r=g","caption":"Pierre Thomas"},"url":"https:\/\/thomasvino.ch\/?author=3"}]}},"jetpack_featured_media_url":"","jetpack_sharing_enabled":true,"jetpack_shortlink":"https:\/\/wp.me\/p3m4tZ-3z9","jetpack_likes_enabled":false,"jetpack-related-posts":[{"id":16769,"url":"https:\/\/thomasvino.ch\/?p=16769","url_meta":{"origin":13711,"position":0},"title":"Vins de Berne\u00a0: le palmar\u00e8s 2020","date":"25 ao\u00fbt 2020","format":false,"excerpt":"Mardi 25 ao\u00fbt, les Bernois ont d\u00e9sign\u00e9 leurs \u00abvins de l\u2019ann\u00e9e 2020\u00bb. Adrian Kl\u00f6tzli, de Douanne, bien plac\u00e9 dans plusieurs cat\u00e9gories, a \u00e9t\u00e9 d\u00e9sign\u00e9 \u00abvigneron bernois de l\u2019ann\u00e9e 2020\u00bb. Le palmar\u00e8s met en lumi\u00e8re les meilleurs domaines des bords du lac de Bienne. Sur la photo, il n\u2019y a que\u2026","rel":"","context":"Dans &quot;Actus - News&quot;","img":{"alt_text":"","src":"https:\/\/i0.wp.com\/thomasvino.ch\/wp-content\/uploads\/2020\/08\/site_vinsBE0820r-300x200.jpg?resize=350%2C200&ssl=1","width":350,"height":200},"classes":[]},{"id":9412,"url":"https:\/\/thomasvino.ch\/?p=9412","url_meta":{"origin":13711,"position":1},"title":"Les \u00abvins de l&rsquo;Etat de Berne\u00bb 2012","date":"23 juillet 2012","format":false,"excerpt":"Vins de l\u2019Etat de Berne 2012 Trois encavages distingu\u00e9s Quatre vins dignes de porter le label, en forme de m\u00e9daillon avec un ours sur fond dor\u00e9 de \u00abVin de l\u2019Etat de Berne\u00bb ont \u00e9t\u00e9 distingu\u00e9s par le jury du concours. La comp\u00e9tition, plac\u00e9e sous la responsabilit\u00e9 de la F\u00e9d\u00e9ration des\u2026","rel":"","context":"Dans &quot;Actus - News&quot;","img":{"alt_text":"","src":"","width":0,"height":0},"classes":[]},{"id":15324,"url":"https:\/\/thomasvino.ch\/?p=15324","url_meta":{"origin":13711,"position":2},"title":"Les meilleurs vins bernois 2018","date":"7 octobre 2018","format":false,"excerpt":"Fin ao\u00fbt, le conseiller d'Etat bernois Christoph Ammann a r\u00e9compens\u00e9 les vainqueurs du concours des \u00abvins bernois de l'ann\u00e9e 2018\u00bb. Martin Hubacher, de la Johanniterkellerei \u00e0 Douanne, a \u00e9t\u00e9 d\u00e9sign\u00e9 \u00abvigneron de l'ann\u00e9e\u00bb gr\u00e2ce aux bons r\u00e9sultats de trois de ses vins: son pinot gris 2017 a \u00e9t\u00e9 class\u00e9 meilleur\u2026","rel":"","context":"Dans &quot;Actus - News&quot;","img":{"alt_text":"","src":"","width":0,"height":0},"classes":[]},{"id":17814,"url":"https:\/\/thomasvino.ch\/?p=17814","url_meta":{"origin":13711,"position":3},"title":"Nick B\u00f6singer, jeune \u00abvigneron bernois de l&rsquo;ann\u00e9e 2022\u00bb","date":"9 juillet 2022","format":false,"excerpt":"C'est Nick B\u00f6siger, du domaine Frauenkopf \u00e0 Douanne, membre des jeunes vignerons de Suisse, au bord du lac de Bienne, qui a \u00e9t\u00e9 d\u00e9sign\u00e9 \u00abvigneron de l'ann\u00e9e 2022\u00bb, par l'Etat de Berne. Il a re\u00e7u son dipl\u00f4me jeudi 7 juillet du conseiller d'Etat Christoph Ammann. Les meilleurs vins bernois du\u2026","rel":"","context":"Dans &quot;Actus - News&quot;","img":{"alt_text":"","src":"","width":0,"height":0},"classes":[]},{"id":18247,"url":"https:\/\/thomasvino.ch\/?p=18247","url_meta":{"origin":13711,"position":4},"title":"Les Giauque-Kunz, vignerons bernois de l\u2019ann\u00e9e","date":"7 juillet 2023","format":false,"excerpt":"Le couple de Gl\u00e9resse a remport\u00e9 le titre que convoitaient 33 vignerons bernois, avec 160 vins. 21 vins ont concouru pour le 1er prix octroy\u00e9 \u00e0 un c\u00e9page r\u00e9sistant (PIWI), et c\u2019est le Solaris 2022 du R\u00e4blus Weinbau \u00e0 Vigneules. Les vins prim\u00e9s viennent tous du lac de Bienne. Il\u2026","rel":"","context":"Dans &quot;Actus - News&quot;","img":{"alt_text":"","src":"","width":0,"height":0},"classes":[]},{"id":8981,"url":"https:\/\/thomasvino.ch\/?p=8981","url_meta":{"origin":13711,"position":5},"title":"Vins de tous les cantons: retour sur le palmar\u00e8s 2009","date":"14 d\u00e9cembre 2009","format":false,"excerpt":"Vins r\u00e9compens\u00e9s en 2009 Coup de chapeau aux champions Les excellentes vendanges 2009 risquent de faire oublier les vins de 2008. Dernier regard dans le r\u00e9troviseur aux vignerons les plus m\u00e9ritants de l\u2019ann\u00e9e 2009, canton par canton. Par Pierre Thomas Si les vignerons peuvent concourir librement au Grand Prix du\u2026","rel":"","context":"Dans &quot;Vins suisses&quot;","img":{"alt_text":"","src":"","width":0,"height":0},"classes":[]}],"_links":{"self":[{"href":"https:\/\/thomasvino.ch\/index.php?rest_route=\/wp\/v2\/posts\/13711"}],"collection":[{"href":"https:\/\/thomasvino.ch\/index.php?rest_route=\/wp\/v2\/posts"}],"about":[{"href":"https:\/\/thomasvino.ch\/index.php?rest_route=\/wp\/v2\/types\/post"}],"author":[{"embeddable":true,"href":"https:\/\/thomasvino.ch\/index.php?rest_route=\/wp\/v2\/users\/3"}],"replies":[{"embeddable":true,"href":"https:\/\/thomasvino.ch\/index.php?rest_route=%2Fwp%2Fv2%2Fcomments&post=13711"}],"version-history":[{"count":0,"href":"https:\/\/thomasvino.ch\/index.php?rest_route=\/wp\/v2\/posts\/13711\/revisions"}],"wp:attachment":[{"href":"https:\/\/thomasvino.ch\/index.php?rest_route=%2Fwp%2Fv2%2Fmedia&parent=13711"}],"wp:term":[{"taxonomy":"category","embeddable":true,"href":"https:\/\/thomasvino.ch\/index.php?rest_route=%2Fwp%2Fv2%2Fcategories&post=13711"},{"taxonomy":"post_tag","embeddable":true,"href":"https:\/\/thomasvino.ch\/index.php?rest_route=%2Fwp%2Fv2%2Ftags&post=13711"}],"curies":[{"name":"wp","href":"https:\/\/api.w.org\/{rel}","templated":true}]}}