{"id":13725,"date":"2016-07-06T15:16:18","date_gmt":"2016-07-06T14:16:18","guid":{"rendered":"http:\/\/www.thomasvino.ch\/?p=13725"},"modified":"2016-07-08T15:02:46","modified_gmt":"2016-07-08T14:02:46","slug":"selection-des-vins-vaudois-2016-lor-explose-grace-au-millesime-2015","status":"publish","type":"post","link":"https:\/\/thomasvino.ch\/?p=13725","title":{"rendered":"S\u00e9lection des vins vaudois 2016 <br\/ > L\u2019or explose gr\u00e2ce au mill\u00e9sime 2015"},"content":{"rendered":"<p><strong>Les vainqueurs de la <em>S\u00e9lection des vins vaudois 2016<\/em> ont \u00e9t\u00e9 r\u00e9compens\u00e9s, jeudi 6 juillet, \u00e0 Montreux\u00a0: gr\u00e2ce \u00e0 son pr\u00e9sident, Pierre Keller, l\u2019Office des vins vaudois entretient un partenariat privil\u00e9gi\u00e9 avec le Festival de jazz, qui f\u00eate cette ann\u00e9e ses 50 \u00e9ditions. Pour les vins vaudois, le riche mill\u00e9sime 2015 a fait exploser le compteur \u00e0 m\u00e9dailles : 162 vins en or, soit 70% de plus que l\u2019an pass\u00e9.<\/strong><\/p>\n<p><em>Par Pierre Thomas<\/em><\/p>\n<p>Le nombre de vins et de candidats est rest\u00e9 semblable\u00a0: 904 vins ont \u00e9t\u00e9 pr\u00e9sent\u00e9s par 300 producteurs, ces deux derni\u00e8res ann\u00e9es. Le jury reste massivement masculin\u00a0: pour 64 jur\u00e9s, 7 femmes seulement (elles \u00e9taient 13 pour 74 l\u2019an pass\u00e9).<\/p>\n<p>Comme la S\u00e9lection vaudoise applique les r\u00e8gles des concours patronn\u00e9s par l\u2019Union suisse des \u0153nologues, elle est limit\u00e9e \u00e0 30% de m\u00e9dailles, quel que soit son \u00abm\u00e9tal\u00bb. Pour 95 or, il y avaient 185 argent en 2015\u00a0; en 2016, les 162 m\u00e9dailles d\u2019or font baisser le quota d\u2019argent \u00e0 135 m\u00e9dailles, et hausser le niveau pour les obtenir de 87,2 \u00e0 88 points\u00a0!<\/p>\n<p><a href=\"http:\/\/www.thomasvino.ch\/?attachment_id=13732\" rel=\"attachment wp-att-13732\"><img data-attachment-id=\"13732\" data-permalink=\"https:\/\/thomasvino.ch\/?attachment_id=13732\" data-orig-file=\"https:\/\/i0.wp.com\/thomasvino.ch\/wp-content\/uploads\/2016\/07\/sel_vd.jpg?fit=4252%2C2835&amp;ssl=1\" data-orig-size=\"4252,2835\" data-comments-opened=\"0\" data-image-meta=\"{&quot;aperture&quot;:&quot;5.6&quot;,&quot;credit&quot;:&quot;&quot;,&quot;camera&quot;:&quot;Canon EOS 5D Mark II&quot;,&quot;caption&quot;:&quot;&quot;,&quot;created_timestamp&quot;:&quot;1467822293&quot;,&quot;copyright&quot;:&quot;&quot;,&quot;focal_length&quot;:&quot;24&quot;,&quot;iso&quot;:&quot;800&quot;,&quot;shutter_speed&quot;:&quot;0.008&quot;,&quot;title&quot;:&quot;&quot;,&quot;orientation&quot;:&quot;1&quot;}\" data-image-title=\"sel_vd\" data-image-description=\"\" data-image-caption=\"\" data-medium-file=\"https:\/\/i0.wp.com\/thomasvino.ch\/wp-content\/uploads\/2016\/07\/sel_vd.jpg?fit=300%2C200&amp;ssl=1\" data-large-file=\"https:\/\/i0.wp.com\/thomasvino.ch\/wp-content\/uploads\/2016\/07\/sel_vd.jpg?fit=1024%2C683&amp;ssl=1\" loading=\"lazy\" class=\"aligncenter size-medium wp-image-13732\" src=\"https:\/\/i0.wp.com\/www.thomasvino.ch\/wp-content\/uploads\/2016\/07\/sel_vd-300x200.jpg?resize=300%2C200\" alt=\"sel_vd\" width=\"300\" height=\"200\" srcset=\"https:\/\/i0.wp.com\/thomasvino.ch\/wp-content\/uploads\/2016\/07\/sel_vd.jpg?resize=300%2C200&amp;ssl=1 300w, https:\/\/i0.wp.com\/thomasvino.ch\/wp-content\/uploads\/2016\/07\/sel_vd.jpg?resize=768%2C512&amp;ssl=1 768w, https:\/\/i0.wp.com\/thomasvino.ch\/wp-content\/uploads\/2016\/07\/sel_vd.jpg?resize=1024%2C683&amp;ssl=1 1024w, https:\/\/i0.wp.com\/thomasvino.ch\/wp-content\/uploads\/2016\/07\/sel_vd.jpg?resize=140%2C94&amp;ssl=1 140w, https:\/\/i0.wp.com\/thomasvino.ch\/wp-content\/uploads\/2016\/07\/sel_vd.jpg?w=2000&amp;ssl=1 2000w, https:\/\/i0.wp.com\/thomasvino.ch\/wp-content\/uploads\/2016\/07\/sel_vd.jpg?w=3000&amp;ssl=1 3000w\" sizes=\"(max-width: 300px) 100vw, 300px\" data-recalc-dims=\"1\" \/><\/a><\/p>\n<h3>Au nez et \u00e0 la barbe des chasselas!<\/h3>\n<p>Le grand vainqueur de cette joute n\u2019est ni un chasselas, ni un vin rouge, mais une \u00absp\u00e9cialit\u00e9 blanche\u00bb s\u00e8che, un Gewurztraminer 2015 de <strong>Nicolas Jaccoud<\/strong>, du Domaine de Chantemerle \u00e0 Tartegnin, gratifi\u00e9 de 95\/100 et qui remporte le Troph\u00e9e Master 2016. Dans la m\u00eame cat\u00e9gorie, le Sauvignon gris 2015 de <strong>Reynald Parmelin<\/strong>, du Domaine de la Capitaine \u00e0 Begnins, se classe deuxi\u00e8me et remporte le prix bio. En chasselas 2015, le 1<sup>er<\/sup> prix revient \u00e0 <strong>Jean-Daniel Porta<\/strong>, d\u2019Aran-Villette, pour Le Daley, devant deux outsiders, La P\u00e9pite, de <strong>Michel Guibert<\/strong>, Domaine de Joli Clos, \u00e0 Etoy, \u00e0 \u00e9galit\u00e9 avec Le Coup de Lune, des <strong>Caves du Ch\u00e2teau de Montmagny<\/strong>, au Vully, o\u00f9 <strong>Daniel Mathey<\/strong> et <strong>Steve Loup<\/strong> sont associ\u00e9s. Troisi\u00e8me, un 1<sup>er<\/sup> Grand Cru d\u2019Yvorne, du Domaine de l\u2019Ovaille des fr\u00e8res <strong>Fr\u00e9d\u00e9ric et Philippe Deladoey<\/strong>. Les chasselas des mill\u00e9simes 2013 et 2014 ont aussi leur champion, une vieille connaissance, le D\u00e9zaley-Marsens Grand Cru De la Tour, Vase No 4, 2013, des <strong>Fr\u00e8res Dubois<\/strong>, \u00e0 Cully, devant un Vinzel Grand Cru 2014, de <strong>Jean-Daniel Monachon<\/strong>, et le chasselas le plus vendu de Suisse, sans doute, l\u2019Aigle Les Murailles 2013, AOC Chablais, de <strong>Badoux Vins SA<\/strong>.<\/p>\n<p>Toutes les r\u00e9gions vaudoises sont bien repr\u00e9sent\u00e9es dans le palmar\u00e8s\u00a0: en ros\u00e9s, La C\u00f4te est ex-aequo avec les C\u00f4tes-de-l\u2019Orbe, avec le Ros\u00e9 du Consul 2015, des fr\u00e8res <strong>Laurent et Nicolas Martin<\/strong>, \u00e0 Perroy, et Les Cicadelles 2015, de la <strong>Coop\u00e9rative des 13 Coteaux<\/strong>, \u00e0 Arnex-sur-Orbe.<\/p>\n<p>En gamay, La C\u00f4te monte sur la plus haute marche du podium, avec le 2015 de <strong>Roland Locher<\/strong>, du Domaine de Marcy, \u00e0 Saint-Prex, devant la Cuv\u00e9e Origine 2015, de la <strong>Cave du Ch\u00e2teau de Valeyres<\/strong>, en C\u00f4tes-de-l\u2019Orbe, et le Gamay de La Treille 2015, des <strong>Fr\u00e8res Dutruy<\/strong>, \u00e0 Founex.<\/p>\n<h3>Une mondeuse 2014 titr\u00e9e<\/h3>\n<p>Au tour de Lavaux, en pinot noir, avec le 1<sup>er<\/sup> rang de <strong>Jean-Ren\u00e9 Gaillard<\/strong>, \u00e0 Epesses, avec son 2015, devant la cuv\u00e9e en f\u00fbts de ch\u00eane 2012 Vinzel du <strong>Ch\u00e2teau Le Rosey<\/strong>, \u00e0 Bursins, et la Cuv\u00e9e du Baron 2015, de la <strong>Cave du Ch\u00e2teau de Valeyres<\/strong>, en C\u00f4tes-de-l\u2019Orbe. Dans les autres c\u00e9pages rouges purs, c\u2019est un 2014, qui plus est une Mondeuse noire, du Domaine des Rueyres \u00e0 Chardonne, de <strong>Jean-Fran\u00e7ois et Michel Cossy<\/strong>, qui s\u2019impose, devant un autre vin de <strong>Michel Guibert<\/strong>, Domaine du Joli Clos \u00e0 Etoy, le 41 Carats 2014, ex-aequo avec un r\u00e9cidiviste, <strong>Alain Rolaz<\/strong>, \u00e0 Gilly, et son cabernet franc Crescendo 2013, et un autre rouge-culte vaudois, la Syrah de Saint-Saphorin, de <strong>Marco et Fran\u00e7ois Grognuz<\/strong>, Cave des Rois, \u00e0 Villeneuve.<\/p>\n<p>En assemblages rouges, belle r\u00e9ussite d\u2019ensemble de <strong>Benjamin Morel<\/strong>, de la <strong>Cave du Ch\u00e2teau de Valeyres<\/strong>, d\u00e9j\u00e0 cit\u00e9e deux fois, avec Le Courson 2015, devant le Haute-Cour 2014, de <strong>Luc Pellet<\/strong>, \u00e0 Mont-sur-Rolle et le Merlot-Diolinoir 2014, des <strong>Fr\u00e8res Dutruy<\/strong> \u00e0 Founex. En vins liquoreux, Lavaux s\u2019impose avec Grains d\u2019Amour 2015, de <strong>Laurent Berthet<\/strong>, \u00e0 Cully, 1<sup>er<\/sup> ex-aequo avec un Solaris 2013, <strong>d\u2019Eric Sch\u00f6pfer<\/strong>, de Champagne. Et en mousseux, retour \u00e0 La C\u00f4te, avec <strong>Philippe Bovet<\/strong>, de Givrins, et son brut 2012.<\/p>\n<h3>Pluie d&rsquo;or sur les \u00abgrandes caves\u00bb<\/h3>\n<p>Au niveau des m\u00e9dailles d\u2019or, les \u00abgrandes caves\u00bb font une razzia\u00a0: la coop\u00e9rative Uvavins, \u00e0 Tolochenaz, avec 7 m\u00e9dailles d\u2019or (et 5 d\u2019argent) et Badoux Vins SA, avec 7 d\u2019or (mais 3 d\u2019argent), devant deux autres entit\u00e9s du groupe Schenk, Obrist, \u00e0 Veveyet Bolle &amp; Cie, \u00e0 Morges (toutes deux avec 4 m\u00e9dailles d\u2019or et une \u00e9p\u00e9cl\u00e9e d\u2019argent). Quatre autres producteurs font aussi bien, avec quatre ors donc, le <strong>Ch\u00e2teau de Valeyres<\/strong>-sous-Rances, le <strong>Ch\u00e2teau de Duillier<\/strong> (pr\u00e8s de Nyon), <strong>La Capitaine<\/strong>, \u00e0 Begnins, et les <strong>Fr\u00e8res Dubois<\/strong>, \u00e0 Cully.<\/p>\n<p>De son c\u00f4t\u00e9, <strong>le label Terravin se f\u00e9licite d&rsquo;avoir r\u00e9ussi \u00e0 placer massivement ses laur\u00e9ats<\/strong> parmi les trois premiers chasselas jeunes et \u00e0 hauteur de 53% des chasselas en or. Le label avait fait presque aussi bien avec 47% des vins vaudois m\u00e9daill\u00e9s d&rsquo;or au <strong><a href=\"http:\/\/www.thomasvino.ch\/?p=13704\">Mondial du Chasselas<\/a><\/strong>, dont le Morges Vieilles Vignes 2015 victorieux. Alors que les vins labellis\u00e9s Terravin ne repr\u00e9sentent que 6,5% du volume des vins AOC.<\/p>\n<p><em>Tous les r\u00e9sultats sont en ligne sur <strong><a href=\"http:\/\/www.ovv.ch\/vinsprimes\/producteur\">www.ovv.ch<\/a><\/strong><\/em><\/p>\n","protected":false},"excerpt":{"rendered":"<p>Les vainqueurs de la S\u00e9lection des vins vaudois 2016 ont \u00e9t\u00e9 r\u00e9compens\u00e9s, jeudi 6 juillet, \u00e0 Montreux\u00a0: gr\u00e2ce \u00e0 son pr\u00e9sident, Pierre Keller, l\u2019Office des vins vaudois entretient un partenariat privil\u00e9gi\u00e9 avec le Festival de jazz, qui f\u00eate cette ann\u00e9e ses 50 \u00e9ditions. Pour les vins vaudois, le riche mill\u00e9sime 2015 a fait exploser le [&hellip;]<\/p>\n","protected":false},"author":3,"featured_media":0,"comment_status":"closed","ping_status":"open","sticky":false,"template":"","format":"standard","meta":{"_monsterinsights_skip_tracking":false,"_monsterinsights_sitenote_active":false,"_monsterinsights_sitenote_note":"","_monsterinsights_sitenote_category":0,"jetpack_post_was_ever_published":false,"jetpack_publicize_message":"","jetpack_is_tweetstorm":false,"jetpack_publicize_feature_enabled":true,"jetpack_social_post_already_shared":true,"jetpack_social_options":{"image_generator_settings":{"template":"highway","enabled":false}}},"categories":[3],"tags":[],"jetpack_publicize_connections":[],"yoast_head":"<!-- This site is optimized with the Yoast SEO plugin v20.6 - https:\/\/yoast.com\/wordpress\/plugins\/seo\/ -->\n<title>S\u00e9lection des vins vaudois 2016  L\u2019or explose gr\u00e2ce au mill\u00e9sime 2015 - thomasvino<\/title>\n<meta name=\"robots\" content=\"index, follow, max-snippet:-1, max-image-preview:large, max-video-preview:-1\" \/>\n<link rel=\"canonical\" href=\"https:\/\/thomasvino.ch\/?p=13725\" \/>\n<meta property=\"og:locale\" content=\"fr_FR\" \/>\n<meta property=\"og:type\" content=\"article\" \/>\n<meta property=\"og:title\" content=\"S\u00e9lection des vins vaudois 2016  L\u2019or explose gr\u00e2ce au mill\u00e9sime 2015 - thomasvino\" \/>\n<meta property=\"og:description\" content=\"Les vainqueurs de la S\u00e9lection des vins vaudois 2016 ont \u00e9t\u00e9 r\u00e9compens\u00e9s, jeudi 6 juillet, \u00e0 Montreux\u00a0: gr\u00e2ce \u00e0 son pr\u00e9sident, Pierre Keller, l\u2019Office des vins vaudois entretient un partenariat privil\u00e9gi\u00e9 avec le Festival de jazz, qui f\u00eate cette ann\u00e9e ses 50 \u00e9ditions. Pour les vins vaudois, le riche mill\u00e9sime 2015 a fait exploser le [&hellip;]\" \/>\n<meta property=\"og:url\" content=\"https:\/\/thomasvino.ch\/?p=13725\" \/>\n<meta property=\"og:site_name\" content=\"thomasvino\" \/>\n<meta property=\"article:published_time\" content=\"2016-07-06T14:16:18+00:00\" \/>\n<meta property=\"article:modified_time\" content=\"2016-07-08T14:02:46+00:00\" \/>\n<meta property=\"og:image\" content=\"http:\/\/www.thomasvino.ch\/wp-content\/uploads\/2016\/07\/sel_vd-300x200.jpg\" \/>\n<meta name=\"author\" content=\"Pierre Thomas\" \/>\n<meta name=\"twitter:label1\" content=\"\u00c9crit par\" \/>\n\t<meta name=\"twitter:data1\" content=\"Pierre Thomas\" \/>\n\t<meta name=\"twitter:label2\" content=\"Dur\u00e9e de lecture estim\u00e9e\" \/>\n\t<meta name=\"twitter:data2\" content=\"4 minutes\" \/>\n<script type=\"application\/ld+json\" class=\"yoast-schema-graph\">{\"@context\":\"https:\/\/schema.org\",\"@graph\":[{\"@type\":\"WebPage\",\"@id\":\"https:\/\/thomasvino.ch\/?p=13725\",\"url\":\"https:\/\/thomasvino.ch\/?p=13725\",\"name\":\"S\u00e9lection des vins vaudois 2016 L\u2019or explose gr\u00e2ce au mill\u00e9sime 2015 - thomasvino\",\"isPartOf\":{\"@id\":\"https:\/\/thomasvino.ch\/#website\"},\"datePublished\":\"2016-07-06T14:16:18+00:00\",\"dateModified\":\"2016-07-08T14:02:46+00:00\",\"author\":{\"@id\":\"https:\/\/thomasvino.ch\/#\/schema\/person\/670bf4486fe81152cf1d68bd585e062e\"},\"breadcrumb\":{\"@id\":\"https:\/\/thomasvino.ch\/?p=13725#breadcrumb\"},\"inLanguage\":\"fr-FR\",\"potentialAction\":[{\"@type\":\"ReadAction\",\"target\":[\"https:\/\/thomasvino.ch\/?p=13725\"]}]},{\"@type\":\"BreadcrumbList\",\"@id\":\"https:\/\/thomasvino.ch\/?p=13725#breadcrumb\",\"itemListElement\":[{\"@type\":\"ListItem\",\"position\":1,\"name\":\"Accueil\",\"item\":\"https:\/\/thomasvino.ch\/\"},{\"@type\":\"ListItem\",\"position\":2,\"name\":\"S\u00e9lection des vins vaudois 2016 L\u2019or explose gr\u00e2ce au mill\u00e9sime 2015\"}]},{\"@type\":\"WebSite\",\"@id\":\"https:\/\/thomasvino.ch\/#website\",\"url\":\"https:\/\/thomasvino.ch\/\",\"name\":\"thomasvino\",\"description\":\"Vins &amp; Gastronomie\",\"potentialAction\":[{\"@type\":\"SearchAction\",\"target\":{\"@type\":\"EntryPoint\",\"urlTemplate\":\"https:\/\/thomasvino.ch\/?s={search_term_string}\"},\"query-input\":\"required name=search_term_string\"}],\"inLanguage\":\"fr-FR\"},{\"@type\":\"Person\",\"@id\":\"https:\/\/thomasvino.ch\/#\/schema\/person\/670bf4486fe81152cf1d68bd585e062e\",\"name\":\"Pierre Thomas\",\"image\":{\"@type\":\"ImageObject\",\"inLanguage\":\"fr-FR\",\"@id\":\"https:\/\/thomasvino.ch\/#\/schema\/person\/image\/\",\"url\":\"https:\/\/secure.gravatar.com\/avatar\/91fd5a76647f140e53db987a0dead4d7?s=96&d=mm&r=g\",\"contentUrl\":\"https:\/\/secure.gravatar.com\/avatar\/91fd5a76647f140e53db987a0dead4d7?s=96&d=mm&r=g\",\"caption\":\"Pierre Thomas\"},\"url\":\"https:\/\/thomasvino.ch\/?author=3\"}]}<\/script>\n<!-- \/ Yoast SEO plugin. -->","yoast_head_json":{"title":"S\u00e9lection des vins vaudois 2016  L\u2019or explose gr\u00e2ce au mill\u00e9sime 2015 - thomasvino","robots":{"index":"index","follow":"follow","max-snippet":"max-snippet:-1","max-image-preview":"max-image-preview:large","max-video-preview":"max-video-preview:-1"},"canonical":"https:\/\/thomasvino.ch\/?p=13725","og_locale":"fr_FR","og_type":"article","og_title":"S\u00e9lection des vins vaudois 2016  L\u2019or explose gr\u00e2ce au mill\u00e9sime 2015 - thomasvino","og_description":"Les vainqueurs de la S\u00e9lection des vins vaudois 2016 ont \u00e9t\u00e9 r\u00e9compens\u00e9s, jeudi 6 juillet, \u00e0 Montreux\u00a0: gr\u00e2ce \u00e0 son pr\u00e9sident, Pierre Keller, l\u2019Office des vins vaudois entretient un partenariat privil\u00e9gi\u00e9 avec le Festival de jazz, qui f\u00eate cette ann\u00e9e ses 50 \u00e9ditions. Pour les vins vaudois, le riche mill\u00e9sime 2015 a fait exploser le [&hellip;]","og_url":"https:\/\/thomasvino.ch\/?p=13725","og_site_name":"thomasvino","article_published_time":"2016-07-06T14:16:18+00:00","article_modified_time":"2016-07-08T14:02:46+00:00","og_image":[{"url":"http:\/\/www.thomasvino.ch\/wp-content\/uploads\/2016\/07\/sel_vd-300x200.jpg"}],"author":"Pierre Thomas","twitter_misc":{"\u00c9crit par":"Pierre Thomas","Dur\u00e9e de lecture estim\u00e9e":"4 minutes"},"schema":{"@context":"https:\/\/schema.org","@graph":[{"@type":"WebPage","@id":"https:\/\/thomasvino.ch\/?p=13725","url":"https:\/\/thomasvino.ch\/?p=13725","name":"S\u00e9lection des vins vaudois 2016 L\u2019or explose gr\u00e2ce au mill\u00e9sime 2015 - thomasvino","isPartOf":{"@id":"https:\/\/thomasvino.ch\/#website"},"datePublished":"2016-07-06T14:16:18+00:00","dateModified":"2016-07-08T14:02:46+00:00","author":{"@id":"https:\/\/thomasvino.ch\/#\/schema\/person\/670bf4486fe81152cf1d68bd585e062e"},"breadcrumb":{"@id":"https:\/\/thomasvino.ch\/?p=13725#breadcrumb"},"inLanguage":"fr-FR","potentialAction":[{"@type":"ReadAction","target":["https:\/\/thomasvino.ch\/?p=13725"]}]},{"@type":"BreadcrumbList","@id":"https:\/\/thomasvino.ch\/?p=13725#breadcrumb","itemListElement":[{"@type":"ListItem","position":1,"name":"Accueil","item":"https:\/\/thomasvino.ch\/"},{"@type":"ListItem","position":2,"name":"S\u00e9lection des vins vaudois 2016 L\u2019or explose gr\u00e2ce au mill\u00e9sime 2015"}]},{"@type":"WebSite","@id":"https:\/\/thomasvino.ch\/#website","url":"https:\/\/thomasvino.ch\/","name":"thomasvino","description":"Vins &amp; Gastronomie","potentialAction":[{"@type":"SearchAction","target":{"@type":"EntryPoint","urlTemplate":"https:\/\/thomasvino.ch\/?s={search_term_string}"},"query-input":"required name=search_term_string"}],"inLanguage":"fr-FR"},{"@type":"Person","@id":"https:\/\/thomasvino.ch\/#\/schema\/person\/670bf4486fe81152cf1d68bd585e062e","name":"Pierre Thomas","image":{"@type":"ImageObject","inLanguage":"fr-FR","@id":"https:\/\/thomasvino.ch\/#\/schema\/person\/image\/","url":"https:\/\/secure.gravatar.com\/avatar\/91fd5a76647f140e53db987a0dead4d7?s=96&d=mm&r=g","contentUrl":"https:\/\/secure.gravatar.com\/avatar\/91fd5a76647f140e53db987a0dead4d7?s=96&d=mm&r=g","caption":"Pierre Thomas"},"url":"https:\/\/thomasvino.ch\/?author=3"}]}},"jetpack_featured_media_url":"","jetpack_sharing_enabled":true,"jetpack_shortlink":"https:\/\/wp.me\/p3m4tZ-3zn","jetpack_likes_enabled":false,"jetpack-related-posts":[{"id":14473,"url":"https:\/\/thomasvino.ch\/?p=14473","url_meta":{"origin":13725,"position":0},"title":"Chasselas: la course aux m\u00e9dailles","date":"22 juillet 2017","format":false,"excerpt":"Concours mondial du chasselas, \u00e0 Aigle, S\u00e9lection des vins vaudois et Grand Prix du Vin Suisse \u00e0 Sierre. Les chasselas, vaudois notamment, se poussent en masse pour d\u00e9crocher des m\u00e9dailles d\u2019or dans les trois comp\u00e9titions. Pourtant, en cette ann\u00e9e 2017, \u00e7a n\u2019est pas un chasselas qui a d\u00e9croch\u00e9 la meilleure\u2026","rel":"","context":"Dans &quot;Vins suisses&quot;","img":{"alt_text":"","src":"https:\/\/i0.wp.com\/thomasvino.ch\/wp-content\/uploads\/2017\/07\/IMG_8589-225x300.jpg?resize=350%2C200&ssl=1","width":350,"height":200},"classes":[]},{"id":9215,"url":"https:\/\/thomasvino.ch\/?p=9215","url_meta":{"origin":13725,"position":1},"title":"S\u00e9lection des vins vaudois 2011: chasselas chahut\u00e9s","date":"27 juillet 2011","format":false,"excerpt":"S\u00e9lection des vins vaudois 2011 Une prime \u00e0 la diversification Pour la troisi\u00e8me fois, le palmar\u00e8s de la S\u00e9lection des vins vaudois a \u00e9t\u00e9 d\u00e9voil\u00e9, le 25 juillet 2011, \u00e0 Gstaad. O\u00f9 on n\u2019a bu que des vins vaudois au tournoi open de tennis. R\u00e9sultats et commentaires. Par Pierre Thomas\u2026","rel":"","context":"Dans &quot;Vins suisses&quot;","img":{"alt_text":"site_vvd_groupe2.jpg","src":"img\/site_vvd_groupe2.jpg","width":350,"height":200},"classes":[]},{"id":9133,"url":"https:\/\/thomasvino.ch\/?p=9133","url_meta":{"origin":13725,"position":2},"title":"Gamay: les Suisses d\u00e9fient le Beaujolais","date":"27 janvier 2011","format":false,"excerpt":"1er Concours international du gamay Le Beaujolais et les Suisses en t\u00eate Les Suisses (deux Valaisans, un Genevois et un Vaudois) se sont taill\u00e9 un joli succ\u00e8s, \u00e0 Lyon, le 15 janvier, au premier Concours international du Gamay (600 vins en comp\u00e9tition). Avec les Fran\u00e7ais, les Suisses ont fait main\u2026","rel":"","context":"Dans &quot;Actus - News&quot;","img":{"alt_text":"","src":"","width":0,"height":0},"classes":[]},{"id":16746,"url":"https:\/\/thomasvino.ch\/?p=16746","url_meta":{"origin":13725,"position":3},"title":"S\u00e9lection des vins vaudois: le roi est un chasselas","date":"17 ao\u00fbt 2020","format":false,"excerpt":"La semaine o\u00f9 les r\u00e9sultats du Mondial du Chasselas seront annonc\u00e9s, \u00e0 Aigle, c\u2019est un chasselas de Lavaux, l\u2019Epesses La Vaudaire 2019, de Jean-Daniel Porta qui s\u2019impose dans le concours annuel des vins vaudois. Par Pierre Thomas Quelque 700 vins ont \u00e9t\u00e9 d\u00e9gust\u00e9s cet \u00e9t\u00e9 \u00e0 Froideville. L\u2019Office des vins\u2026","rel":"","context":"Dans &quot;Vins suisses&quot;","img":{"alt_text":"","src":"https:\/\/i0.wp.com\/thomasvino.ch\/wp-content\/uploads\/2020\/08\/image-225x300.png?resize=350%2C200&ssl=1","width":350,"height":200},"classes":[]},{"id":16403,"url":"https:\/\/thomasvino.ch\/?p=16403","url_meta":{"origin":13725,"position":4},"title":"Vinalies de Paris 2020\u00a0: chute de l\u2019or suisse\u00a0!","date":"4 mars 2020","format":false,"excerpt":"L\u2019an pass\u00e9, \u00e0 l\u2019occasion de leur 25\u00e8me \u00e9dition, les Vinalies internationales de Paris avaient \u00e9t\u00e9 particuli\u00e8rement g\u00e9n\u00e9reuses pour les vins suisses. A en croire le site Internet du concours, la chute est vertigineuse\u00a0: de 42 m\u00e9dailles d\u2019or en 2019 elles passent \u00e0 13 cette ann\u00e9e\u2026 Les vins valaisans passent de\u2026","rel":"","context":"Dans &quot;Actus - News&quot;","img":{"alt_text":"","src":"","width":0,"height":0},"classes":[]},{"id":9651,"url":"https:\/\/thomasvino.ch\/?p=9651","url_meta":{"origin":13725,"position":5},"title":"Vaud \u2014 Les vins prim\u00e9s en 2005","date":"13 juillet 2005","format":false,"excerpt":"Vins vaudois dans les concours internationaux 2005 Chasselas en or \u00e0 Bruxelles Les vins vaudois ont mieux brill\u00e9 \u00e0 Bruxelles, en Bourgogne et \u00e0 Bordeaux qu\u2019\u00e0 Paris, dans les concours internationaux du d\u00e9but de l\u2019ann\u00e9e. Fait rare, un chasselas 2003 de La C\u00f4te, de surcro\u00eet original dans sa d\u00e9marche, est\u2026","rel":"","context":"Dans &quot;Vins suisses&quot;","img":{"alt_text":"","src":"","width":0,"height":0},"classes":[]}],"_links":{"self":[{"href":"https:\/\/thomasvino.ch\/index.php?rest_route=\/wp\/v2\/posts\/13725"}],"collection":[{"href":"https:\/\/thomasvino.ch\/index.php?rest_route=\/wp\/v2\/posts"}],"about":[{"href":"https:\/\/thomasvino.ch\/index.php?rest_route=\/wp\/v2\/types\/post"}],"author":[{"embeddable":true,"href":"https:\/\/thomasvino.ch\/index.php?rest_route=\/wp\/v2\/users\/3"}],"replies":[{"embeddable":true,"href":"https:\/\/thomasvino.ch\/index.php?rest_route=%2Fwp%2Fv2%2Fcomments&post=13725"}],"version-history":[{"count":0,"href":"https:\/\/thomasvino.ch\/index.php?rest_route=\/wp\/v2\/posts\/13725\/revisions"}],"wp:attachment":[{"href":"https:\/\/thomasvino.ch\/index.php?rest_route=%2Fwp%2Fv2%2Fmedia&parent=13725"}],"wp:term":[{"taxonomy":"category","embeddable":true,"href":"https:\/\/thomasvino.ch\/index.php?rest_route=%2Fwp%2Fv2%2Fcategories&post=13725"},{"taxonomy":"post_tag","embeddable":true,"href":"https:\/\/thomasvino.ch\/index.php?rest_route=%2Fwp%2Fv2%2Ftags&post=13725"}],"curies":[{"name":"wp","href":"https:\/\/api.w.org\/{rel}","templated":true}]}}