{"id":13742,"date":"2016-07-24T11:21:34","date_gmt":"2016-07-24T10:21:34","guid":{"rendered":"http:\/\/www.thomasvino.ch\/?p=13742"},"modified":"2016-09-07T06:21:55","modified_gmt":"2016-09-07T05:21:55","slug":"la-cite-du-vin-a-bordeaux-a-donf-linteractivite","status":"publish","type":"post","link":"https:\/\/thomasvino.ch\/?p=13742","title":{"rendered":"La Cit\u00e9 du Vin \u00e0 Bordeaux <br\/ > A donf, l\u2019interactivit\u00e9"},"content":{"rendered":"<p><strong>Inaugur\u00e9e en grande pompe le 1<sup>er<\/sup> juin 2016, la Cit\u00e9 du Vin de Bordeaux a tenu ses objectifs pour son premier mois\u00a0: 40&rsquo;000 visiteurs\u00a0! Ce parcours initiatique et panoramique autour des nectars du monde tient ses promesses. Visite (non) guid\u00e9e.<\/strong><\/p>\n<p><a href=\"http:\/\/www.thomasvino.ch\/?attachment_id=13753\" rel=\"attachment wp-att-13753\"><img data-attachment-id=\"13753\" data-permalink=\"https:\/\/thomasvino.ch\/?attachment_id=13753\" data-orig-file=\"https:\/\/i0.wp.com\/thomasvino.ch\/wp-content\/uploads\/2016\/07\/site_bateau_cite\u0301_du_vin.jpg?fit=3264%2C2448&amp;ssl=1\" data-orig-size=\"3264,2448\" data-comments-opened=\"0\" data-image-meta=\"{&quot;aperture&quot;:&quot;2.2&quot;,&quot;credit&quot;:&quot;&quot;,&quot;camera&quot;:&quot;iPhone 6&quot;,&quot;caption&quot;:&quot;&quot;,&quot;created_timestamp&quot;:&quot;1465464433&quot;,&quot;copyright&quot;:&quot;&quot;,&quot;focal_length&quot;:&quot;4.15&quot;,&quot;iso&quot;:&quot;32&quot;,&quot;shutter_speed&quot;:&quot;0.00042992261392949&quot;,&quot;title&quot;:&quot;&quot;,&quot;orientation&quot;:&quot;1&quot;}\" data-image-title=\"site_bateau_cite\u0301_du_vin\" data-image-description=\"\" data-image-caption=\"\" data-medium-file=\"https:\/\/i0.wp.com\/thomasvino.ch\/wp-content\/uploads\/2016\/07\/site_bateau_cite\u0301_du_vin.jpg?fit=300%2C225&amp;ssl=1\" data-large-file=\"https:\/\/i0.wp.com\/thomasvino.ch\/wp-content\/uploads\/2016\/07\/site_bateau_cite\u0301_du_vin.jpg?fit=1024%2C768&amp;ssl=1\" loading=\"lazy\" class=\"aligncenter size-medium wp-image-13753\" src=\"https:\/\/i0.wp.com\/www.thomasvino.ch\/wp-content\/uploads\/2016\/07\/site_bateau_cite\u0301_du_vin-300x225.jpg?resize=300%2C225\" alt=\"site_bateau_cite\u0301_du_vin\" width=\"300\" height=\"225\" srcset=\"https:\/\/i0.wp.com\/thomasvino.ch\/wp-content\/uploads\/2016\/07\/site_bateau_cite\u0301_du_vin.jpg?resize=300%2C225&amp;ssl=1 300w, https:\/\/i0.wp.com\/thomasvino.ch\/wp-content\/uploads\/2016\/07\/site_bateau_cite\u0301_du_vin.jpg?resize=768%2C576&amp;ssl=1 768w, https:\/\/i0.wp.com\/thomasvino.ch\/wp-content\/uploads\/2016\/07\/site_bateau_cite\u0301_du_vin.jpg?resize=1024%2C768&amp;ssl=1 1024w, https:\/\/i0.wp.com\/thomasvino.ch\/wp-content\/uploads\/2016\/07\/site_bateau_cite\u0301_du_vin.jpg?w=2000&amp;ssl=1 2000w, https:\/\/i0.wp.com\/thomasvino.ch\/wp-content\/uploads\/2016\/07\/site_bateau_cite\u0301_du_vin.jpg?w=3000&amp;ssl=1 3000w\" sizes=\"(max-width: 300px) 100vw, 300px\" data-recalc-dims=\"1\" \/><\/a><\/p>\n<p><em>Par Pierre Thomas (texte et photos)<br \/>\n<\/em><\/p>\n<p>Comme tout le monde, j\u2019ai pay\u00e9 mon ticket 20 euros sur Internet, avec un cr\u00e9neau horaire r\u00e9serv\u00e9. C\u2019est par l\u00e0 que commence la visite <em>\u00abbranch\u00e9e\u00bb<\/em>. Le b\u00e2timent a fait jaser\u00a0: plant\u00e9 entre le pont levant Jacques Chaban-Delmas et le pont d\u2019Aquitaine, rive gauche de la Garonne, il \u00e9voque le mus\u00e9e Guggenheim de Bilbao.<\/p>\n<p><a href=\"http:\/\/www.thomasvino.ch\/?attachment_id=13744\" rel=\"attachment wp-att-13744\"><img data-attachment-id=\"13744\" data-permalink=\"https:\/\/thomasvino.ch\/?attachment_id=13744\" data-orig-file=\"https:\/\/i0.wp.com\/thomasvino.ch\/wp-content\/uploads\/2016\/07\/site_citevin_archi.jpg?fit=3264%2C2448&amp;ssl=1\" data-orig-size=\"3264,2448\" data-comments-opened=\"0\" data-image-meta=\"{&quot;aperture&quot;:&quot;2.2&quot;,&quot;credit&quot;:&quot;&quot;,&quot;camera&quot;:&quot;iPhone 6&quot;,&quot;caption&quot;:&quot;&quot;,&quot;created_timestamp&quot;:&quot;1465474889&quot;,&quot;copyright&quot;:&quot;&quot;,&quot;focal_length&quot;:&quot;4.15&quot;,&quot;iso&quot;:&quot;32&quot;,&quot;shutter_speed&quot;:&quot;0.0010111223458038&quot;,&quot;title&quot;:&quot;&quot;,&quot;orientation&quot;:&quot;1&quot;}\" data-image-title=\"site_citevin_archi\" data-image-description=\"\" data-image-caption=\"\" data-medium-file=\"https:\/\/i0.wp.com\/thomasvino.ch\/wp-content\/uploads\/2016\/07\/site_citevin_archi.jpg?fit=300%2C225&amp;ssl=1\" data-large-file=\"https:\/\/i0.wp.com\/thomasvino.ch\/wp-content\/uploads\/2016\/07\/site_citevin_archi.jpg?fit=1024%2C768&amp;ssl=1\" loading=\"lazy\" class=\"alignleft size-medium wp-image-13744\" src=\"https:\/\/i0.wp.com\/www.thomasvino.ch\/wp-content\/uploads\/2016\/07\/site_citevin_archi-300x225.jpg?resize=300%2C225\" alt=\"site_citevin_archi\" width=\"300\" height=\"225\" srcset=\"https:\/\/i0.wp.com\/thomasvino.ch\/wp-content\/uploads\/2016\/07\/site_citevin_archi.jpg?resize=300%2C225&amp;ssl=1 300w, https:\/\/i0.wp.com\/thomasvino.ch\/wp-content\/uploads\/2016\/07\/site_citevin_archi.jpg?resize=768%2C576&amp;ssl=1 768w, https:\/\/i0.wp.com\/thomasvino.ch\/wp-content\/uploads\/2016\/07\/site_citevin_archi.jpg?resize=1024%2C768&amp;ssl=1 1024w, https:\/\/i0.wp.com\/thomasvino.ch\/wp-content\/uploads\/2016\/07\/site_citevin_archi.jpg?w=2000&amp;ssl=1 2000w, https:\/\/i0.wp.com\/thomasvino.ch\/wp-content\/uploads\/2016\/07\/site_citevin_archi.jpg?w=3000&amp;ssl=1 3000w\" sizes=\"(max-width: 300px) 100vw, 300px\" data-recalc-dims=\"1\" \/><\/a>Mais l\u00e0 o\u00f9 <strong>Frank Gehry<\/strong> offre des structures \u00e9clat\u00e9es, <strong>Anouk Legendre<\/strong> <em>(en photo)<\/em> et <strong>Nicolas Desmazi\u00e8res<\/strong>, du bureau parisien XTU, ont\u00a0<em>\u00abemball\u00e9\u00bb<\/em> de rondeurs alu une charpente en bois lamell\u00e9-coll\u00e9, souvent fort belle \u00e0 voir\u2026 de l\u2019int\u00e9rieur. Le b\u00e2timent, haut comme un gratte-ciel de vingt \u00e9tages, rappelle une carafe ventrue. Il est intimement li\u00e9 au fleuve, d\u2019o\u00f9 partaient les tonneaux de bordeaux\u00a0: on peut y arriver du pont de pierre ou du quai des Chartrons en bateau-navette\u2026 plut\u00f4t qu\u2019en tram (arr\u00eats pile au bon endroit).<\/p>\n<h3><strong>Parcours pour baladeur interactif<\/strong><\/h3>\n<p>D\u2019embl\u00e9e, au 3<sup>\u00e8me<\/sup> \u00e9tage, d\u00e9but de la visite, beaucoup de personnel, jeune et styl\u00e9\u00a0: on vous accroche un <em>\u00abcompagnon de voyage\u00bb<\/em>, sorte de baladeur-t\u00e9l\u00e9commande, li\u00e9 \u00e0 des \u00e9couteurs <em>\u00abouverts\u00bb<\/em> sur les oreilles. Sans ce s\u00e9same, pas de salut, sinon en se collant \u00e0 un groupe. Car tout le parcours se commande individuellement, au gr\u00e9 de ses envies. Bien s\u00fbr, \u00e7a sent le gadget vite us\u00e9 ou en panne (on s\u2019est escrim\u00e9 \u00e0 faire fonctionner un tableau g\u00e9ographique du Bordelais).<\/p>\n<p><a href=\"http:\/\/www.thomasvino.ch\/?attachment_id=13745\" rel=\"attachment wp-att-13745\"><img data-attachment-id=\"13745\" data-permalink=\"https:\/\/thomasvino.ch\/?attachment_id=13745\" data-orig-file=\"https:\/\/i0.wp.com\/thomasvino.ch\/wp-content\/uploads\/2016\/07\/site_cite_lavaux.jpg?fit=3264%2C2448&amp;ssl=1\" data-orig-size=\"3264,2448\" data-comments-opened=\"0\" data-image-meta=\"{&quot;aperture&quot;:&quot;2.2&quot;,&quot;credit&quot;:&quot;&quot;,&quot;camera&quot;:&quot;iPhone 6&quot;,&quot;caption&quot;:&quot;&quot;,&quot;created_timestamp&quot;:&quot;1465468009&quot;,&quot;copyright&quot;:&quot;&quot;,&quot;focal_length&quot;:&quot;4.15&quot;,&quot;iso&quot;:&quot;320&quot;,&quot;shutter_speed&quot;:&quot;0.03030303030303&quot;,&quot;title&quot;:&quot;&quot;,&quot;orientation&quot;:&quot;1&quot;}\" data-image-title=\"site_cite_lavaux\" data-image-description=\"\" data-image-caption=\"\" data-medium-file=\"https:\/\/i0.wp.com\/thomasvino.ch\/wp-content\/uploads\/2016\/07\/site_cite_lavaux.jpg?fit=300%2C225&amp;ssl=1\" data-large-file=\"https:\/\/i0.wp.com\/thomasvino.ch\/wp-content\/uploads\/2016\/07\/site_cite_lavaux.jpg?fit=1024%2C768&amp;ssl=1\" loading=\"lazy\" class=\"alignleft size-medium wp-image-13745\" src=\"https:\/\/i0.wp.com\/www.thomasvino.ch\/wp-content\/uploads\/2016\/07\/site_cite_lavaux-300x225.jpg?resize=300%2C225\" alt=\"site_cite_lavaux\" width=\"300\" height=\"225\" srcset=\"https:\/\/i0.wp.com\/thomasvino.ch\/wp-content\/uploads\/2016\/07\/site_cite_lavaux.jpg?resize=300%2C225&amp;ssl=1 300w, https:\/\/i0.wp.com\/thomasvino.ch\/wp-content\/uploads\/2016\/07\/site_cite_lavaux.jpg?resize=768%2C576&amp;ssl=1 768w, https:\/\/i0.wp.com\/thomasvino.ch\/wp-content\/uploads\/2016\/07\/site_cite_lavaux.jpg?resize=1024%2C768&amp;ssl=1 1024w, https:\/\/i0.wp.com\/thomasvino.ch\/wp-content\/uploads\/2016\/07\/site_cite_lavaux.jpg?w=2000&amp;ssl=1 2000w, https:\/\/i0.wp.com\/thomasvino.ch\/wp-content\/uploads\/2016\/07\/site_cite_lavaux.jpg?w=3000&amp;ssl=1 3000w\" sizes=\"(max-width: 300px) 100vw, 300px\" data-recalc-dims=\"1\" \/><\/a>D\u2019entr\u00e9e, \u00e0 la 1<sup>\u00e8re<\/sup> des 19 \u00e9tapes, imagin\u00e9es par <strong>Virginie Lemoyne<\/strong> et mises en sc\u00e8ne par une agence anglaise, des vignes d\u00e9filent sur grand \u00e9cran\u00a0: Lavaux sous la neige, en alternance avec le viognoble des contreforts du Fuji-Yama, de Tokay ou de la Valle del Equi chilienne. Puis on passe au \u00abterroir\u00f7, o\u00f9 des experts parlent de leur r\u00e9gion\u00a0: la premi\u00e8re exposition th\u00e9matique consacr\u00e9e \u00e0 une r\u00e9gion viticole (deux pas an\u00a0!) s\u2019ouvrira, d\u00e9but 2017, par <strong><a href=\"http:\/\/www.thomasvino.ch\/?p=13519\">la G\u00e9orgie<\/a><\/strong>. Sur le parcours, deux \u0153nologues d\u00e9fendent des visions radicalement diff\u00e9rentes, l\u2019un de la tradition du plus vieux vin du monde, en jarre, l\u2019autre du potentiel vitivinicole du pays \u00e0 l\u2019\u00e8re moderne.<\/p>\n<h3><strong>Tchatche bachique \u00e0 la fran\u00e7aise<\/strong><\/h3>\n<p><a href=\"http:\/\/www.thomasvino.ch\/?attachment_id=13747\" rel=\"attachment wp-att-13747\"><img data-attachment-id=\"13747\" data-permalink=\"https:\/\/thomasvino.ch\/?attachment_id=13747\" data-orig-file=\"https:\/\/i0.wp.com\/thomasvino.ch\/wp-content\/uploads\/2016\/07\/site_cite_bois.jpg?fit=2448%2C3264&amp;ssl=1\" data-orig-size=\"2448,3264\" data-comments-opened=\"0\" data-image-meta=\"{&quot;aperture&quot;:&quot;2.2&quot;,&quot;credit&quot;:&quot;&quot;,&quot;camera&quot;:&quot;iPhone 6&quot;,&quot;caption&quot;:&quot;&quot;,&quot;created_timestamp&quot;:&quot;1465470879&quot;,&quot;copyright&quot;:&quot;&quot;,&quot;focal_length&quot;:&quot;4.15&quot;,&quot;iso&quot;:&quot;320&quot;,&quot;shutter_speed&quot;:&quot;0.058823529411765&quot;,&quot;title&quot;:&quot;&quot;,&quot;orientation&quot;:&quot;1&quot;}\" data-image-title=\"site_cite_bois\" data-image-description=\"\" data-image-caption=\"\" data-medium-file=\"https:\/\/i0.wp.com\/thomasvino.ch\/wp-content\/uploads\/2016\/07\/site_cite_bois.jpg?fit=225%2C300&amp;ssl=1\" data-large-file=\"https:\/\/i0.wp.com\/thomasvino.ch\/wp-content\/uploads\/2016\/07\/site_cite_bois.jpg?fit=768%2C1024&amp;ssl=1\" loading=\"lazy\" class=\"alignleft size-medium wp-image-13747\" src=\"https:\/\/i0.wp.com\/www.thomasvino.ch\/wp-content\/uploads\/2016\/07\/site_cite_bois-225x300.jpg?resize=225%2C300\" alt=\"site_cite_bois\" width=\"225\" height=\"300\" srcset=\"https:\/\/i0.wp.com\/thomasvino.ch\/wp-content\/uploads\/2016\/07\/site_cite_bois.jpg?resize=225%2C300&amp;ssl=1 225w, https:\/\/i0.wp.com\/thomasvino.ch\/wp-content\/uploads\/2016\/07\/site_cite_bois.jpg?resize=768%2C1024&amp;ssl=1 768w, https:\/\/i0.wp.com\/thomasvino.ch\/wp-content\/uploads\/2016\/07\/site_cite_bois.jpg?w=2000&amp;ssl=1 2000w\" sizes=\"(max-width: 225px) 100vw, 225px\" data-recalc-dims=\"1\" \/><\/a>On peut s\u2019enfiler dans un labyrinthe historique, pr\u00e9sent\u00e9 en scayn\u00e8tes sous verre, ou guigner sur les nouvelles pratiques \u0153nologiques, avec une s\u00e9rie de petits commentaires concis (pas plus d\u2019une minute). Sur un \u00e9cran, le com\u00e9dien <strong>Pierre Arditi<\/strong> se retrouve dans un improbable banquet o\u00f9 t\u00eates couronn\u00e9es et personnages historiques \u00e9voquent le vin \u00e0 leur \u00e9poque, dirig\u00e9s par un <strong>Hitchcok<\/strong> virtuel et lunaire. Dans un large fauteuil, comme \u00e0 table dans un simul\u00e2cre de service interactif, on peut dialoguer avec des experts. Mais je ne saurai rien de ce que pense le <em>\u00abflying winemaker\u00bb<\/em> <strong>Michel Rolland<\/strong> des grands concours internationaux\u00a0: je me suis m\u00e9lang\u00e9 les doigts sur la console tactile qui p\u00e9dale dans le vide\u2026 La tchatche fran\u00e7aise autour du vin fait merveille, traduite dans une douzaine de langues, gr\u00e2ce au casque. Puis on se retrouve dans un cin\u00e9ma, coll\u00e9 au si\u00e8ge pour un film d\u2019animation sur les fameux <em>\u00abvins de retour\u00bb<\/em>, qui faisaient le tour du monde sur des voiliers. Quelques \u00e9tapes encore et j\u2019y aurai pass\u00e9 trois bonnes heures, alors qu\u2019il y a plus de dix heures d\u2019audio disponible\u00a0!<\/p>\n<h2><strong>Un (tout) petit verre pour terminer<\/strong><\/h2>\n<p><a href=\"http:\/\/www.thomasvino.ch\/?attachment_id=13746\" rel=\"attachment wp-att-13746\"><img data-attachment-id=\"13746\" data-permalink=\"https:\/\/thomasvino.ch\/?attachment_id=13746\" data-orig-file=\"https:\/\/i0.wp.com\/thomasvino.ch\/wp-content\/uploads\/2016\/07\/site_cite_bar.jpg?fit=3264%2C2448&amp;ssl=1\" data-orig-size=\"3264,2448\" data-comments-opened=\"0\" data-image-meta=\"{&quot;aperture&quot;:&quot;2.2&quot;,&quot;credit&quot;:&quot;&quot;,&quot;camera&quot;:&quot;iPhone 6&quot;,&quot;caption&quot;:&quot;&quot;,&quot;created_timestamp&quot;:&quot;1465472137&quot;,&quot;copyright&quot;:&quot;&quot;,&quot;focal_length&quot;:&quot;4.15&quot;,&quot;iso&quot;:&quot;32&quot;,&quot;shutter_speed&quot;:&quot;0.004149377593361&quot;,&quot;title&quot;:&quot;&quot;,&quot;orientation&quot;:&quot;1&quot;}\" data-image-title=\"site_cite_bar\" data-image-description=\"\" data-image-caption=\"\" data-medium-file=\"https:\/\/i0.wp.com\/thomasvino.ch\/wp-content\/uploads\/2016\/07\/site_cite_bar.jpg?fit=300%2C225&amp;ssl=1\" data-large-file=\"https:\/\/i0.wp.com\/thomasvino.ch\/wp-content\/uploads\/2016\/07\/site_cite_bar.jpg?fit=1024%2C768&amp;ssl=1\" loading=\"lazy\" class=\"alignleft size-medium wp-image-13746\" src=\"https:\/\/i0.wp.com\/www.thomasvino.ch\/wp-content\/uploads\/2016\/07\/site_cite_bar-300x225.jpg?resize=300%2C225\" alt=\"site_cite_bar\" width=\"300\" height=\"225\" srcset=\"https:\/\/i0.wp.com\/thomasvino.ch\/wp-content\/uploads\/2016\/07\/site_cite_bar.jpg?resize=300%2C225&amp;ssl=1 300w, https:\/\/i0.wp.com\/thomasvino.ch\/wp-content\/uploads\/2016\/07\/site_cite_bar.jpg?resize=768%2C576&amp;ssl=1 768w, https:\/\/i0.wp.com\/thomasvino.ch\/wp-content\/uploads\/2016\/07\/site_cite_bar.jpg?resize=1024%2C768&amp;ssl=1 1024w, https:\/\/i0.wp.com\/thomasvino.ch\/wp-content\/uploads\/2016\/07\/site_cite_bar.jpg?w=2000&amp;ssl=1 2000w, https:\/\/i0.wp.com\/thomasvino.ch\/wp-content\/uploads\/2016\/07\/site_cite_bar.jpg?w=3000&amp;ssl=1 3000w\" sizes=\"(max-width: 300px) 100vw, 300px\" data-recalc-dims=\"1\" \/><\/a>Il est temps d\u2019aller d\u00e9guster un petit verre (gratis, mais pas possible d\u2019en commander un autre m\u00eame payant) sur un choix de vingt r\u00e9f\u00e9rences mondiales (ce matin-l\u00e0, des chasselas de La C\u00f4te vaudoise dans le panel) au 8<sup>\u00e8me<\/sup> \u00e9tage, sous les culs de bouteilles du bar Le Belv\u00e9d\u00e8re, avec passerelles \u00e0 l\u2019air libre sur la ville de Bordeaux\u2026 Un restaurant au 7<sup>\u00e8me<\/sup> \u00e9tage, d\u00e9j\u00e0 pris d\u2019assaut, un snack-terrasse au rez, un bar \u00e0 vins et une vinoth\u00e8que avec 12&rsquo;000 bouteilles \u00ab\u00e0 emporter\u00bb expos\u00e9es en ellipse (l\u2019\u00e9cran tactile a de la peine \u00e0 suivre\u00a0: il y a bien plus de vins suisses que ne le montre le tableau\u00a0!) compl\u00e8tent ce qui est, sans conteste, la meilleure mani\u00e8re de d\u00e9couvrir l\u2019univers du vin. Et la plus contemporaine, jusqu\u2019\u00e0 nouvel avis. Bordeaux y a mis le paquet\u00a0: 81 millions d\u2019euros. Et soign\u00e9 l\u2019emballage.<\/p>\n<p><em>La Cit\u00e9 du Vin est ouverte tous les jours de 9 h. 30 \u00e0 19 h. 30 (18 h. 30 l\u2019hiver).<\/em><\/p>\n<p><strong><em><a href=\"http:\/\/www.citeduvin.com\">www.citeduvin.com<\/a><\/em><\/strong><\/p>\n<p><a href=\"http:\/\/www.thomasvino.ch\/?attachment_id=13743\" rel=\"attachment wp-att-13743\"><img data-attachment-id=\"13743\" data-permalink=\"https:\/\/thomasvino.ch\/?attachment_id=13743\" data-orig-file=\"https:\/\/i0.wp.com\/thomasvino.ch\/wp-content\/uploads\/2016\/07\/site_citevin.jpg?fit=2448%2C3264&amp;ssl=1\" data-orig-size=\"2448,3264\" data-comments-opened=\"0\" data-image-meta=\"{&quot;aperture&quot;:&quot;2.2&quot;,&quot;credit&quot;:&quot;&quot;,&quot;camera&quot;:&quot;iPhone 6&quot;,&quot;caption&quot;:&quot;&quot;,&quot;created_timestamp&quot;:&quot;1465478491&quot;,&quot;copyright&quot;:&quot;&quot;,&quot;focal_length&quot;:&quot;4.15&quot;,&quot;iso&quot;:&quot;32&quot;,&quot;shutter_speed&quot;:&quot;0.00035398230088496&quot;,&quot;title&quot;:&quot;&quot;,&quot;orientation&quot;:&quot;1&quot;}\" data-image-title=\"site_citevin\" data-image-description=\"\" data-image-caption=\"\" data-medium-file=\"https:\/\/i0.wp.com\/thomasvino.ch\/wp-content\/uploads\/2016\/07\/site_citevin.jpg?fit=225%2C300&amp;ssl=1\" data-large-file=\"https:\/\/i0.wp.com\/thomasvino.ch\/wp-content\/uploads\/2016\/07\/site_citevin.jpg?fit=768%2C1024&amp;ssl=1\" loading=\"lazy\" class=\"aligncenter size-medium wp-image-13743\" src=\"https:\/\/i0.wp.com\/www.thomasvino.ch\/wp-content\/uploads\/2016\/07\/site_citevin-225x300.jpg?resize=225%2C300\" alt=\"site_citevin\" width=\"225\" height=\"300\" srcset=\"https:\/\/i0.wp.com\/thomasvino.ch\/wp-content\/uploads\/2016\/07\/site_citevin.jpg?resize=225%2C300&amp;ssl=1 225w, https:\/\/i0.wp.com\/thomasvino.ch\/wp-content\/uploads\/2016\/07\/site_citevin.jpg?resize=768%2C1024&amp;ssl=1 768w, https:\/\/i0.wp.com\/thomasvino.ch\/wp-content\/uploads\/2016\/07\/site_citevin.jpg?w=2000&amp;ssl=1 2000w\" sizes=\"(max-width: 225px) 100vw, 225px\" data-recalc-dims=\"1\" \/><\/a><\/p>\n<p><em>\u00a9thomasvino.ch<\/em><\/p>\n","protected":false},"excerpt":{"rendered":"<p>Inaugur\u00e9e en grande pompe le 1er juin 2016, la Cit\u00e9 du Vin de Bordeaux a tenu ses objectifs pour son premier mois\u00a0: 40&rsquo;000 visiteurs\u00a0! Ce parcours initiatique et panoramique autour des nectars du monde tient ses promesses. Visite (non) guid\u00e9e. Par Pierre Thomas (texte et photos) Comme tout le monde, j\u2019ai pay\u00e9 mon ticket 20 [&hellip;]<\/p>\n","protected":false},"author":3,"featured_media":0,"comment_status":"closed","ping_status":"open","sticky":false,"template":"","format":"standard","meta":{"_monsterinsights_skip_tracking":false,"_monsterinsights_sitenote_active":false,"_monsterinsights_sitenote_note":"","_monsterinsights_sitenote_category":0,"jetpack_post_was_ever_published":false,"jetpack_publicize_message":"","jetpack_is_tweetstorm":false,"jetpack_publicize_feature_enabled":true,"jetpack_social_post_already_shared":true,"jetpack_social_options":{"image_generator_settings":{"template":"highway","enabled":false}}},"categories":[29],"tags":[254,1385,1235,641],"jetpack_publicize_connections":[],"yoast_head":"<!-- This site is optimized with the Yoast SEO plugin v20.6 - https:\/\/yoast.com\/wordpress\/plugins\/seo\/ -->\n<title>La Cit\u00e9 du Vin \u00e0 Bordeaux  A donf, l\u2019interactivit\u00e9 - thomasvino<\/title>\n<meta name=\"robots\" content=\"index, follow, max-snippet:-1, max-image-preview:large, max-video-preview:-1\" \/>\n<link rel=\"canonical\" href=\"https:\/\/thomasvino.ch\/?p=13742\" \/>\n<meta property=\"og:locale\" content=\"fr_FR\" \/>\n<meta property=\"og:type\" content=\"article\" \/>\n<meta property=\"og:title\" content=\"La Cit\u00e9 du Vin \u00e0 Bordeaux  A donf, l\u2019interactivit\u00e9 - thomasvino\" \/>\n<meta property=\"og:description\" content=\"Inaugur\u00e9e en grande pompe le 1er juin 2016, la Cit\u00e9 du Vin de Bordeaux a tenu ses objectifs pour son premier mois\u00a0: 40&rsquo;000 visiteurs\u00a0! Ce parcours initiatique et panoramique autour des nectars du monde tient ses promesses. Visite (non) guid\u00e9e. Par Pierre Thomas (texte et photos) Comme tout le monde, j\u2019ai pay\u00e9 mon ticket 20 [&hellip;]\" \/>\n<meta property=\"og:url\" content=\"https:\/\/thomasvino.ch\/?p=13742\" \/>\n<meta property=\"og:site_name\" content=\"thomasvino\" \/>\n<meta property=\"article:published_time\" content=\"2016-07-24T10:21:34+00:00\" \/>\n<meta property=\"article:modified_time\" content=\"2016-09-07T05:21:55+00:00\" \/>\n<meta property=\"og:image\" content=\"http:\/\/www.thomasvino.ch\/wp-content\/uploads\/2016\/07\/site_citevin_archi-300x225.jpg\" \/>\n<meta name=\"author\" content=\"Pierre Thomas\" \/>\n<meta name=\"twitter:label1\" content=\"\u00c9crit par\" \/>\n\t<meta name=\"twitter:data1\" content=\"Pierre Thomas\" \/>\n\t<meta name=\"twitter:label2\" content=\"Dur\u00e9e de lecture estim\u00e9e\" \/>\n\t<meta name=\"twitter:data2\" content=\"4 minutes\" \/>\n<script type=\"application\/ld+json\" class=\"yoast-schema-graph\">{\"@context\":\"https:\/\/schema.org\",\"@graph\":[{\"@type\":\"WebPage\",\"@id\":\"https:\/\/thomasvino.ch\/?p=13742\",\"url\":\"https:\/\/thomasvino.ch\/?p=13742\",\"name\":\"La Cit\u00e9 du Vin \u00e0 Bordeaux A donf, l\u2019interactivit\u00e9 - thomasvino\",\"isPartOf\":{\"@id\":\"https:\/\/thomasvino.ch\/#website\"},\"datePublished\":\"2016-07-24T10:21:34+00:00\",\"dateModified\":\"2016-09-07T05:21:55+00:00\",\"author\":{\"@id\":\"https:\/\/thomasvino.ch\/#\/schema\/person\/670bf4486fe81152cf1d68bd585e062e\"},\"breadcrumb\":{\"@id\":\"https:\/\/thomasvino.ch\/?p=13742#breadcrumb\"},\"inLanguage\":\"fr-FR\",\"potentialAction\":[{\"@type\":\"ReadAction\",\"target\":[\"https:\/\/thomasvino.ch\/?p=13742\"]}]},{\"@type\":\"BreadcrumbList\",\"@id\":\"https:\/\/thomasvino.ch\/?p=13742#breadcrumb\",\"itemListElement\":[{\"@type\":\"ListItem\",\"position\":1,\"name\":\"Accueil\",\"item\":\"https:\/\/thomasvino.ch\/\"},{\"@type\":\"ListItem\",\"position\":2,\"name\":\"La Cit\u00e9 du Vin \u00e0 Bordeaux A donf, l\u2019interactivit\u00e9\"}]},{\"@type\":\"WebSite\",\"@id\":\"https:\/\/thomasvino.ch\/#website\",\"url\":\"https:\/\/thomasvino.ch\/\",\"name\":\"thomasvino\",\"description\":\"Vins &amp; Gastronomie\",\"potentialAction\":[{\"@type\":\"SearchAction\",\"target\":{\"@type\":\"EntryPoint\",\"urlTemplate\":\"https:\/\/thomasvino.ch\/?s={search_term_string}\"},\"query-input\":\"required name=search_term_string\"}],\"inLanguage\":\"fr-FR\"},{\"@type\":\"Person\",\"@id\":\"https:\/\/thomasvino.ch\/#\/schema\/person\/670bf4486fe81152cf1d68bd585e062e\",\"name\":\"Pierre Thomas\",\"image\":{\"@type\":\"ImageObject\",\"inLanguage\":\"fr-FR\",\"@id\":\"https:\/\/thomasvino.ch\/#\/schema\/person\/image\/\",\"url\":\"https:\/\/secure.gravatar.com\/avatar\/91fd5a76647f140e53db987a0dead4d7?s=96&d=mm&r=g\",\"contentUrl\":\"https:\/\/secure.gravatar.com\/avatar\/91fd5a76647f140e53db987a0dead4d7?s=96&d=mm&r=g\",\"caption\":\"Pierre Thomas\"},\"url\":\"https:\/\/thomasvino.ch\/?author=3\"}]}<\/script>\n<!-- \/ Yoast SEO plugin. -->","yoast_head_json":{"title":"La Cit\u00e9 du Vin \u00e0 Bordeaux  A donf, l\u2019interactivit\u00e9 - thomasvino","robots":{"index":"index","follow":"follow","max-snippet":"max-snippet:-1","max-image-preview":"max-image-preview:large","max-video-preview":"max-video-preview:-1"},"canonical":"https:\/\/thomasvino.ch\/?p=13742","og_locale":"fr_FR","og_type":"article","og_title":"La Cit\u00e9 du Vin \u00e0 Bordeaux  A donf, l\u2019interactivit\u00e9 - thomasvino","og_description":"Inaugur\u00e9e en grande pompe le 1er juin 2016, la Cit\u00e9 du Vin de Bordeaux a tenu ses objectifs pour son premier mois\u00a0: 40&rsquo;000 visiteurs\u00a0! Ce parcours initiatique et panoramique autour des nectars du monde tient ses promesses. Visite (non) guid\u00e9e. Par Pierre Thomas (texte et photos) Comme tout le monde, j\u2019ai pay\u00e9 mon ticket 20 [&hellip;]","og_url":"https:\/\/thomasvino.ch\/?p=13742","og_site_name":"thomasvino","article_published_time":"2016-07-24T10:21:34+00:00","article_modified_time":"2016-09-07T05:21:55+00:00","og_image":[{"url":"http:\/\/www.thomasvino.ch\/wp-content\/uploads\/2016\/07\/site_citevin_archi-300x225.jpg"}],"author":"Pierre Thomas","twitter_misc":{"\u00c9crit par":"Pierre Thomas","Dur\u00e9e de lecture estim\u00e9e":"4 minutes"},"schema":{"@context":"https:\/\/schema.org","@graph":[{"@type":"WebPage","@id":"https:\/\/thomasvino.ch\/?p=13742","url":"https:\/\/thomasvino.ch\/?p=13742","name":"La Cit\u00e9 du Vin \u00e0 Bordeaux A donf, l\u2019interactivit\u00e9 - thomasvino","isPartOf":{"@id":"https:\/\/thomasvino.ch\/#website"},"datePublished":"2016-07-24T10:21:34+00:00","dateModified":"2016-09-07T05:21:55+00:00","author":{"@id":"https:\/\/thomasvino.ch\/#\/schema\/person\/670bf4486fe81152cf1d68bd585e062e"},"breadcrumb":{"@id":"https:\/\/thomasvino.ch\/?p=13742#breadcrumb"},"inLanguage":"fr-FR","potentialAction":[{"@type":"ReadAction","target":["https:\/\/thomasvino.ch\/?p=13742"]}]},{"@type":"BreadcrumbList","@id":"https:\/\/thomasvino.ch\/?p=13742#breadcrumb","itemListElement":[{"@type":"ListItem","position":1,"name":"Accueil","item":"https:\/\/thomasvino.ch\/"},{"@type":"ListItem","position":2,"name":"La Cit\u00e9 du Vin \u00e0 Bordeaux A donf, l\u2019interactivit\u00e9"}]},{"@type":"WebSite","@id":"https:\/\/thomasvino.ch\/#website","url":"https:\/\/thomasvino.ch\/","name":"thomasvino","description":"Vins &amp; Gastronomie","potentialAction":[{"@type":"SearchAction","target":{"@type":"EntryPoint","urlTemplate":"https:\/\/thomasvino.ch\/?s={search_term_string}"},"query-input":"required name=search_term_string"}],"inLanguage":"fr-FR"},{"@type":"Person","@id":"https:\/\/thomasvino.ch\/#\/schema\/person\/670bf4486fe81152cf1d68bd585e062e","name":"Pierre Thomas","image":{"@type":"ImageObject","inLanguage":"fr-FR","@id":"https:\/\/thomasvino.ch\/#\/schema\/person\/image\/","url":"https:\/\/secure.gravatar.com\/avatar\/91fd5a76647f140e53db987a0dead4d7?s=96&d=mm&r=g","contentUrl":"https:\/\/secure.gravatar.com\/avatar\/91fd5a76647f140e53db987a0dead4d7?s=96&d=mm&r=g","caption":"Pierre Thomas"},"url":"https:\/\/thomasvino.ch\/?author=3"}]}},"jetpack_featured_media_url":"","jetpack_sharing_enabled":true,"jetpack_shortlink":"https:\/\/wp.me\/p3m4tZ-3zE","jetpack_likes_enabled":false,"jetpack-related-posts":[{"id":14482,"url":"https:\/\/thomasvino.ch\/?p=14482","url_meta":{"origin":13742,"position":0},"title":"La G\u00e9orgie \u00e0 la Cit\u00e9 du Vin \u00e0 Bordeaux","date":"24 juillet 2017","format":false,"excerpt":"Un peu plus d'un an apr\u00e8s son inauguration, la Cit\u00e9 du Vin, \u00e0 Bordeaux, dont la fr\u00e9quentation en fait une raison de visiter la ville, accueille sa premi\u00e8re exposition consacr\u00e9e \u00e0 un vignoble invit\u00e9. Jusqu'au 5 novembre 2017, c'est la G\u00e9orgie qui est en vedette. L'exposition temporaire pr\u00e9sente 125 objets\u2026","rel":"","context":"Dans &quot;Actus - News&quot;","img":{"alt_text":"","src":"https:\/\/i0.wp.com\/thomasvino.ch\/wp-content\/uploads\/2017\/07\/qvevri-300x225.jpg?resize=350%2C200&ssl=1","width":350,"height":200},"classes":[]},{"id":8730,"url":"https:\/\/thomasvino.ch\/?p=8730","url_meta":{"origin":13742,"position":1},"title":"Bordeaux mise sur la culture&#8230; du vin","date":"28 avril 2008","format":false,"excerpt":"Bordeaux et la culture\u2026 du vinBordeaux a \u00e9t\u00e9 class\u00e9e au Patrimoine mondial par l\u2019UNESCO le 27 juin 2007, le m\u00eame jour que Lavaux. La ville, candidate au titre de \u00abcapitale europ\u00e9enne de la culture\u00bb en 2013, mise sur l\u2019\u0153notourisme de courte dur\u00e9e.De retour de Bordeaux :Pierre ThomasQui est all\u00e9 \u00e0\u2026","rel":"","context":"Dans &quot;Vins fran\u00e7ais&quot;","img":{"alt_text":"","src":"","width":0,"height":0},"classes":[]},{"id":9967,"url":"https:\/\/thomasvino.ch\/?p=9967","url_meta":{"origin":13742,"position":2},"title":"Christian Seely: \u00abBordeaux sera toujours Bordeaux\u00bb","date":"8 mai 2007","format":false,"excerpt":"Christian Seely, directeur g\u00e9n\u00e9ral d\u2019AXA-Mill\u00e9simes\u00abBordeaux sera toujours Bordeaux\u00bbPour la quatorzi\u00e8me fois depuis 1981, Vinexpo \u00e0 Bordeaux, du 17 au 21 juin 2007, sera La Mecque du vin. De passage \u00e0 Lausanne, Christian Seely nous a dit pourquoi \u00abBordeaux sera toujours Bordeaux\u00bb. M\u00eame pour un Anglais.Ce manager de 46 ans, a\u2026","rel":"","context":"Dans &quot;Vins fran\u00e7ais&quot;","img":{"alt_text":"","src":"","width":0,"height":0},"classes":[]},{"id":8735,"url":"https:\/\/thomasvino.ch\/?p=8735","url_meta":{"origin":13742,"position":3},"title":"Bordeaux \u2014 Le cirque des primeurs 2007","date":"4 mai 2008","format":false,"excerpt":"Bordeaux primeurs 2007Avis de temp\u00eate sur un petit mill\u00e9simeLa tourn\u00e9e des primeurs \u00e0 Bordeaux, au printemps, est ce que le cirque Knie est \u00e0 la Suisse, l\u2019automne: succ\u00e8s commercial ou non, l\u2019exercice a lieu et par n\u2019importe quel temps! L\u2019affaire implique d\u2019abord les revendeurs de bordeaux. Sur la base des\u2026","rel":"","context":"Dans &quot;Vins fran\u00e7ais&quot;","img":{"alt_text":"","src":"","width":0,"height":0},"classes":[]},{"id":9686,"url":"https:\/\/thomasvino.ch\/?p=9686","url_meta":{"origin":13742,"position":4},"title":"Du fendant et des clich\u00e9s","date":"7 novembre 2005","format":false,"excerpt":"Vins suisses \u2014 D\u00e9bat \u00e0 Martigny Du fendant et des clich\u00e9s Quel avenir pour le fendant ? A l\u2019occasion de la \u00abjourn\u00e9e du 75\u00e8me anniversaire\u00bb de Provins, au Comptoir de Martigny, un d\u00e9bat a fait le point, il y a dix jours, retransmis en direct par Rh\u00f4ne FM. Le moins\u2026","rel":"","context":"Dans &quot;Vins suisses&quot;","img":{"alt_text":"","src":"","width":0,"height":0},"classes":[]},{"id":9511,"url":"https:\/\/thomasvino.ch\/?p=9511","url_meta":{"origin":13742,"position":5},"title":"Parker passe sous contr\u00f4le de Singapour","date":"11 d\u00e9cembre 2012","format":false,"excerpt":"Quand bien m\u00eame Robert M. Parker jr annonce, dans un message dat\u00e9 du 9 d\u00e9cembre 2012, qu\u2019il reste \u00able PDG et le pr\u00e9sident du conseil d\u2019administration de la soci\u00e9t\u00e9 TWA (The Wine Advocate) et propri\u00e9taire\u00bb, il aurait, selon plusieurs blogs, c\u00e9d\u00e9 la majorit\u00e9 des actions \u00e0 un groupe d\u2019investisseurs de\u2026","rel":"","context":"Dans &quot;Tendance&quot;","img":{"alt_text":"","src":"","width":0,"height":0},"classes":[]}],"_links":{"self":[{"href":"https:\/\/thomasvino.ch\/index.php?rest_route=\/wp\/v2\/posts\/13742"}],"collection":[{"href":"https:\/\/thomasvino.ch\/index.php?rest_route=\/wp\/v2\/posts"}],"about":[{"href":"https:\/\/thomasvino.ch\/index.php?rest_route=\/wp\/v2\/types\/post"}],"author":[{"embeddable":true,"href":"https:\/\/thomasvino.ch\/index.php?rest_route=\/wp\/v2\/users\/3"}],"replies":[{"embeddable":true,"href":"https:\/\/thomasvino.ch\/index.php?rest_route=%2Fwp%2Fv2%2Fcomments&post=13742"}],"version-history":[{"count":0,"href":"https:\/\/thomasvino.ch\/index.php?rest_route=\/wp\/v2\/posts\/13742\/revisions"}],"wp:attachment":[{"href":"https:\/\/thomasvino.ch\/index.php?rest_route=%2Fwp%2Fv2%2Fmedia&parent=13742"}],"wp:term":[{"taxonomy":"category","embeddable":true,"href":"https:\/\/thomasvino.ch\/index.php?rest_route=%2Fwp%2Fv2%2Fcategories&post=13742"},{"taxonomy":"post_tag","embeddable":true,"href":"https:\/\/thomasvino.ch\/index.php?rest_route=%2Fwp%2Fv2%2Ftags&post=13742"}],"curies":[{"name":"wp","href":"https:\/\/api.w.org\/{rel}","templated":true}]}}