{"id":13749,"date":"2016-07-22T16:22:10","date_gmt":"2016-07-22T15:22:10","guid":{"rendered":"http:\/\/www.thomasvino.ch\/?p=13749"},"modified":"2016-07-23T09:20:37","modified_gmt":"2016-07-23T08:20:37","slug":"terrasses-a-lausanne-le-triangle-des-bermudas","status":"publish","type":"post","link":"https:\/\/thomasvino.ch\/?p=13749","title":{"rendered":"Terrasses \u00e0 Lausanne <br\/ > Le triangle des bermudas"},"content":{"rendered":"<p><strong>Pas s\u00fbr que dans ce coin de Lausanne, \u00e0 port\u00e9e de m\u00e9tro m2, la jambe courte et le mollet poilu soit le dress code de l\u2019\u00e9t\u00e9, mais bon, pour arpenter les terrasses, le bermuda n\u2019est pas \u00e0 exclure. A mi-chemin de la ville et du lac, le carrefour de la Croix-d\u2019Ouchy rec\u00e8le trois perles.<\/strong><\/p>\n<p><em>Par Pierre Thomas, texte et photos<\/em><\/p>\n<p>On a toujours aim\u00e9 la <strong>Croix-d\u2019Ouchy<\/strong> et sa terrasse-jardin sous les marroniers. La cuisine, riche et go\u00fbteuse, n\u2019a pas chang\u00e9, au point d\u2019\u00e9loigner les guides gastronomiques, avides de davantage de nouveaut\u00e9. Mais l\u2019adresse de <strong>Madame Bernadette Blanc<\/strong> et de son personnel restent <em>\u00abune sorte d\u2019id\u00e9al en mati\u00e8re d\u2019accueil et de gastronomie\u00bb<\/em>, comme l\u2019\u00e9crivait <em>Le Coup de Fourchette<\/em> relook\u00e9 1998 \u2013 1999. Rien n\u2019y a chang\u00e9 depuis vingt ans \u2014 au bas mot\u00a0! Et plus j\u2019avance en \u00e2ge, plus j\u2019appr\u00e9cie ce genre de continuit\u00e9, sur une solide base de risotto cr\u00e9meux et autres plats riches.<\/p>\n<p>En face, l&rsquo;<strong>H\u00f4tel Royal-Savoy<\/strong> a ouvert progressivement ses espaces, vastes et r\u00e9nov\u00e9s. La terrasse du rez en fait partie, d\u00e9bordant des salles aux d\u00e9cors divers de la brasserie (chic, la brasserie\u00a0!) supervis\u00e9e par l\u2019Alsacien <strong>Marc Haeberlin<\/strong>. La Croix d\u2019Ouchy n\u2019est pas donn\u00e9e\u2026 et le Royal en ajoute une couche. Mais sous la grande tenture couleur vanille, le bruit de l\u2019avenue d\u2019Ouchy est bien filtr\u00e9. Le b\u00e9ton nouveau n\u2019a pas abattu quelques grands arbres\u00a0: \u00e7a manque un peu de verdure, quand m\u00eame\u2026 Sauf dans l\u2019assiette, au moment de la salade. Les propositions de la semaine sont attrayantes, notamment les poissons, avec un zeste de talent en prime, et quelques desserts spectaculaires pour les becs \u00e0 bonbon. L\u2019Office des Vins Vaudois inaugurera cette terrasses \u00e0 ras du rez \u00e0 fin ao\u00fbt\u2026<\/p>\n<p><a href=\"http:\/\/www.thomasvino.ch\/?attachment_id=13751\" rel=\"attachment wp-att-13751\"><img data-attachment-id=\"13751\" data-permalink=\"https:\/\/thomasvino.ch\/?attachment_id=13751\" data-orig-file=\"https:\/\/i0.wp.com\/thomasvino.ch\/wp-content\/uploads\/2016\/07\/site_royal-savoy.jpg?fit=3264%2C2448&amp;ssl=1\" data-orig-size=\"3264,2448\" data-comments-opened=\"0\" data-image-meta=\"{&quot;aperture&quot;:&quot;2.2&quot;,&quot;credit&quot;:&quot;&quot;,&quot;camera&quot;:&quot;iPhone 6&quot;,&quot;caption&quot;:&quot;&quot;,&quot;created_timestamp&quot;:&quot;1465160118&quot;,&quot;copyright&quot;:&quot;&quot;,&quot;focal_length&quot;:&quot;4.15&quot;,&quot;iso&quot;:&quot;32&quot;,&quot;shutter_speed&quot;:&quot;0.0028328611898017&quot;,&quot;title&quot;:&quot;&quot;,&quot;orientation&quot;:&quot;1&quot;}\" data-image-title=\"site_royal-savoy\" data-image-description=\"\" data-image-caption=\"\" data-medium-file=\"https:\/\/i0.wp.com\/thomasvino.ch\/wp-content\/uploads\/2016\/07\/site_royal-savoy.jpg?fit=300%2C225&amp;ssl=1\" data-large-file=\"https:\/\/i0.wp.com\/thomasvino.ch\/wp-content\/uploads\/2016\/07\/site_royal-savoy.jpg?fit=1024%2C768&amp;ssl=1\" loading=\"lazy\" class=\"aligncenter size-medium wp-image-13751\" src=\"https:\/\/i0.wp.com\/www.thomasvino.ch\/wp-content\/uploads\/2016\/07\/site_royal-savoy-300x225.jpg?resize=300%2C225\" alt=\"site_royal-savoy\" width=\"300\" height=\"225\" srcset=\"https:\/\/i0.wp.com\/thomasvino.ch\/wp-content\/uploads\/2016\/07\/site_royal-savoy.jpg?resize=300%2C225&amp;ssl=1 300w, https:\/\/i0.wp.com\/thomasvino.ch\/wp-content\/uploads\/2016\/07\/site_royal-savoy.jpg?resize=768%2C576&amp;ssl=1 768w, https:\/\/i0.wp.com\/thomasvino.ch\/wp-content\/uploads\/2016\/07\/site_royal-savoy.jpg?resize=1024%2C768&amp;ssl=1 1024w, https:\/\/i0.wp.com\/thomasvino.ch\/wp-content\/uploads\/2016\/07\/site_royal-savoy.jpg?w=2000&amp;ssl=1 2000w, https:\/\/i0.wp.com\/thomasvino.ch\/wp-content\/uploads\/2016\/07\/site_royal-savoy.jpg?w=3000&amp;ssl=1 3000w\" sizes=\"(max-width: 300px) 100vw, 300px\" data-recalc-dims=\"1\" \/><\/a><\/p>\n<h3><strong>En attendant le Sky Lounge<\/strong><\/h3>\n<p>Mais la vraie attraction du quartier, ce sera la <strong>Sky Lounge<\/strong>, dans la tourelle-phare du v\u00e9n\u00e9rable h\u00f4tel luxueusement r\u00e9nov\u00e9. On y est mont\u00e9 ce printemps\u00a0: l\u2019id\u00e9e est d\u2019en faire plus qu\u2019un simple bar \u00e0 cocktails. Mais las, ce point de vue nouveau ne devrait pas \u00eatre accessible avant l\u2019automne. La vue, apr\u00e8s un trajet rapide en ascenseur, y est bluffante et permettra d\u2019appr\u00e9cier la ville de Lausanne sous un nouvel angle. Pas tant c\u00f4t\u00e9 lac \u2014 on peut aller au belv\u00e9d\u00e8re de la colline de Monriond, \u00e0 quelques pas de l\u00e0\u2026 \u2014, mais du c\u00f4t\u00e9 construit, o\u00f9 la ville s\u2019\u00e9tage jusqu\u2019aux murailles grises du CHUV et au-del\u00e0.<\/p>\n<p>Impressionnant et fun\u00a0! Comme l\u2019a d\u00e9j\u00e0 \u00e9crit dans une gazette de compagnie d\u2019aviation <strong>Bastian Baker<\/strong>, le chanteur \u00e0 la mode\u00a0: ses parents tiennent un bistrot \u00e0 deux pas. Juste apr\u00e8s une terrasse qui vaut le d\u00e9tour.<\/p>\n<h3>D\u00e9lices dissimul\u00e9es<\/h3>\n<p>Elle est certes un brin cach\u00e9e entre la station du M\u00e9tro, bien nomm\u00e9e D\u00e9lices, non pas par allusion gastronomique appuy\u00e9e, mais parce que ce fut la r\u00e9sidence de <strong>Voltaire<\/strong>, dans une <em>\u00abcampagne\u00bb<\/em> disparue et villa ras\u00e9e, et l\u2019<strong>H\u00f4tel Carlton<\/strong>.<\/p>\n<p>Apr\u00e8s quelques vicissitudes, cet \u00e9tablissement a \u00e9t\u00e9 repris par une famille d\u2019h\u00f4teliers fran\u00e7ais. Le jardin de ce qu\u2019un ancien propri\u00e9taire nomma un jour <strong>L\u2019Ardoise<\/strong> est abrit\u00e9 sous les grands arbres, dont quelques uns sont touffus, et d\u2019autres exotiques. Un jeune chef, <strong>Anthony Mac\u00e9<\/strong>, est descendu de la Cit\u00e9, rejoindre le directeur <strong>Nicolas Lagier<\/strong>, pour la r\u00e9ouverture du resto, ferm\u00e9 huit ans. Nagu\u00e8re, cette terrasse souffrait du grincement de la cr\u00e9maill\u00e8re de feue <em>\u00abla ficelle\u00bb<\/em>. Aujourd\u2019hui, on y entend \u00e0 peine le feulement du m2.<\/p>\n<p>Des trois terrasses (Croix d\u2019Ouchy, Royal-Savoy et celle-ci), la formule de la cuisine y est la plus smart. Une carte simple, avec une assiette du jour \u00e0 prix relativement contenu, ou une formule entr\u00e9e-plat-principal-dessert, ou d\u00e9cortiqu\u00e9es entr\u00e9e-plat ou plat-dessert, une suggestion de p\u00e2tes de la semaine, quelques plats \u00e0 la carte, des vins au verre. Le personnel est plut\u00f4t attentif et de bon conseil. Bon plan, pour les jours ensoleill\u00e9s, \u00e0 midi ou le soir. Et qui sert un brunch le week-end (tandis que son voisin en diagonale, le Royal, promet, lui, des plats revisit\u00e9s en guise de brunch\u2026).<\/p>\n<h3><strong>La retraite alpestre d&rsquo;un <em>\u00abwinewriter\u00bb<\/em><\/strong><\/h3>\n<p><a href=\"http:\/\/www.thomasvino.ch\/?attachment_id=13750\" rel=\"attachment wp-att-13750\"><img data-attachment-id=\"13750\" data-permalink=\"https:\/\/thomasvino.ch\/?attachment_id=13750\" data-orig-file=\"https:\/\/i0.wp.com\/thomasvino.ch\/wp-content\/uploads\/2016\/07\/site_terras_jpg.jpg?fit=3264%2C2448&amp;ssl=1\" data-orig-size=\"3264,2448\" data-comments-opened=\"0\" data-image-meta=\"{&quot;aperture&quot;:&quot;2.2&quot;,&quot;credit&quot;:&quot;&quot;,&quot;camera&quot;:&quot;iPhone 6&quot;,&quot;caption&quot;:&quot;&quot;,&quot;created_timestamp&quot;:&quot;1469019200&quot;,&quot;copyright&quot;:&quot;&quot;,&quot;focal_length&quot;:&quot;4.15&quot;,&quot;iso&quot;:&quot;32&quot;,&quot;shutter_speed&quot;:&quot;0.0025575447570332&quot;,&quot;title&quot;:&quot;&quot;,&quot;orientation&quot;:&quot;1&quot;}\" data-image-title=\"site_terras_jpg\" data-image-description=\"\" data-image-caption=\"\" data-medium-file=\"https:\/\/i0.wp.com\/thomasvino.ch\/wp-content\/uploads\/2016\/07\/site_terras_jpg.jpg?fit=300%2C225&amp;ssl=1\" data-large-file=\"https:\/\/i0.wp.com\/thomasvino.ch\/wp-content\/uploads\/2016\/07\/site_terras_jpg.jpg?fit=1024%2C768&amp;ssl=1\" loading=\"lazy\" class=\"aligncenter size-medium wp-image-13750\" src=\"https:\/\/i0.wp.com\/www.thomasvino.ch\/wp-content\/uploads\/2016\/07\/site_terras_jpg-300x225.jpg?resize=300%2C225\" alt=\"site_terras_jpg\" width=\"300\" height=\"225\" srcset=\"https:\/\/i0.wp.com\/thomasvino.ch\/wp-content\/uploads\/2016\/07\/site_terras_jpg.jpg?resize=300%2C225&amp;ssl=1 300w, https:\/\/i0.wp.com\/thomasvino.ch\/wp-content\/uploads\/2016\/07\/site_terras_jpg.jpg?resize=768%2C576&amp;ssl=1 768w, https:\/\/i0.wp.com\/thomasvino.ch\/wp-content\/uploads\/2016\/07\/site_terras_jpg.jpg?resize=1024%2C768&amp;ssl=1 1024w, https:\/\/i0.wp.com\/thomasvino.ch\/wp-content\/uploads\/2016\/07\/site_terras_jpg.jpg?w=2000&amp;ssl=1 2000w, https:\/\/i0.wp.com\/thomasvino.ch\/wp-content\/uploads\/2016\/07\/site_terras_jpg.jpg?w=3000&amp;ssl=1 3000w\" sizes=\"(max-width: 300px) 100vw, 300px\" data-recalc-dims=\"1\" \/><\/a>Et puis, les terrasses peuvent encourager l\u2019esprit d\u2019escalier. Je ne r\u00e9siste pas \u00e0 vous faire part d\u2019une r\u00e9cente d\u00e9couverte, au centre de Val-d\u2019Illiez, o\u00f9 le clocher immacul\u00e9 de l\u2019\u00e9glise proclame <em>\u00abcarpe diem\u00bb<\/em>. De l\u2019autre c\u00f4t\u00e9 du rond-point de la route principale, au c\u0153ur du village, <strong>Per-Henrik Mansson<\/strong> pilote depuis cinq ans <strong>Le Communal<\/strong>.<\/p>\n<p>J\u2019avais promis \u00e0 cet ancien correspondant europ\u00e9en du prestigieux magazine am\u00e9ricain <em>Wine Spectator<\/em> une visite. Voil\u00e0 qui a \u00e9t\u00e9 fait, cette semaine, le jour du changement de carte (d\u2019\u00e9t\u00e9), par ses jeunes chefs italiens. Sous un soleil de plomb, mais sous les parasols neutres de la terrasse, on est donc partis pour un joli voyage gourmand\u00a0: coques de mer dans leur jus, risotto \u00e0 la poudre de r\u00e9glisse de Val-d\u2019Illiez (\u00e0 vous transformer un gamaret de feu <strong>Jacky Grange<\/strong>s, le pionnier du bio en Suisse\u00a0!), \u0153uf cuit \u00e0 basse temp\u00e9rature enrichi d\u2019une parmiggiana coulante et de copeaux de truffes d\u2019\u00e9t\u00e9, compote d\u2019abricots avec une cr\u00e8me anglaise\u00a0: le plein de bon go\u00fbt assur\u00e9\u00a0! Le tout arros\u00e9 de quelques vins, pas seulement valaisans (ah, la syrah 2013 en cuve des <strong>Mabillard-Fuchs<\/strong>!), que l\u2019ancien chroniqueur d\u00e9niche au gr\u00e9 de ses d\u00e9couvertes.<\/p>\n<p>Une belle reconversion pour celui qui a bross\u00e9 le portrait de <strong>Bernard Arnault<\/strong>, le patron de LVMH\u00a0: une biographie certes autoris\u00e9e, mais en anglais seulement, et interdite de traduction en fran\u00e7ais\u2026<\/p>\n<p>Plut\u00f4t que cas\u00e9 dans le bling-bling, voil\u00e0 le journaliste recycl\u00e9 dans la montagne revue et corrig\u00e9e\u00a0: <em>\u00ab50% des plats qui sont command\u00e9s sont \u00e0 base de poissons ou de fruits de mer\u00bb<\/em>.<\/p>\n<p>Vive l\u2019\u00e9t\u00e9\u00a0a l\u2019aperto!<\/p>\n<p><em>Sur le net<\/em><\/p>\n<p>La <strong><a href=\"http:\/\/fr.viamichelin.ch\/web\/Restaurant\/Ouchy-1006-La_Croix_d_Ouchy-179506-41102\">Croix d&rsquo;Ouchy<\/a><\/strong><\/p>\n<p>La <strong><a href=\"http:\/\/www.royalsavoy.ch\/fr\/restaurant-bar\">Brasserie du Royal-Savoy<\/a><\/strong><\/p>\n<p><strong><a href=\"http:\/\/www.carltonlausanne.com\/bar-restaurant\">L&rsquo;Ardoise<\/a><\/strong> du Carlton<\/p>\n<p><strong><a href=\"http:\/\/hotelcommunal.ch\/fr\/\">Le Communal<\/a><\/strong>, Val d&rsquo;Illiez<\/p>\n<p><em>\u00a9thomasvino.ch<\/em><\/p>\n","protected":false},"excerpt":{"rendered":"<p>Pas s\u00fbr que dans ce coin de Lausanne, \u00e0 port\u00e9e de m\u00e9tro m2, la jambe courte et le mollet poilu soit le dress code de l\u2019\u00e9t\u00e9, mais bon, pour arpenter les terrasses, le bermuda n\u2019est pas \u00e0 exclure. A mi-chemin de la ville et du lac, le carrefour de la Croix-d\u2019Ouchy rec\u00e8le trois perles. Par [&hellip;]<\/p>\n","protected":false},"author":3,"featured_media":0,"comment_status":"closed","ping_status":"open","sticky":false,"template":"","format":"standard","meta":{"_monsterinsights_skip_tracking":false,"_monsterinsights_sitenote_active":false,"_monsterinsights_sitenote_note":"","_monsterinsights_sitenote_category":0,"jetpack_post_was_ever_published":false,"jetpack_publicize_message":"","jetpack_is_tweetstorm":false,"jetpack_publicize_feature_enabled":true,"jetpack_social_post_already_shared":true,"jetpack_social_options":{"image_generator_settings":{"template":"highway","enabled":false}}},"categories":[15],"tags":[1392,1386,1387,1389,1390,1391,1393,1388,1394],"jetpack_publicize_connections":[],"yoast_head":"<!-- This site is optimized with the Yoast SEO plugin v20.6 - https:\/\/yoast.com\/wordpress\/plugins\/seo\/ -->\n<title>Terrasses \u00e0 Lausanne  Le triangle des bermudas - thomasvino<\/title>\n<meta name=\"robots\" content=\"index, follow, max-snippet:-1, max-image-preview:large, max-video-preview:-1\" \/>\n<link rel=\"canonical\" href=\"https:\/\/thomasvino.ch\/?p=13749\" \/>\n<meta property=\"og:locale\" content=\"fr_FR\" \/>\n<meta property=\"og:type\" content=\"article\" \/>\n<meta property=\"og:title\" content=\"Terrasses \u00e0 Lausanne  Le triangle des bermudas - thomasvino\" \/>\n<meta property=\"og:description\" content=\"Pas s\u00fbr que dans ce coin de Lausanne, \u00e0 port\u00e9e de m\u00e9tro m2, la jambe courte et le mollet poilu soit le dress code de l\u2019\u00e9t\u00e9, mais bon, pour arpenter les terrasses, le bermuda n\u2019est pas \u00e0 exclure. A mi-chemin de la ville et du lac, le carrefour de la Croix-d\u2019Ouchy rec\u00e8le trois perles. Par [&hellip;]\" \/>\n<meta property=\"og:url\" content=\"https:\/\/thomasvino.ch\/?p=13749\" \/>\n<meta property=\"og:site_name\" content=\"thomasvino\" \/>\n<meta property=\"article:published_time\" content=\"2016-07-22T15:22:10+00:00\" \/>\n<meta property=\"article:modified_time\" content=\"2016-07-23T08:20:37+00:00\" \/>\n<meta property=\"og:image\" content=\"http:\/\/www.thomasvino.ch\/wp-content\/uploads\/2016\/07\/site_royal-savoy-300x225.jpg\" \/>\n<meta name=\"author\" content=\"Pierre Thomas\" \/>\n<meta name=\"twitter:label1\" content=\"\u00c9crit par\" \/>\n\t<meta name=\"twitter:data1\" content=\"Pierre Thomas\" \/>\n\t<meta name=\"twitter:label2\" content=\"Dur\u00e9e de lecture estim\u00e9e\" \/>\n\t<meta name=\"twitter:data2\" content=\"5 minutes\" \/>\n<script type=\"application\/ld+json\" class=\"yoast-schema-graph\">{\"@context\":\"https:\/\/schema.org\",\"@graph\":[{\"@type\":\"WebPage\",\"@id\":\"https:\/\/thomasvino.ch\/?p=13749\",\"url\":\"https:\/\/thomasvino.ch\/?p=13749\",\"name\":\"Terrasses \u00e0 Lausanne Le triangle des bermudas - thomasvino\",\"isPartOf\":{\"@id\":\"https:\/\/thomasvino.ch\/#website\"},\"datePublished\":\"2016-07-22T15:22:10+00:00\",\"dateModified\":\"2016-07-23T08:20:37+00:00\",\"author\":{\"@id\":\"https:\/\/thomasvino.ch\/#\/schema\/person\/670bf4486fe81152cf1d68bd585e062e\"},\"breadcrumb\":{\"@id\":\"https:\/\/thomasvino.ch\/?p=13749#breadcrumb\"},\"inLanguage\":\"fr-FR\",\"potentialAction\":[{\"@type\":\"ReadAction\",\"target\":[\"https:\/\/thomasvino.ch\/?p=13749\"]}]},{\"@type\":\"BreadcrumbList\",\"@id\":\"https:\/\/thomasvino.ch\/?p=13749#breadcrumb\",\"itemListElement\":[{\"@type\":\"ListItem\",\"position\":1,\"name\":\"Accueil\",\"item\":\"https:\/\/thomasvino.ch\/\"},{\"@type\":\"ListItem\",\"position\":2,\"name\":\"Terrasses \u00e0 Lausanne Le triangle des bermudas\"}]},{\"@type\":\"WebSite\",\"@id\":\"https:\/\/thomasvino.ch\/#website\",\"url\":\"https:\/\/thomasvino.ch\/\",\"name\":\"thomasvino\",\"description\":\"Vins &amp; Gastronomie\",\"potentialAction\":[{\"@type\":\"SearchAction\",\"target\":{\"@type\":\"EntryPoint\",\"urlTemplate\":\"https:\/\/thomasvino.ch\/?s={search_term_string}\"},\"query-input\":\"required name=search_term_string\"}],\"inLanguage\":\"fr-FR\"},{\"@type\":\"Person\",\"@id\":\"https:\/\/thomasvino.ch\/#\/schema\/person\/670bf4486fe81152cf1d68bd585e062e\",\"name\":\"Pierre Thomas\",\"image\":{\"@type\":\"ImageObject\",\"inLanguage\":\"fr-FR\",\"@id\":\"https:\/\/thomasvino.ch\/#\/schema\/person\/image\/\",\"url\":\"https:\/\/secure.gravatar.com\/avatar\/91fd5a76647f140e53db987a0dead4d7?s=96&d=mm&r=g\",\"contentUrl\":\"https:\/\/secure.gravatar.com\/avatar\/91fd5a76647f140e53db987a0dead4d7?s=96&d=mm&r=g\",\"caption\":\"Pierre Thomas\"},\"url\":\"https:\/\/thomasvino.ch\/?author=3\"}]}<\/script>\n<!-- \/ Yoast SEO plugin. -->","yoast_head_json":{"title":"Terrasses \u00e0 Lausanne  Le triangle des bermudas - thomasvino","robots":{"index":"index","follow":"follow","max-snippet":"max-snippet:-1","max-image-preview":"max-image-preview:large","max-video-preview":"max-video-preview:-1"},"canonical":"https:\/\/thomasvino.ch\/?p=13749","og_locale":"fr_FR","og_type":"article","og_title":"Terrasses \u00e0 Lausanne  Le triangle des bermudas - thomasvino","og_description":"Pas s\u00fbr que dans ce coin de Lausanne, \u00e0 port\u00e9e de m\u00e9tro m2, la jambe courte et le mollet poilu soit le dress code de l\u2019\u00e9t\u00e9, mais bon, pour arpenter les terrasses, le bermuda n\u2019est pas \u00e0 exclure. A mi-chemin de la ville et du lac, le carrefour de la Croix-d\u2019Ouchy rec\u00e8le trois perles. Par [&hellip;]","og_url":"https:\/\/thomasvino.ch\/?p=13749","og_site_name":"thomasvino","article_published_time":"2016-07-22T15:22:10+00:00","article_modified_time":"2016-07-23T08:20:37+00:00","og_image":[{"url":"http:\/\/www.thomasvino.ch\/wp-content\/uploads\/2016\/07\/site_royal-savoy-300x225.jpg"}],"author":"Pierre Thomas","twitter_misc":{"\u00c9crit par":"Pierre Thomas","Dur\u00e9e de lecture estim\u00e9e":"5 minutes"},"schema":{"@context":"https:\/\/schema.org","@graph":[{"@type":"WebPage","@id":"https:\/\/thomasvino.ch\/?p=13749","url":"https:\/\/thomasvino.ch\/?p=13749","name":"Terrasses \u00e0 Lausanne Le triangle des bermudas - thomasvino","isPartOf":{"@id":"https:\/\/thomasvino.ch\/#website"},"datePublished":"2016-07-22T15:22:10+00:00","dateModified":"2016-07-23T08:20:37+00:00","author":{"@id":"https:\/\/thomasvino.ch\/#\/schema\/person\/670bf4486fe81152cf1d68bd585e062e"},"breadcrumb":{"@id":"https:\/\/thomasvino.ch\/?p=13749#breadcrumb"},"inLanguage":"fr-FR","potentialAction":[{"@type":"ReadAction","target":["https:\/\/thomasvino.ch\/?p=13749"]}]},{"@type":"BreadcrumbList","@id":"https:\/\/thomasvino.ch\/?p=13749#breadcrumb","itemListElement":[{"@type":"ListItem","position":1,"name":"Accueil","item":"https:\/\/thomasvino.ch\/"},{"@type":"ListItem","position":2,"name":"Terrasses \u00e0 Lausanne Le triangle des bermudas"}]},{"@type":"WebSite","@id":"https:\/\/thomasvino.ch\/#website","url":"https:\/\/thomasvino.ch\/","name":"thomasvino","description":"Vins &amp; Gastronomie","potentialAction":[{"@type":"SearchAction","target":{"@type":"EntryPoint","urlTemplate":"https:\/\/thomasvino.ch\/?s={search_term_string}"},"query-input":"required name=search_term_string"}],"inLanguage":"fr-FR"},{"@type":"Person","@id":"https:\/\/thomasvino.ch\/#\/schema\/person\/670bf4486fe81152cf1d68bd585e062e","name":"Pierre Thomas","image":{"@type":"ImageObject","inLanguage":"fr-FR","@id":"https:\/\/thomasvino.ch\/#\/schema\/person\/image\/","url":"https:\/\/secure.gravatar.com\/avatar\/91fd5a76647f140e53db987a0dead4d7?s=96&d=mm&r=g","contentUrl":"https:\/\/secure.gravatar.com\/avatar\/91fd5a76647f140e53db987a0dead4d7?s=96&d=mm&r=g","caption":"Pierre Thomas"},"url":"https:\/\/thomasvino.ch\/?author=3"}]}},"jetpack_featured_media_url":"","jetpack_sharing_enabled":true,"jetpack_shortlink":"https:\/\/wp.me\/p3m4tZ-3zL","jetpack_likes_enabled":false,"jetpack-related-posts":[{"id":8907,"url":"https:\/\/thomasvino.ch\/?p=8907","url_meta":{"origin":13749,"position":0},"title":"Le Lausanne-Palace&#8230; anticyclique","date":"17 juin 2009","format":false,"excerpt":"Lausanne-Palace & Spa, 2008-2009Un palace anticycliqueTransformer pour amortir la crise de l\u2019h\u00f4tellerie de luxe\u00a0: tel est le pari de Jean-Jacques Gauer \u00e0 la t\u00eate du Lausanne Palace & Spa, qui a connu une ann\u00e9e 2008 \u00abfantastique\u00bb.Par Pierre ThomasEn 2007, le chiffre d\u2019affaires du cinq \u00e9toiles du centre de Lausanne avait\u2026","rel":"","context":"Dans &quot;Tendance&quot;","img":{"alt_text":"","src":"","width":0,"height":0},"classes":[]},{"id":9049,"url":"https:\/\/thomasvino.ch\/?p=9049","url_meta":{"origin":13749,"position":1},"title":"Parcours gastro: Lausanne \u00e0 l&rsquo;aigre-doux","date":"27 juillet 2010","format":false,"excerpt":"Lausanne \u00e0 l\u2019aigre-doux Par Pierre Thomas, hiver 2009 - 2010* J\u2019y suis n\u00e9, par les hasards d\u2019un professeur d\u2019obst\u00e9trique. J\u2019y suis revenu, apr\u00e8s une longue parenth\u00e8se romande (Bulle, Fribourg, La Chaux-de-Fonds et Nyon), parce que la ville concentre \u2014 ou concentrait\u2026 \u2014 une notable part des si\u00e8ges des entreprises du\u2026","rel":"","context":"Dans &quot;Tendance&quot;","img":{"alt_text":"","src":"","width":0,"height":0},"classes":[]},{"id":8953,"url":"https:\/\/thomasvino.ch\/?p=8953","url_meta":{"origin":13749,"position":2},"title":"Guide GaultMillau 2010, entre \u00e9quilibre et g\u00e9n\u00e9rosit\u00e9","date":"12 octobre 2009","format":false,"excerpt":"Guide GaultMillau Suisse 2010 Caminada, deuxi\u00e8me service Pr\u00e9sent\u00e9 \u00e0 B\u00e2le, chez Stucki, en l\u2019honneur de la \u00abcuisini\u00e8re de l\u2019ann\u00e9e\u00bb, Tanja Grandits, le Gault Millau (2010), publi\u00e9 par Ringier, a aussi son \u00e9dition romande, en parall\u00e8le du guide national en allemand. Le Grison Andreas Caminada, Schauenstein, \u00e0 F\u00fcrstenau est couronn\u00e9 une\u2026","rel":"","context":"Dans &quot;Gastro&quot;","img":{"alt_text":"","src":"","width":0,"height":0},"classes":[]},{"id":8876,"url":"https:\/\/thomasvino.ch\/?p=8876","url_meta":{"origin":13749,"position":3},"title":"La liste des pinots noirs (avril 2009)","date":"19 avril 2009","format":false,"excerpt":"Grand Jury 24 Heures Pinots noirs du monde, classement final lundi 6 avril 2009, Oenoth\u00e8que, Ch\u00e2teau d\u2019Ouchy, Lausanne. 1 ex \u00e6quo Cuv\u00e9e Saint-Louis 2007, Neuch\u00e2tel AOC, Domaine Grisoni, Cressier, 15,6 Savigny-Les-Beaune 1er Cru 2006, Clos des Guettes, Arthur Barolet Fils, Bolle & Cie, Morges, 15,6 3) Pinot Noir Mythologie 2007,\u2026","rel":"","context":"Dans &quot;Grand Jury 24 Heures&quot;","img":{"alt_text":"","src":"","width":0,"height":0},"classes":[]},{"id":8873,"url":"https:\/\/thomasvino.ch\/?p=8873","url_meta":{"origin":13749,"position":4},"title":"Au BRP \u00e0 Lausanne: la cuisine selon Pic","date":"19 avril 2009","format":false,"excerpt":"Au Beau-Rivage de Lausanne-Ouchy La cuisine selon Pic L'aventure aura dur\u00e9 16 ans. A la fin de son contrat ce restaurant fermera, \u00e0 fin d\u00e9cembre 2026! La cheffe fran\u00e7aise Anne-Sophie Pic, seule femme triplement \u00e9toil\u00e9e par le Guide Michelin, vient d\u2019ouvrir son restaurant au c\u0153ur du Beau-Rivage Palace, \u00e0 Lausanne-Ouchy.\u2026","rel":"","context":"Dans &quot;Gastro&quot;","img":{"alt_text":"","src":"","width":0,"height":0},"classes":[]},{"id":9871,"url":"https:\/\/thomasvino.ch\/?p=9871","url_meta":{"origin":13749,"position":5},"title":"Beau-Rivage de Lausanne, h\u00f4tel de l&rsquo;ann\u00e9e 2006","date":"11 septembre 2006","format":false,"excerpt":"Le Beau-Rivage Palace de Lausanne distingu\u00e9 en 2006 Le premier \u00abh\u00f4tel de l\u2019ann\u00e9e\u00bb romand Il y avait bien eu le Vieux-Manoir \u00e0 Meyriez-Morat en 1998\u2026 Mais en dix ans, jamais, jusqu\u2019ici, Gault Millau suisse n\u2019avait d\u00e9sign\u00e9 \u00abh\u00f4tel de l\u2019ann\u00e9e\u00bb un \u00e9tablissement romand. C\u2019est chose faite pour 2006, avec le Beau-Rivage\u2026","rel":"","context":"Dans &quot;Actus - News&quot;","img":{"alt_text":"","src":"","width":0,"height":0},"classes":[]}],"_links":{"self":[{"href":"https:\/\/thomasvino.ch\/index.php?rest_route=\/wp\/v2\/posts\/13749"}],"collection":[{"href":"https:\/\/thomasvino.ch\/index.php?rest_route=\/wp\/v2\/posts"}],"about":[{"href":"https:\/\/thomasvino.ch\/index.php?rest_route=\/wp\/v2\/types\/post"}],"author":[{"embeddable":true,"href":"https:\/\/thomasvino.ch\/index.php?rest_route=\/wp\/v2\/users\/3"}],"replies":[{"embeddable":true,"href":"https:\/\/thomasvino.ch\/index.php?rest_route=%2Fwp%2Fv2%2Fcomments&post=13749"}],"version-history":[{"count":0,"href":"https:\/\/thomasvino.ch\/index.php?rest_route=\/wp\/v2\/posts\/13749\/revisions"}],"wp:attachment":[{"href":"https:\/\/thomasvino.ch\/index.php?rest_route=%2Fwp%2Fv2%2Fmedia&parent=13749"}],"wp:term":[{"taxonomy":"category","embeddable":true,"href":"https:\/\/thomasvino.ch\/index.php?rest_route=%2Fwp%2Fv2%2Fcategories&post=13749"},{"taxonomy":"post_tag","embeddable":true,"href":"https:\/\/thomasvino.ch\/index.php?rest_route=%2Fwp%2Fv2%2Ftags&post=13749"}],"curies":[{"name":"wp","href":"https:\/\/api.w.org\/{rel}","templated":true}]}}