{"id":13757,"date":"2016-07-24T11:21:34","date_gmt":"2016-07-24T10:21:34","guid":{"rendered":"http:\/\/www.thomasvino.ch\/?p=13757"},"modified":"2016-09-07T06:22:05","modified_gmt":"2016-09-07T05:22:05","slug":"bergerac-du-cadran-solaire-aux-phases-de-lune","status":"publish","type":"post","link":"https:\/\/thomasvino.ch\/?p=13757","title":{"rendered":"Bergerac : du cadran solaire aux phases de lune"},"content":{"rendered":"<p><strong>L\u2019horloger genevois Karl Friederich Scheufele (Chopard) vient d\u2019inaugurer les chais du <em>Ch\u00e2teau Monestier La Tour<\/em>, en appellation contr\u00f4l\u00e9e Bergerac, qui f\u00eate ses 80 ans cette ann\u00e9e. Une histoire de passion, mais aussi de hasard.<\/strong><\/p>\n<p><a href=\"http:\/\/www.thomasvino.ch\/?attachment_id=13761\" rel=\"attachment wp-att-13761\"><img data-attachment-id=\"13761\" data-permalink=\"https:\/\/thomasvino.ch\/?attachment_id=13761\" data-orig-file=\"https:\/\/i0.wp.com\/thomasvino.ch\/wp-content\/uploads\/2016\/07\/monest_chat.jpg?fit=2953%2C1969&amp;ssl=1\" data-orig-size=\"2953,1969\" data-comments-opened=\"0\" data-image-meta=\"{&quot;aperture&quot;:&quot;20&quot;,&quot;credit&quot;:&quot;A VACHERON&quot;,&quot;camera&quot;:&quot;Canon EOS 5D Mark III&quot;,&quot;caption&quot;:&quot;&quot;,&quot;created_timestamp&quot;:&quot;1349698222&quot;,&quot;copyright&quot;:&quot;&quot;,&quot;focal_length&quot;:&quot;70&quot;,&quot;iso&quot;:&quot;640&quot;,&quot;shutter_speed&quot;:&quot;0.005&quot;,&quot;title&quot;:&quot;&quot;,&quot;orientation&quot;:&quot;1&quot;}\" data-image-title=\"monest_chat\" data-image-description=\"\" data-image-caption=\"\" data-medium-file=\"https:\/\/i0.wp.com\/thomasvino.ch\/wp-content\/uploads\/2016\/07\/monest_chat.jpg?fit=300%2C200&amp;ssl=1\" data-large-file=\"https:\/\/i0.wp.com\/thomasvino.ch\/wp-content\/uploads\/2016\/07\/monest_chat.jpg?fit=1024%2C683&amp;ssl=1\" loading=\"lazy\" class=\"aligncenter size-large wp-image-13761\" src=\"https:\/\/i0.wp.com\/www.thomasvino.ch\/wp-content\/uploads\/2016\/07\/monest_chat-1024x683.jpg?resize=1024%2C683\" alt=\"monest_chat\" width=\"1024\" height=\"683\" srcset=\"https:\/\/i0.wp.com\/thomasvino.ch\/wp-content\/uploads\/2016\/07\/monest_chat.jpg?resize=1024%2C683&amp;ssl=1 1024w, https:\/\/i0.wp.com\/thomasvino.ch\/wp-content\/uploads\/2016\/07\/monest_chat.jpg?resize=300%2C200&amp;ssl=1 300w, https:\/\/i0.wp.com\/thomasvino.ch\/wp-content\/uploads\/2016\/07\/monest_chat.jpg?resize=768%2C512&amp;ssl=1 768w, https:\/\/i0.wp.com\/thomasvino.ch\/wp-content\/uploads\/2016\/07\/monest_chat.jpg?resize=140%2C94&amp;ssl=1 140w, https:\/\/i0.wp.com\/thomasvino.ch\/wp-content\/uploads\/2016\/07\/monest_chat.jpg?w=2000&amp;ssl=1 2000w\" sizes=\"(max-width: 1000px) 100vw, 1000px\" data-recalc-dims=\"1\" \/><\/a><\/p>\n<p><em>Par Pierre Thomas, de retour de Bergerac<\/em><\/p>\n<p><a href=\"http:\/\/www.thomasvino.ch\/?attachment_id=13758\" rel=\"attachment wp-att-13758\"><img data-attachment-id=\"13758\" data-permalink=\"https:\/\/thomasvino.ch\/?attachment_id=13758\" data-orig-file=\"https:\/\/i0.wp.com\/thomasvino.ch\/wp-content\/uploads\/2016\/07\/monest_scheufele.jpg?fit=4256%2C2832&amp;ssl=1\" data-orig-size=\"4256,2832\" data-comments-opened=\"0\" data-image-meta=\"{&quot;aperture&quot;:&quot;11&quot;,&quot;credit&quot;:&quot;&quot;,&quot;camera&quot;:&quot;NIKON D3&quot;,&quot;caption&quot;:&quot;&quot;,&quot;created_timestamp&quot;:&quot;1210832272&quot;,&quot;copyright&quot;:&quot;&quot;,&quot;focal_length&quot;:&quot;55&quot;,&quot;iso&quot;:&quot;200&quot;,&quot;shutter_speed&quot;:&quot;0.004&quot;,&quot;title&quot;:&quot;&quot;,&quot;orientation&quot;:&quot;1&quot;}\" data-image-title=\"monest_scheufele\" data-image-description=\"\" data-image-caption=\"\" data-medium-file=\"https:\/\/i0.wp.com\/thomasvino.ch\/wp-content\/uploads\/2016\/07\/monest_scheufele.jpg?fit=300%2C200&amp;ssl=1\" data-large-file=\"https:\/\/i0.wp.com\/thomasvino.ch\/wp-content\/uploads\/2016\/07\/monest_scheufele.jpg?fit=1024%2C681&amp;ssl=1\" loading=\"lazy\" class=\"alignleft size-medium wp-image-13758\" src=\"https:\/\/i0.wp.com\/www.thomasvino.ch\/wp-content\/uploads\/2016\/07\/monest_scheufele-300x200.jpg?resize=300%2C200\" alt=\"monest_scheufele\" width=\"300\" height=\"200\" srcset=\"https:\/\/i0.wp.com\/thomasvino.ch\/wp-content\/uploads\/2016\/07\/monest_scheufele.jpg?resize=300%2C200&amp;ssl=1 300w, https:\/\/i0.wp.com\/thomasvino.ch\/wp-content\/uploads\/2016\/07\/monest_scheufele.jpg?resize=768%2C511&amp;ssl=1 768w, https:\/\/i0.wp.com\/thomasvino.ch\/wp-content\/uploads\/2016\/07\/monest_scheufele.jpg?resize=1024%2C681&amp;ssl=1 1024w, https:\/\/i0.wp.com\/thomasvino.ch\/wp-content\/uploads\/2016\/07\/monest_scheufele.jpg?resize=140%2C94&amp;ssl=1 140w, https:\/\/i0.wp.com\/thomasvino.ch\/wp-content\/uploads\/2016\/07\/monest_scheufele.jpg?w=2000&amp;ssl=1 2000w, https:\/\/i0.wp.com\/thomasvino.ch\/wp-content\/uploads\/2016\/07\/monest_scheufele.jpg?w=3000&amp;ssl=1 3000w\" sizes=\"(max-width: 300px) 100vw, 300px\" data-recalc-dims=\"1\" \/><\/a>Avec son \u00e9pouse <strong>Christine<\/strong>, n\u00e9e dans la campagne nyonnaise, <strong>Karl Friederich Scheufele<\/strong> cherchaient une r\u00e9sidence dans un bel endroit. En 2012, ils tombent sur un ch\u00e2teau, d\u00e9j\u00e0 r\u00e9nov\u00e9 par un Hollandais, apr\u00e8s avoir appartenu \u00e0 la soprano n\u00e9o-z\u00e9landaise <strong>Kiri Te Kanawa<\/strong>.<\/p>\n<p>Amateur d\u2019anciennes voitures, mais aussi de bons vins \u2014 il a fond\u00e9 il y a dix ans la <em>\u00abGalerie des arts des vins de France\u00bb<\/em> et, dans la foul\u00e9e, a ouvert des <em>\u00abcaveaux de Bacchus\u00bb<\/em> \u00e0 Gen\u00e8ve, Gstaad et Gland \u2014, le co-pr\u00e9sident de la manufacture Chopard se retrouve avec une vingtaine d\u2019hectares de vignes.<\/p>\n<p>Dans ce P\u00e9rigord rouge, tout est \u00e0 refaire\u00a0: un gel \u00e0 pierre fendre ruine le ch\u00e2teau, le vignoble, peu densifi\u00e9, n\u2019est gu\u00e8re apte \u00e0 produire de bons vins, et le chais est \u00e0 reconstruire. Il faudra quatre ans pour que cette v\u00e9ritable <em>\u00abaventure\u00bb<\/em> red\u00e9marre, avec le mill\u00e9sime 2015, vinifi\u00e9 et \u00e9lev\u00e9 dans le nouveau chais, et mis en bouteille progressivement, par une \u00e9quipe renouvel\u00e9e, sous la conduite de <strong>Mathieu Eymard<\/strong>.<\/p>\n<h3><strong>Du cadran solaire aux phases de lune<\/strong><\/h3>\n<p><a href=\"http:\/\/www.thomasvino.ch\/?attachment_id=13759\" rel=\"attachment wp-att-13759\"><img data-attachment-id=\"13759\" data-permalink=\"https:\/\/thomasvino.ch\/?attachment_id=13759\" data-orig-file=\"https:\/\/i0.wp.com\/thomasvino.ch\/wp-content\/uploads\/2016\/07\/monest_oeno.jpg?fit=3264%2C2448&amp;ssl=1\" data-orig-size=\"3264,2448\" data-comments-opened=\"0\" data-image-meta=\"{&quot;aperture&quot;:&quot;2.2&quot;,&quot;credit&quot;:&quot;&quot;,&quot;camera&quot;:&quot;iPhone 6&quot;,&quot;caption&quot;:&quot;&quot;,&quot;created_timestamp&quot;:&quot;1465559018&quot;,&quot;copyright&quot;:&quot;&quot;,&quot;focal_length&quot;:&quot;4.15&quot;,&quot;iso&quot;:&quot;32&quot;,&quot;shutter_speed&quot;:&quot;0.0017699115044248&quot;,&quot;title&quot;:&quot;&quot;,&quot;orientation&quot;:&quot;1&quot;}\" data-image-title=\"monest_oeno\" data-image-description=\"\" data-image-caption=\"\" data-medium-file=\"https:\/\/i0.wp.com\/thomasvino.ch\/wp-content\/uploads\/2016\/07\/monest_oeno.jpg?fit=300%2C225&amp;ssl=1\" data-large-file=\"https:\/\/i0.wp.com\/thomasvino.ch\/wp-content\/uploads\/2016\/07\/monest_oeno.jpg?fit=1024%2C768&amp;ssl=1\" loading=\"lazy\" class=\"alignleft size-medium wp-image-13759\" src=\"https:\/\/i0.wp.com\/www.thomasvino.ch\/wp-content\/uploads\/2016\/07\/monest_oeno-300x225.jpg?resize=300%2C225\" alt=\"monest_oeno\" width=\"300\" height=\"225\" srcset=\"https:\/\/i0.wp.com\/thomasvino.ch\/wp-content\/uploads\/2016\/07\/monest_oeno.jpg?resize=300%2C225&amp;ssl=1 300w, https:\/\/i0.wp.com\/thomasvino.ch\/wp-content\/uploads\/2016\/07\/monest_oeno.jpg?resize=768%2C576&amp;ssl=1 768w, https:\/\/i0.wp.com\/thomasvino.ch\/wp-content\/uploads\/2016\/07\/monest_oeno.jpg?resize=1024%2C768&amp;ssl=1 1024w, https:\/\/i0.wp.com\/thomasvino.ch\/wp-content\/uploads\/2016\/07\/monest_oeno.jpg?w=2000&amp;ssl=1 2000w, https:\/\/i0.wp.com\/thomasvino.ch\/wp-content\/uploads\/2016\/07\/monest_oeno.jpg?w=3000&amp;ssl=1 3000w\" sizes=\"(max-width: 300px) 100vw, 300px\" data-recalc-dims=\"1\" \/><\/a>Son pr\u00e9d\u00e9cesseur avait choisi le r\u00e9put\u00e9 \u0153nologue <strong>St\u00e9phane Derenoncourt<\/strong> comme conseiller\u00a0; <strong>Karl Friederich Scheufele<\/strong> fait confiance \u00e0 <strong>Corinne Comme<\/strong>. Aussi sinc\u00e8re et persuasive que discr\u00e8te, elle est l\u2019\u00e9pouse de <strong>Jean-Michel Comme<\/strong>, le r\u00e9gisseur d\u2019un des premiers ch\u00e2teaux bordelais \u00e0 s\u2019\u00eatre converti \u00e0 la biodynamie, Pontet-Canet, avec un succ\u00e8s qui en fait aujourd\u2019hui la vedette encens\u00e9e de la <em>\u00abvague verte\u00bb<\/em> \u00e0 Bordeaux. Ensemble, non loin de Monestier, en AOC Sainte Foy Bordeaux, les Comme exploitent une douzaine d\u2019hectares au <em><strong>Ch\u00e2teau Champ des Treilles<\/strong><\/em>. En biodynamie, bien s\u00fbr.<\/p>\n<p>Voil\u00e0 Monestier passant du cadran solaire de sa tour cr\u00e9nel\u00e9e aux phases de lune\u00a0\u2014 la reconversion du vignoble sera achev\u00e9e en 2017. Et l\u2019horloger \u0153nophile glisse vers la <em>\u00abgrande complication\u00bb<\/em> vitivinicole\u00a0: <em>\u00abIl y a beaucoup de parall\u00e8les entre ces deux m\u00e9tiers, o\u00f9 la pr\u00e9cision et la m\u00e9ticulosit\u00e9 sont indispensables. Il faut de la patience, de la r\u00e9flexion avant le<\/em><\/p>\n<div id=\"attachment_13762\" style=\"width: 310px\" class=\"wp-caption alignleft\"><a href=\"http:\/\/www.thomasvino.ch\/?attachment_id=13762\" rel=\"attachment wp-att-13762\"><img aria-describedby=\"caption-attachment-13762\" data-attachment-id=\"13762\" data-permalink=\"https:\/\/thomasvino.ch\/?attachment_id=13762\" data-orig-file=\"https:\/\/i0.wp.com\/thomasvino.ch\/wp-content\/uploads\/2016\/07\/monest_futs.jpg?fit=3264%2C2448&amp;ssl=1\" data-orig-size=\"3264,2448\" data-comments-opened=\"0\" data-image-meta=\"{&quot;aperture&quot;:&quot;2.2&quot;,&quot;credit&quot;:&quot;&quot;,&quot;camera&quot;:&quot;iPhone 6&quot;,&quot;caption&quot;:&quot;&quot;,&quot;created_timestamp&quot;:&quot;1465561302&quot;,&quot;copyright&quot;:&quot;&quot;,&quot;focal_length&quot;:&quot;4.15&quot;,&quot;iso&quot;:&quot;250&quot;,&quot;shutter_speed&quot;:&quot;0.058823529411765&quot;,&quot;title&quot;:&quot;&quot;,&quot;orientation&quot;:&quot;1&quot;}\" data-image-title=\"monest_futs\" data-image-description=\"\" data-image-caption=\"&lt;p&gt;Le rouge haut de gamme (C\u00f4tes de Bergerac AOC) est \u00e9lev\u00e9 en f\u00fbts de ch\u00eane fran\u00e7ais.&lt;\/p&gt;\n\" data-medium-file=\"https:\/\/i0.wp.com\/thomasvino.ch\/wp-content\/uploads\/2016\/07\/monest_futs.jpg?fit=300%2C225&amp;ssl=1\" data-large-file=\"https:\/\/i0.wp.com\/thomasvino.ch\/wp-content\/uploads\/2016\/07\/monest_futs.jpg?fit=1024%2C768&amp;ssl=1\" loading=\"lazy\" class=\"size-medium wp-image-13762\" src=\"https:\/\/i0.wp.com\/www.thomasvino.ch\/wp-content\/uploads\/2016\/07\/monest_futs-300x225.jpg?resize=300%2C225\" alt=\"Le rouge haut de gamme (C\u00f4tes de Bergerac AOC) est \u00e9lev\u00e9 en f\u00fbts de ch\u00eane fran\u00e7ais.\" width=\"300\" height=\"225\" srcset=\"https:\/\/i0.wp.com\/thomasvino.ch\/wp-content\/uploads\/2016\/07\/monest_futs.jpg?resize=300%2C225&amp;ssl=1 300w, https:\/\/i0.wp.com\/thomasvino.ch\/wp-content\/uploads\/2016\/07\/monest_futs.jpg?resize=768%2C576&amp;ssl=1 768w, https:\/\/i0.wp.com\/thomasvino.ch\/wp-content\/uploads\/2016\/07\/monest_futs.jpg?resize=1024%2C768&amp;ssl=1 1024w, https:\/\/i0.wp.com\/thomasvino.ch\/wp-content\/uploads\/2016\/07\/monest_futs.jpg?w=2000&amp;ssl=1 2000w, https:\/\/i0.wp.com\/thomasvino.ch\/wp-content\/uploads\/2016\/07\/monest_futs.jpg?w=3000&amp;ssl=1 3000w\" sizes=\"(max-width: 300px) 100vw, 300px\" data-recalc-dims=\"1\" \/><\/a><p id=\"caption-attachment-13762\" class=\"wp-caption-text\"><em>Le rouge haut de gamme (C\u00f4tes de Bergerac AOC) est \u00e9lev\u00e9 en f\u00fbts de ch\u00eane fran\u00e7ais.<\/em><\/p><\/div>\n<p><em>d\u00e9veloppement. Pour un mouvement de montre, cela prend trois \u00e0 cinq ans\u00a0; pour un vignoble, cinq \u00e0 dix ans\u00a0!\u00bb<\/em>, explique celui qui a choisi pour devise\u00a0: <em>\u00abCe que l\u2019on fait avec le temps, le temps le respecte.\u00bb<\/em> Il aurait pu la trouver, si le sculpteur <strong>Auguste Rodin<\/strong> ne l\u2019avait pas grav\u00e9e avant lui\u2026<\/p>\n<p>De son employeur, dont elle loue la d\u00e9termination \u00e0 vouloir <em>\u00abtravailler \u00e0 long terme\u00bb<\/em>, Corinne Comme dit\u00a0: \u00ab<em>Il conna\u00eet la marche du temps et la course des \u00e9toiles par les montres, moi par les vins. On sait tous les deux que tous les d\u00e9tails comptent.\u00bb<\/em> Pour l\u2019\u0153nologue-conseil, m\u00e8re de famille, la biodynamie s\u2019est impos\u00e9e au fil du temps comme une \u00e9vidence\u00a0: <em>\u00abNous avons compris qu\u2019avec les traitements chimiques, plus on en fait, plus on doit en faire. Il fallait casser ce cercle infernal.\u00bb<\/em> Dans une ann\u00e9e au printemps humide comme 2016, \u00e0 la floraison tardive, il faut passer toutes les semaines, parce que les tisanes de plantes sont lessiv\u00e9es par la pluie. <em>\u00abCa n\u2019est pas 2015, un mill\u00e9sime facile-facile\u00a0!\u00bb<\/em><\/p>\n<h3><strong>D\u00e9j\u00e0 export\u00e9 en Chine<\/strong><\/h3>\n<div id=\"attachment_13760\" style=\"width: 310px\" class=\"wp-caption alignleft\"><a href=\"http:\/\/www.thomasvino.ch\/?attachment_id=13760\" rel=\"attachment wp-att-13760\"><img aria-describedby=\"caption-attachment-13760\" data-attachment-id=\"13760\" data-permalink=\"https:\/\/thomasvino.ch\/?attachment_id=13760\" data-orig-file=\"https:\/\/i0.wp.com\/thomasvino.ch\/wp-content\/uploads\/2016\/07\/monest_citron.jpg?fit=3264%2C2448&amp;ssl=1\" data-orig-size=\"3264,2448\" data-comments-opened=\"0\" data-image-meta=\"{&quot;aperture&quot;:&quot;2.2&quot;,&quot;credit&quot;:&quot;&quot;,&quot;camera&quot;:&quot;iPhone 6&quot;,&quot;caption&quot;:&quot;&quot;,&quot;created_timestamp&quot;:&quot;1465559998&quot;,&quot;copyright&quot;:&quot;&quot;,&quot;focal_length&quot;:&quot;4.15&quot;,&quot;iso&quot;:&quot;32&quot;,&quot;shutter_speed&quot;:&quot;0.0020491803278689&quot;,&quot;title&quot;:&quot;&quot;,&quot;orientation&quot;:&quot;1&quot;}\" data-image-title=\"monest_citron\" data-image-description=\"\" data-image-caption=\"&lt;p&gt;Vieille voiture devant nouveau chais!&lt;\/p&gt;\n\" data-medium-file=\"https:\/\/i0.wp.com\/thomasvino.ch\/wp-content\/uploads\/2016\/07\/monest_citron.jpg?fit=300%2C225&amp;ssl=1\" data-large-file=\"https:\/\/i0.wp.com\/thomasvino.ch\/wp-content\/uploads\/2016\/07\/monest_citron.jpg?fit=1024%2C768&amp;ssl=1\" loading=\"lazy\" class=\"size-medium wp-image-13760\" src=\"https:\/\/i0.wp.com\/www.thomasvino.ch\/wp-content\/uploads\/2016\/07\/monest_citron-300x225.jpg?resize=300%2C225\" alt=\"Vieille voiture devant nouveau chais!\" width=\"300\" height=\"225\" srcset=\"https:\/\/i0.wp.com\/thomasvino.ch\/wp-content\/uploads\/2016\/07\/monest_citron.jpg?resize=300%2C225&amp;ssl=1 300w, https:\/\/i0.wp.com\/thomasvino.ch\/wp-content\/uploads\/2016\/07\/monest_citron.jpg?resize=768%2C576&amp;ssl=1 768w, https:\/\/i0.wp.com\/thomasvino.ch\/wp-content\/uploads\/2016\/07\/monest_citron.jpg?resize=1024%2C768&amp;ssl=1 1024w, https:\/\/i0.wp.com\/thomasvino.ch\/wp-content\/uploads\/2016\/07\/monest_citron.jpg?w=2000&amp;ssl=1 2000w, https:\/\/i0.wp.com\/thomasvino.ch\/wp-content\/uploads\/2016\/07\/monest_citron.jpg?w=3000&amp;ssl=1 3000w\" sizes=\"(max-width: 300px) 100vw, 300px\" data-recalc-dims=\"1\" \/><\/a><p id=\"caption-attachment-13760\" class=\"wp-caption-text\"><em>Vieille voiture devant nouveau chais!<\/em><\/p><\/div>\n<p>Le vignoble, r\u00e9parti en trois lieux-dits d\u2019\u00e9gale surface (La Tour, Le Pigeonnier, Portier), a \u00e9t\u00e9 redimensionn\u00e9 en un peu moins de 25 hectares, amput\u00e9 de ses parcelles les moins int\u00e9ressantes, puis enrichi de vieilles vignes lou\u00e9es, et replant\u00e9 \u00e0 la densit\u00e9 de 10&rsquo;000 pieds hectare. Les vignes, sur terres argilo-calcaires, moutonnent entre bocages et \u00e9tangs d\u2019une remarquable biodiversit\u00e9. <em>\u00abLes papillons sont revenus\u00bb<\/em>, se f\u00e9licite <strong>Corinne Comme<\/strong>. Les 15 hectares de rouge sont r\u00e9partis entre merlot, majoritaire, un quart de cabernet franc, et le reste en cabernet sauvignon et en malbec. En blanc, sur 10 ha, le s\u00e9millon domine, avec un gros tiers de sauvignon blanc, et un peu de muscadelle, pour un blanc typiquement bordelais.<\/p>\n<p>Le domaine produit deux gammes de vins, l\u2019une, Cadran, en rouge, blanc et un peu de ros\u00e9, \u00e0 hauteur de 125&rsquo;000 bouteilles, et un C\u00f4tes de Bergerac rouge, le \u00abgrand vin\u00bb du domaine (10&rsquo;000 bouteilles), et, quand le climat le permet, un liquoreux en AOC Saussignac (1&rsquo;300 bouteilles). Le propri\u00e9taire veut mettre l\u2019accent sur des vins <em>\u00abfruit\u00e9s, agr\u00e9ables et accessibles\u00bb<\/em> \u2014 les rouges sont \u00e9lev\u00e9s en f\u00fbts de ch\u00eane fran\u00e7ais. La France, aussi en supermarch\u00e9 pour l\u2019instant, repr\u00e9sente le gros des ventes, devant la\u2026 Chine, gr\u00e2ce aux connexions de l\u2019horlogerie, la Suisse (un quart) et la Grande-Bretagne.<\/p>\n<h2><strong>Bergerac, pionnier des AOC et du bio<\/strong><\/h2>\n<p><em>\u00abBien s\u00fbr, pour faire du vin, on aurait pu miser sur Bordeaux\u00a0: c\u2019e\u00fbt \u00e9t\u00e9 plus facile et surtout, moins int\u00e9ressant\u00a0!\u00bb<\/em>, juge <strong>Karl Friedrich Scheufele<\/strong>. Il s\u2019engage pour la d\u00e9fense de l\u2019AOC Bergerac, qui f\u00eate, avec plusieurs autres, ses 80 ans cette ann\u00e9e \u2014 1936 a marqu\u00e9 la cr\u00e9ation de l\u2019\u00ab<em>appellation d\u2019origine contr\u00f4l\u00e9e\u00bb<\/em> (AOC) en France.<\/p>\n<p><strong>Longtemps, Bergerac s\u2019est consid\u00e9r\u00e9 comme un satellite de Bordeaux, mais, avec 11&rsquo;500 ha et 50 millions de litres de vin (la moiti\u00e9 de la production suisse annuelle), elle veut faire entendre sa voix propre dans le concert des vins de France.<\/strong><\/p>\n<div id=\"attachment_13259\" style=\"width: 310px\" class=\"wp-caption alignleft\"><a href=\"http:\/\/www.thomasvino.ch\/?attachment_id=13259\" rel=\"attachment wp-att-13259\"><img aria-describedby=\"caption-attachment-13259\" data-attachment-id=\"13259\" data-permalink=\"https:\/\/thomasvino.ch\/?attachment_id=13259\" data-orig-file=\"https:\/\/i0.wp.com\/thomasvino.ch\/wp-content\/uploads\/2015\/12\/z_chine_benoitbeigner_bacchus_.jpg?fit=2000%2C1499&amp;ssl=1\" data-orig-size=\"2000,1499\" data-comments-opened=\"0\" data-image-meta=\"{&quot;aperture&quot;:&quot;2.2&quot;,&quot;credit&quot;:&quot;&quot;,&quot;camera&quot;:&quot;iPhone 6&quot;,&quot;caption&quot;:&quot;&quot;,&quot;created_timestamp&quot;:&quot;1442245929&quot;,&quot;copyright&quot;:&quot;&quot;,&quot;focal_length&quot;:&quot;4.15&quot;,&quot;iso&quot;:&quot;32&quot;,&quot;shutter_speed&quot;:&quot;0.0004040404040404&quot;,&quot;title&quot;:&quot;&quot;,&quot;orientation&quot;:&quot;1&quot;}\" data-image-title=\"z_chine_benoitbeigner_bacchus_\" data-image-description=\"\" data-image-caption=\"&lt;p&gt;Benoit Beigner, oenologue fran\u00e7ais du Ch\u00e2teau Bacchus, \u00e0 Ningxia.&lt;\/p&gt;\n\" data-medium-file=\"https:\/\/i0.wp.com\/thomasvino.ch\/wp-content\/uploads\/2015\/12\/z_chine_benoitbeigner_bacchus_.jpg?fit=300%2C225&amp;ssl=1\" data-large-file=\"https:\/\/i0.wp.com\/thomasvino.ch\/wp-content\/uploads\/2015\/12\/z_chine_benoitbeigner_bacchus_.jpg?fit=1024%2C767&amp;ssl=1\" loading=\"lazy\" class=\"size-medium wp-image-13259\" src=\"https:\/\/i0.wp.com\/www.thomasvino.ch\/wp-content\/uploads\/2015\/12\/z_chine_benoitbeigner_bacchus_-300x225.jpg?resize=300%2C225\" alt=\"Benoit Beigner, oenologue fran\u00e7ais du Ch\u00e2teau Bacchus, \u00e0 Ningxia.\" width=\"300\" height=\"225\" srcset=\"https:\/\/i0.wp.com\/thomasvino.ch\/wp-content\/uploads\/2015\/12\/z_chine_benoitbeigner_bacchus_.jpg?resize=300%2C225&amp;ssl=1 300w, https:\/\/i0.wp.com\/thomasvino.ch\/wp-content\/uploads\/2015\/12\/z_chine_benoitbeigner_bacchus_.jpg?resize=768%2C576&amp;ssl=1 768w, https:\/\/i0.wp.com\/thomasvino.ch\/wp-content\/uploads\/2015\/12\/z_chine_benoitbeigner_bacchus_.jpg?resize=1024%2C767&amp;ssl=1 1024w, https:\/\/i0.wp.com\/thomasvino.ch\/wp-content\/uploads\/2015\/12\/z_chine_benoitbeigner_bacchus_.jpg?w=2000&amp;ssl=1 2000w\" sizes=\"(max-width: 300px) 100vw, 300px\" data-recalc-dims=\"1\" \/><\/a><p id=\"caption-attachment-13259\" class=\"wp-caption-text\"><em>Beno\u00eet Beigner, \u0153nologue fran\u00e7ais du Ch\u00e2teau Bacchus, \u00e0 Ningxia<\/em>.<\/p><\/div>\n<p><strong>Le bio y gagne du terrain chaque ann\u00e9e<\/strong>\u00a0: sa figure de proue,<strong> Luc de Conti<\/strong>, du<em><strong> Ch\u00e2teau Tour des Gendres<\/strong><\/em>, signe de magnifiques vins et exp\u00e9rimente la vinification des blancs en amphores d\u2019argile. A Montbazillac, <strong>Bruno Billancini<\/strong>, du <em><strong>Ch\u00e2teau Tirecul La Gravi\u00e8re<\/strong><\/em>, un <em>\u00abmust\u00bb<\/em> des vins liquoreux, s\u2019y est converti. Un des voisins du Suisse \u00e0 Monestier n\u2019est autre que <strong>Richard Doughty<\/strong>, qui a donn\u00e9 son pr\u00e9nom \u00e0 son ch\u00e2teau, il y a vingt-cinq ans, pr\u00e9sident des vins bios de France et vice-pr\u00e9sident de l\u2019Institut de l\u2019agriculture biologique. Non loin de l\u00e0, le jeune \u0153nologue <strong>Beno\u00eet Beigner<\/strong> \u2014 consultant volant dans le Ningxia, en Chine (<em>photo ci-contre<\/em>) \u2014, sur ses 8 hectares du <em><strong>Ch\u00e2teau P\u00e9cany<\/strong><\/em>, travaille en biodynamie, et vient de d\u00e9crocher pour son premier vin rouge bio en AOC C\u00f4tes de Bergerac (le 2015), le prix sp\u00e9cial bio (assorti d\u2019une m\u00e9daille d\u2019or) du Challenge International du Vin, ce printemps.<\/p>\n<p>Comme l\u2019\u00e9crit l\u2019ouvrage <em>\u00abBergerac, terre de passions\u00bb<\/em>, \u00e0 propos du <em><strong>Ch\u00e2teau Monestier La Tour<\/strong><\/em>, il s\u2019agit bien d\u2019<em>\u00abun souffle nouveau\u00bb<\/em> sur toute la r\u00e9gion\u00a0!<\/p>\n<p><em>Paru dans <\/em>H\u00f4tellerie et Gastronomie Hebdo<em> en \u00e9t\u00e9 2016.<br \/>\n<\/em><\/p>\n<p><em>\u00a9thomasvino.ch<\/em><\/p>\n","protected":false},"excerpt":{"rendered":"<p>L\u2019horloger genevois Karl Friederich Scheufele (Chopard) vient d\u2019inaugurer les chais du Ch\u00e2teau Monestier La Tour, en appellation contr\u00f4l\u00e9e Bergerac, qui f\u00eate ses 80 ans cette ann\u00e9e. Une histoire de passion, mais aussi de hasard. Par Pierre Thomas, de retour de Bergerac Avec son \u00e9pouse Christine, n\u00e9e dans la campagne nyonnaise, Karl Friederich Scheufele cherchaient une [&hellip;]<\/p>\n","protected":false},"author":3,"featured_media":0,"comment_status":"closed","ping_status":"open","sticky":false,"template":"","format":"standard","meta":{"_monsterinsights_skip_tracking":false,"_monsterinsights_sitenote_active":false,"_monsterinsights_sitenote_note":"","_monsterinsights_sitenote_category":0,"jetpack_post_was_ever_published":false,"jetpack_publicize_message":"","jetpack_is_tweetstorm":false,"jetpack_publicize_feature_enabled":true,"jetpack_social_post_already_shared":true,"jetpack_social_options":{"image_generator_settings":{"template":"highway","enabled":false}}},"categories":[29],"tags":[491,497,1396,1398,1395,1397,908],"jetpack_publicize_connections":[],"yoast_head":"<!-- This site is optimized with the Yoast SEO plugin v20.6 - https:\/\/yoast.com\/wordpress\/plugins\/seo\/ -->\n<title>Bergerac : du cadran solaire aux phases de lune - thomasvino<\/title>\n<meta name=\"robots\" content=\"index, follow, max-snippet:-1, max-image-preview:large, max-video-preview:-1\" \/>\n<link rel=\"canonical\" href=\"https:\/\/thomasvino.ch\/?p=13757\" \/>\n<meta property=\"og:locale\" content=\"fr_FR\" \/>\n<meta property=\"og:type\" content=\"article\" \/>\n<meta property=\"og:title\" content=\"Bergerac : du cadran solaire aux phases de lune - thomasvino\" \/>\n<meta property=\"og:description\" content=\"L\u2019horloger genevois Karl Friederich Scheufele (Chopard) vient d\u2019inaugurer les chais du Ch\u00e2teau Monestier La Tour, en appellation contr\u00f4l\u00e9e Bergerac, qui f\u00eate ses 80 ans cette ann\u00e9e. Une histoire de passion, mais aussi de hasard. Par Pierre Thomas, de retour de Bergerac Avec son \u00e9pouse Christine, n\u00e9e dans la campagne nyonnaise, Karl Friederich Scheufele cherchaient une [&hellip;]\" \/>\n<meta property=\"og:url\" content=\"https:\/\/thomasvino.ch\/?p=13757\" \/>\n<meta property=\"og:site_name\" content=\"thomasvino\" \/>\n<meta property=\"article:published_time\" content=\"2016-07-24T10:21:34+00:00\" \/>\n<meta property=\"article:modified_time\" content=\"2016-09-07T05:22:05+00:00\" \/>\n<meta property=\"og:image\" content=\"http:\/\/www.thomasvino.ch\/wp-content\/uploads\/2016\/07\/monest_chat-1024x683.jpg\" \/>\n<meta name=\"author\" content=\"Pierre Thomas\" \/>\n<meta name=\"twitter:label1\" content=\"\u00c9crit par\" \/>\n\t<meta name=\"twitter:data1\" content=\"Pierre Thomas\" \/>\n\t<meta name=\"twitter:label2\" content=\"Dur\u00e9e de lecture estim\u00e9e\" \/>\n\t<meta name=\"twitter:data2\" content=\"6 minutes\" \/>\n<script type=\"application\/ld+json\" class=\"yoast-schema-graph\">{\"@context\":\"https:\/\/schema.org\",\"@graph\":[{\"@type\":\"WebPage\",\"@id\":\"https:\/\/thomasvino.ch\/?p=13757\",\"url\":\"https:\/\/thomasvino.ch\/?p=13757\",\"name\":\"Bergerac : du cadran solaire aux phases de lune - thomasvino\",\"isPartOf\":{\"@id\":\"https:\/\/thomasvino.ch\/#website\"},\"datePublished\":\"2016-07-24T10:21:34+00:00\",\"dateModified\":\"2016-09-07T05:22:05+00:00\",\"author\":{\"@id\":\"https:\/\/thomasvino.ch\/#\/schema\/person\/670bf4486fe81152cf1d68bd585e062e\"},\"breadcrumb\":{\"@id\":\"https:\/\/thomasvino.ch\/?p=13757#breadcrumb\"},\"inLanguage\":\"fr-FR\",\"potentialAction\":[{\"@type\":\"ReadAction\",\"target\":[\"https:\/\/thomasvino.ch\/?p=13757\"]}]},{\"@type\":\"BreadcrumbList\",\"@id\":\"https:\/\/thomasvino.ch\/?p=13757#breadcrumb\",\"itemListElement\":[{\"@type\":\"ListItem\",\"position\":1,\"name\":\"Accueil\",\"item\":\"https:\/\/thomasvino.ch\/\"},{\"@type\":\"ListItem\",\"position\":2,\"name\":\"Bergerac : du cadran solaire aux phases de lune\"}]},{\"@type\":\"WebSite\",\"@id\":\"https:\/\/thomasvino.ch\/#website\",\"url\":\"https:\/\/thomasvino.ch\/\",\"name\":\"thomasvino\",\"description\":\"Vins &amp; Gastronomie\",\"potentialAction\":[{\"@type\":\"SearchAction\",\"target\":{\"@type\":\"EntryPoint\",\"urlTemplate\":\"https:\/\/thomasvino.ch\/?s={search_term_string}\"},\"query-input\":\"required name=search_term_string\"}],\"inLanguage\":\"fr-FR\"},{\"@type\":\"Person\",\"@id\":\"https:\/\/thomasvino.ch\/#\/schema\/person\/670bf4486fe81152cf1d68bd585e062e\",\"name\":\"Pierre Thomas\",\"image\":{\"@type\":\"ImageObject\",\"inLanguage\":\"fr-FR\",\"@id\":\"https:\/\/thomasvino.ch\/#\/schema\/person\/image\/\",\"url\":\"https:\/\/secure.gravatar.com\/avatar\/91fd5a76647f140e53db987a0dead4d7?s=96&d=mm&r=g\",\"contentUrl\":\"https:\/\/secure.gravatar.com\/avatar\/91fd5a76647f140e53db987a0dead4d7?s=96&d=mm&r=g\",\"caption\":\"Pierre Thomas\"},\"url\":\"https:\/\/thomasvino.ch\/?author=3\"}]}<\/script>\n<!-- \/ Yoast SEO plugin. -->","yoast_head_json":{"title":"Bergerac : du cadran solaire aux phases de lune - thomasvino","robots":{"index":"index","follow":"follow","max-snippet":"max-snippet:-1","max-image-preview":"max-image-preview:large","max-video-preview":"max-video-preview:-1"},"canonical":"https:\/\/thomasvino.ch\/?p=13757","og_locale":"fr_FR","og_type":"article","og_title":"Bergerac : du cadran solaire aux phases de lune - thomasvino","og_description":"L\u2019horloger genevois Karl Friederich Scheufele (Chopard) vient d\u2019inaugurer les chais du Ch\u00e2teau Monestier La Tour, en appellation contr\u00f4l\u00e9e Bergerac, qui f\u00eate ses 80 ans cette ann\u00e9e. Une histoire de passion, mais aussi de hasard. Par Pierre Thomas, de retour de Bergerac Avec son \u00e9pouse Christine, n\u00e9e dans la campagne nyonnaise, Karl Friederich Scheufele cherchaient une [&hellip;]","og_url":"https:\/\/thomasvino.ch\/?p=13757","og_site_name":"thomasvino","article_published_time":"2016-07-24T10:21:34+00:00","article_modified_time":"2016-09-07T05:22:05+00:00","og_image":[{"url":"http:\/\/www.thomasvino.ch\/wp-content\/uploads\/2016\/07\/monest_chat-1024x683.jpg"}],"author":"Pierre Thomas","twitter_misc":{"\u00c9crit par":"Pierre Thomas","Dur\u00e9e de lecture estim\u00e9e":"6 minutes"},"schema":{"@context":"https:\/\/schema.org","@graph":[{"@type":"WebPage","@id":"https:\/\/thomasvino.ch\/?p=13757","url":"https:\/\/thomasvino.ch\/?p=13757","name":"Bergerac : du cadran solaire aux phases de lune - thomasvino","isPartOf":{"@id":"https:\/\/thomasvino.ch\/#website"},"datePublished":"2016-07-24T10:21:34+00:00","dateModified":"2016-09-07T05:22:05+00:00","author":{"@id":"https:\/\/thomasvino.ch\/#\/schema\/person\/670bf4486fe81152cf1d68bd585e062e"},"breadcrumb":{"@id":"https:\/\/thomasvino.ch\/?p=13757#breadcrumb"},"inLanguage":"fr-FR","potentialAction":[{"@type":"ReadAction","target":["https:\/\/thomasvino.ch\/?p=13757"]}]},{"@type":"BreadcrumbList","@id":"https:\/\/thomasvino.ch\/?p=13757#breadcrumb","itemListElement":[{"@type":"ListItem","position":1,"name":"Accueil","item":"https:\/\/thomasvino.ch\/"},{"@type":"ListItem","position":2,"name":"Bergerac : du cadran solaire aux phases de lune"}]},{"@type":"WebSite","@id":"https:\/\/thomasvino.ch\/#website","url":"https:\/\/thomasvino.ch\/","name":"thomasvino","description":"Vins &amp; Gastronomie","potentialAction":[{"@type":"SearchAction","target":{"@type":"EntryPoint","urlTemplate":"https:\/\/thomasvino.ch\/?s={search_term_string}"},"query-input":"required name=search_term_string"}],"inLanguage":"fr-FR"},{"@type":"Person","@id":"https:\/\/thomasvino.ch\/#\/schema\/person\/670bf4486fe81152cf1d68bd585e062e","name":"Pierre Thomas","image":{"@type":"ImageObject","inLanguage":"fr-FR","@id":"https:\/\/thomasvino.ch\/#\/schema\/person\/image\/","url":"https:\/\/secure.gravatar.com\/avatar\/91fd5a76647f140e53db987a0dead4d7?s=96&d=mm&r=g","contentUrl":"https:\/\/secure.gravatar.com\/avatar\/91fd5a76647f140e53db987a0dead4d7?s=96&d=mm&r=g","caption":"Pierre Thomas"},"url":"https:\/\/thomasvino.ch\/?author=3"}]}},"jetpack_featured_media_url":"","jetpack_sharing_enabled":true,"jetpack_shortlink":"https:\/\/wp.me\/p3m4tZ-3zT","jetpack_likes_enabled":false,"jetpack-related-posts":[{"id":11840,"url":"https:\/\/thomasvino.ch\/?p=11840","url_meta":{"origin":13757,"position":0},"title":"Arvinis 2014, avant le 20\u00e8me anniversaire","date":"14 mars 2014","format":false,"excerpt":"Depuis bient\u00f4t 20 ans, Morges a su se placer comme capitale de printemps de la d\u00e9gsutation des vins suisses et \u00e9trangers. Id\u00e9alement plac\u00e9e entre Gen\u00e8ve et Lausanne, de surcro\u00eet avec un lieu d\u2019exposition pr\u00e9caire (mais assur\u00e9 jusqu\u2019en 2016), des halles en bois en face de la gare CFF, elle attire\u2026","rel":"","context":"Dans &quot;Actus - News&quot;","img":{"alt_text":"","src":"","width":0,"height":0},"classes":[]},{"id":14342,"url":"https:\/\/thomasvino.ch\/?p=14342","url_meta":{"origin":13757,"position":1},"title":"Ces \u00abSuisses\u00bb et leurs vignobles bordelais","date":"20 mai 2017","format":false,"excerpt":"Qui se cache derri\u00e8re les fa\u00e7ades des ch\u00e2teaux viticoles bordelais? Plusieurs riches propri\u00e9taires sont domicili\u00e9s sur l\u2019arc l\u00e9manique. La plupart sont Fran\u00e7ais, au b\u00e9n\u00e9fice d\u2019un forfait fiscal. Et quelques rares Helv\u00e8tes s\u2019y sont risqu\u00e9, eux aussi. Par Pierre Thomas, texte et photos. Bordeaux constitue toujours le centre du monde du\u2026","rel":"","context":"Dans &quot;Vins fran\u00e7ais&quot;","img":{"alt_text":"","src":"https:\/\/i0.wp.com\/thomasvino.ch\/wp-content\/uploads\/2017\/05\/site_yquem-300x225.jpg?resize=350%2C200&ssl=1","width":350,"height":200},"classes":[]},{"id":9810,"url":"https:\/\/thomasvino.ch\/?p=9810","url_meta":{"origin":13757,"position":2},"title":"Bordeaux \u2014 La grogne \u00e0 propos des primeurs 2005","date":"6 juillet 2006","format":false,"excerpt":"Bordeaux primeurs 2005 La grogne d\u2019un Genevois Tout le monde est d\u2019accord : 2005 a r\u00e9ussi la synth\u00e8se parfaite \u00e0 Bordeaux, dans les vins rouges, blancs secs et liquoreux. Encens\u00e9 par la critique internationale, le mill\u00e9sime atteint des sommets dans les offres de vente en primeurs. Au point qu\u2019un commer\u00e7ant\u2026","rel":"","context":"Dans &quot;Vins fran\u00e7ais&quot;","img":{"alt_text":"","src":"","width":0,"height":0},"classes":[]},{"id":9419,"url":"https:\/\/thomasvino.ch\/?p=9419","url_meta":{"origin":13757,"position":3},"title":"Quizz 2012: les r\u00e9ponses","date":"14 ao\u00fbt 2012","format":false,"excerpt":"Les solutions au quizz vins et produits du terroir 2012 1) C) Grandes Tables de Suisse 2) A) Giffers (Chevrilles) 3) B, Les Faverges (A chasselas de Vincent Chollet, \u00e0 Aran, C des Fr\u00e8res Dubois, \u00e0 Cully) 4) C) Henri Naef 5) B) la Grande Gruy\u00e8re de Bulle 6) C)\u2026","rel":"","context":"Dans &quot;Tendance&quot;","img":{"alt_text":"","src":"","width":0,"height":0},"classes":[]},{"id":9418,"url":"https:\/\/thomasvino.ch\/?p=9418","url_meta":{"origin":13757,"position":4},"title":"Vins et produits, le quizz de l&rsquo;\u00e9t\u00e9 2012","date":"14 ao\u00fbt 2012","format":false,"excerpt":"Etes-vous expert en vins et produits du terroir? Vous aimez manger et (bien) boire? Alors, testez vos connaissances dans quatre domaines labellis\u00e9s: local, terroir, vins suisses et (vini)culture. Bonne chance! 75 pistes \u00e0 examiner avec 3 possibilit\u00e9s \u00e0 chaque question. Et un indice troublant: plus de 25 bonnes r\u00e9ponses! Par\u2026","rel":"","context":"Dans &quot;Tendance&quot;","img":{"alt_text":"","src":"","width":0,"height":0},"classes":[]},{"id":11764,"url":"https:\/\/thomasvino.ch\/?p=11764","url_meta":{"origin":13757,"position":5},"title":"Les \u00e9toil\u00e9s Michelin 2014","date":"25 f\u00e9vrier 2014","format":false,"excerpt":"Le Guide Michelin a communiqu\u00e9, sur son site Internet, les nouveaux \u00e9toil\u00e9s 2014 pour la France. Les r\u00e9gions viticoles s'en tirent bien, avec le seul nouveau trois \u00e9toiles, l'Assiette champenoise, \u00e0 Reims, o\u00f9 Arnaud Lallement a succ\u00e9d\u00e9 \u00e0 son p\u00e8re, et, parmi les deux macarons, la Villa Madie, \u00e0 Cassis,\u2026","rel":"","context":"Dans &quot;Tendance&quot;","img":{"alt_text":"","src":"","width":0,"height":0},"classes":[]}],"_links":{"self":[{"href":"https:\/\/thomasvino.ch\/index.php?rest_route=\/wp\/v2\/posts\/13757"}],"collection":[{"href":"https:\/\/thomasvino.ch\/index.php?rest_route=\/wp\/v2\/posts"}],"about":[{"href":"https:\/\/thomasvino.ch\/index.php?rest_route=\/wp\/v2\/types\/post"}],"author":[{"embeddable":true,"href":"https:\/\/thomasvino.ch\/index.php?rest_route=\/wp\/v2\/users\/3"}],"replies":[{"embeddable":true,"href":"https:\/\/thomasvino.ch\/index.php?rest_route=%2Fwp%2Fv2%2Fcomments&post=13757"}],"version-history":[{"count":0,"href":"https:\/\/thomasvino.ch\/index.php?rest_route=\/wp\/v2\/posts\/13757\/revisions"}],"wp:attachment":[{"href":"https:\/\/thomasvino.ch\/index.php?rest_route=%2Fwp%2Fv2%2Fmedia&parent=13757"}],"wp:term":[{"taxonomy":"category","embeddable":true,"href":"https:\/\/thomasvino.ch\/index.php?rest_route=%2Fwp%2Fv2%2Fcategories&post=13757"},{"taxonomy":"post_tag","embeddable":true,"href":"https:\/\/thomasvino.ch\/index.php?rest_route=%2Fwp%2Fv2%2Ftags&post=13757"}],"curies":[{"name":"wp","href":"https:\/\/api.w.org\/{rel}","templated":true}]}}