{"id":13797,"date":"2016-08-25T18:33:30","date_gmt":"2016-08-25T17:33:30","guid":{"rendered":"http:\/\/www.thomasvino.ch\/?p=13797"},"modified":"2016-08-25T18:43:00","modified_gmt":"2016-08-25T17:43:00","slug":"affaire-giroud-lemission-temps-present-epinglee","status":"publish","type":"post","link":"https:\/\/thomasvino.ch\/?p=13797","title":{"rendered":"Affaire Giroud: l&rsquo;\u00e9mission \u00abTemps pr\u00e9sent\u00bb \u00e9pingl\u00e9e"},"content":{"rendered":"<p><strong>L&rsquo;Autorit\u00e9 ind\u00e9pendante d&rsquo;examen des plaintes en mati\u00e8re de radio-t\u00e9l\u00e9vision (AIEP) a accept\u00e9 une plainte de Dominique Giroud contre une \u00e9mission de la RTS. Elle visait l&rsquo;\u00e9mission <em>\u00ab\u00a0Temps pr\u00e9sent\u00a0\u00bb<\/em> consacr\u00e9e au syst\u00e8me de surveillance du secteur vini-viticole. Le site <a href=\"http:\/\/www.swissinfo.ch\/fre\/l-aiep-accepte-une-plainte-contre--temps-pr%C3%A9sent-\/42398650\">www.swissinfo.ch<\/a> donne la d\u00e9p\u00eache de l&rsquo;ats, dat\u00e9e du 25 ao\u00fbt 2016. Le <a href=\"http:\/\/www.ubi.admin.ch\/fr\/dokumentation_aktuelle_mitteilungen.htm\">site officiel de l&rsquo;AIEP<\/a> ne mentionne aucun communiqu\u00e9 le jour-m\u00eame.<\/strong><\/p>\n<p>La plainte de l&rsquo;encaveur valaisan a \u00e9t\u00e9 accept\u00e9e par cinq voix contre quatre. La d\u00e9cision est tomb\u00e9e jeudi dans le cadre des d\u00e9lib\u00e9rations publiques de l&rsquo;AIEP qui se sont d\u00e9roul\u00e9es \u00e0 Aarau.<\/p>\n<p>La plainte visait l&rsquo;\u00e9mission <em>\u00ab\u00a0Temps pr\u00e9sent\u00a0\u00bb<\/em> du 22 janvier 2015, intitul\u00e9e <em>\u00ab\u00a0Affaire Giroud, du<\/em> vin<em> en eaux troubles\u00a0\u00bb<\/em>. Ce reportage de 50 minutes visait \u00e0 mettre en lumi\u00e8re les dysfonctionnements affectant le syst\u00e8me de surveillance du secteur vini-viticole au regard des enseignements tir\u00e9s de l&rsquo;affaire Giroud.<\/p>\n<p>Bien que le reportage soit consacr\u00e9 essentiellement \u00e0 ces dysfonctionnements, l&rsquo;affaire li\u00e9e \u00e0 l&rsquo;encaveur <strong>Dominique Giroud<\/strong> y joue un grand r\u00f4le, souligne l&rsquo;AIEP. La majorit\u00e9 de l&rsquo;AIEP estime que l&rsquo;\u00e9mission n&rsquo;a pas respect\u00e9 l&rsquo;\u00e9quilibre n\u00e9cessaire.<\/p>\n<p><strong>\u00abPas objectif\u00bb \u00e0 5 contre 4<br \/>\n<\/strong><\/p>\n<p>La majorit\u00e9 de l&rsquo;Autorit\u00e9 ind\u00e9pendante estime que dans ce reportage, l&rsquo;encaveur valaisan est montr\u00e9 sous un mauvais jour. Il n&rsquo;\u00e9tait pas n\u00e9cessaire d&rsquo;\u00e9voquer certains aspects, comme l&rsquo;appartenance religieuse de <strong>Dominique Giroud<\/strong>. D&rsquo;anciens faits ont aussi \u00e9t\u00e9 \u00e9voqu\u00e9s dans l&rsquo;\u00e9mission. Le reportage n&rsquo;\u00e9tait pas objectif, estime la majorit\u00e9.<\/p>\n<p>La minorit\u00e9, par contre, trouve que l&rsquo;\u00e9mission \u00e9tait objective, bien que l&rsquo;on puisse parler d&rsquo;un <em>\u00ab\u00a0cas limite\u00a0\u00bb<\/em>. Le reportage comporte des d\u00e9fauts, comme la r\u00e9f\u00e9rence \u00e0 la religion de l&rsquo;encaveur valaisan. Ces \u00e9l\u00e9ments ne remettent toutefois pas en cause toute l&rsquo;\u00e9mission. Les faits sont de mani\u00e8re g\u00e9n\u00e9rale rapport\u00e9s correctement. On ne peut pas parler de vin sans faire r\u00e9f\u00e9rence \u00e0 <strong>Dominique Giroud<\/strong>, selon la minorit\u00e9 de l&rsquo;AIEP.<\/p>\n<p><strong>Fausses informations sans rapport avec la th\u00e9matique<br \/>\n<\/strong><\/p>\n<p>Dans sa plainte, Dominique Giroud estime que le reportage de <em>\u00ab\u00a0Temps pr\u00e9sent\u00a0\u00bb<\/em> a viol\u00e9 la pr\u00e9sentation fid\u00e8le des \u00e9v\u00e9nements. Il estime aussi que l&rsquo;\u00e9mission contient de fausses informations et sans rapport avec la th\u00e9matique trait\u00e9e. Certains faits essentiels auraient \u00e9t\u00e9 pass\u00e9s sous silence.<\/p>\n<p>L&rsquo;AIEP a par contre rejet\u00e9 \u00e0 l&rsquo;unanimit\u00e9 des plaintes contre deux autres \u00e9missions de la RTS (<em>\u00ab\u00a0Le journal 19:30\u00a0\u00bb<\/em> du 8 f\u00e9vrier 2015 et <em>\u00ab\u00a0Mise au point\u00a0\u00bb<\/em> du 15 f\u00e9vrier 2015). Des images de <strong>Dominique Giroud<\/strong> y ont \u00e9t\u00e9 diffus\u00e9es, malgr\u00e9 le refus explicite de l&rsquo;encaveur valaisan. Ces images ont \u00e9t\u00e9 prises lors d&rsquo;apparitions publiques du plaignant, fait valoir l&rsquo;Autorit\u00e9 ind\u00e9pendante.<\/p>\n<p>L&rsquo;AIEP est une commission extraparlementaire de la Conf\u00e9d\u00e9ration. Elle se compose de neuf membres et est pr\u00e9sid\u00e9e par l&rsquo;avocat grison <strong>Vincent Augustin<\/strong>. Les d\u00e9cisions de l&rsquo;AIEP peuvent \u00eatre contest\u00e9es aupr\u00e8s du Tribunal f\u00e9d\u00e9ral.<\/p>\n<p>Cette d\u00e9p\u00eache est sign\u00e9e sda-ats.<\/p>\n<p><em>thomasvino.ch<\/em><\/p>\n","protected":false},"excerpt":{"rendered":"<p>L&rsquo;Autorit\u00e9 ind\u00e9pendante d&rsquo;examen des plaintes en mati\u00e8re de radio-t\u00e9l\u00e9vision (AIEP) a accept\u00e9 une plainte de Dominique Giroud contre une \u00e9mission de la RTS. Elle visait l&rsquo;\u00e9mission \u00ab\u00a0Temps pr\u00e9sent\u00a0\u00bb consacr\u00e9e au syst\u00e8me de surveillance du secteur vini-viticole. Le site www.swissinfo.ch donne la d\u00e9p\u00eache de l&rsquo;ats, dat\u00e9e du 25 ao\u00fbt 2016. Le site officiel de l&rsquo;AIEP ne [&hellip;]<\/p>\n","protected":false},"author":3,"featured_media":0,"comment_status":"closed","ping_status":"open","sticky":false,"template":"","format":"standard","meta":{"_monsterinsights_skip_tracking":false,"_monsterinsights_sitenote_active":false,"_monsterinsights_sitenote_note":"","_monsterinsights_sitenote_category":0,"jetpack_post_was_ever_published":false,"jetpack_publicize_message":"","jetpack_is_tweetstorm":false,"jetpack_publicize_feature_enabled":true,"jetpack_social_post_already_shared":true,"jetpack_social_options":{"image_generator_settings":{"template":"highway","enabled":false}}},"categories":[15],"tags":[369,289,1042],"jetpack_publicize_connections":[],"yoast_head":"<!-- This site is optimized with the Yoast SEO plugin v20.6 - https:\/\/yoast.com\/wordpress\/plugins\/seo\/ -->\n<title>Affaire Giroud: l&#039;\u00e9mission \u00abTemps pr\u00e9sent\u00bb \u00e9pingl\u00e9e - thomasvino<\/title>\n<meta name=\"robots\" content=\"index, follow, max-snippet:-1, max-image-preview:large, max-video-preview:-1\" \/>\n<link rel=\"canonical\" href=\"https:\/\/thomasvino.ch\/?p=13797\" \/>\n<meta property=\"og:locale\" content=\"fr_FR\" \/>\n<meta property=\"og:type\" content=\"article\" \/>\n<meta property=\"og:title\" content=\"Affaire Giroud: l&#039;\u00e9mission \u00abTemps pr\u00e9sent\u00bb \u00e9pingl\u00e9e - thomasvino\" \/>\n<meta property=\"og:description\" content=\"L&rsquo;Autorit\u00e9 ind\u00e9pendante d&rsquo;examen des plaintes en mati\u00e8re de radio-t\u00e9l\u00e9vision (AIEP) a accept\u00e9 une plainte de Dominique Giroud contre une \u00e9mission de la RTS. Elle visait l&rsquo;\u00e9mission \u00ab\u00a0Temps pr\u00e9sent\u00a0\u00bb consacr\u00e9e au syst\u00e8me de surveillance du secteur vini-viticole. Le site www.swissinfo.ch donne la d\u00e9p\u00eache de l&rsquo;ats, dat\u00e9e du 25 ao\u00fbt 2016. Le site officiel de l&rsquo;AIEP ne [&hellip;]\" \/>\n<meta property=\"og:url\" content=\"https:\/\/thomasvino.ch\/?p=13797\" \/>\n<meta property=\"og:site_name\" content=\"thomasvino\" \/>\n<meta property=\"article:published_time\" content=\"2016-08-25T17:33:30+00:00\" \/>\n<meta property=\"article:modified_time\" content=\"2016-08-25T17:43:00+00:00\" \/>\n<meta name=\"author\" content=\"Pierre Thomas\" \/>\n<meta name=\"twitter:label1\" content=\"\u00c9crit par\" \/>\n\t<meta name=\"twitter:data1\" content=\"Pierre Thomas\" \/>\n\t<meta name=\"twitter:label2\" content=\"Dur\u00e9e de lecture estim\u00e9e\" \/>\n\t<meta name=\"twitter:data2\" content=\"3 minutes\" \/>\n<script type=\"application\/ld+json\" class=\"yoast-schema-graph\">{\"@context\":\"https:\/\/schema.org\",\"@graph\":[{\"@type\":\"WebPage\",\"@id\":\"https:\/\/thomasvino.ch\/?p=13797\",\"url\":\"https:\/\/thomasvino.ch\/?p=13797\",\"name\":\"Affaire Giroud: l'\u00e9mission \u00abTemps pr\u00e9sent\u00bb \u00e9pingl\u00e9e - thomasvino\",\"isPartOf\":{\"@id\":\"https:\/\/thomasvino.ch\/#website\"},\"datePublished\":\"2016-08-25T17:33:30+00:00\",\"dateModified\":\"2016-08-25T17:43:00+00:00\",\"author\":{\"@id\":\"https:\/\/thomasvino.ch\/#\/schema\/person\/670bf4486fe81152cf1d68bd585e062e\"},\"breadcrumb\":{\"@id\":\"https:\/\/thomasvino.ch\/?p=13797#breadcrumb\"},\"inLanguage\":\"fr-FR\",\"potentialAction\":[{\"@type\":\"ReadAction\",\"target\":[\"https:\/\/thomasvino.ch\/?p=13797\"]}]},{\"@type\":\"BreadcrumbList\",\"@id\":\"https:\/\/thomasvino.ch\/?p=13797#breadcrumb\",\"itemListElement\":[{\"@type\":\"ListItem\",\"position\":1,\"name\":\"Accueil\",\"item\":\"https:\/\/thomasvino.ch\/\"},{\"@type\":\"ListItem\",\"position\":2,\"name\":\"Affaire Giroud: l&rsquo;\u00e9mission \u00abTemps pr\u00e9sent\u00bb \u00e9pingl\u00e9e\"}]},{\"@type\":\"WebSite\",\"@id\":\"https:\/\/thomasvino.ch\/#website\",\"url\":\"https:\/\/thomasvino.ch\/\",\"name\":\"thomasvino\",\"description\":\"Vins &amp; Gastronomie\",\"potentialAction\":[{\"@type\":\"SearchAction\",\"target\":{\"@type\":\"EntryPoint\",\"urlTemplate\":\"https:\/\/thomasvino.ch\/?s={search_term_string}\"},\"query-input\":\"required name=search_term_string\"}],\"inLanguage\":\"fr-FR\"},{\"@type\":\"Person\",\"@id\":\"https:\/\/thomasvino.ch\/#\/schema\/person\/670bf4486fe81152cf1d68bd585e062e\",\"name\":\"Pierre Thomas\",\"image\":{\"@type\":\"ImageObject\",\"inLanguage\":\"fr-FR\",\"@id\":\"https:\/\/thomasvino.ch\/#\/schema\/person\/image\/\",\"url\":\"https:\/\/secure.gravatar.com\/avatar\/91fd5a76647f140e53db987a0dead4d7?s=96&d=mm&r=g\",\"contentUrl\":\"https:\/\/secure.gravatar.com\/avatar\/91fd5a76647f140e53db987a0dead4d7?s=96&d=mm&r=g\",\"caption\":\"Pierre Thomas\"},\"url\":\"https:\/\/thomasvino.ch\/?author=3\"}]}<\/script>\n<!-- \/ Yoast SEO plugin. -->","yoast_head_json":{"title":"Affaire Giroud: l'\u00e9mission \u00abTemps pr\u00e9sent\u00bb \u00e9pingl\u00e9e - thomasvino","robots":{"index":"index","follow":"follow","max-snippet":"max-snippet:-1","max-image-preview":"max-image-preview:large","max-video-preview":"max-video-preview:-1"},"canonical":"https:\/\/thomasvino.ch\/?p=13797","og_locale":"fr_FR","og_type":"article","og_title":"Affaire Giroud: l'\u00e9mission \u00abTemps pr\u00e9sent\u00bb \u00e9pingl\u00e9e - thomasvino","og_description":"L&rsquo;Autorit\u00e9 ind\u00e9pendante d&rsquo;examen des plaintes en mati\u00e8re de radio-t\u00e9l\u00e9vision (AIEP) a accept\u00e9 une plainte de Dominique Giroud contre une \u00e9mission de la RTS. Elle visait l&rsquo;\u00e9mission \u00ab\u00a0Temps pr\u00e9sent\u00a0\u00bb consacr\u00e9e au syst\u00e8me de surveillance du secteur vini-viticole. Le site www.swissinfo.ch donne la d\u00e9p\u00eache de l&rsquo;ats, dat\u00e9e du 25 ao\u00fbt 2016. Le site officiel de l&rsquo;AIEP ne [&hellip;]","og_url":"https:\/\/thomasvino.ch\/?p=13797","og_site_name":"thomasvino","article_published_time":"2016-08-25T17:33:30+00:00","article_modified_time":"2016-08-25T17:43:00+00:00","author":"Pierre Thomas","twitter_misc":{"\u00c9crit par":"Pierre Thomas","Dur\u00e9e de lecture estim\u00e9e":"3 minutes"},"schema":{"@context":"https:\/\/schema.org","@graph":[{"@type":"WebPage","@id":"https:\/\/thomasvino.ch\/?p=13797","url":"https:\/\/thomasvino.ch\/?p=13797","name":"Affaire Giroud: l'\u00e9mission \u00abTemps pr\u00e9sent\u00bb \u00e9pingl\u00e9e - thomasvino","isPartOf":{"@id":"https:\/\/thomasvino.ch\/#website"},"datePublished":"2016-08-25T17:33:30+00:00","dateModified":"2016-08-25T17:43:00+00:00","author":{"@id":"https:\/\/thomasvino.ch\/#\/schema\/person\/670bf4486fe81152cf1d68bd585e062e"},"breadcrumb":{"@id":"https:\/\/thomasvino.ch\/?p=13797#breadcrumb"},"inLanguage":"fr-FR","potentialAction":[{"@type":"ReadAction","target":["https:\/\/thomasvino.ch\/?p=13797"]}]},{"@type":"BreadcrumbList","@id":"https:\/\/thomasvino.ch\/?p=13797#breadcrumb","itemListElement":[{"@type":"ListItem","position":1,"name":"Accueil","item":"https:\/\/thomasvino.ch\/"},{"@type":"ListItem","position":2,"name":"Affaire Giroud: l&rsquo;\u00e9mission \u00abTemps pr\u00e9sent\u00bb \u00e9pingl\u00e9e"}]},{"@type":"WebSite","@id":"https:\/\/thomasvino.ch\/#website","url":"https:\/\/thomasvino.ch\/","name":"thomasvino","description":"Vins &amp; Gastronomie","potentialAction":[{"@type":"SearchAction","target":{"@type":"EntryPoint","urlTemplate":"https:\/\/thomasvino.ch\/?s={search_term_string}"},"query-input":"required name=search_term_string"}],"inLanguage":"fr-FR"},{"@type":"Person","@id":"https:\/\/thomasvino.ch\/#\/schema\/person\/670bf4486fe81152cf1d68bd585e062e","name":"Pierre Thomas","image":{"@type":"ImageObject","inLanguage":"fr-FR","@id":"https:\/\/thomasvino.ch\/#\/schema\/person\/image\/","url":"https:\/\/secure.gravatar.com\/avatar\/91fd5a76647f140e53db987a0dead4d7?s=96&d=mm&r=g","contentUrl":"https:\/\/secure.gravatar.com\/avatar\/91fd5a76647f140e53db987a0dead4d7?s=96&d=mm&r=g","caption":"Pierre Thomas"},"url":"https:\/\/thomasvino.ch\/?author=3"}]}},"jetpack_featured_media_url":"","jetpack_sharing_enabled":true,"jetpack_shortlink":"https:\/\/wp.me\/p3m4tZ-3Ax","jetpack_likes_enabled":false,"jetpack-related-posts":[{"id":12758,"url":"https:\/\/thomasvino.ch\/?p=12758","url_meta":{"origin":13797,"position":0},"title":"Affaire Giroud: l&rsquo;IVV porte plainte pour \u00abconcurrence d\u00e9loyale\u00bb","date":"18 mai 2015","format":false,"excerpt":"Dans un communiqu\u00e9 dat\u00e9 du 18 mai 2015, l\u2019Interprofession de la Vigne et du Vin du Valais (IVV), par son nouveau pr\u00e9sident, Yvan Aymon, dit avoir d\u00e9pos\u00e9 une plainte p\u00e9nale pour concurrence d\u00e9loyale contre l\u2019encaveur Dominique Giroud, au d\u00e9but avril d\u00e9j\u00e0. L\u2019IVV souhaite \u00abfaire toute la lumi\u00e8re sur des infractions\u2026","rel":"","context":"Dans &quot;Actus - News&quot;","img":{"alt_text":"","src":"","width":0,"height":0},"classes":[]},{"id":12510,"url":"https:\/\/thomasvino.ch\/?p=12510","url_meta":{"origin":13797,"position":1},"title":"Jeudi 22.1.2015 : \u00abTemps Pr\u00e9sent\u00bb et l\u2019\u00abaffaire Giroud\u00bb","date":"21 janvier 2015","format":false,"excerpt":"Cela fait un peu plus d\u2019un an que l\u2019\u00abaffaire Giroud\u00bb, du nom de l\u2019encaveur valaisan Dominique Giroud, alimente la chronique. D\u2019abord financi\u00e8re et fiscale, elle est devenue politique valaiso-valaisanne, et n\u2019a pas manqu\u00e9 de d\u00e9border sur son \u00abbusiness\u00bb de base, le commerce de vin. A cause d\u2019elle, les milieux vitivinicoles\u2026","rel":"","context":"Dans &quot;Actus - News&quot;","img":{"alt_text":"","src":"","width":0,"height":0},"classes":[]},{"id":12406,"url":"https:\/\/thomasvino.ch\/?p=12406","url_meta":{"origin":13797,"position":2},"title":"Giroud Vins  Pas de fendant dans le saint-saph\u2019","date":"3 d\u00e9cembre 2014","format":false,"excerpt":"Le porte-parole de l'encaveur valaisan Dominique Giroud, le Lausannois Marc Comina, communique\u00a0: \u00abEn 2006, Dominique Giroud a commercialis\u00e9 un lot de 100'000 bouteilles de St-Saphorin. En 2009, cette transaction a fait l\u2019objet d\u2019une plainte p\u00e9nale. Apr\u00e8s une enqu\u00eate exhaustive, le Minist\u00e8re public conclut express\u00e9ment aujourd\u2019hui que \u00ables 100'000 bouteilles de\u2026","rel":"","context":"Dans &quot;Actus - News&quot;","img":{"alt_text":"","src":"","width":0,"height":0},"classes":[]},{"id":11854,"url":"https:\/\/thomasvino.ch\/?p=11854","url_meta":{"origin":13797,"position":3},"title":"Affaire Giroud: rebondissements!","date":"17 mars 2014","format":false,"excerpt":"Le directeur sortant, en d\u00e9cembre 2013, des Fils Maye SA, \u00e0 Riddes, a retrouv\u00e9 de l'embauche. Selon la Feuille officielle suisse du commerce du 7 mars 2014, Charles-Albert Fumeaux est inscrit comme pr\u00e9sident de la soci\u00e9t\u00e9 Ch\u00e2teau Constellation SA, du nom de l'assemblage haut de gamme de Giroud Vins SA,\u2026","rel":"","context":"Dans &quot;Actus - News&quot;","img":{"alt_text":"","src":"","width":0,"height":0},"classes":[]},{"id":14869,"url":"https:\/\/thomasvino.ch\/?p=14869","url_meta":{"origin":13797,"position":4},"title":"Fraudes \u00e0 l\u2019AOC\u00a0: le Conseil d\u2019Etat valaisan a port\u00e9 plainte","date":"22 janvier 2018","format":false,"excerpt":"Le Conseil d\u2019Etat du Valais, selon son communiqu\u00e9 dat\u00e9 du 22 janvier 2018, a \u00abd\u00e9pos\u00e9 quatre plaintes et s\u2019est constitu\u00e9 partie civile \u00e0 la proc\u00e9dure p\u00e9nale, dans le cadre de faits laissant supposer l\u2019existence d\u2019un m\u00e9canisme permettant de contourner les r\u00e8gles de l\u2019AOC Valais.\u00bb Ce d\u00e9p\u00f4t de plaintes date d\u2019il\u2026","rel":"","context":"Dans &quot;Actus - News&quot;","img":{"alt_text":"","src":"","width":0,"height":0},"classes":[]},{"id":12518,"url":"https:\/\/thomasvino.ch\/?p=12518","url_meta":{"origin":13797,"position":5},"title":"Affaire Giroud  Questions pour un champion","date":"23 janvier 2015","format":false,"excerpt":"Jeudi 22 janvier, l\u2019\u00e9mission Temps Pr\u00e9sent de la TSR est revenue sur les multiples facettes de \u00abl\u2019affaire Giroud\u00bb, qui secoue depuis un peu plus d\u2019un an le microcosme valaisan. Retour sur le volet vitivinicole, plut\u00f4t que sur le contr\u00f4le des vins, les imp\u00f4ts et la politique. Par Pierre Thomas Le\u2026","rel":"","context":"Dans &quot;Actus - News&quot;","img":{"alt_text":"","src":"","width":0,"height":0},"classes":[]}],"_links":{"self":[{"href":"https:\/\/thomasvino.ch\/index.php?rest_route=\/wp\/v2\/posts\/13797"}],"collection":[{"href":"https:\/\/thomasvino.ch\/index.php?rest_route=\/wp\/v2\/posts"}],"about":[{"href":"https:\/\/thomasvino.ch\/index.php?rest_route=\/wp\/v2\/types\/post"}],"author":[{"embeddable":true,"href":"https:\/\/thomasvino.ch\/index.php?rest_route=\/wp\/v2\/users\/3"}],"replies":[{"embeddable":true,"href":"https:\/\/thomasvino.ch\/index.php?rest_route=%2Fwp%2Fv2%2Fcomments&post=13797"}],"version-history":[{"count":0,"href":"https:\/\/thomasvino.ch\/index.php?rest_route=\/wp\/v2\/posts\/13797\/revisions"}],"wp:attachment":[{"href":"https:\/\/thomasvino.ch\/index.php?rest_route=%2Fwp%2Fv2%2Fmedia&parent=13797"}],"wp:term":[{"taxonomy":"category","embeddable":true,"href":"https:\/\/thomasvino.ch\/index.php?rest_route=%2Fwp%2Fv2%2Fcategories&post=13797"},{"taxonomy":"post_tag","embeddable":true,"href":"https:\/\/thomasvino.ch\/index.php?rest_route=%2Fwp%2Fv2%2Ftags&post=13797"}],"curies":[{"name":"wp","href":"https:\/\/api.w.org\/{rel}","templated":true}]}}