{"id":13914,"date":"2016-11-09T12:23:43","date_gmt":"2016-11-09T11:23:43","guid":{"rendered":"http:\/\/www.thomasvino.ch\/?p=13914"},"modified":"2016-11-09T12:23:43","modified_gmt":"2016-11-09T11:23:43","slug":"meilleur-sommelier-de-suisse-en-deux-temps","status":"publish","type":"post","link":"https:\/\/thomasvino.ch\/?p=13914","title":{"rendered":"\u00abMeilleur sommelier de Suisse\u00bb, en deux temps"},"content":{"rendered":"<p><a href=\"http:\/\/www.thomasvino.ch\/?attachment_id=13915\" rel=\"attachment wp-att-13915\"><img data-attachment-id=\"13915\" data-permalink=\"https:\/\/thomasvino.ch\/?attachment_id=13915\" data-orig-file=\"https:\/\/i0.wp.com\/thomasvino.ch\/wp-content\/uploads\/2016\/11\/reza_nahaboo.jpg?fit=159%2C240&amp;ssl=1\" data-orig-size=\"159,240\" data-comments-opened=\"0\" data-image-meta=\"{&quot;aperture&quot;:&quot;0&quot;,&quot;credit&quot;:&quot;&quot;,&quot;camera&quot;:&quot;&quot;,&quot;caption&quot;:&quot;&quot;,&quot;created_timestamp&quot;:&quot;0&quot;,&quot;copyright&quot;:&quot;&quot;,&quot;focal_length&quot;:&quot;0&quot;,&quot;iso&quot;:&quot;0&quot;,&quot;shutter_speed&quot;:&quot;0&quot;,&quot;title&quot;:&quot;&quot;,&quot;orientation&quot;:&quot;0&quot;}\" data-image-title=\"reza_nahaboo\" data-image-description=\"\" data-image-caption=\"\" data-medium-file=\"https:\/\/i0.wp.com\/thomasvino.ch\/wp-content\/uploads\/2016\/11\/reza_nahaboo.jpg?fit=159%2C240&amp;ssl=1\" data-large-file=\"https:\/\/i0.wp.com\/thomasvino.ch\/wp-content\/uploads\/2016\/11\/reza_nahaboo.jpg?fit=159%2C240&amp;ssl=1\" loading=\"lazy\" class=\"alignleft size-full wp-image-13915\" src=\"https:\/\/i0.wp.com\/www.thomasvino.ch\/wp-content\/uploads\/2016\/11\/reza_nahaboo.jpg?resize=159%2C240\" alt=\"reza_nahaboo\" width=\"159\" height=\"240\" data-recalc-dims=\"1\" \/><\/a>Le dimanche 30 octobre, \u00e0 l&rsquo;h\u00f4tel Beau-Rivage \u00e0 Gen\u00e8ve, le sommelier du Royal Savoy, \u00e0 Lausanne, <strong>R\u00e9za Nahaboo <\/strong>(<em>photo<\/em>) a remport\u00e9 le titre national 2016.<\/p>\n<p>Le jour suivant, les <strong>anciens meilleurs sommeliers de Suisse<\/strong> et deux finalistes du concours 2016 se disputaient la place de la Suisse au concours du meilleur sommelier d\u2019Europe, qui aura lieu du 8 au 13 mai 2017 \u00e0 Vienne.<\/p>\n<p>Et c\u2019est <strong>Fabio Masi<\/strong>, du restaurant Il Lago, \u00e0 l\u2019h\u00f4tel des Bergues, \u00e0 Gen\u00e8ve, meilleur sommelier 2012, qui l\u2019a emport\u00e9. Pour cette \u00e9preuve, il s\u2019agissait de r\u00e9pondre \u00e0 un questionnaires de 70 rubriques, de d\u00e9guster \u00e0 l\u2019aveugle 8 vins, de r\u00e9aliser des accords mets et vins, et de faire partager ses connaissances sur la formation du personnel, la vente et la communication.<\/p>\n<p><em>\u00a9thomasvino.ch<\/em><\/p>\n<p><em><\/em><\/p>\n","protected":false},"excerpt":{"rendered":"<p>Le dimanche 30 octobre, \u00e0 l&rsquo;h\u00f4tel Beau-Rivage \u00e0 Gen\u00e8ve, le sommelier du Royal Savoy, \u00e0 Lausanne, R\u00e9za Nahaboo (photo) a remport\u00e9 le titre national 2016. Le jour suivant, les anciens meilleurs sommeliers de Suisse et deux finalistes du concours 2016 se disputaient la place de la Suisse au concours du meilleur sommelier d\u2019Europe, qui aura [&hellip;]<\/p>\n","protected":false},"author":3,"featured_media":0,"comment_status":"closed","ping_status":"open","sticky":false,"template":"","format":"standard","meta":{"_monsterinsights_skip_tracking":false,"_monsterinsights_sitenote_active":false,"_monsterinsights_sitenote_note":"","_monsterinsights_sitenote_category":0,"jetpack_post_was_ever_published":false,"jetpack_publicize_message":"","jetpack_is_tweetstorm":false,"jetpack_publicize_feature_enabled":true,"jetpack_social_post_already_shared":true,"jetpack_social_options":{"image_generator_settings":{"template":"highway","enabled":false}}},"categories":[15],"tags":[],"jetpack_publicize_connections":[],"yoast_head":"<!-- This site is optimized with the Yoast SEO plugin v20.6 - https:\/\/yoast.com\/wordpress\/plugins\/seo\/ -->\n<title>\u00abMeilleur sommelier de Suisse\u00bb, en deux temps - thomasvino<\/title>\n<meta name=\"robots\" content=\"index, follow, max-snippet:-1, max-image-preview:large, max-video-preview:-1\" \/>\n<link rel=\"canonical\" href=\"https:\/\/thomasvino.ch\/?p=13914\" \/>\n<meta property=\"og:locale\" content=\"fr_FR\" \/>\n<meta property=\"og:type\" content=\"article\" \/>\n<meta property=\"og:title\" content=\"\u00abMeilleur sommelier de Suisse\u00bb, en deux temps - thomasvino\" \/>\n<meta property=\"og:description\" content=\"Le dimanche 30 octobre, \u00e0 l&rsquo;h\u00f4tel Beau-Rivage \u00e0 Gen\u00e8ve, le sommelier du Royal Savoy, \u00e0 Lausanne, R\u00e9za Nahaboo (photo) a remport\u00e9 le titre national 2016. Le jour suivant, les anciens meilleurs sommeliers de Suisse et deux finalistes du concours 2016 se disputaient la place de la Suisse au concours du meilleur sommelier d\u2019Europe, qui aura [&hellip;]\" \/>\n<meta property=\"og:url\" content=\"https:\/\/thomasvino.ch\/?p=13914\" \/>\n<meta property=\"og:site_name\" content=\"thomasvino\" \/>\n<meta property=\"article:published_time\" content=\"2016-11-09T11:23:43+00:00\" \/>\n<meta property=\"og:image\" content=\"http:\/\/www.thomasvino.ch\/wp-content\/uploads\/2016\/11\/reza_nahaboo.jpg\" \/>\n<meta name=\"author\" content=\"Pierre Thomas\" \/>\n<meta name=\"twitter:label1\" content=\"\u00c9crit par\" \/>\n\t<meta name=\"twitter:data1\" content=\"Pierre Thomas\" \/>\n\t<meta name=\"twitter:label2\" content=\"Dur\u00e9e de lecture estim\u00e9e\" \/>\n\t<meta name=\"twitter:data2\" content=\"1 minute\" \/>\n<script type=\"application\/ld+json\" class=\"yoast-schema-graph\">{\"@context\":\"https:\/\/schema.org\",\"@graph\":[{\"@type\":\"WebPage\",\"@id\":\"https:\/\/thomasvino.ch\/?p=13914\",\"url\":\"https:\/\/thomasvino.ch\/?p=13914\",\"name\":\"\u00abMeilleur sommelier de Suisse\u00bb, en deux temps - thomasvino\",\"isPartOf\":{\"@id\":\"https:\/\/thomasvino.ch\/#website\"},\"datePublished\":\"2016-11-09T11:23:43+00:00\",\"dateModified\":\"2016-11-09T11:23:43+00:00\",\"author\":{\"@id\":\"https:\/\/thomasvino.ch\/#\/schema\/person\/670bf4486fe81152cf1d68bd585e062e\"},\"breadcrumb\":{\"@id\":\"https:\/\/thomasvino.ch\/?p=13914#breadcrumb\"},\"inLanguage\":\"fr-FR\",\"potentialAction\":[{\"@type\":\"ReadAction\",\"target\":[\"https:\/\/thomasvino.ch\/?p=13914\"]}]},{\"@type\":\"BreadcrumbList\",\"@id\":\"https:\/\/thomasvino.ch\/?p=13914#breadcrumb\",\"itemListElement\":[{\"@type\":\"ListItem\",\"position\":1,\"name\":\"Accueil\",\"item\":\"https:\/\/thomasvino.ch\/\"},{\"@type\":\"ListItem\",\"position\":2,\"name\":\"\u00abMeilleur sommelier de Suisse\u00bb, en deux temps\"}]},{\"@type\":\"WebSite\",\"@id\":\"https:\/\/thomasvino.ch\/#website\",\"url\":\"https:\/\/thomasvino.ch\/\",\"name\":\"thomasvino\",\"description\":\"Vins &amp; Gastronomie\",\"potentialAction\":[{\"@type\":\"SearchAction\",\"target\":{\"@type\":\"EntryPoint\",\"urlTemplate\":\"https:\/\/thomasvino.ch\/?s={search_term_string}\"},\"query-input\":\"required name=search_term_string\"}],\"inLanguage\":\"fr-FR\"},{\"@type\":\"Person\",\"@id\":\"https:\/\/thomasvino.ch\/#\/schema\/person\/670bf4486fe81152cf1d68bd585e062e\",\"name\":\"Pierre Thomas\",\"image\":{\"@type\":\"ImageObject\",\"inLanguage\":\"fr-FR\",\"@id\":\"https:\/\/thomasvino.ch\/#\/schema\/person\/image\/\",\"url\":\"https:\/\/secure.gravatar.com\/avatar\/91fd5a76647f140e53db987a0dead4d7?s=96&d=mm&r=g\",\"contentUrl\":\"https:\/\/secure.gravatar.com\/avatar\/91fd5a76647f140e53db987a0dead4d7?s=96&d=mm&r=g\",\"caption\":\"Pierre Thomas\"},\"url\":\"https:\/\/thomasvino.ch\/?author=3\"}]}<\/script>\n<!-- \/ Yoast SEO plugin. -->","yoast_head_json":{"title":"\u00abMeilleur sommelier de Suisse\u00bb, en deux temps - thomasvino","robots":{"index":"index","follow":"follow","max-snippet":"max-snippet:-1","max-image-preview":"max-image-preview:large","max-video-preview":"max-video-preview:-1"},"canonical":"https:\/\/thomasvino.ch\/?p=13914","og_locale":"fr_FR","og_type":"article","og_title":"\u00abMeilleur sommelier de Suisse\u00bb, en deux temps - thomasvino","og_description":"Le dimanche 30 octobre, \u00e0 l&rsquo;h\u00f4tel Beau-Rivage \u00e0 Gen\u00e8ve, le sommelier du Royal Savoy, \u00e0 Lausanne, R\u00e9za Nahaboo (photo) a remport\u00e9 le titre national 2016. Le jour suivant, les anciens meilleurs sommeliers de Suisse et deux finalistes du concours 2016 se disputaient la place de la Suisse au concours du meilleur sommelier d\u2019Europe, qui aura [&hellip;]","og_url":"https:\/\/thomasvino.ch\/?p=13914","og_site_name":"thomasvino","article_published_time":"2016-11-09T11:23:43+00:00","og_image":[{"url":"http:\/\/www.thomasvino.ch\/wp-content\/uploads\/2016\/11\/reza_nahaboo.jpg"}],"author":"Pierre Thomas","twitter_misc":{"\u00c9crit par":"Pierre Thomas","Dur\u00e9e de lecture estim\u00e9e":"1 minute"},"schema":{"@context":"https:\/\/schema.org","@graph":[{"@type":"WebPage","@id":"https:\/\/thomasvino.ch\/?p=13914","url":"https:\/\/thomasvino.ch\/?p=13914","name":"\u00abMeilleur sommelier de Suisse\u00bb, en deux temps - thomasvino","isPartOf":{"@id":"https:\/\/thomasvino.ch\/#website"},"datePublished":"2016-11-09T11:23:43+00:00","dateModified":"2016-11-09T11:23:43+00:00","author":{"@id":"https:\/\/thomasvino.ch\/#\/schema\/person\/670bf4486fe81152cf1d68bd585e062e"},"breadcrumb":{"@id":"https:\/\/thomasvino.ch\/?p=13914#breadcrumb"},"inLanguage":"fr-FR","potentialAction":[{"@type":"ReadAction","target":["https:\/\/thomasvino.ch\/?p=13914"]}]},{"@type":"BreadcrumbList","@id":"https:\/\/thomasvino.ch\/?p=13914#breadcrumb","itemListElement":[{"@type":"ListItem","position":1,"name":"Accueil","item":"https:\/\/thomasvino.ch\/"},{"@type":"ListItem","position":2,"name":"\u00abMeilleur sommelier de Suisse\u00bb, en deux temps"}]},{"@type":"WebSite","@id":"https:\/\/thomasvino.ch\/#website","url":"https:\/\/thomasvino.ch\/","name":"thomasvino","description":"Vins &amp; Gastronomie","potentialAction":[{"@type":"SearchAction","target":{"@type":"EntryPoint","urlTemplate":"https:\/\/thomasvino.ch\/?s={search_term_string}"},"query-input":"required name=search_term_string"}],"inLanguage":"fr-FR"},{"@type":"Person","@id":"https:\/\/thomasvino.ch\/#\/schema\/person\/670bf4486fe81152cf1d68bd585e062e","name":"Pierre Thomas","image":{"@type":"ImageObject","inLanguage":"fr-FR","@id":"https:\/\/thomasvino.ch\/#\/schema\/person\/image\/","url":"https:\/\/secure.gravatar.com\/avatar\/91fd5a76647f140e53db987a0dead4d7?s=96&d=mm&r=g","contentUrl":"https:\/\/secure.gravatar.com\/avatar\/91fd5a76647f140e53db987a0dead4d7?s=96&d=mm&r=g","caption":"Pierre Thomas"},"url":"https:\/\/thomasvino.ch\/?author=3"}]}},"jetpack_featured_media_url":"","jetpack_sharing_enabled":true,"jetpack_shortlink":"https:\/\/wp.me\/p3m4tZ-3Cq","jetpack_likes_enabled":false,"jetpack-related-posts":[{"id":9349,"url":"https:\/\/thomasvino.ch\/?p=9349","url_meta":{"origin":13914,"position":0},"title":"Meilleur sommelier de Suisse apr\u00e8s deux titres en Italie","date":"26 mars 2012","format":false,"excerpt":"Meilleur sommelier de Suisse 2012 Le Milanais de Gen\u00e8ve Fabio Masi l'emporte Il \u00e9tait le grandissime favori de la finale du Meilleur sommelier de Suisse 2012, troph\u00e9e Margaux Bel-Air - Marquis d'Aligre. Fabio Masi, 29 ans, directeur du restaurant de l'H\u00f4tel des Bergues (Four Seasons), \u00e0 Gen\u00e8ve, n'a pas failli\u2026","rel":"","context":"Dans &quot;Actus - News&quot;","img":{"alt_text":"trio_somch12.jpg","src":"img\/trio_somch12.jpg","width":350,"height":200},"classes":[]},{"id":15655,"url":"https:\/\/thomasvino.ch\/?p=15655","url_meta":{"origin":13914,"position":1},"title":"Le \u00abmeilleur sommelier du monde\u00bb officie \u00e0 Zurich","date":"18 mars 2019","format":false,"excerpt":"Il est Allemand et le jeune\u00a0Marc Almert d\u00e9fendait les couleurs de son pays, \u00e0 Anvers, lors du concours du meilleur sommelier du monde, mais il officie \u00e0 Zurich, au Restaurant Pavillon, de l\u2019h\u00f4tel de luxe Baur au Lac. Si l\u2019\u00e9dition romande du GaultMillau 2019 signale le chef, Laurent Eperon, cr\u00e9dit\u00e9\u2026","rel":"","context":"Dans &quot;Actus - News&quot;","img":{"alt_text":"","src":"","width":0,"height":0},"classes":[]},{"id":15216,"url":"https:\/\/thomasvino.ch\/?p=15216","url_meta":{"origin":13914,"position":2},"title":"Sommeliers\u00a0: un ou deux titres de plus\u00a0!","date":"6 juillet 2018","format":false,"excerpt":"Les sommeliers n\u2019\u00e9chappent pas \u00e0 l\u2019emballement des concours. Ainsi, on annonce un nouveau \u00abmeilleur sommelier du monde\u00bb, Eros Treboni, du Tyrol du Sud, qui a remport\u00e9 son titre \u00e0 Rome, fin juin, tandis que le \u00abmeilleur sommelier suisse\u00bb sortant (2016), Reza Nahaboo, en poste \u00e0 Glion sur Montreux, a rat\u00e9\u2026","rel":"","context":"Dans &quot;Actus - News&quot;","img":{"alt_text":"","src":"","width":0,"height":0},"classes":[]},{"id":9093,"url":"https:\/\/thomasvino.ch\/?p=9093","url_meta":{"origin":13914,"position":3},"title":"Le sommelier Paolo Basso enfin titr\u00e9","date":"24 novembre 2010","format":false,"excerpt":"Paolo Basso, Meilleur Sommelier d'Europe 2010 La septi\u00e8me fois fut la bonne Paolo Basso, candidat suisse, a d\u00e9croch\u00e9 le titre de Meilleur sommelier d\u2019Europe, le 22 novembre 2010, \u00e0 Strasbourg. Ainsi, il s\u2019impose \u2014 enfin! \u2014 au plus haut niveau, apr\u00e8s six places de second aux concours mondiaux ou europ\u00e9ens.\u2026","rel":"","context":"Dans &quot;Actus - News&quot;","img":{"alt_text":"","src":"","width":0,"height":0},"classes":[]},{"id":16592,"url":"https:\/\/thomasvino.ch\/?p=16592","url_meta":{"origin":13914,"position":4},"title":"Qui sera le \u00abmeilleur sommelier de Suisse\u00bb\u00a02020?","date":"5 mai 2020","format":false,"excerpt":"Programm\u00e9 d\u00e9sormais tous les deux ans, le \u00abTroph\u00e9e Swiss Wine du meilleur sommelier de Suisswe ASSP\u00bb aura lieu au Tessin, \u00e0 l\u2019H\u00f4tel Splendide Royal, de Lugano, sous la houlette du plus c\u00e9l\u00e8bre sommelier de Suisse, Paolo Basso. Qui succ\u00e8dera au Zurichois Aur\u00e9lien Blanc, vainqueur en 2018\u00a0? Champion du monde \u00e0\u2026","rel":"","context":"Dans &quot;Actus - News&quot;","img":{"alt_text":"","src":"","width":0,"height":0},"classes":[]},{"id":14883,"url":"https:\/\/thomasvino.ch\/?p=14883","url_meta":{"origin":13914,"position":5},"title":"Sommelier Challenge 2018: \u00e0 Lausanne fin mars!","date":"23 janvier 2018","format":false,"excerpt":"Relanc\u00e9 par le champagne Ruinart en Suisse l'ann\u00e9e pass\u00e9e, le Sommelier Challenge, destin\u00e9 aux professionnels, aura lieu le 26 mars au Beau-Rivage Palace \u00e0 Lausanne-Ouchy. Les inscriptions sont ouvertes jusqu'au 26 f\u00e9vrier 2018. La premi\u00e8re \u00e9dition de la comp\u00e9tition, \u00e0 Lucerne (photo ci-dessous), avait couronn\u00e9 Samuele Calistri, 26 ans. Ce\u2026","rel":"","context":"Dans &quot;Actus - News&quot;","img":{"alt_text":"","src":"https:\/\/i0.wp.com\/thomasvino.ch\/wp-content\/uploads\/2018\/01\/ruinart_som17-300x201.jpg?resize=350%2C200&ssl=1","width":350,"height":200},"classes":[]}],"_links":{"self":[{"href":"https:\/\/thomasvino.ch\/index.php?rest_route=\/wp\/v2\/posts\/13914"}],"collection":[{"href":"https:\/\/thomasvino.ch\/index.php?rest_route=\/wp\/v2\/posts"}],"about":[{"href":"https:\/\/thomasvino.ch\/index.php?rest_route=\/wp\/v2\/types\/post"}],"author":[{"embeddable":true,"href":"https:\/\/thomasvino.ch\/index.php?rest_route=\/wp\/v2\/users\/3"}],"replies":[{"embeddable":true,"href":"https:\/\/thomasvino.ch\/index.php?rest_route=%2Fwp%2Fv2%2Fcomments&post=13914"}],"version-history":[{"count":0,"href":"https:\/\/thomasvino.ch\/index.php?rest_route=\/wp\/v2\/posts\/13914\/revisions"}],"wp:attachment":[{"href":"https:\/\/thomasvino.ch\/index.php?rest_route=%2Fwp%2Fv2%2Fmedia&parent=13914"}],"wp:term":[{"taxonomy":"category","embeddable":true,"href":"https:\/\/thomasvino.ch\/index.php?rest_route=%2Fwp%2Fv2%2Fcategories&post=13914"},{"taxonomy":"post_tag","embeddable":true,"href":"https:\/\/thomasvino.ch\/index.php?rest_route=%2Fwp%2Fv2%2Ftags&post=13914"}],"curies":[{"name":"wp","href":"https:\/\/api.w.org\/{rel}","templated":true}]}}