{"id":13932,"date":"2016-11-25T14:41:56","date_gmt":"2016-11-25T13:41:56","guid":{"rendered":"http:\/\/www.thomasvino.ch\/?p=13932"},"modified":"2016-11-27T11:00:34","modified_gmt":"2016-11-27T10:00:34","slug":"lauriers-de-platine-de-terravin-un-la-cote-une-fois-encore","status":"publish","type":"post","link":"https:\/\/thomasvino.ch\/?p=13932","title":{"rendered":"Lauriers de Platine de Terravin <br\/ >un La C\u00f4te, une fois encore"},"content":{"rendered":"<p><strong>Comme l\u2019an pass\u00e9, c\u2019est un F\u00e9chy, non pas grand cru, mais AOC La C\u00f4te, que le jury des 9\u00e8mes Lauriers de Platine du label Terravin a d\u00e9sign\u00e9 meilleur chasselas vaudois du mill\u00e9sime 2015, en novembre 2016. La formule pla\u00eet puisque des Lauriers de Platine rouges seront organis\u00e9s le 11 mai 2017 \u00e0 Soleure.<br \/>\n<\/strong><\/p>\n<p><em>Par Pierre Thomas<\/em><\/p>\n<p>Pour le chasselas, la comp\u00e9tition se d\u00e9roule depuis bient\u00f4t dix ans, la troisi\u00e8me semaine de novembre, sous forme de coupe, avec \u00e9limination directe jusqu\u2019\u00e0 la finale. Elle se d\u00e9roule \u00e0 Crissier, suivie d\u2019un repas \u00e0 l\u2019H\u00f4tel-de-Ville, avec des journalistes romands, al\u00e9maniques et italiens, et des sommeliers.<\/p>\n<p>Au premier tour, 16 vins, choisis parmi les meilleures cuv\u00e9es labellis\u00e9es Terravin (soit 2,29 millions de vignettes coll\u00e9es sur des flacons, ce qui repr\u00e9sente 6,6% du vin vaudois AOC). Pour cette 9\u00e8me \u00e9dition, sur ces 16 partants, 2 D\u00e9zaleys et 2 Calamins AOC Grands Crus, 7 grands crus \u00abvolontaires\u00bb et 5 vins AOC r\u00e9gionale. Soit une grosse domination de Lavaux, \u00e0 10 contre 5 La C\u00f4te, un Vully et aucun Chablais, ni C\u00f4te-de-l\u2019Orbe, ni Bonvillars.<\/p>\n<div id=\"attachment_13939\" style=\"width: 310px\" class=\"wp-caption aligncenter\"><a href=\"http:\/\/www.thomasvino.ch\/?attachment_id=13939\" rel=\"attachment wp-att-13939\"><img aria-describedby=\"caption-attachment-13939\" data-attachment-id=\"13939\" data-permalink=\"https:\/\/thomasvino.ch\/?attachment_id=13939\" data-orig-file=\"https:\/\/i0.wp.com\/thomasvino.ch\/wp-content\/uploads\/2016\/11\/terravin_bettems.jpg?fit=3872%2C2592&amp;ssl=1\" data-orig-size=\"3872,2592\" data-comments-opened=\"0\" data-image-meta=\"{&quot;aperture&quot;:&quot;16&quot;,&quot;credit&quot;:&quot;&quot;,&quot;camera&quot;:&quot;NIKON D200&quot;,&quot;caption&quot;:&quot;&quot;,&quot;created_timestamp&quot;:&quot;1479385397&quot;,&quot;copyright&quot;:&quot;&quot;,&quot;focal_length&quot;:&quot;35&quot;,&quot;iso&quot;:&quot;800&quot;,&quot;shutter_speed&quot;:&quot;0.016666666666667&quot;,&quot;title&quot;:&quot;&quot;,&quot;orientation&quot;:&quot;1&quot;}\" data-image-title=\"terravin_bettems\" data-image-description=\"\" data-image-caption=\"&lt;p&gt;Alain Bettems, le propri\u00e9taire, et sa fille, qui \u00e9tudie \u00e0 Changins.&lt;\/p&gt;\n\" data-medium-file=\"https:\/\/i0.wp.com\/thomasvino.ch\/wp-content\/uploads\/2016\/11\/terravin_bettems.jpg?fit=300%2C201&amp;ssl=1\" data-large-file=\"https:\/\/i0.wp.com\/thomasvino.ch\/wp-content\/uploads\/2016\/11\/terravin_bettems.jpg?fit=1024%2C685&amp;ssl=1\" loading=\"lazy\" class=\"size-medium wp-image-13939\" src=\"https:\/\/i0.wp.com\/www.thomasvino.ch\/wp-content\/uploads\/2016\/11\/terravin_bettems-300x201.jpg?resize=300%2C201\" alt=\"Alain Bettems, le propri\u00e9taire, et sa fille, qui \u00e9tudie \u00e0 Changins.\" width=\"300\" height=\"201\" srcset=\"https:\/\/i0.wp.com\/thomasvino.ch\/wp-content\/uploads\/2016\/11\/terravin_bettems.jpg?resize=300%2C201&amp;ssl=1 300w, https:\/\/i0.wp.com\/thomasvino.ch\/wp-content\/uploads\/2016\/11\/terravin_bettems.jpg?resize=768%2C514&amp;ssl=1 768w, https:\/\/i0.wp.com\/thomasvino.ch\/wp-content\/uploads\/2016\/11\/terravin_bettems.jpg?resize=1024%2C685&amp;ssl=1 1024w, https:\/\/i0.wp.com\/thomasvino.ch\/wp-content\/uploads\/2016\/11\/terravin_bettems.jpg?resize=140%2C94&amp;ssl=1 140w, https:\/\/i0.wp.com\/thomasvino.ch\/wp-content\/uploads\/2016\/11\/terravin_bettems.jpg?w=2000&amp;ssl=1 2000w, https:\/\/i0.wp.com\/thomasvino.ch\/wp-content\/uploads\/2016\/11\/terravin_bettems.jpg?w=3000&amp;ssl=1 3000w\" sizes=\"(max-width: 300px) 100vw, 300px\" data-recalc-dims=\"1\" \/><\/a><p id=\"caption-attachment-13939\" class=\"wp-caption-text\"><em>Alain Bettems, le propri\u00e9taire, et sa fille, Laurie, qui a \u00e9tudi\u00e9 \u00e0 Changins, propri\u00e9taires de La Cave de la Crausaz, qui produit pr\u00e8s de 200&rsquo;000 bouteilles de chasselas par an.<\/em><\/p><\/div>\n<p>Au final, c\u2019est un F\u00e9chy g\u00e9n\u00e9rique, AOC La C\u00f4te, de la Cave de La Crausaz, <strong>Bettems Fr\u00e8res<\/strong>, qui s\u2019impose, devant deux grands crus, un Epesses Grand Cru Chanteperdrix de la <strong>Famille Fonjallaz &amp; Cie<\/strong>, et le D\u00e9zaley AOC Grand Cru de <strong>Patrick Fonjallaz<\/strong>.<\/p>\n<p>Quatri\u00e8me, un Villette AOC Lavaux Champ No\u00e9 de <strong>Jean-Luc Blondel<\/strong>\u00a0: ce producteur avait trois vins dans la s\u00e9lection de d\u00e9part, dont un Epesses et un D\u00e9zaley, et c\u2019est le moins r\u00e9put\u00e9 qui s\u2019impose, comme pour le vainqueur du jour, <strong>Bettems Fr\u00e8res<\/strong>, dont le Grand Cru de F\u00e9chy avait \u00e9t\u00e9 \u00e9limin\u00e9 au premier tour, tout comme le Calamin AOC Grand Cru de la <strong>Famille Fonjallaz &amp; Cie<\/strong>.<\/p>\n<p>Rappel utile: le label Terravin est d\u00e9cern\u00e9 strictement \u00e0 des cuves et non \u00e0 l&rsquo;ensemble de la production (s&rsquo;il y a plusieurs cuves&#8230;), soit, en 2016, \u00e0 pr\u00e8s de 700 cuves de chasselas. Et Terravin ne communique pas sur la quantit\u00e9 exacte des vins commercialis\u00e9s par les encaveurs.<\/p>\n<h3><strong>Grands Crus (villages) VS AOC r\u00e9gionales<\/strong><\/h3>\n<p>A d\u00e9faut d\u2019avoir d\u00e9gust\u00e9 ces vins, mais \u00e0 la lecture de ce palmar\u00e8s, <strong>on peut se demander si, pour une meilleure promotion des vins vaudois, le label Terravin ne devrait pas se limiter \u00e0 confronter les seuls grands crus en finale des Lauriers de Platine.<\/strong><\/p>\n<p>Car une AOC r\u00e9gionale, munie d\u2019un nom de village, peut \u00eatre un vin originaire de ce lieu \u00e0 60%, \u00e0 40% de l\u2019AOC r\u00e9gionale, et coup\u00e9 \u00e0 10% par du vin blanc vaudois. Selon la l\u00e9gislation vaudoise de 2009, seuls les mots <em>\u00abGrand Cru\u00bb<\/em> attestent que le vin est issu \u00e0 90% du village\u00a0(et non pas obligatoirement d&rsquo;une s\u00e9lection parcellaire, donc d&rsquo;un cru, <em>a fortiori<\/em> grand!) mentionn\u00e9 sur l\u2019\u00e9tiquette , tandis que D\u00e9zaley et Calamin sont 100% originaires de ces deux terroirs, les plus prestigieux de Lavaux, sans droit de coupage. Coup sur coup, <strong>deux F\u00e9chy g\u00e9n\u00e9riques l\u2019ont emport\u00e9 <\/strong>(en 2015, un \u00abFilet d&rsquo;or\u00bb, de la maison Bolle &amp; Cie),<strong> alors que ce village a, ce printemps, communiqu\u00e9 sur ses s\u00e9lections parcellaires, qui impliquent de figurer en grand cru.<\/strong><\/p>\n<p><strong>Une fois de plus, toute la d\u00e9licate architecture des AOC vaudoises, qui culmine avec les tr\u00e8s confidentiels 1ers Grands Crus (dont on ne conna\u00eet, pour le mill\u00e9sime en cours, ni le nombre, ni la quantit\u00e9, sachant que cette d\u00e9signation peut \u00eatre remise en cause chaque ann\u00e9e!), est illustr\u00e9e par cette joute.<\/strong><\/p>\n<p>Et <strong>Pierre Keller<\/strong>, le pr\u00e9sident de l\u2019Office des vins vaudois, comme il l\u2019avait fait pour un pr\u00e9c\u00e9dent vainqueur de F\u00e9chy, pourra affirmer que <em>\u00ables meilleurs vins vaudois ne sont pas chers\u00bb<\/em>. A preuve, le laur\u00e9at des Lauriers de Platine de cette ann\u00e9e, qui s\u2019\u00e9tait aussi class\u00e9 3<sup>\u00e8me<\/sup> du Mondial du Chasselas (92 points sur 100) \u00e0 Aigle en juin, vaut 7,50 francs la bouteille de 7 d\u00e9cilitres (autre sp\u00e9cialit\u00e9 vaudoise\u2026), \u00e0 bouchon li\u00e8ge ou \u00e0 vis. Vraiment pas cher donn\u00e9 pour du platine\u00a0!<\/p>\n<div id=\"attachment_13940\" style=\"width: 310px\" class=\"wp-caption aligncenter\"><a href=\"http:\/\/www.thomasvino.ch\/?attachment_id=13940\" rel=\"attachment wp-att-13940\"><img aria-describedby=\"caption-attachment-13940\" data-attachment-id=\"13940\" data-permalink=\"https:\/\/thomasvino.ch\/?attachment_id=13940\" data-orig-file=\"https:\/\/i0.wp.com\/thomasvino.ch\/wp-content\/uploads\/2016\/11\/terravin_quatuor.jpg?fit=2896%2C2000&amp;ssl=1\" data-orig-size=\"2896,2000\" data-comments-opened=\"0\" data-image-meta=\"{&quot;aperture&quot;:&quot;16&quot;,&quot;credit&quot;:&quot;&quot;,&quot;camera&quot;:&quot;NIKON D200&quot;,&quot;caption&quot;:&quot;&quot;,&quot;created_timestamp&quot;:&quot;1479378219&quot;,&quot;copyright&quot;:&quot;&quot;,&quot;focal_length&quot;:&quot;50&quot;,&quot;iso&quot;:&quot;800&quot;,&quot;shutter_speed&quot;:&quot;0.1&quot;,&quot;title&quot;:&quot;&quot;,&quot;orientation&quot;:&quot;1&quot;}\" data-image-title=\"terravin_quatuor\" data-image-description=\"\" data-image-caption=\"&lt;p&gt;Le quatuor final dans le d\u00e9sordre&#8230;&lt;\/p&gt;\n\" data-medium-file=\"https:\/\/i0.wp.com\/thomasvino.ch\/wp-content\/uploads\/2016\/11\/terravin_quatuor.jpg?fit=300%2C207&amp;ssl=1\" data-large-file=\"https:\/\/i0.wp.com\/thomasvino.ch\/wp-content\/uploads\/2016\/11\/terravin_quatuor.jpg?fit=1024%2C707&amp;ssl=1\" loading=\"lazy\" class=\"size-medium wp-image-13940\" src=\"https:\/\/i0.wp.com\/www.thomasvino.ch\/wp-content\/uploads\/2016\/11\/terravin_quatuor-300x207.jpg?resize=300%2C207\" alt=\"Le quatuor final dans le d\u00e9sordre...\" width=\"300\" height=\"207\" srcset=\"https:\/\/i0.wp.com\/thomasvino.ch\/wp-content\/uploads\/2016\/11\/terravin_quatuor.jpg?resize=300%2C207&amp;ssl=1 300w, https:\/\/i0.wp.com\/thomasvino.ch\/wp-content\/uploads\/2016\/11\/terravin_quatuor.jpg?resize=768%2C530&amp;ssl=1 768w, https:\/\/i0.wp.com\/thomasvino.ch\/wp-content\/uploads\/2016\/11\/terravin_quatuor.jpg?resize=1024%2C707&amp;ssl=1 1024w, https:\/\/i0.wp.com\/thomasvino.ch\/wp-content\/uploads\/2016\/11\/terravin_quatuor.jpg?w=2000&amp;ssl=1 2000w\" sizes=\"(max-width: 300px) 100vw, 300px\" data-recalc-dims=\"1\" \/><\/a><p id=\"caption-attachment-13940\" class=\"wp-caption-text\"><em>Le quatuor final dans le d\u00e9sordre&#8230; De gauche \u00e0 droite, le vin de Toni et Agathe Fonjallaz (2\u00e8me), celui de J.-L. Blondel (4\u00e8me), celui de Patrick Fonjallaz (3\u00e8me) et le vainqueur du jour, le F\u00e9chy AOC La C\u00f4te de la Cave de la Crausaz.<\/em><\/p><\/div>\n<p><em>Version augment\u00e9e de l&rsquo;article paru dans <\/em>H\u00f4tellerie &amp; Gastronomie Hebdo<em> du 30 novembre 2016.<\/em><\/p>\n<p><em>\u00a9thomasvino.ch<\/em><\/p>\n","protected":false},"excerpt":{"rendered":"<p>Comme l\u2019an pass\u00e9, c\u2019est un F\u00e9chy, non pas grand cru, mais AOC La C\u00f4te, que le jury des 9\u00e8mes Lauriers de Platine du label Terravin a d\u00e9sign\u00e9 meilleur chasselas vaudois du mill\u00e9sime 2015, en novembre 2016. La formule pla\u00eet puisque des Lauriers de Platine rouges seront organis\u00e9s le 11 mai 2017 \u00e0 Soleure. Par Pierre [&hellip;]<\/p>\n","protected":false},"author":3,"featured_media":0,"comment_status":"closed","ping_status":"open","sticky":false,"template":"","format":"standard","meta":{"_monsterinsights_skip_tracking":false,"_monsterinsights_sitenote_active":false,"_monsterinsights_sitenote_note":"","_monsterinsights_sitenote_category":0,"jetpack_post_was_ever_published":false,"jetpack_publicize_message":"","jetpack_is_tweetstorm":false,"jetpack_publicize_feature_enabled":true,"jetpack_social_post_already_shared":true,"jetpack_social_options":{"image_generator_settings":{"template":"highway","enabled":false}}},"categories":[29],"tags":[],"jetpack_publicize_connections":[],"yoast_head":"<!-- This site is optimized with the Yoast SEO plugin v20.6 - https:\/\/yoast.com\/wordpress\/plugins\/seo\/ -->\n<title>Lauriers de Platine de Terravin un La C\u00f4te, une fois encore - thomasvino<\/title>\n<meta name=\"robots\" content=\"index, follow, max-snippet:-1, max-image-preview:large, max-video-preview:-1\" \/>\n<link rel=\"canonical\" href=\"https:\/\/thomasvino.ch\/?p=13932\" \/>\n<meta property=\"og:locale\" content=\"fr_FR\" \/>\n<meta property=\"og:type\" content=\"article\" \/>\n<meta property=\"og:title\" content=\"Lauriers de Platine de Terravin un La C\u00f4te, une fois encore - thomasvino\" \/>\n<meta property=\"og:description\" content=\"Comme l\u2019an pass\u00e9, c\u2019est un F\u00e9chy, non pas grand cru, mais AOC La C\u00f4te, que le jury des 9\u00e8mes Lauriers de Platine du label Terravin a d\u00e9sign\u00e9 meilleur chasselas vaudois du mill\u00e9sime 2015, en novembre 2016. La formule pla\u00eet puisque des Lauriers de Platine rouges seront organis\u00e9s le 11 mai 2017 \u00e0 Soleure. Par Pierre [&hellip;]\" \/>\n<meta property=\"og:url\" content=\"https:\/\/thomasvino.ch\/?p=13932\" \/>\n<meta property=\"og:site_name\" content=\"thomasvino\" \/>\n<meta property=\"article:published_time\" content=\"2016-11-25T13:41:56+00:00\" \/>\n<meta property=\"article:modified_time\" content=\"2016-11-27T10:00:34+00:00\" \/>\n<meta property=\"og:image\" content=\"http:\/\/www.thomasvino.ch\/wp-content\/uploads\/2016\/11\/terravin_bettems-300x201.jpg\" \/>\n<meta name=\"author\" content=\"Pierre Thomas\" \/>\n<meta name=\"twitter:label1\" content=\"\u00c9crit par\" \/>\n\t<meta name=\"twitter:data1\" content=\"Pierre Thomas\" \/>\n\t<meta name=\"twitter:label2\" content=\"Dur\u00e9e de lecture estim\u00e9e\" \/>\n\t<meta name=\"twitter:data2\" content=\"4 minutes\" \/>\n<script type=\"application\/ld+json\" class=\"yoast-schema-graph\">{\"@context\":\"https:\/\/schema.org\",\"@graph\":[{\"@type\":\"WebPage\",\"@id\":\"https:\/\/thomasvino.ch\/?p=13932\",\"url\":\"https:\/\/thomasvino.ch\/?p=13932\",\"name\":\"Lauriers de Platine de Terravin un La C\u00f4te, une fois encore - thomasvino\",\"isPartOf\":{\"@id\":\"https:\/\/thomasvino.ch\/#website\"},\"datePublished\":\"2016-11-25T13:41:56+00:00\",\"dateModified\":\"2016-11-27T10:00:34+00:00\",\"author\":{\"@id\":\"https:\/\/thomasvino.ch\/#\/schema\/person\/670bf4486fe81152cf1d68bd585e062e\"},\"breadcrumb\":{\"@id\":\"https:\/\/thomasvino.ch\/?p=13932#breadcrumb\"},\"inLanguage\":\"fr-FR\",\"potentialAction\":[{\"@type\":\"ReadAction\",\"target\":[\"https:\/\/thomasvino.ch\/?p=13932\"]}]},{\"@type\":\"BreadcrumbList\",\"@id\":\"https:\/\/thomasvino.ch\/?p=13932#breadcrumb\",\"itemListElement\":[{\"@type\":\"ListItem\",\"position\":1,\"name\":\"Accueil\",\"item\":\"https:\/\/thomasvino.ch\/\"},{\"@type\":\"ListItem\",\"position\":2,\"name\":\"Lauriers de Platine de Terravin un La C\u00f4te, une fois encore\"}]},{\"@type\":\"WebSite\",\"@id\":\"https:\/\/thomasvino.ch\/#website\",\"url\":\"https:\/\/thomasvino.ch\/\",\"name\":\"thomasvino\",\"description\":\"Vins &amp; Gastronomie\",\"potentialAction\":[{\"@type\":\"SearchAction\",\"target\":{\"@type\":\"EntryPoint\",\"urlTemplate\":\"https:\/\/thomasvino.ch\/?s={search_term_string}\"},\"query-input\":\"required name=search_term_string\"}],\"inLanguage\":\"fr-FR\"},{\"@type\":\"Person\",\"@id\":\"https:\/\/thomasvino.ch\/#\/schema\/person\/670bf4486fe81152cf1d68bd585e062e\",\"name\":\"Pierre Thomas\",\"image\":{\"@type\":\"ImageObject\",\"inLanguage\":\"fr-FR\",\"@id\":\"https:\/\/thomasvino.ch\/#\/schema\/person\/image\/\",\"url\":\"https:\/\/secure.gravatar.com\/avatar\/91fd5a76647f140e53db987a0dead4d7?s=96&d=mm&r=g\",\"contentUrl\":\"https:\/\/secure.gravatar.com\/avatar\/91fd5a76647f140e53db987a0dead4d7?s=96&d=mm&r=g\",\"caption\":\"Pierre Thomas\"},\"url\":\"https:\/\/thomasvino.ch\/?author=3\"}]}<\/script>\n<!-- \/ Yoast SEO plugin. -->","yoast_head_json":{"title":"Lauriers de Platine de Terravin un La C\u00f4te, une fois encore - thomasvino","robots":{"index":"index","follow":"follow","max-snippet":"max-snippet:-1","max-image-preview":"max-image-preview:large","max-video-preview":"max-video-preview:-1"},"canonical":"https:\/\/thomasvino.ch\/?p=13932","og_locale":"fr_FR","og_type":"article","og_title":"Lauriers de Platine de Terravin un La C\u00f4te, une fois encore - thomasvino","og_description":"Comme l\u2019an pass\u00e9, c\u2019est un F\u00e9chy, non pas grand cru, mais AOC La C\u00f4te, que le jury des 9\u00e8mes Lauriers de Platine du label Terravin a d\u00e9sign\u00e9 meilleur chasselas vaudois du mill\u00e9sime 2015, en novembre 2016. La formule pla\u00eet puisque des Lauriers de Platine rouges seront organis\u00e9s le 11 mai 2017 \u00e0 Soleure. Par Pierre [&hellip;]","og_url":"https:\/\/thomasvino.ch\/?p=13932","og_site_name":"thomasvino","article_published_time":"2016-11-25T13:41:56+00:00","article_modified_time":"2016-11-27T10:00:34+00:00","og_image":[{"url":"http:\/\/www.thomasvino.ch\/wp-content\/uploads\/2016\/11\/terravin_bettems-300x201.jpg"}],"author":"Pierre Thomas","twitter_misc":{"\u00c9crit par":"Pierre Thomas","Dur\u00e9e de lecture estim\u00e9e":"4 minutes"},"schema":{"@context":"https:\/\/schema.org","@graph":[{"@type":"WebPage","@id":"https:\/\/thomasvino.ch\/?p=13932","url":"https:\/\/thomasvino.ch\/?p=13932","name":"Lauriers de Platine de Terravin un La C\u00f4te, une fois encore - thomasvino","isPartOf":{"@id":"https:\/\/thomasvino.ch\/#website"},"datePublished":"2016-11-25T13:41:56+00:00","dateModified":"2016-11-27T10:00:34+00:00","author":{"@id":"https:\/\/thomasvino.ch\/#\/schema\/person\/670bf4486fe81152cf1d68bd585e062e"},"breadcrumb":{"@id":"https:\/\/thomasvino.ch\/?p=13932#breadcrumb"},"inLanguage":"fr-FR","potentialAction":[{"@type":"ReadAction","target":["https:\/\/thomasvino.ch\/?p=13932"]}]},{"@type":"BreadcrumbList","@id":"https:\/\/thomasvino.ch\/?p=13932#breadcrumb","itemListElement":[{"@type":"ListItem","position":1,"name":"Accueil","item":"https:\/\/thomasvino.ch\/"},{"@type":"ListItem","position":2,"name":"Lauriers de Platine de Terravin un La C\u00f4te, une fois encore"}]},{"@type":"WebSite","@id":"https:\/\/thomasvino.ch\/#website","url":"https:\/\/thomasvino.ch\/","name":"thomasvino","description":"Vins &amp; Gastronomie","potentialAction":[{"@type":"SearchAction","target":{"@type":"EntryPoint","urlTemplate":"https:\/\/thomasvino.ch\/?s={search_term_string}"},"query-input":"required name=search_term_string"}],"inLanguage":"fr-FR"},{"@type":"Person","@id":"https:\/\/thomasvino.ch\/#\/schema\/person\/670bf4486fe81152cf1d68bd585e062e","name":"Pierre Thomas","image":{"@type":"ImageObject","inLanguage":"fr-FR","@id":"https:\/\/thomasvino.ch\/#\/schema\/person\/image\/","url":"https:\/\/secure.gravatar.com\/avatar\/91fd5a76647f140e53db987a0dead4d7?s=96&d=mm&r=g","contentUrl":"https:\/\/secure.gravatar.com\/avatar\/91fd5a76647f140e53db987a0dead4d7?s=96&d=mm&r=g","caption":"Pierre Thomas"},"url":"https:\/\/thomasvino.ch\/?author=3"}]}},"jetpack_featured_media_url":"","jetpack_sharing_enabled":true,"jetpack_shortlink":"https:\/\/wp.me\/p3m4tZ-3CI","jetpack_likes_enabled":false,"jetpack-related-posts":[{"id":12374,"url":"https:\/\/thomasvino.ch\/?p=12374","url_meta":{"origin":13932,"position":0},"title":"La Commune d\u2019Yvorne d\u00e9croche  les Lauriers de Platine 2014","date":"20 novembre 2014","format":false,"excerpt":"Jolie mani\u00e8re, pour Fr\u00e9d\u00e9ric Blanc, 45 ans, le vinificateur de la Commune d\u2019Yvorne, de f\u00eater les 20 ans de son d\u00e9but de carri\u00e8re (en parall\u00e8le du domaine familial de 12 hectares) et (feue) la Coupe Chasselas 1994. Presque 20 ans jour pour jour apr\u00e8s cette victoire, il a remport\u00e9 les\u2026","rel":"","context":"Dans &quot;Actus - News&quot;","img":{"alt_text":"","src":"https:\/\/i0.wp.com\/www.thomasvino.ch\/wp-content\/uploads\/2014\/11\/platine_fiche-300x225.jpg?resize=350%2C200","width":350,"height":200},"classes":[]},{"id":13201,"url":"https:\/\/thomasvino.ch\/?p=13201","url_meta":{"origin":13932,"position":1},"title":"Lauriers de Platine Terravin 2015  Un F\u00e9chy joue le remake de 2013","date":"19 novembre 2015","format":false,"excerpt":"Comme en 2013, un F\u00e9chy AOC La C\u00f4te a coiff\u00e9 trois Lavaux AOC. Un vin de marque, de la maison Bolle & Cie, s\u2019impose devant deux Grands Crus du Domaine Croix-Duplex, un Epesses et un Calamin\u2026 qui l'avait emport\u00e9 en 2010 dans cette comp\u00e9tition du \u00abmeilleur chasselas vaudois\u00bb. Par Pierre\u2026","rel":"","context":"Dans &quot;Actus - News&quot;","img":{"alt_text":"","src":"","width":0,"height":0},"classes":[]},{"id":14320,"url":"https:\/\/thomasvino.ch\/?p=14320","url_meta":{"origin":13932,"position":2},"title":"Lauriers de Platine Terravin rouge 2017\u00a0: double coup de Bol(le)","date":"15 mai 2017","format":false,"excerpt":"Dans un concours, surtout quand une vingtaine de d\u00e9gustateurs se prononcent, il faut de la chance pour d\u00e9crocher le titre de meilleur vin. A Soleure, lors des premiers Lauriers de Platine rouges du label vaudois Terravin, la Maison Bolle, \u00e0 Morges, en a eu, du\u2026 bol. Deux de ses vins,\u2026","rel":"","context":"Dans &quot;Vins suisses&quot;","img":{"alt_text":"","src":"https:\/\/i0.wp.com\/thomasvino.ch\/wp-content\/uploads\/2017\/05\/hg_andy-zaugg-300x266.jpg?resize=350%2C200&ssl=1","width":350,"height":200},"classes":[]},{"id":15408,"url":"https:\/\/thomasvino.ch\/?p=15408","url_meta":{"origin":13932,"position":3},"title":"Des Lauriers de Platine 2018 tr\u00e8s disput\u00e9s","date":"16 novembre 2018","format":false,"excerpt":"Est-ce le mill\u00e9sime, 2017? Est-ce le mode de s\u00e9lection de la finale, plus pr\u00e9cis\u00a0? Toujours est-il que les Lauriers de Platine du Label Terravin, nous ont paru plus disput\u00e9s que lors des dix pr\u00e9c\u00e9dentes \u00e9ditions, \u00e0 Crissier. Verdict\u00a0: deux vins du Chablais, un Villeneuse devant un Yvorne, s\u2019imposent. Par Pierre\u2026","rel":"","context":"Dans &quot;Vins suisses&quot;","img":{"alt_text":"","src":"https:\/\/i0.wp.com\/thomasvino.ch\/wp-content\/uploads\/2018\/11\/IMG_7577-300x225.jpg?resize=350%2C200&ssl=1","width":350,"height":200},"classes":[]},{"id":9094,"url":"https:\/\/thomasvino.ch\/?p=9094","url_meta":{"origin":13932,"position":4},"title":"Un Calamin meilleur chasselas vaudois 2009","date":"25 novembre 2010","format":false,"excerpt":"Lauriers de Platine du label Terravin Le Calamin 09 de Jean Vogel & Fils, champion des chasselas vaudois Jeudi 25 novembre 2010, le chef Philippe Rochat, laur\u00e9at du M\u00e9rite vaudois, a lev\u00e9 le voile sur le champion des chasselas vaudois soumis aux commissions du label Terravin. Au terme d\u2019une joute\u2026","rel":"","context":"Dans &quot;Actus - News&quot;","img":{"alt_text":"site_terravinplat10a.jpg","src":"img\/site_terravinplat10a.jpg","width":350,"height":200},"classes":[]},{"id":8986,"url":"https:\/\/thomasvino.ch\/?p=8986","url_meta":{"origin":13932,"position":5},"title":"Vaud \u2014 Un Yvorne, roi de Terravin","date":"31 d\u00e9cembre 2009","format":false,"excerpt":"Lauriers de platine 2009 du label Terravin Honneur au chasselas vaudois Pour la deuxi\u00e8me fois, le label des vins vaudois, Terravin, a d\u00e9sign\u00e9 le meilleur chasselas vaudois 2008. Le titre, les \u00ablauriers de platine\u00bb, \u00e9choit \u00e0 l\u2019Yvorne Chant des Resses, des Artisans vignerons d\u2019Yvorne (AVY). Par Pierre Thomas Pourquoi \u00abLauriers\u2026","rel":"","context":"Dans &quot;Vins suisses&quot;","img":{"alt_text":"","src":"","width":0,"height":0},"classes":[]}],"_links":{"self":[{"href":"https:\/\/thomasvino.ch\/index.php?rest_route=\/wp\/v2\/posts\/13932"}],"collection":[{"href":"https:\/\/thomasvino.ch\/index.php?rest_route=\/wp\/v2\/posts"}],"about":[{"href":"https:\/\/thomasvino.ch\/index.php?rest_route=\/wp\/v2\/types\/post"}],"author":[{"embeddable":true,"href":"https:\/\/thomasvino.ch\/index.php?rest_route=\/wp\/v2\/users\/3"}],"replies":[{"embeddable":true,"href":"https:\/\/thomasvino.ch\/index.php?rest_route=%2Fwp%2Fv2%2Fcomments&post=13932"}],"version-history":[{"count":0,"href":"https:\/\/thomasvino.ch\/index.php?rest_route=\/wp\/v2\/posts\/13932\/revisions"}],"wp:attachment":[{"href":"https:\/\/thomasvino.ch\/index.php?rest_route=%2Fwp%2Fv2%2Fmedia&parent=13932"}],"wp:term":[{"taxonomy":"category","embeddable":true,"href":"https:\/\/thomasvino.ch\/index.php?rest_route=%2Fwp%2Fv2%2Fcategories&post=13932"},{"taxonomy":"post_tag","embeddable":true,"href":"https:\/\/thomasvino.ch\/index.php?rest_route=%2Fwp%2Fv2%2Ftags&post=13932"}],"curies":[{"name":"wp","href":"https:\/\/api.w.org\/{rel}","templated":true}]}}