{"id":13942,"date":"2016-11-25T09:09:48","date_gmt":"2016-11-25T08:09:48","guid":{"rendered":"http:\/\/www.thomasvino.ch\/?p=13942"},"modified":"2016-11-25T09:10:38","modified_gmt":"2016-11-25T08:10:38","slug":"provins-fait-ses-gammes","status":"publish","type":"post","link":"https:\/\/thomasvino.ch\/?p=13942","title":{"rendered":"Provins fait ses gammes"},"content":{"rendered":"<p><strong>Aujourd&rsquo;hui, vendredi 25 novembre, de 15 \u00e0 21 h, et demain, samedi, d\u00e8s 10 h \u00e0 15 h., la coop\u00e9rative Provins-Valais proc\u00e8de \u00e0 sa \u00abvente au quai\u00bb en \u00abcash &amp; carry\u00bb (5% de rabais), dans son b\u00e2timent principal, derri\u00e8re la gare de Sion.<\/strong><\/p>\n<p>L&rsquo;occasion d&rsquo;acheter son vin valaisan quotidien, mais surtout de \u00abtaper\u00bb dans le haut de gamme, puisque <strong>Les Titans<\/strong>, d\u00e9sormais \u00e9lev\u00e9s, par l&rsquo;\u0153nologue <strong>Luc Sermier<\/strong>, dans une galerie au pied du barrage de la Grande-Dixence, seront pr\u00e9sents, dans leurs derniers mill\u00e9simes, tous vendus \u00e0 36.90 fr.: l&rsquo;assemblage blanc 2015, l&rsquo;assemblage rouge 2013 (D\u00e9fi Noir), la petite arvine en barriques 2013, le pinot noir et le merlot, \u00e9galement de 2013.<\/p>\n<p>Rev\u00eatu de la r\u00e9putation de <em>\u00abvin le plus cher de Suisse\u00bb \u2014 <\/em>et qualifi\u00e9 l&rsquo;autre jour par un confr\u00e8re de <em>\u00abvin de snob\u00bb<\/em> \u2014 mais dont le prix a notablement baiss\u00e9 depuis son lancement, <strong>Electus<\/strong>, sera propos\u00e9 \u00e0 150 fr., dans sa deuxi\u00e8me version, 2011, <em><strong><a href=\"http:\/\/www.thomasvino.ch\/?p=12999\">\u00abdop\u00e9e par la syrah\u00bb<\/a><\/strong><\/em>, comme nous l&rsquo;\u00e9crivions, avec la derni\u00e8re version de son assemblage blanc, la 2015, d&rsquo;<strong>Eclat<\/strong> (le nom choisi pour l&rsquo;Electus blanc&#8230;\u00e0 75 fr.). On attend, du reste, avec impatience les autres mill\u00e9simes que ce 2011&#8230;<\/p>\n<p>Enfin, pr\u00e9sent\u00e9 comme un nouveau vin, la <strong>Grande R\u00e9serve<\/strong> rouge, de la gamme Ma\u00eetre de chais, est en fait le Rouge d&rsquo;Enfer \u00e9lev\u00e9 plus longuement en f\u00fbts que la version de base, et pr\u00e9sent\u00e9 pour la premi\u00e8re fois dans le mill\u00e9sime 2009.<\/p>\n<p>Et si les ventes au quai se multiplient chez tous les n\u00e9gociants de Suisse romande, Provins-Valais en est \u00e0 sa dix-neuvi\u00e8me&#8230;<\/p>\n<p><em>\u00a9thomasvino.ch<\/em><\/p>\n<p>&nbsp;<\/p>\n","protected":false},"excerpt":{"rendered":"<p>Aujourd&rsquo;hui, vendredi 25 novembre, de 15 \u00e0 21 h, et demain, samedi, d\u00e8s 10 h \u00e0 15 h., la coop\u00e9rative Provins-Valais proc\u00e8de \u00e0 sa \u00abvente au quai\u00bb en \u00abcash &amp; carry\u00bb (5% de rabais), dans son b\u00e2timent principal, derri\u00e8re la gare de Sion. L&rsquo;occasion d&rsquo;acheter son vin valaisan quotidien, mais surtout de \u00abtaper\u00bb dans le [&hellip;]<\/p>\n","protected":false},"author":3,"featured_media":0,"comment_status":"closed","ping_status":"open","sticky":false,"template":"","format":"standard","meta":{"_monsterinsights_skip_tracking":false,"_monsterinsights_sitenote_active":false,"_monsterinsights_sitenote_note":"","_monsterinsights_sitenote_category":0,"jetpack_post_was_ever_published":false,"jetpack_publicize_message":"","jetpack_is_tweetstorm":false,"jetpack_publicize_feature_enabled":true,"jetpack_social_post_already_shared":true,"jetpack_social_options":{"image_generator_settings":{"template":"highway","enabled":false}}},"categories":[15],"tags":[],"jetpack_publicize_connections":[],"yoast_head":"<!-- This site is optimized with the Yoast SEO plugin v20.6 - https:\/\/yoast.com\/wordpress\/plugins\/seo\/ -->\n<title>Provins fait ses gammes - thomasvino<\/title>\n<meta name=\"robots\" content=\"index, follow, max-snippet:-1, max-image-preview:large, max-video-preview:-1\" \/>\n<link rel=\"canonical\" href=\"https:\/\/thomasvino.ch\/?p=13942\" \/>\n<meta property=\"og:locale\" content=\"fr_FR\" \/>\n<meta property=\"og:type\" content=\"article\" \/>\n<meta property=\"og:title\" content=\"Provins fait ses gammes - thomasvino\" \/>\n<meta property=\"og:description\" content=\"Aujourd&rsquo;hui, vendredi 25 novembre, de 15 \u00e0 21 h, et demain, samedi, d\u00e8s 10 h \u00e0 15 h., la coop\u00e9rative Provins-Valais proc\u00e8de \u00e0 sa \u00abvente au quai\u00bb en \u00abcash &amp; carry\u00bb (5% de rabais), dans son b\u00e2timent principal, derri\u00e8re la gare de Sion. L&rsquo;occasion d&rsquo;acheter son vin valaisan quotidien, mais surtout de \u00abtaper\u00bb dans le [&hellip;]\" \/>\n<meta property=\"og:url\" content=\"https:\/\/thomasvino.ch\/?p=13942\" \/>\n<meta property=\"og:site_name\" content=\"thomasvino\" \/>\n<meta property=\"article:published_time\" content=\"2016-11-25T08:09:48+00:00\" \/>\n<meta property=\"article:modified_time\" content=\"2016-11-25T08:10:38+00:00\" \/>\n<meta name=\"author\" content=\"Pierre Thomas\" \/>\n<meta name=\"twitter:label1\" content=\"\u00c9crit par\" \/>\n\t<meta name=\"twitter:data1\" content=\"Pierre Thomas\" \/>\n\t<meta name=\"twitter:label2\" content=\"Dur\u00e9e de lecture estim\u00e9e\" \/>\n\t<meta name=\"twitter:data2\" content=\"1 minute\" \/>\n<script type=\"application\/ld+json\" class=\"yoast-schema-graph\">{\"@context\":\"https:\/\/schema.org\",\"@graph\":[{\"@type\":\"WebPage\",\"@id\":\"https:\/\/thomasvino.ch\/?p=13942\",\"url\":\"https:\/\/thomasvino.ch\/?p=13942\",\"name\":\"Provins fait ses gammes - thomasvino\",\"isPartOf\":{\"@id\":\"https:\/\/thomasvino.ch\/#website\"},\"datePublished\":\"2016-11-25T08:09:48+00:00\",\"dateModified\":\"2016-11-25T08:10:38+00:00\",\"author\":{\"@id\":\"https:\/\/thomasvino.ch\/#\/schema\/person\/670bf4486fe81152cf1d68bd585e062e\"},\"breadcrumb\":{\"@id\":\"https:\/\/thomasvino.ch\/?p=13942#breadcrumb\"},\"inLanguage\":\"fr-FR\",\"potentialAction\":[{\"@type\":\"ReadAction\",\"target\":[\"https:\/\/thomasvino.ch\/?p=13942\"]}]},{\"@type\":\"BreadcrumbList\",\"@id\":\"https:\/\/thomasvino.ch\/?p=13942#breadcrumb\",\"itemListElement\":[{\"@type\":\"ListItem\",\"position\":1,\"name\":\"Accueil\",\"item\":\"https:\/\/thomasvino.ch\/\"},{\"@type\":\"ListItem\",\"position\":2,\"name\":\"Provins fait ses gammes\"}]},{\"@type\":\"WebSite\",\"@id\":\"https:\/\/thomasvino.ch\/#website\",\"url\":\"https:\/\/thomasvino.ch\/\",\"name\":\"thomasvino\",\"description\":\"Vins &amp; Gastronomie\",\"potentialAction\":[{\"@type\":\"SearchAction\",\"target\":{\"@type\":\"EntryPoint\",\"urlTemplate\":\"https:\/\/thomasvino.ch\/?s={search_term_string}\"},\"query-input\":\"required name=search_term_string\"}],\"inLanguage\":\"fr-FR\"},{\"@type\":\"Person\",\"@id\":\"https:\/\/thomasvino.ch\/#\/schema\/person\/670bf4486fe81152cf1d68bd585e062e\",\"name\":\"Pierre Thomas\",\"image\":{\"@type\":\"ImageObject\",\"inLanguage\":\"fr-FR\",\"@id\":\"https:\/\/thomasvino.ch\/#\/schema\/person\/image\/\",\"url\":\"https:\/\/secure.gravatar.com\/avatar\/91fd5a76647f140e53db987a0dead4d7?s=96&d=mm&r=g\",\"contentUrl\":\"https:\/\/secure.gravatar.com\/avatar\/91fd5a76647f140e53db987a0dead4d7?s=96&d=mm&r=g\",\"caption\":\"Pierre Thomas\"},\"url\":\"https:\/\/thomasvino.ch\/?author=3\"}]}<\/script>\n<!-- \/ Yoast SEO plugin. -->","yoast_head_json":{"title":"Provins fait ses gammes - thomasvino","robots":{"index":"index","follow":"follow","max-snippet":"max-snippet:-1","max-image-preview":"max-image-preview:large","max-video-preview":"max-video-preview:-1"},"canonical":"https:\/\/thomasvino.ch\/?p=13942","og_locale":"fr_FR","og_type":"article","og_title":"Provins fait ses gammes - thomasvino","og_description":"Aujourd&rsquo;hui, vendredi 25 novembre, de 15 \u00e0 21 h, et demain, samedi, d\u00e8s 10 h \u00e0 15 h., la coop\u00e9rative Provins-Valais proc\u00e8de \u00e0 sa \u00abvente au quai\u00bb en \u00abcash &amp; carry\u00bb (5% de rabais), dans son b\u00e2timent principal, derri\u00e8re la gare de Sion. L&rsquo;occasion d&rsquo;acheter son vin valaisan quotidien, mais surtout de \u00abtaper\u00bb dans le [&hellip;]","og_url":"https:\/\/thomasvino.ch\/?p=13942","og_site_name":"thomasvino","article_published_time":"2016-11-25T08:09:48+00:00","article_modified_time":"2016-11-25T08:10:38+00:00","author":"Pierre Thomas","twitter_misc":{"\u00c9crit par":"Pierre Thomas","Dur\u00e9e de lecture estim\u00e9e":"1 minute"},"schema":{"@context":"https:\/\/schema.org","@graph":[{"@type":"WebPage","@id":"https:\/\/thomasvino.ch\/?p=13942","url":"https:\/\/thomasvino.ch\/?p=13942","name":"Provins fait ses gammes - thomasvino","isPartOf":{"@id":"https:\/\/thomasvino.ch\/#website"},"datePublished":"2016-11-25T08:09:48+00:00","dateModified":"2016-11-25T08:10:38+00:00","author":{"@id":"https:\/\/thomasvino.ch\/#\/schema\/person\/670bf4486fe81152cf1d68bd585e062e"},"breadcrumb":{"@id":"https:\/\/thomasvino.ch\/?p=13942#breadcrumb"},"inLanguage":"fr-FR","potentialAction":[{"@type":"ReadAction","target":["https:\/\/thomasvino.ch\/?p=13942"]}]},{"@type":"BreadcrumbList","@id":"https:\/\/thomasvino.ch\/?p=13942#breadcrumb","itemListElement":[{"@type":"ListItem","position":1,"name":"Accueil","item":"https:\/\/thomasvino.ch\/"},{"@type":"ListItem","position":2,"name":"Provins fait ses gammes"}]},{"@type":"WebSite","@id":"https:\/\/thomasvino.ch\/#website","url":"https:\/\/thomasvino.ch\/","name":"thomasvino","description":"Vins &amp; Gastronomie","potentialAction":[{"@type":"SearchAction","target":{"@type":"EntryPoint","urlTemplate":"https:\/\/thomasvino.ch\/?s={search_term_string}"},"query-input":"required name=search_term_string"}],"inLanguage":"fr-FR"},{"@type":"Person","@id":"https:\/\/thomasvino.ch\/#\/schema\/person\/670bf4486fe81152cf1d68bd585e062e","name":"Pierre Thomas","image":{"@type":"ImageObject","inLanguage":"fr-FR","@id":"https:\/\/thomasvino.ch\/#\/schema\/person\/image\/","url":"https:\/\/secure.gravatar.com\/avatar\/91fd5a76647f140e53db987a0dead4d7?s=96&d=mm&r=g","contentUrl":"https:\/\/secure.gravatar.com\/avatar\/91fd5a76647f140e53db987a0dead4d7?s=96&d=mm&r=g","caption":"Pierre Thomas"},"url":"https:\/\/thomasvino.ch\/?author=3"}]}},"jetpack_featured_media_url":"","jetpack_sharing_enabled":true,"jetpack_shortlink":"https:\/\/wp.me\/p3m4tZ-3CS","jetpack_likes_enabled":false,"jetpack-related-posts":[{"id":12973,"url":"https:\/\/thomasvino.ch\/?p=12973","url_meta":{"origin":13942,"position":0},"title":"Provins-Valais, reine des vins de montagne","date":"28 ao\u00fbt 2015","format":false,"excerpt":"Une fois de plus, dira-t-on, Provins remporte la palme de cave la plus titr\u00e9e de Suisse au Concours des vins de montagne du CERVIM, \u00e0 Aoste. Et pendant ce temps-l\u00e0, sur le mode d\u2019\u00e9levage en altitude de la ligne Les Titans, un ch\u00e2teau bordelais a plac\u00e9 quelques barriques dans les\u2026","rel":"","context":"Dans &quot;Actus - News&quot;","img":{"alt_text":"","src":"https:\/\/i0.wp.com\/www.thomasvino.ch\/wp-content\/uploads\/2015\/08\/LesTitans\u00c2\u00a9photo-genicolivier.maire_-300x200.jpg?resize=350%2C200","width":350,"height":200},"classes":[]},{"id":10581,"url":"https:\/\/thomasvino.ch\/?p=10581","url_meta":{"origin":13942,"position":1},"title":"Vins valaisans hauts de gamme: \u00e9levage ou terroir?","date":"25 avril 2013","format":false,"excerpt":"Les deux principales entreprises vitivinicoles du Valais, la coop\u00e9rative Provins et les Domaines Rouvinez compl\u00e8tent leur assortiment par des vins haut de gamme, \u00e0 l\u2019historique singulier. La premi\u00e8re, avec sa ligne de cinq vins blancs et rouges, Les Titans, que Luc Sermier d\u00e9finit comme des \u00abvins d\u2019\u00e9levage\u00bb d\u2019une grande originalit\u00e9.\u2026","rel":"","context":"Dans &quot;Tendance&quot;","img":{"alt_text":"","src":"https:\/\/i0.wp.com\/www.thomasvino.ch\/wp-content\/uploads\/2013\/04\/sermier2-300x225.jpg?resize=350%2C200","width":350,"height":200},"classes":[]},{"id":16872,"url":"https:\/\/thomasvino.ch\/?p=16872","url_meta":{"origin":13942,"position":2},"title":"DWWA 2020 \u00e0 Londres\u00a0: Provins en verve","date":"10 octobre 2020","format":false,"excerpt":"A ceux qui pourraient craindre que Provins, l\u2019ex-coop\u00e9rative valaisanne, devenue soci\u00e9t\u00e9 anonyme dans la coop\u00e9rative agricole Fenaco, va chuter en qualit\u00e9, les 17\u00e8mems Decanter World Wine Awards 2020, \u00e0 Londres, apportent un d\u00e9menti cinglant. On voit mal les nouveaux dirigeants sacrifier de telles p\u00e9pites\u2026 C\u2019est le vin liquoreux (150 g.\u2026","rel":"","context":"Dans &quot;Actus - News&quot;","img":{"alt_text":"","src":"","width":0,"height":0},"classes":[]},{"id":13623,"url":"https:\/\/thomasvino.ch\/?p=13623","url_meta":{"origin":13942,"position":3},"title":"Decanter Awards 2016 : un merlot du Tessin et des Valaisans en force","date":"2 juin 2016","format":false,"excerpt":"Le magazine Decanter (et son site Internet) r\u00e9servent depuis deux ans une cat\u00e9gorie aux vins suisses, ce qui leur permet d\u2019obtenir des m\u00e9dailles, lors de d\u00e9gustations organis\u00e9es \u00e0 Londres. 183 vins \u00e9taient en lice et 8 vins ont obtenu des m\u00e9dailles d\u2019or (95\/100 et plus). Le titre de meilleur vin\u2026","rel":"","context":"Dans &quot;Actus - News&quot;","img":{"alt_text":"","src":"","width":0,"height":0},"classes":[]},{"id":9663,"url":"https:\/\/thomasvino.ch\/?p=9663","url_meta":{"origin":13942,"position":4},"title":"Valais \u2014 Provins f\u00eate ses 75 ans","date":"8 septembre 2005","format":false,"excerpt":"Provins-Valais f\u00eate ses 75 ans La coop\u00e9rative qui tire le Valais \u00abQuand Provins \u00e9ternue, le Valais s\u2019enrhume\u00bb, disent les vignerons du Vieux-Pays. La r\u00e9union en coop\u00e9ratives des viticulteurs valaisans a marqu\u00e9 durablement l\u2019essor de la vigne. Retour sur trois quarts o\u00f9 l\u2019Histoire balbutie. Par Pierre Thomas Aux origines de Provins,\u2026","rel":"","context":"Dans &quot;Vins suisses&quot;","img":{"alt_text":"","src":"","width":0,"height":0},"classes":[]},{"id":15830,"url":"https:\/\/thomasvino.ch\/?p=15830","url_meta":{"origin":13942,"position":5},"title":"Decanter convient bien \u00e0 Salquenen","date":"23 mai 2019","format":false,"excerpt":"Les vins (hauts-)valaisans et tessinois ont rafl\u00e9 l\u2019essentiel des m\u00e9dailles d\u2019or des Decanter Awards 2019, jug\u00e9s \u00e0 Londres. Cette s\u00e9lection est \u00e0 la fois tr\u00e8s s\u00e9v\u00e8re, avec moins de 1% des vins en Platinum, et moins de 3% des vins en Or. Et tr\u00e8s g\u00e9n\u00e9reuse en argent (25%) et, au-del\u00e0\u2026","rel":"","context":"Dans &quot;Actus - News&quot;","img":{"alt_text":"","src":"","width":0,"height":0},"classes":[]}],"_links":{"self":[{"href":"https:\/\/thomasvino.ch\/index.php?rest_route=\/wp\/v2\/posts\/13942"}],"collection":[{"href":"https:\/\/thomasvino.ch\/index.php?rest_route=\/wp\/v2\/posts"}],"about":[{"href":"https:\/\/thomasvino.ch\/index.php?rest_route=\/wp\/v2\/types\/post"}],"author":[{"embeddable":true,"href":"https:\/\/thomasvino.ch\/index.php?rest_route=\/wp\/v2\/users\/3"}],"replies":[{"embeddable":true,"href":"https:\/\/thomasvino.ch\/index.php?rest_route=%2Fwp%2Fv2%2Fcomments&post=13942"}],"version-history":[{"count":0,"href":"https:\/\/thomasvino.ch\/index.php?rest_route=\/wp\/v2\/posts\/13942\/revisions"}],"wp:attachment":[{"href":"https:\/\/thomasvino.ch\/index.php?rest_route=%2Fwp%2Fv2%2Fmedia&parent=13942"}],"wp:term":[{"taxonomy":"category","embeddable":true,"href":"https:\/\/thomasvino.ch\/index.php?rest_route=%2Fwp%2Fv2%2Fcategories&post=13942"},{"taxonomy":"post_tag","embeddable":true,"href":"https:\/\/thomasvino.ch\/index.php?rest_route=%2Fwp%2Fv2%2Ftags&post=13942"}],"curies":[{"name":"wp","href":"https:\/\/api.w.org\/{rel}","templated":true}]}}